{"id":27956,"date":"2026-04-26T12:22:00","date_gmt":"2026-04-26T15:22:00","guid":{"rendered":"https:\/\/www.tuasaude.com\/news\/?p=27956"},"modified":"2026-04-25T15:00:31","modified_gmt":"2026-04-25T18:00:31","slug":"alimentos-que-participam-da-manutencao-da-memoria-e-da-saude-cerebral","status":"publish","type":"post","link":"https:\/\/www.tuasaude.com\/news\/2026\/04\/26\/alimentos-que-participam-da-manutencao-da-memoria-e-da-saude-cerebral\/","title":{"rendered":"Alimentos que participam da manuten\u00e7\u00e3o da mem\u00f3ria e da sa\u00fade cerebral"},"content":{"rendered":"\n<p>Manter a mem\u00f3ria afiada e o c\u00e9rebro saud\u00e1vel passa diretamente pelo prato. O \u00f3rg\u00e3o consome cerca de 20% da energia do corpo e precisa de nutrientes espec\u00edficos para formar neurotransmissores, fortalecer conex\u00f5es neurais e se defender do estresse oxidativo que acelera o envelhecimento cognitivo. A boa not\u00edcia \u00e9 que alimentos simples, acess\u00edveis e presentes na rotina brasileira t\u00eam a\u00e7\u00e3o neuroprotetora comprovada e podem ser aliados poderosos contra o decl\u00ednio mental.<\/p>\n\n\n\n<h2 class=\"wp-block-heading\">Por que a alimenta\u00e7\u00e3o influencia a mem\u00f3ria?<\/h2>\n\n\n\n<p>O c\u00e9rebro \u00e9 composto por aproximadamente 60% de gordura e depende de \u00e1cidos graxos, vitaminas do complexo B, antioxidantes e minerais para manter a integridade das c\u00e9lulas nervosas. Uma dieta rica em <a href=\"https:\/\/www.tuasaude.com\/alimentos-antioxidantes\/\" target=\"_blank\" rel=\"noreferrer noopener\">alimentos antioxidantes<\/a> ajuda a neutralizar radicais livres, reduz a inflama\u00e7\u00e3o cr\u00f4nica e preserva a comunica\u00e7\u00e3o entre os neur\u00f4nios.<\/p>\n\n\n\n<p>J\u00e1 padr\u00f5es alimentares pobres em nutrientes e ricos em ultraprocessados est\u00e3o associados a maior risco de dem\u00eancia, perda de mem\u00f3ria e dificuldade de concentra\u00e7\u00e3o ao longo da vida.<\/p>\n\n\n\n<h2 class=\"wp-block-heading\">Quais alimentos protegem a mem\u00f3ria?<\/h2>\n\n\n\n<p>Alguns grupos alimentares re\u00fanem a maior quantidade de compostos bioativos ligados \u00e0 sa\u00fade cognitiva. Inclu\u00ed-los de forma regular favorece a oxigena\u00e7\u00e3o cerebral, a plasticidade neural e a produ\u00e7\u00e3o de neurotransmissores como acetilcolina e dopamina.<\/p>\n\n\n<div class=\"wp-block-image\">\n<figure class=\"aligncenter size-large\"><img decoding=\"async\" width=\"1024\" height=\"608\" src=\"https:\/\/www.tuasaude.com\/news\/wp-content\/uploads\/2026\/04\/convertido-20-12-1024x608.jpg\" alt=\"Quais alimentos protegem a mem\u00f3ria?\" class=\"wp-image-27957\" srcset=\"https:\/\/www.tuasaude.com\/news\/wp-content\/uploads\/2026\/04\/convertido-20-12-1024x608.jpg 1024w, https:\/\/www.tuasaude.com\/news\/wp-content\/uploads\/2026\/04\/convertido-20-12-300x178.jpg 300w, https:\/\/www.tuasaude.com\/news\/wp-content\/uploads\/2026\/04\/convertido-20-12-768x456.jpg 768w, https:\/\/www.tuasaude.com\/news\/wp-content\/uploads\/2026\/04\/convertido-20-12-750x445.jpg 750w, https:\/\/www.tuasaude.com\/news\/wp-content\/uploads\/2026\/04\/convertido-20-12-1140x677.jpg 1140w, https:\/\/www.tuasaude.com\/news\/wp-content\/uploads\/2026\/04\/convertido-20-12.jpg 1280w\" sizes=\"(max-width: 1024px) 100vw, 1024px\" \/><figcaption class=\"wp-element-caption\">Quais alimentos protegem a mem\u00f3ria?<\/figcaption><\/figure>\n<\/div>\n\n\n<h2 class=\"wp-block-heading\">Como o \u00f4mega 3 atua no c\u00e9rebro?<\/h2>\n\n\n\n<p>O \u00f4mega 3 \u00e9 um dos nutrientes mais estudados quando o assunto \u00e9 cogni\u00e7\u00e3o. O DHA comp\u00f5e as membranas dos neur\u00f4nios e participa da transmiss\u00e3o de impulsos nervosos, enquanto o EPA tem a\u00e7\u00e3o anti-inflamat\u00f3ria sist\u00eamica. Conhe\u00e7a tamb\u00e9m as principais <a href=\"https:\/\/www.tuasaude.com\/alimentos-ricos-em-omega-3\/\" target=\"_blank\" rel=\"noreferrer noopener\">fontes de \u00f4mega 3<\/a> para incluir no card\u00e1pio.<\/p>\n\n\n\n<p>Uma defici\u00eancia prolongada desse \u00e1cido graxo pode estar associada a preju\u00edzos na mem\u00f3ria, no humor e na capacidade de aprendizado, sobretudo em idosos e gestantes.<\/p>\n\n\n\n<h2 class=\"wp-block-heading\">O que diz a ci\u00eancia sobre alimenta\u00e7\u00e3o e cogni\u00e7\u00e3o?<\/h2>\n\n\n\n<p>O papel da dieta na preserva\u00e7\u00e3o da mem\u00f3ria tem respaldo cient\u00edfico consistente. Segundo a revis\u00e3o sistem\u00e1tica <a href=\"https:\/\/pubmed.ncbi.nlm.nih.gov\/40644764\/\" target=\"_blank\" rel=\"noreferrer noopener\">The association between the MIND diet and cognitive health in middle-aged and older adults<\/a>, publicada no peri\u00f3dico Joint Bone Spine e indexada no PubMed, a ades\u00e3o \u00e0 dieta MIND (que combina princ\u00edpios da dieta mediterr\u00e2nea e da dieta DASH, com \u00eanfase em frutas vermelhas e folhas verdes) est\u00e1 associada a melhores resultados em cogni\u00e7\u00e3o global, mem\u00f3ria e fun\u00e7\u00f5es executivas.<\/p>\n\n\n\n<p>O trabalho analisou 39 estudos em 14 pa\u00edses e concluiu que esse padr\u00e3o alimentar pode auxiliar na preven\u00e7\u00e3o e no manejo do decl\u00ednio cognitivo, do Alzheimer e de outras dem\u00eancias.<\/p>\n\n\n<div class=\"wp-block-image\">\n<figure class=\"aligncenter size-large\"><img decoding=\"async\" width=\"1024\" height=\"571\" src=\"https:\/\/www.tuasaude.com\/news\/wp-content\/uploads\/2026\/04\/freepik_ilustracao-nao-fotorealis_2864457309-1024x571.jpg\" alt=\"Alimentos que participam da manuten\u00e7\u00e3o da mem\u00f3ria e da sa\u00fade cerebral\" class=\"wp-image-28227\" srcset=\"https:\/\/www.tuasaude.com\/news\/wp-content\/uploads\/2026\/04\/freepik_ilustracao-nao-fotorealis_2864457309-1024x571.jpg 1024w, https:\/\/www.tuasaude.com\/news\/wp-content\/uploads\/2026\/04\/freepik_ilustracao-nao-fotorealis_2864457309-300x167.jpg 300w, https:\/\/www.tuasaude.com\/news\/wp-content\/uploads\/2026\/04\/freepik_ilustracao-nao-fotorealis_2864457309-768x428.jpg 768w, https:\/\/www.tuasaude.com\/news\/wp-content\/uploads\/2026\/04\/freepik_ilustracao-nao-fotorealis_2864457309-750x418.jpg 750w, https:\/\/www.tuasaude.com\/news\/wp-content\/uploads\/2026\/04\/freepik_ilustracao-nao-fotorealis_2864457309-1140x636.jpg 1140w, https:\/\/www.tuasaude.com\/news\/wp-content\/uploads\/2026\/04\/freepik_ilustracao-nao-fotorealis_2864457309.jpg 1280w\" sizes=\"(max-width: 1024px) 100vw, 1024px\" \/><figcaption class=\"wp-element-caption\">\u00d4mega 3, antioxidantes e vitaminas s\u00e3o essenciais para o funcionamento cognitivo.<\/figcaption><\/figure>\n<\/div>\n\n\n<h2 class=\"wp-block-heading\">Como incluir esses alimentos no dia a dia?<\/h2>\n\n\n\n<p>Pequenos ajustes na rotina j\u00e1 trazem benef\u00edcios percept\u00edveis ao longo do tempo. A regularidade importa mais do que quantidade isolada, e combinar diferentes grupos potencializa a a\u00e7\u00e3o dos nutrientes. Vale tamb\u00e9m reduzir alimentos ultraprocessados, que favorecem inflama\u00e7\u00e3o e estresse oxidativo.<\/p>\n\n\n\n<ul class=\"wp-block-list\">\n<li>Consumir peixes gordurosos de 2 a 3 vezes por semana, preferencialmente assados ou grelhados.<\/li>\n\n\n\n<li>Adicionar um punhado de oleaginosas (cerca de 30 g) em lanches intermedi\u00e1rios.<\/li>\n\n\n\n<li>Incluir frutas vermelhas no caf\u00e9 da manh\u00e3, com iogurte natural ou aveia.<\/li>\n\n\n\n<li>Garantir ao menos uma por\u00e7\u00e3o de folhas verde-escuras no almo\u00e7o e no jantar.<\/li>\n\n\n\n<li>Trocar sobremesas industrializadas por um quadradinho de chocolate amargo.<\/li>\n\n\n\n<li>Temperar pratos com c\u00farcuma, alecrim e azeite de oliva extravirgem.<\/li>\n<\/ul>\n\n\n\n<p><em>Este conte\u00fado tem car\u00e1ter apenas informativo e n\u00e3o substitui a avalia\u00e7\u00e3o de um m\u00e9dico ou nutricionista. Antes de iniciar qualquer mudan\u00e7a alimentar, suplementa\u00e7\u00e3o ou tratamento, consulte um profissional de sa\u00fade qualificado.<\/em><\/p>\n","protected":false},"excerpt":{"rendered":"<p>Manter a mem\u00f3ria afiada e o c\u00e9rebro saud\u00e1vel passa diretamente pelo prato. O \u00f3rg\u00e3o consome cerca de 20% da energia do corpo e precisa de nutrientes espec\u00edficos para formar neurotransmissores, fortalecer conex\u00f5es neurais e se defender do estresse oxidativo que acelera o envelhecimento cognitivo. A boa not\u00edcia \u00e9 que alimentos simples, acess\u00edveis e presentes na [&hellip;]<\/p>\n","protected":false},"author":11,"featured_media":28226,"comment_status":"open","ping_status":"open","sticky":false,"template":"","format":"standard","meta":{"_yoast_wpseo_focuskw":"mem\u00f3ria","_yoast_wpseo_title":"","_yoast_wpseo_metadesc":"Uma alimenta\u00e7\u00e3o rica em nutrientes pode proteger a mem\u00f3ria e o c\u00e9rebro. Entenda quais alimentos incluir e como isso impacta sua cogni\u00e7\u00e3o.","jnews-multi-image_gallery":[],"jnews_single_post":{"format":"standard"},"jnews_primary_category":[],"jnews_social_meta":[],"jnews_override_counter":[],"footnotes":""},"categories":[111],"tags":[220,1026,136,1018],"class_list":["post-27956","post","type-post","status-publish","format-standard","has-post-thumbnail","hentry","category-saude","tag-alimentacao","tag-memoria","tag-saude","tag-saude-cerebral"],"yoast_head":"<!-- This site is optimized with the Yoast SEO plugin v26.7 - https:\/\/yoast.com\/wordpress\/plugins\/seo\/ -->\n<title>Alimentos que participam da manuten\u00e7\u00e3o da mem\u00f3ria e da sa\u00fade cerebral - Tua Sa\u00fade<\/title>\n<meta name=\"description\" content=\"Uma alimenta\u00e7\u00e3o rica em nutrientes pode proteger a mem\u00f3ria e o c\u00e9rebro. Entenda quais alimentos incluir e como isso impacta sua cogni\u00e7\u00e3o.\" \/>\n<meta name=\"robots\" content=\"index, follow, max-snippet:-1, max-image-preview:large, max-video-preview:-1\" \/>\n<link rel=\"canonical\" href=\"https:\/\/www.tuasaude.com\/news\/2026\/04\/26\/alimentos-que-participam-da-manutencao-da-memoria-e-da-saude-cerebral\/\" \/>\n<meta property=\"og:locale\" content=\"pt_BR\" \/>\n<meta property=\"og:type\" content=\"article\" \/>\n<meta property=\"og:title\" content=\"Alimentos que participam da manuten\u00e7\u00e3o da mem\u00f3ria e da sa\u00fade cerebral - Tua Sa\u00fade\" \/>\n<meta property=\"og:description\" content=\"Uma alimenta\u00e7\u00e3o rica em nutrientes pode proteger a mem\u00f3ria e o c\u00e9rebro. Entenda quais alimentos incluir e como isso impacta sua cogni\u00e7\u00e3o.\" \/>\n<meta property=\"og:url\" content=\"https:\/\/www.tuasaude.com\/news\/2026\/04\/26\/alimentos-que-participam-da-manutencao-da-memoria-e-da-saude-cerebral\/\" \/>\n<meta property=\"og:site_name\" content=\"Tua Sa\u00fade\" \/>\n<meta property=\"article:published_time\" content=\"2026-04-26T15:22:00+00:00\" \/>\n<meta property=\"og:image\" content=\"https:\/\/www.tuasaude.com\/news\/wp-content\/uploads\/2026\/04\/freepik_ilustracao-nao-fotorealis_2864457051.jpg\" \/>\n\t<meta property=\"og:image:width\" content=\"1280\" \/>\n\t<meta property=\"og:image:height\" content=\"714\" \/>\n\t<meta property=\"og:image:type\" content=\"image\/jpeg\" \/>\n<meta name=\"author\" content=\"Gessika Julia Carvalho\" \/>\n<meta name=\"twitter:card\" content=\"summary_large_image\" \/>\n<meta name=\"twitter:label1\" content=\"Escrito por\" \/>\n\t<meta name=\"twitter:data1\" content=\"Gessika Julia Carvalho\" \/>\n\t<meta name=\"twitter:label2\" content=\"Est. tempo de leitura\" \/>\n\t<meta name=\"twitter:data2\" content=\"4 minutos\" \/>\n<!-- \/ Yoast SEO plugin. -->","yoast_head_json":{"title":"Alimentos que participam da manuten\u00e7\u00e3o da mem\u00f3ria e da sa\u00fade cerebral - Tua Sa\u00fade","description":"Uma alimenta\u00e7\u00e3o rica em nutrientes pode proteger a mem\u00f3ria e o c\u00e9rebro. Entenda quais alimentos incluir e como isso impacta sua cogni\u00e7\u00e3o.","robots":{"index":"index","follow":"follow","max-snippet":"max-snippet:-1","max-image-preview":"max-image-preview:large","max-video-preview":"max-video-preview:-1"},"canonical":"https:\/\/www.tuasaude.com\/news\/2026\/04\/26\/alimentos-que-participam-da-manutencao-da-memoria-e-da-saude-cerebral\/","og_locale":"pt_BR","og_type":"article","og_title":"Alimentos que participam da manuten\u00e7\u00e3o da mem\u00f3ria e da sa\u00fade cerebral - Tua Sa\u00fade","og_description":"Uma alimenta\u00e7\u00e3o rica em nutrientes pode proteger a mem\u00f3ria e o c\u00e9rebro. Entenda quais alimentos incluir e como isso impacta sua cogni\u00e7\u00e3o.","og_url":"https:\/\/www.tuasaude.com\/news\/2026\/04\/26\/alimentos-que-participam-da-manutencao-da-memoria-e-da-saude-cerebral\/","og_site_name":"Tua Sa\u00fade","article_published_time":"2026-04-26T15:22:00+00:00","og_image":[{"width":1280,"height":714,"url":"https:\/\/www.tuasaude.com\/news\/wp-content\/uploads\/2026\/04\/freepik_ilustracao-nao-fotorealis_2864457051.jpg","type":"image\/jpeg"}],"author":"Gessika Julia Carvalho","twitter_card":"summary_large_image","twitter_misc":{"Escrito por":"Gessika Julia Carvalho","Est. tempo de leitura":"4 minutos"},"schema":{"@context":"https:\/\/schema.org","@graph":[{"@type":"Article","@id":"https:\/\/www.tuasaude.com\/news\/2026\/04\/26\/alimentos-que-participam-da-manutencao-da-memoria-e-da-saude-cerebral\/#article","isPartOf":{"@id":"https:\/\/www.tuasaude.com\/news\/2026\/04\/26\/alimentos-que-participam-da-manutencao-da-memoria-e-da-saude-cerebral\/"},"author":{"name":"Gessika Julia Carvalho","@id":"https:\/\/www.tuasaude.com\/news\/#\/schema\/person\/2e9df841be69ec84f5d20ddb8d273ac2"},"headline":"Alimentos que participam da manuten\u00e7\u00e3o da mem\u00f3ria e da sa\u00fade cerebral","datePublished":"2026-04-26T15:22:00+00:00","mainEntityOfPage":{"@id":"https:\/\/www.tuasaude.com\/news\/2026\/04\/26\/alimentos-que-participam-da-manutencao-da-memoria-e-da-saude-cerebral\/"},"wordCount":632,"commentCount":0,"image":{"@id":"https:\/\/www.tuasaude.com\/news\/2026\/04\/26\/alimentos-que-participam-da-manutencao-da-memoria-e-da-saude-cerebral\/#primaryimage"},"thumbnailUrl":"https:\/\/www.tuasaude.com\/news\/wp-content\/uploads\/2026\/04\/freepik_ilustracao-nao-fotorealis_2864457051.jpg","keywords":["Alimenta\u00e7\u00e3o","mem\u00f3ria","sa\u00fade","sa\u00fade cerebral"],"articleSection":["Sa\u00fade"],"inLanguage":"pt-BR","potentialAction":[{"@type":"CommentAction","name":"Comment","target":["https:\/\/www.tuasaude.com\/news\/2026\/04\/26\/alimentos-que-participam-da-manutencao-da-memoria-e-da-saude-cerebral\/#respond"]}]},{"@type":"WebPage","@id":"https:\/\/www.tuasaude.com\/news\/2026\/04\/26\/alimentos-que-participam-da-manutencao-da-memoria-e-da-saude-cerebral\/","url":"https:\/\/www.tuasaude.com\/news\/2026\/04\/26\/alimentos-que-participam-da-manutencao-da-memoria-e-da-saude-cerebral\/","name":"Alimentos que participam da manuten\u00e7\u00e3o da mem\u00f3ria e da sa\u00fade cerebral - Tua Sa\u00fade","isPartOf":{"@id":"https:\/\/www.tuasaude.com\/news\/#website"},"primaryImageOfPage":{"@id":"https:\/\/www.tuasaude.com\/news\/2026\/04\/26\/alimentos-que-participam-da-manutencao-da-memoria-e-da-saude-cerebral\/#primaryimage"},"image":{"@id":"https:\/\/www.tuasaude.com\/news\/2026\/04\/26\/alimentos-que-participam-da-manutencao-da-memoria-e-da-saude-cerebral\/#primaryimage"},"thumbnailUrl":"https:\/\/www.tuasaude.com\/news\/wp-content\/uploads\/2026\/04\/freepik_ilustracao-nao-fotorealis_2864457051.jpg","datePublished":"2026-04-26T15:22:00+00:00","author":{"@id":"https:\/\/www.tuasaude.com\/news\/#\/schema\/person\/2e9df841be69ec84f5d20ddb8d273ac2"},"description":"Uma alimenta\u00e7\u00e3o rica em nutrientes pode proteger a mem\u00f3ria e o c\u00e9rebro. Entenda quais alimentos incluir e como isso impacta sua cogni\u00e7\u00e3o.","breadcrumb":{"@id":"https:\/\/www.tuasaude.com\/news\/2026\/04\/26\/alimentos-que-participam-da-manutencao-da-memoria-e-da-saude-cerebral\/#breadcrumb"},"inLanguage":"pt-BR","potentialAction":[{"@type":"ReadAction","target":["https:\/\/www.tuasaude.com\/news\/2026\/04\/26\/alimentos-que-participam-da-manutencao-da-memoria-e-da-saude-cerebral\/"]}]},{"@type":"ImageObject","inLanguage":"pt-BR","@id":"https:\/\/www.tuasaude.com\/news\/2026\/04\/26\/alimentos-que-participam-da-manutencao-da-memoria-e-da-saude-cerebral\/#primaryimage","url":"https:\/\/www.tuasaude.com\/news\/wp-content\/uploads\/2026\/04\/freepik_ilustracao-nao-fotorealis_2864457051.jpg","contentUrl":"https:\/\/www.tuasaude.com\/news\/wp-content\/uploads\/2026\/04\/freepik_ilustracao-nao-fotorealis_2864457051.jpg","width":1280,"height":714,"caption":"Alimenta\u00e7\u00e3o rica em nutrientes ajuda a proteger a mem\u00f3ria e a sa\u00fade do c\u00e9rebro."},{"@type":"BreadcrumbList","@id":"https:\/\/www.tuasaude.com\/news\/2026\/04\/26\/alimentos-que-participam-da-manutencao-da-memoria-e-da-saude-cerebral\/#breadcrumb","itemListElement":[{"@type":"ListItem","position":1,"name":"In\u00edcio","item":"https:\/\/www.tuasaude.com\/news\/"},{"@type":"ListItem","position":2,"name":"Alimentos que participam da manuten\u00e7\u00e3o da mem\u00f3ria e da sa\u00fade cerebral"}]},{"@type":"WebSite","@id":"https:\/\/www.tuasaude.com\/news\/#website","url":"https:\/\/www.tuasaude.com\/news\/","name":"Tua Sa\u00fade","description":"Seu site de sa\u00fade","potentialAction":[{"@type":"SearchAction","target":{"@type":"EntryPoint","urlTemplate":"https:\/\/www.tuasaude.com\/news\/?s={search_term_string}"},"query-input":{"@type":"PropertyValueSpecification","valueRequired":true,"valueName":"search_term_string"}}],"inLanguage":"pt-BR"},{"@type":"Person","@id":"https:\/\/www.tuasaude.com\/news\/#\/schema\/person\/2e9df841be69ec84f5d20ddb8d273ac2","name":"Gessika Julia Carvalho","image":{"@type":"ImageObject","inLanguage":"pt-BR","@id":"https:\/\/www.tuasaude.com\/news\/#\/schema\/person\/image\/","url":"https:\/\/secure.gravatar.com\/avatar\/0fcc8769024577fd0bc6a8b766055690f76a8e8f29dfb2a2f89cf04db8d0f2d2?s=96&d=mm&r=g","contentUrl":"https:\/\/secure.gravatar.com\/avatar\/0fcc8769024577fd0bc6a8b766055690f76a8e8f29dfb2a2f89cf04db8d0f2d2?s=96&d=mm&r=g","caption":"Gessika Julia Carvalho"},"sameAs":["https:\/\/www.tuasaude.com\/news\/"],"url":"https:\/\/www.tuasaude.com\/news\/author\/gessika-julia\/"}]}},"_links":{"self":[{"href":"https:\/\/www.tuasaude.com\/news\/wp-json\/wp\/v2\/posts\/27956","targetHints":{"allow":["GET"]}}],"collection":[{"href":"https:\/\/www.tuasaude.com\/news\/wp-json\/wp\/v2\/posts"}],"about":[{"href":"https:\/\/www.tuasaude.com\/news\/wp-json\/wp\/v2\/types\/post"}],"author":[{"embeddable":true,"href":"https:\/\/www.tuasaude.com\/news\/wp-json\/wp\/v2\/users\/11"}],"replies":[{"embeddable":true,"href":"https:\/\/www.tuasaude.com\/news\/wp-json\/wp\/v2\/comments?post=27956"}],"version-history":[{"count":2,"href":"https:\/\/www.tuasaude.com\/news\/wp-json\/wp\/v2\/posts\/27956\/revisions"}],"predecessor-version":[{"id":28272,"href":"https:\/\/www.tuasaude.com\/news\/wp-json\/wp\/v2\/posts\/27956\/revisions\/28272"}],"wp:featuredmedia":[{"embeddable":true,"href":"https:\/\/www.tuasaude.com\/news\/wp-json\/wp\/v2\/media\/28226"}],"wp:attachment":[{"href":"https:\/\/www.tuasaude.com\/news\/wp-json\/wp\/v2\/media?parent=27956"}],"wp:term":[{"taxonomy":"category","embeddable":true,"href":"https:\/\/www.tuasaude.com\/news\/wp-json\/wp\/v2\/categories?post=27956"},{"taxonomy":"post_tag","embeddable":true,"href":"https:\/\/www.tuasaude.com\/news\/wp-json\/wp\/v2\/tags?post=27956"}],"curies":[{"name":"wp","href":"https:\/\/api.w.org\/{rel}","templated":true}]}}