{"id":27775,"date":"2026-04-26T11:40:00","date_gmt":"2026-04-26T14:40:00","guid":{"rendered":"https:\/\/www.tuasaude.com\/news\/?p=27775"},"modified":"2026-04-25T15:00:32","modified_gmt":"2026-04-25T18:00:32","slug":"de-acordo-com-a-ciencia-do-sono-por-que-voce-acorda-as-3-da-manha","status":"publish","type":"post","link":"https:\/\/www.tuasaude.com\/news\/2026\/04\/26\/de-acordo-com-a-ciencia-do-sono-por-que-voce-acorda-as-3-da-manha\/","title":{"rendered":"De acordo com a ci\u00eancia do sono, por que voc\u00ea acorda \u00e0s 3 da manh\u00e3?"},"content":{"rendered":"\n<p>Acordar sempre no mesmo hor\u00e1rio da madrugada, com o quarto escuro e a casa silenciosa, \u00e9 uma experi\u00eancia que assusta, mas que faz parte da fisiologia natural do sono. A maioria das pessoas desperta por alguns segundos v\u00e1rias vezes durante a noite e volta a dormir sem perceber. O problema come\u00e7a quando esses despertares se prolongam ou passam a ocorrer sempre no mesmo hor\u00e1rio, geralmente entre 2 e 4 da manh\u00e3. A ci\u00eancia do sono tem explica\u00e7\u00f5es claras para esse fen\u00f4meno, que envolve ciclos cerebrais, horm\u00f4nios e h\u00e1bitos da vida cotidiana.<\/p>\n\n\n\n<h2 class=\"wp-block-heading\">Como funcionam os ciclos do sono durante a noite?<\/h2>\n\n\n\n<p>O sono n\u00e3o acontece em linha cont\u00ednua, mas em ciclos de 90 a 110 minutos que se repetem de quatro a seis vezes por noite. Cada ciclo inclui sono leve, sono profundo e sono REM, fase em que acontecem os sonhos mais v\u00edvidos.<\/p>\n\n\n\n<p>Ao final de cada ciclo, o sono se torna mais superficial, aumentando a chance de um breve despertar. Como o sono profundo predomina na primeira metade da noite e diminui no amanhecer, acordar por volta das 3 horas da manh\u00e3 \u00e9 uma resposta natural do organismo e n\u00e3o um sinal de doen\u00e7a.<\/p>\n\n\n\n<h2 class=\"wp-block-heading\">Por que o cortisol contribui para o despertar na madrugada?<\/h2>\n\n\n\n<p>Nas primeiras horas da manh\u00e3, o corpo come\u00e7a a se preparar para acordar. Os n\u00edveis de cortisol, horm\u00f4nio associado ao alerta, sobem de forma fisiol\u00f3gica para facilitar o despertar. Esse aumento pode coincidir com o final de um ciclo mais leve, tornando a transi\u00e7\u00e3o para a vig\u00edlia mais percept\u00edvel.<\/p>\n\n\n\n<p>Quando a mente est\u00e1 sobrecarregada de preocupa\u00e7\u00f5es, um breve despertar pode evoluir para um estado de alerta completo. Reduzir o <a href=\"https:\/\/www.tuasaude.com\/como-baixar-o-cortisol\/\" target=\"_blank\" rel=\"noreferrer noopener\">cortisol alto<\/a> ao longo do dia ajuda o organismo a retomar o equil\u00edbrio hormonal noturno.<\/p>\n\n\n\n<h2 class=\"wp-block-heading\">O que a rotina di\u00e1ria tem a ver com o sono?<\/h2>\n\n\n\n<p>A forma como voc\u00ea vive o dia molda diretamente a qualidade da noite. O \u00e1lcool, por exemplo, parece facilitar o sono no come\u00e7o, mas aumenta os despertares na segunda metade da madrugada. A cafe\u00edna consumida \u00e0 tarde permanece no organismo por horas e pode interferir no sono mesmo seis horas ap\u00f3s o consumo.<\/p>\n\n\n\n<p>Outros fatores comuns incluem hor\u00e1rios irregulares, exposi\u00e7\u00e3o a telas antes de dormir, luz excessiva no quarto e temperatura inadequada do ambiente. Pequenos ajustes podem fazer grande diferen\u00e7a na continuidade do sono.<\/p>\n\n\n<div class=\"wp-block-image\">\n<figure class=\"aligncenter size-large\"><img decoding=\"async\" width=\"1024\" height=\"571\" src=\"https:\/\/www.tuasaude.com\/news\/wp-content\/uploads\/2026\/04\/freepik_ilustracao-nao-fotorealis_2864459487-1024x571.jpg\" alt=\"De acordo com a ci\u00eancia do sono, por que voc\u00ea acorda \u00e0s 3 da manh\u00e3?\" class=\"wp-image-28230\" srcset=\"https:\/\/www.tuasaude.com\/news\/wp-content\/uploads\/2026\/04\/freepik_ilustracao-nao-fotorealis_2864459487-1024x571.jpg 1024w, https:\/\/www.tuasaude.com\/news\/wp-content\/uploads\/2026\/04\/freepik_ilustracao-nao-fotorealis_2864459487-300x167.jpg 300w, https:\/\/www.tuasaude.com\/news\/wp-content\/uploads\/2026\/04\/freepik_ilustracao-nao-fotorealis_2864459487-768x428.jpg 768w, https:\/\/www.tuasaude.com\/news\/wp-content\/uploads\/2026\/04\/freepik_ilustracao-nao-fotorealis_2864459487-750x418.jpg 750w, https:\/\/www.tuasaude.com\/news\/wp-content\/uploads\/2026\/04\/freepik_ilustracao-nao-fotorealis_2864459487-1140x636.jpg 1140w, https:\/\/www.tuasaude.com\/news\/wp-content\/uploads\/2026\/04\/freepik_ilustracao-nao-fotorealis_2864459487.jpg 1280w\" sizes=\"(max-width: 1024px) 100vw, 1024px\" \/><figcaption class=\"wp-element-caption\">Cortisol e rotina influenciam despertares entre 2h e 4h da manh\u00e3.<\/figcaption><\/figure>\n<\/div>\n\n\n<h2 class=\"wp-block-heading\">Quando os despertares viram um ciclo vicioso?<\/h2>\n\n\n\n<p>Em algumas situa\u00e7\u00f5es, os despertares repetidos podem evoluir para ins\u00f4nia cr\u00f4nica. Ap\u00f3s v\u00e1rias noites em que a pessoa fica acordada e ansiosa, o c\u00e9rebro passa a associar a cama com tens\u00e3o, em vez de descanso. Olhar o rel\u00f3gio durante a noite, por exemplo, aumenta o alerta mental sem que a pessoa perceba.<\/p>\n\n\n\n<p>Entre os sinais de que os despertares merecem aten\u00e7\u00e3o profissional est\u00e3o:<\/p>\n\n\n<div class=\"wp-block-image\">\n<figure class=\"aligncenter size-large\"><img decoding=\"async\" width=\"1024\" height=\"382\" src=\"https:\/\/www.tuasaude.com\/news\/wp-content\/uploads\/2026\/04\/convertido-17-12-1024x382.jpg\" alt=\"Quando os despertares viram um ciclo vicioso?\" class=\"wp-image-27776\" srcset=\"https:\/\/www.tuasaude.com\/news\/wp-content\/uploads\/2026\/04\/convertido-17-12-1024x382.jpg 1024w, https:\/\/www.tuasaude.com\/news\/wp-content\/uploads\/2026\/04\/convertido-17-12-300x112.jpg 300w, https:\/\/www.tuasaude.com\/news\/wp-content\/uploads\/2026\/04\/convertido-17-12-768x287.jpg 768w, https:\/\/www.tuasaude.com\/news\/wp-content\/uploads\/2026\/04\/convertido-17-12-750x280.jpg 750w, https:\/\/www.tuasaude.com\/news\/wp-content\/uploads\/2026\/04\/convertido-17-12-1140x426.jpg 1140w, https:\/\/www.tuasaude.com\/news\/wp-content\/uploads\/2026\/04\/convertido-17-12.jpg 1280w\" sizes=\"(max-width: 1024px) 100vw, 1024px\" \/><figcaption class=\"wp-element-caption\">Quando os despertares viram um ciclo vicioso?<\/figcaption><\/figure>\n<\/div>\n\n\n<p>Nesses casos, vale procurar ajuda m\u00e9dica para descartar causas cl\u00ednicas e identificar poss\u00edveis sinais de <a href=\"https:\/\/www.tuasaude.com\/insonia\/\" target=\"_blank\" rel=\"noreferrer noopener\">ins\u00f4nia<\/a> que exigem tratamento.<\/p>\n\n\n\n<h2 class=\"wp-block-heading\">Como um estudo cient\u00edfico confirma a rela\u00e7\u00e3o entre cortisol e despertares?<\/h2>\n\n\n\n<p>A conex\u00e3o entre cortisol elevado e interrup\u00e7\u00f5es do sono vem sendo investigada em estudos que medem os horm\u00f4nios do estresse ao longo da noite em pessoas com e sem ins\u00f4nia. Esses trabalhos ajudam a entender por que alguns indiv\u00edduos acordam repetidamente no mesmo hor\u00e1rio.<\/p>\n\n\n\n<p>Segundo o estudo <a href=\"https:\/\/pubmed.ncbi.nlm.nih.gov\/11988351\/\" target=\"_blank\" rel=\"noreferrer noopener\">Interactions between evening and nocturnal cortisol secretion and sleep parameters in patients with severe chronic primary insomnia<\/a>, publicado no peri\u00f3dico <em>Journal of Psychiatric Research<\/em>, pacientes com ins\u00f4nia cr\u00f4nica apresentaram n\u00edveis significativamente mais altos de cortisol no fim da tarde e durante a noite quando comparados a pessoas com sono normal. Os pesquisadores encontraram correla\u00e7\u00e3o direta entre o cortisol da noite e o n\u00famero de despertares noturnos, sugerindo que o eixo do estresse atua como um gatilho fisiol\u00f3gico para acordar na madrugada. T\u00e9cnicas de respira\u00e7\u00e3o, medita\u00e7\u00e3o, exposi\u00e7\u00e3o \u00e0 luz solar pela manh\u00e3 e hor\u00e1rios regulares ajudam a reequilibrar esse sistema e favorecem o <a href=\"https:\/\/www.tuasaude.com\/como-dormir-melhor\/\" target=\"_blank\" rel=\"noreferrer noopener\">sono reparador<\/a>.<\/p>\n\n\n\n<p><em>Este conte\u00fado tem car\u00e1ter apenas informativo e n\u00e3o substitui a avalia\u00e7\u00e3o, o diagn\u00f3stico ou o tratamento realizado por um profissional de sa\u00fade qualificado. Consulte sempre um m\u00e9dico especialista em sono ou um psiquiatra caso os despertares noturnos persistam por mais de tr\u00eas semanas ou comprometam sua qualidade de vida.<\/em><\/p>\n\n\n\n<p><\/p>\n","protected":false},"excerpt":{"rendered":"<p>Acordar sempre no mesmo hor\u00e1rio da madrugada, com o quarto escuro e a casa silenciosa, \u00e9 uma experi\u00eancia que assusta, mas que faz parte da fisiologia natural do sono. A maioria das pessoas desperta por alguns segundos v\u00e1rias vezes durante a noite e volta a dormir sem perceber. O problema come\u00e7a quando esses despertares se [&hellip;]<\/p>\n","protected":false},"author":11,"featured_media":28229,"comment_status":"open","ping_status":"open","sticky":false,"template":"","format":"standard","meta":{"_yoast_wpseo_focuskw":"acordar \u00e0s 3 da manh\u00e3","_yoast_wpseo_title":"","_yoast_wpseo_metadesc":"Acordar \u00e0s 3 da manh\u00e3 pode estar ligado aos ciclos do sono e ao cortisol. Entenda por que isso acontece e quando merece aten\u00e7\u00e3o.","jnews-multi-image_gallery":[],"jnews_single_post":{"format":"standard"},"jnews_primary_category":[],"jnews_social_meta":[],"jnews_override_counter":[],"footnotes":""},"categories":[111],"tags":[265,136,1086,116],"class_list":["post-27775","post","type-post","status-publish","format-standard","has-post-thumbnail","hentry","category-saude","tag-ciclo-circadiano","tag-saude","tag-saude-do-sono","tag-sono"],"yoast_head":"<!-- This site is optimized with the Yoast SEO plugin v26.7 - https:\/\/yoast.com\/wordpress\/plugins\/seo\/ -->\n<title>De acordo com a ci\u00eancia do sono, por que voc\u00ea acorda \u00e0s 3 da manh\u00e3? - Tua Sa\u00fade<\/title>\n<meta name=\"description\" content=\"Acordar \u00e0s 3 da manh\u00e3 pode estar ligado aos ciclos do sono e ao cortisol. Entenda por que isso acontece e quando merece aten\u00e7\u00e3o.\" \/>\n<meta name=\"robots\" content=\"index, follow, max-snippet:-1, max-image-preview:large, max-video-preview:-1\" \/>\n<link rel=\"canonical\" href=\"https:\/\/www.tuasaude.com\/news\/2026\/04\/26\/de-acordo-com-a-ciencia-do-sono-por-que-voce-acorda-as-3-da-manha\/\" \/>\n<meta property=\"og:locale\" content=\"pt_BR\" \/>\n<meta property=\"og:type\" content=\"article\" \/>\n<meta property=\"og:title\" content=\"De acordo com a ci\u00eancia do sono, por que voc\u00ea acorda \u00e0s 3 da manh\u00e3? - Tua Sa\u00fade\" \/>\n<meta property=\"og:description\" content=\"Acordar \u00e0s 3 da manh\u00e3 pode estar ligado aos ciclos do sono e ao cortisol. Entenda por que isso acontece e quando merece aten\u00e7\u00e3o.\" \/>\n<meta property=\"og:url\" content=\"https:\/\/www.tuasaude.com\/news\/2026\/04\/26\/de-acordo-com-a-ciencia-do-sono-por-que-voce-acorda-as-3-da-manha\/\" \/>\n<meta property=\"og:site_name\" content=\"Tua Sa\u00fade\" \/>\n<meta property=\"article:published_time\" content=\"2026-04-26T14:40:00+00:00\" \/>\n<meta property=\"og:image\" content=\"https:\/\/www.tuasaude.com\/news\/wp-content\/uploads\/2026\/04\/freepik_ilustracao-nao-fotorealis_2864459213.jpg\" \/>\n\t<meta property=\"og:image:width\" content=\"1280\" \/>\n\t<meta property=\"og:image:height\" content=\"714\" \/>\n\t<meta property=\"og:image:type\" content=\"image\/jpeg\" \/>\n<meta name=\"author\" content=\"Gessika Julia Carvalho\" \/>\n<meta name=\"twitter:card\" content=\"summary_large_image\" \/>\n<meta name=\"twitter:label1\" content=\"Escrito por\" \/>\n\t<meta name=\"twitter:data1\" content=\"Gessika Julia Carvalho\" \/>\n\t<meta name=\"twitter:label2\" content=\"Est. tempo de leitura\" \/>\n\t<meta name=\"twitter:data2\" content=\"5 minutos\" \/>\n<!-- \/ Yoast SEO plugin. -->","yoast_head_json":{"title":"De acordo com a ci\u00eancia do sono, por que voc\u00ea acorda \u00e0s 3 da manh\u00e3? - Tua Sa\u00fade","description":"Acordar \u00e0s 3 da manh\u00e3 pode estar ligado aos ciclos do sono e ao cortisol. Entenda por que isso acontece e quando merece aten\u00e7\u00e3o.","robots":{"index":"index","follow":"follow","max-snippet":"max-snippet:-1","max-image-preview":"max-image-preview:large","max-video-preview":"max-video-preview:-1"},"canonical":"https:\/\/www.tuasaude.com\/news\/2026\/04\/26\/de-acordo-com-a-ciencia-do-sono-por-que-voce-acorda-as-3-da-manha\/","og_locale":"pt_BR","og_type":"article","og_title":"De acordo com a ci\u00eancia do sono, por que voc\u00ea acorda \u00e0s 3 da manh\u00e3? - Tua Sa\u00fade","og_description":"Acordar \u00e0s 3 da manh\u00e3 pode estar ligado aos ciclos do sono e ao cortisol. Entenda por que isso acontece e quando merece aten\u00e7\u00e3o.","og_url":"https:\/\/www.tuasaude.com\/news\/2026\/04\/26\/de-acordo-com-a-ciencia-do-sono-por-que-voce-acorda-as-3-da-manha\/","og_site_name":"Tua Sa\u00fade","article_published_time":"2026-04-26T14:40:00+00:00","og_image":[{"width":1280,"height":714,"url":"https:\/\/www.tuasaude.com\/news\/wp-content\/uploads\/2026\/04\/freepik_ilustracao-nao-fotorealis_2864459213.jpg","type":"image\/jpeg"}],"author":"Gessika Julia Carvalho","twitter_card":"summary_large_image","twitter_misc":{"Escrito por":"Gessika Julia Carvalho","Est. tempo de leitura":"5 minutos"},"schema":{"@context":"https:\/\/schema.org","@graph":[{"@type":"Article","@id":"https:\/\/www.tuasaude.com\/news\/2026\/04\/26\/de-acordo-com-a-ciencia-do-sono-por-que-voce-acorda-as-3-da-manha\/#article","isPartOf":{"@id":"https:\/\/www.tuasaude.com\/news\/2026\/04\/26\/de-acordo-com-a-ciencia-do-sono-por-que-voce-acorda-as-3-da-manha\/"},"author":{"name":"Gessika Julia Carvalho","@id":"https:\/\/www.tuasaude.com\/news\/#\/schema\/person\/2e9df841be69ec84f5d20ddb8d273ac2"},"headline":"De acordo com a ci\u00eancia do sono, por que voc\u00ea acorda \u00e0s 3 da manh\u00e3?","datePublished":"2026-04-26T14:40:00+00:00","mainEntityOfPage":{"@id":"https:\/\/www.tuasaude.com\/news\/2026\/04\/26\/de-acordo-com-a-ciencia-do-sono-por-que-voce-acorda-as-3-da-manha\/"},"wordCount":781,"commentCount":0,"image":{"@id":"https:\/\/www.tuasaude.com\/news\/2026\/04\/26\/de-acordo-com-a-ciencia-do-sono-por-que-voce-acorda-as-3-da-manha\/#primaryimage"},"thumbnailUrl":"https:\/\/www.tuasaude.com\/news\/wp-content\/uploads\/2026\/04\/freepik_ilustracao-nao-fotorealis_2864459213.jpg","keywords":["ciclo circadiano","sa\u00fade","sa\u00fade do sono","sono"],"articleSection":["Sa\u00fade"],"inLanguage":"pt-BR","potentialAction":[{"@type":"CommentAction","name":"Comment","target":["https:\/\/www.tuasaude.com\/news\/2026\/04\/26\/de-acordo-com-a-ciencia-do-sono-por-que-voce-acorda-as-3-da-manha\/#respond"]}]},{"@type":"WebPage","@id":"https:\/\/www.tuasaude.com\/news\/2026\/04\/26\/de-acordo-com-a-ciencia-do-sono-por-que-voce-acorda-as-3-da-manha\/","url":"https:\/\/www.tuasaude.com\/news\/2026\/04\/26\/de-acordo-com-a-ciencia-do-sono-por-que-voce-acorda-as-3-da-manha\/","name":"De acordo com a ci\u00eancia do sono, por que voc\u00ea acorda \u00e0s 3 da manh\u00e3? - Tua Sa\u00fade","isPartOf":{"@id":"https:\/\/www.tuasaude.com\/news\/#website"},"primaryImageOfPage":{"@id":"https:\/\/www.tuasaude.com\/news\/2026\/04\/26\/de-acordo-com-a-ciencia-do-sono-por-que-voce-acorda-as-3-da-manha\/#primaryimage"},"image":{"@id":"https:\/\/www.tuasaude.com\/news\/2026\/04\/26\/de-acordo-com-a-ciencia-do-sono-por-que-voce-acorda-as-3-da-manha\/#primaryimage"},"thumbnailUrl":"https:\/\/www.tuasaude.com\/news\/wp-content\/uploads\/2026\/04\/freepik_ilustracao-nao-fotorealis_2864459213.jpg","datePublished":"2026-04-26T14:40:00+00:00","author":{"@id":"https:\/\/www.tuasaude.com\/news\/#\/schema\/person\/2e9df841be69ec84f5d20ddb8d273ac2"},"description":"Acordar \u00e0s 3 da manh\u00e3 pode estar ligado aos ciclos do sono e ao cortisol. Entenda por que isso acontece e quando merece aten\u00e7\u00e3o.","breadcrumb":{"@id":"https:\/\/www.tuasaude.com\/news\/2026\/04\/26\/de-acordo-com-a-ciencia-do-sono-por-que-voce-acorda-as-3-da-manha\/#breadcrumb"},"inLanguage":"pt-BR","potentialAction":[{"@type":"ReadAction","target":["https:\/\/www.tuasaude.com\/news\/2026\/04\/26\/de-acordo-com-a-ciencia-do-sono-por-que-voce-acorda-as-3-da-manha\/"]}]},{"@type":"ImageObject","inLanguage":"pt-BR","@id":"https:\/\/www.tuasaude.com\/news\/2026\/04\/26\/de-acordo-com-a-ciencia-do-sono-por-que-voce-acorda-as-3-da-manha\/#primaryimage","url":"https:\/\/www.tuasaude.com\/news\/wp-content\/uploads\/2026\/04\/freepik_ilustracao-nao-fotorealis_2864459213.jpg","contentUrl":"https:\/\/www.tuasaude.com\/news\/wp-content\/uploads\/2026\/04\/freepik_ilustracao-nao-fotorealis_2864459213.jpg","width":1280,"height":714,"caption":"Ajustes nos h\u00e1bitos ajudam a melhorar o sono e reduzir acordares noturnos."},{"@type":"BreadcrumbList","@id":"https:\/\/www.tuasaude.com\/news\/2026\/04\/26\/de-acordo-com-a-ciencia-do-sono-por-que-voce-acorda-as-3-da-manha\/#breadcrumb","itemListElement":[{"@type":"ListItem","position":1,"name":"In\u00edcio","item":"https:\/\/www.tuasaude.com\/news\/"},{"@type":"ListItem","position":2,"name":"De acordo com a ci\u00eancia do sono, por que voc\u00ea acorda \u00e0s 3 da manh\u00e3?"}]},{"@type":"WebSite","@id":"https:\/\/www.tuasaude.com\/news\/#website","url":"https:\/\/www.tuasaude.com\/news\/","name":"Tua Sa\u00fade","description":"Seu site de sa\u00fade","potentialAction":[{"@type":"SearchAction","target":{"@type":"EntryPoint","urlTemplate":"https:\/\/www.tuasaude.com\/news\/?s={search_term_string}"},"query-input":{"@type":"PropertyValueSpecification","valueRequired":true,"valueName":"search_term_string"}}],"inLanguage":"pt-BR"},{"@type":"Person","@id":"https:\/\/www.tuasaude.com\/news\/#\/schema\/person\/2e9df841be69ec84f5d20ddb8d273ac2","name":"Gessika Julia Carvalho","image":{"@type":"ImageObject","inLanguage":"pt-BR","@id":"https:\/\/www.tuasaude.com\/news\/#\/schema\/person\/image\/","url":"https:\/\/secure.gravatar.com\/avatar\/0fcc8769024577fd0bc6a8b766055690f76a8e8f29dfb2a2f89cf04db8d0f2d2?s=96&d=mm&r=g","contentUrl":"https:\/\/secure.gravatar.com\/avatar\/0fcc8769024577fd0bc6a8b766055690f76a8e8f29dfb2a2f89cf04db8d0f2d2?s=96&d=mm&r=g","caption":"Gessika Julia Carvalho"},"sameAs":["https:\/\/www.tuasaude.com\/news\/"],"url":"https:\/\/www.tuasaude.com\/news\/author\/gessika-julia\/"}]}},"_links":{"self":[{"href":"https:\/\/www.tuasaude.com\/news\/wp-json\/wp\/v2\/posts\/27775","targetHints":{"allow":["GET"]}}],"collection":[{"href":"https:\/\/www.tuasaude.com\/news\/wp-json\/wp\/v2\/posts"}],"about":[{"href":"https:\/\/www.tuasaude.com\/news\/wp-json\/wp\/v2\/types\/post"}],"author":[{"embeddable":true,"href":"https:\/\/www.tuasaude.com\/news\/wp-json\/wp\/v2\/users\/11"}],"replies":[{"embeddable":true,"href":"https:\/\/www.tuasaude.com\/news\/wp-json\/wp\/v2\/comments?post=27775"}],"version-history":[{"count":2,"href":"https:\/\/www.tuasaude.com\/news\/wp-json\/wp\/v2\/posts\/27775\/revisions"}],"predecessor-version":[{"id":28274,"href":"https:\/\/www.tuasaude.com\/news\/wp-json\/wp\/v2\/posts\/27775\/revisions\/28274"}],"wp:featuredmedia":[{"embeddable":true,"href":"https:\/\/www.tuasaude.com\/news\/wp-json\/wp\/v2\/media\/28229"}],"wp:attachment":[{"href":"https:\/\/www.tuasaude.com\/news\/wp-json\/wp\/v2\/media?parent=27775"}],"wp:term":[{"taxonomy":"category","embeddable":true,"href":"https:\/\/www.tuasaude.com\/news\/wp-json\/wp\/v2\/categories?post=27775"},{"taxonomy":"post_tag","embeddable":true,"href":"https:\/\/www.tuasaude.com\/news\/wp-json\/wp\/v2\/tags?post=27775"}],"curies":[{"name":"wp","href":"https:\/\/api.w.org\/{rel}","templated":true}]}}