{"id":27647,"date":"2026-04-26T08:10:00","date_gmt":"2026-04-26T11:10:00","guid":{"rendered":"https:\/\/www.tuasaude.com\/news\/?p=27647"},"modified":"2026-04-25T16:21:40","modified_gmt":"2026-04-25T19:21:40","slug":"o-que-a-curcuma-em-jejum-faz-ao-figado-e-a-inflamacao-sistemica","status":"publish","type":"post","link":"https:\/\/www.tuasaude.com\/news\/2026\/04\/26\/o-que-a-curcuma-em-jejum-faz-ao-figado-e-a-inflamacao-sistemica\/","title":{"rendered":"O que a c\u00farcuma em jejum faz ao f\u00edgado e \u00e0 inflama\u00e7\u00e3o sist\u00eamica"},"content":{"rendered":"\n<p>A c\u00farcuma, tamb\u00e9m conhecida como a\u00e7afr\u00e3o-da-terra, deixou de ser apenas um tempero e hoje \u00e9 uma das especiarias mais estudadas pela ci\u00eancia pelos seus efeitos sobre o f\u00edgado e a inflama\u00e7\u00e3o cr\u00f4nica. Seu principal composto ativo, a curcumina, tem a\u00e7\u00e3o antioxidante e anti-inflamat\u00f3ria comprovada em ensaios cl\u00ednicos, mas sua absor\u00e7\u00e3o depende diretamente de como e quando \u00e9 consumida. Entender a forma correta de incluir a c\u00farcuma na rotina, inclusive em jejum, faz toda a diferen\u00e7a no aproveitamento dos seus benef\u00edcios.<\/p>\n\n\n\n<h2 class=\"wp-block-heading\">Como a curcumina age sobre o f\u00edgado?<\/h2>\n\n\n\n<p>A curcumina protege as c\u00e9lulas hep\u00e1ticas de tr\u00eas formas principais. Ela combate o estresse oxidativo, reduz marcadores inflamat\u00f3rios como o TNF-alfa e modula enzimas que participam da desintoxica\u00e7\u00e3o natural do \u00f3rg\u00e3o. Esse conjunto de a\u00e7\u00f5es ajuda a preservar a integridade dos hepat\u00f3citos.<\/p>\n\n\n\n<p>Estudos cl\u00ednicos t\u00eam mostrado que o uso cont\u00ednuo da especiaria contribui para reduzir enzimas hep\u00e1ticas elevadas, diminuir a gordura acumulada no \u00f3rg\u00e3o e melhorar a fun\u00e7\u00e3o geral do f\u00edgado, especialmente em pessoas com <a href=\"https:\/\/www.tuasaude.com\/gordura-no-figado\/\" target=\"_blank\" rel=\"noreferrer noopener\">gordura no f\u00edgado<\/a> em est\u00e1gio inicial.<\/p>\n\n\n\n<h2 class=\"wp-block-heading\">Tomar c\u00farcuma em jejum potencializa os efeitos?<\/h2>\n\n\n\n<p>A ci\u00eancia ainda n\u00e3o confirma que o hor\u00e1rio em jejum amplifica os efeitos hepatoprotetores da curcumina, mas existem algumas vantagens pr\u00e1ticas. No est\u00f4mago vazio, n\u00e3o h\u00e1 competi\u00e7\u00e3o com outros alimentos, o que pode favorecer uma absor\u00e7\u00e3o mais r\u00e1pida, desde que a bebida contenha os coadjuvantes certos.<\/p>\n\n\n\n<p>Por outro lado, pessoas com gastrite, refluxo ou sensibilidade digestiva podem apresentar desconforto ao consumir a especiaria sem alimento. Nesses casos, o ideal \u00e9 tomar junto ou logo ap\u00f3s uma refei\u00e7\u00e3o leve para evitar irrita\u00e7\u00e3o na mucosa g\u00e1strica.<\/p>\n\n\n<div class=\"wp-block-image\">\n<figure class=\"aligncenter size-large\"><img decoding=\"async\" width=\"1024\" height=\"571\" src=\"https:\/\/www.tuasaude.com\/news\/wp-content\/uploads\/2026\/04\/freepik_ilustracao-nao-fotorealis_2864548670-1024x571.jpg\" alt=\"O que a c\u00farcuma em jejum faz ao f\u00edgado e \u00e0 inflama\u00e7\u00e3o sist\u00eamica\" class=\"wp-image-28309\" srcset=\"https:\/\/www.tuasaude.com\/news\/wp-content\/uploads\/2026\/04\/freepik_ilustracao-nao-fotorealis_2864548670-1024x571.jpg 1024w, https:\/\/www.tuasaude.com\/news\/wp-content\/uploads\/2026\/04\/freepik_ilustracao-nao-fotorealis_2864548670-300x167.jpg 300w, https:\/\/www.tuasaude.com\/news\/wp-content\/uploads\/2026\/04\/freepik_ilustracao-nao-fotorealis_2864548670-768x428.jpg 768w, https:\/\/www.tuasaude.com\/news\/wp-content\/uploads\/2026\/04\/freepik_ilustracao-nao-fotorealis_2864548670-750x418.jpg 750w, https:\/\/www.tuasaude.com\/news\/wp-content\/uploads\/2026\/04\/freepik_ilustracao-nao-fotorealis_2864548670-1140x636.jpg 1140w, https:\/\/www.tuasaude.com\/news\/wp-content\/uploads\/2026\/04\/freepik_ilustracao-nao-fotorealis_2864548670.jpg 1280w\" sizes=\"(max-width: 1024px) 100vw, 1024px\" \/><figcaption class=\"wp-element-caption\">Consumir c\u00farcuma com frequ\u00eancia exige aten\u00e7\u00e3o \u00e0 dose, ao preparo e \u00e0s contraindica\u00e7\u00f5es.<\/figcaption><\/figure>\n<\/div>\n\n\n<h2 class=\"wp-block-heading\">Como melhorar a absor\u00e7\u00e3o da curcumina?<\/h2>\n\n\n\n<p>A curcumina tem baixa biodisponibilidade natural, ou seja, o corpo absorve pouca quantidade quando consumida sozinha. Alguns cuidados simples aumentam esse aproveitamento de forma significativa:<\/p>\n\n\n<div class=\"wp-block-image\">\n<figure class=\"aligncenter size-large\"><img decoding=\"async\" width=\"1024\" height=\"382\" src=\"https:\/\/www.tuasaude.com\/news\/wp-content\/uploads\/2026\/04\/convertido-9-12-1024x382.jpg\" alt=\"Como melhorar a absor\u00e7\u00e3o da curcumina?\" class=\"wp-image-27648\" srcset=\"https:\/\/www.tuasaude.com\/news\/wp-content\/uploads\/2026\/04\/convertido-9-12-1024x382.jpg 1024w, https:\/\/www.tuasaude.com\/news\/wp-content\/uploads\/2026\/04\/convertido-9-12-300x112.jpg 300w, https:\/\/www.tuasaude.com\/news\/wp-content\/uploads\/2026\/04\/convertido-9-12-768x287.jpg 768w, https:\/\/www.tuasaude.com\/news\/wp-content\/uploads\/2026\/04\/convertido-9-12-750x280.jpg 750w, https:\/\/www.tuasaude.com\/news\/wp-content\/uploads\/2026\/04\/convertido-9-12-1140x426.jpg 1140w, https:\/\/www.tuasaude.com\/news\/wp-content\/uploads\/2026\/04\/convertido-9-12.jpg 1280w\" sizes=\"(max-width: 1024px) 100vw, 1024px\" \/><figcaption class=\"wp-element-caption\">Como melhorar a absor\u00e7\u00e3o da curcumina?<\/figcaption><\/figure>\n<\/div>\n\n\n<h2 class=\"wp-block-heading\">Como um estudo cient\u00edfico confirma a a\u00e7\u00e3o da c\u00farcuma no f\u00edgado?<\/h2>\n\n\n\n<p>As evid\u00eancias cl\u00ednicas sobre o efeito hepatoprotetor da curcumina s\u00e3o s\u00f3lidas. O ensaio <em>Curcumin and inflammation in non-alcoholic fatty liver disease: a randomized, placebo controlled clinical trial<\/em>, publicado na revista <em>BMC Gastroenterology<\/em> e indexado no PubMed, acompanhou pacientes com gordura no f\u00edgado que receberam 1.500 mg de curcumina por 12 semanas. Os autores observaram redu\u00e7\u00e3o significativa da fibrose hep\u00e1tica, da inflama\u00e7\u00e3o e dos n\u00edveis de enzimas do f\u00edgado. O trabalho completo pode ser consultado em <a href=\"https:\/\/pubmed.ncbi.nlm.nih.gov\/31345163\/\" target=\"_blank\" rel=\"noreferrer noopener\">Curcumin and inflammation in non-alcoholic fatty liver disease<\/a>.<\/p>\n\n\n\n<p>Segundo a Curcumin and inflammation in non-alcoholic fatty liver disease publicada na BMC Gastroenterology, a suplementa\u00e7\u00e3o regular com curcumina \u00e9 uma estrat\u00e9gia segura e eficaz para reduzir marcadores inflamat\u00f3rios em pessoas com doen\u00e7as hep\u00e1ticas associadas ao ac\u00famulo de gordura.<\/p>\n\n\n\n<h2 class=\"wp-block-heading\">Quais cuidados observar antes de consumir c\u00farcuma com frequ\u00eancia?<\/h2>\n\n\n\n<p>Apesar dos benef\u00edcios, a c\u00farcuma n\u00e3o \u00e9 indicada para todos. Gestantes, lactantes, pessoas com pedras na ves\u00edcula, obstru\u00e7\u00e3o das vias biliares, \u00falcera ativa ou em uso de anticoagulantes devem conversar com o m\u00e9dico antes de incluir a especiaria em doses terap\u00eauticas. Quadros de <a href=\"https:\/\/www.tuasaude.com\/figado-inflamado\/\" target=\"_blank\" rel=\"noreferrer noopener\">f\u00edgado inflamado<\/a> tamb\u00e9m merecem avalia\u00e7\u00e3o individual, j\u00e1 que a intera\u00e7\u00e3o com medicamentos pode ser relevante.<\/p>\n\n\n\n<p>Em doses culin\u00e1rias, adicionar a c\u00farcuma em sopas, arroz, legumes assados e marinadas \u00e9 seguro para a maioria das pessoas. C\u00e1psulas de curcumina padronizada, com doses concentradas, s\u00f3 devem ser usadas sob orienta\u00e7\u00e3o de m\u00e9dico ou nutricionista, para garantir seguran\u00e7a e o melhor resultado.<\/p>\n\n\n\n<p><em>Este conte\u00fado tem car\u00e1ter exclusivamente informativo e n\u00e3o substitui a avalia\u00e7\u00e3o, o diagn\u00f3stico ou o tratamento realizados por um profissional de sa\u00fade qualificado. Consulte sempre seu m\u00e9dico ou nutricionista antes de adotar qualquer mudan\u00e7a na alimenta\u00e7\u00e3o ou iniciar um novo tratamento.<\/em><\/p>\n","protected":false},"excerpt":{"rendered":"<p>A c\u00farcuma, tamb\u00e9m conhecida como a\u00e7afr\u00e3o-da-terra, deixou de ser apenas um tempero e hoje \u00e9 uma das especiarias mais estudadas pela ci\u00eancia pelos seus efeitos sobre o f\u00edgado e a inflama\u00e7\u00e3o cr\u00f4nica. Seu principal composto ativo, a curcumina, tem a\u00e7\u00e3o antioxidante e anti-inflamat\u00f3ria comprovada em ensaios cl\u00ednicos, mas sua absor\u00e7\u00e3o depende diretamente de como e [&hellip;]<\/p>\n","protected":false},"author":11,"featured_media":28308,"comment_status":"open","ping_status":"open","sticky":false,"template":"","format":"standard","meta":{"_yoast_wpseo_focuskw":"c\u00farcuma em jejum","_yoast_wpseo_title":"","_yoast_wpseo_metadesc":"O uso de c\u00farcuma em jejum influencia a inflama\u00e7\u00e3o e a sa\u00fade do f\u00edgado. Veja como potencializar a absor\u00e7\u00e3o e evitar efeitos indesejados.","jnews-multi-image_gallery":[],"jnews_single_post":{"format":"standard"},"jnews_primary_category":[],"jnews_social_meta":[],"jnews_override_counter":[],"footnotes":""},"categories":[111],"tags":[1301,6110,3022,1128],"class_list":["post-27647","post","type-post","status-publish","format-standard","has-post-thumbnail","hentry","category-saude","tag-curcuma","tag-curcuma-em-jejum","tag-inflamacao-sistemica","tag-saude-do-figado"],"yoast_head":"<!-- This site is optimized with the Yoast SEO plugin v26.7 - https:\/\/yoast.com\/wordpress\/plugins\/seo\/ -->\n<title>O que a c\u00farcuma em jejum faz ao f\u00edgado e \u00e0 inflama\u00e7\u00e3o sist\u00eamica - Tua Sa\u00fade<\/title>\n<meta name=\"description\" content=\"O uso de c\u00farcuma em jejum influencia a inflama\u00e7\u00e3o e a sa\u00fade do f\u00edgado. Veja como potencializar a absor\u00e7\u00e3o e evitar efeitos indesejados.\" \/>\n<meta name=\"robots\" content=\"index, follow, max-snippet:-1, max-image-preview:large, max-video-preview:-1\" \/>\n<link rel=\"canonical\" href=\"https:\/\/www.tuasaude.com\/news\/2026\/04\/26\/o-que-a-curcuma-em-jejum-faz-ao-figado-e-a-inflamacao-sistemica\/\" \/>\n<meta property=\"og:locale\" content=\"pt_BR\" \/>\n<meta property=\"og:type\" content=\"article\" \/>\n<meta property=\"og:title\" content=\"O que a c\u00farcuma em jejum faz ao f\u00edgado e \u00e0 inflama\u00e7\u00e3o sist\u00eamica - Tua Sa\u00fade\" \/>\n<meta property=\"og:description\" content=\"O uso de c\u00farcuma em jejum influencia a inflama\u00e7\u00e3o e a sa\u00fade do f\u00edgado. Veja como potencializar a absor\u00e7\u00e3o e evitar efeitos indesejados.\" \/>\n<meta property=\"og:url\" content=\"https:\/\/www.tuasaude.com\/news\/2026\/04\/26\/o-que-a-curcuma-em-jejum-faz-ao-figado-e-a-inflamacao-sistemica\/\" \/>\n<meta property=\"og:site_name\" content=\"Tua Sa\u00fade\" \/>\n<meta property=\"article:published_time\" content=\"2026-04-26T11:10:00+00:00\" \/>\n<meta property=\"og:image\" content=\"https:\/\/www.tuasaude.com\/news\/wp-content\/uploads\/2026\/04\/freepik_ilustracao-nao-fotorealis_2864548362.jpg\" \/>\n\t<meta property=\"og:image:width\" content=\"1280\" \/>\n\t<meta property=\"og:image:height\" content=\"714\" \/>\n\t<meta property=\"og:image:type\" content=\"image\/jpeg\" \/>\n<meta name=\"author\" content=\"Gessika Julia Carvalho\" \/>\n<meta name=\"twitter:card\" content=\"summary_large_image\" \/>\n<meta name=\"twitter:label1\" content=\"Escrito por\" \/>\n\t<meta name=\"twitter:data1\" content=\"Gessika Julia Carvalho\" \/>\n\t<meta name=\"twitter:label2\" content=\"Est. tempo de leitura\" \/>\n\t<meta name=\"twitter:data2\" content=\"4 minutos\" \/>\n<!-- \/ Yoast SEO plugin. -->","yoast_head_json":{"title":"O que a c\u00farcuma em jejum faz ao f\u00edgado e \u00e0 inflama\u00e7\u00e3o sist\u00eamica - Tua Sa\u00fade","description":"O uso de c\u00farcuma em jejum influencia a inflama\u00e7\u00e3o e a sa\u00fade do f\u00edgado. Veja como potencializar a absor\u00e7\u00e3o e evitar efeitos indesejados.","robots":{"index":"index","follow":"follow","max-snippet":"max-snippet:-1","max-image-preview":"max-image-preview:large","max-video-preview":"max-video-preview:-1"},"canonical":"https:\/\/www.tuasaude.com\/news\/2026\/04\/26\/o-que-a-curcuma-em-jejum-faz-ao-figado-e-a-inflamacao-sistemica\/","og_locale":"pt_BR","og_type":"article","og_title":"O que a c\u00farcuma em jejum faz ao f\u00edgado e \u00e0 inflama\u00e7\u00e3o sist\u00eamica - Tua Sa\u00fade","og_description":"O uso de c\u00farcuma em jejum influencia a inflama\u00e7\u00e3o e a sa\u00fade do f\u00edgado. Veja como potencializar a absor\u00e7\u00e3o e evitar efeitos indesejados.","og_url":"https:\/\/www.tuasaude.com\/news\/2026\/04\/26\/o-que-a-curcuma-em-jejum-faz-ao-figado-e-a-inflamacao-sistemica\/","og_site_name":"Tua Sa\u00fade","article_published_time":"2026-04-26T11:10:00+00:00","og_image":[{"width":1280,"height":714,"url":"https:\/\/www.tuasaude.com\/news\/wp-content\/uploads\/2026\/04\/freepik_ilustracao-nao-fotorealis_2864548362.jpg","type":"image\/jpeg"}],"author":"Gessika Julia Carvalho","twitter_card":"summary_large_image","twitter_misc":{"Escrito por":"Gessika Julia Carvalho","Est. tempo de leitura":"4 minutos"},"schema":{"@context":"https:\/\/schema.org","@graph":[{"@type":"Article","@id":"https:\/\/www.tuasaude.com\/news\/2026\/04\/26\/o-que-a-curcuma-em-jejum-faz-ao-figado-e-a-inflamacao-sistemica\/#article","isPartOf":{"@id":"https:\/\/www.tuasaude.com\/news\/2026\/04\/26\/o-que-a-curcuma-em-jejum-faz-ao-figado-e-a-inflamacao-sistemica\/"},"author":{"name":"Gessika Julia Carvalho","@id":"https:\/\/www.tuasaude.com\/news\/#\/schema\/person\/2e9df841be69ec84f5d20ddb8d273ac2"},"headline":"O que a c\u00farcuma em jejum faz ao f\u00edgado e \u00e0 inflama\u00e7\u00e3o sist\u00eamica","datePublished":"2026-04-26T11:10:00+00:00","mainEntityOfPage":{"@id":"https:\/\/www.tuasaude.com\/news\/2026\/04\/26\/o-que-a-curcuma-em-jejum-faz-ao-figado-e-a-inflamacao-sistemica\/"},"wordCount":702,"commentCount":0,"image":{"@id":"https:\/\/www.tuasaude.com\/news\/2026\/04\/26\/o-que-a-curcuma-em-jejum-faz-ao-figado-e-a-inflamacao-sistemica\/#primaryimage"},"thumbnailUrl":"https:\/\/www.tuasaude.com\/news\/wp-content\/uploads\/2026\/04\/freepik_ilustracao-nao-fotorealis_2864548362.jpg","keywords":["c\u00farcuma","c\u00farcuma em jejum","inflama\u00e7\u00e3o sist\u00eamica","sa\u00fade do f\u00edgado"],"articleSection":["Sa\u00fade"],"inLanguage":"pt-BR","potentialAction":[{"@type":"CommentAction","name":"Comment","target":["https:\/\/www.tuasaude.com\/news\/2026\/04\/26\/o-que-a-curcuma-em-jejum-faz-ao-figado-e-a-inflamacao-sistemica\/#respond"]}]},{"@type":"WebPage","@id":"https:\/\/www.tuasaude.com\/news\/2026\/04\/26\/o-que-a-curcuma-em-jejum-faz-ao-figado-e-a-inflamacao-sistemica\/","url":"https:\/\/www.tuasaude.com\/news\/2026\/04\/26\/o-que-a-curcuma-em-jejum-faz-ao-figado-e-a-inflamacao-sistemica\/","name":"O que a c\u00farcuma em jejum faz ao f\u00edgado e \u00e0 inflama\u00e7\u00e3o sist\u00eamica - Tua Sa\u00fade","isPartOf":{"@id":"https:\/\/www.tuasaude.com\/news\/#website"},"primaryImageOfPage":{"@id":"https:\/\/www.tuasaude.com\/news\/2026\/04\/26\/o-que-a-curcuma-em-jejum-faz-ao-figado-e-a-inflamacao-sistemica\/#primaryimage"},"image":{"@id":"https:\/\/www.tuasaude.com\/news\/2026\/04\/26\/o-que-a-curcuma-em-jejum-faz-ao-figado-e-a-inflamacao-sistemica\/#primaryimage"},"thumbnailUrl":"https:\/\/www.tuasaude.com\/news\/wp-content\/uploads\/2026\/04\/freepik_ilustracao-nao-fotorealis_2864548362.jpg","datePublished":"2026-04-26T11:10:00+00:00","author":{"@id":"https:\/\/www.tuasaude.com\/news\/#\/schema\/person\/2e9df841be69ec84f5d20ddb8d273ac2"},"description":"O uso de c\u00farcuma em jejum influencia a inflama\u00e7\u00e3o e a sa\u00fade do f\u00edgado. Veja como potencializar a absor\u00e7\u00e3o e evitar efeitos indesejados.","breadcrumb":{"@id":"https:\/\/www.tuasaude.com\/news\/2026\/04\/26\/o-que-a-curcuma-em-jejum-faz-ao-figado-e-a-inflamacao-sistemica\/#breadcrumb"},"inLanguage":"pt-BR","potentialAction":[{"@type":"ReadAction","target":["https:\/\/www.tuasaude.com\/news\/2026\/04\/26\/o-que-a-curcuma-em-jejum-faz-ao-figado-e-a-inflamacao-sistemica\/"]}]},{"@type":"ImageObject","inLanguage":"pt-BR","@id":"https:\/\/www.tuasaude.com\/news\/2026\/04\/26\/o-que-a-curcuma-em-jejum-faz-ao-figado-e-a-inflamacao-sistemica\/#primaryimage","url":"https:\/\/www.tuasaude.com\/news\/wp-content\/uploads\/2026\/04\/freepik_ilustracao-nao-fotorealis_2864548362.jpg","contentUrl":"https:\/\/www.tuasaude.com\/news\/wp-content\/uploads\/2026\/04\/freepik_ilustracao-nao-fotorealis_2864548362.jpg","width":1280,"height":714,"caption":"A c\u00farcuma pode apoiar a sa\u00fade do f\u00edgado quando usada da forma correta."},{"@type":"BreadcrumbList","@id":"https:\/\/www.tuasaude.com\/news\/2026\/04\/26\/o-que-a-curcuma-em-jejum-faz-ao-figado-e-a-inflamacao-sistemica\/#breadcrumb","itemListElement":[{"@type":"ListItem","position":1,"name":"In\u00edcio","item":"https:\/\/www.tuasaude.com\/news\/"},{"@type":"ListItem","position":2,"name":"O que a c\u00farcuma em jejum faz ao f\u00edgado e \u00e0 inflama\u00e7\u00e3o sist\u00eamica"}]},{"@type":"WebSite","@id":"https:\/\/www.tuasaude.com\/news\/#website","url":"https:\/\/www.tuasaude.com\/news\/","name":"Tua Sa\u00fade","description":"Seu site de sa\u00fade","potentialAction":[{"@type":"SearchAction","target":{"@type":"EntryPoint","urlTemplate":"https:\/\/www.tuasaude.com\/news\/?s={search_term_string}"},"query-input":{"@type":"PropertyValueSpecification","valueRequired":true,"valueName":"search_term_string"}}],"inLanguage":"pt-BR"},{"@type":"Person","@id":"https:\/\/www.tuasaude.com\/news\/#\/schema\/person\/2e9df841be69ec84f5d20ddb8d273ac2","name":"Gessika Julia Carvalho","image":{"@type":"ImageObject","inLanguage":"pt-BR","@id":"https:\/\/www.tuasaude.com\/news\/#\/schema\/person\/image\/","url":"https:\/\/secure.gravatar.com\/avatar\/0fcc8769024577fd0bc6a8b766055690f76a8e8f29dfb2a2f89cf04db8d0f2d2?s=96&d=mm&r=g","contentUrl":"https:\/\/secure.gravatar.com\/avatar\/0fcc8769024577fd0bc6a8b766055690f76a8e8f29dfb2a2f89cf04db8d0f2d2?s=96&d=mm&r=g","caption":"Gessika Julia Carvalho"},"sameAs":["https:\/\/www.tuasaude.com\/news\/"],"url":"https:\/\/www.tuasaude.com\/news\/author\/gessika-julia\/"}]}},"_links":{"self":[{"href":"https:\/\/www.tuasaude.com\/news\/wp-json\/wp\/v2\/posts\/27647","targetHints":{"allow":["GET"]}}],"collection":[{"href":"https:\/\/www.tuasaude.com\/news\/wp-json\/wp\/v2\/posts"}],"about":[{"href":"https:\/\/www.tuasaude.com\/news\/wp-json\/wp\/v2\/types\/post"}],"author":[{"embeddable":true,"href":"https:\/\/www.tuasaude.com\/news\/wp-json\/wp\/v2\/users\/11"}],"replies":[{"embeddable":true,"href":"https:\/\/www.tuasaude.com\/news\/wp-json\/wp\/v2\/comments?post=27647"}],"version-history":[{"count":2,"href":"https:\/\/www.tuasaude.com\/news\/wp-json\/wp\/v2\/posts\/27647\/revisions"}],"predecessor-version":[{"id":28333,"href":"https:\/\/www.tuasaude.com\/news\/wp-json\/wp\/v2\/posts\/27647\/revisions\/28333"}],"wp:featuredmedia":[{"embeddable":true,"href":"https:\/\/www.tuasaude.com\/news\/wp-json\/wp\/v2\/media\/28308"}],"wp:attachment":[{"href":"https:\/\/www.tuasaude.com\/news\/wp-json\/wp\/v2\/media?parent=27647"}],"wp:term":[{"taxonomy":"category","embeddable":true,"href":"https:\/\/www.tuasaude.com\/news\/wp-json\/wp\/v2\/categories?post=27647"},{"taxonomy":"post_tag","embeddable":true,"href":"https:\/\/www.tuasaude.com\/news\/wp-json\/wp\/v2\/tags?post=27647"}],"curies":[{"name":"wp","href":"https:\/\/api.w.org\/{rel}","templated":true}]}}