{"id":27641,"date":"2026-04-26T07:10:00","date_gmt":"2026-04-26T10:10:00","guid":{"rendered":"https:\/\/www.tuasaude.com\/news\/?p=27641"},"modified":"2026-04-25T16:21:41","modified_gmt":"2026-04-25T19:21:41","slug":"o-nivel-ideal-de-vitamina-d-para-cada-idade-uma-visao-geral-do-que-os-exames-devem-mostrar-aos-20-30-40-50-anos-e-mais","status":"publish","type":"post","link":"https:\/\/www.tuasaude.com\/news\/2026\/04\/26\/o-nivel-ideal-de-vitamina-d-para-cada-idade-uma-visao-geral-do-que-os-exames-devem-mostrar-aos-20-30-40-50-anos-e-mais\/","title":{"rendered":"O n\u00edvel ideal de vitamina D para cada idade. Uma vis\u00e3o geral do que os exames devem mostrar aos 20, 30, 40, 50 anos e mais"},"content":{"rendered":"\n<p>A vitamina D desempenha fun\u00e7\u00f5es diferentes em cada fase da vida, indo muito al\u00e9m da sa\u00fade \u00f3ssea. Ela participa da imunidade, da sa\u00fade muscular, do humor e at\u00e9 da preven\u00e7\u00e3o de doen\u00e7as cr\u00f4nicas como diabetes e problemas cardiovasculares. O problema \u00e9 que a defici\u00eancia aumenta de forma progressiva com a idade, e a maioria das pessoas descobre o baixo n\u00edvel apenas quando os sintomas j\u00e1 se tornaram evidentes. Saber quais valores s\u00e3o considerados ideais para cada faixa et\u00e1ria \u00e9 o primeiro passo para ajustar a rotina e prevenir complica\u00e7\u00f5es.<\/p>\n\n\n\n<h2 class=\"wp-block-heading\">Como a vitamina D atua no organismo em cada fase da vida?<\/h2>\n\n\n\n<p>Nas crian\u00e7as e adolescentes, a vitamina D \u00e9 essencial para a forma\u00e7\u00e3o \u00f3ssea e para o crescimento saud\u00e1vel. Em adultos jovens, contribui para a manuten\u00e7\u00e3o da massa \u00f3ssea, para a imunidade e para a fun\u00e7\u00e3o muscular.<\/p>\n\n\n\n<p>A partir dos 40 anos, a pele produz cada vez menos vitamina D a partir da exposi\u00e7\u00e3o solar, e a absor\u00e7\u00e3o intestinal tamb\u00e9m se reduz. Ap\u00f3s os 50, o nutriente torna-se fundamental para prevenir osteoporose, fraturas e queda da imunidade, fun\u00e7\u00f5es que s\u00f3 s\u00e3o asseguradas quando os n\u00edveis sangu\u00edneos est\u00e3o adequados.<\/p>\n\n\n\n<h2 class=\"wp-block-heading\">Quais valores de vitamina D s\u00e3o considerados ideais em cada idade?<\/h2>\n\n\n\n<p>O exame que mede a vitamina D \u00e9 chamado 25-hidroxivitamina D, ou 25(OH)D, e os valores s\u00e3o expressos em ng\/mL. Os par\u00e2metros variam de acordo com a idade e o perfil de sa\u00fade, conforme as principais sociedades m\u00e9dicas:<\/p>\n\n\n<div class=\"wp-block-image\">\n<figure class=\"aligncenter size-large\"><img decoding=\"async\" width=\"1024\" height=\"382\" src=\"https:\/\/www.tuasaude.com\/news\/wp-content\/uploads\/2026\/04\/convertido-7-12-1024x382.jpg\" alt=\"Quais valores de vitamina D s\u00e3o considerados ideais em cada idade?\" class=\"wp-image-27642\" srcset=\"https:\/\/www.tuasaude.com\/news\/wp-content\/uploads\/2026\/04\/convertido-7-12-1024x382.jpg 1024w, https:\/\/www.tuasaude.com\/news\/wp-content\/uploads\/2026\/04\/convertido-7-12-300x112.jpg 300w, https:\/\/www.tuasaude.com\/news\/wp-content\/uploads\/2026\/04\/convertido-7-12-768x287.jpg 768w, https:\/\/www.tuasaude.com\/news\/wp-content\/uploads\/2026\/04\/convertido-7-12-750x280.jpg 750w, https:\/\/www.tuasaude.com\/news\/wp-content\/uploads\/2026\/04\/convertido-7-12-1140x426.jpg 1140w, https:\/\/www.tuasaude.com\/news\/wp-content\/uploads\/2026\/04\/convertido-7-12.jpg 1280w\" sizes=\"(max-width: 1024px) 100vw, 1024px\" \/><figcaption class=\"wp-element-caption\">Quais valores de vitamina D s\u00e3o considerados ideais em cada idade?<\/figcaption><\/figure>\n<\/div>\n\n\n<p>Gestantes, pacientes renais, pessoas com obesidade e portadores de doen\u00e7as autoimunes entram nos grupos de risco, independentemente da idade. Mais detalhes sobre o <a href=\"https:\/\/www.tuasaude.com\/exame-vitamina-d\/\" target=\"_blank\" rel=\"noreferrer noopener\">exame de vitamina D<\/a> ajudam a entender a interpreta\u00e7\u00e3o dos resultados.<\/p>\n\n\n\n<h2 class=\"wp-block-heading\">Quando a suplementa\u00e7\u00e3o de vitamina D se torna necess\u00e1ria?<\/h2>\n\n\n\n<p>A suplementa\u00e7\u00e3o \u00e9 indicada quando os n\u00edveis sangu\u00edneos est\u00e3o abaixo de 20 ng\/mL, o que caracteriza defici\u00eancia, ou entre 20 e 30 ng\/mL em pacientes de risco, o que caracteriza insufici\u00eancia. A dose exata depende da idade, do peso e da gravidade do quadro, sendo sempre prescrita por um m\u00e9dico. Entender os sinais iniciais de <a href=\"https:\/\/www.tuasaude.com\/deficiencia-de-vitamina-d\/\" target=\"_blank\" rel=\"noreferrer noopener\">defici\u00eancia de vitamina D<\/a> ajuda a procurar avalia\u00e7\u00e3o a tempo.<\/p>\n\n\n\n<p>O uso de c\u00e1psulas ou gotas sem orienta\u00e7\u00e3o pode provocar ac\u00famulo de c\u00e1lcio no sangue e sobrecarga renal. Por isso, o ideal \u00e9 sempre realizar o exame antes de iniciar qualquer reposi\u00e7\u00e3o.<\/p>\n\n\n\n<h2 class=\"wp-block-heading\">Como um estudo cient\u00edfico confirma os valores ideais de vitamina D?<\/h2>\n\n\n\n<p>A defini\u00e7\u00e3o desses valores \u00e9 respaldada por evid\u00eancias s\u00f3lidas. A revis\u00e3o <em>Optimal serum 25-hydroxyvitamin D levels for multiple health outcomes<\/em>, publicada na s\u00e9rie <em>Advances in Experimental Medicine and Biology<\/em> e indexada no PubMed, analisou estudos que relacionaram diferentes concentra\u00e7\u00f5es sangu\u00edneas a desfechos como densidade \u00f3ssea, risco de quedas, preven\u00e7\u00e3o de c\u00e2ncer e hipertens\u00e3o. Os autores conclu\u00edram que n\u00edveis pr\u00f3ximos a 30 ng\/mL oferecem os melhores benef\u00edcios para a sa\u00fade, enquanto valores abaixo de 20 ng\/mL est\u00e3o associados a efeitos adversos. O trabalho completo pode ser consultado em <a href=\"https:\/\/pubmed.ncbi.nlm.nih.gov\/25207384\/\" target=\"_blank\" rel=\"noreferrer noopener\">Optimal serum 25-hydroxyvitamin D levels for multiple health outcomes<\/a>.<\/p>\n\n\n\n<p>Segundo a Optimal serum 25-hydroxyvitamin D levels for multiple health outcomes publicada na Advances in Experimental Medicine and Biology, a ingest\u00e3o de 1.600 a 2.000 UI de vitamina D3 por dia \u00e9 capaz de levar a maioria dos adultos \u00e0 faixa ideal, desde que acompanhada por avalia\u00e7\u00e3o m\u00e9dica.<\/p>\n\n\n<div class=\"wp-block-image\">\n<figure class=\"aligncenter size-large\"><img decoding=\"async\" width=\"1024\" height=\"571\" src=\"https:\/\/www.tuasaude.com\/news\/wp-content\/uploads\/2026\/04\/freepik_ilustracao-nao-fotorealis_2864550215-1024x571.jpg\" alt=\"O n\u00edvel ideal de vitamina D para cada idade. Uma vis\u00e3o geral do que os exames devem mostrar aos 20, 30, 40, 50 anos e mais\" class=\"wp-image-28313\" srcset=\"https:\/\/www.tuasaude.com\/news\/wp-content\/uploads\/2026\/04\/freepik_ilustracao-nao-fotorealis_2864550215-1024x571.jpg 1024w, https:\/\/www.tuasaude.com\/news\/wp-content\/uploads\/2026\/04\/freepik_ilustracao-nao-fotorealis_2864550215-300x167.jpg 300w, https:\/\/www.tuasaude.com\/news\/wp-content\/uploads\/2026\/04\/freepik_ilustracao-nao-fotorealis_2864550215-768x428.jpg 768w, https:\/\/www.tuasaude.com\/news\/wp-content\/uploads\/2026\/04\/freepik_ilustracao-nao-fotorealis_2864550215-750x418.jpg 750w, https:\/\/www.tuasaude.com\/news\/wp-content\/uploads\/2026\/04\/freepik_ilustracao-nao-fotorealis_2864550215-1140x636.jpg 1140w, https:\/\/www.tuasaude.com\/news\/wp-content\/uploads\/2026\/04\/freepik_ilustracao-nao-fotorealis_2864550215.jpg 1280w\" sizes=\"(max-width: 1024px) 100vw, 1024px\" \/><figcaption class=\"wp-element-caption\">Os n\u00edveis ideais de vitamina D mudam conforme a fase da vida e o perfil de sa\u00fade.<\/figcaption><\/figure>\n<\/div>\n\n\n<h2 class=\"wp-block-heading\">Como manter bons n\u00edveis ao longo da vida?<\/h2>\n\n\n\n<p>A principal estrat\u00e9gia continua sendo a exposi\u00e7\u00e3o solar moderada, j\u00e1 que a pele produz naturalmente a vitamina D quando exposta aos raios UVB. Em geral, de 15 a 30 minutos de sol nos bra\u00e7os e nas pernas, tr\u00eas vezes por semana, j\u00e1 s\u00e3o suficientes para a maioria das pessoas de pele clara. Quem tem pele mais escura pode precisar de tempo um pouco maior.<\/p>\n\n\n\n<p>A alimenta\u00e7\u00e3o complementa essa oferta, com destaque para peixes gordurosos como salm\u00e3o e sardinha, gema de ovo e cogumelos. Quando a exposi\u00e7\u00e3o solar \u00e9 limitada, a <a href=\"https:\/\/www.tuasaude.com\/reposicao-de-vitamina-d\/\" target=\"_blank\" rel=\"noreferrer noopener\">reposi\u00e7\u00e3o de vitamina D<\/a> por meio de suplementos pode ser a melhor alternativa, sempre com orienta\u00e7\u00e3o profissional. O acompanhamento com endocrinologista ou cl\u00ednico geral \u00e9 fundamental para ajustar doses e evitar tanto a defici\u00eancia quanto o excesso.<\/p>\n\n\n\n<p><em>Este conte\u00fado tem car\u00e1ter exclusivamente informativo e n\u00e3o substitui a avalia\u00e7\u00e3o, o diagn\u00f3stico ou o tratamento realizados por um profissional de sa\u00fade qualificado. Consulte sempre seu m\u00e9dico antes de adotar qualquer mudan\u00e7a de h\u00e1bito ou iniciar um novo tratamento.<\/em><\/p>\n","protected":false},"excerpt":{"rendered":"<p>A vitamina D desempenha fun\u00e7\u00f5es diferentes em cada fase da vida, indo muito al\u00e9m da sa\u00fade \u00f3ssea. Ela participa da imunidade, da sa\u00fade muscular, do humor e at\u00e9 da preven\u00e7\u00e3o de doen\u00e7as cr\u00f4nicas como diabetes e problemas cardiovasculares. O problema \u00e9 que a defici\u00eancia aumenta de forma progressiva com a idade, e a maioria das [&hellip;]<\/p>\n","protected":false},"author":11,"featured_media":28314,"comment_status":"open","ping_status":"open","sticky":false,"template":"","format":"standard","meta":{"_yoast_wpseo_focuskw":"n\u00edvel ideal de vitamina D","_yoast_wpseo_title":"","_yoast_wpseo_metadesc":"Manter o n\u00edvel ideal de vitamina D ajuda a prevenir doen\u00e7as e fortalecer o corpo. Veja quais valores s\u00e3o indicados em cada fase da vida.","jnews-multi-image_gallery":[],"jnews_single_post":{"format":"standard"},"jnews_primary_category":[],"jnews_social_meta":[],"jnews_override_counter":[],"footnotes":""},"categories":[111],"tags":[1068,3555,136,114],"class_list":["post-27641","post","type-post","status-publish","format-standard","has-post-thumbnail","hentry","category-saude","tag-idosos","tag-niveis-de-vitamina-d","tag-saude","tag-vitamina-d"],"yoast_head":"<!-- This site is optimized with the Yoast SEO plugin v26.7 - https:\/\/yoast.com\/wordpress\/plugins\/seo\/ -->\n<title>O n\u00edvel ideal de vitamina D para cada idade. Uma vis\u00e3o geral do que os exames devem mostrar aos 20, 30, 40, 50 anos e mais - Tua Sa\u00fade<\/title>\n<meta name=\"description\" content=\"Manter o n\u00edvel ideal de vitamina D ajuda a prevenir doen\u00e7as e fortalecer o corpo. Veja quais valores s\u00e3o indicados em cada fase da vida.\" \/>\n<meta name=\"robots\" content=\"index, follow, max-snippet:-1, max-image-preview:large, max-video-preview:-1\" \/>\n<link rel=\"canonical\" href=\"https:\/\/www.tuasaude.com\/news\/2026\/04\/26\/o-nivel-ideal-de-vitamina-d-para-cada-idade-uma-visao-geral-do-que-os-exames-devem-mostrar-aos-20-30-40-50-anos-e-mais\/\" \/>\n<meta property=\"og:locale\" content=\"pt_BR\" \/>\n<meta property=\"og:type\" content=\"article\" \/>\n<meta property=\"og:title\" content=\"O n\u00edvel ideal de vitamina D para cada idade. Uma vis\u00e3o geral do que os exames devem mostrar aos 20, 30, 40, 50 anos e mais - Tua Sa\u00fade\" \/>\n<meta property=\"og:description\" content=\"Manter o n\u00edvel ideal de vitamina D ajuda a prevenir doen\u00e7as e fortalecer o corpo. Veja quais valores s\u00e3o indicados em cada fase da vida.\" \/>\n<meta property=\"og:url\" content=\"https:\/\/www.tuasaude.com\/news\/2026\/04\/26\/o-nivel-ideal-de-vitamina-d-para-cada-idade-uma-visao-geral-do-que-os-exames-devem-mostrar-aos-20-30-40-50-anos-e-mais\/\" \/>\n<meta property=\"og:site_name\" content=\"Tua Sa\u00fade\" \/>\n<meta property=\"article:published_time\" content=\"2026-04-26T10:10:00+00:00\" \/>\n<meta property=\"og:image\" content=\"https:\/\/www.tuasaude.com\/news\/wp-content\/uploads\/2026\/04\/freepik_ilustracao-nao-fotorealis_2864550705.jpg\" \/>\n\t<meta property=\"og:image:width\" content=\"1280\" \/>\n\t<meta property=\"og:image:height\" content=\"714\" \/>\n\t<meta property=\"og:image:type\" content=\"image\/jpeg\" \/>\n<meta name=\"author\" content=\"Gessika Julia Carvalho\" \/>\n<meta name=\"twitter:card\" content=\"summary_large_image\" \/>\n<meta name=\"twitter:label1\" content=\"Escrito por\" \/>\n\t<meta name=\"twitter:data1\" content=\"Gessika Julia Carvalho\" \/>\n\t<meta name=\"twitter:label2\" content=\"Est. tempo de leitura\" \/>\n\t<meta name=\"twitter:data2\" content=\"5 minutos\" \/>\n<!-- \/ Yoast SEO plugin. -->","yoast_head_json":{"title":"O n\u00edvel ideal de vitamina D para cada idade. Uma vis\u00e3o geral do que os exames devem mostrar aos 20, 30, 40, 50 anos e mais - Tua Sa\u00fade","description":"Manter o n\u00edvel ideal de vitamina D ajuda a prevenir doen\u00e7as e fortalecer o corpo. Veja quais valores s\u00e3o indicados em cada fase da vida.","robots":{"index":"index","follow":"follow","max-snippet":"max-snippet:-1","max-image-preview":"max-image-preview:large","max-video-preview":"max-video-preview:-1"},"canonical":"https:\/\/www.tuasaude.com\/news\/2026\/04\/26\/o-nivel-ideal-de-vitamina-d-para-cada-idade-uma-visao-geral-do-que-os-exames-devem-mostrar-aos-20-30-40-50-anos-e-mais\/","og_locale":"pt_BR","og_type":"article","og_title":"O n\u00edvel ideal de vitamina D para cada idade. Uma vis\u00e3o geral do que os exames devem mostrar aos 20, 30, 40, 50 anos e mais - Tua Sa\u00fade","og_description":"Manter o n\u00edvel ideal de vitamina D ajuda a prevenir doen\u00e7as e fortalecer o corpo. Veja quais valores s\u00e3o indicados em cada fase da vida.","og_url":"https:\/\/www.tuasaude.com\/news\/2026\/04\/26\/o-nivel-ideal-de-vitamina-d-para-cada-idade-uma-visao-geral-do-que-os-exames-devem-mostrar-aos-20-30-40-50-anos-e-mais\/","og_site_name":"Tua Sa\u00fade","article_published_time":"2026-04-26T10:10:00+00:00","og_image":[{"width":1280,"height":714,"url":"https:\/\/www.tuasaude.com\/news\/wp-content\/uploads\/2026\/04\/freepik_ilustracao-nao-fotorealis_2864550705.jpg","type":"image\/jpeg"}],"author":"Gessika Julia Carvalho","twitter_card":"summary_large_image","twitter_misc":{"Escrito por":"Gessika Julia Carvalho","Est. tempo de leitura":"5 minutos"},"schema":{"@context":"https:\/\/schema.org","@graph":[{"@type":"Article","@id":"https:\/\/www.tuasaude.com\/news\/2026\/04\/26\/o-nivel-ideal-de-vitamina-d-para-cada-idade-uma-visao-geral-do-que-os-exames-devem-mostrar-aos-20-30-40-50-anos-e-mais\/#article","isPartOf":{"@id":"https:\/\/www.tuasaude.com\/news\/2026\/04\/26\/o-nivel-ideal-de-vitamina-d-para-cada-idade-uma-visao-geral-do-que-os-exames-devem-mostrar-aos-20-30-40-50-anos-e-mais\/"},"author":{"name":"Gessika Julia Carvalho","@id":"https:\/\/www.tuasaude.com\/news\/#\/schema\/person\/2e9df841be69ec84f5d20ddb8d273ac2"},"headline":"O n\u00edvel ideal de vitamina D para cada idade. Uma vis\u00e3o geral do que os exames devem mostrar aos 20, 30, 40, 50 anos e mais","datePublished":"2026-04-26T10:10:00+00:00","mainEntityOfPage":{"@id":"https:\/\/www.tuasaude.com\/news\/2026\/04\/26\/o-nivel-ideal-de-vitamina-d-para-cada-idade-uma-visao-geral-do-que-os-exames-devem-mostrar-aos-20-30-40-50-anos-e-mais\/"},"wordCount":836,"commentCount":0,"image":{"@id":"https:\/\/www.tuasaude.com\/news\/2026\/04\/26\/o-nivel-ideal-de-vitamina-d-para-cada-idade-uma-visao-geral-do-que-os-exames-devem-mostrar-aos-20-30-40-50-anos-e-mais\/#primaryimage"},"thumbnailUrl":"https:\/\/www.tuasaude.com\/news\/wp-content\/uploads\/2026\/04\/freepik_ilustracao-nao-fotorealis_2864550705.jpg","keywords":["idosos","n\u00edveis de vitamina D","sa\u00fade","vitamina d"],"articleSection":["Sa\u00fade"],"inLanguage":"pt-BR","potentialAction":[{"@type":"CommentAction","name":"Comment","target":["https:\/\/www.tuasaude.com\/news\/2026\/04\/26\/o-nivel-ideal-de-vitamina-d-para-cada-idade-uma-visao-geral-do-que-os-exames-devem-mostrar-aos-20-30-40-50-anos-e-mais\/#respond"]}]},{"@type":"WebPage","@id":"https:\/\/www.tuasaude.com\/news\/2026\/04\/26\/o-nivel-ideal-de-vitamina-d-para-cada-idade-uma-visao-geral-do-que-os-exames-devem-mostrar-aos-20-30-40-50-anos-e-mais\/","url":"https:\/\/www.tuasaude.com\/news\/2026\/04\/26\/o-nivel-ideal-de-vitamina-d-para-cada-idade-uma-visao-geral-do-que-os-exames-devem-mostrar-aos-20-30-40-50-anos-e-mais\/","name":"O n\u00edvel ideal de vitamina D para cada idade. Uma vis\u00e3o geral do que os exames devem mostrar aos 20, 30, 40, 50 anos e mais - Tua Sa\u00fade","isPartOf":{"@id":"https:\/\/www.tuasaude.com\/news\/#website"},"primaryImageOfPage":{"@id":"https:\/\/www.tuasaude.com\/news\/2026\/04\/26\/o-nivel-ideal-de-vitamina-d-para-cada-idade-uma-visao-geral-do-que-os-exames-devem-mostrar-aos-20-30-40-50-anos-e-mais\/#primaryimage"},"image":{"@id":"https:\/\/www.tuasaude.com\/news\/2026\/04\/26\/o-nivel-ideal-de-vitamina-d-para-cada-idade-uma-visao-geral-do-que-os-exames-devem-mostrar-aos-20-30-40-50-anos-e-mais\/#primaryimage"},"thumbnailUrl":"https:\/\/www.tuasaude.com\/news\/wp-content\/uploads\/2026\/04\/freepik_ilustracao-nao-fotorealis_2864550705.jpg","datePublished":"2026-04-26T10:10:00+00:00","author":{"@id":"https:\/\/www.tuasaude.com\/news\/#\/schema\/person\/2e9df841be69ec84f5d20ddb8d273ac2"},"description":"Manter o n\u00edvel ideal de vitamina D ajuda a prevenir doen\u00e7as e fortalecer o corpo. Veja quais valores s\u00e3o indicados em cada fase da vida.","breadcrumb":{"@id":"https:\/\/www.tuasaude.com\/news\/2026\/04\/26\/o-nivel-ideal-de-vitamina-d-para-cada-idade-uma-visao-geral-do-que-os-exames-devem-mostrar-aos-20-30-40-50-anos-e-mais\/#breadcrumb"},"inLanguage":"pt-BR","potentialAction":[{"@type":"ReadAction","target":["https:\/\/www.tuasaude.com\/news\/2026\/04\/26\/o-nivel-ideal-de-vitamina-d-para-cada-idade-uma-visao-geral-do-que-os-exames-devem-mostrar-aos-20-30-40-50-anos-e-mais\/"]}]},{"@type":"ImageObject","inLanguage":"pt-BR","@id":"https:\/\/www.tuasaude.com\/news\/2026\/04\/26\/o-nivel-ideal-de-vitamina-d-para-cada-idade-uma-visao-geral-do-que-os-exames-devem-mostrar-aos-20-30-40-50-anos-e-mais\/#primaryimage","url":"https:\/\/www.tuasaude.com\/news\/wp-content\/uploads\/2026\/04\/freepik_ilustracao-nao-fotorealis_2864550705.jpg","contentUrl":"https:\/\/www.tuasaude.com\/news\/wp-content\/uploads\/2026\/04\/freepik_ilustracao-nao-fotorealis_2864550705.jpg","width":1280,"height":714,"caption":"Um copo de \u00e1gua ao levantar pode ser um h\u00e1bito simples para cuidar melhor do organismo."},{"@type":"BreadcrumbList","@id":"https:\/\/www.tuasaude.com\/news\/2026\/04\/26\/o-nivel-ideal-de-vitamina-d-para-cada-idade-uma-visao-geral-do-que-os-exames-devem-mostrar-aos-20-30-40-50-anos-e-mais\/#breadcrumb","itemListElement":[{"@type":"ListItem","position":1,"name":"In\u00edcio","item":"https:\/\/www.tuasaude.com\/news\/"},{"@type":"ListItem","position":2,"name":"O n\u00edvel ideal de vitamina D para cada idade. Uma vis\u00e3o geral do que os exames devem mostrar aos 20, 30, 40, 50 anos e mais"}]},{"@type":"WebSite","@id":"https:\/\/www.tuasaude.com\/news\/#website","url":"https:\/\/www.tuasaude.com\/news\/","name":"Tua Sa\u00fade","description":"Seu site de sa\u00fade","potentialAction":[{"@type":"SearchAction","target":{"@type":"EntryPoint","urlTemplate":"https:\/\/www.tuasaude.com\/news\/?s={search_term_string}"},"query-input":{"@type":"PropertyValueSpecification","valueRequired":true,"valueName":"search_term_string"}}],"inLanguage":"pt-BR"},{"@type":"Person","@id":"https:\/\/www.tuasaude.com\/news\/#\/schema\/person\/2e9df841be69ec84f5d20ddb8d273ac2","name":"Gessika Julia Carvalho","image":{"@type":"ImageObject","inLanguage":"pt-BR","@id":"https:\/\/www.tuasaude.com\/news\/#\/schema\/person\/image\/","url":"https:\/\/secure.gravatar.com\/avatar\/0fcc8769024577fd0bc6a8b766055690f76a8e8f29dfb2a2f89cf04db8d0f2d2?s=96&d=mm&r=g","contentUrl":"https:\/\/secure.gravatar.com\/avatar\/0fcc8769024577fd0bc6a8b766055690f76a8e8f29dfb2a2f89cf04db8d0f2d2?s=96&d=mm&r=g","caption":"Gessika Julia Carvalho"},"sameAs":["https:\/\/www.tuasaude.com\/news\/"],"url":"https:\/\/www.tuasaude.com\/news\/author\/gessika-julia\/"}]}},"_links":{"self":[{"href":"https:\/\/www.tuasaude.com\/news\/wp-json\/wp\/v2\/posts\/27641","targetHints":{"allow":["GET"]}}],"collection":[{"href":"https:\/\/www.tuasaude.com\/news\/wp-json\/wp\/v2\/posts"}],"about":[{"href":"https:\/\/www.tuasaude.com\/news\/wp-json\/wp\/v2\/types\/post"}],"author":[{"embeddable":true,"href":"https:\/\/www.tuasaude.com\/news\/wp-json\/wp\/v2\/users\/11"}],"replies":[{"embeddable":true,"href":"https:\/\/www.tuasaude.com\/news\/wp-json\/wp\/v2\/comments?post=27641"}],"version-history":[{"count":2,"href":"https:\/\/www.tuasaude.com\/news\/wp-json\/wp\/v2\/posts\/27641\/revisions"}],"predecessor-version":[{"id":28335,"href":"https:\/\/www.tuasaude.com\/news\/wp-json\/wp\/v2\/posts\/27641\/revisions\/28335"}],"wp:featuredmedia":[{"embeddable":true,"href":"https:\/\/www.tuasaude.com\/news\/wp-json\/wp\/v2\/media\/28314"}],"wp:attachment":[{"href":"https:\/\/www.tuasaude.com\/news\/wp-json\/wp\/v2\/media?parent=27641"}],"wp:term":[{"taxonomy":"category","embeddable":true,"href":"https:\/\/www.tuasaude.com\/news\/wp-json\/wp\/v2\/categories?post=27641"},{"taxonomy":"post_tag","embeddable":true,"href":"https:\/\/www.tuasaude.com\/news\/wp-json\/wp\/v2\/tags?post=27641"}],"curies":[{"name":"wp","href":"https:\/\/api.w.org\/{rel}","templated":true}]}}