{"id":27394,"date":"2026-04-26T15:00:00","date_gmt":"2026-04-26T18:00:00","guid":{"rendered":"https:\/\/www.tuasaude.com\/news\/?p=27394"},"modified":"2026-04-25T18:23:43","modified_gmt":"2026-04-25T21:23:43","slug":"como-e-a-dor-de-cabeca-causada-pela-pressao-alta","status":"publish","type":"post","link":"https:\/\/www.tuasaude.com\/news\/2026\/04\/26\/como-e-a-dor-de-cabeca-causada-pela-pressao-alta\/","title":{"rendered":"Como \u00e9 a dor de cabe\u00e7a causada pela press\u00e3o alta"},"content":{"rendered":"\n<p>A dor de cabe\u00e7a causada pela <strong><a href=\"https:\/\/www.tuasaude.com\/pressao-alta\/\" target=\"_blank\" rel=\"noreferrer noopener\">press\u00e3o alta<\/a><\/strong> costuma ser <strong>pulsante, intensa e surge nos dois lados da cabe\u00e7a<\/strong>, diferenciando-se de outros tipos de cefaleia. Ela aparece principalmente quando os n\u00edveis press\u00f3ricos est\u00e3o muito elevados e pode vir acompanhada de sintomas como <strong><a href=\"https:\/\/www.tuasaude.com\/nauseas\/\" target=\"_blank\" rel=\"noreferrer noopener\">n\u00e1useas<\/a><\/strong> e vis\u00e3o emba\u00e7ada. Entender esses sinais \u00e9 essencial para agir rapidamente e evitar complica\u00e7\u00f5es cardiovasculares graves.<\/p>\n\n\n\n<h2 class=\"wp-block-heading\">Como identificar a dor de cabe\u00e7a da press\u00e3o alta?<\/h2>\n\n\n\n<p>A <strong><a href=\"https:\/\/www.tuasaude.com\/dor-de-cabeca-do-lado-esquerdo\/\" target=\"_blank\" rel=\"noreferrer noopener\">dor de cabe\u00e7a<\/a><\/strong> ligada \u00e0 press\u00e3o alta tem caracter\u00edsticas espec\u00edficas. Ela geralmente ocorre nas duas laterais da cabe\u00e7a, com sensa\u00e7\u00e3o pulsante e de forte intensidade, semelhante a uma latejada constante.<\/p>\n\n\n\n<p>Esse tipo de dor tende a aparecer quando a press\u00e3o atinge valores <strong>iguais ou superiores a 180 por 120 mmHg<\/strong>, e pode durar horas ou at\u00e9 mesmo dias se o quadro n\u00e3o for controlado com medica\u00e7\u00e3o adequada.<\/p>\n\n\n\n<h2 class=\"wp-block-heading\">Quais sintomas acompanham essa dor de cabe\u00e7a?<\/h2>\n\n\n\n<p>A hipertens\u00e3o \u00e9 chamada de inimiga silenciosa porque costuma n\u00e3o apresentar sintomas evidentes. No entanto, quando a press\u00e3o sobe muito, a dor de cabe\u00e7a pode vir acompanhada de outros sinais importantes que servem como alerta para procurar atendimento.<\/p>\n\n\n<div class=\"wp-block-image\">\n<figure class=\"aligncenter size-large\"><img decoding=\"async\" width=\"1024\" height=\"382\" src=\"https:\/\/www.tuasaude.com\/news\/wp-content\/uploads\/2026\/04\/sintomas-1-1024x382.jpg\" alt=\"sintomas\" class=\"wp-image-28086\" srcset=\"https:\/\/www.tuasaude.com\/news\/wp-content\/uploads\/2026\/04\/sintomas-1-1024x382.jpg 1024w, https:\/\/www.tuasaude.com\/news\/wp-content\/uploads\/2026\/04\/sintomas-1-300x112.jpg 300w, https:\/\/www.tuasaude.com\/news\/wp-content\/uploads\/2026\/04\/sintomas-1-768x287.jpg 768w, https:\/\/www.tuasaude.com\/news\/wp-content\/uploads\/2026\/04\/sintomas-1-750x280.jpg 750w, https:\/\/www.tuasaude.com\/news\/wp-content\/uploads\/2026\/04\/sintomas-1-1140x426.jpg 1140w, https:\/\/www.tuasaude.com\/news\/wp-content\/uploads\/2026\/04\/sintomas-1.jpg 1280w\" sizes=\"(max-width: 1024px) 100vw, 1024px\" \/><\/figure>\n<\/div>\n\n\n<h2 class=\"wp-block-heading\">Estudo cient\u00edfico confirma a rela\u00e7\u00e3o entre press\u00e3o alta e dor de cabe\u00e7a<\/h2>\n\n\n\n<p>Durante muito tempo, a rela\u00e7\u00e3o entre hipertens\u00e3o e cefaleia foi alvo de debates na comunidade m\u00e9dica. Pesquisas recentes, no entanto, v\u00eam confirmando que existe sim uma associa\u00e7\u00e3o estatisticamente significativa entre os dois quadros, especialmente nos casos de dor de cabe\u00e7a intensa.<\/p>\n\n\n\n<p>Segundo o estudo<strong> <a href=\"https:\/\/pubmed.ncbi.nlm.nih.gov\/36604265\/\" target=\"_blank\" rel=\"noreferrer noopener\">Associa\u00e7\u00e3o entre enxaqueca ou cefaleia intensa e hipertens\u00e3o em adultos nos EUA: um estudo transversal<\/a><\/strong>, publicado no PubMed e baseado nos dados do National Health and Nutrition Examination Survey, adultos com enxaqueca ou dor de cabe\u00e7a intensa apresentam <strong>25% mais chances de ter press\u00e3o alta<\/strong> em compara\u00e7\u00e3o com pessoas que n\u00e3o sofrem com esses sintomas, refor\u00e7ando a import\u00e2ncia da aten\u00e7\u00e3o a quadros recorrentes.<\/p>\n\n\n<div class=\"wp-block-image\">\n<figure class=\"aligncenter size-large\"><img decoding=\"async\" width=\"1024\" height=\"571\" src=\"https:\/\/www.tuasaude.com\/news\/wp-content\/uploads\/2026\/04\/freepik_ilustracao-nao-fotorealis_2864878327-1024x571.jpg\" alt=\"Como \u00e9 a dor de cabe\u00e7a causada pela press\u00e3o alta\" class=\"wp-image-28375\" srcset=\"https:\/\/www.tuasaude.com\/news\/wp-content\/uploads\/2026\/04\/freepik_ilustracao-nao-fotorealis_2864878327-1024x571.jpg 1024w, https:\/\/www.tuasaude.com\/news\/wp-content\/uploads\/2026\/04\/freepik_ilustracao-nao-fotorealis_2864878327-300x167.jpg 300w, https:\/\/www.tuasaude.com\/news\/wp-content\/uploads\/2026\/04\/freepik_ilustracao-nao-fotorealis_2864878327-768x428.jpg 768w, https:\/\/www.tuasaude.com\/news\/wp-content\/uploads\/2026\/04\/freepik_ilustracao-nao-fotorealis_2864878327-750x418.jpg 750w, https:\/\/www.tuasaude.com\/news\/wp-content\/uploads\/2026\/04\/freepik_ilustracao-nao-fotorealis_2864878327-1140x636.jpg 1140w, https:\/\/www.tuasaude.com\/news\/wp-content\/uploads\/2026\/04\/freepik_ilustracao-nao-fotorealis_2864878327.jpg 1280w\" sizes=\"(max-width: 1024px) 100vw, 1024px\" \/><figcaption class=\"wp-element-caption\">Quando a press\u00e3o sobe demais, a dor pode vir com n\u00e1useas e vis\u00e3o emba\u00e7ada.<\/figcaption><\/figure>\n<\/div>\n\n\n<h2 class=\"wp-block-heading\">Quando a dor de cabe\u00e7a da press\u00e3o alta \u00e9 perigosa?<\/h2>\n\n\n\n<p>A dor de cabe\u00e7a hipertensiva se torna uma emerg\u00eancia m\u00e9dica quando persiste e n\u00e3o \u00e9 tratada rapidamente. A press\u00e3o arterial muito elevada por per\u00edodos prolongados pode causar les\u00f5es graves em \u00f3rg\u00e3os vitais.<\/p>\n\n\n\n<p>Entre os principais riscos de uma crise hipertensiva n\u00e3o controlada est\u00e3o o <strong>acidente vascular cerebral, o infarto agudo do mioc\u00e1rdio, a insufici\u00eancia card\u00edaca e a ruptura da aorta<\/strong>, que \u00e9 uma das art\u00e9rias mais importantes do corpo.<\/p>\n\n\n\n<h2 class=\"wp-block-heading\">Como prevenir a dor de cabe\u00e7a por press\u00e3o alta?<\/h2>\n\n\n\n<p>A preven\u00e7\u00e3o \u00e9 o caminho mais eficaz para evitar epis\u00f3dios de dor de cabe\u00e7a causados pela <strong><a href=\"https:\/\/www.tuasaude.com\/sintomas-de-hipertensao\/\" target=\"_blank\" rel=\"noreferrer noopener\">hipertens\u00e3o<\/a><\/strong>. Pequenas mudan\u00e7as no estilo de vida, somadas ao acompanhamento m\u00e9dico regular, fazem grande diferen\u00e7a no controle dos n\u00edveis press\u00f3ricos ao longo do tempo.<\/p>\n\n\n\n<ul class=\"wp-block-list\">\n<li><strong>Tomar os medicamentos anti-hipertensivos<\/strong> nas doses e hor\u00e1rios indicados pelo m\u00e9dico<\/li>\n\n\n\n<li><strong>Reduzir o consumo de sal<\/strong> na alimenta\u00e7\u00e3o di\u00e1ria<\/li>\n\n\n\n<li><strong>Praticar atividade f\u00edsica regularmente<\/strong>, pelo menos 30 minutos na maioria dos dias<\/li>\n\n\n\n<li><strong>Abandonar o tabagismo<\/strong> e moderar o consumo de \u00e1lcool<\/li>\n\n\n\n<li><strong>Controlar o estresse<\/strong> por meio de t\u00e9cnicas de relaxamento ou medita\u00e7\u00e3o<\/li>\n\n\n\n<li>Manter o peso corporal adequado e uma alimenta\u00e7\u00e3o rica em frutas e vegetais<\/li>\n<\/ul>\n\n\n\n<p><em>Este conte\u00fado tem car\u00e1ter exclusivamente informativo e n\u00e3o substitui a avalia\u00e7\u00e3o, o diagn\u00f3stico ou o tratamento realizado por um m\u00e9dico. Em caso de dor de cabe\u00e7a intensa associada \u00e0 press\u00e3o alta, procure atendimento m\u00e9dico imediatamente.<\/em><\/p>\n","protected":false},"excerpt":{"rendered":"<p>A dor de cabe\u00e7a causada pela press\u00e3o alta costuma ser pulsante, intensa e surge nos dois lados da cabe\u00e7a, diferenciando-se de outros tipos de cefaleia. Ela aparece principalmente quando os n\u00edveis press\u00f3ricos est\u00e3o muito elevados e pode vir acompanhada de sintomas como n\u00e1useas e vis\u00e3o emba\u00e7ada. Entender esses sinais \u00e9 essencial para agir rapidamente e [&hellip;]<\/p>\n","protected":false},"author":9,"featured_media":28374,"comment_status":"open","ping_status":"open","sticky":false,"template":"","format":"standard","meta":{"_yoast_wpseo_focuskw":"dor de cabe\u00e7a","_yoast_wpseo_title":"","_yoast_wpseo_metadesc":"Saiba como identificar a dor de cabe\u00e7a causada pela press\u00e3o alta e quais sinais indicam risco de complica\u00e7\u00f5es cardiovasculares.","jnews-multi-image_gallery":[],"jnews_single_post":{"format":"standard"},"jnews_primary_category":[],"jnews_social_meta":[],"jnews_override_counter":[],"footnotes":""},"categories":[111],"tags":[6143,282,1119,1278],"class_list":["post-27394","post","type-post","status-publish","format-standard","has-post-thumbnail","hentry","category-saude","tag-cefaleia","tag-dor-de-cabeca","tag-hipertensao","tag-pressao-alta"],"yoast_head":"<!-- This site is optimized with the Yoast SEO plugin v26.7 - https:\/\/yoast.com\/wordpress\/plugins\/seo\/ -->\n<title>Como \u00e9 a dor de cabe\u00e7a causada pela press\u00e3o alta - Tua Sa\u00fade<\/title>\n<meta name=\"description\" content=\"Saiba como identificar a dor de cabe\u00e7a causada pela press\u00e3o alta e quais sinais indicam risco de complica\u00e7\u00f5es cardiovasculares.\" \/>\n<meta name=\"robots\" content=\"index, follow, max-snippet:-1, max-image-preview:large, max-video-preview:-1\" \/>\n<link rel=\"canonical\" href=\"https:\/\/www.tuasaude.com\/news\/2026\/04\/26\/como-e-a-dor-de-cabeca-causada-pela-pressao-alta\/\" \/>\n<meta property=\"og:locale\" content=\"pt_BR\" \/>\n<meta property=\"og:type\" content=\"article\" \/>\n<meta property=\"og:title\" content=\"Como \u00e9 a dor de cabe\u00e7a causada pela press\u00e3o alta - Tua Sa\u00fade\" \/>\n<meta property=\"og:description\" content=\"Saiba como identificar a dor de cabe\u00e7a causada pela press\u00e3o alta e quais sinais indicam risco de complica\u00e7\u00f5es cardiovasculares.\" \/>\n<meta property=\"og:url\" content=\"https:\/\/www.tuasaude.com\/news\/2026\/04\/26\/como-e-a-dor-de-cabeca-causada-pela-pressao-alta\/\" \/>\n<meta property=\"og:site_name\" content=\"Tua Sa\u00fade\" \/>\n<meta property=\"article:published_time\" content=\"2026-04-26T18:00:00+00:00\" \/>\n<meta property=\"og:image\" content=\"https:\/\/www.tuasaude.com\/news\/wp-content\/uploads\/2026\/04\/freepik_ilustracao-nao-fotorealis_2864878044.jpg\" \/>\n\t<meta property=\"og:image:width\" content=\"1280\" \/>\n\t<meta property=\"og:image:height\" content=\"714\" \/>\n\t<meta property=\"og:image:type\" content=\"image\/jpeg\" \/>\n<meta name=\"author\" content=\"Roberta Patriota\" \/>\n<meta name=\"twitter:card\" content=\"summary_large_image\" \/>\n<meta name=\"twitter:label1\" content=\"Escrito por\" \/>\n\t<meta name=\"twitter:data1\" content=\"Roberta Patriota\" \/>\n\t<meta name=\"twitter:label2\" content=\"Est. tempo de leitura\" \/>\n\t<meta name=\"twitter:data2\" content=\"4 minutos\" \/>\n<!-- \/ Yoast SEO plugin. -->","yoast_head_json":{"title":"Como \u00e9 a dor de cabe\u00e7a causada pela press\u00e3o alta - Tua Sa\u00fade","description":"Saiba como identificar a dor de cabe\u00e7a causada pela press\u00e3o alta e quais sinais indicam risco de complica\u00e7\u00f5es cardiovasculares.","robots":{"index":"index","follow":"follow","max-snippet":"max-snippet:-1","max-image-preview":"max-image-preview:large","max-video-preview":"max-video-preview:-1"},"canonical":"https:\/\/www.tuasaude.com\/news\/2026\/04\/26\/como-e-a-dor-de-cabeca-causada-pela-pressao-alta\/","og_locale":"pt_BR","og_type":"article","og_title":"Como \u00e9 a dor de cabe\u00e7a causada pela press\u00e3o alta - Tua Sa\u00fade","og_description":"Saiba como identificar a dor de cabe\u00e7a causada pela press\u00e3o alta e quais sinais indicam risco de complica\u00e7\u00f5es cardiovasculares.","og_url":"https:\/\/www.tuasaude.com\/news\/2026\/04\/26\/como-e-a-dor-de-cabeca-causada-pela-pressao-alta\/","og_site_name":"Tua Sa\u00fade","article_published_time":"2026-04-26T18:00:00+00:00","og_image":[{"width":1280,"height":714,"url":"https:\/\/www.tuasaude.com\/news\/wp-content\/uploads\/2026\/04\/freepik_ilustracao-nao-fotorealis_2864878044.jpg","type":"image\/jpeg"}],"author":"Roberta Patriota","twitter_card":"summary_large_image","twitter_misc":{"Escrito por":"Roberta Patriota","Est. tempo de leitura":"4 minutos"},"schema":{"@context":"https:\/\/schema.org","@graph":[{"@type":"Article","@id":"https:\/\/www.tuasaude.com\/news\/2026\/04\/26\/como-e-a-dor-de-cabeca-causada-pela-pressao-alta\/#article","isPartOf":{"@id":"https:\/\/www.tuasaude.com\/news\/2026\/04\/26\/como-e-a-dor-de-cabeca-causada-pela-pressao-alta\/"},"author":{"name":"Roberta Patriota","@id":"https:\/\/www.tuasaude.com\/news\/#\/schema\/person\/27adc41011393316b12ef997ca893e44"},"headline":"Como \u00e9 a dor de cabe\u00e7a causada pela press\u00e3o alta","datePublished":"2026-04-26T18:00:00+00:00","mainEntityOfPage":{"@id":"https:\/\/www.tuasaude.com\/news\/2026\/04\/26\/como-e-a-dor-de-cabeca-causada-pela-pressao-alta\/"},"wordCount":633,"commentCount":0,"image":{"@id":"https:\/\/www.tuasaude.com\/news\/2026\/04\/26\/como-e-a-dor-de-cabeca-causada-pela-pressao-alta\/#primaryimage"},"thumbnailUrl":"https:\/\/www.tuasaude.com\/news\/wp-content\/uploads\/2026\/04\/freepik_ilustracao-nao-fotorealis_2864878044.jpg","keywords":["cefaleia","dor de cabe\u00e7a","hipertens\u00e3o","press\u00e3o alta"],"articleSection":["Sa\u00fade"],"inLanguage":"pt-BR","potentialAction":[{"@type":"CommentAction","name":"Comment","target":["https:\/\/www.tuasaude.com\/news\/2026\/04\/26\/como-e-a-dor-de-cabeca-causada-pela-pressao-alta\/#respond"]}]},{"@type":"WebPage","@id":"https:\/\/www.tuasaude.com\/news\/2026\/04\/26\/como-e-a-dor-de-cabeca-causada-pela-pressao-alta\/","url":"https:\/\/www.tuasaude.com\/news\/2026\/04\/26\/como-e-a-dor-de-cabeca-causada-pela-pressao-alta\/","name":"Como \u00e9 a dor de cabe\u00e7a causada pela press\u00e3o alta - Tua Sa\u00fade","isPartOf":{"@id":"https:\/\/www.tuasaude.com\/news\/#website"},"primaryImageOfPage":{"@id":"https:\/\/www.tuasaude.com\/news\/2026\/04\/26\/como-e-a-dor-de-cabeca-causada-pela-pressao-alta\/#primaryimage"},"image":{"@id":"https:\/\/www.tuasaude.com\/news\/2026\/04\/26\/como-e-a-dor-de-cabeca-causada-pela-pressao-alta\/#primaryimage"},"thumbnailUrl":"https:\/\/www.tuasaude.com\/news\/wp-content\/uploads\/2026\/04\/freepik_ilustracao-nao-fotorealis_2864878044.jpg","datePublished":"2026-04-26T18:00:00+00:00","author":{"@id":"https:\/\/www.tuasaude.com\/news\/#\/schema\/person\/27adc41011393316b12ef997ca893e44"},"description":"Saiba como identificar a dor de cabe\u00e7a causada pela press\u00e3o alta e quais sinais indicam risco de complica\u00e7\u00f5es cardiovasculares.","breadcrumb":{"@id":"https:\/\/www.tuasaude.com\/news\/2026\/04\/26\/como-e-a-dor-de-cabeca-causada-pela-pressao-alta\/#breadcrumb"},"inLanguage":"pt-BR","potentialAction":[{"@type":"ReadAction","target":["https:\/\/www.tuasaude.com\/news\/2026\/04\/26\/como-e-a-dor-de-cabeca-causada-pela-pressao-alta\/"]}]},{"@type":"ImageObject","inLanguage":"pt-BR","@id":"https:\/\/www.tuasaude.com\/news\/2026\/04\/26\/como-e-a-dor-de-cabeca-causada-pela-pressao-alta\/#primaryimage","url":"https:\/\/www.tuasaude.com\/news\/wp-content\/uploads\/2026\/04\/freepik_ilustracao-nao-fotorealis_2864878044.jpg","contentUrl":"https:\/\/www.tuasaude.com\/news\/wp-content\/uploads\/2026\/04\/freepik_ilustracao-nao-fotorealis_2864878044.jpg","width":1280,"height":714,"caption":"Dor de cabe\u00e7a intensa e pulsante pode ser sinal de press\u00e3o muito alta."},{"@type":"BreadcrumbList","@id":"https:\/\/www.tuasaude.com\/news\/2026\/04\/26\/como-e-a-dor-de-cabeca-causada-pela-pressao-alta\/#breadcrumb","itemListElement":[{"@type":"ListItem","position":1,"name":"In\u00edcio","item":"https:\/\/www.tuasaude.com\/news\/"},{"@type":"ListItem","position":2,"name":"Como \u00e9 a dor de cabe\u00e7a causada pela press\u00e3o alta"}]},{"@type":"WebSite","@id":"https:\/\/www.tuasaude.com\/news\/#website","url":"https:\/\/www.tuasaude.com\/news\/","name":"Tua Sa\u00fade","description":"Seu site de sa\u00fade","potentialAction":[{"@type":"SearchAction","target":{"@type":"EntryPoint","urlTemplate":"https:\/\/www.tuasaude.com\/news\/?s={search_term_string}"},"query-input":{"@type":"PropertyValueSpecification","valueRequired":true,"valueName":"search_term_string"}}],"inLanguage":"pt-BR"},{"@type":"Person","@id":"https:\/\/www.tuasaude.com\/news\/#\/schema\/person\/27adc41011393316b12ef997ca893e44","name":"Roberta Patriota","image":{"@type":"ImageObject","inLanguage":"pt-BR","@id":"https:\/\/www.tuasaude.com\/news\/#\/schema\/person\/image\/","url":"https:\/\/secure.gravatar.com\/avatar\/40fc934d21bfa38a60909bb2e5f2ec503dcd4d849aa772e107feb32efe75c210?s=96&d=mm&r=g","contentUrl":"https:\/\/secure.gravatar.com\/avatar\/40fc934d21bfa38a60909bb2e5f2ec503dcd4d849aa772e107feb32efe75c210?s=96&d=mm&r=g","caption":"Roberta Patriota"},"sameAs":["https:\/\/www.tuasaude.com\/news\/"],"url":"https:\/\/www.tuasaude.com\/news\/author\/roberta-patriota\/"}]}},"_links":{"self":[{"href":"https:\/\/www.tuasaude.com\/news\/wp-json\/wp\/v2\/posts\/27394","targetHints":{"allow":["GET"]}}],"collection":[{"href":"https:\/\/www.tuasaude.com\/news\/wp-json\/wp\/v2\/posts"}],"about":[{"href":"https:\/\/www.tuasaude.com\/news\/wp-json\/wp\/v2\/types\/post"}],"author":[{"embeddable":true,"href":"https:\/\/www.tuasaude.com\/news\/wp-json\/wp\/v2\/users\/9"}],"replies":[{"embeddable":true,"href":"https:\/\/www.tuasaude.com\/news\/wp-json\/wp\/v2\/comments?post=27394"}],"version-history":[{"count":3,"href":"https:\/\/www.tuasaude.com\/news\/wp-json\/wp\/v2\/posts\/27394\/revisions"}],"predecessor-version":[{"id":28400,"href":"https:\/\/www.tuasaude.com\/news\/wp-json\/wp\/v2\/posts\/27394\/revisions\/28400"}],"wp:featuredmedia":[{"embeddable":true,"href":"https:\/\/www.tuasaude.com\/news\/wp-json\/wp\/v2\/media\/28374"}],"wp:attachment":[{"href":"https:\/\/www.tuasaude.com\/news\/wp-json\/wp\/v2\/media?parent=27394"}],"wp:term":[{"taxonomy":"category","embeddable":true,"href":"https:\/\/www.tuasaude.com\/news\/wp-json\/wp\/v2\/categories?post=27394"},{"taxonomy":"post_tag","embeddable":true,"href":"https:\/\/www.tuasaude.com\/news\/wp-json\/wp\/v2\/tags?post=27394"}],"curies":[{"name":"wp","href":"https:\/\/api.w.org\/{rel}","templated":true}]}}