{"id":27294,"date":"2026-04-25T01:20:00","date_gmt":"2026-04-25T04:20:00","guid":{"rendered":"https:\/\/www.tuasaude.com\/news\/?p=27294"},"modified":"2026-04-24T13:13:57","modified_gmt":"2026-04-24T16:13:57","slug":"4-alimentos-que-ajudam-a-prevenir-o-declinio-cognitivo-e-proteger-a-memoria-com-o-envelhecimento","status":"publish","type":"post","link":"https:\/\/www.tuasaude.com\/news\/2026\/04\/25\/4-alimentos-que-ajudam-a-prevenir-o-declinio-cognitivo-e-proteger-a-memoria-com-o-envelhecimento\/","title":{"rendered":"4 alimentos que ajudam a prevenir o decl\u00ednio cognitivo e proteger a mem\u00f3ria com o envelhecimento"},"content":{"rendered":"\n<p>O envelhecimento do c\u00e9rebro n\u00e3o acontece da mesma forma em todas as pessoas, e a alimenta\u00e7\u00e3o \u00e9 um dos fatores que mais influenciam essa diferen\u00e7a. Certos nutrientes t\u00eam a\u00e7\u00e3o neuroprotetora comprovada, atuando contra o estresse oxidativo, a inflama\u00e7\u00e3o cr\u00f4nica e a perda de conex\u00f5es entre neur\u00f4nios. Incluir esses alimentos na rotina ajuda a preservar a mem\u00f3ria, o racioc\u00ednio e a aten\u00e7\u00e3o ao longo dos anos, reduzindo o risco de doen\u00e7as como Alzheimer e dem\u00eancia vascular.<\/p>\n\n\n\n<h2 class=\"wp-block-heading\">Por que a alimenta\u00e7\u00e3o influencia o c\u00e9rebro?<\/h2>\n\n\n\n<p>O c\u00e9rebro consome cerca de 20% da energia do corpo e depende de um fluxo constante de nutrientes para manter a comunica\u00e7\u00e3o entre os neur\u00f4nios. Defici\u00eancias alimentares aceleram processos inflamat\u00f3rios e favorecem o ac\u00famulo de placas associadas ao decl\u00ednio cognitivo.<\/p>\n\n\n\n<p>Vitaminas do complexo B, \u00f4mega-3, polifen\u00f3is e antioxidantes atuam de forma integrada, protegendo as c\u00e9lulas cerebrais e melhorando a plasticidade neural. Por isso, padr\u00f5es alimentares como a dieta mediterr\u00e2nea e a dieta MIND s\u00e3o associados \u00e0 menor incid\u00eancia de problemas de mem\u00f3ria com o envelhecimento.<\/p>\n\n\n\n<h2 class=\"wp-block-heading\">Quais alimentos protegem a mem\u00f3ria?<\/h2>\n\n\n\n<p>Alguns alimentos se destacam por reunir nutrientes espec\u00edficos que agem diretamente no tecido cerebral. Inclu\u00ed-los regularmente, e n\u00e3o apenas de forma pontual, \u00e9 o que traz resultados consistentes ao longo dos anos:<\/p>\n\n\n<div class=\"wp-block-image\">\n<figure class=\"aligncenter size-large\"><img decoding=\"async\" width=\"1024\" height=\"422\" src=\"https:\/\/www.tuasaude.com\/news\/wp-content\/uploads\/2026\/04\/convertido-42-9-1024x422.jpg\" alt=\"Quais alimentos protegem a mem\u00f3ria?\" class=\"wp-image-27295\" srcset=\"https:\/\/www.tuasaude.com\/news\/wp-content\/uploads\/2026\/04\/convertido-42-9-1024x422.jpg 1024w, https:\/\/www.tuasaude.com\/news\/wp-content\/uploads\/2026\/04\/convertido-42-9-300x124.jpg 300w, https:\/\/www.tuasaude.com\/news\/wp-content\/uploads\/2026\/04\/convertido-42-9-768x316.jpg 768w, https:\/\/www.tuasaude.com\/news\/wp-content\/uploads\/2026\/04\/convertido-42-9-750x309.jpg 750w, https:\/\/www.tuasaude.com\/news\/wp-content\/uploads\/2026\/04\/convertido-42-9-1140x469.jpg 1140w, https:\/\/www.tuasaude.com\/news\/wp-content\/uploads\/2026\/04\/convertido-42-9.jpg 1280w\" sizes=\"(max-width: 1024px) 100vw, 1024px\" \/><figcaption class=\"wp-element-caption\">Quais alimentos protegem a mem\u00f3ria?<\/figcaption><\/figure>\n<\/div>\n\n\n<p>A combina\u00e7\u00e3o desses grupos alimentares \u00e9 mais eficiente do que o consumo isolado, e pode ser complementada por h\u00e1bitos como o uso frequente de <a href=\"https:\/\/www.tuasaude.com\/beneficios-do-azeite\/\" target=\"_blank\" rel=\"noreferrer noopener\">azeite de oliva extravirgem<\/a>, presente nas dietas mais estudadas para prote\u00e7\u00e3o cognitiva.<\/p>\n\n\n\n<h2 class=\"wp-block-heading\">Como esses nutrientes agem no c\u00e9rebro?<\/h2>\n\n\n\n<p>Cada grupo alimentar atua em frentes diferentes, e \u00e9 essa complementaridade que fortalece as fun\u00e7\u00f5es cognitivas. Entender o papel de cada um ajuda a montar refei\u00e7\u00f5es mais estrat\u00e9gicas ao longo da semana.<\/p>\n\n\n\n<p>O \u00f4mega-3 melhora a comunica\u00e7\u00e3o entre neur\u00f4nios e reduz inflama\u00e7\u00e3o, enquanto antocianinas e flavonoides neutralizam radicais livres. O folato presente nos vegetais verdes regula a homociste\u00edna, cujo excesso est\u00e1 ligado a perdas de mem\u00f3ria, e a vitamina E das oleaginosas protege as c\u00e9lulas de danos oxidativos. Esse conjunto tamb\u00e9m favorece a sa\u00fade vascular, essencial para evitar <a href=\"https:\/\/www.tuasaude.com\/demencia\/\" target=\"_blank\" rel=\"noreferrer noopener\">dem\u00eancia<\/a> de origem circulat\u00f3ria.<\/p>\n\n\n<div class=\"wp-block-image\">\n<figure class=\"aligncenter size-large\"><img decoding=\"async\" width=\"1024\" height=\"571\" src=\"https:\/\/www.tuasaude.com\/news\/wp-content\/uploads\/2026\/04\/freepik_illustration-nonphotoreal_2859183746-1024x571.jpg\" alt=\"4 alimentos que ajudam a prevenir o decl\u00ednio cognitivo e proteger a mem\u00f3ria com o envelhecimento\" class=\"wp-image-27740\" srcset=\"https:\/\/www.tuasaude.com\/news\/wp-content\/uploads\/2026\/04\/freepik_illustration-nonphotoreal_2859183746-1024x571.jpg 1024w, https:\/\/www.tuasaude.com\/news\/wp-content\/uploads\/2026\/04\/freepik_illustration-nonphotoreal_2859183746-300x167.jpg 300w, https:\/\/www.tuasaude.com\/news\/wp-content\/uploads\/2026\/04\/freepik_illustration-nonphotoreal_2859183746-768x428.jpg 768w, https:\/\/www.tuasaude.com\/news\/wp-content\/uploads\/2026\/04\/freepik_illustration-nonphotoreal_2859183746-750x418.jpg 750w, https:\/\/www.tuasaude.com\/news\/wp-content\/uploads\/2026\/04\/freepik_illustration-nonphotoreal_2859183746-1140x636.jpg 1140w, https:\/\/www.tuasaude.com\/news\/wp-content\/uploads\/2026\/04\/freepik_illustration-nonphotoreal_2859183746.jpg 1280w\" sizes=\"(max-width: 1024px) 100vw, 1024px\" \/><figcaption class=\"wp-element-caption\">Alimenta\u00e7\u00e3o rica em nutrientes ajuda a proteger o c\u00e9rebro e a mem\u00f3ria<\/figcaption><\/figure>\n<\/div>\n\n\n<h2 class=\"wp-block-heading\">Como um estudo cient\u00edfico comprova esses efeitos?<\/h2>\n\n\n\n<p>As evid\u00eancias em humanos v\u00eam de pesquisas de longo prazo que acompanham milhares de pessoas por anos, observando h\u00e1bitos alimentares e desempenho cognitivo. Esse tipo de estudo ajuda a separar modismos de recomenda\u00e7\u00f5es realmente fundamentadas.<\/p>\n\n\n\n<p>Segundo o estudo <a href=\"https:\/\/pubmed.ncbi.nlm.nih.gov\/25681666\/\" target=\"_blank\" rel=\"noreferrer noopener\">MIND diet associated with reduced incidence of Alzheimer&#8217;s disease<\/a>, publicado no peri\u00f3dico Alzheimer&#8217;s &amp; Dementia, participantes com maior ades\u00e3o ao padr\u00e3o alimentar baseado em folhas verdes, frutas vermelhas, peixes e oleaginosas apresentaram risco at\u00e9 53% menor de desenvolver Alzheimer, mesmo quando a ades\u00e3o foi apenas moderada.<\/p>\n\n\n\n<h2 class=\"wp-block-heading\">Como incluir esses alimentos na rotina?<\/h2>\n\n\n\n<p>Manter esses alimentos na mesa n\u00e3o exige grandes mudan\u00e7as, e sim const\u00e2ncia. Pequenas substitui\u00e7\u00f5es ao longo do dia j\u00e1 s\u00e3o suficientes para criar um padr\u00e3o alimentar protetor ao c\u00e9rebro.<\/p>\n\n\n\n<p>Vale consumir peixes gordurosos ao menos duas vezes por semana, incluir uma por\u00e7\u00e3o de frutas vermelhas no caf\u00e9 da manh\u00e3 ou lanches, acrescentar folhas verdes no almo\u00e7o e jantar, e manter um punhado de oleaginosas como op\u00e7\u00e3o entre as refei\u00e7\u00f5es. Somar h\u00e1bitos como sono de qualidade, atividade f\u00edsica regular e est\u00edmulos mentais potencializa os resultados, assim como cuidar de fatores de risco como press\u00e3o alta, diabetes e <a href=\"https:\/\/www.tuasaude.com\/colesterol-alto\/\" target=\"_blank\" rel=\"noreferrer noopener\">colesterol alto<\/a>.<\/p>\n\n\n\n<p><em>Este conte\u00fado tem car\u00e1ter exclusivamente informativo e n\u00e3o substitui a avalia\u00e7\u00e3o, o diagn\u00f3stico ou o tratamento realizados por um m\u00e9dico ou nutricionista. Em caso de d\u00favidas sobre sa\u00fade cognitiva ou alimenta\u00e7\u00e3o, procure orienta\u00e7\u00e3o profissional qualificada.<\/em><\/p>\n","protected":false},"excerpt":{"rendered":"<p>O envelhecimento do c\u00e9rebro n\u00e3o acontece da mesma forma em todas as pessoas, e a alimenta\u00e7\u00e3o \u00e9 um dos fatores que mais influenciam essa diferen\u00e7a. Certos nutrientes t\u00eam a\u00e7\u00e3o neuroprotetora comprovada, atuando contra o estresse oxidativo, a inflama\u00e7\u00e3o cr\u00f4nica e a perda de conex\u00f5es entre neur\u00f4nios. Incluir esses alimentos na rotina ajuda a preservar a [&hellip;]<\/p>\n","protected":false},"author":11,"featured_media":27739,"comment_status":"open","ping_status":"open","sticky":false,"template":"","format":"standard","meta":{"_yoast_wpseo_focuskw":"alimentos para prevenir decl\u00ednio cognitivo","_yoast_wpseo_title":"","_yoast_wpseo_metadesc":"Alimentos do dia a dia podem proteger o c\u00e9rebro, melhorar o racioc\u00ednio e ajudar a prevenir perdas de mem\u00f3ria com o envelhecimento.","jnews-multi-image_gallery":[],"jnews_single_post":{"format":"standard"},"jnews_primary_category":[],"jnews_social_meta":[],"jnews_override_counter":[],"footnotes":""},"categories":[111],"tags":[220,1294,132,4643],"class_list":["post-27294","post","type-post","status-publish","format-standard","has-post-thumbnail","hentry","category-saude","tag-alimentacao","tag-declinio-cognitivo","tag-envelhecimento","tag-proteger-a-memoria"],"yoast_head":"<!-- This site is optimized with the Yoast SEO plugin v26.7 - https:\/\/yoast.com\/wordpress\/plugins\/seo\/ -->\n<title>4 alimentos que ajudam a prevenir o decl\u00ednio cognitivo e proteger a mem\u00f3ria com o envelhecimento - Tua Sa\u00fade<\/title>\n<meta name=\"description\" content=\"Alimentos do dia a dia podem proteger o c\u00e9rebro, melhorar o racioc\u00ednio e ajudar a prevenir perdas de mem\u00f3ria com o envelhecimento.\" \/>\n<meta name=\"robots\" content=\"index, follow, max-snippet:-1, max-image-preview:large, max-video-preview:-1\" \/>\n<link rel=\"canonical\" href=\"https:\/\/www.tuasaude.com\/news\/2026\/04\/25\/4-alimentos-que-ajudam-a-prevenir-o-declinio-cognitivo-e-proteger-a-memoria-com-o-envelhecimento\/\" \/>\n<meta property=\"og:locale\" content=\"pt_BR\" \/>\n<meta property=\"og:type\" content=\"article\" \/>\n<meta property=\"og:title\" content=\"4 alimentos que ajudam a prevenir o decl\u00ednio cognitivo e proteger a mem\u00f3ria com o envelhecimento - Tua Sa\u00fade\" \/>\n<meta property=\"og:description\" content=\"Alimentos do dia a dia podem proteger o c\u00e9rebro, melhorar o racioc\u00ednio e ajudar a prevenir perdas de mem\u00f3ria com o envelhecimento.\" \/>\n<meta property=\"og:url\" content=\"https:\/\/www.tuasaude.com\/news\/2026\/04\/25\/4-alimentos-que-ajudam-a-prevenir-o-declinio-cognitivo-e-proteger-a-memoria-com-o-envelhecimento\/\" \/>\n<meta property=\"og:site_name\" content=\"Tua Sa\u00fade\" \/>\n<meta property=\"article:published_time\" content=\"2026-04-25T04:20:00+00:00\" \/>\n<meta property=\"og:image\" content=\"https:\/\/www.tuasaude.com\/news\/wp-content\/uploads\/2026\/04\/freepik_illustration-nonphotoreal_2859183238.jpg\" \/>\n\t<meta property=\"og:image:width\" content=\"1280\" \/>\n\t<meta property=\"og:image:height\" content=\"714\" \/>\n\t<meta property=\"og:image:type\" content=\"image\/jpeg\" \/>\n<meta name=\"author\" content=\"Gessika Julia Carvalho\" \/>\n<meta name=\"twitter:card\" content=\"summary_large_image\" \/>\n<meta name=\"twitter:label1\" content=\"Escrito por\" \/>\n\t<meta name=\"twitter:data1\" content=\"Gessika Julia Carvalho\" \/>\n\t<meta name=\"twitter:label2\" content=\"Est. tempo de leitura\" \/>\n\t<meta name=\"twitter:data2\" content=\"4 minutos\" \/>\n<!-- \/ Yoast SEO plugin. -->","yoast_head_json":{"title":"4 alimentos que ajudam a prevenir o decl\u00ednio cognitivo e proteger a mem\u00f3ria com o envelhecimento - Tua Sa\u00fade","description":"Alimentos do dia a dia podem proteger o c\u00e9rebro, melhorar o racioc\u00ednio e ajudar a prevenir perdas de mem\u00f3ria com o envelhecimento.","robots":{"index":"index","follow":"follow","max-snippet":"max-snippet:-1","max-image-preview":"max-image-preview:large","max-video-preview":"max-video-preview:-1"},"canonical":"https:\/\/www.tuasaude.com\/news\/2026\/04\/25\/4-alimentos-que-ajudam-a-prevenir-o-declinio-cognitivo-e-proteger-a-memoria-com-o-envelhecimento\/","og_locale":"pt_BR","og_type":"article","og_title":"4 alimentos que ajudam a prevenir o decl\u00ednio cognitivo e proteger a mem\u00f3ria com o envelhecimento - Tua Sa\u00fade","og_description":"Alimentos do dia a dia podem proteger o c\u00e9rebro, melhorar o racioc\u00ednio e ajudar a prevenir perdas de mem\u00f3ria com o envelhecimento.","og_url":"https:\/\/www.tuasaude.com\/news\/2026\/04\/25\/4-alimentos-que-ajudam-a-prevenir-o-declinio-cognitivo-e-proteger-a-memoria-com-o-envelhecimento\/","og_site_name":"Tua Sa\u00fade","article_published_time":"2026-04-25T04:20:00+00:00","og_image":[{"width":1280,"height":714,"url":"https:\/\/www.tuasaude.com\/news\/wp-content\/uploads\/2026\/04\/freepik_illustration-nonphotoreal_2859183238.jpg","type":"image\/jpeg"}],"author":"Gessika Julia Carvalho","twitter_card":"summary_large_image","twitter_misc":{"Escrito por":"Gessika Julia Carvalho","Est. tempo de leitura":"4 minutos"},"schema":{"@context":"https:\/\/schema.org","@graph":[{"@type":"Article","@id":"https:\/\/www.tuasaude.com\/news\/2026\/04\/25\/4-alimentos-que-ajudam-a-prevenir-o-declinio-cognitivo-e-proteger-a-memoria-com-o-envelhecimento\/#article","isPartOf":{"@id":"https:\/\/www.tuasaude.com\/news\/2026\/04\/25\/4-alimentos-que-ajudam-a-prevenir-o-declinio-cognitivo-e-proteger-a-memoria-com-o-envelhecimento\/"},"author":{"name":"Gessika Julia Carvalho","@id":"https:\/\/www.tuasaude.com\/news\/#\/schema\/person\/2e9df841be69ec84f5d20ddb8d273ac2"},"headline":"4 alimentos que ajudam a prevenir o decl\u00ednio cognitivo e proteger a mem\u00f3ria com o envelhecimento","datePublished":"2026-04-25T04:20:00+00:00","mainEntityOfPage":{"@id":"https:\/\/www.tuasaude.com\/news\/2026\/04\/25\/4-alimentos-que-ajudam-a-prevenir-o-declinio-cognitivo-e-proteger-a-memoria-com-o-envelhecimento\/"},"wordCount":687,"commentCount":0,"image":{"@id":"https:\/\/www.tuasaude.com\/news\/2026\/04\/25\/4-alimentos-que-ajudam-a-prevenir-o-declinio-cognitivo-e-proteger-a-memoria-com-o-envelhecimento\/#primaryimage"},"thumbnailUrl":"https:\/\/www.tuasaude.com\/news\/wp-content\/uploads\/2026\/04\/freepik_illustration-nonphotoreal_2859183238.jpg","keywords":["Alimenta\u00e7\u00e3o","decl\u00ednio cognitivo","envelhecimento","proteger a mem\u00f3ria"],"articleSection":["Sa\u00fade"],"inLanguage":"pt-BR","potentialAction":[{"@type":"CommentAction","name":"Comment","target":["https:\/\/www.tuasaude.com\/news\/2026\/04\/25\/4-alimentos-que-ajudam-a-prevenir-o-declinio-cognitivo-e-proteger-a-memoria-com-o-envelhecimento\/#respond"]}]},{"@type":"WebPage","@id":"https:\/\/www.tuasaude.com\/news\/2026\/04\/25\/4-alimentos-que-ajudam-a-prevenir-o-declinio-cognitivo-e-proteger-a-memoria-com-o-envelhecimento\/","url":"https:\/\/www.tuasaude.com\/news\/2026\/04\/25\/4-alimentos-que-ajudam-a-prevenir-o-declinio-cognitivo-e-proteger-a-memoria-com-o-envelhecimento\/","name":"4 alimentos que ajudam a prevenir o decl\u00ednio cognitivo e proteger a mem\u00f3ria com o envelhecimento - Tua Sa\u00fade","isPartOf":{"@id":"https:\/\/www.tuasaude.com\/news\/#website"},"primaryImageOfPage":{"@id":"https:\/\/www.tuasaude.com\/news\/2026\/04\/25\/4-alimentos-que-ajudam-a-prevenir-o-declinio-cognitivo-e-proteger-a-memoria-com-o-envelhecimento\/#primaryimage"},"image":{"@id":"https:\/\/www.tuasaude.com\/news\/2026\/04\/25\/4-alimentos-que-ajudam-a-prevenir-o-declinio-cognitivo-e-proteger-a-memoria-com-o-envelhecimento\/#primaryimage"},"thumbnailUrl":"https:\/\/www.tuasaude.com\/news\/wp-content\/uploads\/2026\/04\/freepik_illustration-nonphotoreal_2859183238.jpg","datePublished":"2026-04-25T04:20:00+00:00","author":{"@id":"https:\/\/www.tuasaude.com\/news\/#\/schema\/person\/2e9df841be69ec84f5d20ddb8d273ac2"},"description":"Alimentos do dia a dia podem proteger o c\u00e9rebro, melhorar o racioc\u00ednio e ajudar a prevenir perdas de mem\u00f3ria com o envelhecimento.","breadcrumb":{"@id":"https:\/\/www.tuasaude.com\/news\/2026\/04\/25\/4-alimentos-que-ajudam-a-prevenir-o-declinio-cognitivo-e-proteger-a-memoria-com-o-envelhecimento\/#breadcrumb"},"inLanguage":"pt-BR","potentialAction":[{"@type":"ReadAction","target":["https:\/\/www.tuasaude.com\/news\/2026\/04\/25\/4-alimentos-que-ajudam-a-prevenir-o-declinio-cognitivo-e-proteger-a-memoria-com-o-envelhecimento\/"]}]},{"@type":"ImageObject","inLanguage":"pt-BR","@id":"https:\/\/www.tuasaude.com\/news\/2026\/04\/25\/4-alimentos-que-ajudam-a-prevenir-o-declinio-cognitivo-e-proteger-a-memoria-com-o-envelhecimento\/#primaryimage","url":"https:\/\/www.tuasaude.com\/news\/wp-content\/uploads\/2026\/04\/freepik_illustration-nonphotoreal_2859183238.jpg","contentUrl":"https:\/\/www.tuasaude.com\/news\/wp-content\/uploads\/2026\/04\/freepik_illustration-nonphotoreal_2859183238.jpg","width":1280,"height":714,"caption":"\u00d4mega-3, antioxidantes e vitaminas reduzem inflama\u00e7\u00e3o e decl\u00ednio cognitivo"},{"@type":"BreadcrumbList","@id":"https:\/\/www.tuasaude.com\/news\/2026\/04\/25\/4-alimentos-que-ajudam-a-prevenir-o-declinio-cognitivo-e-proteger-a-memoria-com-o-envelhecimento\/#breadcrumb","itemListElement":[{"@type":"ListItem","position":1,"name":"In\u00edcio","item":"https:\/\/www.tuasaude.com\/news\/"},{"@type":"ListItem","position":2,"name":"4 alimentos que ajudam a prevenir o decl\u00ednio cognitivo e proteger a mem\u00f3ria com o envelhecimento"}]},{"@type":"WebSite","@id":"https:\/\/www.tuasaude.com\/news\/#website","url":"https:\/\/www.tuasaude.com\/news\/","name":"Tua Sa\u00fade","description":"Seu site de sa\u00fade","potentialAction":[{"@type":"SearchAction","target":{"@type":"EntryPoint","urlTemplate":"https:\/\/www.tuasaude.com\/news\/?s={search_term_string}"},"query-input":{"@type":"PropertyValueSpecification","valueRequired":true,"valueName":"search_term_string"}}],"inLanguage":"pt-BR"},{"@type":"Person","@id":"https:\/\/www.tuasaude.com\/news\/#\/schema\/person\/2e9df841be69ec84f5d20ddb8d273ac2","name":"Gessika Julia Carvalho","image":{"@type":"ImageObject","inLanguage":"pt-BR","@id":"https:\/\/www.tuasaude.com\/news\/#\/schema\/person\/image\/","url":"https:\/\/secure.gravatar.com\/avatar\/0fcc8769024577fd0bc6a8b766055690f76a8e8f29dfb2a2f89cf04db8d0f2d2?s=96&d=mm&r=g","contentUrl":"https:\/\/secure.gravatar.com\/avatar\/0fcc8769024577fd0bc6a8b766055690f76a8e8f29dfb2a2f89cf04db8d0f2d2?s=96&d=mm&r=g","caption":"Gessika Julia Carvalho"},"sameAs":["https:\/\/www.tuasaude.com\/news\/"],"url":"https:\/\/www.tuasaude.com\/news\/author\/gessika-julia\/"}]}},"_links":{"self":[{"href":"https:\/\/www.tuasaude.com\/news\/wp-json\/wp\/v2\/posts\/27294","targetHints":{"allow":["GET"]}}],"collection":[{"href":"https:\/\/www.tuasaude.com\/news\/wp-json\/wp\/v2\/posts"}],"about":[{"href":"https:\/\/www.tuasaude.com\/news\/wp-json\/wp\/v2\/types\/post"}],"author":[{"embeddable":true,"href":"https:\/\/www.tuasaude.com\/news\/wp-json\/wp\/v2\/users\/11"}],"replies":[{"embeddable":true,"href":"https:\/\/www.tuasaude.com\/news\/wp-json\/wp\/v2\/comments?post=27294"}],"version-history":[{"count":2,"href":"https:\/\/www.tuasaude.com\/news\/wp-json\/wp\/v2\/posts\/27294\/revisions"}],"predecessor-version":[{"id":27767,"href":"https:\/\/www.tuasaude.com\/news\/wp-json\/wp\/v2\/posts\/27294\/revisions\/27767"}],"wp:featuredmedia":[{"embeddable":true,"href":"https:\/\/www.tuasaude.com\/news\/wp-json\/wp\/v2\/media\/27739"}],"wp:attachment":[{"href":"https:\/\/www.tuasaude.com\/news\/wp-json\/wp\/v2\/media?parent=27294"}],"wp:term":[{"taxonomy":"category","embeddable":true,"href":"https:\/\/www.tuasaude.com\/news\/wp-json\/wp\/v2\/categories?post=27294"},{"taxonomy":"post_tag","embeddable":true,"href":"https:\/\/www.tuasaude.com\/news\/wp-json\/wp\/v2\/tags?post=27294"}],"curies":[{"name":"wp","href":"https:\/\/api.w.org\/{rel}","templated":true}]}}