{"id":27286,"date":"2026-04-25T00:40:00","date_gmt":"2026-04-25T03:40:00","guid":{"rendered":"https:\/\/www.tuasaude.com\/news\/?p=27286"},"modified":"2026-04-24T13:13:58","modified_gmt":"2026-04-24T16:13:58","slug":"sindrome-do-intestino-irritavel-entenda-o-disturbio-e-como-aliviar-seus-efeitos-no-dia-a-dia","status":"publish","type":"post","link":"https:\/\/www.tuasaude.com\/news\/2026\/04\/25\/sindrome-do-intestino-irritavel-entenda-o-disturbio-e-como-aliviar-seus-efeitos-no-dia-a-dia\/","title":{"rendered":"S\u00edndrome do Intestino Irrit\u00e1vel: entenda o dist\u00farbio e como aliviar seus efeitos no dia a dia"},"content":{"rendered":"\n<p>A S\u00edndrome do Intestino Irrit\u00e1vel (SII) \u00e9 um dist\u00farbio funcional cr\u00f4nico que provoca dor abdominal, incha\u00e7o e altera\u00e7\u00f5es no ritmo intestinal, sem les\u00f5es vis\u00edveis no intestino. Frequentemente confundida com estresse ou m\u00e1 alimenta\u00e7\u00e3o, a condi\u00e7\u00e3o tem mecanismos pr\u00f3prios ligados ao eixo intestino-c\u00e9rebro, \u00e0 microbiota e \u00e0 sensibilidade visceral. Entender esses fatores \u00e9 o primeiro passo para reduzir as crises e recuperar qualidade de vida.<\/p>\n\n\n\n<h2 class=\"wp-block-heading\">O que \u00e9 a S\u00edndrome do Intestino Irrit\u00e1vel?<\/h2>\n\n\n\n<p>A SII \u00e9 um transtorno funcional do intestino caracterizado por dor abdominal recorrente associada a mudan\u00e7as na frequ\u00eancia ou na forma das fezes. Ela n\u00e3o causa inflama\u00e7\u00e3o permanente nem aumenta o risco de c\u00e2ncer, mas interfere diretamente na rotina de quem convive com os sintomas.<\/p>\n\n\n\n<p>Os mecanismos envolvem hipersensibilidade visceral, altera\u00e7\u00f5es na comunica\u00e7\u00e3o entre sistema nervoso e intestino, desequil\u00edbrio da microbiota e fatores emocionais. Por isso, o diagn\u00f3stico exige avalia\u00e7\u00e3o cl\u00ednica cuidadosa para descartar outras condi\u00e7\u00f5es, como doen\u00e7as inflamat\u00f3rias intestinais e intoler\u00e2ncias alimentares.<\/p>\n\n\n\n<h2 class=\"wp-block-heading\">Quais s\u00e3o os principais sintomas?<\/h2>\n\n\n\n<p>Os sinais variam entre as pessoas, mas costumam aparecer em epis\u00f3dios ligados a refei\u00e7\u00f5es, per\u00edodos de estresse ou altera\u00e7\u00f5es hormonais. Reconhecer o padr\u00e3o ajuda no controle e na conversa com o m\u00e9dico. Entre as manifesta\u00e7\u00f5es mais comuns est\u00e3o:<\/p>\n\n\n<div class=\"wp-block-image\">\n<figure class=\"aligncenter size-large\"><img decoding=\"async\" width=\"1024\" height=\"402\" src=\"https:\/\/www.tuasaude.com\/news\/wp-content\/uploads\/2026\/04\/convertido-41-10-1024x402.jpg\" alt=\"Quais s\u00e3o os principais sintomas?\" class=\"wp-image-27291\" srcset=\"https:\/\/www.tuasaude.com\/news\/wp-content\/uploads\/2026\/04\/convertido-41-10-1024x402.jpg 1024w, https:\/\/www.tuasaude.com\/news\/wp-content\/uploads\/2026\/04\/convertido-41-10-300x118.jpg 300w, https:\/\/www.tuasaude.com\/news\/wp-content\/uploads\/2026\/04\/convertido-41-10-768x301.jpg 768w, https:\/\/www.tuasaude.com\/news\/wp-content\/uploads\/2026\/04\/convertido-41-10-750x294.jpg 750w, https:\/\/www.tuasaude.com\/news\/wp-content\/uploads\/2026\/04\/convertido-41-10-1140x447.jpg 1140w, https:\/\/www.tuasaude.com\/news\/wp-content\/uploads\/2026\/04\/convertido-41-10.jpg 1280w\" sizes=\"(max-width: 1024px) 100vw, 1024px\" \/><figcaption class=\"wp-element-caption\">Quais s\u00e3o os principais sintomas?<\/figcaption><\/figure>\n<\/div>\n\n\n<p>Quando os sintomas s\u00e3o persistentes, \u00e9 importante investigar causas associadas, j\u00e1 que quadros como <a href=\"https:\/\/www.tuasaude.com\/colite\/\" target=\"_blank\" rel=\"noreferrer noopener\">colite<\/a> podem apresentar sinais semelhantes e exigem abordagem diferente.<\/p>\n\n\n\n<h2 class=\"wp-block-heading\">O que desencadeia as crises?<\/h2>\n\n\n\n<p>Os gatilhos s\u00e3o individuais, mas alguns padr\u00f5es se repetem na pr\u00e1tica cl\u00ednica. Identific\u00e1-los com um di\u00e1rio alimentar e emocional ajuda a reduzir a frequ\u00eancia das crises e orienta escolhas mais conscientes no dia a dia.<\/p>\n\n\n\n<ul class=\"wp-block-list\">\n<li>Alimentos ricos em <strong>FODMAPs<\/strong>, como cebola, alho, trigo e leite<\/li>\n\n\n\n<li>Cafe\u00edna, bebidas alco\u00f3licas e refrigerantes<\/li>\n\n\n\n<li>Refei\u00e7\u00f5es muito gordurosas ou consumidas com pressa<\/li>\n\n\n\n<li>Per\u00edodos de ansiedade, estresse e priva\u00e7\u00e3o de sono<\/li>\n\n\n\n<li>Altera\u00e7\u00f5es hormonais, especialmente durante o ciclo menstrual<\/li>\n<\/ul>\n\n\n\n<p>Ajustes no card\u00e1pio costumam ser decisivos, e muitas pessoas se beneficiam de uma <a href=\"https:\/\/www.tuasaude.com\/dieta-fodmap-para-sindrome-do-intestino-irritavel\/\" target=\"_blank\" rel=\"noreferrer noopener\">dieta low FODMAP<\/a> conduzida por nutricionista, com reintrodu\u00e7\u00e3o gradual dos alimentos para identificar o que realmente causa desconforto.<\/p>\n\n\n<div class=\"wp-block-image\">\n<figure class=\"aligncenter size-large\"><img decoding=\"async\" width=\"1024\" height=\"571\" src=\"https:\/\/www.tuasaude.com\/news\/wp-content\/uploads\/2026\/04\/freepik_illustration-nonphotoreal_2859185754-1024x571.jpg\" alt=\"S\u00edndrome do Intestino Irrit\u00e1vel: entenda o dist\u00farbio e como aliviar seus efeitos no dia a dia\" class=\"wp-image-27742\" srcset=\"https:\/\/www.tuasaude.com\/news\/wp-content\/uploads\/2026\/04\/freepik_illustration-nonphotoreal_2859185754-1024x571.jpg 1024w, https:\/\/www.tuasaude.com\/news\/wp-content\/uploads\/2026\/04\/freepik_illustration-nonphotoreal_2859185754-300x167.jpg 300w, https:\/\/www.tuasaude.com\/news\/wp-content\/uploads\/2026\/04\/freepik_illustration-nonphotoreal_2859185754-768x428.jpg 768w, https:\/\/www.tuasaude.com\/news\/wp-content\/uploads\/2026\/04\/freepik_illustration-nonphotoreal_2859185754-750x418.jpg 750w, https:\/\/www.tuasaude.com\/news\/wp-content\/uploads\/2026\/04\/freepik_illustration-nonphotoreal_2859185754-1140x636.jpg 1140w, https:\/\/www.tuasaude.com\/news\/wp-content\/uploads\/2026\/04\/freepik_illustration-nonphotoreal_2859185754.jpg 1280w\" sizes=\"(max-width: 1024px) 100vw, 1024px\" \/><figcaption class=\"wp-element-caption\">Fatores como estresse e alimenta\u00e7\u00e3o influenciam diretamente as crises<\/figcaption><\/figure>\n<\/div>\n\n\n<h2 class=\"wp-block-heading\">Como um estudo cient\u00edfico comprova a efic\u00e1cia do tratamento?<\/h2>\n\n\n\n<p>As evid\u00eancias atuais refor\u00e7am que a abordagem combinada, com ajustes alimentares e suporte emocional, oferece melhores resultados do que o uso isolado de medicamentos. Essa vis\u00e3o \u00e9 sustentada por pesquisas publicadas em peri\u00f3dicos de refer\u00eancia, que ajudam a guiar a conduta m\u00e9dica.<\/p>\n\n\n\n<p>Segundo a revis\u00e3o sistem\u00e1tica <a href=\"https:\/\/pubmed.ncbi.nlm.nih.gov\/34376515\/\" target=\"_blank\" rel=\"noreferrer noopener\">Efficacy of a low FODMAP diet in irritable bowel syndrome<\/a>, publicada no peri\u00f3dico Gut, a redu\u00e7\u00e3o de FODMAPs diminuiu de forma significativa a dor abdominal e o incha\u00e7o em pacientes com SII, com melhora sustentada da qualidade de vida quando acompanhada por profissional de sa\u00fade.<\/p>\n\n\n\n<h2 class=\"wp-block-heading\">Como aliviar os sintomas no dia a dia?<\/h2>\n\n\n\n<p>O manejo da SII \u00e9 cont\u00ednuo e envolve mais do que rem\u00e9dios. Pequenas mudan\u00e7as de rotina, quando mantidas, reduzem a intensidade das crises e devolvem previsibilidade ao intestino, favorecendo bem-estar f\u00edsico e emocional.<\/p>\n\n\n\n<p>Vale priorizar refei\u00e7\u00f5es em hor\u00e1rios regulares, mastigar devagar, manter hidrata\u00e7\u00e3o adequada e praticar atividade f\u00edsica leve, como caminhada ou ioga. T\u00e9cnicas de manejo do estresse, terapia cognitivo-comportamental e, em alguns casos, o uso de <a href=\"https:\/\/www.tuasaude.com\/probioticos\/\" target=\"_blank\" rel=\"noreferrer noopener\">probi\u00f3ticos<\/a> indicados por profissional tamb\u00e9m trazem benef\u00edcios comprovados no controle dos sintomas.<\/p>\n\n\n\n<p><em>Este conte\u00fado tem car\u00e1ter exclusivamente informativo e n\u00e3o substitui a avalia\u00e7\u00e3o, o diagn\u00f3stico ou o tratamento realizados por um m\u00e9dico ou nutricionista. Em caso de sintomas persistentes, procure orienta\u00e7\u00e3o profissional qualificada.<\/em><\/p>\n","protected":false},"excerpt":{"rendered":"<p>A S\u00edndrome do Intestino Irrit\u00e1vel (SII) \u00e9 um dist\u00farbio funcional cr\u00f4nico que provoca dor abdominal, incha\u00e7o e altera\u00e7\u00f5es no ritmo intestinal, sem les\u00f5es vis\u00edveis no intestino. Frequentemente confundida com estresse ou m\u00e1 alimenta\u00e7\u00e3o, a condi\u00e7\u00e3o tem mecanismos pr\u00f3prios ligados ao eixo intestino-c\u00e9rebro, \u00e0 microbiota e \u00e0 sensibilidade visceral. Entender esses fatores \u00e9 o primeiro passo [&hellip;]<\/p>\n","protected":false},"author":11,"featured_media":27741,"comment_status":"open","ping_status":"open","sticky":false,"template":"","format":"standard","meta":{"_yoast_wpseo_focuskw":"s\u00edndrome do intestino irrit\u00e1vel","_yoast_wpseo_title":"","_yoast_wpseo_metadesc":"S\u00edndrome do intestino irrit\u00e1vel causa dor, incha\u00e7o e altera\u00e7\u00f5es no intestino, mas ajustes na alimenta\u00e7\u00e3o e rotina ajudam a aliviar sintomas.","jnews-multi-image_gallery":[],"jnews_single_post":{"format":"standard"},"jnews_primary_category":[],"jnews_social_meta":[],"jnews_override_counter":[],"footnotes":""},"categories":[111],"tags":[145,136,299,1319],"class_list":["post-27286","post","type-post","status-publish","format-standard","has-post-thumbnail","hentry","category-saude","tag-bem-estar","tag-saude","tag-saude-intestinal","tag-sindrome-do-intestino-irritavel"],"yoast_head":"<!-- This site is optimized with the Yoast SEO plugin v26.7 - https:\/\/yoast.com\/wordpress\/plugins\/seo\/ -->\n<title>S\u00edndrome do Intestino Irrit\u00e1vel: entenda o dist\u00farbio e como aliviar seus efeitos no dia a dia - Tua Sa\u00fade<\/title>\n<meta name=\"description\" content=\"S\u00edndrome do intestino irrit\u00e1vel causa dor, incha\u00e7o e altera\u00e7\u00f5es no intestino, mas ajustes na alimenta\u00e7\u00e3o e rotina ajudam a aliviar sintomas.\" \/>\n<meta name=\"robots\" content=\"index, follow, max-snippet:-1, max-image-preview:large, max-video-preview:-1\" \/>\n<link rel=\"canonical\" href=\"https:\/\/www.tuasaude.com\/news\/2026\/04\/25\/sindrome-do-intestino-irritavel-entenda-o-disturbio-e-como-aliviar-seus-efeitos-no-dia-a-dia\/\" \/>\n<meta property=\"og:locale\" content=\"pt_BR\" \/>\n<meta property=\"og:type\" content=\"article\" \/>\n<meta property=\"og:title\" content=\"S\u00edndrome do Intestino Irrit\u00e1vel: entenda o dist\u00farbio e como aliviar seus efeitos no dia a dia - Tua Sa\u00fade\" \/>\n<meta property=\"og:description\" content=\"S\u00edndrome do intestino irrit\u00e1vel causa dor, incha\u00e7o e altera\u00e7\u00f5es no intestino, mas ajustes na alimenta\u00e7\u00e3o e rotina ajudam a aliviar sintomas.\" \/>\n<meta property=\"og:url\" content=\"https:\/\/www.tuasaude.com\/news\/2026\/04\/25\/sindrome-do-intestino-irritavel-entenda-o-disturbio-e-como-aliviar-seus-efeitos-no-dia-a-dia\/\" \/>\n<meta property=\"og:site_name\" content=\"Tua Sa\u00fade\" \/>\n<meta property=\"article:published_time\" content=\"2026-04-25T03:40:00+00:00\" \/>\n<meta property=\"og:image\" content=\"https:\/\/www.tuasaude.com\/news\/wp-content\/uploads\/2026\/04\/freepik_illustration-nonphotoreal_2859185298.jpg\" \/>\n\t<meta property=\"og:image:width\" content=\"1280\" \/>\n\t<meta property=\"og:image:height\" content=\"714\" \/>\n\t<meta property=\"og:image:type\" content=\"image\/jpeg\" \/>\n<meta name=\"author\" content=\"Gessika Julia Carvalho\" \/>\n<meta name=\"twitter:card\" content=\"summary_large_image\" \/>\n<meta name=\"twitter:label1\" content=\"Escrito por\" \/>\n\t<meta name=\"twitter:data1\" content=\"Gessika Julia Carvalho\" \/>\n\t<meta name=\"twitter:label2\" content=\"Est. tempo de leitura\" \/>\n\t<meta name=\"twitter:data2\" content=\"4 minutos\" \/>\n<!-- \/ Yoast SEO plugin. -->","yoast_head_json":{"title":"S\u00edndrome do Intestino Irrit\u00e1vel: entenda o dist\u00farbio e como aliviar seus efeitos no dia a dia - Tua Sa\u00fade","description":"S\u00edndrome do intestino irrit\u00e1vel causa dor, incha\u00e7o e altera\u00e7\u00f5es no intestino, mas ajustes na alimenta\u00e7\u00e3o e rotina ajudam a aliviar sintomas.","robots":{"index":"index","follow":"follow","max-snippet":"max-snippet:-1","max-image-preview":"max-image-preview:large","max-video-preview":"max-video-preview:-1"},"canonical":"https:\/\/www.tuasaude.com\/news\/2026\/04\/25\/sindrome-do-intestino-irritavel-entenda-o-disturbio-e-como-aliviar-seus-efeitos-no-dia-a-dia\/","og_locale":"pt_BR","og_type":"article","og_title":"S\u00edndrome do Intestino Irrit\u00e1vel: entenda o dist\u00farbio e como aliviar seus efeitos no dia a dia - Tua Sa\u00fade","og_description":"S\u00edndrome do intestino irrit\u00e1vel causa dor, incha\u00e7o e altera\u00e7\u00f5es no intestino, mas ajustes na alimenta\u00e7\u00e3o e rotina ajudam a aliviar sintomas.","og_url":"https:\/\/www.tuasaude.com\/news\/2026\/04\/25\/sindrome-do-intestino-irritavel-entenda-o-disturbio-e-como-aliviar-seus-efeitos-no-dia-a-dia\/","og_site_name":"Tua Sa\u00fade","article_published_time":"2026-04-25T03:40:00+00:00","og_image":[{"width":1280,"height":714,"url":"https:\/\/www.tuasaude.com\/news\/wp-content\/uploads\/2026\/04\/freepik_illustration-nonphotoreal_2859185298.jpg","type":"image\/jpeg"}],"author":"Gessika Julia Carvalho","twitter_card":"summary_large_image","twitter_misc":{"Escrito por":"Gessika Julia Carvalho","Est. tempo de leitura":"4 minutos"},"schema":{"@context":"https:\/\/schema.org","@graph":[{"@type":"Article","@id":"https:\/\/www.tuasaude.com\/news\/2026\/04\/25\/sindrome-do-intestino-irritavel-entenda-o-disturbio-e-como-aliviar-seus-efeitos-no-dia-a-dia\/#article","isPartOf":{"@id":"https:\/\/www.tuasaude.com\/news\/2026\/04\/25\/sindrome-do-intestino-irritavel-entenda-o-disturbio-e-como-aliviar-seus-efeitos-no-dia-a-dia\/"},"author":{"name":"Gessika Julia Carvalho","@id":"https:\/\/www.tuasaude.com\/news\/#\/schema\/person\/2e9df841be69ec84f5d20ddb8d273ac2"},"headline":"S\u00edndrome do Intestino Irrit\u00e1vel: entenda o dist\u00farbio e como aliviar seus efeitos no dia a dia","datePublished":"2026-04-25T03:40:00+00:00","mainEntityOfPage":{"@id":"https:\/\/www.tuasaude.com\/news\/2026\/04\/25\/sindrome-do-intestino-irritavel-entenda-o-disturbio-e-como-aliviar-seus-efeitos-no-dia-a-dia\/"},"wordCount":660,"commentCount":0,"image":{"@id":"https:\/\/www.tuasaude.com\/news\/2026\/04\/25\/sindrome-do-intestino-irritavel-entenda-o-disturbio-e-como-aliviar-seus-efeitos-no-dia-a-dia\/#primaryimage"},"thumbnailUrl":"https:\/\/www.tuasaude.com\/news\/wp-content\/uploads\/2026\/04\/freepik_illustration-nonphotoreal_2859185298.jpg","keywords":["bem-estar","sa\u00fade","sa\u00fade intestinal","s\u00edndrome do intestino irrit\u00e1vel"],"articleSection":["Sa\u00fade"],"inLanguage":"pt-BR","potentialAction":[{"@type":"CommentAction","name":"Comment","target":["https:\/\/www.tuasaude.com\/news\/2026\/04\/25\/sindrome-do-intestino-irritavel-entenda-o-disturbio-e-como-aliviar-seus-efeitos-no-dia-a-dia\/#respond"]}]},{"@type":"WebPage","@id":"https:\/\/www.tuasaude.com\/news\/2026\/04\/25\/sindrome-do-intestino-irritavel-entenda-o-disturbio-e-como-aliviar-seus-efeitos-no-dia-a-dia\/","url":"https:\/\/www.tuasaude.com\/news\/2026\/04\/25\/sindrome-do-intestino-irritavel-entenda-o-disturbio-e-como-aliviar-seus-efeitos-no-dia-a-dia\/","name":"S\u00edndrome do Intestino Irrit\u00e1vel: entenda o dist\u00farbio e como aliviar seus efeitos no dia a dia - Tua Sa\u00fade","isPartOf":{"@id":"https:\/\/www.tuasaude.com\/news\/#website"},"primaryImageOfPage":{"@id":"https:\/\/www.tuasaude.com\/news\/2026\/04\/25\/sindrome-do-intestino-irritavel-entenda-o-disturbio-e-como-aliviar-seus-efeitos-no-dia-a-dia\/#primaryimage"},"image":{"@id":"https:\/\/www.tuasaude.com\/news\/2026\/04\/25\/sindrome-do-intestino-irritavel-entenda-o-disturbio-e-como-aliviar-seus-efeitos-no-dia-a-dia\/#primaryimage"},"thumbnailUrl":"https:\/\/www.tuasaude.com\/news\/wp-content\/uploads\/2026\/04\/freepik_illustration-nonphotoreal_2859185298.jpg","datePublished":"2026-04-25T03:40:00+00:00","author":{"@id":"https:\/\/www.tuasaude.com\/news\/#\/schema\/person\/2e9df841be69ec84f5d20ddb8d273ac2"},"description":"S\u00edndrome do intestino irrit\u00e1vel causa dor, incha\u00e7o e altera\u00e7\u00f5es no intestino, mas ajustes na alimenta\u00e7\u00e3o e rotina ajudam a aliviar sintomas.","breadcrumb":{"@id":"https:\/\/www.tuasaude.com\/news\/2026\/04\/25\/sindrome-do-intestino-irritavel-entenda-o-disturbio-e-como-aliviar-seus-efeitos-no-dia-a-dia\/#breadcrumb"},"inLanguage":"pt-BR","potentialAction":[{"@type":"ReadAction","target":["https:\/\/www.tuasaude.com\/news\/2026\/04\/25\/sindrome-do-intestino-irritavel-entenda-o-disturbio-e-como-aliviar-seus-efeitos-no-dia-a-dia\/"]}]},{"@type":"ImageObject","inLanguage":"pt-BR","@id":"https:\/\/www.tuasaude.com\/news\/2026\/04\/25\/sindrome-do-intestino-irritavel-entenda-o-disturbio-e-como-aliviar-seus-efeitos-no-dia-a-dia\/#primaryimage","url":"https:\/\/www.tuasaude.com\/news\/wp-content\/uploads\/2026\/04\/freepik_illustration-nonphotoreal_2859185298.jpg","contentUrl":"https:\/\/www.tuasaude.com\/news\/wp-content\/uploads\/2026\/04\/freepik_illustration-nonphotoreal_2859185298.jpg","width":1280,"height":714,"caption":"S\u00edndrome do intestino irrit\u00e1vel causa dor abdominal e altera\u00e7\u00f5es no ritmo intestinal"},{"@type":"BreadcrumbList","@id":"https:\/\/www.tuasaude.com\/news\/2026\/04\/25\/sindrome-do-intestino-irritavel-entenda-o-disturbio-e-como-aliviar-seus-efeitos-no-dia-a-dia\/#breadcrumb","itemListElement":[{"@type":"ListItem","position":1,"name":"In\u00edcio","item":"https:\/\/www.tuasaude.com\/news\/"},{"@type":"ListItem","position":2,"name":"S\u00edndrome do Intestino Irrit\u00e1vel: entenda o dist\u00farbio e como aliviar seus efeitos no dia a dia"}]},{"@type":"WebSite","@id":"https:\/\/www.tuasaude.com\/news\/#website","url":"https:\/\/www.tuasaude.com\/news\/","name":"Tua Sa\u00fade","description":"Seu site de sa\u00fade","potentialAction":[{"@type":"SearchAction","target":{"@type":"EntryPoint","urlTemplate":"https:\/\/www.tuasaude.com\/news\/?s={search_term_string}"},"query-input":{"@type":"PropertyValueSpecification","valueRequired":true,"valueName":"search_term_string"}}],"inLanguage":"pt-BR"},{"@type":"Person","@id":"https:\/\/www.tuasaude.com\/news\/#\/schema\/person\/2e9df841be69ec84f5d20ddb8d273ac2","name":"Gessika Julia Carvalho","image":{"@type":"ImageObject","inLanguage":"pt-BR","@id":"https:\/\/www.tuasaude.com\/news\/#\/schema\/person\/image\/","url":"https:\/\/secure.gravatar.com\/avatar\/0fcc8769024577fd0bc6a8b766055690f76a8e8f29dfb2a2f89cf04db8d0f2d2?s=96&d=mm&r=g","contentUrl":"https:\/\/secure.gravatar.com\/avatar\/0fcc8769024577fd0bc6a8b766055690f76a8e8f29dfb2a2f89cf04db8d0f2d2?s=96&d=mm&r=g","caption":"Gessika Julia Carvalho"},"sameAs":["https:\/\/www.tuasaude.com\/news\/"],"url":"https:\/\/www.tuasaude.com\/news\/author\/gessika-julia\/"}]}},"_links":{"self":[{"href":"https:\/\/www.tuasaude.com\/news\/wp-json\/wp\/v2\/posts\/27286","targetHints":{"allow":["GET"]}}],"collection":[{"href":"https:\/\/www.tuasaude.com\/news\/wp-json\/wp\/v2\/posts"}],"about":[{"href":"https:\/\/www.tuasaude.com\/news\/wp-json\/wp\/v2\/types\/post"}],"author":[{"embeddable":true,"href":"https:\/\/www.tuasaude.com\/news\/wp-json\/wp\/v2\/users\/11"}],"replies":[{"embeddable":true,"href":"https:\/\/www.tuasaude.com\/news\/wp-json\/wp\/v2\/comments?post=27286"}],"version-history":[{"count":2,"href":"https:\/\/www.tuasaude.com\/news\/wp-json\/wp\/v2\/posts\/27286\/revisions"}],"predecessor-version":[{"id":27768,"href":"https:\/\/www.tuasaude.com\/news\/wp-json\/wp\/v2\/posts\/27286\/revisions\/27768"}],"wp:featuredmedia":[{"embeddable":true,"href":"https:\/\/www.tuasaude.com\/news\/wp-json\/wp\/v2\/media\/27741"}],"wp:attachment":[{"href":"https:\/\/www.tuasaude.com\/news\/wp-json\/wp\/v2\/media?parent=27286"}],"wp:term":[{"taxonomy":"category","embeddable":true,"href":"https:\/\/www.tuasaude.com\/news\/wp-json\/wp\/v2\/categories?post=27286"},{"taxonomy":"post_tag","embeddable":true,"href":"https:\/\/www.tuasaude.com\/news\/wp-json\/wp\/v2\/tags?post=27286"}],"curies":[{"name":"wp","href":"https:\/\/api.w.org\/{rel}","templated":true}]}}