{"id":27204,"date":"2026-04-24T22:40:00","date_gmt":"2026-04-25T01:40:00","guid":{"rendered":"https:\/\/www.tuasaude.com\/news\/?p=27204"},"modified":"2026-04-23T23:15:24","modified_gmt":"2026-04-24T02:15:24","slug":"sentir-muito-sono-apos-as-refeicoes-indica-algum-problema-no-pancreas-ou-no-metabolismo","status":"publish","type":"post","link":"https:\/\/www.tuasaude.com\/news\/2026\/04\/24\/sentir-muito-sono-apos-as-refeicoes-indica-algum-problema-no-pancreas-ou-no-metabolismo\/","title":{"rendered":"Sentir muito sono ap\u00f3s as refei\u00e7\u00f5es indica algum problema no p\u00e2ncreas ou no metabolismo?"},"content":{"rendered":"\n<p>Sentir um pouco de sono depois de comer \u00e9 totalmente natural e recebe o nome t\u00e9cnico de sonol\u00eancia p\u00f3s-prandial. O corpo direciona parte do fluxo sangu\u00edneo para o sistema digestivo e libera horm\u00f4nios que favorecem o relaxamento. No entanto, quando a sonol\u00eancia \u00e9 intensa, frequente e acompanhada de outros sintomas, pode indicar resist\u00eancia \u00e0 insulina, pr\u00e9-diabetes ou outras altera\u00e7\u00f5es metab\u00f3licas que merecem investiga\u00e7\u00e3o. Entenda quando esse cansa\u00e7o \u00e9 fisiol\u00f3gico e quando deve ser levado ao m\u00e9dico.<\/p>\n\n\n\n<h2 class=\"wp-block-heading\">Por que aparece sono depois de comer?<\/h2>\n\n\n\n<p>Ap\u00f3s uma refei\u00e7\u00e3o, o corpo prioriza o processo digestivo, aumentando o fluxo sangu\u00edneo para o est\u00f4mago e o intestino. Ao mesmo tempo, o sistema nervoso parassimp\u00e1tico \u00e9 ativado, o que naturalmente reduz o estado de alerta e favorece o relaxamento.<\/p>\n\n\n\n<p>A libera\u00e7\u00e3o de insulina para metabolizar os carboidratos da refei\u00e7\u00e3o tamb\u00e9m contribui para a sonol\u00eancia, j\u00e1 que influencia a entrada de amino\u00e1cidos como o triptofano no c\u00e9rebro, precursor da serotonina e da melatonina, neurotransmissores ligados ao sono.<\/p>\n\n\n\n<h2 class=\"wp-block-heading\">Quais fatores aumentam o sono p\u00f3s-refei\u00e7\u00e3o?<\/h2>\n\n\n\n<p>Nem toda sonol\u00eancia ap\u00f3s as refei\u00e7\u00f5es \u00e9 patol\u00f3gica, mas determinados h\u00e1bitos alimentares podem intensificar muito essa sensa\u00e7\u00e3o. Ajustar esses pontos, na maioria dos casos, \u00e9 suficiente para aliviar o cansa\u00e7o.<\/p>\n\n\n\n<p>Entre os principais fatores est\u00e3o:<\/p>\n\n\n<div class=\"wp-block-image\">\n<figure class=\"aligncenter size-large\"><img decoding=\"async\" width=\"1024\" height=\"569\" src=\"https:\/\/www.tuasaude.com\/news\/wp-content\/uploads\/2026\/04\/convertido-39-11-1024x569.jpg\" alt=\"Quais fatores aumentam o sono p\u00f3s-refei\u00e7\u00e3o?\" class=\"wp-image-27213\" srcset=\"https:\/\/www.tuasaude.com\/news\/wp-content\/uploads\/2026\/04\/convertido-39-11-1024x569.jpg 1024w, https:\/\/www.tuasaude.com\/news\/wp-content\/uploads\/2026\/04\/convertido-39-11-300x167.jpg 300w, https:\/\/www.tuasaude.com\/news\/wp-content\/uploads\/2026\/04\/convertido-39-11-768x427.jpg 768w, https:\/\/www.tuasaude.com\/news\/wp-content\/uploads\/2026\/04\/convertido-39-11-750x417.jpg 750w, https:\/\/www.tuasaude.com\/news\/wp-content\/uploads\/2026\/04\/convertido-39-11-1140x633.jpg 1140w, https:\/\/www.tuasaude.com\/news\/wp-content\/uploads\/2026\/04\/convertido-39-11.jpg 1280w\" sizes=\"(max-width: 1024px) 100vw, 1024px\" \/><figcaption class=\"wp-element-caption\">Quais fatores aumentam o sono p\u00f3s-refei\u00e7\u00e3o?<\/figcaption><\/figure>\n<\/div>\n\n\n<p>Nesses casos, refei\u00e7\u00f5es menores, mais equilibradas e com fibras ajudam a reduzir a sensa\u00e7\u00e3o de cansa\u00e7o depois de comer.<\/p>\n\n\n\n<h2 class=\"wp-block-heading\">Quando o sono ap\u00f3s comer pode indicar problema metab\u00f3lico?<\/h2>\n\n\n\n<p>Se a sonol\u00eancia p\u00f3s-refei\u00e7\u00e3o \u00e9 intensa, frequente e acompanhada de outros sintomas, pode ser sinal de resist\u00eancia \u00e0 insulina, condi\u00e7\u00e3o em que as c\u00e9lulas passam a responder menos ao horm\u00f4nio e o corpo precisa produzir cada vez mais para controlar a glicose. Essa sobrecarga do p\u00e2ncreas, ao longo do tempo, pode evoluir para pr\u00e9-diabetes e diabetes tipo 2.<\/p>\n\n\n\n<p>Outros sinais que refor\u00e7am essa possibilidade incluem fome constante, ganho de gordura abdominal, escurecimento da pele no pesco\u00e7o e axilas, al\u00e9m de altera\u00e7\u00f5es na glicose e nos triglicer\u00eddeos em exames. Conhe\u00e7a melhor a <a href=\"https:\/\/www.tuasaude.com\/resistencia-a-insulina\/\" target=\"_blank\" rel=\"noreferrer noopener\">resist\u00eancia \u00e0 insulina<\/a> e seus principais sinais.<\/p>\n\n\n<div class=\"wp-block-image\">\n<figure class=\"aligncenter size-large\"><img decoding=\"async\" width=\"1024\" height=\"571\" src=\"https:\/\/www.tuasaude.com\/news\/wp-content\/uploads\/2026\/04\/freepik_illustration-nonphotoreal_2854377131-1024x571.jpg\" alt=\"Sentir muito sono ap\u00f3s as refei\u00e7\u00f5es indica algum problema no p\u00e2ncreas ou no metabolismo?\" class=\"wp-image-27483\" srcset=\"https:\/\/www.tuasaude.com\/news\/wp-content\/uploads\/2026\/04\/freepik_illustration-nonphotoreal_2854377131-1024x571.jpg 1024w, https:\/\/www.tuasaude.com\/news\/wp-content\/uploads\/2026\/04\/freepik_illustration-nonphotoreal_2854377131-300x167.jpg 300w, https:\/\/www.tuasaude.com\/news\/wp-content\/uploads\/2026\/04\/freepik_illustration-nonphotoreal_2854377131-768x428.jpg 768w, https:\/\/www.tuasaude.com\/news\/wp-content\/uploads\/2026\/04\/freepik_illustration-nonphotoreal_2854377131-750x418.jpg 750w, https:\/\/www.tuasaude.com\/news\/wp-content\/uploads\/2026\/04\/freepik_illustration-nonphotoreal_2854377131-1140x636.jpg 1140w, https:\/\/www.tuasaude.com\/news\/wp-content\/uploads\/2026\/04\/freepik_illustration-nonphotoreal_2854377131.jpg 1280w\" sizes=\"(max-width: 1024px) 100vw, 1024px\" \/><figcaption class=\"wp-element-caption\">A sonol\u00eancia ap\u00f3s as refei\u00e7\u00f5es pode dizer mais sobre seu metabolismo.<\/figcaption><\/figure>\n<\/div>\n\n\n<h2 class=\"wp-block-heading\">O que uma revis\u00e3o cient\u00edfica diz sobre o tema?<\/h2>\n\n\n\n<p>A ci\u00eancia vem estudando a rela\u00e7\u00e3o entre o que comemos, os n\u00edveis de glicose e a sonol\u00eancia depois das refei\u00e7\u00f5es, o que ajuda a entender quando esse sintoma \u00e9 fisiol\u00f3gico e quando sinaliza algo mais s\u00e9rio.<\/p>\n\n\n\n<p>Segundo a revis\u00e3o <a href=\"https:\/\/pmc.ncbi.nlm.nih.gov\/articles\/PMC12566848\/\" target=\"_blank\" rel=\"noreferrer noopener\">The Influence of Food Intake and Blood Glucose on Postprandial Sleepiness and Work Productivity<\/a>, publicada na revista Nutrients em 2025, refei\u00e7\u00f5es ricas em carboidratos de r\u00e1pida absor\u00e7\u00e3o est\u00e3o associadas a maiores picos de glicose e insulina, seguidos por quedas acentuadas, que intensificam a sonol\u00eancia p\u00f3s-prandial. Os autores destacam ainda que sono de baixa qualidade e padr\u00f5es alimentares desregulados tendem a piorar esse efeito, refor\u00e7ando a rela\u00e7\u00e3o entre metabolismo, glicemia e energia ao longo do dia.<\/p>\n\n\n\n<h2 class=\"wp-block-heading\">Quando \u00e9 hora de procurar ajuda m\u00e9dica?<\/h2>\n\n\n\n<p>\u00c9 recomendado buscar avalia\u00e7\u00e3o sempre que a sonol\u00eancia ap\u00f3s as refei\u00e7\u00f5es for intensa, interferir nas atividades di\u00e1rias ou vier acompanhada de sede excessiva, vontade frequente de urinar, ganho de peso, vis\u00e3o emba\u00e7ada ou <a href=\"https:\/\/www.tuasaude.com\/fadiga\/\" target=\"_blank\" rel=\"noreferrer noopener\">fadiga<\/a> persistente. Exames como glicemia de jejum, insulina basal, HOMA-IR e hemoglobina glicada ajudam a identificar altera\u00e7\u00f5es no metabolismo da glicose.<\/p>\n\n\n\n<p>Endocrinologista, cl\u00ednico geral e nutricionista s\u00e3o os profissionais mais indicados para essa investiga\u00e7\u00e3o. O diagn\u00f3stico precoce permite reverter quadros iniciais apenas com mudan\u00e7as no estilo de vida, evitando a progress\u00e3o para o <a href=\"https:\/\/www.tuasaude.com\/diabetes\/\" target=\"_blank\" rel=\"noreferrer noopener\">diabetes<\/a> tipo 2.<\/p>\n\n\n\n<p><em>Este conte\u00fado tem car\u00e1ter exclusivamente informativo e n\u00e3o substitui a avalia\u00e7\u00e3o, o diagn\u00f3stico ou o acompanhamento de um profissional de sa\u00fade. Consulte sempre um m\u00e9dico diante de sonol\u00eancia persistente ap\u00f3s as refei\u00e7\u00f5es ou outros sintomas metab\u00f3licos.<\/em><\/p>\n","protected":false},"excerpt":{"rendered":"<p>Sentir um pouco de sono depois de comer \u00e9 totalmente natural e recebe o nome t\u00e9cnico de sonol\u00eancia p\u00f3s-prandial. O corpo direciona parte do fluxo sangu\u00edneo para o sistema digestivo e libera horm\u00f4nios que favorecem o relaxamento. No entanto, quando a sonol\u00eancia \u00e9 intensa, frequente e acompanhada de outros sintomas, pode indicar resist\u00eancia \u00e0 insulina, [&hellip;]<\/p>\n","protected":false},"author":11,"featured_media":27482,"comment_status":"open","ping_status":"open","sticky":false,"template":"","format":"standard","meta":{"_yoast_wpseo_focuskw":"sono ap\u00f3s as refei\u00e7\u00f5es","_yoast_wpseo_title":"","_yoast_wpseo_metadesc":"Sono ap\u00f3s as refei\u00e7\u00f5es pode ser normal, mas quando intenso indica altera\u00e7\u00f5es no metabolismo da glicose. Entenda quando investigar.","jnews-multi-image_gallery":[],"jnews_single_post":{"format":"standard"},"jnews_primary_category":[],"jnews_social_meta":[],"jnews_override_counter":[],"footnotes":""},"categories":[111],"tags":[129,6044,1929,6043],"class_list":["post-27204","post","type-post","status-publish","format-standard","has-post-thumbnail","hentry","category-saude","tag-metabolismo","tag-problema-no-pancreas","tag-saude-do-pancreas","tag-sono-apos-as-refeicoes"],"yoast_head":"<!-- This site is optimized with the Yoast SEO plugin v26.7 - https:\/\/yoast.com\/wordpress\/plugins\/seo\/ -->\n<title>Sentir muito sono ap\u00f3s as refei\u00e7\u00f5es indica algum problema no p\u00e2ncreas ou no metabolismo? - Tua Sa\u00fade<\/title>\n<meta name=\"description\" content=\"Sono ap\u00f3s as refei\u00e7\u00f5es pode ser normal, mas quando intenso indica altera\u00e7\u00f5es no metabolismo da glicose. Entenda quando investigar.\" \/>\n<meta name=\"robots\" content=\"index, follow, max-snippet:-1, max-image-preview:large, max-video-preview:-1\" \/>\n<link rel=\"canonical\" href=\"https:\/\/www.tuasaude.com\/news\/2026\/04\/24\/sentir-muito-sono-apos-as-refeicoes-indica-algum-problema-no-pancreas-ou-no-metabolismo\/\" \/>\n<meta property=\"og:locale\" content=\"pt_BR\" \/>\n<meta property=\"og:type\" content=\"article\" \/>\n<meta property=\"og:title\" content=\"Sentir muito sono ap\u00f3s as refei\u00e7\u00f5es indica algum problema no p\u00e2ncreas ou no metabolismo? - Tua Sa\u00fade\" \/>\n<meta property=\"og:description\" content=\"Sono ap\u00f3s as refei\u00e7\u00f5es pode ser normal, mas quando intenso indica altera\u00e7\u00f5es no metabolismo da glicose. Entenda quando investigar.\" \/>\n<meta property=\"og:url\" content=\"https:\/\/www.tuasaude.com\/news\/2026\/04\/24\/sentir-muito-sono-apos-as-refeicoes-indica-algum-problema-no-pancreas-ou-no-metabolismo\/\" \/>\n<meta property=\"og:site_name\" content=\"Tua Sa\u00fade\" \/>\n<meta property=\"article:published_time\" content=\"2026-04-25T01:40:00+00:00\" \/>\n<meta property=\"og:image\" content=\"https:\/\/www.tuasaude.com\/news\/wp-content\/uploads\/2026\/04\/freepik_illustration-nonphotoreal_2854376868.jpg\" \/>\n\t<meta property=\"og:image:width\" content=\"1280\" \/>\n\t<meta property=\"og:image:height\" content=\"714\" \/>\n\t<meta property=\"og:image:type\" content=\"image\/jpeg\" \/>\n<meta name=\"author\" content=\"Gessika Julia Carvalho\" \/>\n<meta name=\"twitter:card\" content=\"summary_large_image\" \/>\n<meta name=\"twitter:label1\" content=\"Escrito por\" \/>\n\t<meta name=\"twitter:data1\" content=\"Gessika Julia Carvalho\" \/>\n\t<meta name=\"twitter:label2\" content=\"Est. tempo de leitura\" \/>\n\t<meta name=\"twitter:data2\" content=\"4 minutos\" \/>\n<!-- \/ Yoast SEO plugin. -->","yoast_head_json":{"title":"Sentir muito sono ap\u00f3s as refei\u00e7\u00f5es indica algum problema no p\u00e2ncreas ou no metabolismo? - Tua Sa\u00fade","description":"Sono ap\u00f3s as refei\u00e7\u00f5es pode ser normal, mas quando intenso indica altera\u00e7\u00f5es no metabolismo da glicose. Entenda quando investigar.","robots":{"index":"index","follow":"follow","max-snippet":"max-snippet:-1","max-image-preview":"max-image-preview:large","max-video-preview":"max-video-preview:-1"},"canonical":"https:\/\/www.tuasaude.com\/news\/2026\/04\/24\/sentir-muito-sono-apos-as-refeicoes-indica-algum-problema-no-pancreas-ou-no-metabolismo\/","og_locale":"pt_BR","og_type":"article","og_title":"Sentir muito sono ap\u00f3s as refei\u00e7\u00f5es indica algum problema no p\u00e2ncreas ou no metabolismo? - Tua Sa\u00fade","og_description":"Sono ap\u00f3s as refei\u00e7\u00f5es pode ser normal, mas quando intenso indica altera\u00e7\u00f5es no metabolismo da glicose. Entenda quando investigar.","og_url":"https:\/\/www.tuasaude.com\/news\/2026\/04\/24\/sentir-muito-sono-apos-as-refeicoes-indica-algum-problema-no-pancreas-ou-no-metabolismo\/","og_site_name":"Tua Sa\u00fade","article_published_time":"2026-04-25T01:40:00+00:00","og_image":[{"width":1280,"height":714,"url":"https:\/\/www.tuasaude.com\/news\/wp-content\/uploads\/2026\/04\/freepik_illustration-nonphotoreal_2854376868.jpg","type":"image\/jpeg"}],"author":"Gessika Julia Carvalho","twitter_card":"summary_large_image","twitter_misc":{"Escrito por":"Gessika Julia Carvalho","Est. tempo de leitura":"4 minutos"},"schema":{"@context":"https:\/\/schema.org","@graph":[{"@type":"Article","@id":"https:\/\/www.tuasaude.com\/news\/2026\/04\/24\/sentir-muito-sono-apos-as-refeicoes-indica-algum-problema-no-pancreas-ou-no-metabolismo\/#article","isPartOf":{"@id":"https:\/\/www.tuasaude.com\/news\/2026\/04\/24\/sentir-muito-sono-apos-as-refeicoes-indica-algum-problema-no-pancreas-ou-no-metabolismo\/"},"author":{"name":"Gessika Julia Carvalho","@id":"https:\/\/www.tuasaude.com\/news\/#\/schema\/person\/2e9df841be69ec84f5d20ddb8d273ac2"},"headline":"Sentir muito sono ap\u00f3s as refei\u00e7\u00f5es indica algum problema no p\u00e2ncreas ou no metabolismo?","datePublished":"2026-04-25T01:40:00+00:00","mainEntityOfPage":{"@id":"https:\/\/www.tuasaude.com\/news\/2026\/04\/24\/sentir-muito-sono-apos-as-refeicoes-indica-algum-problema-no-pancreas-ou-no-metabolismo\/"},"wordCount":706,"commentCount":0,"image":{"@id":"https:\/\/www.tuasaude.com\/news\/2026\/04\/24\/sentir-muito-sono-apos-as-refeicoes-indica-algum-problema-no-pancreas-ou-no-metabolismo\/#primaryimage"},"thumbnailUrl":"https:\/\/www.tuasaude.com\/news\/wp-content\/uploads\/2026\/04\/freepik_illustration-nonphotoreal_2854376868.jpg","keywords":["metabolismo","problema no p\u00e2ncreas","sa\u00fade do p\u00e2ncreas","sono ap\u00f3s as refei\u00e7\u00f5es"],"articleSection":["Sa\u00fade"],"inLanguage":"pt-BR","potentialAction":[{"@type":"CommentAction","name":"Comment","target":["https:\/\/www.tuasaude.com\/news\/2026\/04\/24\/sentir-muito-sono-apos-as-refeicoes-indica-algum-problema-no-pancreas-ou-no-metabolismo\/#respond"]}]},{"@type":"WebPage","@id":"https:\/\/www.tuasaude.com\/news\/2026\/04\/24\/sentir-muito-sono-apos-as-refeicoes-indica-algum-problema-no-pancreas-ou-no-metabolismo\/","url":"https:\/\/www.tuasaude.com\/news\/2026\/04\/24\/sentir-muito-sono-apos-as-refeicoes-indica-algum-problema-no-pancreas-ou-no-metabolismo\/","name":"Sentir muito sono ap\u00f3s as refei\u00e7\u00f5es indica algum problema no p\u00e2ncreas ou no metabolismo? - Tua Sa\u00fade","isPartOf":{"@id":"https:\/\/www.tuasaude.com\/news\/#website"},"primaryImageOfPage":{"@id":"https:\/\/www.tuasaude.com\/news\/2026\/04\/24\/sentir-muito-sono-apos-as-refeicoes-indica-algum-problema-no-pancreas-ou-no-metabolismo\/#primaryimage"},"image":{"@id":"https:\/\/www.tuasaude.com\/news\/2026\/04\/24\/sentir-muito-sono-apos-as-refeicoes-indica-algum-problema-no-pancreas-ou-no-metabolismo\/#primaryimage"},"thumbnailUrl":"https:\/\/www.tuasaude.com\/news\/wp-content\/uploads\/2026\/04\/freepik_illustration-nonphotoreal_2854376868.jpg","datePublished":"2026-04-25T01:40:00+00:00","author":{"@id":"https:\/\/www.tuasaude.com\/news\/#\/schema\/person\/2e9df841be69ec84f5d20ddb8d273ac2"},"description":"Sono ap\u00f3s as refei\u00e7\u00f5es pode ser normal, mas quando intenso indica altera\u00e7\u00f5es no metabolismo da glicose. Entenda quando investigar.","breadcrumb":{"@id":"https:\/\/www.tuasaude.com\/news\/2026\/04\/24\/sentir-muito-sono-apos-as-refeicoes-indica-algum-problema-no-pancreas-ou-no-metabolismo\/#breadcrumb"},"inLanguage":"pt-BR","potentialAction":[{"@type":"ReadAction","target":["https:\/\/www.tuasaude.com\/news\/2026\/04\/24\/sentir-muito-sono-apos-as-refeicoes-indica-algum-problema-no-pancreas-ou-no-metabolismo\/"]}]},{"@type":"ImageObject","inLanguage":"pt-BR","@id":"https:\/\/www.tuasaude.com\/news\/2026\/04\/24\/sentir-muito-sono-apos-as-refeicoes-indica-algum-problema-no-pancreas-ou-no-metabolismo\/#primaryimage","url":"https:\/\/www.tuasaude.com\/news\/wp-content\/uploads\/2026\/04\/freepik_illustration-nonphotoreal_2854376868.jpg","contentUrl":"https:\/\/www.tuasaude.com\/news\/wp-content\/uploads\/2026\/04\/freepik_illustration-nonphotoreal_2854376868.jpg","width":1280,"height":714,"caption":"Quando o sono bate forte depois de comer, vale prestar aten\u00e7\u00e3o."},{"@type":"BreadcrumbList","@id":"https:\/\/www.tuasaude.com\/news\/2026\/04\/24\/sentir-muito-sono-apos-as-refeicoes-indica-algum-problema-no-pancreas-ou-no-metabolismo\/#breadcrumb","itemListElement":[{"@type":"ListItem","position":1,"name":"In\u00edcio","item":"https:\/\/www.tuasaude.com\/news\/"},{"@type":"ListItem","position":2,"name":"Sentir muito sono ap\u00f3s as refei\u00e7\u00f5es indica algum problema no p\u00e2ncreas ou no metabolismo?"}]},{"@type":"WebSite","@id":"https:\/\/www.tuasaude.com\/news\/#website","url":"https:\/\/www.tuasaude.com\/news\/","name":"Tua Sa\u00fade","description":"Seu site de sa\u00fade","potentialAction":[{"@type":"SearchAction","target":{"@type":"EntryPoint","urlTemplate":"https:\/\/www.tuasaude.com\/news\/?s={search_term_string}"},"query-input":{"@type":"PropertyValueSpecification","valueRequired":true,"valueName":"search_term_string"}}],"inLanguage":"pt-BR"},{"@type":"Person","@id":"https:\/\/www.tuasaude.com\/news\/#\/schema\/person\/2e9df841be69ec84f5d20ddb8d273ac2","name":"Gessika Julia Carvalho","image":{"@type":"ImageObject","inLanguage":"pt-BR","@id":"https:\/\/www.tuasaude.com\/news\/#\/schema\/person\/image\/","url":"https:\/\/secure.gravatar.com\/avatar\/0fcc8769024577fd0bc6a8b766055690f76a8e8f29dfb2a2f89cf04db8d0f2d2?s=96&d=mm&r=g","contentUrl":"https:\/\/secure.gravatar.com\/avatar\/0fcc8769024577fd0bc6a8b766055690f76a8e8f29dfb2a2f89cf04db8d0f2d2?s=96&d=mm&r=g","caption":"Gessika Julia Carvalho"},"sameAs":["https:\/\/www.tuasaude.com\/news\/"],"url":"https:\/\/www.tuasaude.com\/news\/author\/gessika-julia\/"}]}},"_links":{"self":[{"href":"https:\/\/www.tuasaude.com\/news\/wp-json\/wp\/v2\/posts\/27204","targetHints":{"allow":["GET"]}}],"collection":[{"href":"https:\/\/www.tuasaude.com\/news\/wp-json\/wp\/v2\/posts"}],"about":[{"href":"https:\/\/www.tuasaude.com\/news\/wp-json\/wp\/v2\/types\/post"}],"author":[{"embeddable":true,"href":"https:\/\/www.tuasaude.com\/news\/wp-json\/wp\/v2\/users\/11"}],"replies":[{"embeddable":true,"href":"https:\/\/www.tuasaude.com\/news\/wp-json\/wp\/v2\/comments?post=27204"}],"version-history":[{"count":2,"href":"https:\/\/www.tuasaude.com\/news\/wp-json\/wp\/v2\/posts\/27204\/revisions"}],"predecessor-version":[{"id":27493,"href":"https:\/\/www.tuasaude.com\/news\/wp-json\/wp\/v2\/posts\/27204\/revisions\/27493"}],"wp:featuredmedia":[{"embeddable":true,"href":"https:\/\/www.tuasaude.com\/news\/wp-json\/wp\/v2\/media\/27482"}],"wp:attachment":[{"href":"https:\/\/www.tuasaude.com\/news\/wp-json\/wp\/v2\/media?parent=27204"}],"wp:term":[{"taxonomy":"category","embeddable":true,"href":"https:\/\/www.tuasaude.com\/news\/wp-json\/wp\/v2\/categories?post=27204"},{"taxonomy":"post_tag","embeddable":true,"href":"https:\/\/www.tuasaude.com\/news\/wp-json\/wp\/v2\/tags?post=27204"}],"curies":[{"name":"wp","href":"https:\/\/api.w.org\/{rel}","templated":true}]}}