{"id":26932,"date":"2026-04-26T11:50:00","date_gmt":"2026-04-26T14:50:00","guid":{"rendered":"https:\/\/www.tuasaude.com\/news\/?p=26932"},"modified":"2026-04-25T18:23:46","modified_gmt":"2026-04-25T21:23:46","slug":"boca-seca-ao-acordar-todos-os-dias-quais-sao-as-causas-e-solucoes","status":"publish","type":"post","link":"https:\/\/www.tuasaude.com\/news\/2026\/04\/26\/boca-seca-ao-acordar-todos-os-dias-quais-sao-as-causas-e-solucoes\/","title":{"rendered":"Boca seca ao acordar todos os dias: quais s\u00e3o as causas e solu\u00e7\u00f5es?"},"content":{"rendered":"\n<p>Acordar com a <strong><a href=\"https:\/\/www.tuasaude.com\/boca-seca\/\" target=\"_blank\" rel=\"noreferrer noopener\">boca seca<\/a><\/strong> todos os dias \u00e9 uma queixa comum e, na maior parte das vezes, tem explica\u00e7\u00e3o simples. Durante o sono, a produ\u00e7\u00e3o de saliva diminui naturalmente, e fatores como respirar pela boca, uso de certos medicamentos ou pouca hidrata\u00e7\u00e3o intensificam essa sensa\u00e7\u00e3o. Quando o sintoma \u00e9 frequente, pode apontar para quest\u00f5es de sa\u00fade que merecem aten\u00e7\u00e3o. Identificar a causa \u00e9 o primeiro passo para adotar as solu\u00e7\u00f5es mais eficazes e recuperar o conforto pela manh\u00e3.<\/p>\n\n\n\n<h2 class=\"wp-block-heading\">Por que a boca fica seca ao acordar?<\/h2>\n\n\n\n<p>A saliva tem papel fundamental na sa\u00fade bucal, ajudando a <em>limpar, proteger e lubrificar<\/em> a boca. Durante o sono, as gl\u00e2ndulas salivares produzem menos saliva, o que j\u00e1 \u00e9 normal. O problema come\u00e7a quando esse equil\u00edbrio \u00e9 exagerado.<\/p>\n\n\n\n<p>Fatores como <strong>respira\u00e7\u00e3o pela boca<\/strong>, ar-condicionado ligado, ronco e desidrata\u00e7\u00e3o favorecem ainda mais a perda de umidade. O resultado \u00e9 a sensa\u00e7\u00e3o desconfort\u00e1vel de garganta \u00e1spera,<strong> <a href=\"https:\/\/www.tuasaude.com\/labios-ressecados\/\" target=\"_blank\" rel=\"noreferrer noopener\">l\u00e1bios ressecados<\/a> <\/strong>e gosto ruim ao acordar.<\/p>\n\n\n\n<h2 class=\"wp-block-heading\">Principais causas da boca seca pela manh\u00e3<\/h2>\n\n\n\n<p>A boca seca matinal pode ter v\u00e1rias origens, muitas vezes combinadas. Reconhecer o que est\u00e1 envolvido ajuda a definir o melhor caminho para aliviar o sintoma no dia a dia.<\/p>\n\n\n\n<p>Entre as causas mais comuns est\u00e3o:<\/p>\n\n\n\n<ul class=\"wp-block-list\">\n<li><strong>Respira\u00e7\u00e3o pela boca<\/strong>, especialmente em quem tem rinite, desvio de septo ou ronco.<\/li>\n\n\n\n<li>Uso de <em>medicamentos<\/em>, como antidepressivos, anti-hipertensivos, diur\u00e9ticos e antial\u00e9rgicos.<\/li>\n\n\n\n<li>Ingest\u00e3o insuficiente de \u00e1gua durante o dia.<\/li>\n\n\n\n<li>Consumo excessivo de <strong>\u00e1lcool, cafe\u00edna ou alimentos muito salgados<\/strong> \u00e0 noite.<\/li>\n\n\n\n<li>Estresse e ansiedade, que reduzem a produ\u00e7\u00e3o de saliva.<\/li>\n\n\n\n<li>Ronco intenso e apneia do sono.<\/li>\n\n\n\n<li>Doen\u00e7as como diabetes, hipotireoidismo e s\u00edndrome de Sj\u00f6gren.<\/li>\n\n\n\n<li>Envelhecimento, que reduz naturalmente o funcionamento das gl\u00e2ndulas salivares.<\/li>\n<\/ul>\n\n\n<div class=\"wp-block-image\">\n<figure class=\"aligncenter size-large\"><img decoding=\"async\" width=\"1024\" height=\"571\" src=\"https:\/\/www.tuasaude.com\/news\/wp-content\/uploads\/2026\/04\/freepik_ilustracao-nao-fotorealis_2864879904-1024x571.jpg\" alt=\"Boca seca ao acordar todos os dias: quais s\u00e3o as causas e solu\u00e7\u00f5es?\" class=\"wp-image-28379\" srcset=\"https:\/\/www.tuasaude.com\/news\/wp-content\/uploads\/2026\/04\/freepik_ilustracao-nao-fotorealis_2864879904-1024x571.jpg 1024w, https:\/\/www.tuasaude.com\/news\/wp-content\/uploads\/2026\/04\/freepik_ilustracao-nao-fotorealis_2864879904-300x167.jpg 300w, https:\/\/www.tuasaude.com\/news\/wp-content\/uploads\/2026\/04\/freepik_ilustracao-nao-fotorealis_2864879904-768x428.jpg 768w, https:\/\/www.tuasaude.com\/news\/wp-content\/uploads\/2026\/04\/freepik_ilustracao-nao-fotorealis_2864879904-750x418.jpg 750w, https:\/\/www.tuasaude.com\/news\/wp-content\/uploads\/2026\/04\/freepik_ilustracao-nao-fotorealis_2864879904-1140x636.jpg 1140w, https:\/\/www.tuasaude.com\/news\/wp-content\/uploads\/2026\/04\/freepik_ilustracao-nao-fotorealis_2864879904.jpg 1280w\" sizes=\"(max-width: 1024px) 100vw, 1024px\" \/><figcaption class=\"wp-element-caption\">Acordar com a boca seca pode estar ligado \u00e0 respira\u00e7\u00e3o, hidrata\u00e7\u00e3o ou uso de medicamentos.<\/figcaption><\/figure>\n<\/div>\n\n\n<h2 class=\"wp-block-heading\">O que diz o estudo cient\u00edfico sobre a boca seca<\/h2>\n\n\n\n<p>A rela\u00e7\u00e3o entre medicamentos e redu\u00e7\u00e3o da saliva \u00e9 um dos t\u00f3picos mais pesquisados sobre o tema. A ci\u00eancia mostra que muitos rem\u00e9dios de uso cont\u00ednuo podem estar por tr\u00e1s da boca seca persistente, principalmente em pessoas mais velhas.<\/p>\n\n\n\n<p>Segundo a revis\u00e3o sistem\u00e1tica com meta-an\u00e1lise<strong> <em><a href=\"https:\/\/pubmed.ncbi.nlm.nih.gov\/29071719\/\" target=\"_blank\" rel=\"noreferrer noopener\">Medicamentos que causam boca seca como efeito adverso em idosos: uma revis\u00e3o sistem\u00e1tica e metan\u00e1lise<\/a><\/em><\/strong><em>.<\/em>, publicada na revista cient\u00edfica <em>Journal of the American Geriatrics Society<\/em>, o uso de medicamentos est\u00e1 associado de forma significativa \u00e0 <strong>xerostomia<\/strong> e \u00e0 redu\u00e7\u00e3o da fun\u00e7\u00e3o das gl\u00e2ndulas salivares em idosos, sendo o risco maior entre rem\u00e9dios usados para incontin\u00eancia urin\u00e1ria e condi\u00e7\u00f5es neurol\u00f3gicas. <\/p>\n\n\n\n<h2 class=\"wp-block-heading\">Solu\u00e7\u00f5es eficazes para aliviar a boca seca<\/h2>\n\n\n\n<p>A maior parte dos casos de boca seca pela manh\u00e3 melhora com <strong>ajustes simples<\/strong> na rotina. O objetivo \u00e9 estimular a produ\u00e7\u00e3o de saliva, manter a boca hidratada e corrigir h\u00e1bitos que favorecem a secura.<\/p>\n\n\n\n<p>Algumas estrat\u00e9gias eficazes incluem:<\/p>\n\n\n<div class=\"wp-block-image\">\n<figure class=\"aligncenter size-large\"><img decoding=\"async\" width=\"1024\" height=\"589\" src=\"https:\/\/www.tuasaude.com\/news\/wp-content\/uploads\/2026\/04\/boca-seca-1024x589.jpg\" alt=\"boca seca\" class=\"wp-image-28074\" srcset=\"https:\/\/www.tuasaude.com\/news\/wp-content\/uploads\/2026\/04\/boca-seca-1024x589.jpg 1024w, https:\/\/www.tuasaude.com\/news\/wp-content\/uploads\/2026\/04\/boca-seca-300x173.jpg 300w, https:\/\/www.tuasaude.com\/news\/wp-content\/uploads\/2026\/04\/boca-seca-768x442.jpg 768w, https:\/\/www.tuasaude.com\/news\/wp-content\/uploads\/2026\/04\/boca-seca-750x431.jpg 750w, https:\/\/www.tuasaude.com\/news\/wp-content\/uploads\/2026\/04\/boca-seca-1140x656.jpg 1140w, https:\/\/www.tuasaude.com\/news\/wp-content\/uploads\/2026\/04\/boca-seca.jpg 1280w\" sizes=\"(max-width: 1024px) 100vw, 1024px\" \/><\/figure>\n<\/div>\n\n\n<h2 class=\"wp-block-heading\">Quando procurar avalia\u00e7\u00e3o profissional?<\/h2>\n\n\n\n<p>Embora a boca seca ocasional seja comum, a forma persistente merece aten\u00e7\u00e3o m\u00e9dica. O sintoma cont\u00ednuo pode levar a <strong>c\u00e1ries, <a href=\"https:\/\/www.tuasaude.com\/9-motivos-do-mau-halito\/\" target=\"_blank\" rel=\"noreferrer noopener\">mau h\u00e1lito<\/a>, infec\u00e7\u00f5es bucais e dificuldade para mastigar e engolir<\/strong>, afetando a qualidade de vida.<\/p>\n\n\n\n<p>\u00c9 recomend\u00e1vel procurar um dentista ou m\u00e9dico quando a boca seca \u00e9 frequente, acompanhada de <em>sede intensa, feridas na boca, l\u00edngua ardida, dificuldade para falar<\/em> ou quando surge ap\u00f3s o in\u00edcio de um novo medicamento. Pessoas com <strong><a href=\"https:\/\/www.tuasaude.com\/diabetes\/\" target=\"_blank\" rel=\"noreferrer noopener\">diabetes<\/a>, doen\u00e7as autoimunes<\/strong> ou que fizeram radioterapia na regi\u00e3o da cabe\u00e7a e pesco\u00e7o tamb\u00e9m devem realizar acompanhamento regular para evitar complica\u00e7\u00f5es.<\/p>\n\n\n\n<p><em>Este conte\u00fado tem car\u00e1ter apenas informativo e n\u00e3o substitui a avalia\u00e7\u00e3o de um m\u00e9dico ou dentista. Diante de boca seca persistente, desconforto bucal ou d\u00favidas sobre medicamentos, procure sempre orienta\u00e7\u00e3o de um profissional de sa\u00fade qualificado.<\/em><\/p>\n","protected":false},"excerpt":{"rendered":"<p>Acordar com a boca seca todos os dias \u00e9 uma queixa comum e, na maior parte das vezes, tem explica\u00e7\u00e3o simples. Durante o sono, a produ\u00e7\u00e3o de saliva diminui naturalmente, e fatores como respirar pela boca, uso de certos medicamentos ou pouca hidrata\u00e7\u00e3o intensificam essa sensa\u00e7\u00e3o. Quando o sintoma \u00e9 frequente, pode apontar para quest\u00f5es [&hellip;]<\/p>\n","protected":false},"author":9,"featured_media":28378,"comment_status":"open","ping_status":"open","sticky":false,"template":"","format":"standard","meta":{"_yoast_wpseo_focuskw":"boca seca","_yoast_wpseo_title":"","_yoast_wpseo_metadesc":"Saiba por que a boca seca aparece pela manh\u00e3 e quais h\u00e1bitos simples ajudam a melhorar a produ\u00e7\u00e3o de saliva e o conforto ao acordar.","jnews-multi-image_gallery":[],"jnews_single_post":{"format":"standard"},"jnews_primary_category":[],"jnews_social_meta":[],"jnews_override_counter":[],"footnotes":""},"categories":[111],"tags":[1387,4123,886,6055],"class_list":["post-26932","post","type-post","status-publish","format-standard","has-post-thumbnail","hentry","category-saude","tag-boca-seca","tag-boca-seca-ao-acordar","tag-saliva","tag-xerostomia"],"yoast_head":"<!-- This site is optimized with the Yoast SEO plugin v26.7 - https:\/\/yoast.com\/wordpress\/plugins\/seo\/ -->\n<title>Boca seca ao acordar todos os dias: quais s\u00e3o as causas e solu\u00e7\u00f5es? - Tua Sa\u00fade<\/title>\n<meta name=\"description\" content=\"Saiba por que a boca seca aparece pela manh\u00e3 e quais h\u00e1bitos simples ajudam a melhorar a produ\u00e7\u00e3o de saliva e o conforto ao acordar.\" \/>\n<meta name=\"robots\" content=\"index, follow, max-snippet:-1, max-image-preview:large, max-video-preview:-1\" \/>\n<link rel=\"canonical\" href=\"https:\/\/www.tuasaude.com\/news\/2026\/04\/26\/boca-seca-ao-acordar-todos-os-dias-quais-sao-as-causas-e-solucoes\/\" \/>\n<meta property=\"og:locale\" content=\"pt_BR\" \/>\n<meta property=\"og:type\" content=\"article\" \/>\n<meta property=\"og:title\" content=\"Boca seca ao acordar todos os dias: quais s\u00e3o as causas e solu\u00e7\u00f5es? - Tua Sa\u00fade\" \/>\n<meta property=\"og:description\" content=\"Saiba por que a boca seca aparece pela manh\u00e3 e quais h\u00e1bitos simples ajudam a melhorar a produ\u00e7\u00e3o de saliva e o conforto ao acordar.\" \/>\n<meta property=\"og:url\" content=\"https:\/\/www.tuasaude.com\/news\/2026\/04\/26\/boca-seca-ao-acordar-todos-os-dias-quais-sao-as-causas-e-solucoes\/\" \/>\n<meta property=\"og:site_name\" content=\"Tua Sa\u00fade\" \/>\n<meta property=\"article:published_time\" content=\"2026-04-26T14:50:00+00:00\" \/>\n<meta property=\"og:image\" content=\"https:\/\/www.tuasaude.com\/news\/wp-content\/uploads\/2026\/04\/freepik_ilustracao-nao-fotorealis_2864879709.jpg\" \/>\n\t<meta property=\"og:image:width\" content=\"1280\" \/>\n\t<meta property=\"og:image:height\" content=\"714\" \/>\n\t<meta property=\"og:image:type\" content=\"image\/jpeg\" \/>\n<meta name=\"author\" content=\"Roberta Patriota\" \/>\n<meta name=\"twitter:card\" content=\"summary_large_image\" \/>\n<meta name=\"twitter:label1\" content=\"Escrito por\" \/>\n\t<meta name=\"twitter:data1\" content=\"Roberta Patriota\" \/>\n\t<meta name=\"twitter:label2\" content=\"Est. tempo de leitura\" \/>\n\t<meta name=\"twitter:data2\" content=\"4 minutos\" \/>\n<!-- \/ Yoast SEO plugin. -->","yoast_head_json":{"title":"Boca seca ao acordar todos os dias: quais s\u00e3o as causas e solu\u00e7\u00f5es? - Tua Sa\u00fade","description":"Saiba por que a boca seca aparece pela manh\u00e3 e quais h\u00e1bitos simples ajudam a melhorar a produ\u00e7\u00e3o de saliva e o conforto ao acordar.","robots":{"index":"index","follow":"follow","max-snippet":"max-snippet:-1","max-image-preview":"max-image-preview:large","max-video-preview":"max-video-preview:-1"},"canonical":"https:\/\/www.tuasaude.com\/news\/2026\/04\/26\/boca-seca-ao-acordar-todos-os-dias-quais-sao-as-causas-e-solucoes\/","og_locale":"pt_BR","og_type":"article","og_title":"Boca seca ao acordar todos os dias: quais s\u00e3o as causas e solu\u00e7\u00f5es? - Tua Sa\u00fade","og_description":"Saiba por que a boca seca aparece pela manh\u00e3 e quais h\u00e1bitos simples ajudam a melhorar a produ\u00e7\u00e3o de saliva e o conforto ao acordar.","og_url":"https:\/\/www.tuasaude.com\/news\/2026\/04\/26\/boca-seca-ao-acordar-todos-os-dias-quais-sao-as-causas-e-solucoes\/","og_site_name":"Tua Sa\u00fade","article_published_time":"2026-04-26T14:50:00+00:00","og_image":[{"width":1280,"height":714,"url":"https:\/\/www.tuasaude.com\/news\/wp-content\/uploads\/2026\/04\/freepik_ilustracao-nao-fotorealis_2864879709.jpg","type":"image\/jpeg"}],"author":"Roberta Patriota","twitter_card":"summary_large_image","twitter_misc":{"Escrito por":"Roberta Patriota","Est. tempo de leitura":"4 minutos"},"schema":{"@context":"https:\/\/schema.org","@graph":[{"@type":"Article","@id":"https:\/\/www.tuasaude.com\/news\/2026\/04\/26\/boca-seca-ao-acordar-todos-os-dias-quais-sao-as-causas-e-solucoes\/#article","isPartOf":{"@id":"https:\/\/www.tuasaude.com\/news\/2026\/04\/26\/boca-seca-ao-acordar-todos-os-dias-quais-sao-as-causas-e-solucoes\/"},"author":{"name":"Roberta Patriota","@id":"https:\/\/www.tuasaude.com\/news\/#\/schema\/person\/27adc41011393316b12ef997ca893e44"},"headline":"Boca seca ao acordar todos os dias: quais s\u00e3o as causas e solu\u00e7\u00f5es?","datePublished":"2026-04-26T14:50:00+00:00","mainEntityOfPage":{"@id":"https:\/\/www.tuasaude.com\/news\/2026\/04\/26\/boca-seca-ao-acordar-todos-os-dias-quais-sao-as-causas-e-solucoes\/"},"wordCount":666,"commentCount":0,"image":{"@id":"https:\/\/www.tuasaude.com\/news\/2026\/04\/26\/boca-seca-ao-acordar-todos-os-dias-quais-sao-as-causas-e-solucoes\/#primaryimage"},"thumbnailUrl":"https:\/\/www.tuasaude.com\/news\/wp-content\/uploads\/2026\/04\/freepik_ilustracao-nao-fotorealis_2864879709.jpg","keywords":["boca seca","boca seca ao acordar","saliva","xerostomia"],"articleSection":["Sa\u00fade"],"inLanguage":"pt-BR","potentialAction":[{"@type":"CommentAction","name":"Comment","target":["https:\/\/www.tuasaude.com\/news\/2026\/04\/26\/boca-seca-ao-acordar-todos-os-dias-quais-sao-as-causas-e-solucoes\/#respond"]}]},{"@type":"WebPage","@id":"https:\/\/www.tuasaude.com\/news\/2026\/04\/26\/boca-seca-ao-acordar-todos-os-dias-quais-sao-as-causas-e-solucoes\/","url":"https:\/\/www.tuasaude.com\/news\/2026\/04\/26\/boca-seca-ao-acordar-todos-os-dias-quais-sao-as-causas-e-solucoes\/","name":"Boca seca ao acordar todos os dias: quais s\u00e3o as causas e solu\u00e7\u00f5es? - Tua Sa\u00fade","isPartOf":{"@id":"https:\/\/www.tuasaude.com\/news\/#website"},"primaryImageOfPage":{"@id":"https:\/\/www.tuasaude.com\/news\/2026\/04\/26\/boca-seca-ao-acordar-todos-os-dias-quais-sao-as-causas-e-solucoes\/#primaryimage"},"image":{"@id":"https:\/\/www.tuasaude.com\/news\/2026\/04\/26\/boca-seca-ao-acordar-todos-os-dias-quais-sao-as-causas-e-solucoes\/#primaryimage"},"thumbnailUrl":"https:\/\/www.tuasaude.com\/news\/wp-content\/uploads\/2026\/04\/freepik_ilustracao-nao-fotorealis_2864879709.jpg","datePublished":"2026-04-26T14:50:00+00:00","author":{"@id":"https:\/\/www.tuasaude.com\/news\/#\/schema\/person\/27adc41011393316b12ef997ca893e44"},"description":"Saiba por que a boca seca aparece pela manh\u00e3 e quais h\u00e1bitos simples ajudam a melhorar a produ\u00e7\u00e3o de saliva e o conforto ao acordar.","breadcrumb":{"@id":"https:\/\/www.tuasaude.com\/news\/2026\/04\/26\/boca-seca-ao-acordar-todos-os-dias-quais-sao-as-causas-e-solucoes\/#breadcrumb"},"inLanguage":"pt-BR","potentialAction":[{"@type":"ReadAction","target":["https:\/\/www.tuasaude.com\/news\/2026\/04\/26\/boca-seca-ao-acordar-todos-os-dias-quais-sao-as-causas-e-solucoes\/"]}]},{"@type":"ImageObject","inLanguage":"pt-BR","@id":"https:\/\/www.tuasaude.com\/news\/2026\/04\/26\/boca-seca-ao-acordar-todos-os-dias-quais-sao-as-causas-e-solucoes\/#primaryimage","url":"https:\/\/www.tuasaude.com\/news\/wp-content\/uploads\/2026\/04\/freepik_ilustracao-nao-fotorealis_2864879709.jpg","contentUrl":"https:\/\/www.tuasaude.com\/news\/wp-content\/uploads\/2026\/04\/freepik_ilustracao-nao-fotorealis_2864879709.jpg","width":1280,"height":714,"caption":"A boca seca pela manh\u00e3 merece aten\u00e7\u00e3o quando acontece todos os dias."},{"@type":"BreadcrumbList","@id":"https:\/\/www.tuasaude.com\/news\/2026\/04\/26\/boca-seca-ao-acordar-todos-os-dias-quais-sao-as-causas-e-solucoes\/#breadcrumb","itemListElement":[{"@type":"ListItem","position":1,"name":"In\u00edcio","item":"https:\/\/www.tuasaude.com\/news\/"},{"@type":"ListItem","position":2,"name":"Boca seca ao acordar todos os dias: quais s\u00e3o as causas e solu\u00e7\u00f5es?"}]},{"@type":"WebSite","@id":"https:\/\/www.tuasaude.com\/news\/#website","url":"https:\/\/www.tuasaude.com\/news\/","name":"Tua Sa\u00fade","description":"Seu site de sa\u00fade","potentialAction":[{"@type":"SearchAction","target":{"@type":"EntryPoint","urlTemplate":"https:\/\/www.tuasaude.com\/news\/?s={search_term_string}"},"query-input":{"@type":"PropertyValueSpecification","valueRequired":true,"valueName":"search_term_string"}}],"inLanguage":"pt-BR"},{"@type":"Person","@id":"https:\/\/www.tuasaude.com\/news\/#\/schema\/person\/27adc41011393316b12ef997ca893e44","name":"Roberta Patriota","image":{"@type":"ImageObject","inLanguage":"pt-BR","@id":"https:\/\/www.tuasaude.com\/news\/#\/schema\/person\/image\/","url":"https:\/\/secure.gravatar.com\/avatar\/40fc934d21bfa38a60909bb2e5f2ec503dcd4d849aa772e107feb32efe75c210?s=96&d=mm&r=g","contentUrl":"https:\/\/secure.gravatar.com\/avatar\/40fc934d21bfa38a60909bb2e5f2ec503dcd4d849aa772e107feb32efe75c210?s=96&d=mm&r=g","caption":"Roberta Patriota"},"sameAs":["https:\/\/www.tuasaude.com\/news\/"],"url":"https:\/\/www.tuasaude.com\/news\/author\/roberta-patriota\/"}]}},"_links":{"self":[{"href":"https:\/\/www.tuasaude.com\/news\/wp-json\/wp\/v2\/posts\/26932","targetHints":{"allow":["GET"]}}],"collection":[{"href":"https:\/\/www.tuasaude.com\/news\/wp-json\/wp\/v2\/posts"}],"about":[{"href":"https:\/\/www.tuasaude.com\/news\/wp-json\/wp\/v2\/types\/post"}],"author":[{"embeddable":true,"href":"https:\/\/www.tuasaude.com\/news\/wp-json\/wp\/v2\/users\/9"}],"replies":[{"embeddable":true,"href":"https:\/\/www.tuasaude.com\/news\/wp-json\/wp\/v2\/comments?post=26932"}],"version-history":[{"count":3,"href":"https:\/\/www.tuasaude.com\/news\/wp-json\/wp\/v2\/posts\/26932\/revisions"}],"predecessor-version":[{"id":28402,"href":"https:\/\/www.tuasaude.com\/news\/wp-json\/wp\/v2\/posts\/26932\/revisions\/28402"}],"wp:featuredmedia":[{"embeddable":true,"href":"https:\/\/www.tuasaude.com\/news\/wp-json\/wp\/v2\/media\/28378"}],"wp:attachment":[{"href":"https:\/\/www.tuasaude.com\/news\/wp-json\/wp\/v2\/media?parent=26932"}],"wp:term":[{"taxonomy":"category","embeddable":true,"href":"https:\/\/www.tuasaude.com\/news\/wp-json\/wp\/v2\/categories?post=26932"},{"taxonomy":"post_tag","embeddable":true,"href":"https:\/\/www.tuasaude.com\/news\/wp-json\/wp\/v2\/tags?post=26932"}],"curies":[{"name":"wp","href":"https:\/\/api.w.org\/{rel}","templated":true}]}}