{"id":26928,"date":"2026-04-26T09:00:00","date_gmt":"2026-04-26T12:00:00","guid":{"rendered":"https:\/\/www.tuasaude.com\/news\/?p=26928"},"modified":"2026-04-25T18:23:48","modified_gmt":"2026-04-25T21:23:48","slug":"formigamento-nos-pes-ao-acordar-quais-sao-as-causas-e-solucoes","status":"publish","type":"post","link":"https:\/\/www.tuasaude.com\/news\/2026\/04\/26\/formigamento-nos-pes-ao-acordar-quais-sao-as-causas-e-solucoes\/","title":{"rendered":"Formigamento nos p\u00e9s ao acordar: quais s\u00e3o as causas e solu\u00e7\u00f5es?"},"content":{"rendered":"\n<p>Sentir <strong><a href=\"https:\/\/www.tuasaude.com\/formigamento-nas-pernas\/\" target=\"_blank\" rel=\"noreferrer noopener\">formigamento nos p\u00e9s ao acordar<\/a><\/strong> \u00e9 uma queixa comum e, na maior parte das vezes, benigna. A sensa\u00e7\u00e3o de choque, dorm\u00eancia ou alfinetadas costuma surgir por compress\u00e3o de nervos durante o sono, circula\u00e7\u00e3o prejudicada ou defici\u00eancia de nutrientes, como a <strong><a href=\"https:\/\/www.tuasaude.com\/vitamina-b12-cobalamina\/\" target=\"_blank\" rel=\"noreferrer noopener\">vitamina B12<\/a><\/strong>. Quando o sintoma \u00e9 passageiro, costuma melhorar com o movimento. J\u00e1 quando acontece com frequ\u00eancia, pode indicar um problema que merece investiga\u00e7\u00e3o m\u00e9dica mais detalhada.<\/p>\n\n\n\n<h2 class=\"wp-block-heading\">Por que os p\u00e9s formigam ao acordar?<\/h2>\n\n\n\n<p>Durante o sono, o corpo pode permanecer por v\u00e1rias horas na mesma posi\u00e7\u00e3o, o que gera <em>press\u00e3o tempor\u00e1ria<\/em> sobre nervos e vasos sangu\u00edneos dos p\u00e9s e das pernas. Essa press\u00e3o reduz o fluxo de sangue e a condu\u00e7\u00e3o dos est\u00edmulos nervosos.<\/p>\n\n\n\n<p>Ao se levantar, o corpo retoma a circula\u00e7\u00e3o normal e os nervos voltam a funcionar, provocando aquela sensa\u00e7\u00e3o de <strong>formigamento ou choque<\/strong>. Na maioria das vezes, o sintoma desaparece em poucos minutos e n\u00e3o indica um problema grave.<\/p>\n\n\n\n<h2 class=\"wp-block-heading\">Principais causas do formigamento nos p\u00e9s<\/h2>\n\n\n\n<p>Al\u00e9m da posi\u00e7\u00e3o durante o sono, outros fatores podem estar por tr\u00e1s do formigamento frequente nos p\u00e9s. Conhecer essas causas ajuda a entender quando o sintoma \u00e9 simples e quando merece aten\u00e7\u00e3o m\u00e9dica.<\/p>\n\n\n\n<p>Entre as causas mais comuns est\u00e3o:<\/p>\n\n\n\n<ul class=\"wp-block-list\">\n<li><strong>Compress\u00e3o nervosa<\/strong> durante o sono, especialmente em posi\u00e7\u00f5es cruzadas.<\/li>\n\n\n\n<li>M\u00e1 circula\u00e7\u00e3o sangu\u00ednea nas pernas e p\u00e9s.<\/li>\n\n\n\n<li>Defici\u00eancia de <em>vitamina B12, \u00e1cido f\u00f3lico ou outras vitaminas do complexo B<\/em>.<\/li>\n\n\n\n<li>Diabetes e altera\u00e7\u00f5es de glicemia que afetam os nervos.<\/li>\n\n\n\n<li>Problemas na coluna, como <strong>h\u00e9rnia de disco<\/strong> ou altera\u00e7\u00f5es lombares.<\/li>\n\n\n\n<li>Uso de cal\u00e7ados apertados ou pouco adequados.<\/li>\n\n\n\n<li>Consumo excessivo de \u00e1lcool e tabagismo.<\/li>\n\n\n\n<li>Estresse intenso e altera\u00e7\u00f5es de postura durante a noite.<\/li>\n<\/ul>\n\n\n<div class=\"wp-block-image\">\n<figure class=\"aligncenter size-large\"><img decoding=\"async\" width=\"1024\" height=\"571\" src=\"https:\/\/www.tuasaude.com\/news\/wp-content\/uploads\/2026\/04\/freepik_ilustracao-nao-fotorealis_2864882071-1024x571.jpg\" alt=\"Formigamento nos p\u00e9s ao acordar: quais s\u00e3o as causas e solu\u00e7\u00f5es?\" class=\"wp-image-28383\" srcset=\"https:\/\/www.tuasaude.com\/news\/wp-content\/uploads\/2026\/04\/freepik_ilustracao-nao-fotorealis_2864882071-1024x571.jpg 1024w, https:\/\/www.tuasaude.com\/news\/wp-content\/uploads\/2026\/04\/freepik_ilustracao-nao-fotorealis_2864882071-300x167.jpg 300w, https:\/\/www.tuasaude.com\/news\/wp-content\/uploads\/2026\/04\/freepik_ilustracao-nao-fotorealis_2864882071-768x428.jpg 768w, https:\/\/www.tuasaude.com\/news\/wp-content\/uploads\/2026\/04\/freepik_ilustracao-nao-fotorealis_2864882071-750x418.jpg 750w, https:\/\/www.tuasaude.com\/news\/wp-content\/uploads\/2026\/04\/freepik_ilustracao-nao-fotorealis_2864882071-1140x636.jpg 1140w, https:\/\/www.tuasaude.com\/news\/wp-content\/uploads\/2026\/04\/freepik_ilustracao-nao-fotorealis_2864882071.jpg 1280w\" sizes=\"(max-width: 1024px) 100vw, 1024px\" \/><figcaption class=\"wp-element-caption\">Quando o formigamento \u00e9 frequente, vale investigar nervos, glicemia e vitaminas.<\/figcaption><\/figure>\n<\/div>\n\n\n<h2 class=\"wp-block-heading\">O que diz o estudo cient\u00edfico sobre o formigamento<\/h2>\n\n\n\n<p>A rela\u00e7\u00e3o entre formigamento, nervos perif\u00e9ricos e defici\u00eancias nutricionais \u00e9 um tema consolidado na neurologia. A vitamina B12 em especial \u00e9 considerada essencial para a sa\u00fade dos nervos, j\u00e1 que participa da forma\u00e7\u00e3o da bainha que protege as fibras nervosas.<\/p>\n\n\n\n<p>Segundo a revis\u00e3o sistem\u00e1tica com meta-an\u00e1lise <em><strong><a href=\"https:\/\/onlinelibrary.wiley.com\/doi\/10.1111\/ene.14786\" target=\"_blank\" rel=\"noreferrer noopener\">Associa\u00e7\u00e3o entre neuropatia e vitaminas do complexo B: uma revis\u00e3o sistem\u00e1tica e meta-an\u00e1lise<\/a><\/strong><\/em>, publicada na revista cient\u00edfica <em>European Journal of Neurology<\/em>, n\u00edveis baixos de vitamina B12 est\u00e3o associados a maior risco de <strong>neuropatia perif\u00e9rica<\/strong>, condi\u00e7\u00e3o em que os nervos das extremidades, como os dos p\u00e9s, n\u00e3o funcionam adequadamente e podem gerar formigamento, dorm\u00eancia e dor. <\/p>\n\n\n\n<h2 class=\"wp-block-heading\">Como aliviar o formigamento nos p\u00e9s?<\/h2>\n\n\n\n<p>Quando o formigamento \u00e9 ocasional, algumas medidas simples ajudam a melhorar os sintomas e prevenir novos epis\u00f3dios. O objetivo \u00e9 favorecer a <strong>circula\u00e7\u00e3o, o equil\u00edbrio postural e a sa\u00fade dos nervos<\/strong>.<\/p>\n\n\n\n<p>Entre as estrat\u00e9gias mais eficazes est\u00e3o:<\/p>\n\n\n<div class=\"wp-block-image\">\n<figure class=\"aligncenter size-large\"><img decoding=\"async\" width=\"1024\" height=\"608\" src=\"https:\/\/www.tuasaude.com\/news\/wp-content\/uploads\/2026\/04\/formigamento-1-1024x608.jpg\" alt=\"formigamento\" class=\"wp-image-28031\" srcset=\"https:\/\/www.tuasaude.com\/news\/wp-content\/uploads\/2026\/04\/formigamento-1-1024x608.jpg 1024w, https:\/\/www.tuasaude.com\/news\/wp-content\/uploads\/2026\/04\/formigamento-1-300x178.jpg 300w, https:\/\/www.tuasaude.com\/news\/wp-content\/uploads\/2026\/04\/formigamento-1-768x456.jpg 768w, https:\/\/www.tuasaude.com\/news\/wp-content\/uploads\/2026\/04\/formigamento-1-750x445.jpg 750w, https:\/\/www.tuasaude.com\/news\/wp-content\/uploads\/2026\/04\/formigamento-1-1140x677.jpg 1140w, https:\/\/www.tuasaude.com\/news\/wp-content\/uploads\/2026\/04\/formigamento-1.jpg 1280w\" sizes=\"(max-width: 1024px) 100vw, 1024px\" \/><\/figure>\n<\/div>\n\n\n<h2 class=\"wp-block-heading\">Quando procurar um neurologista?<\/h2>\n\n\n\n<p>Nem todo formigamento precisa de avalia\u00e7\u00e3o m\u00e9dica, mas alguns sinais indicam que \u00e9 hora de buscar ajuda especializada. A presen\u00e7a de outros sintomas associados ou a persist\u00eancia do desconforto s\u00e3o os principais pontos de aten\u00e7\u00e3o.<\/p>\n\n\n\n<p>\u00c9 recomend\u00e1vel procurar um m\u00e9dico ou <strong>neurologista<\/strong> quando o formigamento nos p\u00e9s \u00e9 frequente, acompanhado de <em>dor intensa, fraqueza, perda de sensibilidade, dificuldade para andar<\/em>, queima\u00e7\u00e3o constante ou quando atinge outras regi\u00f5es do corpo, como m\u00e3os e pernas. Pessoas com diabetes, hipotireoidismo, problemas de coluna ou hist\u00f3rico de defici\u00eancia de vitamina B12 devem ter aten\u00e7\u00e3o especial e realizar acompanhamento m\u00e9dico regular.<\/p>\n\n\n\n<p><em>Este conte\u00fado tem car\u00e1ter apenas informativo e n\u00e3o substitui a avalia\u00e7\u00e3o de um m\u00e9dico. Diante de formigamento persistente, intenso ou associado a outros sintomas, procure sempre orienta\u00e7\u00e3o de um profissional de sa\u00fade qualificado.<\/em><\/p>\n","protected":false},"excerpt":{"rendered":"<p>Sentir formigamento nos p\u00e9s ao acordar \u00e9 uma queixa comum e, na maior parte das vezes, benigna. A sensa\u00e7\u00e3o de choque, dorm\u00eancia ou alfinetadas costuma surgir por compress\u00e3o de nervos durante o sono, circula\u00e7\u00e3o prejudicada ou defici\u00eancia de nutrientes, como a vitamina B12. Quando o sintoma \u00e9 passageiro, costuma melhorar com o movimento. J\u00e1 quando [&hellip;]<\/p>\n","protected":false},"author":9,"featured_media":28382,"comment_status":"open","ping_status":"open","sticky":false,"template":"","format":"standard","meta":{"_yoast_wpseo_focuskw":"formigamento","_yoast_wpseo_title":"","_yoast_wpseo_metadesc":"Formigamento nos p\u00e9s ao acordar pode estar ligado \u00e0 circula\u00e7\u00e3o, nervos ou vitamina B12. Entenda quando o sintoma \u00e9 comum e quando n\u00e3o.","jnews-multi-image_gallery":[],"jnews_single_post":{"format":"standard"},"jnews_primary_category":[],"jnews_social_meta":[],"jnews_override_counter":[],"footnotes":""},"categories":[111],"tags":[1095,6135,2526,1039],"class_list":["post-26928","post","type-post","status-publish","format-standard","has-post-thumbnail","hentry","category-saude","tag-circulacao","tag-dormencia-ao-acordar","tag-formigamento-nos-pes","tag-vitamina-b12"],"yoast_head":"<!-- This site is optimized with the Yoast SEO plugin v26.7 - https:\/\/yoast.com\/wordpress\/plugins\/seo\/ -->\n<title>Formigamento nos p\u00e9s ao acordar: quais s\u00e3o as causas e solu\u00e7\u00f5es? - Tua Sa\u00fade<\/title>\n<meta name=\"description\" content=\"Formigamento nos p\u00e9s ao acordar pode estar ligado \u00e0 circula\u00e7\u00e3o, nervos ou vitamina B12. Entenda quando o sintoma \u00e9 comum e quando n\u00e3o.\" \/>\n<meta name=\"robots\" content=\"index, follow, max-snippet:-1, max-image-preview:large, max-video-preview:-1\" \/>\n<link rel=\"canonical\" href=\"https:\/\/www.tuasaude.com\/news\/2026\/04\/26\/formigamento-nos-pes-ao-acordar-quais-sao-as-causas-e-solucoes\/\" \/>\n<meta property=\"og:locale\" content=\"pt_BR\" \/>\n<meta property=\"og:type\" content=\"article\" \/>\n<meta property=\"og:title\" content=\"Formigamento nos p\u00e9s ao acordar: quais s\u00e3o as causas e solu\u00e7\u00f5es? - Tua Sa\u00fade\" \/>\n<meta property=\"og:description\" content=\"Formigamento nos p\u00e9s ao acordar pode estar ligado \u00e0 circula\u00e7\u00e3o, nervos ou vitamina B12. Entenda quando o sintoma \u00e9 comum e quando n\u00e3o.\" \/>\n<meta property=\"og:url\" content=\"https:\/\/www.tuasaude.com\/news\/2026\/04\/26\/formigamento-nos-pes-ao-acordar-quais-sao-as-causas-e-solucoes\/\" \/>\n<meta property=\"og:site_name\" content=\"Tua Sa\u00fade\" \/>\n<meta property=\"article:published_time\" content=\"2026-04-26T12:00:00+00:00\" \/>\n<meta property=\"og:image\" content=\"https:\/\/www.tuasaude.com\/news\/wp-content\/uploads\/2026\/04\/freepik_ilustracao-nao-fotorealis_2864881825.jpg\" \/>\n\t<meta property=\"og:image:width\" content=\"1280\" \/>\n\t<meta property=\"og:image:height\" content=\"714\" \/>\n\t<meta property=\"og:image:type\" content=\"image\/jpeg\" \/>\n<meta name=\"author\" content=\"Roberta Patriota\" \/>\n<meta name=\"twitter:card\" content=\"summary_large_image\" \/>\n<meta name=\"twitter:label1\" content=\"Escrito por\" \/>\n\t<meta name=\"twitter:data1\" content=\"Roberta Patriota\" \/>\n\t<meta name=\"twitter:label2\" content=\"Est. tempo de leitura\" \/>\n\t<meta name=\"twitter:data2\" content=\"4 minutos\" \/>\n<!-- \/ Yoast SEO plugin. -->","yoast_head_json":{"title":"Formigamento nos p\u00e9s ao acordar: quais s\u00e3o as causas e solu\u00e7\u00f5es? - Tua Sa\u00fade","description":"Formigamento nos p\u00e9s ao acordar pode estar ligado \u00e0 circula\u00e7\u00e3o, nervos ou vitamina B12. Entenda quando o sintoma \u00e9 comum e quando n\u00e3o.","robots":{"index":"index","follow":"follow","max-snippet":"max-snippet:-1","max-image-preview":"max-image-preview:large","max-video-preview":"max-video-preview:-1"},"canonical":"https:\/\/www.tuasaude.com\/news\/2026\/04\/26\/formigamento-nos-pes-ao-acordar-quais-sao-as-causas-e-solucoes\/","og_locale":"pt_BR","og_type":"article","og_title":"Formigamento nos p\u00e9s ao acordar: quais s\u00e3o as causas e solu\u00e7\u00f5es? - Tua Sa\u00fade","og_description":"Formigamento nos p\u00e9s ao acordar pode estar ligado \u00e0 circula\u00e7\u00e3o, nervos ou vitamina B12. Entenda quando o sintoma \u00e9 comum e quando n\u00e3o.","og_url":"https:\/\/www.tuasaude.com\/news\/2026\/04\/26\/formigamento-nos-pes-ao-acordar-quais-sao-as-causas-e-solucoes\/","og_site_name":"Tua Sa\u00fade","article_published_time":"2026-04-26T12:00:00+00:00","og_image":[{"width":1280,"height":714,"url":"https:\/\/www.tuasaude.com\/news\/wp-content\/uploads\/2026\/04\/freepik_ilustracao-nao-fotorealis_2864881825.jpg","type":"image\/jpeg"}],"author":"Roberta Patriota","twitter_card":"summary_large_image","twitter_misc":{"Escrito por":"Roberta Patriota","Est. tempo de leitura":"4 minutos"},"schema":{"@context":"https:\/\/schema.org","@graph":[{"@type":"Article","@id":"https:\/\/www.tuasaude.com\/news\/2026\/04\/26\/formigamento-nos-pes-ao-acordar-quais-sao-as-causas-e-solucoes\/#article","isPartOf":{"@id":"https:\/\/www.tuasaude.com\/news\/2026\/04\/26\/formigamento-nos-pes-ao-acordar-quais-sao-as-causas-e-solucoes\/"},"author":{"name":"Roberta Patriota","@id":"https:\/\/www.tuasaude.com\/news\/#\/schema\/person\/27adc41011393316b12ef997ca893e44"},"headline":"Formigamento nos p\u00e9s ao acordar: quais s\u00e3o as causas e solu\u00e7\u00f5es?","datePublished":"2026-04-26T12:00:00+00:00","mainEntityOfPage":{"@id":"https:\/\/www.tuasaude.com\/news\/2026\/04\/26\/formigamento-nos-pes-ao-acordar-quais-sao-as-causas-e-solucoes\/"},"wordCount":661,"commentCount":0,"image":{"@id":"https:\/\/www.tuasaude.com\/news\/2026\/04\/26\/formigamento-nos-pes-ao-acordar-quais-sao-as-causas-e-solucoes\/#primaryimage"},"thumbnailUrl":"https:\/\/www.tuasaude.com\/news\/wp-content\/uploads\/2026\/04\/freepik_ilustracao-nao-fotorealis_2864881825.jpg","keywords":["circula\u00e7\u00e3o","dorm\u00eancia ao acordar","formigamento nos p\u00e9s","vitamina B12"],"articleSection":["Sa\u00fade"],"inLanguage":"pt-BR","potentialAction":[{"@type":"CommentAction","name":"Comment","target":["https:\/\/www.tuasaude.com\/news\/2026\/04\/26\/formigamento-nos-pes-ao-acordar-quais-sao-as-causas-e-solucoes\/#respond"]}]},{"@type":"WebPage","@id":"https:\/\/www.tuasaude.com\/news\/2026\/04\/26\/formigamento-nos-pes-ao-acordar-quais-sao-as-causas-e-solucoes\/","url":"https:\/\/www.tuasaude.com\/news\/2026\/04\/26\/formigamento-nos-pes-ao-acordar-quais-sao-as-causas-e-solucoes\/","name":"Formigamento nos p\u00e9s ao acordar: quais s\u00e3o as causas e solu\u00e7\u00f5es? - Tua Sa\u00fade","isPartOf":{"@id":"https:\/\/www.tuasaude.com\/news\/#website"},"primaryImageOfPage":{"@id":"https:\/\/www.tuasaude.com\/news\/2026\/04\/26\/formigamento-nos-pes-ao-acordar-quais-sao-as-causas-e-solucoes\/#primaryimage"},"image":{"@id":"https:\/\/www.tuasaude.com\/news\/2026\/04\/26\/formigamento-nos-pes-ao-acordar-quais-sao-as-causas-e-solucoes\/#primaryimage"},"thumbnailUrl":"https:\/\/www.tuasaude.com\/news\/wp-content\/uploads\/2026\/04\/freepik_ilustracao-nao-fotorealis_2864881825.jpg","datePublished":"2026-04-26T12:00:00+00:00","author":{"@id":"https:\/\/www.tuasaude.com\/news\/#\/schema\/person\/27adc41011393316b12ef997ca893e44"},"description":"Formigamento nos p\u00e9s ao acordar pode estar ligado \u00e0 circula\u00e7\u00e3o, nervos ou vitamina B12. Entenda quando o sintoma \u00e9 comum e quando n\u00e3o.","breadcrumb":{"@id":"https:\/\/www.tuasaude.com\/news\/2026\/04\/26\/formigamento-nos-pes-ao-acordar-quais-sao-as-causas-e-solucoes\/#breadcrumb"},"inLanguage":"pt-BR","potentialAction":[{"@type":"ReadAction","target":["https:\/\/www.tuasaude.com\/news\/2026\/04\/26\/formigamento-nos-pes-ao-acordar-quais-sao-as-causas-e-solucoes\/"]}]},{"@type":"ImageObject","inLanguage":"pt-BR","@id":"https:\/\/www.tuasaude.com\/news\/2026\/04\/26\/formigamento-nos-pes-ao-acordar-quais-sao-as-causas-e-solucoes\/#primaryimage","url":"https:\/\/www.tuasaude.com\/news\/wp-content\/uploads\/2026\/04\/freepik_ilustracao-nao-fotorealis_2864881825.jpg","contentUrl":"https:\/\/www.tuasaude.com\/news\/wp-content\/uploads\/2026\/04\/freepik_ilustracao-nao-fotorealis_2864881825.jpg","width":1280,"height":714,"caption":"Formigamento nos p\u00e9s ao acordar pode estar ligado \u00e0 posi\u00e7\u00e3o do sono ou \u00e0 circula\u00e7\u00e3o."},{"@type":"BreadcrumbList","@id":"https:\/\/www.tuasaude.com\/news\/2026\/04\/26\/formigamento-nos-pes-ao-acordar-quais-sao-as-causas-e-solucoes\/#breadcrumb","itemListElement":[{"@type":"ListItem","position":1,"name":"In\u00edcio","item":"https:\/\/www.tuasaude.com\/news\/"},{"@type":"ListItem","position":2,"name":"Formigamento nos p\u00e9s ao acordar: quais s\u00e3o as causas e solu\u00e7\u00f5es?"}]},{"@type":"WebSite","@id":"https:\/\/www.tuasaude.com\/news\/#website","url":"https:\/\/www.tuasaude.com\/news\/","name":"Tua Sa\u00fade","description":"Seu site de sa\u00fade","potentialAction":[{"@type":"SearchAction","target":{"@type":"EntryPoint","urlTemplate":"https:\/\/www.tuasaude.com\/news\/?s={search_term_string}"},"query-input":{"@type":"PropertyValueSpecification","valueRequired":true,"valueName":"search_term_string"}}],"inLanguage":"pt-BR"},{"@type":"Person","@id":"https:\/\/www.tuasaude.com\/news\/#\/schema\/person\/27adc41011393316b12ef997ca893e44","name":"Roberta Patriota","image":{"@type":"ImageObject","inLanguage":"pt-BR","@id":"https:\/\/www.tuasaude.com\/news\/#\/schema\/person\/image\/","url":"https:\/\/secure.gravatar.com\/avatar\/40fc934d21bfa38a60909bb2e5f2ec503dcd4d849aa772e107feb32efe75c210?s=96&d=mm&r=g","contentUrl":"https:\/\/secure.gravatar.com\/avatar\/40fc934d21bfa38a60909bb2e5f2ec503dcd4d849aa772e107feb32efe75c210?s=96&d=mm&r=g","caption":"Roberta Patriota"},"sameAs":["https:\/\/www.tuasaude.com\/news\/"],"url":"https:\/\/www.tuasaude.com\/news\/author\/roberta-patriota\/"}]}},"_links":{"self":[{"href":"https:\/\/www.tuasaude.com\/news\/wp-json\/wp\/v2\/posts\/26928","targetHints":{"allow":["GET"]}}],"collection":[{"href":"https:\/\/www.tuasaude.com\/news\/wp-json\/wp\/v2\/posts"}],"about":[{"href":"https:\/\/www.tuasaude.com\/news\/wp-json\/wp\/v2\/types\/post"}],"author":[{"embeddable":true,"href":"https:\/\/www.tuasaude.com\/news\/wp-json\/wp\/v2\/users\/9"}],"replies":[{"embeddable":true,"href":"https:\/\/www.tuasaude.com\/news\/wp-json\/wp\/v2\/comments?post=26928"}],"version-history":[{"count":5,"href":"https:\/\/www.tuasaude.com\/news\/wp-json\/wp\/v2\/posts\/26928\/revisions"}],"predecessor-version":[{"id":28404,"href":"https:\/\/www.tuasaude.com\/news\/wp-json\/wp\/v2\/posts\/26928\/revisions\/28404"}],"wp:featuredmedia":[{"embeddable":true,"href":"https:\/\/www.tuasaude.com\/news\/wp-json\/wp\/v2\/media\/28382"}],"wp:attachment":[{"href":"https:\/\/www.tuasaude.com\/news\/wp-json\/wp\/v2\/media?parent=26928"}],"wp:term":[{"taxonomy":"category","embeddable":true,"href":"https:\/\/www.tuasaude.com\/news\/wp-json\/wp\/v2\/categories?post=26928"},{"taxonomy":"post_tag","embeddable":true,"href":"https:\/\/www.tuasaude.com\/news\/wp-json\/wp\/v2\/tags?post=26928"}],"curies":[{"name":"wp","href":"https:\/\/api.w.org\/{rel}","templated":true}]}}