{"id":26852,"date":"2026-04-24T08:50:00","date_gmt":"2026-04-24T11:50:00","guid":{"rendered":"https:\/\/www.tuasaude.com\/news\/?p=26852"},"modified":"2026-04-23T10:43:58","modified_gmt":"2026-04-23T13:43:58","slug":"e-normal-a-urina-ter-cheiro-forte-ao-acordar-especialistas-revelam-quatro-motivos-principais-fique-atento-se-notar-coloracao-escura-ou-ardencia-ao-urinar","status":"publish","type":"post","link":"https:\/\/www.tuasaude.com\/news\/2026\/04\/24\/e-normal-a-urina-ter-cheiro-forte-ao-acordar-especialistas-revelam-quatro-motivos-principais-fique-atento-se-notar-coloracao-escura-ou-ardencia-ao-urinar\/","title":{"rendered":"\u00c9 normal a urina ter cheiro forte ao acordar? Especialistas revelam quatro motivos principais: fique atento se notar colora\u00e7\u00e3o escura ou ard\u00eancia ao urinar"},"content":{"rendered":"\n<p>Sim, \u00e9 normal que a urina matinal tenha um cheiro mais forte do que a eliminada ao longo do dia. Isso acontece porque, durante o sono, o corpo fica v\u00e1rias horas sem hidrata\u00e7\u00e3o, fazendo com que os rins concentrem mais os res\u00edduos metab\u00f3licos, especialmente a ureia. Na maioria dos casos, essa caracter\u00edstica desaparece com a primeira ingest\u00e3o de \u00e1gua. No entanto, quando o odor vem acompanhado de colora\u00e7\u00e3o escura persistente, ard\u00eancia ou outros sintomas, pode indicar algo al\u00e9m da simples desidrata\u00e7\u00e3o. Entenda os principais motivos.<\/p>\n\n\n\n<h2 class=\"wp-block-heading\">Por que a urina fica mais concentrada ao acordar?<\/h2>\n\n\n\n<p>Durante a noite, o organismo passa em m\u00e9dia sete a nove horas sem ingerir l\u00edquidos, enquanto os rins continuam filtrando o sangue e removendo subst\u00e2ncias como ureia, sais e toxinas. O resultado \u00e9 uma urina mais concentrada pela manh\u00e3.<\/p>\n\n\n\n<p>Esse processo \u00e9 completamente fisiol\u00f3gico e explica o tom amarelo mais forte e o cheiro mais intenso logo ao acordar. A colora\u00e7\u00e3o tende a clarear ao longo do dia conforme a pessoa se hidrata adequadamente.<\/p>\n\n\n\n<h2 class=\"wp-block-heading\">Quais s\u00e3o os quatro motivos principais do cheiro forte?<\/h2>\n\n\n\n<p>Al\u00e9m da concentra\u00e7\u00e3o natural da urina ap\u00f3s o sono, algumas situa\u00e7\u00f5es comuns explicam por que o odor pode ficar ainda mais acentuado ao acordar. Conhecer essas causas ajuda a diferenciar o fisiol\u00f3gico do patol\u00f3gico.<\/p>\n\n\n\n<p>Os quatro motivos mais frequentes s\u00e3o:<\/p>\n\n\n<div class=\"wp-block-image\">\n<figure class=\"aligncenter size-large\"><img decoding=\"async\" width=\"1024\" height=\"402\" src=\"https:\/\/www.tuasaude.com\/news\/wp-content\/uploads\/2026\/04\/convertido-11-11-1024x402.jpg\" alt=\"Quais s\u00e3o os quatro motivos principais do cheiro forte?\" class=\"wp-image-26853\" srcset=\"https:\/\/www.tuasaude.com\/news\/wp-content\/uploads\/2026\/04\/convertido-11-11-1024x402.jpg 1024w, https:\/\/www.tuasaude.com\/news\/wp-content\/uploads\/2026\/04\/convertido-11-11-300x118.jpg 300w, https:\/\/www.tuasaude.com\/news\/wp-content\/uploads\/2026\/04\/convertido-11-11-768x301.jpg 768w, https:\/\/www.tuasaude.com\/news\/wp-content\/uploads\/2026\/04\/convertido-11-11-750x294.jpg 750w, https:\/\/www.tuasaude.com\/news\/wp-content\/uploads\/2026\/04\/convertido-11-11-1140x447.jpg 1140w, https:\/\/www.tuasaude.com\/news\/wp-content\/uploads\/2026\/04\/convertido-11-11.jpg 1280w\" sizes=\"(max-width: 1024px) 100vw, 1024px\" \/><figcaption class=\"wp-element-caption\">Quais s\u00e3o os quatro motivos principais do cheiro forte?<\/figcaption><\/figure>\n<\/div>\n\n\n<p>Nas tr\u00eas primeiras situa\u00e7\u00f5es, o sintoma costuma ser passageiro e responde bem ao aumento da ingest\u00e3o de \u00e1gua. J\u00e1 no caso de suspeita de infec\u00e7\u00e3o, \u00e9 importante conhecer melhor os sinais da <a href=\"https:\/\/www.tuasaude.com\/infeccao-do-trato-urinario\/\" target=\"_blank\" rel=\"noreferrer noopener\">infec\u00e7\u00e3o urin\u00e1ria<\/a>.<\/p>\n\n\n\n<h2 class=\"wp-block-heading\">Quando a cor e o cheiro da urina merecem aten\u00e7\u00e3o?<\/h2>\n\n\n\n<p>Nem toda altera\u00e7\u00e3o no odor \u00e9 preocupante, mas a combina\u00e7\u00e3o com outros sinais pode indicar problemas nos rins, f\u00edgado, ves\u00edcula ou vias urin\u00e1rias. Por isso, \u00e9 importante observar o conjunto dos sintomas, n\u00e3o apenas o cheiro isolado.<\/p>\n\n\n\n<p>Alguns sinais que exigem avalia\u00e7\u00e3o m\u00e9dica incluem:<\/p>\n\n\n\n<ul class=\"wp-block-list\">\n<li>Urina muito escura, cor de ch\u00e1 ou refrigerante<\/li>\n\n\n\n<li>Ard\u00eancia ou dor ao urinar<\/li>\n\n\n\n<li>Vontade constante de urinar, mesmo em pequenas quantidades<\/li>\n\n\n\n<li>Presen\u00e7a de sangue, espuma persistente ou aspecto turvo<\/li>\n\n\n\n<li>Odor adocicado, que pode indicar altera\u00e7\u00e3o na glicose<\/li>\n\n\n\n<li>Febre, dor na regi\u00e3o lombar ou calafrios<\/li>\n<\/ul>\n\n\n\n<p>Quando a cor escurece muito, tamb\u00e9m pode ser sinal de problemas hep\u00e1ticos ou <a href=\"https:\/\/www.tuasaude.com\/sintomas-de-problema-na-vesicula\/\" target=\"_blank\" rel=\"noreferrer noopener\">problemas na ves\u00edcula<\/a>, situa\u00e7\u00f5es que exigem avalia\u00e7\u00e3o cl\u00ednica espec\u00edfica.<\/p>\n\n\n<div class=\"wp-block-image\">\n<figure class=\"aligncenter size-large\"><img decoding=\"async\" width=\"1024\" height=\"571\" src=\"https:\/\/www.tuasaude.com\/news\/wp-content\/uploads\/2026\/04\/freepik_illustration-nonphotoreal_2850209643-1024x571.jpg\" alt=\"\u00c9 normal a urina ter cheiro forte ao acordar? Especialistas revelam quatro motivos principais: fique atento se notar colora\u00e7\u00e3o escura ou ard\u00eancia ao urinar\" class=\"wp-image-26949\" srcset=\"https:\/\/www.tuasaude.com\/news\/wp-content\/uploads\/2026\/04\/freepik_illustration-nonphotoreal_2850209643-1024x571.jpg 1024w, https:\/\/www.tuasaude.com\/news\/wp-content\/uploads\/2026\/04\/freepik_illustration-nonphotoreal_2850209643-300x167.jpg 300w, https:\/\/www.tuasaude.com\/news\/wp-content\/uploads\/2026\/04\/freepik_illustration-nonphotoreal_2850209643-768x428.jpg 768w, https:\/\/www.tuasaude.com\/news\/wp-content\/uploads\/2026\/04\/freepik_illustration-nonphotoreal_2850209643-750x418.jpg 750w, https:\/\/www.tuasaude.com\/news\/wp-content\/uploads\/2026\/04\/freepik_illustration-nonphotoreal_2850209643-1140x636.jpg 1140w, https:\/\/www.tuasaude.com\/news\/wp-content\/uploads\/2026\/04\/freepik_illustration-nonphotoreal_2850209643.jpg 1280w\" sizes=\"(max-width: 1024px) 100vw, 1024px\" \/><figcaption class=\"wp-element-caption\">O cheiro da urina ao acordar pode dizer muito sobre sua hidrata\u00e7\u00e3o.<\/figcaption><\/figure>\n<\/div>\n\n\n<h2 class=\"wp-block-heading\">O que a ci\u00eancia explica sobre a concentra\u00e7\u00e3o da urina?<\/h2>\n\n\n\n<p>A fisiologia renal \u00e9 bem documentada e ajuda a entender por que a urina da manh\u00e3 \u00e9 naturalmente mais concentrada do que a do restante do dia.<\/p>\n\n\n\n<p>Segundo a revis\u00e3o <a href=\"https:\/\/pmc.ncbi.nlm.nih.gov\/articles\/PMC2709207\/\" target=\"_blank\" rel=\"noreferrer noopener\">The Physiology of Urinary Concentration<\/a>, publicada na revista Kidney International, os rins possuem um sistema de gradiente osm\u00f3tico na regi\u00e3o medular que permite reter \u00e1gua e concentrar os res\u00edduos, especialmente a ureia, durante per\u00edodos prolongados sem ingest\u00e3o de l\u00edquidos. Os autores explicam que, nessas condi\u00e7\u00f5es, a urina pode alcan\u00e7ar concentra\u00e7\u00f5es v\u00e1rias vezes superiores \u00e0 do plasma sangu\u00edneo, o que justifica o odor mais intenso ao acordar.<\/p>\n\n\n\n<h2 class=\"wp-block-heading\">Quando \u00e9 hora de procurar ajuda m\u00e9dica?<\/h2>\n\n\n\n<p>\u00c9 recomendado buscar avalia\u00e7\u00e3o quando o cheiro forte persiste mesmo ap\u00f3s uma boa hidrata\u00e7\u00e3o, quando aparecem ard\u00eancia, dor, sangue ou febre, ou quando a colora\u00e7\u00e3o permanece escura por v\u00e1rios dias seguidos. Essas caracter\u00edsticas podem apontar para infec\u00e7\u00e3o, pedra nos rins, diabetes, doen\u00e7as hep\u00e1ticas ou outras condi\u00e7\u00f5es metab\u00f3licas.<\/p>\n\n\n\n<p>Cl\u00ednico geral, urologista e nefrologista s\u00e3o os profissionais mais indicados para investigar o quadro, geralmente por meio de exame de urina e urocultura. Vale tamb\u00e9m observar se ocorrem altera\u00e7\u00f5es na <a href=\"https:\/\/www.tuasaude.com\/medico-responde\/cor-da-urina-com-infeccao\/\" target=\"_blank\" rel=\"noreferrer noopener\">cor da urina com infec\u00e7\u00e3o<\/a>, o que pode facilitar o diagn\u00f3stico.<\/p>\n\n\n\n<p><em>Este conte\u00fado tem car\u00e1ter exclusivamente informativo e n\u00e3o substitui a avalia\u00e7\u00e3o, o diagn\u00f3stico ou o acompanhamento de um profissional de sa\u00fade. Consulte sempre um m\u00e9dico diante de altera\u00e7\u00f5es persistentes no cheiro, na cor ou na frequ\u00eancia da urina.<\/em><\/p>\n","protected":false},"excerpt":{"rendered":"<p>Sim, \u00e9 normal que a urina matinal tenha um cheiro mais forte do que a eliminada ao longo do dia. Isso acontece porque, durante o sono, o corpo fica v\u00e1rias horas sem hidrata\u00e7\u00e3o, fazendo com que os rins concentrem mais os res\u00edduos metab\u00f3licos, especialmente a ureia. Na maioria dos casos, essa caracter\u00edstica desaparece com a [&hellip;]<\/p>\n","protected":false},"author":11,"featured_media":26948,"comment_status":"open","ping_status":"open","sticky":false,"template":"","format":"standard","meta":{"_yoast_wpseo_focuskw":"urina com cheiro forte","_yoast_wpseo_title":"","_yoast_wpseo_metadesc":"Cheiro forte na urina pela manh\u00e3 geralmente \u00e9 normal, mas quando persiste ou vem com outros sinais pode indicar altera\u00e7\u00f5es na sa\u00fade.","jnews-multi-image_gallery":[],"jnews_single_post":{"format":"standard"},"jnews_primary_category":[],"jnews_social_meta":[],"jnews_override_counter":[],"footnotes":""},"categories":[111],"tags":[2646,116,1710,2369],"class_list":["post-26852","post","type-post","status-publish","format-standard","has-post-thumbnail","hentry","category-saude","tag-ardencia-ao-urinar","tag-sono","tag-urina-com-cheiro-forte","tag-urina-escura"],"yoast_head":"<!-- This site is optimized with the Yoast SEO plugin v26.7 - https:\/\/yoast.com\/wordpress\/plugins\/seo\/ -->\n<title>\u00c9 normal a urina ter cheiro forte ao acordar? Especialistas revelam quatro motivos principais: fique atento se notar colora\u00e7\u00e3o escura ou ard\u00eancia ao urinar - Tua Sa\u00fade<\/title>\n<meta name=\"description\" content=\"Cheiro forte na urina pela manh\u00e3 geralmente \u00e9 normal, mas quando persiste ou vem com outros sinais pode indicar altera\u00e7\u00f5es na sa\u00fade.\" \/>\n<meta name=\"robots\" content=\"index, follow, max-snippet:-1, max-image-preview:large, max-video-preview:-1\" \/>\n<link rel=\"canonical\" href=\"https:\/\/www.tuasaude.com\/news\/2026\/04\/24\/e-normal-a-urina-ter-cheiro-forte-ao-acordar-especialistas-revelam-quatro-motivos-principais-fique-atento-se-notar-coloracao-escura-ou-ardencia-ao-urinar\/\" \/>\n<meta property=\"og:locale\" content=\"pt_BR\" \/>\n<meta property=\"og:type\" content=\"article\" \/>\n<meta property=\"og:title\" content=\"\u00c9 normal a urina ter cheiro forte ao acordar? Especialistas revelam quatro motivos principais: fique atento se notar colora\u00e7\u00e3o escura ou ard\u00eancia ao urinar - Tua Sa\u00fade\" \/>\n<meta property=\"og:description\" content=\"Cheiro forte na urina pela manh\u00e3 geralmente \u00e9 normal, mas quando persiste ou vem com outros sinais pode indicar altera\u00e7\u00f5es na sa\u00fade.\" \/>\n<meta property=\"og:url\" content=\"https:\/\/www.tuasaude.com\/news\/2026\/04\/24\/e-normal-a-urina-ter-cheiro-forte-ao-acordar-especialistas-revelam-quatro-motivos-principais-fique-atento-se-notar-coloracao-escura-ou-ardencia-ao-urinar\/\" \/>\n<meta property=\"og:site_name\" content=\"Tua Sa\u00fade\" \/>\n<meta property=\"article:published_time\" content=\"2026-04-24T11:50:00+00:00\" \/>\n<meta property=\"og:image\" content=\"https:\/\/www.tuasaude.com\/news\/wp-content\/uploads\/2026\/04\/freepik_illustration-nonphotoreal_2850208923.jpg\" \/>\n\t<meta property=\"og:image:width\" content=\"1280\" \/>\n\t<meta property=\"og:image:height\" content=\"714\" \/>\n\t<meta property=\"og:image:type\" content=\"image\/jpeg\" \/>\n<meta name=\"author\" content=\"Gessika Julia Carvalho\" \/>\n<meta name=\"twitter:card\" content=\"summary_large_image\" \/>\n<meta name=\"twitter:label1\" content=\"Escrito por\" \/>\n\t<meta name=\"twitter:data1\" content=\"Gessika Julia Carvalho\" \/>\n\t<meta name=\"twitter:label2\" content=\"Est. tempo de leitura\" \/>\n\t<meta name=\"twitter:data2\" content=\"5 minutos\" \/>\n<!-- \/ Yoast SEO plugin. -->","yoast_head_json":{"title":"\u00c9 normal a urina ter cheiro forte ao acordar? Especialistas revelam quatro motivos principais: fique atento se notar colora\u00e7\u00e3o escura ou ard\u00eancia ao urinar - Tua Sa\u00fade","description":"Cheiro forte na urina pela manh\u00e3 geralmente \u00e9 normal, mas quando persiste ou vem com outros sinais pode indicar altera\u00e7\u00f5es na sa\u00fade.","robots":{"index":"index","follow":"follow","max-snippet":"max-snippet:-1","max-image-preview":"max-image-preview:large","max-video-preview":"max-video-preview:-1"},"canonical":"https:\/\/www.tuasaude.com\/news\/2026\/04\/24\/e-normal-a-urina-ter-cheiro-forte-ao-acordar-especialistas-revelam-quatro-motivos-principais-fique-atento-se-notar-coloracao-escura-ou-ardencia-ao-urinar\/","og_locale":"pt_BR","og_type":"article","og_title":"\u00c9 normal a urina ter cheiro forte ao acordar? Especialistas revelam quatro motivos principais: fique atento se notar colora\u00e7\u00e3o escura ou ard\u00eancia ao urinar - Tua Sa\u00fade","og_description":"Cheiro forte na urina pela manh\u00e3 geralmente \u00e9 normal, mas quando persiste ou vem com outros sinais pode indicar altera\u00e7\u00f5es na sa\u00fade.","og_url":"https:\/\/www.tuasaude.com\/news\/2026\/04\/24\/e-normal-a-urina-ter-cheiro-forte-ao-acordar-especialistas-revelam-quatro-motivos-principais-fique-atento-se-notar-coloracao-escura-ou-ardencia-ao-urinar\/","og_site_name":"Tua Sa\u00fade","article_published_time":"2026-04-24T11:50:00+00:00","og_image":[{"width":1280,"height":714,"url":"https:\/\/www.tuasaude.com\/news\/wp-content\/uploads\/2026\/04\/freepik_illustration-nonphotoreal_2850208923.jpg","type":"image\/jpeg"}],"author":"Gessika Julia Carvalho","twitter_card":"summary_large_image","twitter_misc":{"Escrito por":"Gessika Julia Carvalho","Est. tempo de leitura":"5 minutos"},"schema":{"@context":"https:\/\/schema.org","@graph":[{"@type":"Article","@id":"https:\/\/www.tuasaude.com\/news\/2026\/04\/24\/e-normal-a-urina-ter-cheiro-forte-ao-acordar-especialistas-revelam-quatro-motivos-principais-fique-atento-se-notar-coloracao-escura-ou-ardencia-ao-urinar\/#article","isPartOf":{"@id":"https:\/\/www.tuasaude.com\/news\/2026\/04\/24\/e-normal-a-urina-ter-cheiro-forte-ao-acordar-especialistas-revelam-quatro-motivos-principais-fique-atento-se-notar-coloracao-escura-ou-ardencia-ao-urinar\/"},"author":{"name":"Gessika Julia Carvalho","@id":"https:\/\/www.tuasaude.com\/news\/#\/schema\/person\/2e9df841be69ec84f5d20ddb8d273ac2"},"headline":"\u00c9 normal a urina ter cheiro forte ao acordar? Especialistas revelam quatro motivos principais: fique atento se notar colora\u00e7\u00e3o escura ou ard\u00eancia ao urinar","datePublished":"2026-04-24T11:50:00+00:00","mainEntityOfPage":{"@id":"https:\/\/www.tuasaude.com\/news\/2026\/04\/24\/e-normal-a-urina-ter-cheiro-forte-ao-acordar-especialistas-revelam-quatro-motivos-principais-fique-atento-se-notar-coloracao-escura-ou-ardencia-ao-urinar\/"},"wordCount":738,"commentCount":0,"image":{"@id":"https:\/\/www.tuasaude.com\/news\/2026\/04\/24\/e-normal-a-urina-ter-cheiro-forte-ao-acordar-especialistas-revelam-quatro-motivos-principais-fique-atento-se-notar-coloracao-escura-ou-ardencia-ao-urinar\/#primaryimage"},"thumbnailUrl":"https:\/\/www.tuasaude.com\/news\/wp-content\/uploads\/2026\/04\/freepik_illustration-nonphotoreal_2850208923.jpg","keywords":["ard\u00eancia ao urinar","sono","urina com cheiro forte","urina escura"],"articleSection":["Sa\u00fade"],"inLanguage":"pt-BR","potentialAction":[{"@type":"CommentAction","name":"Comment","target":["https:\/\/www.tuasaude.com\/news\/2026\/04\/24\/e-normal-a-urina-ter-cheiro-forte-ao-acordar-especialistas-revelam-quatro-motivos-principais-fique-atento-se-notar-coloracao-escura-ou-ardencia-ao-urinar\/#respond"]}]},{"@type":"WebPage","@id":"https:\/\/www.tuasaude.com\/news\/2026\/04\/24\/e-normal-a-urina-ter-cheiro-forte-ao-acordar-especialistas-revelam-quatro-motivos-principais-fique-atento-se-notar-coloracao-escura-ou-ardencia-ao-urinar\/","url":"https:\/\/www.tuasaude.com\/news\/2026\/04\/24\/e-normal-a-urina-ter-cheiro-forte-ao-acordar-especialistas-revelam-quatro-motivos-principais-fique-atento-se-notar-coloracao-escura-ou-ardencia-ao-urinar\/","name":"\u00c9 normal a urina ter cheiro forte ao acordar? Especialistas revelam quatro motivos principais: fique atento se notar colora\u00e7\u00e3o escura ou ard\u00eancia ao urinar - Tua Sa\u00fade","isPartOf":{"@id":"https:\/\/www.tuasaude.com\/news\/#website"},"primaryImageOfPage":{"@id":"https:\/\/www.tuasaude.com\/news\/2026\/04\/24\/e-normal-a-urina-ter-cheiro-forte-ao-acordar-especialistas-revelam-quatro-motivos-principais-fique-atento-se-notar-coloracao-escura-ou-ardencia-ao-urinar\/#primaryimage"},"image":{"@id":"https:\/\/www.tuasaude.com\/news\/2026\/04\/24\/e-normal-a-urina-ter-cheiro-forte-ao-acordar-especialistas-revelam-quatro-motivos-principais-fique-atento-se-notar-coloracao-escura-ou-ardencia-ao-urinar\/#primaryimage"},"thumbnailUrl":"https:\/\/www.tuasaude.com\/news\/wp-content\/uploads\/2026\/04\/freepik_illustration-nonphotoreal_2850208923.jpg","datePublished":"2026-04-24T11:50:00+00:00","author":{"@id":"https:\/\/www.tuasaude.com\/news\/#\/schema\/person\/2e9df841be69ec84f5d20ddb8d273ac2"},"description":"Cheiro forte na urina pela manh\u00e3 geralmente \u00e9 normal, mas quando persiste ou vem com outros sinais pode indicar altera\u00e7\u00f5es na sa\u00fade.","breadcrumb":{"@id":"https:\/\/www.tuasaude.com\/news\/2026\/04\/24\/e-normal-a-urina-ter-cheiro-forte-ao-acordar-especialistas-revelam-quatro-motivos-principais-fique-atento-se-notar-coloracao-escura-ou-ardencia-ao-urinar\/#breadcrumb"},"inLanguage":"pt-BR","potentialAction":[{"@type":"ReadAction","target":["https:\/\/www.tuasaude.com\/news\/2026\/04\/24\/e-normal-a-urina-ter-cheiro-forte-ao-acordar-especialistas-revelam-quatro-motivos-principais-fique-atento-se-notar-coloracao-escura-ou-ardencia-ao-urinar\/"]}]},{"@type":"ImageObject","inLanguage":"pt-BR","@id":"https:\/\/www.tuasaude.com\/news\/2026\/04\/24\/e-normal-a-urina-ter-cheiro-forte-ao-acordar-especialistas-revelam-quatro-motivos-principais-fique-atento-se-notar-coloracao-escura-ou-ardencia-ao-urinar\/#primaryimage","url":"https:\/\/www.tuasaude.com\/news\/wp-content\/uploads\/2026\/04\/freepik_illustration-nonphotoreal_2850208923.jpg","contentUrl":"https:\/\/www.tuasaude.com\/news\/wp-content\/uploads\/2026\/04\/freepik_illustration-nonphotoreal_2850208923.jpg","width":1280,"height":714,"caption":"Urina com cheiro forte pela manh\u00e3 pode ser normal."},{"@type":"BreadcrumbList","@id":"https:\/\/www.tuasaude.com\/news\/2026\/04\/24\/e-normal-a-urina-ter-cheiro-forte-ao-acordar-especialistas-revelam-quatro-motivos-principais-fique-atento-se-notar-coloracao-escura-ou-ardencia-ao-urinar\/#breadcrumb","itemListElement":[{"@type":"ListItem","position":1,"name":"In\u00edcio","item":"https:\/\/www.tuasaude.com\/news\/"},{"@type":"ListItem","position":2,"name":"\u00c9 normal a urina ter cheiro forte ao acordar? Especialistas revelam quatro motivos principais: fique atento se notar colora\u00e7\u00e3o escura ou ard\u00eancia ao urinar"}]},{"@type":"WebSite","@id":"https:\/\/www.tuasaude.com\/news\/#website","url":"https:\/\/www.tuasaude.com\/news\/","name":"Tua Sa\u00fade","description":"Seu site de sa\u00fade","potentialAction":[{"@type":"SearchAction","target":{"@type":"EntryPoint","urlTemplate":"https:\/\/www.tuasaude.com\/news\/?s={search_term_string}"},"query-input":{"@type":"PropertyValueSpecification","valueRequired":true,"valueName":"search_term_string"}}],"inLanguage":"pt-BR"},{"@type":"Person","@id":"https:\/\/www.tuasaude.com\/news\/#\/schema\/person\/2e9df841be69ec84f5d20ddb8d273ac2","name":"Gessika Julia Carvalho","image":{"@type":"ImageObject","inLanguage":"pt-BR","@id":"https:\/\/www.tuasaude.com\/news\/#\/schema\/person\/image\/","url":"https:\/\/secure.gravatar.com\/avatar\/0fcc8769024577fd0bc6a8b766055690f76a8e8f29dfb2a2f89cf04db8d0f2d2?s=96&d=mm&r=g","contentUrl":"https:\/\/secure.gravatar.com\/avatar\/0fcc8769024577fd0bc6a8b766055690f76a8e8f29dfb2a2f89cf04db8d0f2d2?s=96&d=mm&r=g","caption":"Gessika Julia Carvalho"},"sameAs":["https:\/\/www.tuasaude.com\/news\/"],"url":"https:\/\/www.tuasaude.com\/news\/author\/gessika-julia\/"}]}},"_links":{"self":[{"href":"https:\/\/www.tuasaude.com\/news\/wp-json\/wp\/v2\/posts\/26852","targetHints":{"allow":["GET"]}}],"collection":[{"href":"https:\/\/www.tuasaude.com\/news\/wp-json\/wp\/v2\/posts"}],"about":[{"href":"https:\/\/www.tuasaude.com\/news\/wp-json\/wp\/v2\/types\/post"}],"author":[{"embeddable":true,"href":"https:\/\/www.tuasaude.com\/news\/wp-json\/wp\/v2\/users\/11"}],"replies":[{"embeddable":true,"href":"https:\/\/www.tuasaude.com\/news\/wp-json\/wp\/v2\/comments?post=26852"}],"version-history":[{"count":2,"href":"https:\/\/www.tuasaude.com\/news\/wp-json\/wp\/v2\/posts\/26852\/revisions"}],"predecessor-version":[{"id":26994,"href":"https:\/\/www.tuasaude.com\/news\/wp-json\/wp\/v2\/posts\/26852\/revisions\/26994"}],"wp:featuredmedia":[{"embeddable":true,"href":"https:\/\/www.tuasaude.com\/news\/wp-json\/wp\/v2\/media\/26948"}],"wp:attachment":[{"href":"https:\/\/www.tuasaude.com\/news\/wp-json\/wp\/v2\/media?parent=26852"}],"wp:term":[{"taxonomy":"category","embeddable":true,"href":"https:\/\/www.tuasaude.com\/news\/wp-json\/wp\/v2\/categories?post=26852"},{"taxonomy":"post_tag","embeddable":true,"href":"https:\/\/www.tuasaude.com\/news\/wp-json\/wp\/v2\/tags?post=26852"}],"curies":[{"name":"wp","href":"https:\/\/api.w.org\/{rel}","templated":true}]}}