{"id":26093,"date":"2026-04-23T16:15:00","date_gmt":"2026-04-23T19:15:00","guid":{"rendered":"https:\/\/www.tuasaude.com\/news\/?p=26093"},"modified":"2026-04-22T12:47:03","modified_gmt":"2026-04-22T15:47:03","slug":"por-que-ter-niveis-saudaveis-de-ferro-e-fundamental-da-prevencao-da-fadiga-ao-desempenho-cerebral","status":"publish","type":"post","link":"https:\/\/www.tuasaude.com\/news\/2026\/04\/23\/por-que-ter-niveis-saudaveis-de-ferro-e-fundamental-da-prevencao-da-fadiga-ao-desempenho-cerebral\/","title":{"rendered":"Por que ter n\u00edveis saud\u00e1veis de ferro \u00e9 fundamental: da preven\u00e7\u00e3o da fadiga ao desempenho cerebral"},"content":{"rendered":"\n<p>Manter n\u00edveis adequados de ferro no organismo vai muito al\u00e9m de prevenir a anemia. Esse mineral \u00e9 essencial para o transporte de oxig\u00eanio, a produ\u00e7\u00e3o de energia celular e at\u00e9 para o bom funcionamento do c\u00e9rebro. Quando as reservas come\u00e7am a cair, mesmo sem um diagn\u00f3stico formal de anemia, j\u00e1 surgem sinais como cansa\u00e7o, dificuldade de concentra\u00e7\u00e3o e queda na imunidade, comprometendo a qualidade de vida de forma silenciosa.<\/p>\n\n\n\n<h2 class=\"wp-block-heading\">Por que o ferro \u00e9 t\u00e3o importante para o organismo?<\/h2>\n\n\n\n<p>O ferro participa da produ\u00e7\u00e3o de hemoglobina, prote\u00edna respons\u00e1vel por levar oxig\u00eanio dos pulm\u00f5es at\u00e9 cada c\u00e9lula do corpo. Sem quantidade suficiente desse mineral, os tecidos recebem menos oxig\u00eanio, o que afeta diretamente a disposi\u00e7\u00e3o e o desempenho f\u00edsico.<\/p>\n\n\n\n<p>Al\u00e9m disso, o ferro atua na s\u00edntese de neurotransmissores, na manuten\u00e7\u00e3o da imunidade e no metabolismo energ\u00e9tico. Ou seja, ter bons n\u00edveis \u00e9 essencial tanto para o corpo quanto para o c\u00e9rebro.<\/p>\n\n\n\n<h2 class=\"wp-block-heading\">Quais s\u00e3o os sintomas de ferro baixo antes da anemia?<\/h2>\n\n\n\n<p>A defici\u00eancia de ferro costuma se instalar de forma gradual, com sinais sutis que muitas vezes s\u00e3o confundidos com estresse ou rotina puxada. Identificar precocemente esses sintomas faz toda a diferen\u00e7a para evitar a progress\u00e3o para um quadro de <a href=\"https:\/\/www.tuasaude.com\/anemia-ferropriva\/\" target=\"_blank\" rel=\"noreferrer noopener\">anemia ferropriva<\/a>.<\/p>\n\n\n\n<p>Entre os principais sinais de alerta, est\u00e3o:<\/p>\n\n\n<div class=\"wp-block-image\">\n<figure class=\"aligncenter size-large\"><img decoding=\"async\" width=\"1024\" height=\"550\" src=\"https:\/\/www.tuasaude.com\/news\/wp-content\/uploads\/2026\/04\/convertido-29-10-1024x550.jpg\" alt=\"Quais s\u00e3o os sintomas de ferro baixo antes da anemia?\" class=\"wp-image-26094\" srcset=\"https:\/\/www.tuasaude.com\/news\/wp-content\/uploads\/2026\/04\/convertido-29-10-1024x550.jpg 1024w, https:\/\/www.tuasaude.com\/news\/wp-content\/uploads\/2026\/04\/convertido-29-10-300x161.jpg 300w, https:\/\/www.tuasaude.com\/news\/wp-content\/uploads\/2026\/04\/convertido-29-10-768x412.jpg 768w, https:\/\/www.tuasaude.com\/news\/wp-content\/uploads\/2026\/04\/convertido-29-10-750x403.jpg 750w, https:\/\/www.tuasaude.com\/news\/wp-content\/uploads\/2026\/04\/convertido-29-10-1140x612.jpg 1140w, https:\/\/www.tuasaude.com\/news\/wp-content\/uploads\/2026\/04\/convertido-29-10.jpg 1280w\" sizes=\"(max-width: 1024px) 100vw, 1024px\" \/><figcaption class=\"wp-element-caption\">Quais s\u00e3o os sintomas de ferro baixo antes da anemia?<\/figcaption><\/figure>\n<\/div>\n\n\n<h2 class=\"wp-block-heading\">Quem tem maior risco de apresentar defici\u00eancia de ferro?<\/h2>\n\n\n\n<p>Embora qualquer pessoa possa desenvolver defici\u00eancia de ferro, alguns grupos s\u00e3o mais vulner\u00e1veis devido a fatores fisiol\u00f3gicos, hormonais ou alimentares. Conhecer esses perfis ajuda na preven\u00e7\u00e3o e no diagn\u00f3stico precoce.<\/p>\n\n\n\n<p>Os grupos de maior risco incluem:<\/p>\n\n\n\n<ul class=\"wp-block-list\">\n<li><strong>Mulheres em idade f\u00e9rtil<\/strong>, especialmente com fluxo menstrual intenso;<\/li>\n\n\n\n<li><strong>Gestantes<\/strong>, pela maior demanda do beb\u00ea em desenvolvimento;<\/li>\n\n\n\n<li><strong>Crian\u00e7as e adolescentes<\/strong>, em fases de crescimento acelerado;<\/li>\n\n\n\n<li><strong>Vegetarianos e veganos<\/strong> sem planejamento alimentar adequado;<\/li>\n\n\n\n<li><strong>Atletas de alta performance<\/strong>, pelo maior gasto energ\u00e9tico;<\/li>\n\n\n\n<li><strong>Idosos<\/strong> e pessoas com doen\u00e7as intestinais ou sangramentos cr\u00f4nicos.<\/li>\n<\/ul>\n\n\n<div class=\"wp-block-image\">\n<figure class=\"aligncenter size-large\"><img decoding=\"async\" width=\"1024\" height=\"571\" src=\"https:\/\/www.tuasaude.com\/news\/wp-content\/uploads\/2026\/04\/freepik_illustration-nonphotoreal_2842792709-1024x571.jpg\" alt=\"Por que ter n\u00edveis saud\u00e1veis de ferro \u00e9 fundamental: da preven\u00e7\u00e3o da fadiga ao desempenho cerebral\" class=\"wp-image-26484\" srcset=\"https:\/\/www.tuasaude.com\/news\/wp-content\/uploads\/2026\/04\/freepik_illustration-nonphotoreal_2842792709-1024x571.jpg 1024w, https:\/\/www.tuasaude.com\/news\/wp-content\/uploads\/2026\/04\/freepik_illustration-nonphotoreal_2842792709-300x167.jpg 300w, https:\/\/www.tuasaude.com\/news\/wp-content\/uploads\/2026\/04\/freepik_illustration-nonphotoreal_2842792709-768x428.jpg 768w, https:\/\/www.tuasaude.com\/news\/wp-content\/uploads\/2026\/04\/freepik_illustration-nonphotoreal_2842792709-750x418.jpg 750w, https:\/\/www.tuasaude.com\/news\/wp-content\/uploads\/2026\/04\/freepik_illustration-nonphotoreal_2842792709-1140x636.jpg 1140w, https:\/\/www.tuasaude.com\/news\/wp-content\/uploads\/2026\/04\/freepik_illustration-nonphotoreal_2842792709.jpg 1280w\" sizes=\"(max-width: 1024px) 100vw, 1024px\" \/><figcaption class=\"wp-element-caption\">A falta de ferro afeta energia, imunidade e sa\u00fade mental.<\/figcaption><\/figure>\n<\/div>\n\n\n<h2 class=\"wp-block-heading\">Como um estudo cient\u00edfico confirma o impacto do ferro no c\u00e9rebro?<\/h2>\n\n\n\n<p>A ci\u00eancia vem demonstrando, com cada vez mais clareza, que a falta de ferro compromete o desempenho cerebral antes mesmo de aparecerem altera\u00e7\u00f5es nos exames de hemoglobina. Segundo o estudo <a href=\"https:\/\/pubmed.ncbi.nlm.nih.gov\/40945632\/\" target=\"_blank\" rel=\"noreferrer noopener\">Psychiatric and cognitive outcomes of iron supplementation in non-anemic children, adolescents, and menstruating adults<\/a>, uma meta-an\u00e1lise e revis\u00e3o sistem\u00e1tica publicada no peri\u00f3dico Neuroscience &amp; Biobehavioral Reviews, a suplementa\u00e7\u00e3o de ferro em indiv\u00edduos sem anemia melhorou significativamente sintomas de ansiedade, fadiga, mem\u00f3ria de curto prazo e intelig\u00eancia cognitiva.<\/p>\n\n\n\n<p>Essa evid\u00eancia refor\u00e7a a import\u00e2ncia de investigar o ferro mesmo quando o hemograma est\u00e1 normal, ampliando a janela de preven\u00e7\u00e3o e tratamento para quem sofre com sintomas inexplic\u00e1veis.<\/p>\n\n\n\n<h2 class=\"wp-block-heading\">Como \u00e9 feito o diagn\u00f3stico e o tratamento do ferro baixo?<\/h2>\n\n\n\n<p>O diagn\u00f3stico vai muito al\u00e9m do hemograma tradicional. O m\u00e9dico costuma solicitar dosagem de ferritina, ferro s\u00e9rico, transferrina e o <a href=\"https:\/\/www.tuasaude.com\/indice-de-saturacao-da-transferrina\/\" target=\"_blank\" rel=\"noreferrer noopener\">\u00edndice de satura\u00e7\u00e3o da transferrina<\/a>, j\u00e1 que a ferritina baixa pode revelar a defici\u00eancia antes da anemia se instalar.<\/p>\n\n\n\n<p>O tratamento envolve a corre\u00e7\u00e3o da causa, ajustes alimentares com <a href=\"https:\/\/www.tuasaude.com\/alimentos-ricos-em-ferro\/\" target=\"_blank\" rel=\"noreferrer noopener\">alimentos ricos em ferro<\/a> e, em muitos casos, a suplementa\u00e7\u00e3o oral ou endovenosa conforme orienta\u00e7\u00e3o m\u00e9dica. Associar vitamina C \u00e0s refei\u00e7\u00f5es potencializa a absor\u00e7\u00e3o, enquanto caf\u00e9, ch\u00e1 preto e latic\u00ednios pr\u00f3ximos \u00e0s refei\u00e7\u00f5es principais tendem a reduzi-la.<\/p>\n\n\n\n<p><em>Este conte\u00fado tem car\u00e1ter exclusivamente informativo e n\u00e3o substitui a avalia\u00e7\u00e3o, o diagn\u00f3stico ou o tratamento realizados por um profissional de sa\u00fade qualificado. Em caso de sintomas ou d\u00favidas, consulte um m\u00e9dico para orienta\u00e7\u00e3o individualizada.<\/em><\/p>\n","protected":false},"excerpt":{"rendered":"<p>Manter n\u00edveis adequados de ferro no organismo vai muito al\u00e9m de prevenir a anemia. Esse mineral \u00e9 essencial para o transporte de oxig\u00eanio, a produ\u00e7\u00e3o de energia celular e at\u00e9 para o bom funcionamento do c\u00e9rebro. Quando as reservas come\u00e7am a cair, mesmo sem um diagn\u00f3stico formal de anemia, j\u00e1 surgem sinais como cansa\u00e7o, dificuldade [&hellip;]<\/p>\n","protected":false},"author":11,"featured_media":26485,"comment_status":"open","ping_status":"open","sticky":false,"template":"","format":"standard","meta":{"_yoast_wpseo_focuskw":"ferro baixo","_yoast_wpseo_title":"","_yoast_wpseo_metadesc":"Ferro baixo causa cansa\u00e7o, falta de foco e queda na imunidade. Entenda sinais, causas e como corrigir antes da anemia.","jnews-multi-image_gallery":[],"jnews_single_post":{"format":"standard"},"jnews_primary_category":[],"jnews_social_meta":[],"jnews_override_counter":[],"footnotes":""},"categories":[111],"tags":[226,5952,190,199],"class_list":["post-26093","post","type-post","status-publish","format-standard","has-post-thumbnail","hentry","category-saude","tag-anemia-ferropriva","tag-desempenho-cerebral","tag-fadiga","tag-ferro"],"yoast_head":"<!-- This site is optimized with the Yoast SEO plugin v26.7 - https:\/\/yoast.com\/wordpress\/plugins\/seo\/ -->\n<title>Por que ter n\u00edveis saud\u00e1veis de ferro \u00e9 fundamental: da preven\u00e7\u00e3o da fadiga ao desempenho cerebral - Tua Sa\u00fade<\/title>\n<meta name=\"description\" content=\"Ferro baixo causa cansa\u00e7o, falta de foco e queda na imunidade. Entenda sinais, causas e como corrigir antes da anemia.\" \/>\n<meta name=\"robots\" content=\"index, follow, max-snippet:-1, max-image-preview:large, max-video-preview:-1\" \/>\n<link rel=\"canonical\" href=\"https:\/\/www.tuasaude.com\/news\/2026\/04\/23\/por-que-ter-niveis-saudaveis-de-ferro-e-fundamental-da-prevencao-da-fadiga-ao-desempenho-cerebral\/\" \/>\n<meta property=\"og:locale\" content=\"pt_BR\" \/>\n<meta property=\"og:type\" content=\"article\" \/>\n<meta property=\"og:title\" content=\"Por que ter n\u00edveis saud\u00e1veis de ferro \u00e9 fundamental: da preven\u00e7\u00e3o da fadiga ao desempenho cerebral - Tua Sa\u00fade\" \/>\n<meta property=\"og:description\" content=\"Ferro baixo causa cansa\u00e7o, falta de foco e queda na imunidade. Entenda sinais, causas e como corrigir antes da anemia.\" \/>\n<meta property=\"og:url\" content=\"https:\/\/www.tuasaude.com\/news\/2026\/04\/23\/por-que-ter-niveis-saudaveis-de-ferro-e-fundamental-da-prevencao-da-fadiga-ao-desempenho-cerebral\/\" \/>\n<meta property=\"og:site_name\" content=\"Tua Sa\u00fade\" \/>\n<meta property=\"article:published_time\" content=\"2026-04-23T19:15:00+00:00\" \/>\n<meta property=\"og:image\" content=\"https:\/\/www.tuasaude.com\/news\/wp-content\/uploads\/2026\/04\/freepik_illustration-nonphotoreal_2842793211.jpg\" \/>\n\t<meta property=\"og:image:width\" content=\"1280\" \/>\n\t<meta property=\"og:image:height\" content=\"714\" \/>\n\t<meta property=\"og:image:type\" content=\"image\/jpeg\" \/>\n<meta name=\"author\" content=\"Gessika Julia Carvalho\" \/>\n<meta name=\"twitter:card\" content=\"summary_large_image\" \/>\n<meta name=\"twitter:label1\" content=\"Escrito por\" \/>\n\t<meta name=\"twitter:data1\" content=\"Gessika Julia Carvalho\" \/>\n\t<meta name=\"twitter:label2\" content=\"Est. tempo de leitura\" \/>\n\t<meta name=\"twitter:data2\" content=\"4 minutos\" \/>\n<!-- \/ Yoast SEO plugin. -->","yoast_head_json":{"title":"Por que ter n\u00edveis saud\u00e1veis de ferro \u00e9 fundamental: da preven\u00e7\u00e3o da fadiga ao desempenho cerebral - Tua Sa\u00fade","description":"Ferro baixo causa cansa\u00e7o, falta de foco e queda na imunidade. Entenda sinais, causas e como corrigir antes da anemia.","robots":{"index":"index","follow":"follow","max-snippet":"max-snippet:-1","max-image-preview":"max-image-preview:large","max-video-preview":"max-video-preview:-1"},"canonical":"https:\/\/www.tuasaude.com\/news\/2026\/04\/23\/por-que-ter-niveis-saudaveis-de-ferro-e-fundamental-da-prevencao-da-fadiga-ao-desempenho-cerebral\/","og_locale":"pt_BR","og_type":"article","og_title":"Por que ter n\u00edveis saud\u00e1veis de ferro \u00e9 fundamental: da preven\u00e7\u00e3o da fadiga ao desempenho cerebral - Tua Sa\u00fade","og_description":"Ferro baixo causa cansa\u00e7o, falta de foco e queda na imunidade. Entenda sinais, causas e como corrigir antes da anemia.","og_url":"https:\/\/www.tuasaude.com\/news\/2026\/04\/23\/por-que-ter-niveis-saudaveis-de-ferro-e-fundamental-da-prevencao-da-fadiga-ao-desempenho-cerebral\/","og_site_name":"Tua Sa\u00fade","article_published_time":"2026-04-23T19:15:00+00:00","og_image":[{"width":1280,"height":714,"url":"https:\/\/www.tuasaude.com\/news\/wp-content\/uploads\/2026\/04\/freepik_illustration-nonphotoreal_2842793211.jpg","type":"image\/jpeg"}],"author":"Gessika Julia Carvalho","twitter_card":"summary_large_image","twitter_misc":{"Escrito por":"Gessika Julia Carvalho","Est. tempo de leitura":"4 minutos"},"schema":{"@context":"https:\/\/schema.org","@graph":[{"@type":"Article","@id":"https:\/\/www.tuasaude.com\/news\/2026\/04\/23\/por-que-ter-niveis-saudaveis-de-ferro-e-fundamental-da-prevencao-da-fadiga-ao-desempenho-cerebral\/#article","isPartOf":{"@id":"https:\/\/www.tuasaude.com\/news\/2026\/04\/23\/por-que-ter-niveis-saudaveis-de-ferro-e-fundamental-da-prevencao-da-fadiga-ao-desempenho-cerebral\/"},"author":{"name":"Gessika Julia Carvalho","@id":"https:\/\/www.tuasaude.com\/news\/#\/schema\/person\/2e9df841be69ec84f5d20ddb8d273ac2"},"headline":"Por que ter n\u00edveis saud\u00e1veis de ferro \u00e9 fundamental: da preven\u00e7\u00e3o da fadiga ao desempenho cerebral","datePublished":"2026-04-23T19:15:00+00:00","mainEntityOfPage":{"@id":"https:\/\/www.tuasaude.com\/news\/2026\/04\/23\/por-que-ter-niveis-saudaveis-de-ferro-e-fundamental-da-prevencao-da-fadiga-ao-desempenho-cerebral\/"},"wordCount":671,"commentCount":0,"image":{"@id":"https:\/\/www.tuasaude.com\/news\/2026\/04\/23\/por-que-ter-niveis-saudaveis-de-ferro-e-fundamental-da-prevencao-da-fadiga-ao-desempenho-cerebral\/#primaryimage"},"thumbnailUrl":"https:\/\/www.tuasaude.com\/news\/wp-content\/uploads\/2026\/04\/freepik_illustration-nonphotoreal_2842793211.jpg","keywords":["anemia ferropriva","desempenho cerebral","fadiga","ferro"],"articleSection":["Sa\u00fade"],"inLanguage":"pt-BR","potentialAction":[{"@type":"CommentAction","name":"Comment","target":["https:\/\/www.tuasaude.com\/news\/2026\/04\/23\/por-que-ter-niveis-saudaveis-de-ferro-e-fundamental-da-prevencao-da-fadiga-ao-desempenho-cerebral\/#respond"]}]},{"@type":"WebPage","@id":"https:\/\/www.tuasaude.com\/news\/2026\/04\/23\/por-que-ter-niveis-saudaveis-de-ferro-e-fundamental-da-prevencao-da-fadiga-ao-desempenho-cerebral\/","url":"https:\/\/www.tuasaude.com\/news\/2026\/04\/23\/por-que-ter-niveis-saudaveis-de-ferro-e-fundamental-da-prevencao-da-fadiga-ao-desempenho-cerebral\/","name":"Por que ter n\u00edveis saud\u00e1veis de ferro \u00e9 fundamental: da preven\u00e7\u00e3o da fadiga ao desempenho cerebral - Tua Sa\u00fade","isPartOf":{"@id":"https:\/\/www.tuasaude.com\/news\/#website"},"primaryImageOfPage":{"@id":"https:\/\/www.tuasaude.com\/news\/2026\/04\/23\/por-que-ter-niveis-saudaveis-de-ferro-e-fundamental-da-prevencao-da-fadiga-ao-desempenho-cerebral\/#primaryimage"},"image":{"@id":"https:\/\/www.tuasaude.com\/news\/2026\/04\/23\/por-que-ter-niveis-saudaveis-de-ferro-e-fundamental-da-prevencao-da-fadiga-ao-desempenho-cerebral\/#primaryimage"},"thumbnailUrl":"https:\/\/www.tuasaude.com\/news\/wp-content\/uploads\/2026\/04\/freepik_illustration-nonphotoreal_2842793211.jpg","datePublished":"2026-04-23T19:15:00+00:00","author":{"@id":"https:\/\/www.tuasaude.com\/news\/#\/schema\/person\/2e9df841be69ec84f5d20ddb8d273ac2"},"description":"Ferro baixo causa cansa\u00e7o, falta de foco e queda na imunidade. Entenda sinais, causas e como corrigir antes da anemia.","breadcrumb":{"@id":"https:\/\/www.tuasaude.com\/news\/2026\/04\/23\/por-que-ter-niveis-saudaveis-de-ferro-e-fundamental-da-prevencao-da-fadiga-ao-desempenho-cerebral\/#breadcrumb"},"inLanguage":"pt-BR","potentialAction":[{"@type":"ReadAction","target":["https:\/\/www.tuasaude.com\/news\/2026\/04\/23\/por-que-ter-niveis-saudaveis-de-ferro-e-fundamental-da-prevencao-da-fadiga-ao-desempenho-cerebral\/"]}]},{"@type":"ImageObject","inLanguage":"pt-BR","@id":"https:\/\/www.tuasaude.com\/news\/2026\/04\/23\/por-que-ter-niveis-saudaveis-de-ferro-e-fundamental-da-prevencao-da-fadiga-ao-desempenho-cerebral\/#primaryimage","url":"https:\/\/www.tuasaude.com\/news\/wp-content\/uploads\/2026\/04\/freepik_illustration-nonphotoreal_2842793211.jpg","contentUrl":"https:\/\/www.tuasaude.com\/news\/wp-content\/uploads\/2026\/04\/freepik_illustration-nonphotoreal_2842793211.jpg","width":1280,"height":714,"caption":"Ferro baixo pode causar cansa\u00e7o e falta de foco antes da anemia."},{"@type":"BreadcrumbList","@id":"https:\/\/www.tuasaude.com\/news\/2026\/04\/23\/por-que-ter-niveis-saudaveis-de-ferro-e-fundamental-da-prevencao-da-fadiga-ao-desempenho-cerebral\/#breadcrumb","itemListElement":[{"@type":"ListItem","position":1,"name":"In\u00edcio","item":"https:\/\/www.tuasaude.com\/news\/"},{"@type":"ListItem","position":2,"name":"Por que ter n\u00edveis saud\u00e1veis de ferro \u00e9 fundamental: da preven\u00e7\u00e3o da fadiga ao desempenho cerebral"}]},{"@type":"WebSite","@id":"https:\/\/www.tuasaude.com\/news\/#website","url":"https:\/\/www.tuasaude.com\/news\/","name":"Tua Sa\u00fade","description":"Seu site de sa\u00fade","potentialAction":[{"@type":"SearchAction","target":{"@type":"EntryPoint","urlTemplate":"https:\/\/www.tuasaude.com\/news\/?s={search_term_string}"},"query-input":{"@type":"PropertyValueSpecification","valueRequired":true,"valueName":"search_term_string"}}],"inLanguage":"pt-BR"},{"@type":"Person","@id":"https:\/\/www.tuasaude.com\/news\/#\/schema\/person\/2e9df841be69ec84f5d20ddb8d273ac2","name":"Gessika Julia Carvalho","image":{"@type":"ImageObject","inLanguage":"pt-BR","@id":"https:\/\/www.tuasaude.com\/news\/#\/schema\/person\/image\/","url":"https:\/\/secure.gravatar.com\/avatar\/0fcc8769024577fd0bc6a8b766055690f76a8e8f29dfb2a2f89cf04db8d0f2d2?s=96&d=mm&r=g","contentUrl":"https:\/\/secure.gravatar.com\/avatar\/0fcc8769024577fd0bc6a8b766055690f76a8e8f29dfb2a2f89cf04db8d0f2d2?s=96&d=mm&r=g","caption":"Gessika Julia Carvalho"},"sameAs":["https:\/\/www.tuasaude.com\/news\/"],"url":"https:\/\/www.tuasaude.com\/news\/author\/gessika-julia\/"}]}},"_links":{"self":[{"href":"https:\/\/www.tuasaude.com\/news\/wp-json\/wp\/v2\/posts\/26093","targetHints":{"allow":["GET"]}}],"collection":[{"href":"https:\/\/www.tuasaude.com\/news\/wp-json\/wp\/v2\/posts"}],"about":[{"href":"https:\/\/www.tuasaude.com\/news\/wp-json\/wp\/v2\/types\/post"}],"author":[{"embeddable":true,"href":"https:\/\/www.tuasaude.com\/news\/wp-json\/wp\/v2\/users\/11"}],"replies":[{"embeddable":true,"href":"https:\/\/www.tuasaude.com\/news\/wp-json\/wp\/v2\/comments?post=26093"}],"version-history":[{"count":2,"href":"https:\/\/www.tuasaude.com\/news\/wp-json\/wp\/v2\/posts\/26093\/revisions"}],"predecessor-version":[{"id":26523,"href":"https:\/\/www.tuasaude.com\/news\/wp-json\/wp\/v2\/posts\/26093\/revisions\/26523"}],"wp:featuredmedia":[{"embeddable":true,"href":"https:\/\/www.tuasaude.com\/news\/wp-json\/wp\/v2\/media\/26485"}],"wp:attachment":[{"href":"https:\/\/www.tuasaude.com\/news\/wp-json\/wp\/v2\/media?parent=26093"}],"wp:term":[{"taxonomy":"category","embeddable":true,"href":"https:\/\/www.tuasaude.com\/news\/wp-json\/wp\/v2\/categories?post=26093"},{"taxonomy":"post_tag","embeddable":true,"href":"https:\/\/www.tuasaude.com\/news\/wp-json\/wp\/v2\/tags?post=26093"}],"curies":[{"name":"wp","href":"https:\/\/api.w.org\/{rel}","templated":true}]}}