{"id":2102,"date":"2026-02-02T14:00:00","date_gmt":"2026-02-02T17:00:00","guid":{"rendered":"https:\/\/www.tuasaude.com\/news\/?p=2102"},"modified":"2026-02-02T10:53:33","modified_gmt":"2026-02-02T13:53:33","slug":"o-seu-cansaco-constante-pode-estar-ligado-ao-que-voce-come-todos-os-dias","status":"publish","type":"post","link":"https:\/\/www.tuasaude.com\/news\/2026\/02\/02\/o-seu-cansaco-constante-pode-estar-ligado-ao-que-voce-come-todos-os-dias\/","title":{"rendered":"O seu cansa\u00e7o constante pode estar ligado ao que voc\u00ea come todos os dias"},"content":{"rendered":"\n<p>O cansa\u00e7o constante, muitas vezes, n\u00e3o \u00e9 apenas falta de sono, mas uma resposta metab\u00f3lica \u00e0 inflama\u00e7\u00e3o e ao estresse oxidativo. A ci\u00eancia nos mostra que o consumo de carboidratos refinados causa flutua\u00e7\u00f5es na insulina que sabotam o vigor; um estudo <strong><a href=\"https:\/\/www.bmj.com\/content\/363\/bmj.k4583\">&#8220;Efeitos de uma dieta com baixo teor de carboidratos no gasto energ\u00e9tico durante a manuten\u00e7\u00e3o da perda de peso: ensaio cl\u00ednico randomizado&#8221;<\/a><\/strong>, demonstra que dietas de baixo \u00edndice glic\u00eamico aumentam o gasto energ\u00e9tico total e a saciedade em compara\u00e7\u00e3o com dietas ricas em a\u00e7\u00facares.<\/p>\n\n\n\n<p>Al\u00e9m disso, a sa\u00fade das nossas mitoc\u00f4ndrias \u00e9 o que define nossa disposi\u00e7\u00e3o. A car\u00eancia de magn\u00e9sio e vitaminas do complexo B impede que o ciclo de Krebs converta adequadamente a glicose em ATP, resultando naquela sensa\u00e7\u00e3o de &#8220;bateria arriada&#8221; logo ap\u00f3s o almo\u00e7o.<\/p>\n\n\n\n<h2 class=\"wp-block-heading\">Quais alimentos ajudam a combater o cansa\u00e7o?<\/h2>\n\n\n\n<p>Para revigorar o corpo, precisamos de alimentos que atuem na modula\u00e7\u00e3o do cortisol e no suporte \u00e0 oxigena\u00e7\u00e3o celular. O ferro e o magn\u00e9sio s\u00e3o os minerais &#8220;chave&#8221; para evitar a fadiga, pois o primeiro transporta oxig\u00eanio e o segundo \u00e9 co-fator em mais de 300 rea\u00e7\u00f5es enzim\u00e1ticas produtoras de energia.<\/p>\n\n\n\n<p>Confira op\u00e7\u00f5es poderosas fundamentadas pela ci\u00eancia:<\/p>\n\n\n\n<div style=\"display: grid; grid-template-columns: repeat(auto-fill, minmax(180px, 1fr)); gap: 15px; font-family: 'Inter', sans-serif; padding: 10px;\">\n\n  <div style=\"background: #ffffff; border: 1px solid #f1f5f9; border-radius: 12px; padding: 15px; box-shadow: 0 2px 4px rgba(0,0,0,0.05); transition: transform 0.2s;\">\n    <div style=\"color: #4f46e5; font-size: 12px; font-weight: bold; text-transform: uppercase; margin-bottom: 5px;\">Aveia<\/div>\n    <div style=\"font-size: 14px; font-weight: 600; color: #1e293b; margin-bottom: 4px;\">Beta-glucanas<\/div>\n    <p style=\"font-size: 12px; color: #64748b; margin: 0;\">Glicemia est\u00e1vel e energia.<\/p>\n  <\/div>\n\n  <div style=\"background: #ffffff; border: 1px solid #f1f5f9; border-radius: 12px; padding: 15px; box-shadow: 0 2px 4px rgba(0,0,0,0.05);\">\n    <div style=\"color: #4f46e5; font-size: 12px; font-weight: bold; text-transform: uppercase; margin-bottom: 5px;\">Banana<\/div>\n    <div style=\"font-size: 14px; font-weight: 600; color: #1e293b; margin-bottom: 4px;\">Pot\u00e1ssio<\/div>\n    <p style=\"font-size: 12px; color: #64748b; margin: 0;\">Bomba s\u00f3dio-pot\u00e1ssio.<\/p>\n  <\/div>\n\n  <div style=\"background: #ffffff; border: 1px solid #f1f5f9; border-radius: 12px; padding: 15px; box-shadow: 0 2px 4px rgba(0,0,0,0.05);\">\n    <div style=\"color: #4f46e5; font-size: 12px; font-weight: bold; text-transform: uppercase; margin-bottom: 5px;\">S. Ab\u00f3bora<\/div>\n    <div style=\"font-size: 14px; font-weight: 600; color: #1e293b; margin-bottom: 4px;\">Magn\u00e9sio<\/div>\n    <p style=\"font-size: 12px; color: #64748b; margin: 0;\">Alta biodisponibilidade.<\/p>\n  <\/div>\n\n  <div style=\"background: #ffffff; border: 1px solid #f1f5f9; border-radius: 12px; padding: 15px; box-shadow: 0 2px 4px rgba(0,0,0,0.05);\">\n    <div style=\"color: #4f46e5; font-size: 12px; font-weight: bold; text-transform: uppercase; margin-bottom: 5px;\">Ovos<\/div>\n    <div style=\"font-size: 14px; font-weight: 600; color: #1e293b; margin-bottom: 4px;\">Colina\/Leucina<\/div>\n    <p style=\"font-size: 12px; color: #64748b; margin: 0;\">Foco e sinal muscular.<\/p>\n  <\/div>\n\n  <div style=\"background: #ffffff; border: 1px solid #f1f5f9; border-radius: 12px; padding: 15px; box-shadow: 0 2px 4px rgba(0,0,0,0.05);\">\n    <div style=\"color: #4f46e5; font-size: 12px; font-weight: bold; text-transform: uppercase; margin-bottom: 5px;\">Espinafre<\/div>\n    <div style=\"font-size: 14px; font-weight: 600; color: #1e293b; margin-bottom: 4px;\">Nitrato<\/div>\n    <p style=\"font-size: 12px; color: #64748b; margin: 0;\">Efici\u00eancia mitocondrial.<\/p>\n  <\/div>\n\n  <div style=\"background: #ffffff; border: 1px solid #f1f5f9; border-radius: 12px; padding: 15px; box-shadow: 0 2px 4px rgba(0,0,0,0.05);\">\n    <div style=\"color: #4f46e5; font-size: 12px; font-weight: bold; text-transform: uppercase; margin-bottom: 5px;\">S. Chia<\/div>\n    <div style=\"font-size: 14px; font-weight: 600; color: #1e293b; margin-bottom: 4px;\">\u00d4mega 3<\/div>\n    <p style=\"font-size: 12px; color: #64748b; margin: 0;\">Antineuroinflamat\u00f3rio.<\/p>\n  <\/div>\n\n  <div style=\"background: #ffffff; border: 1px solid #f1f5f9; border-radius: 12px; padding: 15px; box-shadow: 0 2px 4px rgba(0,0,0,0.05);\">\n    <div style=\"color: #4f46e5; font-size: 12px; font-weight: bold; text-transform: uppercase; margin-bottom: 5px;\">Abacate<\/div>\n    <div style=\"font-size: 14px; font-weight: 600; color: #1e293b; margin-bottom: 4px;\">Glutationa<\/div>\n    <p style=\"font-size: 12px; color: #64748b; margin: 0;\">Combate fadiga oxidativa.<\/p>\n  <\/div>\n\n  <div style=\"background: #ffffff; border: 1px solid #f1f5f9; border-radius: 12px; padding: 15px; box-shadow: 0 2px 4px rgba(0,0,0,0.05);\">\n    <div style=\"color: #4f46e5; font-size: 12px; font-weight: bold; text-transform: uppercase; margin-bottom: 5px;\">Cacau 70%<\/div>\n    <div style=\"font-size: 14px; font-weight: 600; color: #1e293b; margin-bottom: 4px;\">Flavonoides<\/div>\n    <p style=\"font-size: 12px; color: #64748b; margin: 0;\">Otimiza fluxo cerebral.<\/p>\n  <\/div>\n\n<\/div>\n\n\n\n<h2 class=\"wp-block-heading\">Como preparar receitas energ\u00e9ticas e pr\u00e1ticas?<\/h2>\n\n\n\n<p>Integrar esses alimentos exige estrat\u00e9gia para maximizar a absor\u00e7\u00e3o, como a t\u00e9cnica de associar ferro n\u00e3o-heme (vegetal) a \u00e1cidos org\u00e2nicos. Na revis\u00e3o <strong><a href=\"https:\/\/pubmed.ncbi.nlm.nih.gov\/12936958\/\" target=\"_blank\" rel=\"noreferrer noopener\">&#8220;Biodisponibilidade de ferro, zinco e outros oligoelementos em dietas vegetarianas&#8221;<\/a><\/strong>  comprova-se que a vitamina C pode aumentar em at\u00e9 seis vezes a absor\u00e7\u00e3o do ferro presente em vegetais, combatendo diretamente a anemia ferropriva, uma das maiores causas de cansa\u00e7o em mulheres.<\/p>\n\n\n\n<p>Experimente estas combina\u00e7\u00f5es baseadas em sinergia nutricional:<\/p>\n\n\n\n<ol start=\"1\" class=\"wp-block-list\">\n<li><strong>Bowl de Iogurte e Sementes:<\/strong> Combine iogurte natural (probi\u00f3ticos para o eixo intestino-c\u00e9rebro) com sementes de ab\u00f3bora e raspas de cacau 70%.<\/li>\n\n\n\n<li><strong>Salada Energ\u00e9tica:<\/strong> Misture lentilhas cozidas com espinafre e tempere com lim\u00e3o espremido para garantir que o ferro seja absorvido com m\u00e1xima efici\u00eancia.<\/li>\n<\/ol>\n\n\n<div class=\"wp-block-image\">\n<figure class=\"aligncenter size-large\"><img decoding=\"async\" width=\"1024\" height=\"585\" src=\"https:\/\/www.tuasaude.com\/news\/wp-content\/uploads\/2026\/02\/freepik__35mm-film-photography-homem-europeu-adulto-em-cozi__89996-1024x585.png\" alt=\"O seu cansa\u00e7o constante pode estar ligado ao que voc\u00ea come todos os dias\" class=\"wp-image-2140\" srcset=\"https:\/\/www.tuasaude.com\/news\/wp-content\/uploads\/2026\/02\/freepik__35mm-film-photography-homem-europeu-adulto-em-cozi__89996-1024x585.png 1024w, https:\/\/www.tuasaude.com\/news\/wp-content\/uploads\/2026\/02\/freepik__35mm-film-photography-homem-europeu-adulto-em-cozi__89996-300x171.png 300w, https:\/\/www.tuasaude.com\/news\/wp-content\/uploads\/2026\/02\/freepik__35mm-film-photography-homem-europeu-adulto-em-cozi__89996-768x439.png 768w, https:\/\/www.tuasaude.com\/news\/wp-content\/uploads\/2026\/02\/freepik__35mm-film-photography-homem-europeu-adulto-em-cozi__89996-750x428.png 750w, https:\/\/www.tuasaude.com\/news\/wp-content\/uploads\/2026\/02\/freepik__35mm-film-photography-homem-europeu-adulto-em-cozi__89996-1140x651.png 1140w, https:\/\/www.tuasaude.com\/news\/wp-content\/uploads\/2026\/02\/freepik__35mm-film-photography-homem-europeu-adulto-em-cozi__89996.png 1280w\" sizes=\"(max-width: 1024px) 100vw, 1024px\" \/><figcaption class=\"wp-element-caption\">Alimentos integrais mant\u00eam glicemia est\u00e1vel e evitam queda de energia<\/figcaption><\/figure>\n<\/div>\n\n\n<h2 class=\"wp-block-heading\">O que a ci\u00eancia diz sobre o caf\u00e9?<\/h2>\n\n\n\n<p>O uso do caf\u00e9 como &#8220;muleta&#8221; para o cansa\u00e7o pode ser um tiro no p\u00e9 se n\u00e3o houver crit\u00e9rio. Um estudo de revis\u00e3o <strong><a href=\"https:\/\/pmc.ncbi.nlm.nih.gov\/articles\/PMC4462044\/\" target=\"_blank\" rel=\"noreferrer noopener\">&#8220;Cafe\u00edna: potencializador do desempenho cognitivo e f\u00edsico ou droga psicoativa?&#8221; <\/a><\/strong>destaca que, embora a cafe\u00edna bloqueie os receptores de adenosina (que causam sono), o uso excessivo pode levar \u00e0 dessensibiliza\u00e7\u00e3o e ansiedade, prejudicando o descanso restaurador.<\/p>\n\n\n\n<p>A alternativa ideal \u00e9 o equil\u00edbrio com a L-teanina do ch\u00e1 verde. Evid\u00eancias do estudo <strong><a href=\"https:\/\/pmc.ncbi.nlm.nih.gov\/articles\/PMC8080935\/#:~:text=The%20single%20dose%20of%20l,performance%20test%2C%20Part%204).\" target=\"_blank\" rel=\"noreferrer noopener\">&#8220;Efeitos da&nbsp;L&nbsp;-teanina na fun\u00e7\u00e3o cognitiva em indiv\u00edduos de meia-idade e idosos: um estudo randomizado controlado por placebo&#8221;<\/a>, <\/strong>mostram que a combina\u00e7\u00e3o de cafe\u00edna com L-teanina melhora o foco e o estado de alerta &#8220;calmo&#8221;, sem o nervosismo ou a queda brusca de energia t\u00edpica do caf\u00e9 puro.<\/p>\n\n\n\n<h2 class=\"wp-block-heading\">Como manter o vigor a longo prazo?<\/h2>\n\n\n\n<p>A vitalidade sustent\u00e1vel depende de um padr\u00e3o alimentar anti-inflamat\u00f3rio e da hidrata\u00e7\u00e3o celular. A substitui\u00e7\u00e3o de gorduras trans por monoinsaturadas (como as do azeite e abacate) melhora a fun\u00e7\u00e3o endotelial, garantindo que o sangue rico em nutrientes circule com facilidade at\u00e9 os tecidos.<\/p>\n\n\n\n<p>O acompanhamento com um m\u00e9dico \u00e9 fundamental para um diagn\u00f3stico preciso e tratamento seguro.<\/p>\n","protected":false},"excerpt":{"rendered":"<p>O cansa\u00e7o constante, muitas vezes, n\u00e3o \u00e9 apenas falta de sono, mas uma resposta metab\u00f3lica \u00e0 inflama\u00e7\u00e3o e ao estresse oxidativo. A ci\u00eancia nos mostra que o consumo de carboidratos refinados causa flutua\u00e7\u00f5es na insulina que sabotam o vigor; um estudo &#8220;Efeitos de uma dieta com baixo teor de carboidratos no gasto energ\u00e9tico durante a [&hellip;]<\/p>\n","protected":false},"author":9,"featured_media":2153,"comment_status":"open","ping_status":"open","sticky":false,"template":"","format":"standard","meta":{"_yoast_wpseo_focuskw":"cansa\u00e7o constante","_yoast_wpseo_title":"O seu cansa\u00e7o constante pode estar ligado ao que voc\u00ea come","_yoast_wpseo_metadesc":"Cansa\u00e7o constante nem sempre \u00e9 falta de sono. A alimenta\u00e7\u00e3o e a inflama\u00e7\u00e3o podem estar por tr\u00e1s da fadiga di\u00e1ria sem voc\u00ea perceber.","jnews-multi-image_gallery":[],"jnews_single_post":{"format":"standard"},"jnews_primary_category":[],"jnews_social_meta":[],"jnews_override_counter":[],"footnotes":""},"categories":[110],"tags":[774,771,773,772],"class_list":["post-2102","post","type-post","status-publish","format-standard","has-post-thumbnail","hentry","category-nutricao","tag-alimentacao-e-disposicao","tag-alimentos-que-dao-energia","tag-fadiga-constante","tag-falta-de-energia"],"yoast_head":"<!-- This site is optimized with the Yoast SEO plugin v26.7 - https:\/\/yoast.com\/wordpress\/plugins\/seo\/ -->\n<title>O seu cansa\u00e7o constante pode estar ligado ao que voc\u00ea come<\/title>\n<meta name=\"description\" content=\"Cansa\u00e7o constante nem sempre \u00e9 falta de sono. A alimenta\u00e7\u00e3o e a inflama\u00e7\u00e3o podem estar por tr\u00e1s da fadiga di\u00e1ria sem voc\u00ea perceber.\" \/>\n<meta name=\"robots\" content=\"index, follow, max-snippet:-1, max-image-preview:large, max-video-preview:-1\" \/>\n<link rel=\"canonical\" href=\"https:\/\/www.tuasaude.com\/news\/2026\/02\/02\/o-seu-cansaco-constante-pode-estar-ligado-ao-que-voce-come-todos-os-dias\/\" \/>\n<meta property=\"og:locale\" content=\"pt_BR\" \/>\n<meta property=\"og:type\" content=\"article\" \/>\n<meta property=\"og:title\" content=\"O seu cansa\u00e7o constante pode estar ligado ao que voc\u00ea come\" \/>\n<meta property=\"og:description\" content=\"Cansa\u00e7o constante nem sempre \u00e9 falta de sono. A alimenta\u00e7\u00e3o e a inflama\u00e7\u00e3o podem estar por tr\u00e1s da fadiga di\u00e1ria sem voc\u00ea perceber.\" \/>\n<meta property=\"og:url\" content=\"https:\/\/www.tuasaude.com\/news\/2026\/02\/02\/o-seu-cansaco-constante-pode-estar-ligado-ao-que-voce-come-todos-os-dias\/\" \/>\n<meta property=\"og:site_name\" content=\"Tua Sa\u00fade\" \/>\n<meta property=\"article:published_time\" content=\"2026-02-02T17:00:00+00:00\" \/>\n<meta property=\"og:image\" content=\"https:\/\/www.tuasaude.com\/news\/wp-content\/uploads\/2026\/02\/freepik__35mm-film-photography-mulher-europeia-adulta-senta__89995.png\" \/>\n\t<meta property=\"og:image:width\" content=\"1280\" \/>\n\t<meta property=\"og:image:height\" content=\"731\" \/>\n\t<meta property=\"og:image:type\" content=\"image\/png\" \/>\n<meta name=\"author\" content=\"Roberta Patriota\" \/>\n<meta name=\"twitter:card\" content=\"summary_large_image\" \/>\n<meta name=\"twitter:label1\" content=\"Escrito por\" \/>\n\t<meta name=\"twitter:data1\" content=\"Roberta Patriota\" \/>\n\t<meta name=\"twitter:label2\" content=\"Est. tempo de leitura\" \/>\n\t<meta name=\"twitter:data2\" content=\"4 minutos\" \/>\n<!-- \/ Yoast SEO plugin. -->","yoast_head_json":{"title":"O seu cansa\u00e7o constante pode estar ligado ao que voc\u00ea come","description":"Cansa\u00e7o constante nem sempre \u00e9 falta de sono. A alimenta\u00e7\u00e3o e a inflama\u00e7\u00e3o podem estar por tr\u00e1s da fadiga di\u00e1ria sem voc\u00ea perceber.","robots":{"index":"index","follow":"follow","max-snippet":"max-snippet:-1","max-image-preview":"max-image-preview:large","max-video-preview":"max-video-preview:-1"},"canonical":"https:\/\/www.tuasaude.com\/news\/2026\/02\/02\/o-seu-cansaco-constante-pode-estar-ligado-ao-que-voce-come-todos-os-dias\/","og_locale":"pt_BR","og_type":"article","og_title":"O seu cansa\u00e7o constante pode estar ligado ao que voc\u00ea come","og_description":"Cansa\u00e7o constante nem sempre \u00e9 falta de sono. A alimenta\u00e7\u00e3o e a inflama\u00e7\u00e3o podem estar por tr\u00e1s da fadiga di\u00e1ria sem voc\u00ea perceber.","og_url":"https:\/\/www.tuasaude.com\/news\/2026\/02\/02\/o-seu-cansaco-constante-pode-estar-ligado-ao-que-voce-come-todos-os-dias\/","og_site_name":"Tua Sa\u00fade","article_published_time":"2026-02-02T17:00:00+00:00","og_image":[{"width":1280,"height":731,"url":"https:\/\/www.tuasaude.com\/news\/wp-content\/uploads\/2026\/02\/freepik__35mm-film-photography-mulher-europeia-adulta-senta__89995.png","type":"image\/png"}],"author":"Roberta Patriota","twitter_card":"summary_large_image","twitter_misc":{"Escrito por":"Roberta Patriota","Est. tempo de leitura":"4 minutos"},"schema":{"@context":"https:\/\/schema.org","@graph":[{"@type":"Article","@id":"https:\/\/www.tuasaude.com\/news\/2026\/02\/02\/o-seu-cansaco-constante-pode-estar-ligado-ao-que-voce-come-todos-os-dias\/#article","isPartOf":{"@id":"https:\/\/www.tuasaude.com\/news\/2026\/02\/02\/o-seu-cansaco-constante-pode-estar-ligado-ao-que-voce-come-todos-os-dias\/"},"author":{"name":"Roberta Patriota","@id":"https:\/\/www.tuasaude.com\/news\/#\/schema\/person\/27adc41011393316b12ef997ca893e44"},"headline":"O seu cansa\u00e7o constante pode estar ligado ao que voc\u00ea come todos os dias","datePublished":"2026-02-02T17:00:00+00:00","mainEntityOfPage":{"@id":"https:\/\/www.tuasaude.com\/news\/2026\/02\/02\/o-seu-cansaco-constante-pode-estar-ligado-ao-que-voce-come-todos-os-dias\/"},"wordCount":649,"commentCount":0,"image":{"@id":"https:\/\/www.tuasaude.com\/news\/2026\/02\/02\/o-seu-cansaco-constante-pode-estar-ligado-ao-que-voce-come-todos-os-dias\/#primaryimage"},"thumbnailUrl":"https:\/\/www.tuasaude.com\/news\/wp-content\/uploads\/2026\/02\/freepik__35mm-film-photography-mulher-europeia-adulta-senta__89995.png","keywords":["alimenta\u00e7\u00e3o e disposi\u00e7\u00e3o","alimentos que d\u00e3o energia","fadiga constante","falta de energia"],"articleSection":["Nutri\u00e7\u00e3o"],"inLanguage":"pt-BR","potentialAction":[{"@type":"CommentAction","name":"Comment","target":["https:\/\/www.tuasaude.com\/news\/2026\/02\/02\/o-seu-cansaco-constante-pode-estar-ligado-ao-que-voce-come-todos-os-dias\/#respond"]}]},{"@type":"WebPage","@id":"https:\/\/www.tuasaude.com\/news\/2026\/02\/02\/o-seu-cansaco-constante-pode-estar-ligado-ao-que-voce-come-todos-os-dias\/","url":"https:\/\/www.tuasaude.com\/news\/2026\/02\/02\/o-seu-cansaco-constante-pode-estar-ligado-ao-que-voce-come-todos-os-dias\/","name":"O seu cansa\u00e7o constante pode estar ligado ao que voc\u00ea come","isPartOf":{"@id":"https:\/\/www.tuasaude.com\/news\/#website"},"primaryImageOfPage":{"@id":"https:\/\/www.tuasaude.com\/news\/2026\/02\/02\/o-seu-cansaco-constante-pode-estar-ligado-ao-que-voce-come-todos-os-dias\/#primaryimage"},"image":{"@id":"https:\/\/www.tuasaude.com\/news\/2026\/02\/02\/o-seu-cansaco-constante-pode-estar-ligado-ao-que-voce-come-todos-os-dias\/#primaryimage"},"thumbnailUrl":"https:\/\/www.tuasaude.com\/news\/wp-content\/uploads\/2026\/02\/freepik__35mm-film-photography-mulher-europeia-adulta-senta__89995.png","datePublished":"2026-02-02T17:00:00+00:00","author":{"@id":"https:\/\/www.tuasaude.com\/news\/#\/schema\/person\/27adc41011393316b12ef997ca893e44"},"description":"Cansa\u00e7o constante nem sempre \u00e9 falta de sono. A alimenta\u00e7\u00e3o e a inflama\u00e7\u00e3o podem estar por tr\u00e1s da fadiga di\u00e1ria sem voc\u00ea perceber.","breadcrumb":{"@id":"https:\/\/www.tuasaude.com\/news\/2026\/02\/02\/o-seu-cansaco-constante-pode-estar-ligado-ao-que-voce-come-todos-os-dias\/#breadcrumb"},"inLanguage":"pt-BR","potentialAction":[{"@type":"ReadAction","target":["https:\/\/www.tuasaude.com\/news\/2026\/02\/02\/o-seu-cansaco-constante-pode-estar-ligado-ao-que-voce-come-todos-os-dias\/"]}]},{"@type":"ImageObject","inLanguage":"pt-BR","@id":"https:\/\/www.tuasaude.com\/news\/2026\/02\/02\/o-seu-cansaco-constante-pode-estar-ligado-ao-que-voce-come-todos-os-dias\/#primaryimage","url":"https:\/\/www.tuasaude.com\/news\/wp-content\/uploads\/2026\/02\/freepik__35mm-film-photography-mulher-europeia-adulta-senta__89995.png","contentUrl":"https:\/\/www.tuasaude.com\/news\/wp-content\/uploads\/2026\/02\/freepik__35mm-film-photography-mulher-europeia-adulta-senta__89995.png","width":1280,"height":731,"caption":"Ferro e magn\u00e9sio ajudam a melhorar oxigena\u00e7\u00e3o e disposi\u00e7\u00e3o"},{"@type":"BreadcrumbList","@id":"https:\/\/www.tuasaude.com\/news\/2026\/02\/02\/o-seu-cansaco-constante-pode-estar-ligado-ao-que-voce-come-todos-os-dias\/#breadcrumb","itemListElement":[{"@type":"ListItem","position":1,"name":"In\u00edcio","item":"https:\/\/www.tuasaude.com\/news\/"},{"@type":"ListItem","position":2,"name":"O seu cansa\u00e7o constante pode estar ligado ao que voc\u00ea come todos os dias"}]},{"@type":"WebSite","@id":"https:\/\/www.tuasaude.com\/news\/#website","url":"https:\/\/www.tuasaude.com\/news\/","name":"Tua Sa\u00fade","description":"Seu site de sa\u00fade","potentialAction":[{"@type":"SearchAction","target":{"@type":"EntryPoint","urlTemplate":"https:\/\/www.tuasaude.com\/news\/?s={search_term_string}"},"query-input":{"@type":"PropertyValueSpecification","valueRequired":true,"valueName":"search_term_string"}}],"inLanguage":"pt-BR"},{"@type":"Person","@id":"https:\/\/www.tuasaude.com\/news\/#\/schema\/person\/27adc41011393316b12ef997ca893e44","name":"Roberta Patriota","image":{"@type":"ImageObject","inLanguage":"pt-BR","@id":"https:\/\/www.tuasaude.com\/news\/#\/schema\/person\/image\/","url":"https:\/\/secure.gravatar.com\/avatar\/40fc934d21bfa38a60909bb2e5f2ec503dcd4d849aa772e107feb32efe75c210?s=96&d=mm&r=g","contentUrl":"https:\/\/secure.gravatar.com\/avatar\/40fc934d21bfa38a60909bb2e5f2ec503dcd4d849aa772e107feb32efe75c210?s=96&d=mm&r=g","caption":"Roberta Patriota"},"sameAs":["https:\/\/www.tuasaude.com\/news\/"],"url":"https:\/\/www.tuasaude.com\/news\/author\/roberta-patriota\/"}]}},"_links":{"self":[{"href":"https:\/\/www.tuasaude.com\/news\/wp-json\/wp\/v2\/posts\/2102","targetHints":{"allow":["GET"]}}],"collection":[{"href":"https:\/\/www.tuasaude.com\/news\/wp-json\/wp\/v2\/posts"}],"about":[{"href":"https:\/\/www.tuasaude.com\/news\/wp-json\/wp\/v2\/types\/post"}],"author":[{"embeddable":true,"href":"https:\/\/www.tuasaude.com\/news\/wp-json\/wp\/v2\/users\/9"}],"replies":[{"embeddable":true,"href":"https:\/\/www.tuasaude.com\/news\/wp-json\/wp\/v2\/comments?post=2102"}],"version-history":[{"count":2,"href":"https:\/\/www.tuasaude.com\/news\/wp-json\/wp\/v2\/posts\/2102\/revisions"}],"predecessor-version":[{"id":2170,"href":"https:\/\/www.tuasaude.com\/news\/wp-json\/wp\/v2\/posts\/2102\/revisions\/2170"}],"wp:featuredmedia":[{"embeddable":true,"href":"https:\/\/www.tuasaude.com\/news\/wp-json\/wp\/v2\/media\/2153"}],"wp:attachment":[{"href":"https:\/\/www.tuasaude.com\/news\/wp-json\/wp\/v2\/media?parent=2102"}],"wp:term":[{"taxonomy":"category","embeddable":true,"href":"https:\/\/www.tuasaude.com\/news\/wp-json\/wp\/v2\/categories?post=2102"},{"taxonomy":"post_tag","embeddable":true,"href":"https:\/\/www.tuasaude.com\/news\/wp-json\/wp\/v2\/tags?post=2102"}],"curies":[{"name":"wp","href":"https:\/\/api.w.org\/{rel}","templated":true}]}}