{"id":1732,"date":"2026-01-28T16:00:00","date_gmt":"2026-01-28T19:00:00","guid":{"rendered":"https:\/\/www.tuasaude.com\/news\/?p=1732"},"modified":"2026-01-28T10:47:22","modified_gmt":"2026-01-28T13:47:22","slug":"como-lidar-com-dor-generalizada-e-fadiga-da-fibromialgia-sem-perder-a-qualidade-de-vida","status":"publish","type":"post","link":"https:\/\/www.tuasaude.com\/news\/2026\/01\/28\/como-lidar-com-dor-generalizada-e-fadiga-da-fibromialgia-sem-perder-a-qualidade-de-vida\/","title":{"rendered":"Como lidar com dor generalizada e fadiga da fibromialgia sem perder a qualidade de vida?"},"content":{"rendered":"\n<p>Viver com dores constantes que parecem migrar pelo corpo, acompanhadas de um cansa\u00e7o que o sono n\u00e3o resolve, pode ser exaustivo e solit\u00e1rio, especialmente quando os exames laboratoriais comuns n\u00e3o apontam uma causa \u00f3bvia. A ci\u00eancia nos mostra que essa condi\u00e7\u00e3o, longe de ser &#8220;coisa da sua cabe\u00e7a&#8221;, envolve uma altera\u00e7\u00e3o real na forma como o seu c\u00e9rebro processa os sinais de dor, tornando-o mais sens\u00edvel a est\u00edmulos que outros n\u00e3o sentiriam. Entender os mecanismos da <strong><a href=\"https:\/\/www.tuasaude.com\/fibromialgia\/\" target=\"_blank\" rel=\"noreferrer noopener\">fibromialgia<\/a><\/strong> \u00e9 o primeiro passo para validar o que voc\u00ea sente e descobrir estrat\u00e9gias pr\u00e1ticas que devolvem a leveza e a disposi\u00e7\u00e3o ao seu dia a dia.<\/p>\n\n\n\n<h2 class=\"wp-block-heading\">O que \u00e9 a fibromialgia?<\/h2>\n\n\n\n<p>A ci\u00eancia nos mostra que a fibromialgia \u00e9 uma s\u00edndrome cl\u00ednica caracterizada por dor muscular generalizada e cr\u00f4nica, frequentemente associada \u00e0 fadiga e dist\u00farbios do sono. Especialistas do <strong>Minist\u00e9rio da Sa\u00fade, no guia <\/strong><a href=\"https:\/\/www.gov.br\/conitec\/pt-br\/midias\/consultas\/relatorios\/2022\/20221101_pcdt_dor_cronica_cp74.pdf\" target=\"_blank\" rel=\"noreferrer noopener\"><strong>&#8220;Dor Cr\u00f4nica<\/strong>&#8220;,<\/a> explicam que ela n\u00e3o causa inflama\u00e7\u00e3o nas articula\u00e7\u00f5es, mas sim uma amplifica\u00e7\u00e3o da percep\u00e7\u00e3o sensorial no sistema nervoso.<\/p>\n\n\n\n<p>Evid\u00eancias do guia <strong><a href=\"https:\/\/www.who.int\/standards\/classifications\/classification-of-diseases\" target=\"_blank\" rel=\"noreferrer noopener\">International Classification of Diseases<\/a> da OMS<\/strong> confirmam que se trata de uma condi\u00e7\u00e3o de processamento central da dor. Basicamente, os neurotransmissores que comunicam o desconforto est\u00e3o em desequil\u00edbrio, fazendo com que o corpo permane\u00e7a em um estado de alerta doloroso constante e desgastante.<\/p>\n\n\n\n<h2 class=\"wp-block-heading\">Quais s\u00e3o os sintomas principais?<\/h2>\n\n\n\n<p>Os sinais da fibromialgia v\u00e3o muito al\u00e9m da dor f\u00edsica, afetando profundamente a cogni\u00e7\u00e3o e a regula\u00e7\u00e3o emocional do indiv\u00edduo. Especialistas no <strong><a href=\"https:\/\/www.scielo.br\/j\/rbr\/a\/VD3Vcmj5QPNbM6MDcHGwF3f\/?format=html&amp;lang=pt\" target=\"_blank\" rel=\"noreferrer noopener\">&#8220;Consenso brasileiro do tratamento da fibromialgia&#8221;<\/a><\/strong>, <a href=\"https:\/\/www.scielo.br\/j\/rbr\/a\/VD3Vcmj5QPNbM6MDcHGwF3f\/?format=html&amp;lang=pt#\"><\/a> destacam que a sensibilidade ao toque em pontos espec\u00edficos \u00e9 uma marca registrada da condi\u00e7\u00e3o.<\/p>\n\n\n\n<p>Para ajudar na identifica\u00e7\u00e3o, observe se o seu corpo manifesta este conjunto de <strong><a href=\"https:\/\/www.tuasaude.com\/sintomas-de-fibromialgia\/\" target=\"_blank\" rel=\"noreferrer noopener\">sintomas<\/a><\/strong> que costumam aparecer de forma simult\u00e2nea:<\/p>\n\n\n\n<ul class=\"wp-block-list\">\n<li><strong>Dor generalizada:<\/strong> Sensa\u00e7\u00e3o dolorosa que afeta os dois lados do corpo, acima e abaixo da cintura, por mais de tr\u00eas meses.<\/li>\n\n\n\n<li><strong>Fadiga extrema:<\/strong> Um cansa\u00e7o profundo que j\u00e1 est\u00e1 presente ao acordar, mesmo ap\u00f3s horas de repouso.<\/li>\n\n\n\n<li><strong>Fibro-fog:<\/strong> Dificuldade de concentra\u00e7\u00e3o, lapsos de mem\u00f3ria e sensa\u00e7\u00e3o de &#8220;n\u00e9voa mental&#8221; constante.<\/li>\n\n\n\n<li><strong>Altera\u00e7\u00f5es do sono:<\/strong> Sono n\u00e3o reparador, muitas vezes interrompido por dores ou s\u00edndrome das pernas inquietas.<\/li>\n<\/ul>\n\n\n<div class=\"wp-block-image\">\n<figure class=\"aligncenter size-large\"><img decoding=\"async\" width=\"1024\" height=\"585\" src=\"https:\/\/www.tuasaude.com\/news\/wp-content\/uploads\/2026\/01\/freepik__35mm-film-photography-mulher-adulta-sentada-em-sof__7569-1024x585.png\" alt=\"Como lidar com dor generalizada e fadiga da fibromialgia sem perder a qualidade de vida?\" class=\"wp-image-1812\" srcset=\"https:\/\/www.tuasaude.com\/news\/wp-content\/uploads\/2026\/01\/freepik__35mm-film-photography-mulher-adulta-sentada-em-sof__7569-1024x585.png 1024w, https:\/\/www.tuasaude.com\/news\/wp-content\/uploads\/2026\/01\/freepik__35mm-film-photography-mulher-adulta-sentada-em-sof__7569-300x171.png 300w, https:\/\/www.tuasaude.com\/news\/wp-content\/uploads\/2026\/01\/freepik__35mm-film-photography-mulher-adulta-sentada-em-sof__7569-768x439.png 768w, https:\/\/www.tuasaude.com\/news\/wp-content\/uploads\/2026\/01\/freepik__35mm-film-photography-mulher-adulta-sentada-em-sof__7569-750x428.png 750w, https:\/\/www.tuasaude.com\/news\/wp-content\/uploads\/2026\/01\/freepik__35mm-film-photography-mulher-adulta-sentada-em-sof__7569-1140x651.png 1140w, https:\/\/www.tuasaude.com\/news\/wp-content\/uploads\/2026\/01\/freepik__35mm-film-photography-mulher-adulta-sentada-em-sof__7569.png 1280w\" sizes=\"(max-width: 1024px) 100vw, 1024px\" \/><figcaption class=\"wp-element-caption\">A fibromialgia \u00e9 uma s\u00edndrome de dor cr\u00f4nica ligada ao sistema nervoso central.<\/figcaption><\/figure>\n<\/div>\n\n\n<h2 class=\"wp-block-heading\">Como o diagn\u00f3stico \u00e9 feito?<\/h2>\n\n\n\n<p>Especialistas explicam que o diagn\u00f3stico \u00e9 essencialmente cl\u00ednico, baseado no hist\u00f3rico do paciente e na exclus\u00e3o de outras doen\u00e7as que mimetizam esses sintomas. A ci\u00eancia nos mostra que n\u00e3o existe um exame de sangue espec\u00edfico, mas os m\u00e9dicos utilizam crit\u00e9rios de pontua\u00e7\u00e3o de severidade da dor e impacto funcional.<\/p>\n\n\n\n<p>Evid\u00eancias cient\u00edficas no <strong>(<a href=\"https:\/\/pubmed.ncbi.nlm.nih.gov\/21878603\/\" target=\"_blank\" rel=\"noreferrer noopener\">A ci\u00eancia da fibromialgia<\/a>)<\/strong> sugerem que a avalia\u00e7\u00e3o de pontos dolorosos (tender points) foi atualizada para focar mais na dispers\u00e3o da dor pelo corpo. O objetivo do profissional \u00e9 entender o mapa da sua dor e como ela interfere na sua capacidade de realizar tarefas simples do cotidiano.<\/p>\n\n\n\n<h2 class=\"wp-block-heading\">Quais tratamentos s\u00e3o eficazes?<\/h2>\n\n\n\n<p>A ci\u00eancia nos mostra que o tratamento mais bem-sucedido \u00e9 o multidisciplinar, combinando ajustes no estilo de vida com suporte medicamentoso e psicol\u00f3gico. Especialistas da <strong><a href=\"https:\/\/www.heart.org\/en\/healthy-living\/fitness\/fitness-basics\/aha-recs-for-physical-activity-in-adults\" target=\"_blank\" rel=\"noreferrer noopener\">American Heart Association (AHA)<\/a><\/strong> refor\u00e7am que exerc\u00edcios de baixo impacto s\u00e3o fundamentais, pois ajudam a liberar endorfinas que atuam como analg\u00e9sicos naturais.<\/p>\n\n\n\n<p>Para gerenciar as crises e melhorar a qualidade de vida, as evid\u00eancias cient\u00edficas apontam para um plano de a\u00e7\u00e3o que inclui:<\/p>\n\n\n\n<div style=\"display: flex; flex-wrap: wrap; gap: 20px; justify-content: center; font-family: 'Segoe UI', Tahoma, sans-serif; padding: 20px; background-color: #f7f9fc;\">\n\n  <div style=\"background-color: #ffffff; border-radius: 15px; padding: 20px; width: 230px; box-shadow: 0 4px 10px rgba(0,0,0,0.08); border-top: 5px solid #42a5f5; text-align: center;\">\n    <h3 style=\"color: #1565c0; margin-bottom: 10px; font-size: 1.1em;\">\ud83c\udfca Aer\u00f3bico Leve<\/h3>\n    <div style=\"background: #e3f2fd; color: #1565c0; padding: 4px 12px; border-radius: 15px; display: inline-block; font-size: 0.75em; font-weight: bold; margin-bottom: 15px;\">MOBILIDADE<\/div>\n    <p style=\"font-size: 0.9em; color: #444; line-height: 1.5;\">Caminhadas ou nata\u00e7\u00e3o ajudam a reduzir a rigidez e melhoram o humor.<\/p>\n    <hr style=\"border: 0; border-top: 1px solid #e3f2fd; margin: 15px 0;\">\n    <p style=\"font-size: 0.8em; font-style: italic; color: #42a5f5;\">Baixo impacto.<\/p>\n  <\/div>\n\n  <div style=\"background-color: #ffffff; border-radius: 15px; padding: 20px; width: 230px; box-shadow: 0 4px 10px rgba(0,0,0,0.08); border-top: 5px solid #7986cb; text-align: center;\">\n    <h3 style=\"color: #303f9f; margin-bottom: 10px; font-size: 1.1em;\">\ud83c\udf19 Higiene do Sono<\/h3>\n    <div style=\"background: #e8eaf6; color: #303f9f; padding: 4px 12px; border-radius: 15px; display: inline-block; font-size: 0.75em; font-weight: bold; margin-bottom: 15px;\">REPARA\u00c7\u00c3O<\/div>\n    <p style=\"font-size: 0.9em; color: #444; line-height: 1.5;\">Rotinas r\u00edgidas para dormir ajudam o c\u00e9rebro a atingir est\u00e1gios profundos.<\/p>\n    <hr style=\"border: 0; border-top: 1px solid #e8eaf6; margin: 15px 0;\">\n    <p style=\"font-size: 0.8em; font-style: italic; color: #7986cb;\">Ciclo circadiano.<\/p>\n  <\/div>\n\n  <div style=\"background-color: #ffffff; border-radius: 15px; padding: 20px; width: 230px; box-shadow: 0 4px 10px rgba(0,0,0,0.08); border-top: 5px solid #9575cd; text-align: center;\">\n    <h3 style=\"color: #512da8; margin-bottom: 10px; font-size: 1.1em;\">\ud83e\udde0 TCC<\/h3>\n    <div style=\"background: #f3e5f5; color: #512da8; padding: 4px 12px; border-radius: 15px; display: inline-block; font-size: 0.75em; font-weight: bold; margin-bottom: 15px;\">ESTRESSE<\/div>\n    <p style=\"font-size: 0.9em; color: #444; line-height: 1.5;\">Auxilia no manejo de gatilhos emocionais que disparam crises de dor.<\/p>\n    <hr style=\"border: 0; border-top: 1px solid #f3e5f5; margin: 15px 0;\">\n    <p style=\"font-size: 0.8em; font-style: italic; color: #9575cd;\">Manejo cognitivo.<\/p>\n  <\/div>\n\n  <div style=\"background-color: #ffffff; border-radius: 15px; padding: 20px; width: 230px; box-shadow: 0 4px 10px rgba(0,0,0,0.08); border-top: 5px solid #4db6ac; text-align: center;\">\n    <h3 style=\"color: #00695c; margin-bottom: 10px; font-size: 1.1em;\">\ud83e\udd57 Nutri\u00e7\u00e3o<\/h3>\n    <div style=\"background: #e0f2f1; color: #00695c; padding: 4px 12px; border-radius: 15px; display: inline-block; font-size: 0.75em; font-weight: bold; margin-bottom: 15px;\">SUPORTE<\/div>\n    <p style=\"font-size: 0.9em; color: #444; line-height: 1.5;\">Dietas com magn\u00e9sio e antioxidantes ajudam a reduzir a fadiga muscular.<\/p>\n    <hr style=\"border: 0; border-top: 1px solid #e0f2f1; margin: 15px 0;\">\n    <p style=\"font-size: 0.8em; font-style: italic; color: #4db6ac;\">Energia celular.<\/p>\n  <\/div>\n\n<\/div>\n\n\n\n<h2 class=\"wp-block-heading\">Qual \u00e9 o seu pr\u00f3ximo passo?<\/h2>\n\n\n\n<p>Reconhecer que sua dor \u00e9 real e buscar ajuda especializada \u00e9 a atitude mais corajosa e necess\u00e1ria para transformar sua rela\u00e7\u00e3o com a fibromialgia. Comece anotando os hor\u00e1rios e intensidades das suas dores para fornecer um panorama claro ao profissional de sa\u00fade, facilitando a cria\u00e7\u00e3o de um plano de cuidado sob medida.<\/p>\n\n\n\n<p>Lembre-se de que, embora a fibromialgia seja um desafio cr\u00f4nico, ela n\u00e3o define quem voc\u00ea \u00e9 nem o que voc\u00ea pode conquistar. Com paci\u00eancia, apoio adequado e pequenas mudan\u00e7as di\u00e1rias, \u00e9 plenamente poss\u00edvel reduzir a sensibilidade do seu sistema nervoso e reencontrar o prazer em se movimentar e viver plenamente.<\/p>\n\n\n\n<p>O acompanhamento com um m\u00e9dico ou nutricionista \u00e9 fundamental para um diagn\u00f3stico preciso e tratamento seguro.<\/p>\n","protected":false},"excerpt":{"rendered":"<p>Viver com dores constantes que parecem migrar pelo corpo, acompanhadas de um cansa\u00e7o que o sono n\u00e3o resolve, pode ser exaustivo e solit\u00e1rio, especialmente quando os exames laboratoriais comuns n\u00e3o apontam uma causa \u00f3bvia. A ci\u00eancia nos mostra que essa condi\u00e7\u00e3o, longe de ser &#8220;coisa da sua cabe\u00e7a&#8221;, envolve uma altera\u00e7\u00e3o real na forma como [&hellip;]<\/p>\n","protected":false},"author":9,"featured_media":1818,"comment_status":"open","ping_status":"open","sticky":false,"template":"","format":"standard","meta":{"_yoast_wpseo_focuskw":"fibromialgia","_yoast_wpseo_title":"Como lidar com dor generalizada e fadiga da fibromialgia?","_yoast_wpseo_metadesc":"Aprenda a reconhecer sinais da fibromialgia e descubra tratamentos que combinam exerc\u00edcios, sono adequado e apoio psicol\u00f3gico.","jnews-multi-image_gallery":[],"jnews_single_post":{"format":"standard"},"jnews_primary_category":[],"jnews_social_meta":[],"jnews_override_counter":[],"footnotes":""},"categories":[111],"tags":[661,190,660],"class_list":["post-1732","post","type-post","status-publish","format-standard","has-post-thumbnail","hentry","category-saude","tag-dor-cronica","tag-fadiga","tag-fibromialgia"],"yoast_head":"<!-- This site is optimized with the Yoast SEO plugin v26.7 - https:\/\/yoast.com\/wordpress\/plugins\/seo\/ -->\n<title>Como lidar com dor generalizada e fadiga da fibromialgia?<\/title>\n<meta name=\"description\" content=\"Aprenda a reconhecer sinais da fibromialgia e descubra tratamentos que combinam exerc\u00edcios, sono adequado e apoio psicol\u00f3gico.\" \/>\n<meta name=\"robots\" content=\"index, follow, max-snippet:-1, max-image-preview:large, max-video-preview:-1\" \/>\n<link rel=\"canonical\" href=\"https:\/\/www.tuasaude.com\/news\/2026\/01\/28\/como-lidar-com-dor-generalizada-e-fadiga-da-fibromialgia-sem-perder-a-qualidade-de-vida\/\" \/>\n<meta property=\"og:locale\" content=\"pt_BR\" \/>\n<meta property=\"og:type\" content=\"article\" \/>\n<meta property=\"og:title\" content=\"Como lidar com dor generalizada e fadiga da fibromialgia?\" \/>\n<meta property=\"og:description\" content=\"Aprenda a reconhecer sinais da fibromialgia e descubra tratamentos que combinam exerc\u00edcios, sono adequado e apoio psicol\u00f3gico.\" \/>\n<meta property=\"og:url\" content=\"https:\/\/www.tuasaude.com\/news\/2026\/01\/28\/como-lidar-com-dor-generalizada-e-fadiga-da-fibromialgia-sem-perder-a-qualidade-de-vida\/\" \/>\n<meta property=\"og:site_name\" content=\"Tua Sa\u00fade\" \/>\n<meta property=\"article:published_time\" content=\"2026-01-28T19:00:00+00:00\" \/>\n<meta property=\"og:image\" content=\"https:\/\/www.tuasaude.com\/news\/wp-content\/uploads\/2026\/01\/freepik__35mm-film-photography-mulher-europeia-praticando-e__7570.png\" \/>\n\t<meta property=\"og:image:width\" content=\"1280\" \/>\n\t<meta property=\"og:image:height\" content=\"731\" \/>\n\t<meta property=\"og:image:type\" content=\"image\/png\" \/>\n<meta name=\"author\" content=\"Roberta Patriota\" \/>\n<meta name=\"twitter:card\" content=\"summary_large_image\" \/>\n<meta name=\"twitter:label1\" content=\"Escrito por\" \/>\n\t<meta name=\"twitter:data1\" content=\"Roberta Patriota\" \/>\n\t<meta name=\"twitter:label2\" content=\"Est. tempo de leitura\" \/>\n\t<meta name=\"twitter:data2\" content=\"5 minutos\" \/>\n<!-- \/ Yoast SEO plugin. -->","yoast_head_json":{"title":"Como lidar com dor generalizada e fadiga da fibromialgia?","description":"Aprenda a reconhecer sinais da fibromialgia e descubra tratamentos que combinam exerc\u00edcios, sono adequado e apoio psicol\u00f3gico.","robots":{"index":"index","follow":"follow","max-snippet":"max-snippet:-1","max-image-preview":"max-image-preview:large","max-video-preview":"max-video-preview:-1"},"canonical":"https:\/\/www.tuasaude.com\/news\/2026\/01\/28\/como-lidar-com-dor-generalizada-e-fadiga-da-fibromialgia-sem-perder-a-qualidade-de-vida\/","og_locale":"pt_BR","og_type":"article","og_title":"Como lidar com dor generalizada e fadiga da fibromialgia?","og_description":"Aprenda a reconhecer sinais da fibromialgia e descubra tratamentos que combinam exerc\u00edcios, sono adequado e apoio psicol\u00f3gico.","og_url":"https:\/\/www.tuasaude.com\/news\/2026\/01\/28\/como-lidar-com-dor-generalizada-e-fadiga-da-fibromialgia-sem-perder-a-qualidade-de-vida\/","og_site_name":"Tua Sa\u00fade","article_published_time":"2026-01-28T19:00:00+00:00","og_image":[{"width":1280,"height":731,"url":"https:\/\/www.tuasaude.com\/news\/wp-content\/uploads\/2026\/01\/freepik__35mm-film-photography-mulher-europeia-praticando-e__7570.png","type":"image\/png"}],"author":"Roberta Patriota","twitter_card":"summary_large_image","twitter_misc":{"Escrito por":"Roberta Patriota","Est. tempo de leitura":"5 minutos"},"schema":{"@context":"https:\/\/schema.org","@graph":[{"@type":"Article","@id":"https:\/\/www.tuasaude.com\/news\/2026\/01\/28\/como-lidar-com-dor-generalizada-e-fadiga-da-fibromialgia-sem-perder-a-qualidade-de-vida\/#article","isPartOf":{"@id":"https:\/\/www.tuasaude.com\/news\/2026\/01\/28\/como-lidar-com-dor-generalizada-e-fadiga-da-fibromialgia-sem-perder-a-qualidade-de-vida\/"},"author":{"name":"Roberta Patriota","@id":"https:\/\/www.tuasaude.com\/news\/#\/schema\/person\/27adc41011393316b12ef997ca893e44"},"headline":"Como lidar com dor generalizada e fadiga da fibromialgia sem perder a qualidade de vida?","datePublished":"2026-01-28T19:00:00+00:00","mainEntityOfPage":{"@id":"https:\/\/www.tuasaude.com\/news\/2026\/01\/28\/como-lidar-com-dor-generalizada-e-fadiga-da-fibromialgia-sem-perder-a-qualidade-de-vida\/"},"wordCount":824,"commentCount":0,"image":{"@id":"https:\/\/www.tuasaude.com\/news\/2026\/01\/28\/como-lidar-com-dor-generalizada-e-fadiga-da-fibromialgia-sem-perder-a-qualidade-de-vida\/#primaryimage"},"thumbnailUrl":"https:\/\/www.tuasaude.com\/news\/wp-content\/uploads\/2026\/01\/freepik__35mm-film-photography-mulher-europeia-praticando-e__7570.png","keywords":["dor cr\u00f4nica","fadiga","fibromialgia"],"articleSection":["Sa\u00fade"],"inLanguage":"pt-BR","potentialAction":[{"@type":"CommentAction","name":"Comment","target":["https:\/\/www.tuasaude.com\/news\/2026\/01\/28\/como-lidar-com-dor-generalizada-e-fadiga-da-fibromialgia-sem-perder-a-qualidade-de-vida\/#respond"]}]},{"@type":"WebPage","@id":"https:\/\/www.tuasaude.com\/news\/2026\/01\/28\/como-lidar-com-dor-generalizada-e-fadiga-da-fibromialgia-sem-perder-a-qualidade-de-vida\/","url":"https:\/\/www.tuasaude.com\/news\/2026\/01\/28\/como-lidar-com-dor-generalizada-e-fadiga-da-fibromialgia-sem-perder-a-qualidade-de-vida\/","name":"Como lidar com dor generalizada e fadiga da fibromialgia?","isPartOf":{"@id":"https:\/\/www.tuasaude.com\/news\/#website"},"primaryImageOfPage":{"@id":"https:\/\/www.tuasaude.com\/news\/2026\/01\/28\/como-lidar-com-dor-generalizada-e-fadiga-da-fibromialgia-sem-perder-a-qualidade-de-vida\/#primaryimage"},"image":{"@id":"https:\/\/www.tuasaude.com\/news\/2026\/01\/28\/como-lidar-com-dor-generalizada-e-fadiga-da-fibromialgia-sem-perder-a-qualidade-de-vida\/#primaryimage"},"thumbnailUrl":"https:\/\/www.tuasaude.com\/news\/wp-content\/uploads\/2026\/01\/freepik__35mm-film-photography-mulher-europeia-praticando-e__7570.png","datePublished":"2026-01-28T19:00:00+00:00","author":{"@id":"https:\/\/www.tuasaude.com\/news\/#\/schema\/person\/27adc41011393316b12ef997ca893e44"},"description":"Aprenda a reconhecer sinais da fibromialgia e descubra tratamentos que combinam exerc\u00edcios, sono adequado e apoio psicol\u00f3gico.","breadcrumb":{"@id":"https:\/\/www.tuasaude.com\/news\/2026\/01\/28\/como-lidar-com-dor-generalizada-e-fadiga-da-fibromialgia-sem-perder-a-qualidade-de-vida\/#breadcrumb"},"inLanguage":"pt-BR","potentialAction":[{"@type":"ReadAction","target":["https:\/\/www.tuasaude.com\/news\/2026\/01\/28\/como-lidar-com-dor-generalizada-e-fadiga-da-fibromialgia-sem-perder-a-qualidade-de-vida\/"]}]},{"@type":"ImageObject","inLanguage":"pt-BR","@id":"https:\/\/www.tuasaude.com\/news\/2026\/01\/28\/como-lidar-com-dor-generalizada-e-fadiga-da-fibromialgia-sem-perder-a-qualidade-de-vida\/#primaryimage","url":"https:\/\/www.tuasaude.com\/news\/wp-content\/uploads\/2026\/01\/freepik__35mm-film-photography-mulher-europeia-praticando-e__7570.png","contentUrl":"https:\/\/www.tuasaude.com\/news\/wp-content\/uploads\/2026\/01\/freepik__35mm-film-photography-mulher-europeia-praticando-e__7570.png","width":1280,"height":731,"caption":"Exerc\u00edcios leves fazem parte do tratamento da fibromialgia."},{"@type":"BreadcrumbList","@id":"https:\/\/www.tuasaude.com\/news\/2026\/01\/28\/como-lidar-com-dor-generalizada-e-fadiga-da-fibromialgia-sem-perder-a-qualidade-de-vida\/#breadcrumb","itemListElement":[{"@type":"ListItem","position":1,"name":"In\u00edcio","item":"https:\/\/www.tuasaude.com\/news\/"},{"@type":"ListItem","position":2,"name":"Como lidar com dor generalizada e fadiga da fibromialgia sem perder a qualidade de vida?"}]},{"@type":"WebSite","@id":"https:\/\/www.tuasaude.com\/news\/#website","url":"https:\/\/www.tuasaude.com\/news\/","name":"Tua Sa\u00fade","description":"Seu site de sa\u00fade","potentialAction":[{"@type":"SearchAction","target":{"@type":"EntryPoint","urlTemplate":"https:\/\/www.tuasaude.com\/news\/?s={search_term_string}"},"query-input":{"@type":"PropertyValueSpecification","valueRequired":true,"valueName":"search_term_string"}}],"inLanguage":"pt-BR"},{"@type":"Person","@id":"https:\/\/www.tuasaude.com\/news\/#\/schema\/person\/27adc41011393316b12ef997ca893e44","name":"Roberta Patriota","image":{"@type":"ImageObject","inLanguage":"pt-BR","@id":"https:\/\/www.tuasaude.com\/news\/#\/schema\/person\/image\/","url":"https:\/\/secure.gravatar.com\/avatar\/40fc934d21bfa38a60909bb2e5f2ec503dcd4d849aa772e107feb32efe75c210?s=96&d=mm&r=g","contentUrl":"https:\/\/secure.gravatar.com\/avatar\/40fc934d21bfa38a60909bb2e5f2ec503dcd4d849aa772e107feb32efe75c210?s=96&d=mm&r=g","caption":"Roberta Patriota"},"sameAs":["https:\/\/www.tuasaude.com\/news\/"],"url":"https:\/\/www.tuasaude.com\/news\/author\/roberta-patriota\/"}]}},"_links":{"self":[{"href":"https:\/\/www.tuasaude.com\/news\/wp-json\/wp\/v2\/posts\/1732","targetHints":{"allow":["GET"]}}],"collection":[{"href":"https:\/\/www.tuasaude.com\/news\/wp-json\/wp\/v2\/posts"}],"about":[{"href":"https:\/\/www.tuasaude.com\/news\/wp-json\/wp\/v2\/types\/post"}],"author":[{"embeddable":true,"href":"https:\/\/www.tuasaude.com\/news\/wp-json\/wp\/v2\/users\/9"}],"replies":[{"embeddable":true,"href":"https:\/\/www.tuasaude.com\/news\/wp-json\/wp\/v2\/comments?post=1732"}],"version-history":[{"count":4,"href":"https:\/\/www.tuasaude.com\/news\/wp-json\/wp\/v2\/posts\/1732\/revisions"}],"predecessor-version":[{"id":1848,"href":"https:\/\/www.tuasaude.com\/news\/wp-json\/wp\/v2\/posts\/1732\/revisions\/1848"}],"wp:featuredmedia":[{"embeddable":true,"href":"https:\/\/www.tuasaude.com\/news\/wp-json\/wp\/v2\/media\/1818"}],"wp:attachment":[{"href":"https:\/\/www.tuasaude.com\/news\/wp-json\/wp\/v2\/media?parent=1732"}],"wp:term":[{"taxonomy":"category","embeddable":true,"href":"https:\/\/www.tuasaude.com\/news\/wp-json\/wp\/v2\/categories?post=1732"},{"taxonomy":"post_tag","embeddable":true,"href":"https:\/\/www.tuasaude.com\/news\/wp-json\/wp\/v2\/tags?post=1732"}],"curies":[{"name":"wp","href":"https:\/\/api.w.org\/{rel}","templated":true}]}}