{"id":1719,"date":"2026-01-28T11:00:00","date_gmt":"2026-01-28T14:00:00","guid":{"rendered":"https:\/\/www.tuasaude.com\/news\/?p=1719"},"modified":"2026-01-28T10:45:43","modified_gmt":"2026-01-28T13:45:43","slug":"voce-sabia-que-a-musica-pode-atuar-como-terapia-para-mente-e-corpo","status":"publish","type":"post","link":"https:\/\/www.tuasaude.com\/news\/2026\/01\/28\/voce-sabia-que-a-musica-pode-atuar-como-terapia-para-mente-e-corpo\/","title":{"rendered":"Voc\u00ea sabia que a m\u00fasica pode atuar como terapia para mente e corpo?"},"content":{"rendered":"\n<p>Sentir que a mente est\u00e1 sobrecarregada ou que as emo\u00e7\u00f5es est\u00e3o fora de sintonia \u00e9 um desafio comum, mas a solu\u00e7\u00e3o pode estar em uma linguagem que todos n\u00f3s compreendemos intuitivamente: a m\u00fasica. Muito al\u00e9m do entretenimento, a utiliza\u00e7\u00e3o terap\u00eautica do som tem o poder de acessar \u00e1reas do c\u00e9rebro ligadas \u00e0 mem\u00f3ria, ao movimento e ao prazer, oferecendo um caminho suave e eficaz para tratar dores da alma e do corpo. Descobrir com a <strong><a href=\"https:\/\/www.tuasaude.com\/beneficios-da-musicoterapia\/\" target=\"_blank\" rel=\"noreferrer noopener\">musicoterapia<\/a><\/strong> como as notas musicais podem ser organizadas para promover a sua sa\u00fade \u00e9 o primeiro passo para uma jornada de cura profunda e harmoniosa.<\/p>\n\n\n\n<h2 class=\"wp-block-heading\">O que \u00e9 a musicoterapia?<\/h2>\n\n\n\n<p>A ci\u00eancia nos mostra que a musicoterapia \u00e9 um processo terap\u00eautico conduzido por um profissional qualificado que utiliza a m\u00fasica e seus elementos para atender necessidades f\u00edsicas, emocionais e cognitivas. De acordo com a <a href=\"https:\/\/www.gov.br\/saude\/pt-br\/composicao\/saps\/pics\/pnpic\" target=\"_blank\" rel=\"noreferrer noopener\"><strong>Pol\u00edtica Nacional de Pr\u00e1ticas Integrativas e Complementares do Minist\u00e9rio da Sa\u00fade<\/strong>, <\/a>ela \u00e9 reconhecida como uma ferramenta poderosa para a promo\u00e7\u00e3o da sa\u00fade e preven\u00e7\u00e3o de doen\u00e7as.<\/p>\n\n\n\n<p>Especialistas explicam que n\u00e3o se trata apenas de ouvir m\u00fasica, mas de uma interven\u00e7\u00e3o estruturada que utiliza a melodia, o ritmo e a harmonia para estimular a neuroplasticidade. Evid\u00eancias do guia <strong><a href=\"https:\/\/www.who.int\/teams\/mental-health-and-substance-use\/overview\" target=\"_blank\" rel=\"noreferrer noopener\">Mental Health and Substance Use<\/a> da OMS<\/strong> confirmam que essa pr\u00e1tica ajuda na regula\u00e7\u00e3o do humor e no fortalecimento de v\u00ednculos sociais, sendo um suporte valioso em tratamentos convencionais.<\/p>\n\n\n\n<h2 class=\"wp-block-heading\">Para que serve essa pr\u00e1tica?<\/h2>\n\n\n\n<p>As aplica\u00e7\u00f5es dessa terapia s\u00e3o vastas, abrangendo desde o suporte em reabilita\u00e7\u00f5es motoras at\u00e9 o al\u00edvio de sintomas de <strong><a href=\"https:\/\/www.tuasaude.com\/ansiedade\/\" target=\"_blank\" rel=\"noreferrer noopener\">ansiedade<\/a><\/strong> e depress\u00e3o. A ci\u00eancia nos mostra que a m\u00fasica atua diretamente no sistema l\u00edmbico, \u00e1rea respons\u00e1vel pelas nossas emo\u00e7\u00f5es, ajudando a reduzir os n\u00edveis de cortisol, o horm\u00f4nio do estresse.<\/p>\n\n\n\n<p>De acordo com revis\u00f5es como a <strong>(<a href=\"https:\/\/link.springer.com\/book\/10.1007\/978-3-031-88578-5\" target=\"_blank\" rel=\"noreferrer noopener\">Interven\u00e7\u00f5es musicais e de musicoterapia na pr\u00e1tica cl\u00ednica<\/a>)<\/strong>, os benef\u00edcios se estendem a diversas condi\u00e7\u00f5es de sa\u00fade e faixas et\u00e1rias, destacando-se em \u00e1reas como:<\/p>\n\n\n\n<ul class=\"wp-block-list\">\n<li><strong>Sa\u00fade Mental:<\/strong> Redu\u00e7\u00e3o de sintomas de ansiedade, depress\u00e3o e melhoria da qualidade do sono.<\/li>\n\n\n\n<li><strong>Neurologia:<\/strong> Aux\u00edlio na recupera\u00e7\u00e3o da fala e movimentos em pacientes que sofreram AVC ou possuem Parkinson.<\/li>\n\n\n\n<li><strong>Pediatria:<\/strong> Est\u00edmulo ao desenvolvimento cognitivo e social em crian\u00e7as com Transtorno do Espectro Autista (TEA).<\/li>\n\n\n\n<li><strong>Cuidados Paliativos:<\/strong> Promo\u00e7\u00e3o de conforto emocional e al\u00edvio da percep\u00e7\u00e3o de dor em pacientes cr\u00f4nicos.<\/li>\n<\/ul>\n\n\n<div class=\"wp-block-image\">\n<figure class=\"aligncenter size-large\"><img decoding=\"async\" width=\"1024\" height=\"585\" src=\"https:\/\/www.tuasaude.com\/news\/wp-content\/uploads\/2026\/01\/freepik__35mm-film-photography-pessoa-tocando-instrumento-s__7558-1024x585.png\" alt=\"Voc\u00ea sabia que a m\u00fasica pode atuar como terapia para mente e corpo?\" class=\"wp-image-1825\" srcset=\"https:\/\/www.tuasaude.com\/news\/wp-content\/uploads\/2026\/01\/freepik__35mm-film-photography-pessoa-tocando-instrumento-s__7558-1024x585.png 1024w, https:\/\/www.tuasaude.com\/news\/wp-content\/uploads\/2026\/01\/freepik__35mm-film-photography-pessoa-tocando-instrumento-s__7558-300x171.png 300w, https:\/\/www.tuasaude.com\/news\/wp-content\/uploads\/2026\/01\/freepik__35mm-film-photography-pessoa-tocando-instrumento-s__7558-768x439.png 768w, https:\/\/www.tuasaude.com\/news\/wp-content\/uploads\/2026\/01\/freepik__35mm-film-photography-pessoa-tocando-instrumento-s__7558-750x428.png 750w, https:\/\/www.tuasaude.com\/news\/wp-content\/uploads\/2026\/01\/freepik__35mm-film-photography-pessoa-tocando-instrumento-s__7558-1140x651.png 1140w, https:\/\/www.tuasaude.com\/news\/wp-content\/uploads\/2026\/01\/freepik__35mm-film-photography-pessoa-tocando-instrumento-s__7558.png 1280w\" sizes=\"(max-width: 1024px) 100vw, 1024px\" \/><figcaption class=\"wp-element-caption\">A pr\u00e1tica \u00e9 aplicada no cuidado emocional, neurol\u00f3gico e cognitivo.<\/figcaption><\/figure>\n<\/div>\n\n\n<h2 class=\"wp-block-heading\">Como a m\u00fasica funciona no corpo?<\/h2>\n\n\n\n<p>Especialistas em  <a href=\"https:\/\/www.heart.org\/en\/news\/2021\/03\/03\/calming-us-down-or-revving-us-up-music-can-be-good-for-the-heart\" target=\"_blank\" rel=\"noreferrer noopener\"><strong>A m\u00fasica pode nos acalmar ou nos animar, fazendo bem ao cora\u00e7\u00e3o (AHA)<\/strong> <\/a>explicam que o ritmo musical pode influenciar diretamente a frequ\u00eancia card\u00edaca e a press\u00e3o arterial, promovendo um estado de relaxamento profundo. A ci\u00eancia nos mostra que o c\u00e9rebro humano tem uma capacidade \u00fanica de &#8220;sincronizar&#8221; suas ondas cerebrais com est\u00edmulos sonoros externos.<\/p>\n\n\n\n<p>Evid\u00eancias cient\u00edficas no <strong>(<a href=\"https:\/\/www.scielo.br\/j\/pm\/a\/4MYkTmWFfsG4P9jfRMdmh4G\/?format=html&amp;lang=pt\" target=\"_blank\" rel=\"noreferrer noopener\">&nbsp;A m\u00fasica por uma \u00f3ptica neurocient\u00edfica<\/a><a href=\"https:\/\/www.scielo.br\/j\/pm\/a\/4MYkTmWFfsG4P9jfRMdmh4G\/?format=html&amp;lang=pt#\"><\/a>)<\/strong> indicam que a escuta ativa libera dopamina e endorfina, neurotransmissores ligados \u00e0 sensa\u00e7\u00e3o de recompensa e bem-estar. Esse &#8220;banho qu\u00edmico&#8221; natural ajuda o organismo a combater processos inflamat\u00f3rios e a fortalecer o sistema imunol\u00f3gico de forma prazerosa e n\u00e3o invasiva.<\/p>\n\n\n\n<h2 class=\"wp-block-heading\">Como as sess\u00f5es s\u00e3o feitas?<\/h2>\n\n\n\n<p>Uma sess\u00e3o de musicoterapia \u00e9 personalizada e pode envolver desde a audi\u00e7\u00e3o passiva at\u00e9 a cria\u00e7\u00e3o ativa de sons, dependendo dos objetivos de cada paciente. Especialistas da<strong> <a href=\"http:\/\/publicacoes.cardiol.br\/portal\/abc\/portugues\/aop\/2019\/aop-diretriz-prevencao-cardiovascular-portugues.pdf\" target=\"_blank\" rel=\"noreferrer noopener\">Sociedade Brasileira de Cardiologia (SBC)<\/a><\/strong>, em diretrizes que abordam a espiritualidade e sa\u00fade, refor\u00e7am que a pr\u00e1tica deve ser adaptada \u00e0 bagagem cultural e prefer\u00eancias musicais do indiv\u00edduo.<\/p>\n\n\n\n<p>Durante os encontros, o musicoterapeuta utiliza diversos m\u00e9todos criativos para facilitar a express\u00e3o e a comunica\u00e7\u00e3o, incluindo atividades como:<\/p>\n\n\n\n<div style=\"display: flex; flex-wrap: wrap; gap: 20px; justify-content: center; font-family: sans-serif; padding: 20px; background-color: #f9f9f9;\">\n\n  <div style=\"background-color: #f0e6ff; border-radius: 15px; padding: 20px; width: 220px; box-shadow: 0 4px 8px rgba(0,0,0,0.1); text-align: center;\">\n    <h3 style=\"color: #6a0dad; margin-bottom: 10px;\">\ud83c\udfb8 Improvisa\u00e7\u00e3o<\/h3>\n    <div style=\"background: linear-gradient(to right, #8e2de2, #4a00e0); color: white; padding: 5px 15px; border-radius: 20px; display: inline-block; font-size: 0.8em; font-weight: bold; margin-bottom: 15px;\">ATIVA<\/div>\n    <p style=\"font-size: 0.9em; color: #444; line-height: 1.4;\">Cria\u00e7\u00e3o de sons e ritmos livres com instrumentos simples ou com a voz.<\/p>\n    <hr style=\"border: 0; border-top: 1px solid #d1c4e9; margin: 15px 0;\">\n    <p style=\"font-size: 0.8em; font-weight: bold; color: #6a0dad;\">Foco: Liberdade Expressiva<\/p>\n  <\/div>\n\n  <div style=\"background-color: #fff4e6; border-radius: 15px; padding: 20px; width: 220px; box-shadow: 0 4px 8px rgba(0,0,0,0.1); text-align: center;\">\n    <h3 style=\"color: #e67e22; margin-bottom: 10px;\">\ud83d\udcdd Composi\u00e7\u00e3o<\/h3>\n    <div style=\"background: linear-gradient(to right, #f39c12, #d35400); color: white; padding: 5px 15px; border-radius: 20px; display: inline-block; font-size: 0.8em; font-weight: bold; margin-bottom: 15px;\">CRIATIVA<\/div>\n    <p style=\"font-size: 0.9em; color: #444; line-height: 1.4;\">Elabora\u00e7\u00e3o de letras ou melodias para nomear sentimentos dif\u00edceis de expressar.<\/p>\n    <hr style=\"border: 0; border-top: 1px solid #ffe0b2; margin: 15px 0;\">\n    <p style=\"font-size: 0.8em; font-weight: bold; color: #e67e22;\">Foco: Autoconhecimento<\/p>\n  <\/div>\n\n  <div style=\"background-color: #e3f2fd; border-radius: 15px; padding: 20px; width: 220px; box-shadow: 0 4px 8px rgba(0,0,0,0.1); text-align: center;\">\n    <h3 style=\"color: #1e88e5; margin-bottom: 10px;\">\ud83c\udfa4 Recria\u00e7\u00e3o<\/h3>\n    <div style=\"background: linear-gradient(to right, #2196f3, #0d47a1); color: white; padding: 5px 15px; border-radius: 20px; display: inline-block; font-size: 0.8em; font-weight: bold; margin-bottom: 15px;\">INTERPRETATIVA<\/div>\n    <p style=\"font-size: 0.9em; color: #444; line-height: 1.4;\">Cantar ou tocar m\u00fasicas existentes com forte significado emocional.<\/p>\n    <hr style=\"border: 0; border-top: 1px solid #bbdefb; margin: 15px 0;\">\n    <p style=\"font-size: 0.8em; font-weight: bold; color: #1e88e5;\">Foco: Mem\u00f3ria Afetiva<\/p>\n  <\/div>\n\n  <div style=\"background-color: #e8f5e9; border-radius: 15px; padding: 20px; width: 220px; box-shadow: 0 4px 8px rgba(0,0,0,0.1); text-align: center;\">\n    <h3 style=\"color: #2e7d32; margin-bottom: 10px;\">\ud83c\udfa7 Audi\u00e7\u00e3o<\/h3>\n    <div style=\"background: linear-gradient(to right, #4caf50, #1b5e20); color: white; padding: 5px 15px; border-radius: 20px; display: inline-block; font-size: 0.8em; font-weight: bold; margin-bottom: 15px;\">RECEPTIVA<\/div>\n    <p style=\"font-size: 0.9em; color: #444; line-height: 1.4;\">Escuta guiada de sele\u00e7\u00f5es musicais para induzir estados de calma ou foco.<\/p>\n    <hr style=\"border: 0; border-top: 1px solid #c8e6c9; margin: 15px 0;\">\n    <p style=\"font-size: 0.8em; font-weight: bold; color: #2e7d32;\">Foco: Regula\u00e7\u00e3o Emocional<\/p>\n  <\/div>\n\n<\/div>\n\n\n\n<h2 class=\"wp-block-heading\">Qual \u00e9 o seu pr\u00f3ximo passo?<\/h2>\n\n\n\n<p>Integrar a musicoterapia \u00e0 sua rotina ou tratamento \u00e9 uma decis\u00e3o que pode trazer mais leveza e cor para os seus dias, ajudando voc\u00ea a se reconectar com sua pr\u00f3pria ess\u00eancia. Se voc\u00ea busca uma forma de cuidar da sa\u00fade que v\u00e1 al\u00e9m das palavras, explorar o universo dos sons com a orienta\u00e7\u00e3o de um profissional pode ser a chave para desbloquear um novo n\u00edvel de bem-estar.<\/p>\n\n\n\n<p>Lembre-se de que a m\u00fasica \u00e9 uma ferramenta poderosa que est\u00e1 ao alcance de todos, mas que, sob a \u00f3tica terap\u00eautica, ganha uma dimens\u00e3o de cura transformadora. Permita-se ouvir n\u00e3o apenas com os ouvidos, mas com todo o corpo, e sinta como a harmonia sonora pode reorganizar suas emo\u00e7\u00f5es e fortalecer sua sa\u00fade de maneira \u00fanica e inspiradora.<\/p>\n\n\n\n<p>O acompanhamento com um m\u00e9dico ou nutricionista \u00e9 fundamental para um diagn\u00f3stico preciso e tratamento seguro.<\/p>\n","protected":false},"excerpt":{"rendered":"<p>Sentir que a mente est\u00e1 sobrecarregada ou que as emo\u00e7\u00f5es est\u00e3o fora de sintonia \u00e9 um desafio comum, mas a solu\u00e7\u00e3o pode estar em uma linguagem que todos n\u00f3s compreendemos intuitivamente: a m\u00fasica. Muito al\u00e9m do entretenimento, a utiliza\u00e7\u00e3o terap\u00eautica do som tem o poder de acessar \u00e1reas do c\u00e9rebro ligadas \u00e0 mem\u00f3ria, ao movimento [&hellip;]<\/p>\n","protected":false},"author":9,"featured_media":1827,"comment_status":"open","ping_status":"open","sticky":false,"template":"","format":"standard","meta":{"_yoast_wpseo_focuskw":"musicoterapia","_yoast_wpseo_title":"Voc\u00ea sabia que a m\u00fasica pode atuar como terapia para mente?","_yoast_wpseo_metadesc":"Entenda como a musicoterapia atua no c\u00e9rebro e no corpo, ajudando no bem-estar emocional, na redu\u00e7\u00e3o da ansiedade e no cuidado integral.","jnews-multi-image_gallery":[],"jnews_single_post":{"format":"standard"},"jnews_primary_category":[],"jnews_social_meta":[],"jnews_override_counter":[],"footnotes":""},"categories":[111],"tags":[641,637,638,640],"class_list":["post-1719","post","type-post","status-publish","format-standard","has-post-thumbnail","hentry","category-saude","tag-ansiedade-e-estresse","tag-musicoterapia","tag-terapia-com-musica","tag-tratamento-terapeutico"],"yoast_head":"<!-- This site is optimized with the Yoast SEO plugin v26.7 - https:\/\/yoast.com\/wordpress\/plugins\/seo\/ -->\n<title>Voc\u00ea sabia que a m\u00fasica pode atuar como terapia para mente?<\/title>\n<meta name=\"description\" content=\"Entenda como a musicoterapia atua no c\u00e9rebro e no corpo, ajudando no bem-estar emocional, na redu\u00e7\u00e3o da ansiedade e no cuidado integral.\" \/>\n<meta name=\"robots\" content=\"index, follow, max-snippet:-1, max-image-preview:large, max-video-preview:-1\" \/>\n<link rel=\"canonical\" href=\"https:\/\/www.tuasaude.com\/news\/2026\/01\/28\/voce-sabia-que-a-musica-pode-atuar-como-terapia-para-mente-e-corpo\/\" \/>\n<meta property=\"og:locale\" content=\"pt_BR\" \/>\n<meta property=\"og:type\" content=\"article\" \/>\n<meta property=\"og:title\" content=\"Voc\u00ea sabia que a m\u00fasica pode atuar como terapia para mente?\" \/>\n<meta property=\"og:description\" content=\"Entenda como a musicoterapia atua no c\u00e9rebro e no corpo, ajudando no bem-estar emocional, na redu\u00e7\u00e3o da ansiedade e no cuidado integral.\" \/>\n<meta property=\"og:url\" content=\"https:\/\/www.tuasaude.com\/news\/2026\/01\/28\/voce-sabia-que-a-musica-pode-atuar-como-terapia-para-mente-e-corpo\/\" \/>\n<meta property=\"og:site_name\" content=\"Tua Sa\u00fade\" \/>\n<meta property=\"article:published_time\" content=\"2026-01-28T14:00:00+00:00\" \/>\n<meta property=\"og:image\" content=\"https:\/\/www.tuasaude.com\/news\/wp-content\/uploads\/2026\/01\/freepik__35mm-film-photography-sesso-de-musicoterapia-em-am__7557.png\" \/>\n\t<meta property=\"og:image:width\" content=\"1280\" \/>\n\t<meta property=\"og:image:height\" content=\"731\" \/>\n\t<meta property=\"og:image:type\" content=\"image\/png\" \/>\n<meta name=\"author\" content=\"Roberta Patriota\" \/>\n<meta name=\"twitter:card\" content=\"summary_large_image\" \/>\n<meta name=\"twitter:label1\" content=\"Escrito por\" \/>\n\t<meta name=\"twitter:data1\" content=\"Roberta Patriota\" \/>\n\t<meta name=\"twitter:label2\" content=\"Est. tempo de leitura\" \/>\n\t<meta name=\"twitter:data2\" content=\"5 minutos\" \/>\n<!-- \/ Yoast SEO plugin. -->","yoast_head_json":{"title":"Voc\u00ea sabia que a m\u00fasica pode atuar como terapia para mente?","description":"Entenda como a musicoterapia atua no c\u00e9rebro e no corpo, ajudando no bem-estar emocional, na redu\u00e7\u00e3o da ansiedade e no cuidado integral.","robots":{"index":"index","follow":"follow","max-snippet":"max-snippet:-1","max-image-preview":"max-image-preview:large","max-video-preview":"max-video-preview:-1"},"canonical":"https:\/\/www.tuasaude.com\/news\/2026\/01\/28\/voce-sabia-que-a-musica-pode-atuar-como-terapia-para-mente-e-corpo\/","og_locale":"pt_BR","og_type":"article","og_title":"Voc\u00ea sabia que a m\u00fasica pode atuar como terapia para mente?","og_description":"Entenda como a musicoterapia atua no c\u00e9rebro e no corpo, ajudando no bem-estar emocional, na redu\u00e7\u00e3o da ansiedade e no cuidado integral.","og_url":"https:\/\/www.tuasaude.com\/news\/2026\/01\/28\/voce-sabia-que-a-musica-pode-atuar-como-terapia-para-mente-e-corpo\/","og_site_name":"Tua Sa\u00fade","article_published_time":"2026-01-28T14:00:00+00:00","og_image":[{"width":1280,"height":731,"url":"https:\/\/www.tuasaude.com\/news\/wp-content\/uploads\/2026\/01\/freepik__35mm-film-photography-sesso-de-musicoterapia-em-am__7557.png","type":"image\/png"}],"author":"Roberta Patriota","twitter_card":"summary_large_image","twitter_misc":{"Escrito por":"Roberta Patriota","Est. tempo de leitura":"5 minutos"},"schema":{"@context":"https:\/\/schema.org","@graph":[{"@type":"Article","@id":"https:\/\/www.tuasaude.com\/news\/2026\/01\/28\/voce-sabia-que-a-musica-pode-atuar-como-terapia-para-mente-e-corpo\/#article","isPartOf":{"@id":"https:\/\/www.tuasaude.com\/news\/2026\/01\/28\/voce-sabia-que-a-musica-pode-atuar-como-terapia-para-mente-e-corpo\/"},"author":{"name":"Roberta Patriota","@id":"https:\/\/www.tuasaude.com\/news\/#\/schema\/person\/27adc41011393316b12ef997ca893e44"},"headline":"Voc\u00ea sabia que a m\u00fasica pode atuar como terapia para mente e corpo?","datePublished":"2026-01-28T14:00:00+00:00","mainEntityOfPage":{"@id":"https:\/\/www.tuasaude.com\/news\/2026\/01\/28\/voce-sabia-que-a-musica-pode-atuar-como-terapia-para-mente-e-corpo\/"},"wordCount":905,"commentCount":0,"image":{"@id":"https:\/\/www.tuasaude.com\/news\/2026\/01\/28\/voce-sabia-que-a-musica-pode-atuar-como-terapia-para-mente-e-corpo\/#primaryimage"},"thumbnailUrl":"https:\/\/www.tuasaude.com\/news\/wp-content\/uploads\/2026\/01\/freepik__35mm-film-photography-sesso-de-musicoterapia-em-am__7557.png","keywords":["ansiedade e estresse","musicoterapia","terapia com m\u00fasica","tratamento terap\u00eautico"],"articleSection":["Sa\u00fade"],"inLanguage":"pt-BR","potentialAction":[{"@type":"CommentAction","name":"Comment","target":["https:\/\/www.tuasaude.com\/news\/2026\/01\/28\/voce-sabia-que-a-musica-pode-atuar-como-terapia-para-mente-e-corpo\/#respond"]}]},{"@type":"WebPage","@id":"https:\/\/www.tuasaude.com\/news\/2026\/01\/28\/voce-sabia-que-a-musica-pode-atuar-como-terapia-para-mente-e-corpo\/","url":"https:\/\/www.tuasaude.com\/news\/2026\/01\/28\/voce-sabia-que-a-musica-pode-atuar-como-terapia-para-mente-e-corpo\/","name":"Voc\u00ea sabia que a m\u00fasica pode atuar como terapia para mente?","isPartOf":{"@id":"https:\/\/www.tuasaude.com\/news\/#website"},"primaryImageOfPage":{"@id":"https:\/\/www.tuasaude.com\/news\/2026\/01\/28\/voce-sabia-que-a-musica-pode-atuar-como-terapia-para-mente-e-corpo\/#primaryimage"},"image":{"@id":"https:\/\/www.tuasaude.com\/news\/2026\/01\/28\/voce-sabia-que-a-musica-pode-atuar-como-terapia-para-mente-e-corpo\/#primaryimage"},"thumbnailUrl":"https:\/\/www.tuasaude.com\/news\/wp-content\/uploads\/2026\/01\/freepik__35mm-film-photography-sesso-de-musicoterapia-em-am__7557.png","datePublished":"2026-01-28T14:00:00+00:00","author":{"@id":"https:\/\/www.tuasaude.com\/news\/#\/schema\/person\/27adc41011393316b12ef997ca893e44"},"description":"Entenda como a musicoterapia atua no c\u00e9rebro e no corpo, ajudando no bem-estar emocional, na redu\u00e7\u00e3o da ansiedade e no cuidado integral.","breadcrumb":{"@id":"https:\/\/www.tuasaude.com\/news\/2026\/01\/28\/voce-sabia-que-a-musica-pode-atuar-como-terapia-para-mente-e-corpo\/#breadcrumb"},"inLanguage":"pt-BR","potentialAction":[{"@type":"ReadAction","target":["https:\/\/www.tuasaude.com\/news\/2026\/01\/28\/voce-sabia-que-a-musica-pode-atuar-como-terapia-para-mente-e-corpo\/"]}]},{"@type":"ImageObject","inLanguage":"pt-BR","@id":"https:\/\/www.tuasaude.com\/news\/2026\/01\/28\/voce-sabia-que-a-musica-pode-atuar-como-terapia-para-mente-e-corpo\/#primaryimage","url":"https:\/\/www.tuasaude.com\/news\/wp-content\/uploads\/2026\/01\/freepik__35mm-film-photography-sesso-de-musicoterapia-em-am__7557.png","contentUrl":"https:\/\/www.tuasaude.com\/news\/wp-content\/uploads\/2026\/01\/freepik__35mm-film-photography-sesso-de-musicoterapia-em-am__7557.png","width":1280,"height":731,"caption":"Musicoterapia utiliza a m\u00fasica como recurso terap\u00eautico na sa\u00fade."},{"@type":"BreadcrumbList","@id":"https:\/\/www.tuasaude.com\/news\/2026\/01\/28\/voce-sabia-que-a-musica-pode-atuar-como-terapia-para-mente-e-corpo\/#breadcrumb","itemListElement":[{"@type":"ListItem","position":1,"name":"In\u00edcio","item":"https:\/\/www.tuasaude.com\/news\/"},{"@type":"ListItem","position":2,"name":"Voc\u00ea sabia que a m\u00fasica pode atuar como terapia para mente e corpo?"}]},{"@type":"WebSite","@id":"https:\/\/www.tuasaude.com\/news\/#website","url":"https:\/\/www.tuasaude.com\/news\/","name":"Tua Sa\u00fade","description":"Seu site de sa\u00fade","potentialAction":[{"@type":"SearchAction","target":{"@type":"EntryPoint","urlTemplate":"https:\/\/www.tuasaude.com\/news\/?s={search_term_string}"},"query-input":{"@type":"PropertyValueSpecification","valueRequired":true,"valueName":"search_term_string"}}],"inLanguage":"pt-BR"},{"@type":"Person","@id":"https:\/\/www.tuasaude.com\/news\/#\/schema\/person\/27adc41011393316b12ef997ca893e44","name":"Roberta Patriota","image":{"@type":"ImageObject","inLanguage":"pt-BR","@id":"https:\/\/www.tuasaude.com\/news\/#\/schema\/person\/image\/","url":"https:\/\/secure.gravatar.com\/avatar\/40fc934d21bfa38a60909bb2e5f2ec503dcd4d849aa772e107feb32efe75c210?s=96&d=mm&r=g","contentUrl":"https:\/\/secure.gravatar.com\/avatar\/40fc934d21bfa38a60909bb2e5f2ec503dcd4d849aa772e107feb32efe75c210?s=96&d=mm&r=g","caption":"Roberta Patriota"},"sameAs":["https:\/\/www.tuasaude.com\/news\/"],"url":"https:\/\/www.tuasaude.com\/news\/author\/roberta-patriota\/"}]}},"_links":{"self":[{"href":"https:\/\/www.tuasaude.com\/news\/wp-json\/wp\/v2\/posts\/1719","targetHints":{"allow":["GET"]}}],"collection":[{"href":"https:\/\/www.tuasaude.com\/news\/wp-json\/wp\/v2\/posts"}],"about":[{"href":"https:\/\/www.tuasaude.com\/news\/wp-json\/wp\/v2\/types\/post"}],"author":[{"embeddable":true,"href":"https:\/\/www.tuasaude.com\/news\/wp-json\/wp\/v2\/users\/9"}],"replies":[{"embeddable":true,"href":"https:\/\/www.tuasaude.com\/news\/wp-json\/wp\/v2\/comments?post=1719"}],"version-history":[{"count":3,"href":"https:\/\/www.tuasaude.com\/news\/wp-json\/wp\/v2\/posts\/1719\/revisions"}],"predecessor-version":[{"id":1842,"href":"https:\/\/www.tuasaude.com\/news\/wp-json\/wp\/v2\/posts\/1719\/revisions\/1842"}],"wp:featuredmedia":[{"embeddable":true,"href":"https:\/\/www.tuasaude.com\/news\/wp-json\/wp\/v2\/media\/1827"}],"wp:attachment":[{"href":"https:\/\/www.tuasaude.com\/news\/wp-json\/wp\/v2\/media?parent=1719"}],"wp:term":[{"taxonomy":"category","embeddable":true,"href":"https:\/\/www.tuasaude.com\/news\/wp-json\/wp\/v2\/categories?post=1719"},{"taxonomy":"post_tag","embeddable":true,"href":"https:\/\/www.tuasaude.com\/news\/wp-json\/wp\/v2\/tags?post=1719"}],"curies":[{"name":"wp","href":"https:\/\/api.w.org\/{rel}","templated":true}]}}