{"id":1714,"date":"2026-01-27T18:30:00","date_gmt":"2026-01-27T21:30:00","guid":{"rendered":"https:\/\/www.tuasaude.com\/news\/?p=1714"},"modified":"2026-01-27T09:26:39","modified_gmt":"2026-01-27T12:26:39","slug":"queda-de-cabelo-em-excesso-costuma-ser-um-alerta-silencioso-sobre-a-saude-do-corpo","status":"publish","type":"post","link":"https:\/\/www.tuasaude.com\/news\/2026\/01\/27\/queda-de-cabelo-em-excesso-costuma-ser-um-alerta-silencioso-sobre-a-saude-do-corpo\/","title":{"rendered":"Queda de cabelo em excesso costuma ser um alerta silencioso sobre a sa\u00fade do corpo"},"content":{"rendered":"\n<p>Perceber uma quantidade excessiva de fios no ralo do banheiro ou na escova pode gerar uma ansiedade imediata, mas a ci\u00eancia nos mostra que o cabelo \u00e9 um reflexo direto da nossa sa\u00fade interna e do equil\u00edbrio do organismo. Na maioria das vezes, essa queda acentuada n\u00e3o \u00e9 um problema definitivo, mas sim um sinal de alerta de que seu corpo precisa de mais nutrientes, descanso ou aten\u00e7\u00e3o a altera\u00e7\u00f5es hormonais silenciosas. Entender as<strong><a href=\"https:\/\/www.tuasaude.com\/remedios-para-queda-de-cabelo\/\" target=\"_blank\" rel=\"noreferrer noopener\"> <\/a><a href=\"https:\/\/www.tuasaude.com\/queda-de-cabelo-o-que-pode-ser\/\" target=\"_blank\" rel=\"noreferrer noopener\">causas<\/a><a href=\"https:\/\/www.tuasaude.com\/remedios-para-queda-de-cabelo\/\" target=\"_blank\" rel=\"noreferrer noopener\"> <\/a><\/strong>por tr\u00e1s desse ciclo \u00e9 o primeiro passo para recuperar a densidade dos fios e a sua autoconfian\u00e7a com solu\u00e7\u00f5es pr\u00e1ticas e eficazes.<\/p>\n\n\n\n<h2 class=\"wp-block-heading\">Por que o cabelo cai?<\/h2>\n\n\n\n<p>A ci\u00eancia nos mostra que o ciclo de crescimento capilar \u00e9 dividido em tr\u00eas fases e que perder entre 50 a 100 fios por dia \u00e9 considerado normal. Especialistas do <strong><a href=\"https:\/\/bvsms.saude.gov.br\/bvs\/publicacoes\/guiafinal9.pdf\" target=\"_blank\" rel=\"noreferrer noopener\">&#8220;Dermatologia na Aten\u00e7\u00e3o B\u00e1sica de Sa\u00fade&#8221;<\/a><\/strong>, explicam que fatores como estresse f\u00edsico ou emocional podem empurrar precocemente os fios para a fase de queda (tel\u00f3gena).<\/p>\n\n\n\n<p>Evid\u00eancias do guia <strong><a href=\"https:\/\/www.who.int\/standards\/classifications\/classification-of-diseases\" target=\"_blank\" rel=\"noreferrer noopener\">International Classification of Diseases<\/a> da OMS<\/strong> confirmam que o efl\u00favio tel\u00f3geno \u00e9 uma das causas mais comuns de queda difusa. Esse processo acontece geralmente tr\u00eas meses ap\u00f3s um evento gatilho, como uma cirurgia, uma infec\u00e7\u00e3o viral ou um per\u00edodo de estresse intenso, afetando o ciclo natural de renova\u00e7\u00e3o.<\/p>\n\n\n\n<h2 class=\"wp-block-heading\">Quais s\u00e3o as causas principais?<\/h2>\n\n\n\n<p>Muitas vezes, a queda est\u00e1 ligada a car\u00eancias nutricionais ou desequil\u00edbrios hormonais que impedem o fol\u00edculo de produzir um fio forte. De acordo com revis\u00f5es publicadas no<strong> <a href=\"https:\/\/pmc.ncbi.nlm.nih.gov\/articles\/PMC5315033\/\" target=\"_blank\" rel=\"noreferrer noopener\">&#8220;Dieta e queda de cabelo: efeitos da defici\u00eancia de nutrientes e do uso de suplementos&#8221;<\/a><\/strong>, a falta de ferro e de vitaminas espec\u00edficas \u00e9 um dos motivos mais frequentes para o enfraquecimento capilar em mulheres.<\/p>\n\n\n\n<p>Existem diversos fatores que podem acelerar a perda de fios, e identific\u00e1-los ajuda a direcionar o cuidado correto para o seu caso:<\/p>\n\n\n\n<ul class=\"wp-block-list\">\n<li><strong>Anemia e falta de ferro:<\/strong> Essencial para levar oxig\u00eanio \u00e0s ra\u00edzes dos cabelos.<\/li>\n\n\n\n<li><strong>Altera\u00e7\u00f5es na tireoide:<\/strong> Tanto o hipotireoidismo quanto o hipertireoidismo afetam o metabolismo do fio.<\/li>\n\n\n\n<li><strong>Uso de medicamentos:<\/strong> Alguns antidepressivos ou rem\u00e9dios para press\u00e3o podem ter a queda como efeito colateral.<\/li>\n\n\n\n<li><strong>Procedimentos qu\u00edmicos:<\/strong> Excesso de tinturas e alisamentos danificam a estrutura da queratina.<\/li>\n<\/ul>\n\n\n<div class=\"wp-block-image\">\n<figure class=\"aligncenter size-large\"><img decoding=\"async\" width=\"1024\" height=\"585\" src=\"https:\/\/www.tuasaude.com\/news\/wp-content\/uploads\/2026\/01\/freepik__homem-europeu-adulto-cabelo-curto-e-bem-cuidado-se__4620-1024x585.jpeg\" alt=\"Queda de cabelo em excesso costuma ser um alerta silencioso sobre a sa\u00fade do corpo\" class=\"wp-image-1771\" srcset=\"https:\/\/www.tuasaude.com\/news\/wp-content\/uploads\/2026\/01\/freepik__homem-europeu-adulto-cabelo-curto-e-bem-cuidado-se__4620-1024x585.jpeg 1024w, https:\/\/www.tuasaude.com\/news\/wp-content\/uploads\/2026\/01\/freepik__homem-europeu-adulto-cabelo-curto-e-bem-cuidado-se__4620-300x171.jpeg 300w, https:\/\/www.tuasaude.com\/news\/wp-content\/uploads\/2026\/01\/freepik__homem-europeu-adulto-cabelo-curto-e-bem-cuidado-se__4620-768x439.jpeg 768w, https:\/\/www.tuasaude.com\/news\/wp-content\/uploads\/2026\/01\/freepik__homem-europeu-adulto-cabelo-curto-e-bem-cuidado-se__4620-750x428.jpeg 750w, https:\/\/www.tuasaude.com\/news\/wp-content\/uploads\/2026\/01\/freepik__homem-europeu-adulto-cabelo-curto-e-bem-cuidado-se__4620-1140x651.jpeg 1140w, https:\/\/www.tuasaude.com\/news\/wp-content\/uploads\/2026\/01\/freepik__homem-europeu-adulto-cabelo-curto-e-bem-cuidado-se__4620.jpeg 1280w\" sizes=\"(max-width: 1024px) 100vw, 1024px\" \/><figcaption class=\"wp-element-caption\">Altera\u00e7\u00f5es hormonais afetam diretamente o ciclo do cabelo.<\/figcaption><\/figure>\n<\/div>\n\n\n<h2 class=\"wp-block-heading\">Como a alimenta\u00e7\u00e3o ajuda?<\/h2>\n\n\n\n<p>A ci\u00eancia nos mostra que o que colocamos no prato \u00e9 o combust\u00edvel para a queratina, a prote\u00edna que comp\u00f5e quase todo o fio de cabelo. Dietas restritivas demais s\u00e3o inimigas da sa\u00fade capilar a longo prazo.<\/p>\n\n\n\n<p>Para fortalecer as ra\u00edzes de dentro para fora, voc\u00ea pode focar em nutrientes que as evid\u00eancias cient\u00edficas apontam como fundamentais para a estrutura capilar:<\/p>\n\n\n\n<style>\n    \/* Design System: Hair Nutrition & Beauty Premium *\/\n    .hair-health-grid {\n        display: flex;\n        flex-wrap: wrap;\n        gap: 20px;\n        justify-content: center;\n        padding: 40px 10px;\n        background-color: #fcfcfc;\n        font-family: 'Inter', 'Segoe UI', sans-serif;\n    }\n\n    .hair-card {\n        width: 270px;\n        border-radius: 30px;\n        padding: 25px;\n        text-align: center;\n        transition: all 0.4s ease;\n        display: flex;\n        flex-direction: column;\n        background: white;\n        border: 1px solid rgba(0,0,0,0.05);\n        box-shadow: 0 10px 30px rgba(0,0,0,0.04);\n        position: relative;\n    }\n\n    .hair-card:hover {\n        transform: translateY(-12px);\n        box-shadow: 0 20px 45px rgba(0,0,0,0.1);\n    }\n\n    \/* Paleta Inspirada na Refer\u00eancia de Tintas *\/\n    .border-proteina { border-top: 8px solid #f87171; } \/* Coral *\/\n    .border-minerais { border-top: 8px solid #34d399; } \/* Verde Esmeralda *\/\n    .border-vitamina { border-top: 8px solid #fbbf24; } \/* Amarelo Citrus *\/\n    .border-biotina { border-top: 8px solid #d97706; }  \/* Dourado Mel *\/\n\n    .hair-badge {\n        display: inline-block;\n        padding: 5px 15px;\n        border-radius: 50px;\n        color: white;\n        font-weight: 700;\n        font-size: 0.65rem;\n        text-transform: uppercase;\n        letter-spacing: 1px;\n        margin-bottom: 20px;\n        box-shadow: 0 4px 10px rgba(0,0,0,0.1);\n    }\n\n    .bg-coral { background: #f87171; }\n    .bg-green { background: #34d399; }\n    .bg-yellow { background: #fbbf24; color: #444; }\n    .bg-gold { background: #d97706; }\n\n    .hair-title {\n        font-size: 1.3rem;\n        font-weight: 800;\n        color: #1f2937;\n        margin-bottom: 15px;\n        line-height: 1.2;\n    }\n\n    .hair-description {\n        font-size: 0.95rem;\n        color: #4b5563;\n        line-height: 1.6;\n        background: rgba(249, 250, 251, 0.8);\n        padding: 15px;\n        border-radius: 20px;\n        flex-grow: 1;\n        text-align: left;\n    }\n\n    .hair-benefit {\n        margin-top: 15px;\n        font-size: 0.8rem;\n        font-weight: 700;\n        color: #374151;\n        display: flex;\n        align-items: center;\n        justify-content: center;\n        gap: 6px;\n    }\n\n    .check-icon { color: #10b981; }\n\n    .hair-stars {\n        margin-top: 15px;\n        font-size: 1.1rem;\n        color: #fbbf24;\n        border-top: 1px solid #f3f4f6;\n        padding-top: 15px;\n    }\n\n    @media (max-width: 600px) {\n        .hair-card { width: 100%; }\n    }\n<\/style>\n\n<div class=\"hair-health-grid\">\n    <div class=\"hair-card border-proteina\">\n        <div><span class=\"hair-badge bg-coral\">Estrutura<\/span><\/div>\n        <div class=\"hair-title\">Prote\u00ednas de Alta Qualidade<\/div>\n        <div class=\"hair-description\">\n            Ovos, peixes e carnes fornecem os <strong>amino\u00e1cidos fundamentais<\/strong> que comp\u00f5em a queratina do fio.\n        <\/div>\n        <div class=\"hair-benefit\"><span class=\"check-icon\">\u2713<\/span> For\u00e7a Interna<\/div>\n        <div class=\"hair-stars\">\u2605\u2605\u2605\u2605\u2605<\/div>\n    <\/div>\n\n    <div class=\"hair-card border-minerais\">\n        <div><span class=\"hair-badge bg-green\">Prote\u00e7\u00e3o<\/span><\/div>\n        <div class=\"hair-title\">Zinco e Sel\u00eanio<\/div>\n        <div class=\"hair-description\">\n            Encontrados na castanha-do-par\u00e1, esses minerais agem como escudos que <strong>protegem o fol\u00edculo capilar<\/strong>.\n        <\/div>\n        <div class=\"hair-benefit\"><span class=\"check-icon\">\u2713<\/span> Antiqueda<\/div>\n        <div class=\"hair-stars\">\u2605\u2605\u2605\u2605\u2605<\/div>\n    <\/div>\n\n    <div class=\"hair-card border-vitamina\">\n        <div><span class=\"hair-badge bg-yellow\">Absor\u00e7\u00e3o<\/span><\/div>\n        <div class=\"hair-title\">Vitamina C<\/div>\n        <div class=\"hair-description\">\n            C\u00edtricos auxiliam na <strong>produ\u00e7\u00e3o de col\u00e1geno<\/strong> e na absor\u00e7\u00e3o do ferro, essencial para o transporte de oxig\u00eanio.\n        <\/div>\n        <div class=\"hair-benefit\"><span class=\"check-icon\">\u2713<\/span> Crescimento<\/div>\n        <div class=\"hair-stars\">\u2605\u2605\u2605\u2605\u2606<\/div>\n    <\/div>\n\n    <div class=\"hair-card border-biotina\">\n        <div><span class=\"hair-badge bg-gold\">Resist\u00eancia<\/span><\/div>\n        <div class=\"hair-title\">Biotina<\/div>\n        <div class=\"hair-description\">\n            Presente em cereais integrais, a Biotina (Vit. B7) \u00e9 o segredo para a <strong>resist\u00eancia e brilho<\/strong> intenso.\n        <\/div>\n        <div class=\"hair-benefit\"><span class=\"check-icon\">\u2713<\/span> Brilho de Sal\u00e3o<\/div>\n        <div class=\"hair-stars\">\u2605\u2605\u2605\u2605\u2605<\/div>\n    <\/div>\n<\/div>\n\n\n\n<h2 class=\"wp-block-heading\">Quando o estresse influencia?<\/h2>\n\n\n\n<p>O estresse cr\u00f4nico libera cortisol em excesso, um horm\u00f4nio que pode interromper a fase de crescimento dos fios e inflamar o couro cabeludo. Evid\u00eancias do guia<strong><a href=\"https:\/\/www.emro.who.int\/entity\/mental-health\/\" target=\"_blank\" rel=\"noreferrer noopener\"> &#8220;Sa\u00fade mental e uso de subst\u00e2ncias&#8221;<\/a>  da OMS<\/strong> sugerem que o controle da ansiedade \u00e9 vital para interromper o ciclo de queda emocional.<\/p>\n\n\n\n<p>A ci\u00eancia nos mostra que, ao reduzir o impacto do estresse no corpo, os fol\u00edculos tendem a retomar suas atividades normais em alguns meses. Pr\u00e1ticas que equilibram o sistema nervoso ajudam a regular a circula\u00e7\u00e3o sangu\u00ednea no couro cabeludo, garantindo que os nutrientes cheguem de forma eficiente at\u00e9 a ponta dos fios.<\/p>\n\n\n\n<h2 class=\"wp-block-heading\">Qual \u00e9 o seu pr\u00f3ximo passo?<\/h2>\n\n\n\n<p>Identificar se a sua queda \u00e9 passageira ou se precisa de uma interven\u00e7\u00e3o mais profunda \u00e9 o in\u00edcio do caminho para ver o seu cabelo crescer saud\u00e1vel novamente. Comece observando se houve mudan\u00e7as na sua rotina nos \u00faltimos meses e procure introduzir<strong><a href=\"https:\/\/www.tuasaude.com\/alimentos-contra-queda-de-cabelo\/\" target=\"_blank\" rel=\"noreferrer noopener\"> alimentos<\/a><\/strong> mais densos em vitaminas para dar o suporte necess\u00e1rio ao seu organismo.<\/p>\n\n\n\n<p>Lembre-se de que a paci\u00eancia \u00e9 fundamental, pois o cabelo demora algumas semanas para responder aos novos h\u00e1bitos saud\u00e1veis que voc\u00ea adotar hoje. Tratar o seu corpo com carinho e fornecer os nutrientes certos \u00e9 a estrat\u00e9gia mais inteligente e duradoura para manter fios fortes, brilhosos e resistentes ao longo do tempo.<\/p>\n\n\n\n<p>O acompanhamento com um m\u00e9dico ou nutricionista \u00e9 fundamental para um diagn\u00f3stico preciso e tratamento seguro.<\/p>\n","protected":false},"excerpt":{"rendered":"<p>Perceber uma quantidade excessiva de fios no ralo do banheiro ou na escova pode gerar uma ansiedade imediata, mas a ci\u00eancia nos mostra que o cabelo \u00e9 um reflexo direto da nossa sa\u00fade interna e do equil\u00edbrio do organismo. Na maioria das vezes, essa queda acentuada n\u00e3o \u00e9 um problema definitivo, mas sim um sinal [&hellip;]<\/p>\n","protected":false},"author":9,"featured_media":1769,"comment_status":"open","ping_status":"open","sticky":false,"template":"","format":"standard","meta":{"_yoast_wpseo_focuskw":"queda de cabelo","_yoast_wpseo_title":"Queda de cabelo costuma ser um alerta silencioso sobre a sa\u00fade","_yoast_wpseo_metadesc":"Fios caindo em excesso nem sempre indica problema definitivo. Veja como alimenta\u00e7\u00e3o, estresse e sa\u00fade interna influenciam a queda de cabelo.","jnews-multi-image_gallery":[],"jnews_single_post":{"format":"standard"},"jnews_primary_category":[],"jnews_social_meta":[],"jnews_override_counter":[],"footnotes":""},"categories":[111],"tags":[631,633,632,630],"class_list":["post-1714","post","type-post","status-publish","format-standard","has-post-thumbnail","hentry","category-saude","tag-efluvio-telogeno","tag-estresse-e-cabelo","tag-queda-capilar","tag-queda-de-cabelo"],"yoast_head":"<!-- This site is optimized with the Yoast SEO plugin v26.7 - https:\/\/yoast.com\/wordpress\/plugins\/seo\/ -->\n<title>Queda de cabelo costuma ser um alerta silencioso sobre a sa\u00fade<\/title>\n<meta name=\"description\" content=\"Fios caindo em excesso nem sempre indica problema definitivo. Veja como alimenta\u00e7\u00e3o, estresse e sa\u00fade interna influenciam a queda de cabelo.\" \/>\n<meta name=\"robots\" content=\"index, follow, max-snippet:-1, max-image-preview:large, max-video-preview:-1\" \/>\n<link rel=\"canonical\" href=\"https:\/\/www.tuasaude.com\/news\/2026\/01\/27\/queda-de-cabelo-em-excesso-costuma-ser-um-alerta-silencioso-sobre-a-saude-do-corpo\/\" \/>\n<meta property=\"og:locale\" content=\"pt_BR\" \/>\n<meta property=\"og:type\" content=\"article\" \/>\n<meta property=\"og:title\" content=\"Queda de cabelo costuma ser um alerta silencioso sobre a sa\u00fade\" \/>\n<meta property=\"og:description\" content=\"Fios caindo em excesso nem sempre indica problema definitivo. Veja como alimenta\u00e7\u00e3o, estresse e sa\u00fade interna influenciam a queda de cabelo.\" \/>\n<meta property=\"og:url\" content=\"https:\/\/www.tuasaude.com\/news\/2026\/01\/27\/queda-de-cabelo-em-excesso-costuma-ser-um-alerta-silencioso-sobre-a-saude-do-corpo\/\" \/>\n<meta property=\"og:site_name\" content=\"Tua Sa\u00fade\" \/>\n<meta property=\"article:published_time\" content=\"2026-01-27T21:30:00+00:00\" \/>\n<meta property=\"og:image\" content=\"https:\/\/www.tuasaude.com\/news\/wp-content\/uploads\/2026\/01\/freepik__the-style-is-candid-image-photography-with-natural__4621.jpeg\" \/>\n\t<meta property=\"og:image:width\" content=\"1280\" \/>\n\t<meta property=\"og:image:height\" content=\"730\" \/>\n\t<meta property=\"og:image:type\" content=\"image\/jpeg\" \/>\n<meta name=\"author\" content=\"Roberta Patriota\" \/>\n<meta name=\"twitter:card\" content=\"summary_large_image\" \/>\n<meta name=\"twitter:label1\" content=\"Escrito por\" \/>\n\t<meta name=\"twitter:data1\" content=\"Roberta Patriota\" \/>\n\t<meta name=\"twitter:label2\" content=\"Est. tempo de leitura\" \/>\n\t<meta name=\"twitter:data2\" content=\"5 minutos\" \/>\n<!-- \/ Yoast SEO plugin. -->","yoast_head_json":{"title":"Queda de cabelo costuma ser um alerta silencioso sobre a sa\u00fade","description":"Fios caindo em excesso nem sempre indica problema definitivo. Veja como alimenta\u00e7\u00e3o, estresse e sa\u00fade interna influenciam a queda de cabelo.","robots":{"index":"index","follow":"follow","max-snippet":"max-snippet:-1","max-image-preview":"max-image-preview:large","max-video-preview":"max-video-preview:-1"},"canonical":"https:\/\/www.tuasaude.com\/news\/2026\/01\/27\/queda-de-cabelo-em-excesso-costuma-ser-um-alerta-silencioso-sobre-a-saude-do-corpo\/","og_locale":"pt_BR","og_type":"article","og_title":"Queda de cabelo costuma ser um alerta silencioso sobre a sa\u00fade","og_description":"Fios caindo em excesso nem sempre indica problema definitivo. Veja como alimenta\u00e7\u00e3o, estresse e sa\u00fade interna influenciam a queda de cabelo.","og_url":"https:\/\/www.tuasaude.com\/news\/2026\/01\/27\/queda-de-cabelo-em-excesso-costuma-ser-um-alerta-silencioso-sobre-a-saude-do-corpo\/","og_site_name":"Tua Sa\u00fade","article_published_time":"2026-01-27T21:30:00+00:00","og_image":[{"width":1280,"height":730,"url":"https:\/\/www.tuasaude.com\/news\/wp-content\/uploads\/2026\/01\/freepik__the-style-is-candid-image-photography-with-natural__4621.jpeg","type":"image\/jpeg"}],"author":"Roberta Patriota","twitter_card":"summary_large_image","twitter_misc":{"Escrito por":"Roberta Patriota","Est. tempo de leitura":"5 minutos"},"schema":{"@context":"https:\/\/schema.org","@graph":[{"@type":"Article","@id":"https:\/\/www.tuasaude.com\/news\/2026\/01\/27\/queda-de-cabelo-em-excesso-costuma-ser-um-alerta-silencioso-sobre-a-saude-do-corpo\/#article","isPartOf":{"@id":"https:\/\/www.tuasaude.com\/news\/2026\/01\/27\/queda-de-cabelo-em-excesso-costuma-ser-um-alerta-silencioso-sobre-a-saude-do-corpo\/"},"author":{"name":"Roberta Patriota","@id":"https:\/\/www.tuasaude.com\/news\/#\/schema\/person\/27adc41011393316b12ef997ca893e44"},"headline":"Queda de cabelo em excesso costuma ser um alerta silencioso sobre a sa\u00fade do corpo","datePublished":"2026-01-27T21:30:00+00:00","mainEntityOfPage":{"@id":"https:\/\/www.tuasaude.com\/news\/2026\/01\/27\/queda-de-cabelo-em-excesso-costuma-ser-um-alerta-silencioso-sobre-a-saude-do-corpo\/"},"wordCount":828,"commentCount":0,"image":{"@id":"https:\/\/www.tuasaude.com\/news\/2026\/01\/27\/queda-de-cabelo-em-excesso-costuma-ser-um-alerta-silencioso-sobre-a-saude-do-corpo\/#primaryimage"},"thumbnailUrl":"https:\/\/www.tuasaude.com\/news\/wp-content\/uploads\/2026\/01\/freepik__the-style-is-candid-image-photography-with-natural__4621.jpeg","keywords":["efl\u00favio tel\u00f3geno","estresse e cabelo","queda capilar","queda de cabelo"],"articleSection":["Sa\u00fade"],"inLanguage":"pt-BR","potentialAction":[{"@type":"CommentAction","name":"Comment","target":["https:\/\/www.tuasaude.com\/news\/2026\/01\/27\/queda-de-cabelo-em-excesso-costuma-ser-um-alerta-silencioso-sobre-a-saude-do-corpo\/#respond"]}]},{"@type":"WebPage","@id":"https:\/\/www.tuasaude.com\/news\/2026\/01\/27\/queda-de-cabelo-em-excesso-costuma-ser-um-alerta-silencioso-sobre-a-saude-do-corpo\/","url":"https:\/\/www.tuasaude.com\/news\/2026\/01\/27\/queda-de-cabelo-em-excesso-costuma-ser-um-alerta-silencioso-sobre-a-saude-do-corpo\/","name":"Queda de cabelo costuma ser um alerta silencioso sobre a sa\u00fade","isPartOf":{"@id":"https:\/\/www.tuasaude.com\/news\/#website"},"primaryImageOfPage":{"@id":"https:\/\/www.tuasaude.com\/news\/2026\/01\/27\/queda-de-cabelo-em-excesso-costuma-ser-um-alerta-silencioso-sobre-a-saude-do-corpo\/#primaryimage"},"image":{"@id":"https:\/\/www.tuasaude.com\/news\/2026\/01\/27\/queda-de-cabelo-em-excesso-costuma-ser-um-alerta-silencioso-sobre-a-saude-do-corpo\/#primaryimage"},"thumbnailUrl":"https:\/\/www.tuasaude.com\/news\/wp-content\/uploads\/2026\/01\/freepik__the-style-is-candid-image-photography-with-natural__4621.jpeg","datePublished":"2026-01-27T21:30:00+00:00","author":{"@id":"https:\/\/www.tuasaude.com\/news\/#\/schema\/person\/27adc41011393316b12ef997ca893e44"},"description":"Fios caindo em excesso nem sempre indica problema definitivo. Veja como alimenta\u00e7\u00e3o, estresse e sa\u00fade interna influenciam a queda de cabelo.","breadcrumb":{"@id":"https:\/\/www.tuasaude.com\/news\/2026\/01\/27\/queda-de-cabelo-em-excesso-costuma-ser-um-alerta-silencioso-sobre-a-saude-do-corpo\/#breadcrumb"},"inLanguage":"pt-BR","potentialAction":[{"@type":"ReadAction","target":["https:\/\/www.tuasaude.com\/news\/2026\/01\/27\/queda-de-cabelo-em-excesso-costuma-ser-um-alerta-silencioso-sobre-a-saude-do-corpo\/"]}]},{"@type":"ImageObject","inLanguage":"pt-BR","@id":"https:\/\/www.tuasaude.com\/news\/2026\/01\/27\/queda-de-cabelo-em-excesso-costuma-ser-um-alerta-silencioso-sobre-a-saude-do-corpo\/#primaryimage","url":"https:\/\/www.tuasaude.com\/news\/wp-content\/uploads\/2026\/01\/freepik__the-style-is-candid-image-photography-with-natural__4621.jpeg","contentUrl":"https:\/\/www.tuasaude.com\/news\/wp-content\/uploads\/2026\/01\/freepik__the-style-is-candid-image-photography-with-natural__4621.jpeg","width":1280,"height":730,"caption":"Queda excessiva de cabelo costuma ser sinal de desequil\u00edbrio no organismo."},{"@type":"BreadcrumbList","@id":"https:\/\/www.tuasaude.com\/news\/2026\/01\/27\/queda-de-cabelo-em-excesso-costuma-ser-um-alerta-silencioso-sobre-a-saude-do-corpo\/#breadcrumb","itemListElement":[{"@type":"ListItem","position":1,"name":"In\u00edcio","item":"https:\/\/www.tuasaude.com\/news\/"},{"@type":"ListItem","position":2,"name":"Queda de cabelo em excesso costuma ser um alerta silencioso sobre a sa\u00fade do corpo"}]},{"@type":"WebSite","@id":"https:\/\/www.tuasaude.com\/news\/#website","url":"https:\/\/www.tuasaude.com\/news\/","name":"Tua Sa\u00fade","description":"Seu site de sa\u00fade","potentialAction":[{"@type":"SearchAction","target":{"@type":"EntryPoint","urlTemplate":"https:\/\/www.tuasaude.com\/news\/?s={search_term_string}"},"query-input":{"@type":"PropertyValueSpecification","valueRequired":true,"valueName":"search_term_string"}}],"inLanguage":"pt-BR"},{"@type":"Person","@id":"https:\/\/www.tuasaude.com\/news\/#\/schema\/person\/27adc41011393316b12ef997ca893e44","name":"Roberta Patriota","image":{"@type":"ImageObject","inLanguage":"pt-BR","@id":"https:\/\/www.tuasaude.com\/news\/#\/schema\/person\/image\/","url":"https:\/\/secure.gravatar.com\/avatar\/40fc934d21bfa38a60909bb2e5f2ec503dcd4d849aa772e107feb32efe75c210?s=96&d=mm&r=g","contentUrl":"https:\/\/secure.gravatar.com\/avatar\/40fc934d21bfa38a60909bb2e5f2ec503dcd4d849aa772e107feb32efe75c210?s=96&d=mm&r=g","caption":"Roberta Patriota"},"sameAs":["https:\/\/www.tuasaude.com\/news\/"],"url":"https:\/\/www.tuasaude.com\/news\/author\/roberta-patriota\/"}]}},"_links":{"self":[{"href":"https:\/\/www.tuasaude.com\/news\/wp-json\/wp\/v2\/posts\/1714","targetHints":{"allow":["GET"]}}],"collection":[{"href":"https:\/\/www.tuasaude.com\/news\/wp-json\/wp\/v2\/posts"}],"about":[{"href":"https:\/\/www.tuasaude.com\/news\/wp-json\/wp\/v2\/types\/post"}],"author":[{"embeddable":true,"href":"https:\/\/www.tuasaude.com\/news\/wp-json\/wp\/v2\/users\/9"}],"replies":[{"embeddable":true,"href":"https:\/\/www.tuasaude.com\/news\/wp-json\/wp\/v2\/comments?post=1714"}],"version-history":[{"count":4,"href":"https:\/\/www.tuasaude.com\/news\/wp-json\/wp\/v2\/posts\/1714\/revisions"}],"predecessor-version":[{"id":1795,"href":"https:\/\/www.tuasaude.com\/news\/wp-json\/wp\/v2\/posts\/1714\/revisions\/1795"}],"wp:featuredmedia":[{"embeddable":true,"href":"https:\/\/www.tuasaude.com\/news\/wp-json\/wp\/v2\/media\/1769"}],"wp:attachment":[{"href":"https:\/\/www.tuasaude.com\/news\/wp-json\/wp\/v2\/media?parent=1714"}],"wp:term":[{"taxonomy":"category","embeddable":true,"href":"https:\/\/www.tuasaude.com\/news\/wp-json\/wp\/v2\/categories?post=1714"},{"taxonomy":"post_tag","embeddable":true,"href":"https:\/\/www.tuasaude.com\/news\/wp-json\/wp\/v2\/tags?post=1714"}],"curies":[{"name":"wp","href":"https:\/\/api.w.org\/{rel}","templated":true}]}}