{"id":1565,"date":"2026-01-26T19:38:15","date_gmt":"2026-01-26T22:38:15","guid":{"rendered":"https:\/\/www.tuasaude.com\/news\/?p=1565"},"modified":"2026-01-26T19:38:15","modified_gmt":"2026-01-26T22:38:15","slug":"habitos-diarios-comuns-explicam-por-que-voce-tem-pele-ressecada-e-opaca","status":"publish","type":"post","link":"https:\/\/www.tuasaude.com\/news\/2026\/01\/26\/habitos-diarios-comuns-explicam-por-que-voce-tem-pele-ressecada-e-opaca\/","title":{"rendered":"H\u00e1bitos di\u00e1rios comuns explicam por que voc\u00ea tem pele ressecada e opaca"},"content":{"rendered":"\n<p>Sentir a <strong><a href=\"https:\/\/www.tuasaude.com\/causas-da-pele-seca\/\" target=\"_blank\" rel=\"noreferrer noopener\">pele ressecada<\/a><\/strong>, repuxar, co\u00e7ar ou apresentar aquela apar\u00eancia esbranqui\u00e7ada e sem brilho \u00e9 um sinal claro de que a sua barreira de prote\u00e7\u00e3o est\u00e1 pedindo socorro. No entanto, o ressecamento vai muito al\u00e9m da est\u00e9tica e pode ser o reflexo de h\u00e1bitos silenciosos ou fatores ambientais que retiram a umidade natural das suas c\u00e9lulas, mas a boa not\u00edcia \u00e9 que pequenos ajustes na rotina podem devolver o toque macio e a luminosidade que voc\u00ea tanto deseja.<\/p>\n\n\n\n<h2 class=\"wp-block-heading\">Por que a pele perde hidrata\u00e7\u00e3o?<\/h2>\n\n\n\n<p>A ci\u00eancia nos mostra que o ressecamento, ou xerose cut\u00e2nea, ocorre quando a camada mais externa da pele perde sua capacidade de reter \u00e1gua e \u00f3leos essenciais. O artigo<a href=\"https:\/\/www.mayoclinic.org\/diseases-conditions\/dry-skin\/symptoms-causes\/syc-20353885\" target=\"_blank\" rel=\"noreferrer noopener\"> <strong>&#8220;Pele seca&#8221; <\/strong><\/a><strong>da Mayo Clinic<\/strong> explicam que fatores como o envelhecimento natural, a baixa umidade do ar e o uso de produtos de limpeza agressivos rompem o manto hidrolip\u00eddico, deixando a derme exposta e sens\u00edvel.<\/p>\n\n\n\n<p>Evid\u00eancias do<strong><a href=\"https:\/\/bvsms.saude.gov.br\/bvs\/publicacoes\/guiafinal9.pdf\" target=\"_blank\" rel=\"noreferrer noopener\"> &#8220;Dermatologia na Aten\u00e7\u00e3o B\u00e1sica de Sa\u00fade&#8221; <\/a><\/strong>do <strong>Minist\u00e9rio da Sa\u00fade<\/strong> confirmam que o contato prolongado com \u00e1gua quente \u00e9 um dos principais vil\u00f5es modernos. O calor excessivo remove a oleosidade natural que serve como &#8220;cimento&#8221; entre as c\u00e9lulas, facilitando a evapora\u00e7\u00e3o da \u00e1gua interna e resultando em uma textura \u00e1spera e propensa a fissuras dolorosas.<\/p>\n\n\n\n<h2 class=\"wp-block-heading\">Quais s\u00e3o as causas principais da pele ressecada?<\/h2>\n\n\n\n<p>Existem gatilhos internos e externos que aceleram a perda de vi\u00e7o da pele, muitas vezes agindo de forma combinada no nosso dia a dia. O artigo de revis\u00e3o <strong><a href=\"https:\/\/www.mdpi.com\/1660-4601\/22\/12\/1820\" target=\"_blank\" rel=\"noreferrer noopener\">&#8220;Determinantes ambientais da sa\u00fade da pele: relacionando mudan\u00e7as clim\u00e1ticas, polui\u00e7\u00e3o do ar e a carga de doen\u00e7as dermatol\u00f3gicas&#8221;<\/a><\/strong> detalha que o estilo de vida e o ambiente s\u00e3o determinantes para a sa\u00fade da barreira cut\u00e2nea, destacando-se as seguintes causas listadas abaixo:<\/p>\n\n\n\n<div style=\"display: flex; flex-wrap: wrap; gap: 15px; justify-content: center; font-family: 'Segoe UI', Tahoma, Geneva, Verdana, sans-serif; padding: 20px; background-color: #f0f4f8;\">\n\n  <div style=\"flex: 1; min-width: 180px; max-width: 220px; background-color: #fff1f0; border-radius: 20px; padding: 20px; text-align: center; box-shadow: 0 4px 10px rgba(0,0,0,0.05); border: 1px solid #ffa39e;\">\n    <div style=\"background-color: #f5222d; color: white; border-radius: 15px; padding: 5px 15px; display: inline-block; margin-bottom: 15px; font-weight: bold; font-size: 0.75em; text-transform: uppercase;\">Calor<\/div>\n    <div style=\"font-size: 40px; margin-bottom: 10px;\">\ud83d\udebf<\/div>\n    <h3 style=\"margin: 10px 0; color: #820014; font-size: 1.1em;\">Banhos Quentes<\/h3>\n    <p style=\"font-size: 0.85em; color: #a8071a; line-height: 1.4;\">O calor excessivo dissolve os lip\u00eddios protetores que mant\u00eam a derme unida.<\/p>\n  <\/div>\n\n  <div style=\"flex: 1; min-width: 180px; max-width: 220px; background-color: #e6f7ff; border-radius: 20px; padding: 20px; text-align: center; box-shadow: 0 4px 10px rgba(0,0,0,0.05); border: 1px solid #91d5ff;\">\n    <div style=\"background-color: #1890ff; color: white; border-radius: 15px; padding: 5px 15px; display: inline-block; margin-bottom: 15px; font-weight: bold; font-size: 0.75em; text-transform: uppercase;\">Qu\u00edmico<\/div>\n    <div style=\"font-size: 40px; margin-bottom: 10px;\">\ud83e\uddfc<\/div>\n    <h3 style=\"margin: 10px 0; color: #003a8c; font-size: 1.1em;\">Sab\u00e3o Alcalino<\/h3>\n    <p style=\"font-size: 0.85em; color: #0050b3; line-height: 1.4;\">Produtos com pH muito alto desequilibram a acidez natural e a barreira cut\u00e2nea.<\/p>\n  <\/div>\n\n  <div style=\"flex: 1; min-width: 180px; max-width: 220px; background-color: #f0f5ff; border-radius: 20px; padding: 20px; text-align: center; box-shadow: 0 4px 10px rgba(0,0,0,0.05); border: 1px solid #adc6ff;\">\n    <div style=\"background-color: #2f54eb; color: white; border-radius: 15px; padding: 5px 15px; display: inline-block; margin-bottom: 15px; font-weight: bold; font-size: 0.75em; text-transform: uppercase;\">Ambiente<\/div>\n    <div style=\"font-size: 40px; margin-bottom: 10px;\">\u2744\ufe0f<\/div>\n    <h3 style=\"margin: 10px 0; color: #10239e; font-size: 1.1em;\">Clima Seco<\/h3>\n    <p style=\"font-size: 0.85em; color: #1d39c4; line-height: 1.4;\">O ar gelado e seco retira a umidade da pele por osmose para o ambiente externo.<\/p>\n  <\/div>\n\n  <div style=\"flex: 1; min-width: 180px; max-width: 220px; background-color: #e6fffb; border-radius: 20px; padding: 20px; text-align: center; box-shadow: 0 4px 10px rgba(0,0,0,0.05); border: 1px solid #87e8de;\">\n    <div style=\"background-color: #13c2c2; color: white; border-radius: 15px; padding: 5px 15px; display: inline-block; margin-bottom: 15px; font-weight: bold; font-size: 0.75em; text-transform: uppercase;\">Interno<\/div>\n    <div style=\"font-size: 40px; margin-bottom: 10px;\">\ud83d\udca7<\/div>\n    <h3 style=\"margin: 10px 0; color: #00474f; font-size: 1.1em;\">Ingest\u00e3o de \u00c1gua<\/h3>\n    <p style=\"font-size: 0.85em; color: #006d75; line-height: 1.4;\">A hidrata\u00e7\u00e3o interna \u00e9 a base fundamental para a elasticidade da pele.<\/p>\n  <\/div>\n\n  <div style=\"flex: 1; min-width: 180px; max-width: 220px; background-color: #fffbe6; border-radius: 20px; padding: 20px; text-align: center; box-shadow: 0 4px 10px rgba(0,0,0,0.05); border: 1px solid #ffe58f;\">\n    <div style=\"background-color: #faad14; color: white; border-radius: 15px; padding: 5px 15px; display: inline-block; margin-bottom: 15px; font-weight: bold; font-size: 0.75em; text-transform: uppercase;\">UV<\/div>\n    <div style=\"font-size: 40px; margin-bottom: 10px;\">\u2600\ufe0f<\/div>\n    <h3 style=\"margin: 10px 0; color: #874d00; font-size: 1.1em;\">Exposi\u00e7\u00e3o Solar<\/h3>\n    <p style=\"font-size: 0.85em; color: #ad6800; line-height: 1.4;\">Raios UV danificam fibras de col\u00e1geno e aceleram o ressecamento tecidual.<\/p>\n  <\/div>\n\n<\/div>\n\n\n\n<h2 class=\"wp-block-heading\">Como a alimenta\u00e7\u00e3o influencia a derme?<\/h2>\n\n\n\n<p>A ci\u00eancia nos mostra que o que voc\u00ea coloca no prato fornece os \u00e1cidos graxos necess\u00e1rios para manter a pele selada e protegida contra agress\u00f5es. De acordo com a revis\u00e3o <strong><a href=\"https:\/\/pubmed.ncbi.nlm.nih.gov\/37717558\/\" target=\"_blank\" rel=\"noreferrer noopener\">&#8220;A barreira cut\u00e2nea e a hidrata\u00e7\u00e3o: fun\u00e7\u00e3o, disrup\u00e7\u00e3o e mecanismos de repara\u00e7\u00e3o&#8221; <\/a><\/strong>a defici\u00eancia de vitaminas A e E, al\u00e9m de minerais como o zinco, pode manifestar-se diretamente atrav\u00e9s de uma <strong><a href=\"https:\/\/www.tuasaude.com\/descamacao-da-pele\/\" target=\"_blank\" rel=\"noreferrer noopener\">descama\u00e7\u00e3o<\/a><\/strong> excessiva e falta de elasticidade cut\u00e2nea.<\/p>\n\n\n\n<p>Evid\u00eancias das diretrizes de nutrologia na revis\u00e3o bibliogr\u00e1fica <strong><a href=\"https:\/\/www.scielo.br\/j\/csc\/a\/5S9gmdRPLsRGhd7nyVqTRSf\/?lang=pt\" target=\"_blank\" rel=\"noreferrer noopener\">&#8220;Nutri\u00e7\u00e3o Est\u00e9tica: valoriza\u00e7\u00e3o do corpo e da beleza atrav\u00e9s do cuidado nutricional&#8221;<\/a><\/strong><a href=\"https:\/\/www.scielo.br\/j\/csc\/a\/5S9gmdRPLsRGhd7nyVqTRSf\/?lang=pt#\"><\/a> refor\u00e7am que gorduras saud\u00e1veis s\u00e3o essenciais para a &#8220;lubrifica\u00e7\u00e3o&#8221; biol\u00f3gica das c\u00e9lulas. Priorizar uma dieta que inclua alimentos in natura ajuda a fortalecer a barreira de prote\u00e7\u00e3o natural do corpo, agindo como um hidratante de dentro para fora por meio dos seguintes grupos alimentares:<\/p>\n\n\n\n<ul class=\"wp-block-list\">\n<li><strong>Peixes ricos em \u00d4mega-3:<\/strong> auxiliam na redu\u00e7\u00e3o da inflama\u00e7\u00e3o e na reten\u00e7\u00e3o de umidade.<\/li>\n\n\n\n<li><strong>Oleaginosas (nozes e castanhas):<\/strong> fontes de vitamina E, um potente antioxidante d\u00e9rmico.<\/li>\n\n\n\n<li><strong>Frutas ricas em \u00e1gua (melancia e mel\u00e3o):<\/strong> contribuem para o aporte h\u00eddrico sist\u00eamico.<\/li>\n\n\n\n<li><strong>Vegetais alaranjados:<\/strong> ricos em betacaroteno, que auxilia na renova\u00e7\u00e3o celular e prote\u00e7\u00e3o solar.<\/li>\n<\/ul>\n\n\n<div class=\"wp-block-image\">\n<figure class=\"aligncenter size-large\"><img decoding=\"async\" width=\"1024\" height=\"585\" src=\"https:\/\/www.tuasaude.com\/news\/wp-content\/uploads\/2026\/01\/freepik__35mm-film-photography-close-em-pernas-e-mos-com-pe__59488-1024x585.jpeg\" alt=\"H\u00e1bitos di\u00e1rios comuns explicam por que voc\u00ea tem pele ressecada e opaca\" class=\"wp-image-1596\" srcset=\"https:\/\/www.tuasaude.com\/news\/wp-content\/uploads\/2026\/01\/freepik__35mm-film-photography-close-em-pernas-e-mos-com-pe__59488-1024x585.jpeg 1024w, https:\/\/www.tuasaude.com\/news\/wp-content\/uploads\/2026\/01\/freepik__35mm-film-photography-close-em-pernas-e-mos-com-pe__59488-300x171.jpeg 300w, https:\/\/www.tuasaude.com\/news\/wp-content\/uploads\/2026\/01\/freepik__35mm-film-photography-close-em-pernas-e-mos-com-pe__59488-768x439.jpeg 768w, https:\/\/www.tuasaude.com\/news\/wp-content\/uploads\/2026\/01\/freepik__35mm-film-photography-close-em-pernas-e-mos-com-pe__59488-750x428.jpeg 750w, https:\/\/www.tuasaude.com\/news\/wp-content\/uploads\/2026\/01\/freepik__35mm-film-photography-close-em-pernas-e-mos-com-pe__59488-1140x651.jpeg 1140w, https:\/\/www.tuasaude.com\/news\/wp-content\/uploads\/2026\/01\/freepik__35mm-film-photography-close-em-pernas-e-mos-com-pe__59488.jpeg 1280w\" sizes=\"(max-width: 1024px) 100vw, 1024px\" \/><figcaption class=\"wp-element-caption\">Banhos quentes e produtos agressivos favorecem o ressecamento da pele.<\/figcaption><\/figure>\n<\/div>\n\n\n<h2 class=\"wp-block-heading\">Existem doen\u00e7as que deixam a pele ressecada?<\/h2>\n\n\n\n<p>Problemas circulat\u00f3rios podem reduzir o aporte de nutrientes para as extremidades, causando pele ressecada nos p\u00e9s e pernas. Al\u00e9m disso, condi\u00e7\u00f5es como o diabetes e o hipotireoidismo alteram diretamente a produ\u00e7\u00e3o de sebo e o suor, tornando a pele visivelmente mais seca e fr\u00e1gil.<\/p>\n\n\n\n<p>A ci\u00eancia nos mostra que doen\u00e7as inflamat\u00f3rias, como a dermatite at\u00f3pica e a psor\u00edase, tamb\u00e9m comprometem a integridade da barreira cut\u00e2nea de forma cr\u00f4nica. Nesses casos, o ressecamento n\u00e3o \u00e9 apenas um sintoma passageiro, mas uma caracter\u00edstica da pr\u00f3pria condi\u00e7\u00e3o gen\u00e9tica, exigindo o uso de hidratantes espec\u00edficos com alto poder de oclus\u00e3o e repara\u00e7\u00e3o tecidual.<\/p>\n\n\n\n<h2 class=\"wp-block-heading\">Como recuperar a maciez hoje?<\/h2>\n\n\n\n<p>O pr\u00f3ximo passo \u00e9 revisar seus rituais de cuidado, come\u00e7ando pela troca da temperatura do banho e pela aplica\u00e7\u00e3o do hidratante logo ap\u00f3s sair do chuveiro, com a pele ainda \u00famida. A ci\u00eancia nos mostra que essa t\u00e9cnica de &#8220;selagem&#8221; ajuda a prender a \u00e1gua nas camadas superficiais, potencializando o efeito dos produtos e garantindo um al\u00edvio imediato para a sensa\u00e7\u00e3o de repuxamento.<\/p>\n\n\n\n<p>Escolha cremes que contenham ureia, ceramidas ou manteigas naturais, que imitam a barreira da pele e ajudam na reconstru\u00e7\u00e3o do manto protetor. Ao tratar a sua pele com suavidade e nutri-la adequadamente, voc\u00ea n\u00e3o apenas melhora a apar\u00eancia visual, mas fortalece a primeira linha de defesa do seu organismo contra infec\u00e7\u00f5es e irrita\u00e7\u00f5es externas.<\/p>\n\n\n\n<p>O acompanhamento com um m\u00e9dico ou nutricionista \u00e9 fundamental para um diagn\u00f3stico preciso e tratamento seguro.<\/p>\n","protected":false},"excerpt":{"rendered":"<p>Sentir a pele ressecada, repuxar, co\u00e7ar ou apresentar aquela apar\u00eancia esbranqui\u00e7ada e sem brilho \u00e9 um sinal claro de que a sua barreira de prote\u00e7\u00e3o est\u00e1 pedindo socorro. No entanto, o ressecamento vai muito al\u00e9m da est\u00e9tica e pode ser o reflexo de h\u00e1bitos silenciosos ou fatores ambientais que retiram a umidade natural das suas [&hellip;]<\/p>\n","protected":false},"author":9,"featured_media":1586,"comment_status":"open","ping_status":"open","sticky":false,"template":"","format":"standard","meta":{"_yoast_wpseo_focuskw":"pele ressecada","_yoast_wpseo_title":"","_yoast_wpseo_metadesc":"Pele ressecada vai al\u00e9m da est\u00e9tica. Saiba quais h\u00e1bitos prejudicam a hidrata\u00e7\u00e3o e o que fazer para proteger a derme.","jnews-multi-image_gallery":[],"jnews_single_post":{"format":"standard"},"jnews_primary_category":[],"jnews_social_meta":[],"jnews_override_counter":[],"footnotes":""},"categories":[111],"tags":[596,272,595,594],"class_list":["post-1565","post","type-post","status-publish","format-standard","has-post-thumbnail","hentry","category-saude","tag-barreira-cutanea","tag-pele-ressecada","tag-pele-seca-e-sem-brilho","tag-ressecamento-da-pele"],"yoast_head":"<!-- This site is optimized with the Yoast SEO plugin v26.7 - https:\/\/yoast.com\/wordpress\/plugins\/seo\/ -->\n<title>H\u00e1bitos di\u00e1rios comuns explicam por que voc\u00ea tem pele ressecada e opaca - Tua Sa\u00fade<\/title>\n<meta name=\"description\" content=\"Pele ressecada vai al\u00e9m da est\u00e9tica. Saiba quais h\u00e1bitos prejudicam a hidrata\u00e7\u00e3o e o que fazer para proteger a derme.\" \/>\n<meta name=\"robots\" content=\"index, follow, max-snippet:-1, max-image-preview:large, max-video-preview:-1\" \/>\n<link rel=\"canonical\" href=\"https:\/\/www.tuasaude.com\/news\/2026\/01\/26\/habitos-diarios-comuns-explicam-por-que-voce-tem-pele-ressecada-e-opaca\/\" \/>\n<meta property=\"og:locale\" content=\"pt_BR\" \/>\n<meta property=\"og:type\" content=\"article\" \/>\n<meta property=\"og:title\" content=\"H\u00e1bitos di\u00e1rios comuns explicam por que voc\u00ea tem pele ressecada e opaca - Tua Sa\u00fade\" \/>\n<meta property=\"og:description\" content=\"Pele ressecada vai al\u00e9m da est\u00e9tica. Saiba quais h\u00e1bitos prejudicam a hidrata\u00e7\u00e3o e o que fazer para proteger a derme.\" \/>\n<meta property=\"og:url\" content=\"https:\/\/www.tuasaude.com\/news\/2026\/01\/26\/habitos-diarios-comuns-explicam-por-que-voce-tem-pele-ressecada-e-opaca\/\" \/>\n<meta property=\"og:site_name\" content=\"Tua Sa\u00fade\" \/>\n<meta property=\"article:published_time\" content=\"2026-01-26T22:38:15+00:00\" \/>\n<meta property=\"og:image\" content=\"https:\/\/www.tuasaude.com\/news\/wp-content\/uploads\/2026\/01\/freepik__35mm-film-photography-mulher-em-banheiro-domstico-__59487.jpeg\" \/>\n\t<meta property=\"og:image:width\" content=\"1280\" \/>\n\t<meta property=\"og:image:height\" content=\"731\" \/>\n\t<meta property=\"og:image:type\" content=\"image\/jpeg\" \/>\n<meta name=\"author\" content=\"Roberta Patriota\" \/>\n<meta name=\"twitter:card\" content=\"summary_large_image\" \/>\n<meta name=\"twitter:label1\" content=\"Escrito por\" \/>\n\t<meta name=\"twitter:data1\" content=\"Roberta Patriota\" \/>\n\t<meta name=\"twitter:label2\" content=\"Est. tempo de leitura\" \/>\n\t<meta name=\"twitter:data2\" content=\"5 minutos\" \/>\n<!-- \/ Yoast SEO plugin. -->","yoast_head_json":{"title":"H\u00e1bitos di\u00e1rios comuns explicam por que voc\u00ea tem pele ressecada e opaca - Tua Sa\u00fade","description":"Pele ressecada vai al\u00e9m da est\u00e9tica. Saiba quais h\u00e1bitos prejudicam a hidrata\u00e7\u00e3o e o que fazer para proteger a derme.","robots":{"index":"index","follow":"follow","max-snippet":"max-snippet:-1","max-image-preview":"max-image-preview:large","max-video-preview":"max-video-preview:-1"},"canonical":"https:\/\/www.tuasaude.com\/news\/2026\/01\/26\/habitos-diarios-comuns-explicam-por-que-voce-tem-pele-ressecada-e-opaca\/","og_locale":"pt_BR","og_type":"article","og_title":"H\u00e1bitos di\u00e1rios comuns explicam por que voc\u00ea tem pele ressecada e opaca - Tua Sa\u00fade","og_description":"Pele ressecada vai al\u00e9m da est\u00e9tica. Saiba quais h\u00e1bitos prejudicam a hidrata\u00e7\u00e3o e o que fazer para proteger a derme.","og_url":"https:\/\/www.tuasaude.com\/news\/2026\/01\/26\/habitos-diarios-comuns-explicam-por-que-voce-tem-pele-ressecada-e-opaca\/","og_site_name":"Tua Sa\u00fade","article_published_time":"2026-01-26T22:38:15+00:00","og_image":[{"width":1280,"height":731,"url":"https:\/\/www.tuasaude.com\/news\/wp-content\/uploads\/2026\/01\/freepik__35mm-film-photography-mulher-em-banheiro-domstico-__59487.jpeg","type":"image\/jpeg"}],"author":"Roberta Patriota","twitter_card":"summary_large_image","twitter_misc":{"Escrito por":"Roberta Patriota","Est. tempo de leitura":"5 minutos"},"schema":{"@context":"https:\/\/schema.org","@graph":[{"@type":"Article","@id":"https:\/\/www.tuasaude.com\/news\/2026\/01\/26\/habitos-diarios-comuns-explicam-por-que-voce-tem-pele-ressecada-e-opaca\/#article","isPartOf":{"@id":"https:\/\/www.tuasaude.com\/news\/2026\/01\/26\/habitos-diarios-comuns-explicam-por-que-voce-tem-pele-ressecada-e-opaca\/"},"author":{"name":"Roberta Patriota","@id":"https:\/\/www.tuasaude.com\/news\/#\/schema\/person\/27adc41011393316b12ef997ca893e44"},"headline":"H\u00e1bitos di\u00e1rios comuns explicam por que voc\u00ea tem pele ressecada e opaca","datePublished":"2026-01-26T22:38:15+00:00","mainEntityOfPage":{"@id":"https:\/\/www.tuasaude.com\/news\/2026\/01\/26\/habitos-diarios-comuns-explicam-por-que-voce-tem-pele-ressecada-e-opaca\/"},"wordCount":933,"commentCount":0,"image":{"@id":"https:\/\/www.tuasaude.com\/news\/2026\/01\/26\/habitos-diarios-comuns-explicam-por-que-voce-tem-pele-ressecada-e-opaca\/#primaryimage"},"thumbnailUrl":"https:\/\/www.tuasaude.com\/news\/wp-content\/uploads\/2026\/01\/freepik__35mm-film-photography-mulher-em-banheiro-domstico-__59487.jpeg","keywords":["barreira cut\u00e2nea","Pele ressecada","pele seca e sem brilho","ressecamento da pele"],"articleSection":["Sa\u00fade"],"inLanguage":"pt-BR","potentialAction":[{"@type":"CommentAction","name":"Comment","target":["https:\/\/www.tuasaude.com\/news\/2026\/01\/26\/habitos-diarios-comuns-explicam-por-que-voce-tem-pele-ressecada-e-opaca\/#respond"]}]},{"@type":"WebPage","@id":"https:\/\/www.tuasaude.com\/news\/2026\/01\/26\/habitos-diarios-comuns-explicam-por-que-voce-tem-pele-ressecada-e-opaca\/","url":"https:\/\/www.tuasaude.com\/news\/2026\/01\/26\/habitos-diarios-comuns-explicam-por-que-voce-tem-pele-ressecada-e-opaca\/","name":"H\u00e1bitos di\u00e1rios comuns explicam por que voc\u00ea tem pele ressecada e opaca - Tua Sa\u00fade","isPartOf":{"@id":"https:\/\/www.tuasaude.com\/news\/#website"},"primaryImageOfPage":{"@id":"https:\/\/www.tuasaude.com\/news\/2026\/01\/26\/habitos-diarios-comuns-explicam-por-que-voce-tem-pele-ressecada-e-opaca\/#primaryimage"},"image":{"@id":"https:\/\/www.tuasaude.com\/news\/2026\/01\/26\/habitos-diarios-comuns-explicam-por-que-voce-tem-pele-ressecada-e-opaca\/#primaryimage"},"thumbnailUrl":"https:\/\/www.tuasaude.com\/news\/wp-content\/uploads\/2026\/01\/freepik__35mm-film-photography-mulher-em-banheiro-domstico-__59487.jpeg","datePublished":"2026-01-26T22:38:15+00:00","author":{"@id":"https:\/\/www.tuasaude.com\/news\/#\/schema\/person\/27adc41011393316b12ef997ca893e44"},"description":"Pele ressecada vai al\u00e9m da est\u00e9tica. Saiba quais h\u00e1bitos prejudicam a hidrata\u00e7\u00e3o e o que fazer para proteger a derme.","breadcrumb":{"@id":"https:\/\/www.tuasaude.com\/news\/2026\/01\/26\/habitos-diarios-comuns-explicam-por-que-voce-tem-pele-ressecada-e-opaca\/#breadcrumb"},"inLanguage":"pt-BR","potentialAction":[{"@type":"ReadAction","target":["https:\/\/www.tuasaude.com\/news\/2026\/01\/26\/habitos-diarios-comuns-explicam-por-que-voce-tem-pele-ressecada-e-opaca\/"]}]},{"@type":"ImageObject","inLanguage":"pt-BR","@id":"https:\/\/www.tuasaude.com\/news\/2026\/01\/26\/habitos-diarios-comuns-explicam-por-que-voce-tem-pele-ressecada-e-opaca\/#primaryimage","url":"https:\/\/www.tuasaude.com\/news\/wp-content\/uploads\/2026\/01\/freepik__35mm-film-photography-mulher-em-banheiro-domstico-__59487.jpeg","contentUrl":"https:\/\/www.tuasaude.com\/news\/wp-content\/uploads\/2026\/01\/freepik__35mm-film-photography-mulher-em-banheiro-domstico-__59487.jpeg","width":1280,"height":731,"caption":"Pele ressecada indica falha na barreira natural de prote\u00e7\u00e3o."},{"@type":"BreadcrumbList","@id":"https:\/\/www.tuasaude.com\/news\/2026\/01\/26\/habitos-diarios-comuns-explicam-por-que-voce-tem-pele-ressecada-e-opaca\/#breadcrumb","itemListElement":[{"@type":"ListItem","position":1,"name":"In\u00edcio","item":"https:\/\/www.tuasaude.com\/news\/"},{"@type":"ListItem","position":2,"name":"H\u00e1bitos di\u00e1rios comuns explicam por que voc\u00ea tem pele ressecada e opaca"}]},{"@type":"WebSite","@id":"https:\/\/www.tuasaude.com\/news\/#website","url":"https:\/\/www.tuasaude.com\/news\/","name":"Tua Sa\u00fade","description":"Seu site de sa\u00fade","potentialAction":[{"@type":"SearchAction","target":{"@type":"EntryPoint","urlTemplate":"https:\/\/www.tuasaude.com\/news\/?s={search_term_string}"},"query-input":{"@type":"PropertyValueSpecification","valueRequired":true,"valueName":"search_term_string"}}],"inLanguage":"pt-BR"},{"@type":"Person","@id":"https:\/\/www.tuasaude.com\/news\/#\/schema\/person\/27adc41011393316b12ef997ca893e44","name":"Roberta Patriota","image":{"@type":"ImageObject","inLanguage":"pt-BR","@id":"https:\/\/www.tuasaude.com\/news\/#\/schema\/person\/image\/","url":"https:\/\/secure.gravatar.com\/avatar\/40fc934d21bfa38a60909bb2e5f2ec503dcd4d849aa772e107feb32efe75c210?s=96&d=mm&r=g","contentUrl":"https:\/\/secure.gravatar.com\/avatar\/40fc934d21bfa38a60909bb2e5f2ec503dcd4d849aa772e107feb32efe75c210?s=96&d=mm&r=g","caption":"Roberta Patriota"},"sameAs":["https:\/\/www.tuasaude.com\/news\/"],"url":"https:\/\/www.tuasaude.com\/news\/author\/roberta-patriota\/"}]}},"_links":{"self":[{"href":"https:\/\/www.tuasaude.com\/news\/wp-json\/wp\/v2\/posts\/1565","targetHints":{"allow":["GET"]}}],"collection":[{"href":"https:\/\/www.tuasaude.com\/news\/wp-json\/wp\/v2\/posts"}],"about":[{"href":"https:\/\/www.tuasaude.com\/news\/wp-json\/wp\/v2\/types\/post"}],"author":[{"embeddable":true,"href":"https:\/\/www.tuasaude.com\/news\/wp-json\/wp\/v2\/users\/9"}],"replies":[{"embeddable":true,"href":"https:\/\/www.tuasaude.com\/news\/wp-json\/wp\/v2\/comments?post=1565"}],"version-history":[{"count":3,"href":"https:\/\/www.tuasaude.com\/news\/wp-json\/wp\/v2\/posts\/1565\/revisions"}],"predecessor-version":[{"id":1695,"href":"https:\/\/www.tuasaude.com\/news\/wp-json\/wp\/v2\/posts\/1565\/revisions\/1695"}],"wp:featuredmedia":[{"embeddable":true,"href":"https:\/\/www.tuasaude.com\/news\/wp-json\/wp\/v2\/media\/1586"}],"wp:attachment":[{"href":"https:\/\/www.tuasaude.com\/news\/wp-json\/wp\/v2\/media?parent=1565"}],"wp:term":[{"taxonomy":"category","embeddable":true,"href":"https:\/\/www.tuasaude.com\/news\/wp-json\/wp\/v2\/categories?post=1565"},{"taxonomy":"post_tag","embeddable":true,"href":"https:\/\/www.tuasaude.com\/news\/wp-json\/wp\/v2\/tags?post=1565"}],"curies":[{"name":"wp","href":"https:\/\/api.w.org\/{rel}","templated":true}]}}