{"id":1563,"date":"2026-01-26T17:18:00","date_gmt":"2026-01-26T20:18:00","guid":{"rendered":"https:\/\/www.tuasaude.com\/news\/?p=1563"},"modified":"2026-01-26T09:31:06","modified_gmt":"2026-01-26T12:31:06","slug":"medos-comuns-podem-esconder-uma-fobia-que-limita-a-vida-diaria","status":"publish","type":"post","link":"https:\/\/www.tuasaude.com\/news\/2026\/01\/26\/medos-comuns-podem-esconder-uma-fobia-que-limita-a-vida-diaria\/","title":{"rendered":"Medos comuns podem esconder uma fobia que limita a vida di\u00e1ria"},"content":{"rendered":"\n<p>Sentir um medo paralisante diante de uma situa\u00e7\u00e3o que, para outros, parece comum, pode gerar frustra\u00e7\u00e3o e isolamento social. No entanto, o que muitos chamam de &#8220;frescura&#8221; \u00e9, na verdade, uma resposta neurol\u00f3gica complexa que afeta milhares de pessoas, mas que pode ser compreendida e tratada com as estrat\u00e9gias certas para devolver a voc\u00ea a liberdade de viver sem amarras.<\/p>\n\n\n\n<h2 class=\"wp-block-heading\">O que define uma fobia?<\/h2>\n\n\n\n<p>A ci\u00eancia nos mostra que as <strong><a href=\"https:\/\/www.tuasaude.com\/tipos-de-fobias-mais-comuns\/\" target=\"_blank\" rel=\"noreferrer noopener\">fobia<\/a><\/strong> \u00e9 um tipo de transtorno de ansiedade caracterizado por um medo persistente, irreal e excessivo de um objeto ou situa\u00e7\u00e3o espec\u00edfica. Especialistas no artigo <strong><a href=\"https:\/\/www.mayoclinic.org\/diseases-conditions\/specific-phobias\/symptoms-causes\/syc-20355156\" target=\"_blank\" rel=\"noreferrer noopener\">&#8220;Fobias Espec\u00edficas&#8221; <\/a><\/strong>na <strong>Mayo Clinic <\/strong>explicam que, ao contr\u00e1rio do medo comum, a fobia desencadeia uma rea\u00e7\u00e3o de &#8220;luta ou fuga&#8221; desproporcional ao perigo real oferecido pelo est\u00edmulo.<\/p>\n\n\n\n<p>Evid\u00eancias do <strong><a href=\"https:\/\/membros.analysispsicologia.com.br\/wp-content\/uploads\/2024\/06\/DSM-V.pdf\" target=\"_blank\" rel=\"noreferrer noopener\">Manual de Diagn\u00f3stico e Estat\u00edstica de Transtornos Mentais<\/a><\/strong>, citado em diretrizes do Minist\u00e9rio da Sa\u00fade, confirmam que a pessoa f\u00f3bica muitas vezes reconhece que seu medo \u00e9 irracional, mas se sente incapaz de control\u00e1-lo. Essa condi\u00e7\u00e3o pode gerar comportamentos de esquiva severos, onde o indiv\u00edduo altera toda a sua rotina apenas para evitar o contato com o que lhe causa pavor.<\/p>\n\n\n\n<h2 class=\"wp-block-heading\">Quais s\u00e3o as fobias mais comuns?<\/h2>\n\n\n\n<p>Existem centenas de fobias catalogadas, mas algumas se destacam pela frequ\u00eancia com que aparecem na popula\u00e7\u00e3o geral e pelo impacto que causam no dia a dia. Especialistas da <strong><a href=\"https:\/\/www.who.int\/news-room\/fact-sheets\/detail\/anxiety-disorders\" target=\"_blank\" rel=\"noreferrer noopener\">Organiza\u00e7\u00e3o Mundial da Sa\u00fade (OMS)<\/a><\/strong> explicam que as fobias espec\u00edficas costumam surgir na inf\u00e2ncia ou adolesc\u00eancia e podem persistir por toda a vida atrav\u00e9s de tipos como estes:<\/p>\n\n\n\n<div style=\"display: flex; flex-wrap: wrap; gap: 15px; justify-content: center; font-family: 'Segoe UI', Tahoma, Geneva, Verdana, sans-serif; padding: 20px; background-color: #f8f9fb;\">\n\n  <div style=\"flex: 1; min-width: 180px; max-width: 220px; background-color: #e1f5fe; border-radius: 20px; padding: 20px; text-align: center; box-shadow: 0 4px 10px rgba(0,0,0,0.05); border: 1px solid #b3e5fc;\">\n    <div style=\"background-color: #0288d1; color: white; border-radius: 15px; padding: 5px 15px; display: inline-block; margin-bottom: 15px; font-weight: bold; font-size: 0.75em; text-transform: uppercase;\">Altura<\/div>\n    <div style=\"font-size: 40px; margin-bottom: 10px;\">\ud83c\udfd4\ufe0f<\/div>\n    <h3 style=\"margin: 10px 0; color: #01579b; font-size: 1.1em;\">Acrofobia<\/h3>\n    <p style=\"font-size: 0.85em; color: #0277bd; line-height: 1.4;\">Medo intenso de altura, que pode causar tonturas e n\u00e1useas severas.<\/p>\n  <\/div>\n\n  <div style=\"flex: 1; min-width: 180px; max-width: 220px; background-color: #f3e5f5; border-radius: 20px; padding: 20px; text-align: center; box-shadow: 0 4px 10px rgba(0,0,0,0.05); border: 1px solid #e1bee7;\">\n    <div style=\"background-color: #9c27b0; color: white; border-radius: 15px; padding: 5px 15px; display: inline-block; margin-bottom: 15px; font-weight: bold; font-size: 0.75em; text-transform: uppercase;\">Confinamento<\/div>\n    <div style=\"font-size: 40px; margin-bottom: 10px;\">\ud83d\udeaa<\/div>\n    <h3 style=\"margin: 10px 0; color: #4a148c; font-size: 1.1em;\">Claustrofobia<\/h3>\n    <p style=\"font-size: 0.85em; color: #6a1b9a; line-height: 1.4;\">Pavor de lugares fechados ou com pouca sa\u00edda, como elevadores.<\/p>\n  <\/div>\n\n  <div style=\"flex: 1; min-width: 180px; max-width: 220px; background-color: #fff3e0; border-radius: 20px; padding: 20px; text-align: center; box-shadow: 0 4px 10px rgba(0,0,0,0.05); border: 1px solid #ffe0b2;\">\n    <div style=\"background-color: #f57c00; color: white; border-radius: 15px; padding: 5px 15px; display: inline-block; margin-bottom: 15px; font-weight: bold; font-size: 0.75em; text-transform: uppercase;\">Social<\/div>\n    <div style=\"font-size: 40px; margin-bottom: 10px;\">\ud83c\udfa4<\/div>\n    <h3 style=\"margin: 10px 0; color: #e65100; font-size: 1.1em;\">Glossofobia<\/h3>\n    <p style=\"font-size: 0.85em; color: #ef6c00; line-height: 1.4;\">Medo paralisante de falar em p\u00fablico, afetando a carreira e estudos.<\/p>\n  <\/div>\n\n  <div style=\"flex: 1; min-width: 180px; max-width: 220px; background-color: #f5f5f5; border-radius: 20px; padding: 20px; text-align: center; box-shadow: 0 4px 10px rgba(0,0,0,0.05); border: 1px solid #e0e0e0;\">\n    <div style=\"background-color: #616161; color: white; border-radius: 15px; padding: 5px 15px; display: inline-block; margin-bottom: 15px; font-weight: bold; font-size: 0.75em; text-transform: uppercase;\">Animais<\/div>\n    <div style=\"font-size: 40px; margin-bottom: 10px;\">\ud83d\udd77\ufe0f<\/div>\n    <h3 style=\"margin: 10px 0; color: #212121; font-size: 1.1em;\">Aracnofobia<\/h3>\n    <p style=\"font-size: 0.85em; color: #424242; line-height: 1.4;\">Uma das fobias mais comuns, focada no medo irracional de aranhas.<\/p>\n  <\/div>\n\n  <div style=\"flex: 1; min-width: 180px; max-width: 220px; background-color: #e0f2f1; border-radius: 20px; padding: 20px; text-align: center; box-shadow: 0 4px 10px rgba(0,0,0,0.05); border: 1px solid #b2dfdb;\">\n    <div style=\"background-color: #009688; color: white; border-radius: 15px; padding: 5px 15px; display: inline-block; margin-bottom: 15px; font-weight: bold; font-size: 0.75em; text-transform: uppercase;\">Viagem<\/div>\n    <div style=\"font-size: 40px; margin-bottom: 10px;\">\u2708\ufe0f<\/div>\n    <h3 style=\"margin: 10px 0; color: #004d40; font-size: 1.1em;\">Aerofobia<\/h3>\n    <p style=\"font-size: 0.85em; color: #00695c; line-height: 1.4;\">Medo de voar, ligado \u00e0 sensa\u00e7\u00e3o de falta de controle ou perigo iminente.<\/p>\n  <\/div>\n\n<\/div>\n\n\n\n<h2 class=\"wp-block-heading\">Como o corpo reage ao medo?<\/h2>\n\n\n\n<p>Durante uma crise f\u00f3bica, o corpo libera uma descarga massiva de adrenalina e cortisol. A ci\u00eancia nos mostra que essa rea\u00e7\u00e3o f\u00edsica \u00e9 intensa e real, podendo ser confundida com problemas card\u00edacos devido \u00e0 rapidez com que os sintomas se manifestam no organismo.<\/p>\n\n\n\n<p>De acordo com cap\u00edtulo de refer\u00eancia cl\u00ednica <strong><a href=\"https:\/\/www.ncbi.nlm.nih.gov\/books\/NBK499923\/\" target=\"_blank\" rel=\"noreferrer noopener\">&#8220;Fobia espec\u00edfica&#8221;<\/a><\/strong> sobre transtornos de ansiedade, a exposi\u00e7\u00e3o ao gatilho f\u00f3bico gera uma resposta auton\u00f4mica imediata. Sinais f\u00edsicos e emocionais mais frequentes que indicam uma crise de fobia ativa:<\/p>\n\n\n\n<ul class=\"wp-block-list\">\n<li>Taquicardia (batimentos card\u00edacos acelerados) e palpita\u00e7\u00f5es no peito.<\/li>\n\n\n\n<li>Tremores excessivos nas m\u00e3os e pernas, al\u00e9m de sudorese fria.<\/li>\n\n\n\n<li>Sensa\u00e7\u00e3o de falta de ar ou sufocamento iminente.<\/li>\n\n\n\n<li>Desejo incontrol\u00e1vel de fugir do local ou situa\u00e7\u00e3o atual.<\/li>\n<\/ul>\n\n\n<div class=\"wp-block-image\">\n<figure class=\"aligncenter size-large\"><img decoding=\"async\" width=\"1024\" height=\"585\" src=\"https:\/\/www.tuasaude.com\/news\/wp-content\/uploads\/2026\/01\/freepik__35mm-film-photography-mulher-sentada-em-ambiente-i__59490-1024x585.jpeg\" alt=\"Medos comuns podem esconder uma fobia que limita a vida di\u00e1ria\" class=\"wp-image-1592\" srcset=\"https:\/\/www.tuasaude.com\/news\/wp-content\/uploads\/2026\/01\/freepik__35mm-film-photography-mulher-sentada-em-ambiente-i__59490-1024x585.jpeg 1024w, https:\/\/www.tuasaude.com\/news\/wp-content\/uploads\/2026\/01\/freepik__35mm-film-photography-mulher-sentada-em-ambiente-i__59490-300x171.jpeg 300w, https:\/\/www.tuasaude.com\/news\/wp-content\/uploads\/2026\/01\/freepik__35mm-film-photography-mulher-sentada-em-ambiente-i__59490-768x439.jpeg 768w, https:\/\/www.tuasaude.com\/news\/wp-content\/uploads\/2026\/01\/freepik__35mm-film-photography-mulher-sentada-em-ambiente-i__59490-750x428.jpeg 750w, https:\/\/www.tuasaude.com\/news\/wp-content\/uploads\/2026\/01\/freepik__35mm-film-photography-mulher-sentada-em-ambiente-i__59490-1140x651.jpeg 1140w, https:\/\/www.tuasaude.com\/news\/wp-content\/uploads\/2026\/01\/freepik__35mm-film-photography-mulher-sentada-em-ambiente-i__59490.jpeg 1280w\" sizes=\"(max-width: 1024px) 100vw, 1024px\" \/><figcaption class=\"wp-element-caption\">Fobias s\u00e3o respostas neurol\u00f3gicas reais, n\u00e3o exagero ou fraqueza.<\/figcaption><\/figure>\n<\/div>\n\n\n<h2 class=\"wp-block-heading\">Existe tratamento para as fobias?<\/h2>\n\n\n\n<p>A boa not\u00edcia \u00e9 que a ci\u00eancia nos mostra que as fobias s\u00e3o altamente trat\u00e1veis, especialmente atrav\u00e9s da Terapia Cognitivo-Comportamental (TCC). Especialistas no estudo de caso cl\u00ednico  <strong><a href=\"https:\/\/pepsic.bvsalud.org\/scielo.php?script=sci_arttext&amp;pid=S1808-56872011000200007\" target=\"_blank\" rel=\"noreferrer noopener\">&#8220;Fobia espec\u00edfica: passo a passo de uma interven\u00e7\u00e3o bem-sucedida&#8221; <\/a><\/strong>detalham que a t\u00e9cnica de &#8220;exposi\u00e7\u00e3o gradual&#8221; permite que o c\u00e9rebro se desensibilize ao medo, aprendendo a processar o est\u00edmulo de uma forma nova e segura.<\/p>\n\n\n\n<p><strong><a href=\"https:\/\/www.tuasaude.com\/acalmar-a-mente\/\" target=\"_blank\" rel=\"noreferrer noopener\">T\u00e9cnicas de relaxamento<\/a><\/strong> e controle da respira\u00e7\u00e3o ajudam a modular a resposta do cora\u00e7\u00e3o ao estresse. Em alguns casos, o uso de medicamentos pode ser necess\u00e1rio para estabilizar os n\u00edveis de ansiedade e permitir que o paciente avance no processo terap\u00eautico com mais conforto.<\/p>\n\n\n\n<h2 class=\"wp-block-heading\">Qual \u00e9 o seu pr\u00f3ximo passo?<\/h2>\n\n\n\n<p>O pr\u00f3ximo passo \u00e9 identificar se o seu medo est\u00e1 impedindo voc\u00ea de realizar tarefas simples ou de aproveitar momentos importantes com pessoas queridas. A ci\u00eancia nos mostra que buscar ajuda profissional precocemente evita que a fobia se generalize e cause outros problemas, como a depress\u00e3o ou o isolamento social cr\u00f4nico.<\/p>\n\n\n\n<p>Entender que o medo \u00e9 uma resposta biol\u00f3gica que pode ser reeducada \u00e9 o ponto de partida para a sua recupera\u00e7\u00e3o. Ao tratar a sa\u00fade mental com a mesma seriedade que cuidamos da sa\u00fade f\u00edsica, voc\u00ea abre portas para uma vida com muito mais cores, confian\u00e7a e, acima de tudo, paz interior.<\/p>\n\n\n\n<p>O acompanhamento com um m\u00e9dico ou nutricionista \u00e9 fundamental para um diagn\u00f3stico preciso e tratamento seguro.<\/p>\n","protected":false},"excerpt":{"rendered":"<p>Sentir um medo paralisante diante de uma situa\u00e7\u00e3o que, para outros, parece comum, pode gerar frustra\u00e7\u00e3o e isolamento social. No entanto, o que muitos chamam de &#8220;frescura&#8221; \u00e9, na verdade, uma resposta neurol\u00f3gica complexa que afeta milhares de pessoas, mas que pode ser compreendida e tratada com as estrat\u00e9gias certas para devolver a voc\u00ea a [&hellip;]<\/p>\n","protected":false},"author":9,"featured_media":1573,"comment_status":"open","ping_status":"open","sticky":false,"template":"","format":"standard","meta":{"_yoast_wpseo_focuskw":"fobia","_yoast_wpseo_title":"","_yoast_wpseo_metadesc":"Fobia n\u00e3o \u00e9 exagero emocional. Saiba como identificar o transtorno, reduzir a esquiva e recuperar liberdade com ajuda profissional.","jnews-multi-image_gallery":[],"jnews_single_post":{"format":"standard"},"jnews_primary_category":[],"jnews_social_meta":[],"jnews_override_counter":[],"footnotes":""},"categories":[111],"tags":[590,592,593,591],"class_list":["post-1563","post","type-post","status-publish","format-standard","has-post-thumbnail","hentry","category-saude","tag-fobia","tag-medo-intenso","tag-sintomas-de-fobia","tag-transtorno-de-ansiedade"],"yoast_head":"<!-- This site is optimized with the Yoast SEO plugin v26.7 - https:\/\/yoast.com\/wordpress\/plugins\/seo\/ -->\n<title>Medos comuns podem esconder uma fobia que limita a vida di\u00e1ria - Tua Sa\u00fade<\/title>\n<meta name=\"description\" content=\"Fobia n\u00e3o \u00e9 exagero emocional. Saiba como identificar o transtorno, reduzir a esquiva e recuperar liberdade com ajuda profissional.\" \/>\n<meta name=\"robots\" content=\"index, follow, max-snippet:-1, max-image-preview:large, max-video-preview:-1\" \/>\n<link rel=\"canonical\" href=\"https:\/\/www.tuasaude.com\/news\/2026\/01\/26\/medos-comuns-podem-esconder-uma-fobia-que-limita-a-vida-diaria\/\" \/>\n<meta property=\"og:locale\" content=\"pt_BR\" \/>\n<meta property=\"og:type\" content=\"article\" \/>\n<meta property=\"og:title\" content=\"Medos comuns podem esconder uma fobia que limita a vida di\u00e1ria - Tua Sa\u00fade\" \/>\n<meta property=\"og:description\" content=\"Fobia n\u00e3o \u00e9 exagero emocional. Saiba como identificar o transtorno, reduzir a esquiva e recuperar liberdade com ajuda profissional.\" \/>\n<meta property=\"og:url\" content=\"https:\/\/www.tuasaude.com\/news\/2026\/01\/26\/medos-comuns-podem-esconder-uma-fobia-que-limita-a-vida-diaria\/\" \/>\n<meta property=\"og:site_name\" content=\"Tua Sa\u00fade\" \/>\n<meta property=\"article:published_time\" content=\"2026-01-26T20:18:00+00:00\" \/>\n<meta property=\"og:image\" content=\"https:\/\/www.tuasaude.com\/news\/wp-content\/uploads\/2026\/01\/freepik__35mm-film-photography-homem-em-ambiente-urbano-com__59489.jpeg\" \/>\n\t<meta property=\"og:image:width\" content=\"1280\" \/>\n\t<meta property=\"og:image:height\" content=\"731\" \/>\n\t<meta property=\"og:image:type\" content=\"image\/jpeg\" \/>\n<meta name=\"author\" content=\"Roberta Patriota\" \/>\n<meta name=\"twitter:card\" content=\"summary_large_image\" \/>\n<meta name=\"twitter:label1\" content=\"Escrito por\" \/>\n\t<meta name=\"twitter:data1\" content=\"Roberta Patriota\" \/>\n\t<meta name=\"twitter:label2\" content=\"Est. tempo de leitura\" \/>\n\t<meta name=\"twitter:data2\" content=\"5 minutos\" \/>\n<!-- \/ Yoast SEO plugin. -->","yoast_head_json":{"title":"Medos comuns podem esconder uma fobia que limita a vida di\u00e1ria - Tua Sa\u00fade","description":"Fobia n\u00e3o \u00e9 exagero emocional. Saiba como identificar o transtorno, reduzir a esquiva e recuperar liberdade com ajuda profissional.","robots":{"index":"index","follow":"follow","max-snippet":"max-snippet:-1","max-image-preview":"max-image-preview:large","max-video-preview":"max-video-preview:-1"},"canonical":"https:\/\/www.tuasaude.com\/news\/2026\/01\/26\/medos-comuns-podem-esconder-uma-fobia-que-limita-a-vida-diaria\/","og_locale":"pt_BR","og_type":"article","og_title":"Medos comuns podem esconder uma fobia que limita a vida di\u00e1ria - Tua Sa\u00fade","og_description":"Fobia n\u00e3o \u00e9 exagero emocional. Saiba como identificar o transtorno, reduzir a esquiva e recuperar liberdade com ajuda profissional.","og_url":"https:\/\/www.tuasaude.com\/news\/2026\/01\/26\/medos-comuns-podem-esconder-uma-fobia-que-limita-a-vida-diaria\/","og_site_name":"Tua Sa\u00fade","article_published_time":"2026-01-26T20:18:00+00:00","og_image":[{"width":1280,"height":731,"url":"https:\/\/www.tuasaude.com\/news\/wp-content\/uploads\/2026\/01\/freepik__35mm-film-photography-homem-em-ambiente-urbano-com__59489.jpeg","type":"image\/jpeg"}],"author":"Roberta Patriota","twitter_card":"summary_large_image","twitter_misc":{"Escrito por":"Roberta Patriota","Est. tempo de leitura":"5 minutos"},"schema":{"@context":"https:\/\/schema.org","@graph":[{"@type":"Article","@id":"https:\/\/www.tuasaude.com\/news\/2026\/01\/26\/medos-comuns-podem-esconder-uma-fobia-que-limita-a-vida-diaria\/#article","isPartOf":{"@id":"https:\/\/www.tuasaude.com\/news\/2026\/01\/26\/medos-comuns-podem-esconder-uma-fobia-que-limita-a-vida-diaria\/"},"author":{"name":"Roberta Patriota","@id":"https:\/\/www.tuasaude.com\/news\/#\/schema\/person\/27adc41011393316b12ef997ca893e44"},"headline":"Medos comuns podem esconder uma fobia que limita a vida di\u00e1ria","datePublished":"2026-01-26T20:18:00+00:00","mainEntityOfPage":{"@id":"https:\/\/www.tuasaude.com\/news\/2026\/01\/26\/medos-comuns-podem-esconder-uma-fobia-que-limita-a-vida-diaria\/"},"wordCount":767,"commentCount":0,"image":{"@id":"https:\/\/www.tuasaude.com\/news\/2026\/01\/26\/medos-comuns-podem-esconder-uma-fobia-que-limita-a-vida-diaria\/#primaryimage"},"thumbnailUrl":"https:\/\/www.tuasaude.com\/news\/wp-content\/uploads\/2026\/01\/freepik__35mm-film-photography-homem-em-ambiente-urbano-com__59489.jpeg","keywords":["fobia","medo intenso","sintomas de fobia","transtorno de ansiedade"],"articleSection":["Sa\u00fade"],"inLanguage":"pt-BR","potentialAction":[{"@type":"CommentAction","name":"Comment","target":["https:\/\/www.tuasaude.com\/news\/2026\/01\/26\/medos-comuns-podem-esconder-uma-fobia-que-limita-a-vida-diaria\/#respond"]}]},{"@type":"WebPage","@id":"https:\/\/www.tuasaude.com\/news\/2026\/01\/26\/medos-comuns-podem-esconder-uma-fobia-que-limita-a-vida-diaria\/","url":"https:\/\/www.tuasaude.com\/news\/2026\/01\/26\/medos-comuns-podem-esconder-uma-fobia-que-limita-a-vida-diaria\/","name":"Medos comuns podem esconder uma fobia que limita a vida di\u00e1ria - Tua Sa\u00fade","isPartOf":{"@id":"https:\/\/www.tuasaude.com\/news\/#website"},"primaryImageOfPage":{"@id":"https:\/\/www.tuasaude.com\/news\/2026\/01\/26\/medos-comuns-podem-esconder-uma-fobia-que-limita-a-vida-diaria\/#primaryimage"},"image":{"@id":"https:\/\/www.tuasaude.com\/news\/2026\/01\/26\/medos-comuns-podem-esconder-uma-fobia-que-limita-a-vida-diaria\/#primaryimage"},"thumbnailUrl":"https:\/\/www.tuasaude.com\/news\/wp-content\/uploads\/2026\/01\/freepik__35mm-film-photography-homem-em-ambiente-urbano-com__59489.jpeg","datePublished":"2026-01-26T20:18:00+00:00","author":{"@id":"https:\/\/www.tuasaude.com\/news\/#\/schema\/person\/27adc41011393316b12ef997ca893e44"},"description":"Fobia n\u00e3o \u00e9 exagero emocional. Saiba como identificar o transtorno, reduzir a esquiva e recuperar liberdade com ajuda profissional.","breadcrumb":{"@id":"https:\/\/www.tuasaude.com\/news\/2026\/01\/26\/medos-comuns-podem-esconder-uma-fobia-que-limita-a-vida-diaria\/#breadcrumb"},"inLanguage":"pt-BR","potentialAction":[{"@type":"ReadAction","target":["https:\/\/www.tuasaude.com\/news\/2026\/01\/26\/medos-comuns-podem-esconder-uma-fobia-que-limita-a-vida-diaria\/"]}]},{"@type":"ImageObject","inLanguage":"pt-BR","@id":"https:\/\/www.tuasaude.com\/news\/2026\/01\/26\/medos-comuns-podem-esconder-uma-fobia-que-limita-a-vida-diaria\/#primaryimage","url":"https:\/\/www.tuasaude.com\/news\/wp-content\/uploads\/2026\/01\/freepik__35mm-film-photography-homem-em-ambiente-urbano-com__59489.jpeg","contentUrl":"https:\/\/www.tuasaude.com\/news\/wp-content\/uploads\/2026\/01\/freepik__35mm-film-photography-homem-em-ambiente-urbano-com__59489.jpeg","width":1280,"height":731,"caption":"Medos intensos podem limitar a rotina, mas t\u00eam tratamento eficaz."},{"@type":"BreadcrumbList","@id":"https:\/\/www.tuasaude.com\/news\/2026\/01\/26\/medos-comuns-podem-esconder-uma-fobia-que-limita-a-vida-diaria\/#breadcrumb","itemListElement":[{"@type":"ListItem","position":1,"name":"In\u00edcio","item":"https:\/\/www.tuasaude.com\/news\/"},{"@type":"ListItem","position":2,"name":"Medos comuns podem esconder uma fobia que limita a vida di\u00e1ria"}]},{"@type":"WebSite","@id":"https:\/\/www.tuasaude.com\/news\/#website","url":"https:\/\/www.tuasaude.com\/news\/","name":"Tua Sa\u00fade","description":"Seu site de sa\u00fade","potentialAction":[{"@type":"SearchAction","target":{"@type":"EntryPoint","urlTemplate":"https:\/\/www.tuasaude.com\/news\/?s={search_term_string}"},"query-input":{"@type":"PropertyValueSpecification","valueRequired":true,"valueName":"search_term_string"}}],"inLanguage":"pt-BR"},{"@type":"Person","@id":"https:\/\/www.tuasaude.com\/news\/#\/schema\/person\/27adc41011393316b12ef997ca893e44","name":"Roberta Patriota","image":{"@type":"ImageObject","inLanguage":"pt-BR","@id":"https:\/\/www.tuasaude.com\/news\/#\/schema\/person\/image\/","url":"https:\/\/secure.gravatar.com\/avatar\/40fc934d21bfa38a60909bb2e5f2ec503dcd4d849aa772e107feb32efe75c210?s=96&d=mm&r=g","contentUrl":"https:\/\/secure.gravatar.com\/avatar\/40fc934d21bfa38a60909bb2e5f2ec503dcd4d849aa772e107feb32efe75c210?s=96&d=mm&r=g","caption":"Roberta Patriota"},"sameAs":["https:\/\/www.tuasaude.com\/news\/"],"url":"https:\/\/www.tuasaude.com\/news\/author\/roberta-patriota\/"}]}},"_links":{"self":[{"href":"https:\/\/www.tuasaude.com\/news\/wp-json\/wp\/v2\/posts\/1563","targetHints":{"allow":["GET"]}}],"collection":[{"href":"https:\/\/www.tuasaude.com\/news\/wp-json\/wp\/v2\/posts"}],"about":[{"href":"https:\/\/www.tuasaude.com\/news\/wp-json\/wp\/v2\/types\/post"}],"author":[{"embeddable":true,"href":"https:\/\/www.tuasaude.com\/news\/wp-json\/wp\/v2\/users\/9"}],"replies":[{"embeddable":true,"href":"https:\/\/www.tuasaude.com\/news\/wp-json\/wp\/v2\/comments?post=1563"}],"version-history":[{"count":5,"href":"https:\/\/www.tuasaude.com\/news\/wp-json\/wp\/v2\/posts\/1563\/revisions"}],"predecessor-version":[{"id":1694,"href":"https:\/\/www.tuasaude.com\/news\/wp-json\/wp\/v2\/posts\/1563\/revisions\/1694"}],"wp:featuredmedia":[{"embeddable":true,"href":"https:\/\/www.tuasaude.com\/news\/wp-json\/wp\/v2\/media\/1573"}],"wp:attachment":[{"href":"https:\/\/www.tuasaude.com\/news\/wp-json\/wp\/v2\/media?parent=1563"}],"wp:term":[{"taxonomy":"category","embeddable":true,"href":"https:\/\/www.tuasaude.com\/news\/wp-json\/wp\/v2\/categories?post=1563"},{"taxonomy":"post_tag","embeddable":true,"href":"https:\/\/www.tuasaude.com\/news\/wp-json\/wp\/v2\/tags?post=1563"}],"curies":[{"name":"wp","href":"https:\/\/api.w.org\/{rel}","templated":true}]}}