{"id":1548,"date":"2026-01-26T10:08:00","date_gmt":"2026-01-26T13:08:00","guid":{"rendered":"https:\/\/www.tuasaude.com\/news\/?p=1548"},"modified":"2026-01-26T09:17:41","modified_gmt":"2026-01-26T12:17:41","slug":"dormir-mal-e-acordar-exausto-pode-ser-sinal-de-apneia-do-sono","status":"publish","type":"post","link":"https:\/\/www.tuasaude.com\/news\/2026\/01\/26\/dormir-mal-e-acordar-exausto-pode-ser-sinal-de-apneia-do-sono\/","title":{"rendered":"Dormir mal e acordar exausto pode ser sinal de apneia do sono"},"content":{"rendered":"\n<p>Acordar com a sensa\u00e7\u00e3o de cansa\u00e7o extremo ou ouvir reclama\u00e7\u00f5es constantes sobre seus roncos pode ser frustrante e exaustivo. A <strong><a href=\"https:\/\/www.tuasaude.com\/apneia-do-sono\/\" target=\"_blank\" rel=\"noreferrer noopener\">apneia<\/a><\/strong> obstrutiva do sono n\u00e3o afeta apenas o seu descanso, mas coloca uma sobrecarga silenciosa no seu cora\u00e7\u00e3o; no entanto, existem <strong><a href=\"https:\/\/www.tuasaude.com\/solucao-natural-para-apneia\/\" target=\"_blank\" rel=\"noreferrer noopener\">estrat\u00e9gias<\/a><\/strong> naturais e mudan\u00e7as de h\u00e1bito que podem desobstruir suas vias a\u00e9reas e devolver a energia que voc\u00ea tanto precisa para enfrentar o dia.<\/p>\n\n\n\n<h2 class=\"wp-block-heading\">O que acontece durante a apneia?<\/h2>\n\n\n\n<p>A ci\u00eancia nos mostra que a apneia ocorre quando os m\u00fasculos da garganta relaxam excessivamente, bloqueando a passagem do ar e interrompendo a respira\u00e7\u00e3o v\u00e1rias vezes durante a noite. Especialistas da <strong>Mayo Clinic<\/strong> no artigo <strong><a href=\"https:\/\/www.mayoclinic.org\/diseases-conditions\/sleep-apnea\/diagnosis-treatment\/drc-20377636\" target=\"_blank\" rel=\"noreferrer noopener\">&#8220;Apneia do Sono&#8221; <\/a><\/strong>explicam que essas pausas reduzem a oxigena\u00e7\u00e3o do sangue, for\u00e7ando o c\u00e9rebro a despertar voc\u00ea brevemente para retomar o f\u00f4lego.<\/p>\n\n\n\n<p>Esse ciclo de interrup\u00e7\u00f5es impede que voc\u00ea atinja as fases mais profundas e reparadoras do sono. Com o tempo, essa fragmenta\u00e7\u00e3o aumenta o estresse oxidativo no organismo, elevando o risco de problemas cardiovasculares e metab\u00f3licos se n\u00e3o houver uma interven\u00e7\u00e3o adequada na rotina.<\/p>\n\n\n\n<h2 class=\"wp-block-heading\">Como o peso influencia o ronco?<\/h2>\n\n\n\n<p>Especialistas da <strong>American Heart Association (AHA)<\/strong>  no <strong><a href=\"https:\/\/www.heart.org\/en\/health-topics\/sleep-disorders\/sleep-apnea-and-heart-disease-stroke\" target=\"_blank\" rel=\"noreferrer noopener\">&#8220;Apneia do sono e sa\u00fade do cora\u00e7\u00e3o&#8221;<\/a><\/strong> esclarecem que o excesso de peso \u00e9 um dos principais fatores de risco, pois o ac\u00famulo de gordura na regi\u00e3o do pesco\u00e7o pode comprimir as vias a\u00e9reas. A ci\u00eancia nos mostra que uma perda modesta de peso corporal j\u00e1 \u00e9 capaz de reduzir significativamente o n\u00famero de eventos de apneia por hora de sono.<\/p>\n\n\n\n<p>Al\u00e9m da redu\u00e7\u00e3o cal\u00f3rica, a escolha dos nutrientes \u00e9 fundamental para diminuir a inflama\u00e7\u00e3o sist\u00eamica que piora o quadro. Priorizar uma dieta rica em alimentos in natura ajuda a regular o metabolismo e melhora a qualidade do repouso noturno por meio dos seguintes grupos:<\/p>\n\n\n\n<ul class=\"wp-block-list\">\n<li><strong>Vegetais verde-escuros:<\/strong> ricos em magn\u00e9sio, que auxilia no relaxamento muscular saud\u00e1vel.<\/li>\n\n\n\n<li><strong>Peixes ricos em \u00d4mega-3:<\/strong> ajudam a reduzir a inflama\u00e7\u00e3o nas vias a\u00e9reas superiores.<\/li>\n\n\n\n<li><strong>Frutas ricas em pot\u00e1ssio:<\/strong> auxiliam no controle da press\u00e3o arterial, frequentemente afetada pela apneia.<\/li>\n\n\n\n<li><strong>Gr\u00e3os integrais:<\/strong> mant\u00eam a glicemia est\u00e1vel, evitando despertares noturnos por picos de insulina.<\/li>\n<\/ul>\n\n\n<div class=\"wp-block-image\">\n<figure class=\"aligncenter size-large\"><img decoding=\"async\" width=\"1024\" height=\"585\" src=\"https:\/\/www.tuasaude.com\/news\/wp-content\/uploads\/2026\/01\/freepik__35mm-film-photography-mulher-adulta-dormindo-de-la__59504-1024x585.jpeg\" alt=\"Dormir mal e acordar exausto pode ser sinal de apneia do sono\" class=\"wp-image-1582\" srcset=\"https:\/\/www.tuasaude.com\/news\/wp-content\/uploads\/2026\/01\/freepik__35mm-film-photography-mulher-adulta-dormindo-de-la__59504-1024x585.jpeg 1024w, https:\/\/www.tuasaude.com\/news\/wp-content\/uploads\/2026\/01\/freepik__35mm-film-photography-mulher-adulta-dormindo-de-la__59504-300x171.jpeg 300w, https:\/\/www.tuasaude.com\/news\/wp-content\/uploads\/2026\/01\/freepik__35mm-film-photography-mulher-adulta-dormindo-de-la__59504-768x439.jpeg 768w, https:\/\/www.tuasaude.com\/news\/wp-content\/uploads\/2026\/01\/freepik__35mm-film-photography-mulher-adulta-dormindo-de-la__59504-750x428.jpeg 750w, https:\/\/www.tuasaude.com\/news\/wp-content\/uploads\/2026\/01\/freepik__35mm-film-photography-mulher-adulta-dormindo-de-la__59504-1140x651.jpeg 1140w, https:\/\/www.tuasaude.com\/news\/wp-content\/uploads\/2026\/01\/freepik__35mm-film-photography-mulher-adulta-dormindo-de-la__59504.jpeg 1280w\" sizes=\"(max-width: 1024px) 100vw, 1024px\" \/><figcaption class=\"wp-element-caption\">Dormir de lado pode reduzir roncos e epis\u00f3dios de apneia.<\/figcaption><\/figure>\n<\/div>\n\n\n<h2 class=\"wp-block-heading\">Qual a melhor posi\u00e7\u00e3o para dormir?<\/h2>\n\n\n\n<p>A ci\u00eancia nos mostra que a gravidade desempenha um papel crucial, e dormir de barriga para cima facilita a queda da l\u00edngua e do palato mole contra a parede da garganta. A revis\u00e3o <strong><a href=\"https:\/\/pubmed.ncbi.nlm.nih.gov\/39930613\/\" target=\"_blank\" rel=\"noreferrer noopener\">&#8220;Terapia miofuncional para apneia obstrutiva do sono&#8221; <\/a><\/strong>indica que a terapia posicional, treinar o corpo para dormir de lado, pode eliminar a apneia leve em muitos pacientes.<\/p>\n\n\n\n<p>Para garantir que o ar flua livremente e os tecidos n\u00e3o colapsem, pequenas adapta\u00e7\u00f5es no ambiente e na postura podem ser muito eficazes. Evid\u00eancias de estudos como <strong><a href=\"https:\/\/www.scielo.br\/j\/bjorl\/a\/krPswkKgSV434YSxfQZ6x9C\/?format=html&amp;lang=pt\" target=\"_blank\" rel=\"noreferrer noopener\">&#8220;Apneia obstrutiva do sono e ronco prim\u00e1rio: tratamento&#8221;<\/a><\/strong> <a href=\"https:\/\/www.scielo.br\/j\/bjorl\/a\/krPswkKgSV434YSxfQZ6x9C\/?format=html&amp;lang=pt#\"><\/a>sugerem que elevar a cabeceira da cama ou utilizar travesseiros espec\u00edficos ajuda a manter a mand\u00edbula posicionada corretamente, trazendo benef\u00edcios como:<\/p>\n\n\n\n<div style=\"display: flex; flex-wrap: wrap; gap: 15px; justify-content: center; font-family: 'Segoe UI', Tahoma, Geneva, Verdana, sans-serif; padding: 20px; background-color: #f4f7f9;\">\n\n  <div style=\"flex: 1; min-width: 180px; max-width: 220px; background-color: #e8eaf6; border-radius: 20px; padding: 20px; text-align: center; box-shadow: 0 4px 10px rgba(0,0,0,0.05); border: 1px solid #c5cae9;\">\n    <div style=\"background-color: #3f51b5; color: white; border-radius: 15px; padding: 5px 15px; display: inline-block; margin-bottom: 15px; font-weight: bold; font-size: 0.75em; text-transform: uppercase;\">Sil\u00eancio<\/div>\n    <div style=\"font-size: 40px; margin-bottom: 10px;\">\ud83e\udd2b<\/div>\n    <h3 style=\"margin: 10px 0; color: #1a237e; font-size: 1.1em;\">Menos Roncos<\/h3>\n    <p style=\"font-size: 0.85em; color: #283593; line-height: 1.4;\">Redu\u00e7\u00e3o imediata na intensidade e frequ\u00eancia dos roncos durante a noite.<\/p>\n  <\/div>\n\n  <div style=\"flex: 1; min-width: 180px; max-width: 220px; background-color: #e1f5fe; border-radius: 20px; padding: 20px; text-align: center; box-shadow: 0 4px 10px rgba(0,0,0,0.05); border: 1px solid #b3e5fc;\">\n    <div style=\"background-color: #03a9f4; color: white; border-radius: 15px; padding: 5px 15px; display: inline-block; margin-bottom: 15px; font-weight: bold; font-size: 0.75em; text-transform: uppercase;\">C\u00e9rebro<\/div>\n    <div style=\"font-size: 40px; margin-bottom: 10px;\">\ud83e\udde0<\/div>\n    <h3 style=\"margin: 10px 0; color: #01579b; font-size: 1.1em;\">Oxigena\u00e7\u00e3o<\/h3>\n    <p style=\"font-size: 0.85em; color: #0277bd; line-height: 1.4;\">Melhora no aporte de oxig\u00eanio cerebral durante as fases de sono profundo.<\/p>\n  <\/div>\n\n  <div style=\"flex: 1; min-width: 180px; max-width: 220px; background-color: #f3e5f5; border-radius: 20px; padding: 20px; text-align: center; box-shadow: 0 4px 10px rgba(0,0,0,0.05); border: 1px solid #e1bee7;\">\n    <div style=\"background-color: #9c27b0; color: white; border-radius: 15px; padding: 5px 15px; display: inline-block; margin-bottom: 15px; font-weight: bold; font-size: 0.75em; text-transform: uppercase;\">Digestivo<\/div>\n    <div style=\"font-size: 40px; margin-bottom: 10px;\">\ud83d\udee1\ufe0f<\/div>\n    <h3 style=\"margin: 10px 0; color: #4a148c; font-size: 1.1em;\">Menos Refluxo<\/h3>\n    <p style=\"font-size: 0.85em; color: #6a1b9a; line-height: 1.4;\">Diminui\u00e7\u00e3o do refluxo gastroesof\u00e1gico, que costuma agravar a apneia.<\/p>\n  <\/div>\n\n  <div style=\"flex: 1; min-width: 180px; max-width: 220px; background-color: #e0f2f1; border-radius: 20px; padding: 20px; text-align: center; box-shadow: 0 4px 10px rgba(0,0,0,0.05); border: 1px solid #b2dfdb;\">\n    <div style=\"background-color: #009688; color: white; border-radius: 15px; padding: 5px 15px; display: inline-block; margin-bottom: 15px; font-weight: bold; font-size: 0.75em; text-transform: uppercase;\">Respirat\u00f3rio<\/div>\n    <div style=\"font-size: 40px; margin-bottom: 10px;\">\ud83c\udf2c\ufe0f<\/div>\n    <h3 style=\"margin: 10px 0; color: #004d40; font-size: 1.1em;\">Vias Abertas<\/h3>\n    <p style=\"font-size: 0.85em; color: #00695c; line-height: 1.4;\">Facilidade em manter o fluxo nasal livre e constante durante toda a noite.<\/p>\n  <\/div>\n\n<\/div>\n\n\n\n<h2 class=\"wp-block-heading\">Existem exerc\u00edcios para a garganta?<\/h2>\n\n\n\n<p>Pode parecer curioso, mas fortalecer os m\u00fasculos da boca e da garganta, t\u00e9cnica conhecida como terapia fonoaudiol\u00f3gica ou exerc\u00edcios miofuncionais, \u00e9 uma forma comprovada de combater a apneia. Tonificar a l\u00edngua e o palato impede que esses tecidos relaxem a ponto de bloquear o ar.<\/p>\n\n\n\n<p>Estudos cl\u00ednicos detalhados <strong><a href=\"https:\/\/pubmed.ncbi.nlm.nih.gov\/19234106\/\" target=\"_blank\" rel=\"noreferrer noopener\">&#8220;Efeitos dos exerc\u00edcios orofar\u00edngeos em pacientes com s\u00edndrome da apneia obstrutiva do sono moderada&#8221;<\/a><\/strong> demonstram que praticar exerc\u00edcios simples de fala e degluti\u00e7\u00e3o diariamente reduz a gravidade da apneia em at\u00e9 50%. Essa &#8220;gin\u00e1stica interna&#8221; \u00e9 uma ferramenta natural poderosa para quem busca alternativas ou complementos aos aparelhos de press\u00e3o positiva (CPAP), melhorando a resist\u00eancia muscular das vias a\u00e9reas.<\/p>\n\n\n\n<h2 class=\"wp-block-heading\">Quais h\u00e1bitos devo evitar \u00e0 noite?<\/h2>\n\n\n\n<p>A ci\u00eancia nos mostra que o consumo de \u00e1lcool e de medicamentos sedativos antes de deitar \u00e9 extremamente prejudicial, pois eles relaxam excessivamente os m\u00fasculos dilatadores da faringe. O \u00e1lcool deprime o sistema nervoso central, tornando os epis\u00f3dios de apneia mais longos e perigosos.<\/p>\n\n\n\n<p>Al\u00e9m disso, o tabagismo causa inflama\u00e7\u00e3o e reten\u00e7\u00e3o de l\u00edquidos nas mucosas das vias a\u00e9reas superiores, estreitando ainda mais a passagem do oxig\u00eanio. Ao eliminar esses gatilhos e adotar uma higiene do sono rigorosa, voc\u00ea permite que seu corpo mantenha o t\u00f4nus muscular necess\u00e1rio para respirar de forma fluida e silenciosa durante toda a madrugada.<\/p>\n\n\n\n<p>O acompanhamento com um m\u00e9dico ou nutricionista \u00e9 fundamental para um diagn\u00f3stico preciso e tratamento seguro.<\/p>\n","protected":false},"excerpt":{"rendered":"<p>Acordar com a sensa\u00e7\u00e3o de cansa\u00e7o extremo ou ouvir reclama\u00e7\u00f5es constantes sobre seus roncos pode ser frustrante e exaustivo. A apneia obstrutiva do sono n\u00e3o afeta apenas o seu descanso, mas coloca uma sobrecarga silenciosa no seu cora\u00e7\u00e3o; no entanto, existem estrat\u00e9gias naturais e mudan\u00e7as de h\u00e1bito que podem desobstruir suas vias a\u00e9reas e devolver [&hellip;]<\/p>\n","protected":false},"author":9,"featured_media":1597,"comment_status":"open","ping_status":"open","sticky":false,"template":"","format":"standard","meta":{"_yoast_wpseo_focuskw":"apneia do sono","_yoast_wpseo_title":"","_yoast_wpseo_metadesc":"Roncos frequentes e sono fragmentado podem indicar apneia do sono. Alimenta\u00e7\u00e3o, posi\u00e7\u00e3o ao dormir e exerc\u00edcios simples fazem diferen\u00e7a real.","jnews-multi-image_gallery":[],"jnews_single_post":{"format":"standard"},"jnews_primary_category":[],"jnews_social_meta":[],"jnews_override_counter":[],"footnotes":""},"categories":[111],"tags":[564,566,565,567],"class_list":["post-1548","post","type-post","status-publish","format-standard","has-post-thumbnail","hentry","category-saude","tag-apneia-obstrutiva-do-sono","tag-cansaco-extremo-ao-acordar","tag-ronco-intenso","tag-saude-do-coracao-e-sono"],"yoast_head":"<!-- This site is optimized with the Yoast SEO plugin v26.7 - https:\/\/yoast.com\/wordpress\/plugins\/seo\/ -->\n<title>Dormir mal e acordar exausto pode ser sinal de apneia do sono - Tua Sa\u00fade<\/title>\n<meta name=\"description\" content=\"Roncos frequentes e sono fragmentado podem indicar apneia do sono. Alimenta\u00e7\u00e3o, posi\u00e7\u00e3o ao dormir e exerc\u00edcios simples fazem diferen\u00e7a real.\" \/>\n<meta name=\"robots\" content=\"index, follow, max-snippet:-1, max-image-preview:large, max-video-preview:-1\" \/>\n<link rel=\"canonical\" href=\"https:\/\/www.tuasaude.com\/news\/2026\/01\/26\/dormir-mal-e-acordar-exausto-pode-ser-sinal-de-apneia-do-sono\/\" \/>\n<meta property=\"og:locale\" content=\"pt_BR\" \/>\n<meta property=\"og:type\" content=\"article\" \/>\n<meta property=\"og:title\" content=\"Dormir mal e acordar exausto pode ser sinal de apneia do sono - Tua Sa\u00fade\" \/>\n<meta property=\"og:description\" content=\"Roncos frequentes e sono fragmentado podem indicar apneia do sono. Alimenta\u00e7\u00e3o, posi\u00e7\u00e3o ao dormir e exerc\u00edcios simples fazem diferen\u00e7a real.\" \/>\n<meta property=\"og:url\" content=\"https:\/\/www.tuasaude.com\/news\/2026\/01\/26\/dormir-mal-e-acordar-exausto-pode-ser-sinal-de-apneia-do-sono\/\" \/>\n<meta property=\"og:site_name\" content=\"Tua Sa\u00fade\" \/>\n<meta property=\"article:published_time\" content=\"2026-01-26T13:08:00+00:00\" \/>\n<meta property=\"og:image\" content=\"https:\/\/www.tuasaude.com\/news\/wp-content\/uploads\/2026\/01\/freepik__35mm-film-photography-homem-adulto-acordando-na-ca__59503.jpeg\" \/>\n\t<meta property=\"og:image:width\" content=\"1280\" \/>\n\t<meta property=\"og:image:height\" content=\"731\" \/>\n\t<meta property=\"og:image:type\" content=\"image\/jpeg\" \/>\n<meta name=\"author\" content=\"Roberta Patriota\" \/>\n<meta name=\"twitter:card\" content=\"summary_large_image\" \/>\n<meta name=\"twitter:label1\" content=\"Escrito por\" \/>\n\t<meta name=\"twitter:data1\" content=\"Roberta Patriota\" \/>\n\t<meta name=\"twitter:label2\" content=\"Est. tempo de leitura\" \/>\n\t<meta name=\"twitter:data2\" content=\"5 minutos\" \/>\n<!-- \/ Yoast SEO plugin. -->","yoast_head_json":{"title":"Dormir mal e acordar exausto pode ser sinal de apneia do sono - Tua Sa\u00fade","description":"Roncos frequentes e sono fragmentado podem indicar apneia do sono. Alimenta\u00e7\u00e3o, posi\u00e7\u00e3o ao dormir e exerc\u00edcios simples fazem diferen\u00e7a real.","robots":{"index":"index","follow":"follow","max-snippet":"max-snippet:-1","max-image-preview":"max-image-preview:large","max-video-preview":"max-video-preview:-1"},"canonical":"https:\/\/www.tuasaude.com\/news\/2026\/01\/26\/dormir-mal-e-acordar-exausto-pode-ser-sinal-de-apneia-do-sono\/","og_locale":"pt_BR","og_type":"article","og_title":"Dormir mal e acordar exausto pode ser sinal de apneia do sono - Tua Sa\u00fade","og_description":"Roncos frequentes e sono fragmentado podem indicar apneia do sono. Alimenta\u00e7\u00e3o, posi\u00e7\u00e3o ao dormir e exerc\u00edcios simples fazem diferen\u00e7a real.","og_url":"https:\/\/www.tuasaude.com\/news\/2026\/01\/26\/dormir-mal-e-acordar-exausto-pode-ser-sinal-de-apneia-do-sono\/","og_site_name":"Tua Sa\u00fade","article_published_time":"2026-01-26T13:08:00+00:00","og_image":[{"width":1280,"height":731,"url":"https:\/\/www.tuasaude.com\/news\/wp-content\/uploads\/2026\/01\/freepik__35mm-film-photography-homem-adulto-acordando-na-ca__59503.jpeg","type":"image\/jpeg"}],"author":"Roberta Patriota","twitter_card":"summary_large_image","twitter_misc":{"Escrito por":"Roberta Patriota","Est. tempo de leitura":"5 minutos"},"schema":{"@context":"https:\/\/schema.org","@graph":[{"@type":"Article","@id":"https:\/\/www.tuasaude.com\/news\/2026\/01\/26\/dormir-mal-e-acordar-exausto-pode-ser-sinal-de-apneia-do-sono\/#article","isPartOf":{"@id":"https:\/\/www.tuasaude.com\/news\/2026\/01\/26\/dormir-mal-e-acordar-exausto-pode-ser-sinal-de-apneia-do-sono\/"},"author":{"name":"Roberta Patriota","@id":"https:\/\/www.tuasaude.com\/news\/#\/schema\/person\/27adc41011393316b12ef997ca893e44"},"headline":"Dormir mal e acordar exausto pode ser sinal de apneia do sono","datePublished":"2026-01-26T13:08:00+00:00","mainEntityOfPage":{"@id":"https:\/\/www.tuasaude.com\/news\/2026\/01\/26\/dormir-mal-e-acordar-exausto-pode-ser-sinal-de-apneia-do-sono\/"},"wordCount":860,"commentCount":0,"image":{"@id":"https:\/\/www.tuasaude.com\/news\/2026\/01\/26\/dormir-mal-e-acordar-exausto-pode-ser-sinal-de-apneia-do-sono\/#primaryimage"},"thumbnailUrl":"https:\/\/www.tuasaude.com\/news\/wp-content\/uploads\/2026\/01\/freepik__35mm-film-photography-homem-adulto-acordando-na-ca__59503.jpeg","keywords":["apneia obstrutiva do sono","cansa\u00e7o extremo ao acordar","ronco intenso","sa\u00fade do cora\u00e7\u00e3o e sono"],"articleSection":["Sa\u00fade"],"inLanguage":"pt-BR","potentialAction":[{"@type":"CommentAction","name":"Comment","target":["https:\/\/www.tuasaude.com\/news\/2026\/01\/26\/dormir-mal-e-acordar-exausto-pode-ser-sinal-de-apneia-do-sono\/#respond"]}]},{"@type":"WebPage","@id":"https:\/\/www.tuasaude.com\/news\/2026\/01\/26\/dormir-mal-e-acordar-exausto-pode-ser-sinal-de-apneia-do-sono\/","url":"https:\/\/www.tuasaude.com\/news\/2026\/01\/26\/dormir-mal-e-acordar-exausto-pode-ser-sinal-de-apneia-do-sono\/","name":"Dormir mal e acordar exausto pode ser sinal de apneia do sono - Tua Sa\u00fade","isPartOf":{"@id":"https:\/\/www.tuasaude.com\/news\/#website"},"primaryImageOfPage":{"@id":"https:\/\/www.tuasaude.com\/news\/2026\/01\/26\/dormir-mal-e-acordar-exausto-pode-ser-sinal-de-apneia-do-sono\/#primaryimage"},"image":{"@id":"https:\/\/www.tuasaude.com\/news\/2026\/01\/26\/dormir-mal-e-acordar-exausto-pode-ser-sinal-de-apneia-do-sono\/#primaryimage"},"thumbnailUrl":"https:\/\/www.tuasaude.com\/news\/wp-content\/uploads\/2026\/01\/freepik__35mm-film-photography-homem-adulto-acordando-na-ca__59503.jpeg","datePublished":"2026-01-26T13:08:00+00:00","author":{"@id":"https:\/\/www.tuasaude.com\/news\/#\/schema\/person\/27adc41011393316b12ef997ca893e44"},"description":"Roncos frequentes e sono fragmentado podem indicar apneia do sono. Alimenta\u00e7\u00e3o, posi\u00e7\u00e3o ao dormir e exerc\u00edcios simples fazem diferen\u00e7a real.","breadcrumb":{"@id":"https:\/\/www.tuasaude.com\/news\/2026\/01\/26\/dormir-mal-e-acordar-exausto-pode-ser-sinal-de-apneia-do-sono\/#breadcrumb"},"inLanguage":"pt-BR","potentialAction":[{"@type":"ReadAction","target":["https:\/\/www.tuasaude.com\/news\/2026\/01\/26\/dormir-mal-e-acordar-exausto-pode-ser-sinal-de-apneia-do-sono\/"]}]},{"@type":"ImageObject","inLanguage":"pt-BR","@id":"https:\/\/www.tuasaude.com\/news\/2026\/01\/26\/dormir-mal-e-acordar-exausto-pode-ser-sinal-de-apneia-do-sono\/#primaryimage","url":"https:\/\/www.tuasaude.com\/news\/wp-content\/uploads\/2026\/01\/freepik__35mm-film-photography-homem-adulto-acordando-na-ca__59503.jpeg","contentUrl":"https:\/\/www.tuasaude.com\/news\/wp-content\/uploads\/2026\/01\/freepik__35mm-film-photography-homem-adulto-acordando-na-ca__59503.jpeg","width":1280,"height":731,"caption":"Apneia do sono provoca pausas na respira\u00e7\u00e3o durante a noite."},{"@type":"BreadcrumbList","@id":"https:\/\/www.tuasaude.com\/news\/2026\/01\/26\/dormir-mal-e-acordar-exausto-pode-ser-sinal-de-apneia-do-sono\/#breadcrumb","itemListElement":[{"@type":"ListItem","position":1,"name":"In\u00edcio","item":"https:\/\/www.tuasaude.com\/news\/"},{"@type":"ListItem","position":2,"name":"Dormir mal e acordar exausto pode ser sinal de apneia do sono"}]},{"@type":"WebSite","@id":"https:\/\/www.tuasaude.com\/news\/#website","url":"https:\/\/www.tuasaude.com\/news\/","name":"Tua Sa\u00fade","description":"Seu site de sa\u00fade","potentialAction":[{"@type":"SearchAction","target":{"@type":"EntryPoint","urlTemplate":"https:\/\/www.tuasaude.com\/news\/?s={search_term_string}"},"query-input":{"@type":"PropertyValueSpecification","valueRequired":true,"valueName":"search_term_string"}}],"inLanguage":"pt-BR"},{"@type":"Person","@id":"https:\/\/www.tuasaude.com\/news\/#\/schema\/person\/27adc41011393316b12ef997ca893e44","name":"Roberta Patriota","image":{"@type":"ImageObject","inLanguage":"pt-BR","@id":"https:\/\/www.tuasaude.com\/news\/#\/schema\/person\/image\/","url":"https:\/\/secure.gravatar.com\/avatar\/40fc934d21bfa38a60909bb2e5f2ec503dcd4d849aa772e107feb32efe75c210?s=96&d=mm&r=g","contentUrl":"https:\/\/secure.gravatar.com\/avatar\/40fc934d21bfa38a60909bb2e5f2ec503dcd4d849aa772e107feb32efe75c210?s=96&d=mm&r=g","caption":"Roberta Patriota"},"sameAs":["https:\/\/www.tuasaude.com\/news\/"],"url":"https:\/\/www.tuasaude.com\/news\/author\/roberta-patriota\/"}]}},"_links":{"self":[{"href":"https:\/\/www.tuasaude.com\/news\/wp-json\/wp\/v2\/posts\/1548","targetHints":{"allow":["GET"]}}],"collection":[{"href":"https:\/\/www.tuasaude.com\/news\/wp-json\/wp\/v2\/posts"}],"about":[{"href":"https:\/\/www.tuasaude.com\/news\/wp-json\/wp\/v2\/types\/post"}],"author":[{"embeddable":true,"href":"https:\/\/www.tuasaude.com\/news\/wp-json\/wp\/v2\/users\/9"}],"replies":[{"embeddable":true,"href":"https:\/\/www.tuasaude.com\/news\/wp-json\/wp\/v2\/comments?post=1548"}],"version-history":[{"count":3,"href":"https:\/\/www.tuasaude.com\/news\/wp-json\/wp\/v2\/posts\/1548\/revisions"}],"predecessor-version":[{"id":1682,"href":"https:\/\/www.tuasaude.com\/news\/wp-json\/wp\/v2\/posts\/1548\/revisions\/1682"}],"wp:featuredmedia":[{"embeddable":true,"href":"https:\/\/www.tuasaude.com\/news\/wp-json\/wp\/v2\/media\/1597"}],"wp:attachment":[{"href":"https:\/\/www.tuasaude.com\/news\/wp-json\/wp\/v2\/media?parent=1548"}],"wp:term":[{"taxonomy":"category","embeddable":true,"href":"https:\/\/www.tuasaude.com\/news\/wp-json\/wp\/v2\/categories?post=1548"},{"taxonomy":"post_tag","embeddable":true,"href":"https:\/\/www.tuasaude.com\/news\/wp-json\/wp\/v2\/tags?post=1548"}],"curies":[{"name":"wp","href":"https:\/\/api.w.org\/{rel}","templated":true}]}}