{"id":1544,"date":"2026-01-25T20:00:00","date_gmt":"2026-01-25T23:00:00","guid":{"rendered":"https:\/\/www.tuasaude.com\/news\/?p=1544"},"modified":"2026-02-15T14:23:38","modified_gmt":"2026-02-15T17:23:38","slug":"por-que-algumas-feridas-demoram-a-fechar-e-como-ajudar-o-corpo","status":"publish","type":"post","link":"https:\/\/www.tuasaude.com\/news\/2026\/01\/25\/por-que-algumas-feridas-demoram-a-fechar-e-como-ajudar-o-corpo\/","title":{"rendered":"Por que algumas feridas demoram a fechar e como ajudar o corpo?"},"content":{"rendered":"\n<p>Uma ferida que demora a fechar n\u00e3o \u00e9 apenas um inc\u00f4modo est\u00e9tico, mas uma porta aberta para infec\u00e7\u00f5es que podem comprometer sua sa\u00fade geral. A boa not\u00edcia \u00e9 que o corpo humano possui um sistema de reparo extraordin\u00e1rio e, ao adotar medidas pr\u00e1ticas de higiene e nutri\u00e7\u00e3o, voc\u00ea pode fornecer os insumos necess\u00e1rios para que suas c\u00e9lulas trabalhem com muito mais agilidade na <strong><a href=\"https:\/\/www.tuasaude.com\/como-curar-uma-ferida\/\" target=\"_blank\" rel=\"noreferrer noopener\">cicatriza\u00e7\u00e3o<\/a><\/strong> de feridas.<\/p>\n\n\n\n<h2 class=\"wp-block-heading\">Como fazer a limpeza correta?<\/h2>\n\n\n\n<p>A ci\u00eancia nos mostra que o primeiro passo para uma cicatriza\u00e7\u00e3o veloz \u00e9 garantir que o local esteja livre de microrganismos e res\u00edduos. Especialistas da <em>Mayo Clinic<\/em> em <strong>&#8220;<a href=\"https:\/\/www.mayoclinic.org\/first-aid\/first-aid-cuts\/basics\/art-20056711\" target=\"_blank\" rel=\"noreferrer noopener\">Cortes e arranh\u00f5es: Primeiros socorros<\/a>&#8220;<\/strong> explicam que lavar a ferida com \u00e1gua corrente e sab\u00e3o neutro \u00e9 a forma mais segura de remover detritos sem agredir o tecido novo que est\u00e1 tentando se formar.<\/p>\n\n\n\n<p>Evid\u00eancias do <strong><a href=\"https:\/\/fiocruz.br\/biosseguranca\/Bis\/manuais\/biosseguranca\/manualdeprimeirossocorros.pdf\" target=\"_blank\" rel=\"noreferrer noopener\">Manual de Primeiros Socorros da Fiocruz<\/a><\/strong> alertam que o uso indiscriminado de \u00e1lcool ou \u00e1gua oxigenada sobre a ferida aberta pode, na verdade, retardar o processo. Isso ocorre porque essas subst\u00e2ncias s\u00e3o citot\u00f3xicas, ou seja, podem danificar as c\u00e9lulas saud\u00e1veis que s\u00e3o respons\u00e1veis por fechar o corte.<\/p>\n\n\n\n<h2 class=\"wp-block-heading\">O curativo ajuda na cicatriza\u00e7\u00e3o de feridas?<\/h2>\n\n\n\n<p>Muitas pessoas acreditam que deixar a ferida &#8220;respirar&#8221; acelera a cura, mas a ci\u00eancia nos mostra que manter a umidade controlada \u00e9 muito mais eficaz. Especialistas da <strong>Organiza\u00e7\u00e3o Mundial da Sa\u00fade (OMS)<\/strong> em <strong><a href=\"https:\/\/www.who.int\/publications\/i\/item\/9789241550475\" target=\"_blank\" rel=\"noreferrer noopener\">&#8220;Diretrizes globais para a preven\u00e7\u00e3o de infec\u00e7\u00e3o do s\u00edtio cir\u00fargico&#8221;<\/a><\/strong> explicam que um ambiente levemente \u00famido facilita a migra\u00e7\u00e3o das c\u00e9lulas epiteliais, permitindo que a pele se feche sem formar crostas secas e quebradi\u00e7as.<\/p>\n\n\n\n<p>O uso de coberturas adequadas protege a regi\u00e3o contra traumas mec\u00e2nicos e contamina\u00e7\u00f5es externas, garantindo que o corpo foque sua energia apenas na reconstru\u00e7\u00e3o. Manter a ferida coberta e limpa reduz significativamente o risco de cicatrizes hipertr\u00f3ficas e queloides no futuro.<\/p>\n\n\n\n<h2 class=\"wp-block-heading\">Quais alimentos aceleram a regenera\u00e7\u00e3o?<\/h2>\n\n\n\n<p>O que voc\u00ea come funciona como a mat\u00e9ria-prima para a constru\u00e7\u00e3o do novo tecido cut\u00e2neo e das fibras de col\u00e1geno. Uma dieta rica em<strong><a href=\"https:\/\/www.tuasaude.com\/alimentos-cicatrizantes\/\" target=\"_blank\" rel=\"noreferrer noopener\"> alimentos<\/a><\/strong> com prote\u00ednas e vitaminas espec\u00edficas \u00e9 o pilar que sustenta a fase de prolifera\u00e7\u00e3o celular, acelerando o fechamento da les\u00e3o por meio dos seguintes nutrientes:<\/p>\n\n\n\n<ul class=\"wp-block-list\">\n<li><strong>Prote\u00ednas magras:<\/strong> essenciais para a forma\u00e7\u00e3o da estrutura b\u00e1sica da nova pele.<\/li>\n\n\n\n<li><strong>Vitamina C:<\/strong> fundamental para a s\u00edntese de col\u00e1geno e fortalecimento da imunidade local.<\/li>\n\n\n\n<li><strong>Zinco:<\/strong> mineral que atua diretamente na divis\u00e3o celular e na defesa contra bact\u00e9rias.<\/li>\n\n\n\n<li><strong>Vitamina A:<\/strong> auxilia na regenera\u00e7\u00e3o do tecido epitelial e na redu\u00e7\u00e3o da inflama\u00e7\u00e3o.<\/li>\n<\/ul>\n\n\n<div class=\"wp-block-image\">\n<figure class=\"aligncenter size-large\"><img decoding=\"async\" width=\"1024\" height=\"585\" src=\"https:\/\/www.tuasaude.com\/news\/wp-content\/uploads\/2026\/01\/freepik__35mm-film-photography-composio-em-mesa-clara-com-a__59518-1024x585.jpeg\" alt=\"Por que algumas feridas demoram a fechar e como ajudar o corpo?\" class=\"wp-image-1653\"\/><figcaption class=\"wp-element-caption\">Prote\u00edna e vitamina C ajudam a reconstruir a pele.<\/figcaption><\/figure>\n<\/div>\n\n\n<h2 class=\"wp-block-heading\">O repouso influencia na cicatriza\u00e7\u00e3o de feridas?<\/h2>\n\n\n\n<p>A ci\u00eancia nos mostra que o estresse f\u00edsico e a movimenta\u00e7\u00e3o excessiva na \u00e1rea afetada podem romper as delicadas pontes de fibrina que est\u00e3o unindo as bordas da ferida. Uma boa circula\u00e7\u00e3o sangu\u00ednea \u00e9 vital para levar oxig\u00eanio e nutrientes ao local, e o repouso ajuda o cora\u00e7\u00e3o a manter esse fluxo est\u00e1vel.<\/p>\n\n\n\n<p>Al\u00e9m do descanso f\u00edsico, o sono de qualidade \u00e9 o momento em que o corpo libera a maior quantidade de horm\u00f4nios de crescimento e reparo tecidual. Quando voc\u00ea negligencia o descanso, os n\u00edveis de cortisol sobem, o que pode suprimir o sistema imunol\u00f3gico e deixar o processo de cicatriza\u00e7\u00e3o muito mais lento e propenso a falhas.<\/p>\n\n\n\n<h2 class=\"wp-block-heading\">Como identificar se h\u00e1 infec\u00e7\u00e3o?<\/h2>\n\n\n\n<p>Saber diferenciar a inflama\u00e7\u00e3o natural da cicatriza\u00e7\u00e3o de uma infec\u00e7\u00e3o bacteriana \u00e9 o passo decisivo para evitar complica\u00e7\u00f5es graves. A ci\u00eancia nos mostra que um pouco de vermelhid\u00e3o e incha\u00e7o nas primeiras 48 horas \u00e9 esperado, mas sinais persistentes ou que pioram com o tempo exigem aten\u00e7\u00e3o imediata atrav\u00e9s da observa\u00e7\u00e3o destes pontos:<\/p>\n\n\n\n<div style=\"display: flex; flex-wrap: wrap; gap: 15px; justify-content: center; font-family: 'Segoe UI', Tahoma, Geneva, Verdana, sans-serif; padding: 20px; background-color: #fcfcfc;\">\n\n  <div style=\"flex: 1; min-width: 180px; max-width: 220px; background-color: #f3e5f5; border-radius: 20px; padding: 20px; text-align: center; box-shadow: 0 4px 10px rgba(0,0,0,0.05);\">\n    <div style=\"background-color: #9c27b0; color: white; border-radius: 15px; padding: 5px 15px; display: inline-block; margin-bottom: 15px; font-weight: bold; font-size: 0.8em;\">\u26a0\ufe0f ALERTA<\/div>\n    <div style=\"font-size: 40px; margin-bottom: 10px;\">\ud83e\uddea<\/div>\n    <h3 style=\"margin: 10px 0; color: #4a148c; font-size: 1.1em;\">Pus ou Odor<\/h3>\n    <p style=\"font-size: 0.85em; color: #6a1b9a; line-height: 1.4;\">Presen\u00e7a de secre\u00e7\u00e3o amarelada\/esverdeada com cheiro desagrad\u00e1vel.<\/p>\n  <\/div>\n\n  <div style=\"flex: 1; min-width: 180px; max-width: 220px; background-color: #fff3e0; border-radius: 20px; padding: 20px; text-align: center; box-shadow: 0 4px 10px rgba(0,0,0,0.05);\">\n    <div style=\"background-color: #ef6c00; color: white; border-radius: 15px; padding: 5px 15px; display: inline-block; margin-bottom: 15px; font-weight: bold; font-size: 0.8em;\">\ud83d\udd25 INFLAMA\u00c7\u00c3O<\/div>\n    <div style=\"font-size: 40px; margin-bottom: 10px;\">\ud83d\udc93<\/div>\n    <h3 style=\"margin: 10px 0; color: #e65100; font-size: 1.1em;\">Latejamento<\/h3>\n    <p style=\"font-size: 0.85em; color: #ef6c00; line-height: 1.4;\">Calor excessivo no local e sensa\u00e7\u00e3o de pulsa\u00e7\u00e3o ou dor intensa.<\/p>\n  <\/div>\n\n  <div style=\"flex: 1; min-width: 180px; max-width: 220px; background-color: #e1f5fe; border-radius: 20px; padding: 20px; text-align: center; box-shadow: 0 4px 10px rgba(0,0,0,0.05);\">\n    <div style=\"background-color: #0288d1; color: white; border-radius: 15px; padding: 5px 15px; display: inline-block; margin-bottom: 15px; font-weight: bold; font-size: 0.8em;\">\ud83d\udcc8 EXPANS\u00c3O<\/div>\n    <div style=\"font-size: 40px; margin-bottom: 10px;\">\ud83d\udee4\ufe0f<\/div>\n    <h3 style=\"margin: 10px 0; color: #01579b; font-size: 1.1em;\">Linhas Vermelhas<\/h3>\n    <p style=\"font-size: 0.85em; color: #0277bd; line-height: 1.4;\">Rastros vermelhos que parecem &#8220;subir&#8221; pela pele a partir do corte.<\/p>\n  <\/div>\n\n  <div style=\"flex: 1; min-width: 180px; max-width: 220px; background-color: #ffebee; border-radius: 20px; padding: 20px; text-align: center; box-shadow: 0 4px 10px rgba(0,0,0,0.05);\">\n    <div style=\"background-color: #d32f2f; color: white; border-radius: 15px; padding: 5px 15px; display: inline-block; margin-bottom: 15px; font-weight: bold; font-size: 0.8em;\">\ud83d\udea8 CR\u00cdTICO<\/div>\n    <div style=\"font-size: 40px; margin-bottom: 10px;\">\ud83c\udf21\ufe0f<\/div>\n    <h3 style=\"margin: 10px 0; color: #b71c1c; font-size: 1.1em;\">Febre\/Calafrios<\/h3>\n    <p style=\"font-size: 0.85em; color: #c62828; line-height: 1.4;\">Sinal de que a infec\u00e7\u00e3o pode estar se tornando sist\u00eamica (no corpo todo).<\/p>\n  <\/div>\n\n<\/div>\n\n\n\n<h2 class=\"wp-block-heading\">Quando devo buscar ajuda profissional?<\/h2>\n\n\n\n<p>O pr\u00f3ximo passo \u00e9 monitorar a evolu\u00e7\u00e3o da sua pele e verificar se as bordas da ferida est\u00e3o se aproximando ou se a \u00e1rea de vermelhid\u00e3o est\u00e1 aumentando. A ci\u00eancia nos mostra que feridas que n\u00e3o apresentam sinais de melhora em uma semana ou que foram causadas por objetos sujos e enferrujados precisam de uma avalia\u00e7\u00e3o m\u00e9dica para protocolos espec\u00edficos de limpeza e vacina\u00e7\u00e3o.<\/p>\n\n\n\n<p>Manter a calma e seguir os protocolos de higiene descritos aqui j\u00e1 coloca voc\u00ea \u00e0 frente no processo de cura. Lembre-se que cuidar de uma ferida \u00e9 um exerc\u00edcio de paci\u00eancia e respeito aos ritmos do seu pr\u00f3prio corpo, garantindo que a recupera\u00e7\u00e3o seja total e que a pele recupere sua fun\u00e7\u00e3o protetora com o m\u00ednimo de marcas poss\u00edvel.<\/p>\n\n\n\n<p>O acompanhamento com um m\u00e9dico ou nutricionista \u00e9 fundamental para um diagn\u00f3stico preciso e tratamento seguro.<\/p>\n","protected":false},"excerpt":{"rendered":"<p>Uma ferida que demora a fechar n\u00e3o \u00e9 apenas um inc\u00f4modo est\u00e9tico, mas uma porta aberta para infec\u00e7\u00f5es que podem comprometer sua sa\u00fade geral. A boa not\u00edcia \u00e9 que o corpo humano possui um sistema de reparo extraordin\u00e1rio e, ao adotar medidas pr\u00e1ticas de higiene e nutri\u00e7\u00e3o, voc\u00ea pode fornecer os insumos necess\u00e1rios para que [&hellip;]<\/p>\n","protected":false},"author":9,"featured_media":1654,"comment_status":"open","ping_status":"open","sticky":false,"template":"","format":"standard","meta":{"_yoast_wpseo_focuskw":"cicatriza\u00e7\u00e3o de feridas","_yoast_wpseo_title":"","_yoast_wpseo_metadesc":"Entenda como cuidar de uma ferida em casa, quais alimentos ajudam na cicatriza\u00e7\u00e3o de feridas da pele e quando procurar ajuda m\u00e9dica.","jnews-multi-image_gallery":[],"jnews_single_post":{"format":"standard"},"jnews_primary_category":[],"jnews_social_meta":[],"jnews_override_counter":[],"footnotes":""},"categories":[111],"tags":[557,559,560,558],"class_list":["post-1544","post","type-post","status-publish","format-standard","has-post-thumbnail","hentry","category-saude","tag-cicatrizacao-de-feridas","tag-como-cicatrizar-mais-rapido","tag-cuidados-com-feridas","tag-ferida-que-demora-a-fechar"],"yoast_head":"<!-- This site is optimized with the Yoast SEO plugin v26.7 - https:\/\/yoast.com\/wordpress\/plugins\/seo\/ -->\n<title>Por que algumas feridas demoram a fechar e como ajudar o corpo? - Tua Sa\u00fade<\/title>\n<meta name=\"description\" content=\"Entenda como cuidar de uma ferida em casa, quais alimentos ajudam na cicatriza\u00e7\u00e3o de feridas da pele e quando procurar ajuda m\u00e9dica.\" \/>\n<meta name=\"robots\" content=\"index, follow, max-snippet:-1, max-image-preview:large, max-video-preview:-1\" \/>\n<link rel=\"canonical\" href=\"https:\/\/www.tuasaude.com\/news\/2026\/01\/25\/por-que-algumas-feridas-demoram-a-fechar-e-como-ajudar-o-corpo\/\" \/>\n<meta property=\"og:locale\" content=\"pt_BR\" \/>\n<meta property=\"og:type\" content=\"article\" \/>\n<meta property=\"og:title\" content=\"Por que algumas feridas demoram a fechar e como ajudar o corpo? - Tua Sa\u00fade\" \/>\n<meta property=\"og:description\" content=\"Entenda como cuidar de uma ferida em casa, quais alimentos ajudam na cicatriza\u00e7\u00e3o de feridas da pele e quando procurar ajuda m\u00e9dica.\" \/>\n<meta property=\"og:url\" content=\"https:\/\/www.tuasaude.com\/news\/2026\/01\/25\/por-que-algumas-feridas-demoram-a-fechar-e-como-ajudar-o-corpo\/\" \/>\n<meta property=\"og:site_name\" content=\"Tua Sa\u00fade\" \/>\n<meta property=\"article:published_time\" content=\"2026-01-25T23:00:00+00:00\" \/>\n<meta property=\"article:modified_time\" content=\"2026-02-15T17:23:38+00:00\" \/>\n<meta property=\"og:image\" content=\"https:\/\/www.tuasaude.com\/news\/wp-content\/uploads\/2026\/01\/freepik__35mm-film-photography-mulher-adulta-em-ambiente-cl__59517-scaled-e1769250866877.jpeg\" \/>\n\t<meta property=\"og:image:width\" content=\"1280\" \/>\n\t<meta property=\"og:image:height\" content=\"732\" \/>\n\t<meta property=\"og:image:type\" content=\"image\/jpeg\" \/>\n<meta name=\"author\" content=\"Roberta Patriota\" \/>\n<meta name=\"twitter:card\" content=\"summary_large_image\" \/>\n<meta name=\"twitter:label1\" content=\"Escrito por\" \/>\n\t<meta name=\"twitter:data1\" content=\"Roberta Patriota\" \/>\n\t<meta name=\"twitter:label2\" content=\"Est. tempo de leitura\" \/>\n\t<meta name=\"twitter:data2\" content=\"5 minutos\" \/>\n<!-- \/ Yoast SEO plugin. -->","yoast_head_json":{"title":"Por que algumas feridas demoram a fechar e como ajudar o corpo? - Tua Sa\u00fade","description":"Entenda como cuidar de uma ferida em casa, quais alimentos ajudam na cicatriza\u00e7\u00e3o de feridas da pele e quando procurar ajuda m\u00e9dica.","robots":{"index":"index","follow":"follow","max-snippet":"max-snippet:-1","max-image-preview":"max-image-preview:large","max-video-preview":"max-video-preview:-1"},"canonical":"https:\/\/www.tuasaude.com\/news\/2026\/01\/25\/por-que-algumas-feridas-demoram-a-fechar-e-como-ajudar-o-corpo\/","og_locale":"pt_BR","og_type":"article","og_title":"Por que algumas feridas demoram a fechar e como ajudar o corpo? - Tua Sa\u00fade","og_description":"Entenda como cuidar de uma ferida em casa, quais alimentos ajudam na cicatriza\u00e7\u00e3o de feridas da pele e quando procurar ajuda m\u00e9dica.","og_url":"https:\/\/www.tuasaude.com\/news\/2026\/01\/25\/por-que-algumas-feridas-demoram-a-fechar-e-como-ajudar-o-corpo\/","og_site_name":"Tua Sa\u00fade","article_published_time":"2026-01-25T23:00:00+00:00","article_modified_time":"2026-02-15T17:23:38+00:00","og_image":[{"width":1280,"height":732,"url":"https:\/\/www.tuasaude.com\/news\/wp-content\/uploads\/2026\/01\/freepik__35mm-film-photography-mulher-adulta-em-ambiente-cl__59517-scaled-e1769250866877.jpeg","type":"image\/jpeg"}],"author":"Roberta Patriota","twitter_card":"summary_large_image","twitter_misc":{"Escrito por":"Roberta Patriota","Est. tempo de leitura":"5 minutos"},"schema":{"@context":"https:\/\/schema.org","@graph":[{"@type":"Article","@id":"https:\/\/www.tuasaude.com\/news\/2026\/01\/25\/por-que-algumas-feridas-demoram-a-fechar-e-como-ajudar-o-corpo\/#article","isPartOf":{"@id":"https:\/\/www.tuasaude.com\/news\/2026\/01\/25\/por-que-algumas-feridas-demoram-a-fechar-e-como-ajudar-o-corpo\/"},"author":{"name":"Roberta Patriota","@id":"https:\/\/www.tuasaude.com\/news\/#\/schema\/person\/27adc41011393316b12ef997ca893e44"},"headline":"Por que algumas feridas demoram a fechar e como ajudar o corpo?","datePublished":"2026-01-25T23:00:00+00:00","dateModified":"2026-02-15T17:23:38+00:00","mainEntityOfPage":{"@id":"https:\/\/www.tuasaude.com\/news\/2026\/01\/25\/por-que-algumas-feridas-demoram-a-fechar-e-como-ajudar-o-corpo\/"},"wordCount":899,"commentCount":0,"image":{"@id":"https:\/\/www.tuasaude.com\/news\/2026\/01\/25\/por-que-algumas-feridas-demoram-a-fechar-e-como-ajudar-o-corpo\/#primaryimage"},"thumbnailUrl":"https:\/\/www.tuasaude.com\/news\/wp-content\/uploads\/2026\/01\/freepik__35mm-film-photography-mulher-adulta-em-ambiente-cl__59517-scaled-e1769250866877.jpeg","keywords":["cicatriza\u00e7\u00e3o de feridas","como cicatrizar mais r\u00e1pido","cuidados com feridas","ferida que demora a fechar"],"articleSection":["Sa\u00fade"],"inLanguage":"pt-BR","potentialAction":[{"@type":"CommentAction","name":"Comment","target":["https:\/\/www.tuasaude.com\/news\/2026\/01\/25\/por-que-algumas-feridas-demoram-a-fechar-e-como-ajudar-o-corpo\/#respond"]}]},{"@type":"WebPage","@id":"https:\/\/www.tuasaude.com\/news\/2026\/01\/25\/por-que-algumas-feridas-demoram-a-fechar-e-como-ajudar-o-corpo\/","url":"https:\/\/www.tuasaude.com\/news\/2026\/01\/25\/por-que-algumas-feridas-demoram-a-fechar-e-como-ajudar-o-corpo\/","name":"Por que algumas feridas demoram a fechar e como ajudar o corpo? - Tua Sa\u00fade","isPartOf":{"@id":"https:\/\/www.tuasaude.com\/news\/#website"},"primaryImageOfPage":{"@id":"https:\/\/www.tuasaude.com\/news\/2026\/01\/25\/por-que-algumas-feridas-demoram-a-fechar-e-como-ajudar-o-corpo\/#primaryimage"},"image":{"@id":"https:\/\/www.tuasaude.com\/news\/2026\/01\/25\/por-que-algumas-feridas-demoram-a-fechar-e-como-ajudar-o-corpo\/#primaryimage"},"thumbnailUrl":"https:\/\/www.tuasaude.com\/news\/wp-content\/uploads\/2026\/01\/freepik__35mm-film-photography-mulher-adulta-em-ambiente-cl__59517-scaled-e1769250866877.jpeg","datePublished":"2026-01-25T23:00:00+00:00","dateModified":"2026-02-15T17:23:38+00:00","author":{"@id":"https:\/\/www.tuasaude.com\/news\/#\/schema\/person\/27adc41011393316b12ef997ca893e44"},"description":"Entenda como cuidar de uma ferida em casa, quais alimentos ajudam na cicatriza\u00e7\u00e3o de feridas da pele e quando procurar ajuda m\u00e9dica.","breadcrumb":{"@id":"https:\/\/www.tuasaude.com\/news\/2026\/01\/25\/por-que-algumas-feridas-demoram-a-fechar-e-como-ajudar-o-corpo\/#breadcrumb"},"inLanguage":"pt-BR","potentialAction":[{"@type":"ReadAction","target":["https:\/\/www.tuasaude.com\/news\/2026\/01\/25\/por-que-algumas-feridas-demoram-a-fechar-e-como-ajudar-o-corpo\/"]}]},{"@type":"ImageObject","inLanguage":"pt-BR","@id":"https:\/\/www.tuasaude.com\/news\/2026\/01\/25\/por-que-algumas-feridas-demoram-a-fechar-e-como-ajudar-o-corpo\/#primaryimage","url":"https:\/\/www.tuasaude.com\/news\/wp-content\/uploads\/2026\/01\/freepik__35mm-film-photography-mulher-adulta-em-ambiente-cl__59517-scaled-e1769250866877.jpeg","contentUrl":"https:\/\/www.tuasaude.com\/news\/wp-content\/uploads\/2026\/01\/freepik__35mm-film-photography-mulher-adulta-em-ambiente-cl__59517-scaled-e1769250866877.jpeg","width":1280,"height":732,"caption":"Feridas bem cuidadas cicatrizam mais r\u00e1pido."},{"@type":"BreadcrumbList","@id":"https:\/\/www.tuasaude.com\/news\/2026\/01\/25\/por-que-algumas-feridas-demoram-a-fechar-e-como-ajudar-o-corpo\/#breadcrumb","itemListElement":[{"@type":"ListItem","position":1,"name":"In\u00edcio","item":"https:\/\/www.tuasaude.com\/news\/"},{"@type":"ListItem","position":2,"name":"Por que algumas feridas demoram a fechar e como ajudar o corpo?"}]},{"@type":"WebSite","@id":"https:\/\/www.tuasaude.com\/news\/#website","url":"https:\/\/www.tuasaude.com\/news\/","name":"Tua Sa\u00fade","description":"Seu site de sa\u00fade","potentialAction":[{"@type":"SearchAction","target":{"@type":"EntryPoint","urlTemplate":"https:\/\/www.tuasaude.com\/news\/?s={search_term_string}"},"query-input":{"@type":"PropertyValueSpecification","valueRequired":true,"valueName":"search_term_string"}}],"inLanguage":"pt-BR"},{"@type":"Person","@id":"https:\/\/www.tuasaude.com\/news\/#\/schema\/person\/27adc41011393316b12ef997ca893e44","name":"Roberta Patriota","image":{"@type":"ImageObject","inLanguage":"pt-BR","@id":"https:\/\/www.tuasaude.com\/news\/#\/schema\/person\/image\/","url":"https:\/\/secure.gravatar.com\/avatar\/40fc934d21bfa38a60909bb2e5f2ec503dcd4d849aa772e107feb32efe75c210?s=96&d=mm&r=g","contentUrl":"https:\/\/secure.gravatar.com\/avatar\/40fc934d21bfa38a60909bb2e5f2ec503dcd4d849aa772e107feb32efe75c210?s=96&d=mm&r=g","caption":"Roberta Patriota"},"sameAs":["https:\/\/www.tuasaude.com\/news\/"],"url":"https:\/\/www.tuasaude.com\/news\/author\/roberta-patriota\/"}]}},"_links":{"self":[{"href":"https:\/\/www.tuasaude.com\/news\/wp-json\/wp\/v2\/posts\/1544","targetHints":{"allow":["GET"]}}],"collection":[{"href":"https:\/\/www.tuasaude.com\/news\/wp-json\/wp\/v2\/posts"}],"about":[{"href":"https:\/\/www.tuasaude.com\/news\/wp-json\/wp\/v2\/types\/post"}],"author":[{"embeddable":true,"href":"https:\/\/www.tuasaude.com\/news\/wp-json\/wp\/v2\/users\/9"}],"replies":[{"embeddable":true,"href":"https:\/\/www.tuasaude.com\/news\/wp-json\/wp\/v2\/comments?post=1544"}],"version-history":[{"count":3,"href":"https:\/\/www.tuasaude.com\/news\/wp-json\/wp\/v2\/posts\/1544\/revisions"}],"predecessor-version":[{"id":1680,"href":"https:\/\/www.tuasaude.com\/news\/wp-json\/wp\/v2\/posts\/1544\/revisions\/1680"}],"wp:featuredmedia":[{"embeddable":true,"href":"https:\/\/www.tuasaude.com\/news\/wp-json\/wp\/v2\/media\/1654"}],"wp:attachment":[{"href":"https:\/\/www.tuasaude.com\/news\/wp-json\/wp\/v2\/media?parent=1544"}],"wp:term":[{"taxonomy":"category","embeddable":true,"href":"https:\/\/www.tuasaude.com\/news\/wp-json\/wp\/v2\/categories?post=1544"},{"taxonomy":"post_tag","embeddable":true,"href":"https:\/\/www.tuasaude.com\/news\/wp-json\/wp\/v2\/tags?post=1544"}],"curies":[{"name":"wp","href":"https:\/\/api.w.org\/{rel}","templated":true}]}}