{"id":1471,"date":"2026-01-24T17:18:00","date_gmt":"2026-01-24T20:18:00","guid":{"rendered":"https:\/\/www.tuasaude.com\/news\/?p=1471"},"modified":"2026-01-24T06:55:56","modified_gmt":"2026-01-24T09:55:56","slug":"devo-me-preocupar-quando-o-termometro-marca-371c","status":"publish","type":"post","link":"https:\/\/www.tuasaude.com\/news\/2026\/01\/24\/devo-me-preocupar-quando-o-termometro-marca-371c\/","title":{"rendered":"Devo me preocupar quando o term\u00f4metro marca 37,1\u00b0C?"},"content":{"rendered":"\n<p>Sentir o rostinho do beb\u00ea mais quente e notar o term\u00f4metro marcar 37,1\u00b0C \u00e9 o suficiente para acelerar o cora\u00e7\u00e3o de qualquer pai ou m\u00e3e. Nessa hora, a d\u00favida \u00e9 imediata: devo correr para o hospital ou \u00e9 apenas um alarme falso? A verdade \u00e9 que o corpo dos pequenos funciona em um ritmo diferente do nosso e nem toda varia\u00e7\u00e3o de temperatura significa uma doen\u00e7a ou infec\u00e7\u00e3o. Entender a linha t\u00eanue entre o que \u00e9 normal, o que \u00e9 apenas um &#8220;aquecimento&#8221; por excesso de roupa e o que realmente exige aten\u00e7\u00e3o m\u00e9dica \u00e9 o segredo para manter a calma e cuidar do seu filho com seguran\u00e7a e assertividade.<\/p>\n\n\n\n<h2 class=\"wp-block-heading\">Isso \u00e9 considerado febre?<\/h2>\n\n\n\n<p>A ci\u00eancia nos mostra que a temperatura de 37,1\u00b0C em beb\u00eas n\u00e3o \u00e9 classificada como <strong><a href=\"https:\/\/www.tuasaude.com\/causas-de-febre\/\" target=\"_blank\" rel=\"noreferrer noopener\">febre<\/a><\/strong>, mas sim como um estado febr\u00edcula ou apenas uma varia\u00e7\u00e3o t\u00e9rmica normal. Segundo o <strong><a href=\"https:\/\/www.sbp.com.br\/departamentos\/emergencia\/manuais-e-guias\/\" target=\"_blank\" rel=\"noreferrer noopener\">Manuais e Guias da Sociedade Brasileira de Pediatria (SBP)<\/a><\/strong>, a febre de verdade s\u00f3 \u00e9 considerada a partir de 37,8\u00b0C quando medida na axila, sendo o intervalo entre 37,3\u00b0C e 37,7\u00b0C um sinal de alerta.<\/p>\n\n\n\n<p>Beb\u00eas t\u00eam uma regula\u00e7\u00e3o t\u00e9rmica ainda em desenvolvimento e podem esquentar facilmente devido ao ambiente ou ao uso de muitas camadas de roupa. Portanto, um registro de 37,1\u00b0C isolado, sem outros sintomas associados, geralmente reflete apenas um aumento tempor\u00e1rio do metabolismo ou do calor externo.<\/p>\n\n\n\n<h2 class=\"wp-block-heading\">O que causa essa varia\u00e7\u00e3o?<\/h2>\n\n\n\n<p>Evid\u00eancias do <strong><a href=\"https:\/\/www.gov.br\/saude\/pt-br\/assuntos\/saude-de-a-a-z\/s\/saude-da-crianca\" target=\"_blank\" rel=\"noreferrer noopener\">Guia de Sa\u00fade da Crian\u00e7a do Minist\u00e9rio da Sa\u00fade<\/a><\/strong> confirmam que fatores externos influenciam a temperatura corporal muito mais do que imaginamos. A ci\u00eancia nos mostra que o choro prolongado, a agita\u00e7\u00e3o intensa ou at\u00e9 o nascimento dos primeiros dentes podem elevar levemente a temperatura do beb\u00ea, sem que isso represente uma amea\u00e7a \u00e0 sa\u00fade.<\/p>\n\n\n\n<p>Antes de se preocupar, observe se o pequeno est\u00e1 passando por alguma das situa\u00e7\u00f5es listadas abaixo:<\/p>\n\n\n\n<style>\n  .febre-container {\n    display: flex;\n    flex-wrap: wrap;\n    gap: 15px;\n    justify-content: center;\n    padding: 20px;\n    font-family: 'Segoe UI', Tahoma, Geneva, sans-serif;\n    background-color: #fffaf5;\n  }\n\n  .febre-card {\n    flex: 1;\n    min-width: 200px;\n    max-width: 240px;\n    padding: 20px;\n    border-radius: 22px;\n    text-align: center;\n    box-shadow: 0 6px 15px rgba(0,0,0,0.04);\n    border: 1px solid #ffecb3;\n    transition: all 0.3s ease;\n    cursor: default;\n  }\n\n  \/* Efeito de sobreposi\u00e7\u00e3o din\u00e2mica *\/\n  .febre-card:hover {\n    transform: translateY(-5px) scale(1.02);\n    z-index: 5;\n    box-shadow: 0 10px 20px rgba(255, 193, 7, 0.2);\n    border-color: #ffc107;\n  }\n\n  .febre-icon {\n    font-size: 2.2rem;\n    margin-bottom: 12px;\n    display: block;\n  }\n\n  .febre-tag {\n    background: #fff;\n    color: #f57c00;\n    font-size: 0.75rem;\n    font-weight: 800;\n    padding: 4px 10px;\n    border-radius: 12px;\n    text-transform: uppercase;\n    margin-bottom: 10px;\n    display: inline-block;\n  }\n\n  .febre-titulo {\n    font-size: 1rem;\n    font-weight: 700;\n    color: #4e342e;\n    margin-bottom: 8px;\n  }\n\n  .febre-desc {\n    font-size: 0.85rem;\n    color: #6d4c41;\n    line-height: 1.4;\n    margin: 0;\n  }\n\n  \/* Cores tem\u00e1ticas *\/\n  .cor-agasalho { background-color: #fff9c4; }\n  .cor-ambiente { background-color: #ffecb3; }\n  .cor-vacina { background-color: #ffe0b2; }\n  .cor-fisica { background-color: #fff3e0; }\n<\/style>\n\n<div class=\"febre-container\">\n  \n  <div class=\"febre-card cor-agasalho\">\n    <div class=\"febre-tag\">Vestu\u00e1rio<\/div>\n    <span class=\"febre-icon\">\ud83e\udde5<\/span>\n    <div class=\"febre-titulo\">Excesso de Agasalho<\/div>\n    <p class=\"febre-desc\">Roupas muito pesadas impedem a troca de calor com o ambiente.<\/p>\n  <\/div>\n\n  <div class=\"febre-card cor-ambiente\">\n    <div class=\"febre-tag\">Local<\/div>\n    <span class=\"febre-icon\">\u2600\ufe0f<\/span>\n    <div class=\"febre-titulo\">Ambiente Abafado<\/div>\n    <p class=\"febre-desc\">Quartos muito quentes elevam a temperatura perif\u00e9rica da pele.<\/p>\n  <\/div>\n\n  <div class=\"febre-card cor-vacina\">\n    <div class=\"febre-tag\">Imunidade<\/div>\n    <span class=\"febre-icon\">\ud83d\udc89<\/span>\n    <div class=\"febre-titulo\">P\u00f3s-vacina<\/div>\n    <p class=\"febre-desc\">Rea\u00e7\u00f5es leves podem causar oscila\u00e7\u00f5es t\u00e9rmicas nas primeiras 24h.<\/p>\n  <\/div>\n\n  <div class=\"febre-card cor-fisica\">\n    <div class=\"febre-tag\">Movimento<\/div>\n    <span class=\"febre-icon\">\ud83c\udfc3<\/span>\n    <div class=\"febre-titulo\">Atividade F\u00edsica<\/div>\n    <p class\n\n\n\n<h2 class=\"wp-block-heading\">Como medir da forma correta?<\/h2>\n\n\n\n<p>De acordo com as diretrizes da revis\u00e3o &nbsp;<a href=\"https:\/\/www.scielo.br\/j\/ape\/a\/3gXPFJ74QR7rJRRwZwTSgJf\/?lang=pt\" target=\"_blank\" rel=\"noreferrer noopener\"><strong>&#8220;Manejo n\u00e3o farmacol\u00f3gico da febre e hipertermia da crian\u00e7a: revis\u00e3o integrativa&#8221;<\/strong> <\/a><a href=\"https:\/\/www.scielo.br\/j\/ape\/a\/3gXPFJ74QR7rJRRwZwTSgJf\/?lang=pt#\"><\/a>, a precis\u00e3o da medida depende totalmente da t\u00e9cnica utilizada e do tipo de term\u00f4metro escolhido. A ci\u00eancia nos mostra que o term\u00f4metro digital comum, posicionado firmemente na axila seca do beb\u00ea, ainda \u00e9 um dos m\u00e9todos mais confi\u00e1veis para uso dom\u00e9stico cotidiano.<\/p>\n\n\n\n<p>Especialistas explicam que medi\u00e7\u00f5es feitas na testa ou no ouvido podem sofrer interfer\u00eancias do suor ou da temperatura externa, gerando resultados imprecisos como os 37,1\u00b0C. Para uma leitura correta, garanta que a axila do beb\u00ea n\u00e3o esteja \u00famida e que o bra\u00e7o esteja mantido junto ao corpo at\u00e9 o sinal sonoro do aparelho.<\/p>\n\n\n\n<h2 class=\"wp-block-heading\">Quais sinais exigem aten\u00e7\u00e3o?<\/h2>\n\n\n\n<p>A ci\u00eancia nos mostra que o comportamento do beb\u00ea \u00e9 um indicativo muito mais importante do que o n\u00famero exato que aparece no visor do term\u00f4metro. Evid\u00eancias do guia de <strong><a href=\"https:\/\/portaldeboaspraticas.iff.fiocruz.br\/biblioteca\/manejo-da-febre-aguda\/\" target=\"_blank\" rel=\"noreferrer noopener\">Manejo da Febre Aguda<\/a><\/strong> da <strong>Fiocruz<\/strong>, confirmam que, se a crian\u00e7a estiver ativa, mamando bem e brincando, a temperatura de 37,1\u00b0C n\u00e3o deve ser motivo de interven\u00e7\u00e3o com medicamentos.<\/p>\n\n\n\n<p>No entanto, existem sinais de alerta que, independentemente do term\u00f4metro, exigem uma avalia\u00e7\u00e3o profissional:<\/p>\n\n\n\n<ul class=\"wp-block-list\">\n<li><strong>Recusa alimentar:<\/strong> o beb\u00ea n\u00e3o quer mamar ou aceitar l\u00edquidos.<\/li>\n\n\n\n<li><strong>Prostra\u00e7\u00e3o excessiva:<\/strong> a crian\u00e7a est\u00e1 muito largadinha, sonolenta ou sem rea\u00e7\u00e3o.<\/li>\n\n\n\n<li><strong>Choro inconsol\u00e1vel:<\/strong> irritabilidade forte que n\u00e3o passa com o colo.<\/li>\n\n\n\n<li><strong>Altera\u00e7\u00f5es na pele:<\/strong> presen\u00e7a de manchas vermelhas ou palidez extrema.<\/li>\n<\/ul>\n\n\n<div class=\"wp-block-image\">\n<figure class=\"aligncenter size-large\"><img decoding=\"async\" width=\"1024\" height=\"584\" src=\"https:\/\/www.tuasaude.com\/news\/wp-content\/uploads\/2026\/01\/freepik__the-style-is-candid-image-photography-with-natural__65824-1024x584.jpeg\" alt=\"Devo me preocupar quando o term\u00f4metro marca 37,1\u00b0C?\" class=\"wp-image-1486\" srcset=\"https:\/\/www.tuasaude.com\/news\/wp-content\/uploads\/2026\/01\/freepik__the-style-is-candid-image-photography-with-natural__65824-1024x584.jpeg 1024w, https:\/\/www.tuasaude.com\/news\/wp-content\/uploads\/2026\/01\/freepik__the-style-is-candid-image-photography-with-natural__65824-300x171.jpeg 300w, https:\/\/www.tuasaude.com\/news\/wp-content\/uploads\/2026\/01\/freepik__the-style-is-candid-image-photography-with-natural__65824-768x438.jpeg 768w, https:\/\/www.tuasaude.com\/news\/wp-content\/uploads\/2026\/01\/freepik__the-style-is-candid-image-photography-with-natural__65824-750x428.jpeg 750w, https:\/\/www.tuasaude.com\/news\/wp-content\/uploads\/2026\/01\/freepik__the-style-is-candid-image-photography-with-natural__65824-1140x650.jpeg 1140w, https:\/\/www.tuasaude.com\/news\/wp-content\/uploads\/2026\/01\/freepik__the-style-is-candid-image-photography-with-natural__65824.jpeg 1280w\" sizes=\"(max-width: 1024px) 100vw, 1024px\" \/><figcaption class=\"wp-element-caption\">Temperatura de 37,1 \u00b0C em beb\u00eas nem sempre indica febre e costuma ser varia\u00e7\u00e3o normal<\/figcaption><\/figure>\n<\/div>\n\n\n<h2 class=\"wp-block-heading\">Voc\u00ea sabe quando procurar ajuda?<\/h2>\n\n\n\n<p>A ci\u00eancia nos mostra que para beb\u00eas menores de tr\u00eas meses, qualquer varia\u00e7\u00e3o t\u00e9rmica acima de<strong><a href=\"https:\/\/www.tuasaude.com\/medico-responde\/375-e-febre\/\" target=\"_blank\" rel=\"noreferrer noopener\"> 37,5\u00b0C<\/a><\/strong> deve ser comunicada imediatamente ao pediatra, devido \u00e0 imaturidade do sistema imunol\u00f3gico. Especialistas explicam que, nessa faixa et\u00e1ria, o corpo ainda n\u00e3o consegue combater infec\u00e7\u00f5es de forma eficiente, tornando a vigil\u00e2ncia muito mais rigorosa.<\/p>\n\n\n\n<p>Para beb\u00eas maiores, a orienta\u00e7\u00e3o \u00e9 observar a evolu\u00e7\u00e3o do quadro: se a temperatura subir al\u00e9m de 37,8\u00b0C ou se surgirem sintomas como v\u00f4mitos e dificuldade para respirar, a busca pelo pronto-atendimento \u00e9 indispens\u00e1vel. Manter a calma e monitorar o estado geral do seu filho \u00e9 a melhor maneira de garantir que ele receba o cuidado necess\u00e1rio no momento certo.<\/p>\n\n\n\n<p>O acompanhamento com um m\u00e9dico ou nutricionista \u00e9 fundamental para um diagn\u00f3stico preciso e tratamento seguro.<\/p>\n","protected":false},"excerpt":{"rendered":"<p>Sentir o rostinho do beb\u00ea mais quente e notar o term\u00f4metro marcar 37,1\u00b0C \u00e9 o suficiente para acelerar o cora\u00e7\u00e3o de qualquer pai ou m\u00e3e. Nessa hora, a d\u00favida \u00e9 imediata: devo correr para o hospital ou \u00e9 apenas um alarme falso? A verdade \u00e9 que o corpo dos pequenos funciona em um ritmo diferente [&hellip;]<\/p>\n","protected":false},"author":9,"featured_media":1485,"comment_status":"open","ping_status":"open","sticky":false,"template":"","format":"standard","meta":{"_yoast_wpseo_focuskw":"beb\u00ea com temperatura alta","_yoast_wpseo_title":"","_yoast_wpseo_metadesc":"Ver 37,1\u00b0C no term\u00f4metro do beb\u00ea assusta muitos pais, mas essa temperatura costuma ser normal. Entenda quando observar e quando buscar ajuda.","jnews-multi-image_gallery":[],"jnews_single_post":{"format":"standard"},"jnews_primary_category":[],"jnews_social_meta":[],"jnews_override_counter":[],"footnotes":""},"categories":[111],"tags":[520,524,525],"class_list":["post-1471","post","type-post","status-publish","format-standard","has-post-thumbnail","hentry","category-saude","tag-bebe-com-temperatura-alta","tag-febre-em-bebe","tag-variacao-de-temperatura-no-bebe"],"yoast_head":"<!-- This site is optimized with the Yoast SEO plugin v26.7 - https:\/\/yoast.com\/wordpress\/plugins\/seo\/ -->\n<title>Devo me preocupar quando o term\u00f4metro marca 37,1\u00b0C? - Tua Sa\u00fade<\/title>\n<meta name=\"description\" content=\"Ver 37,1\u00b0C no term\u00f4metro do beb\u00ea assusta muitos pais, mas essa temperatura costuma ser normal. Entenda quando observar e quando buscar ajuda.\" \/>\n<meta name=\"robots\" content=\"index, follow, max-snippet:-1, max-image-preview:large, max-video-preview:-1\" \/>\n<link rel=\"canonical\" href=\"https:\/\/www.tuasaude.com\/news\/2026\/01\/24\/devo-me-preocupar-quando-o-termometro-marca-371c\/\" \/>\n<meta property=\"og:locale\" content=\"pt_BR\" \/>\n<meta property=\"og:type\" content=\"article\" \/>\n<meta property=\"og:title\" content=\"Devo me preocupar quando o term\u00f4metro marca 37,1\u00b0C? - Tua Sa\u00fade\" \/>\n<meta property=\"og:description\" content=\"Ver 37,1\u00b0C no term\u00f4metro do beb\u00ea assusta muitos pais, mas essa temperatura costuma ser normal. Entenda quando observar e quando buscar ajuda.\" \/>\n<meta property=\"og:url\" content=\"https:\/\/www.tuasaude.com\/news\/2026\/01\/24\/devo-me-preocupar-quando-o-termometro-marca-371c\/\" \/>\n<meta property=\"og:site_name\" content=\"Tua Sa\u00fade\" \/>\n<meta property=\"article:published_time\" content=\"2026-01-24T20:18:00+00:00\" \/>\n<meta property=\"og:image\" content=\"https:\/\/www.tuasaude.com\/news\/wp-content\/uploads\/2026\/01\/freepik__the-style-is-candid-image-photography-with-natural__65823.jpeg\" \/>\n\t<meta property=\"og:image:width\" content=\"1280\" \/>\n\t<meta property=\"og:image:height\" content=\"730\" \/>\n\t<meta property=\"og:image:type\" content=\"image\/jpeg\" \/>\n<meta name=\"author\" content=\"Roberta Patriota\" \/>\n<meta name=\"twitter:card\" content=\"summary_large_image\" \/>\n<meta name=\"twitter:label1\" content=\"Escrito por\" \/>\n\t<meta name=\"twitter:data1\" content=\"Roberta Patriota\" \/>\n\t<meta name=\"twitter:label2\" content=\"Est. tempo de leitura\" \/>\n\t<meta name=\"twitter:data2\" content=\"5 minutos\" \/>\n<!-- \/ Yoast SEO plugin. -->","yoast_head_json":{"title":"Devo me preocupar quando o term\u00f4metro marca 37,1\u00b0C? - Tua Sa\u00fade","description":"Ver 37,1\u00b0C no term\u00f4metro do beb\u00ea assusta muitos pais, mas essa temperatura costuma ser normal. Entenda quando observar e quando buscar ajuda.","robots":{"index":"index","follow":"follow","max-snippet":"max-snippet:-1","max-image-preview":"max-image-preview:large","max-video-preview":"max-video-preview:-1"},"canonical":"https:\/\/www.tuasaude.com\/news\/2026\/01\/24\/devo-me-preocupar-quando-o-termometro-marca-371c\/","og_locale":"pt_BR","og_type":"article","og_title":"Devo me preocupar quando o term\u00f4metro marca 37,1\u00b0C? - Tua Sa\u00fade","og_description":"Ver 37,1\u00b0C no term\u00f4metro do beb\u00ea assusta muitos pais, mas essa temperatura costuma ser normal. Entenda quando observar e quando buscar ajuda.","og_url":"https:\/\/www.tuasaude.com\/news\/2026\/01\/24\/devo-me-preocupar-quando-o-termometro-marca-371c\/","og_site_name":"Tua Sa\u00fade","article_published_time":"2026-01-24T20:18:00+00:00","og_image":[{"width":1280,"height":730,"url":"https:\/\/www.tuasaude.com\/news\/wp-content\/uploads\/2026\/01\/freepik__the-style-is-candid-image-photography-with-natural__65823.jpeg","type":"image\/jpeg"}],"author":"Roberta Patriota","twitter_card":"summary_large_image","twitter_misc":{"Escrito por":"Roberta Patriota","Est. tempo de leitura":"5 minutos"},"schema":{"@context":"https:\/\/schema.org","@graph":[{"@type":"Article","@id":"https:\/\/www.tuasaude.com\/news\/2026\/01\/24\/devo-me-preocupar-quando-o-termometro-marca-371c\/#article","isPartOf":{"@id":"https:\/\/www.tuasaude.com\/news\/2026\/01\/24\/devo-me-preocupar-quando-o-termometro-marca-371c\/"},"author":{"name":"Roberta Patriota","@id":"https:\/\/www.tuasaude.com\/news\/#\/schema\/person\/27adc41011393316b12ef997ca893e44"},"headline":"Devo me preocupar quando o term\u00f4metro marca 37,1\u00b0C?","datePublished":"2026-01-24T20:18:00+00:00","mainEntityOfPage":{"@id":"https:\/\/www.tuasaude.com\/news\/2026\/01\/24\/devo-me-preocupar-quando-o-termometro-marca-371c\/"},"wordCount":381,"commentCount":0,"image":{"@id":"https:\/\/www.tuasaude.com\/news\/2026\/01\/24\/devo-me-preocupar-quando-o-termometro-marca-371c\/#primaryimage"},"thumbnailUrl":"https:\/\/www.tuasaude.com\/news\/wp-content\/uploads\/2026\/01\/freepik__the-style-is-candid-image-photography-with-natural__65823.jpeg","keywords":["beb\u00ea com temperatura alta","febre em beb\u00ea","varia\u00e7\u00e3o de temperatura no beb\u00ea"],"articleSection":["Sa\u00fade"],"inLanguage":"pt-BR","potentialAction":[{"@type":"CommentAction","name":"Comment","target":["https:\/\/www.tuasaude.com\/news\/2026\/01\/24\/devo-me-preocupar-quando-o-termometro-marca-371c\/#respond"]}]},{"@type":"WebPage","@id":"https:\/\/www.tuasaude.com\/news\/2026\/01\/24\/devo-me-preocupar-quando-o-termometro-marca-371c\/","url":"https:\/\/www.tuasaude.com\/news\/2026\/01\/24\/devo-me-preocupar-quando-o-termometro-marca-371c\/","name":"Devo me preocupar quando o term\u00f4metro marca 37,1\u00b0C? - Tua Sa\u00fade","isPartOf":{"@id":"https:\/\/www.tuasaude.com\/news\/#website"},"primaryImageOfPage":{"@id":"https:\/\/www.tuasaude.com\/news\/2026\/01\/24\/devo-me-preocupar-quando-o-termometro-marca-371c\/#primaryimage"},"image":{"@id":"https:\/\/www.tuasaude.com\/news\/2026\/01\/24\/devo-me-preocupar-quando-o-termometro-marca-371c\/#primaryimage"},"thumbnailUrl":"https:\/\/www.tuasaude.com\/news\/wp-content\/uploads\/2026\/01\/freepik__the-style-is-candid-image-photography-with-natural__65823.jpeg","datePublished":"2026-01-24T20:18:00+00:00","author":{"@id":"https:\/\/www.tuasaude.com\/news\/#\/schema\/person\/27adc41011393316b12ef997ca893e44"},"description":"Ver 37,1\u00b0C no term\u00f4metro do beb\u00ea assusta muitos pais, mas essa temperatura costuma ser normal. Entenda quando observar e quando buscar ajuda.","breadcrumb":{"@id":"https:\/\/www.tuasaude.com\/news\/2026\/01\/24\/devo-me-preocupar-quando-o-termometro-marca-371c\/#breadcrumb"},"inLanguage":"pt-BR","potentialAction":[{"@type":"ReadAction","target":["https:\/\/www.tuasaude.com\/news\/2026\/01\/24\/devo-me-preocupar-quando-o-termometro-marca-371c\/"]}]},{"@type":"ImageObject","inLanguage":"pt-BR","@id":"https:\/\/www.tuasaude.com\/news\/2026\/01\/24\/devo-me-preocupar-quando-o-termometro-marca-371c\/#primaryimage","url":"https:\/\/www.tuasaude.com\/news\/wp-content\/uploads\/2026\/01\/freepik__the-style-is-candid-image-photography-with-natural__65823.jpeg","contentUrl":"https:\/\/www.tuasaude.com\/news\/wp-content\/uploads\/2026\/01\/freepik__the-style-is-candid-image-photography-with-natural__65823.jpeg","width":1280,"height":730,"caption":"Saber diferenciar febre de varia\u00e7\u00e3o t\u00e9rmica ajuda pais a manter a calma"},{"@type":"BreadcrumbList","@id":"https:\/\/www.tuasaude.com\/news\/2026\/01\/24\/devo-me-preocupar-quando-o-termometro-marca-371c\/#breadcrumb","itemListElement":[{"@type":"ListItem","position":1,"name":"In\u00edcio","item":"https:\/\/www.tuasaude.com\/news\/"},{"@type":"ListItem","position":2,"name":"Devo me preocupar quando o term\u00f4metro marca 37,1\u00b0C?"}]},{"@type":"WebSite","@id":"https:\/\/www.tuasaude.com\/news\/#website","url":"https:\/\/www.tuasaude.com\/news\/","name":"Tua Sa\u00fade","description":"Seu site de sa\u00fade","potentialAction":[{"@type":"SearchAction","target":{"@type":"EntryPoint","urlTemplate":"https:\/\/www.tuasaude.com\/news\/?s={search_term_string}"},"query-input":{"@type":"PropertyValueSpecification","valueRequired":true,"valueName":"search_term_string"}}],"inLanguage":"pt-BR"},{"@type":"Person","@id":"https:\/\/www.tuasaude.com\/news\/#\/schema\/person\/27adc41011393316b12ef997ca893e44","name":"Roberta Patriota","image":{"@type":"ImageObject","inLanguage":"pt-BR","@id":"https:\/\/www.tuasaude.com\/news\/#\/schema\/person\/image\/","url":"https:\/\/secure.gravatar.com\/avatar\/40fc934d21bfa38a60909bb2e5f2ec503dcd4d849aa772e107feb32efe75c210?s=96&d=mm&r=g","contentUrl":"https:\/\/secure.gravatar.com\/avatar\/40fc934d21bfa38a60909bb2e5f2ec503dcd4d849aa772e107feb32efe75c210?s=96&d=mm&r=g","caption":"Roberta Patriota"},"sameAs":["https:\/\/www.tuasaude.com\/news\/"],"url":"https:\/\/www.tuasaude.com\/news\/author\/roberta-patriota\/"}]}},"_links":{"self":[{"href":"https:\/\/www.tuasaude.com\/news\/wp-json\/wp\/v2\/posts\/1471","targetHints":{"allow":["GET"]}}],"collection":[{"href":"https:\/\/www.tuasaude.com\/news\/wp-json\/wp\/v2\/posts"}],"about":[{"href":"https:\/\/www.tuasaude.com\/news\/wp-json\/wp\/v2\/types\/post"}],"author":[{"embeddable":true,"href":"https:\/\/www.tuasaude.com\/news\/wp-json\/wp\/v2\/users\/9"}],"replies":[{"embeddable":true,"href":"https:\/\/www.tuasaude.com\/news\/wp-json\/wp\/v2\/comments?post=1471"}],"version-history":[{"count":3,"href":"https:\/\/www.tuasaude.com\/news\/wp-json\/wp\/v2\/posts\/1471\/revisions"}],"predecessor-version":[{"id":1514,"href":"https:\/\/www.tuasaude.com\/news\/wp-json\/wp\/v2\/posts\/1471\/revisions\/1514"}],"wp:featuredmedia":[{"embeddable":true,"href":"https:\/\/www.tuasaude.com\/news\/wp-json\/wp\/v2\/media\/1485"}],"wp:attachment":[{"href":"https:\/\/www.tuasaude.com\/news\/wp-json\/wp\/v2\/media?parent=1471"}],"wp:term":[{"taxonomy":"category","embeddable":true,"href":"https:\/\/www.tuasaude.com\/news\/wp-json\/wp\/v2\/categories?post=1471"},{"taxonomy":"post_tag","embeddable":true,"href":"https:\/\/www.tuasaude.com\/news\/wp-json\/wp\/v2\/tags?post=1471"}],"curies":[{"name":"wp","href":"https:\/\/api.w.org\/{rel}","templated":true}]}}