{"id":1458,"date":"2026-01-28T09:16:06","date_gmt":"2026-01-28T12:16:06","guid":{"rendered":"https:\/\/www.tuasaude.com\/news\/?p=1458"},"modified":"2026-01-28T09:16:07","modified_gmt":"2026-01-28T12:16:07","slug":"penteados-apertados-podem-levar-a-perda-definitiva-do-cabelo","status":"publish","type":"post","link":"https:\/\/www.tuasaude.com\/news\/2026\/01\/28\/penteados-apertados-podem-levar-a-perda-definitiva-do-cabelo\/","title":{"rendered":"Penteados apertados podem levar \u00e0 perda definitiva do cabelo?"},"content":{"rendered":"\n<p>Se voc\u00ea percebeu que o contorno do seu cabelo est\u00e1 recuando ou que fios mais curtos e ralos surgiram nas t\u00eamporas ap\u00f3s o uso frequente de penteados apertados, voc\u00ea pode estar lidando com a <strong><a href=\"https:\/\/www.tuasaude.com\/alopecia-por-tracao\/\" target=\"_blank\" rel=\"noreferrer noopener\">alopecia por tra\u00e7\u00e3o<\/a><\/strong>. Diferente de causas gen\u00e9ticas, esse tipo de queda \u00e9 provocado pela tens\u00e3o mec\u00e2nica constante, mas a boa not\u00edcia \u00e9 que, quando identificada cedo, ela \u00e9 totalmente revers\u00edvel. Entender como proteger a raiz do seu cabelo hoje \u00e9 o segredo para evitar falhas definitivas e manter a sa\u00fade do couro cabeludo sem precisar abrir m\u00e3o do seu estilo.<\/p>\n\n\n\n<h2 class=\"wp-block-heading\">O que causa esse problema?<\/h2>\n\n\n\n<p>A ci\u00eancia nos mostra que a alopecia por tra\u00e7\u00e3o \u00e9 resultado de uma for\u00e7a f\u00edsica repetitiva aplicada ao fol\u00edculo piloso, o que gera uma inflama\u00e7\u00e3o ao redor da raiz. Segundo a revis\u00e3o &#8220;<strong><a href=\"https:\/\/pubmed.ncbi.nlm.nih.gov\/29670386\/\" target=\"_blank\" rel=\"noreferrer noopener\">Alopecia por tra\u00e7\u00e3o: a raiz do problema<\/a>&#8220;<\/strong>, o uso prolongado de extens\u00f5es, tran\u00e7as muito rentes ao couro cabeludo ou rabos de cavalo excessivamente esticados s\u00e3o os principais gatilhos para esse dano.<\/p>\n\n\n\n<p>A tens\u00e3o mec\u00e2nica prejudica a microcircula\u00e7\u00e3o sangu\u00ednea no couro cabeludo, impedindo que nutrientes cheguem ao fio. Com o tempo, essa agress\u00e3o cont\u00ednua pode levar \u00e0 atrofia do fol\u00edculo, transformando uma queda tempor\u00e1ria em uma perda de cabelo cicatricial e permanente se n\u00e3o houver mudan\u00e7a de h\u00e1bito.<\/p>\n\n\n\n<h2 class=\"wp-block-heading\">Quais s\u00e3o os sintomas?<\/h2>\n\n\n\n<p>Evid\u00eancias do <strong><a href=\"https:\/\/www.sbd.org.br\/alopecia-androgenetica-sociedade-brasileira-de-dermatologia-alerta-sobre-a-doenca-e-opcoes-de-tratamento\/#:~:text=Alopecia%20Androgen%C3%A9tica:%20Sociedade%20Brasileira%20de,e%20op%C3%A7%C3%B5es%20de%20tratamento%20%2D%20SBD\" target=\"_blank\" rel=\"noreferrer noopener\">Guia de Dermatologia e Sa\u00fade Bucal do Minist\u00e9rio da Sa\u00fade<\/a><\/strong> confirmam que os primeiros sinais costumam ser sutis, manifestando-se atrav\u00e9s de desconfortos localizados antes mesmo da queda vis\u00edvel. Identificar esses alertas precocemente permite que o fol\u00edculo se recupere completamente, preservando a densidade capilar nas \u00e1reas de maior tens\u00e3o, como a testa e a nuca.<\/p>\n\n\n\n<p>Os sinais mais comuns relatados por pacientes incluem:<\/p>\n\n\n\n<ul class=\"wp-block-list\">\n<li><strong>Pequenas bolinhas vermelhas:<\/strong> surgimento de foliculite (inflama\u00e7\u00e3o) na base dos fios.<\/li>\n\n\n\n<li><strong>Cefaleia de tra\u00e7\u00e3o:<\/strong> dores de cabe\u00e7a causadas pela press\u00e3o excessiva do penteado.<\/li>\n\n\n\n<li><strong>Fios &#8220;baby hair&#8221; quebradi\u00e7os:<\/strong> presen\u00e7a de cabelos muito curtos e finos na linha frontal.<\/li>\n\n\n\n<li><strong>Descama\u00e7\u00e3o e coceira:<\/strong> sinais de irrita\u00e7\u00e3o intensa na pele do couro cabeludo.<\/li>\n<\/ul>\n\n\n<div class=\"wp-block-image\">\n<figure class=\"aligncenter size-large\"><img decoding=\"async\" width=\"1024\" height=\"585\" src=\"https:\/\/www.tuasaude.com\/news\/wp-content\/uploads\/2026\/01\/freepik__35mm-film-photography-mulher-adulta-com-cabelo-sol__28855-1024x585.jpeg\" alt=\"Penteados apertados podem levar \u00e0 perda definitiva do cabelo?\" class=\"wp-image-1674\"\/><figcaption class=\"wp-element-caption\">Dor e coceira no couro cabeludo s\u00e3o alertas importantes<\/figcaption><\/figure>\n<\/div>\n\n\n<h2 class=\"wp-block-heading\">Como \u00e9 feito o tratamento?<\/h2>\n\n\n\n<p>De acordo com o guia da <strong><a href=\"https:\/\/sbdrj.org.br\/alopecia-de-tracao\/\" target=\"_blank\" rel=\"noreferrer noopener\">Sociedade Brasileira de Dermatologia Regional do Rio de Janeiro<\/a><\/strong>, a base do tratamento \u00e9 a interrup\u00e7\u00e3o imediata da tra\u00e7\u00e3o, permitindo que o ciclo de crescimento do cabelo se normalize. A ci\u00eancia nos mostra que o uso de t\u00f4nicos espec\u00edficos e massagens estimuladoras pode auxiliar na recupera\u00e7\u00e3o, desde que o fol\u00edculo ainda n\u00e3o tenha sofrido um processo de fibrose definitiva.<\/p>\n\n\n\n<p>Em casos onde a inflama\u00e7\u00e3o \u00e9 persistente, especialistas podem prescrever corticosteroides t\u00f3picos ou solu\u00e7\u00f5es de minoxidil para prolongar a fase de crescimento do fio. O foco principal \u00e9 reduzir o estresse oxidativo na raiz, garantindo que o novo cabelo nas\u00e7a com a espessura adequada e for\u00e7a necess\u00e1ria para se manter fixo ao couro cabeludo.<\/p>\n\n\n\n<h2 class=\"wp-block-heading\">Como prevenir a queda?<\/h2>\n\n\n\n<p>Especialistas explicam que a preven\u00e7\u00e3o \u00e9 a estrat\u00e9gia mais eficaz, baseada em t\u00e9cnicas de estiliza\u00e7\u00e3o que respeitam o limite de elasticidade da fibra capilar. A ci\u00eancia nos mostra que alternar penteados e evitar o uso de qu\u00edmicas em cabelos j\u00e1 tensionados reduz drasticamente o risco de danos irrevers\u00edveis, mantendo a integridade da linha de crescimento.<\/p>\n\n\n\n<p>Para proteger seus fios diariamente, considere as seguintes recomenda\u00e7\u00f5es:<\/p>\n\n\n\n<div style=\"overflow-x:auto; font-family: 'Segoe UI', Tahoma, Geneva, Verdana, sans-serif; margin: 25px 0;\">\n  <table style=\"width: 100%; border-collapse: separate; border-spacing: 15px 0; min-width: 650px;\">\n    <thead>\n      <tr>\n        <th style=\"background-color: #fdf2f8; border: 2px solid #f9a8d4; border-radius: 15px 15px 0 0; padding: 20px; text-align: center;\">\n          <span style=\"font-size: 35px;\">\u261d\ufe0f<\/span><br>\n          <strong style=\"color: #9d174d; display: block; margin-top: 10px; font-size: 14px;\">REGRA DOS DEDOS<\/strong>\n        <\/th>\n        <th style=\"background-color: #fdf2f8; border: 2px solid #f9a8d4; border-radius: 15px 15px 0 0; padding: 20px; text-align: center;\">\n          <span style=\"font-size: 35px;\">\ud83d\udca4<\/span><br>\n          <strong style=\"color: #9d174d; display: block; margin-top: 10px; font-size: 14px;\">DESCANSO<\/strong>\n        <\/th>\n        <th style=\"background-color: #fdf2f8; border: 2px solid #f9a8d4; border-radius: 15px 15px 0 0; padding: 20px; text-align: center;\">\n          <span style=\"font-size: 35px;\">\ud83c\udf80<\/span><br>\n          <strong style=\"color: #9d174d; display: block; margin-top: 10px; font-size: 14px;\">ACESS\u00d3RIOS<\/strong>\n        <\/th>\n        <th style=\"background-color: #fdf2f8; border: 2px solid #f9a8d4; border-radius: 15px 15px 0 0; padding: 20px; text-align: center;\">\n          <span style=\"font-size: 35px;\">\u2696\ufe0f<\/span><br>\n          <strong style=\"color: #9d174d; display: block; margin-top: 10px; font-size: 14px;\">EXTENS\u00d5ES<\/strong>\n        <\/th>\n      <\/tr>\n    <\/thead>\n    <tbody>\n      <tr>\n        <td style=\"background-color: #ffffff; border: 2px solid #f9a8d4; border-top: none; border-radius: 0 0 15px 15px; padding: 15px; text-align: center; vertical-align: top;\">\n          <p style=\"font-size: 13px; color: #4b5563; line-height: 1.5; margin: 0;\">Insira um dedo sob o el\u00e1stico para garantir que a tens\u00e3o n\u00e3o agrida a raiz.<\/p>\n        <\/td>\n        <td style=\"background-color: #ffffff; border: 2px solid #f9a8d4; border-top: none; border-radius: 0 0 15px 15px; padding: 15px; text-align: center; vertical-align: top;\">\n          <p style=\"font-size: 13px; color: #4b5563; line-height: 1.5; margin: 0;\">Mantenha os fios totalmente soltos por ao menos 2 dias na semana.<\/p>\n        <\/td>\n        <td style=\"background-color: #ffffff; border: 2px solid #f9a8d4; border-top: none; border-radius: 0 0 15px 15px; padding: 15px; text-align: center; vertical-align: top;\">\n          <p style=\"font-size: 13px; color: #4b5563; line-height: 1.5; margin: 0;\">Utilize materiais como seda ou cetim para reduzir a fric\u00e7\u00e3o e o corte.<\/p>\n        <\/td>\n        <td style=\"background-color: #ffffff; border: 2px solid #f9a8d4; border-top: none; border-radius: 0 0 15px 15px; padding: 15px; text-align: center; vertical-align: top;\">\n          <p style=\"font-size: 13px; color: #4b5563; line-height: 1.5; margin: 0;\">Evite apliques muito pesados que exercem for\u00e7a constante para baixo.<\/p>\n        <\/td>\n      <\/tr>\n    <\/tbody>\n  <\/table>\n<\/div>\n\n\n\n<h2 class=\"wp-block-heading\">Quando procurar um m\u00e9dico?<\/h2>\n\n\n\n<p>A ci\u00eancia nos mostra que a linha entre a queda revers\u00edvel e a <strong><a href=\"https:\/\/www.tuasaude.com\/calvicie\/\">calv\u00ed<\/a><a href=\"https:\/\/www.tuasaude.com\/calvicie\/\" target=\"_blank\" rel=\"noreferrer noopener\">c<\/a><a href=\"https:\/\/www.tuasaude.com\/calvicie\/\">ie<\/a><\/strong> permanente \u00e9 o tempo de exposi\u00e7\u00e3o \u00e0 tra\u00e7\u00e3o, por isso a avalia\u00e7\u00e3o profissional \u00e9 urgente se as falhas n\u00e3o fecharem sozinhas. Evid\u00eancias de diretrizes dermatol\u00f3gicas confirmam que, se a \u00e1rea afetada parecer lisa e brilhante, pode ser sinal de que o fol\u00edculo j\u00e1 foi substitu\u00eddo por uma cicatriz.<\/p>\n\n\n\n<p>Nesses est\u00e1gios avan\u00e7ados, tratamentos caseiros n\u00e3o s\u00e3o suficientes e podem retardar a interven\u00e7\u00e3o necess\u00e1ria, como o microagulhamento ou o transplante capilar. Um especialista poder\u00e1 realizar a tricoscopia para analisar a sa\u00fade das ra\u00edzes e indicar o protocolo de recupera\u00e7\u00e3o celular mais adequado para o seu n\u00edvel de perda capilar.<\/p>\n\n\n\n<p>O acompanhamento com um m\u00e9dico ou nutricionista \u00e9 fundamental para um diagn\u00f3stico preciso e tratamento seguro.<\/p>\n","protected":false},"excerpt":{"rendered":"<p>Se voc\u00ea percebeu que o contorno do seu cabelo est\u00e1 recuando ou que fios mais curtos e ralos surgiram nas t\u00eamporas ap\u00f3s o uso frequente de penteados apertados, voc\u00ea pode estar lidando com a alopecia por tra\u00e7\u00e3o. Diferente de causas gen\u00e9ticas, esse tipo de queda \u00e9 provocado pela tens\u00e3o mec\u00e2nica constante, mas a boa not\u00edcia [&hellip;]<\/p>\n","protected":false},"author":9,"featured_media":1675,"comment_status":"open","ping_status":"open","sticky":false,"template":"","format":"standard","meta":{"_yoast_wpseo_focuskw":"alopecia por tra\u00e7\u00e3o","_yoast_wpseo_title":"","_yoast_wpseo_metadesc":"Penteados apertados podem inflamar o fol\u00edculo e causar queda irrevers\u00edvel. Saiba quando a alopecia por tra\u00e7\u00e3o ainda tem solu\u00e7\u00e3o segura.","jnews-multi-image_gallery":[],"jnews_single_post":{"format":"standard"},"jnews_primary_category":[],"jnews_social_meta":[],"jnews_override_counter":[],"footnotes":""},"categories":[111],"tags":[500,502,503,501],"class_list":["post-1458","post","type-post","status-publish","format-standard","has-post-thumbnail","hentry","category-saude","tag-alopecia-por-tracao","tag-penteados-apertados","tag-prevencao-da-queda-capilar","tag-queda-de-cabelo-por-tracao"],"yoast_head":"<!-- This site is optimized with the Yoast SEO plugin v26.7 - https:\/\/yoast.com\/wordpress\/plugins\/seo\/ -->\n<title>Penteados apertados podem levar \u00e0 perda definitiva do cabelo? - Tua Sa\u00fade<\/title>\n<meta name=\"description\" content=\"Penteados apertados podem inflamar o fol\u00edculo e causar queda irrevers\u00edvel. Saiba quando a alopecia por tra\u00e7\u00e3o ainda tem solu\u00e7\u00e3o segura.\" \/>\n<meta name=\"robots\" content=\"index, follow, max-snippet:-1, max-image-preview:large, max-video-preview:-1\" \/>\n<link rel=\"canonical\" href=\"https:\/\/www.tuasaude.com\/news\/2026\/01\/28\/penteados-apertados-podem-levar-a-perda-definitiva-do-cabelo\/\" \/>\n<meta property=\"og:locale\" content=\"pt_BR\" \/>\n<meta property=\"og:type\" content=\"article\" \/>\n<meta property=\"og:title\" content=\"Penteados apertados podem levar \u00e0 perda definitiva do cabelo? - Tua Sa\u00fade\" \/>\n<meta property=\"og:description\" content=\"Penteados apertados podem inflamar o fol\u00edculo e causar queda irrevers\u00edvel. Saiba quando a alopecia por tra\u00e7\u00e3o ainda tem solu\u00e7\u00e3o segura.\" \/>\n<meta property=\"og:url\" content=\"https:\/\/www.tuasaude.com\/news\/2026\/01\/28\/penteados-apertados-podem-levar-a-perda-definitiva-do-cabelo\/\" \/>\n<meta property=\"og:site_name\" content=\"Tua Sa\u00fade\" \/>\n<meta property=\"article:published_time\" content=\"2026-01-28T12:16:06+00:00\" \/>\n<meta property=\"article:modified_time\" content=\"2026-01-28T12:16:07+00:00\" \/>\n<meta property=\"og:image\" content=\"https:\/\/www.tuasaude.com\/news\/wp-content\/uploads\/2026\/01\/freepik__35mm-film-photography-mulher-adulta-vista-de-frent__28854-scaled-e1769337265832.jpeg\" \/>\n\t<meta property=\"og:image:width\" content=\"1280\" \/>\n\t<meta property=\"og:image:height\" content=\"732\" \/>\n\t<meta property=\"og:image:type\" content=\"image\/jpeg\" \/>\n<meta name=\"author\" content=\"Roberta Patriota\" \/>\n<meta name=\"twitter:card\" content=\"summary_large_image\" \/>\n<meta name=\"twitter:label1\" content=\"Escrito por\" \/>\n\t<meta name=\"twitter:data1\" content=\"Roberta Patriota\" \/>\n\t<meta name=\"twitter:label2\" content=\"Est. tempo de leitura\" \/>\n\t<meta name=\"twitter:data2\" content=\"1 minuto\" \/>\n<!-- \/ Yoast SEO plugin. -->","yoast_head_json":{"title":"Penteados apertados podem levar \u00e0 perda definitiva do cabelo? - Tua Sa\u00fade","description":"Penteados apertados podem inflamar o fol\u00edculo e causar queda irrevers\u00edvel. Saiba quando a alopecia por tra\u00e7\u00e3o ainda tem solu\u00e7\u00e3o segura.","robots":{"index":"index","follow":"follow","max-snippet":"max-snippet:-1","max-image-preview":"max-image-preview:large","max-video-preview":"max-video-preview:-1"},"canonical":"https:\/\/www.tuasaude.com\/news\/2026\/01\/28\/penteados-apertados-podem-levar-a-perda-definitiva-do-cabelo\/","og_locale":"pt_BR","og_type":"article","og_title":"Penteados apertados podem levar \u00e0 perda definitiva do cabelo? - Tua Sa\u00fade","og_description":"Penteados apertados podem inflamar o fol\u00edculo e causar queda irrevers\u00edvel. Saiba quando a alopecia por tra\u00e7\u00e3o ainda tem solu\u00e7\u00e3o segura.","og_url":"https:\/\/www.tuasaude.com\/news\/2026\/01\/28\/penteados-apertados-podem-levar-a-perda-definitiva-do-cabelo\/","og_site_name":"Tua Sa\u00fade","article_published_time":"2026-01-28T12:16:06+00:00","article_modified_time":"2026-01-28T12:16:07+00:00","og_image":[{"width":1280,"height":732,"url":"https:\/\/www.tuasaude.com\/news\/wp-content\/uploads\/2026\/01\/freepik__35mm-film-photography-mulher-adulta-vista-de-frent__28854-scaled-e1769337265832.jpeg","type":"image\/jpeg"}],"author":"Roberta Patriota","twitter_card":"summary_large_image","twitter_misc":{"Escrito por":"Roberta Patriota","Est. tempo de leitura":"1 minuto"},"schema":{"@context":"https:\/\/schema.org","@graph":[{"@type":"Article","@id":"https:\/\/www.tuasaude.com\/news\/2026\/01\/28\/penteados-apertados-podem-levar-a-perda-definitiva-do-cabelo\/#article","isPartOf":{"@id":"https:\/\/www.tuasaude.com\/news\/2026\/01\/28\/penteados-apertados-podem-levar-a-perda-definitiva-do-cabelo\/"},"author":{"name":"Roberta Patriota","@id":"https:\/\/www.tuasaude.com\/news\/#\/schema\/person\/27adc41011393316b12ef997ca893e44"},"headline":"Penteados apertados podem levar \u00e0 perda definitiva do cabelo?","datePublished":"2026-01-28T12:16:06+00:00","dateModified":"2026-01-28T12:16:07+00:00","mainEntityOfPage":{"@id":"https:\/\/www.tuasaude.com\/news\/2026\/01\/28\/penteados-apertados-podem-levar-a-perda-definitiva-do-cabelo\/"},"wordCount":809,"commentCount":0,"image":{"@id":"https:\/\/www.tuasaude.com\/news\/2026\/01\/28\/penteados-apertados-podem-levar-a-perda-definitiva-do-cabelo\/#primaryimage"},"thumbnailUrl":"https:\/\/www.tuasaude.com\/news\/wp-content\/uploads\/2026\/01\/freepik__35mm-film-photography-mulher-adulta-vista-de-frent__28854-scaled-e1769337265832.jpeg","keywords":["alopecia por tra\u00e7\u00e3o","penteados apertados","preven\u00e7\u00e3o da queda capilar","queda de cabelo por tra\u00e7\u00e3o"],"articleSection":["Sa\u00fade"],"inLanguage":"pt-BR","potentialAction":[{"@type":"CommentAction","name":"Comment","target":["https:\/\/www.tuasaude.com\/news\/2026\/01\/28\/penteados-apertados-podem-levar-a-perda-definitiva-do-cabelo\/#respond"]}]},{"@type":"WebPage","@id":"https:\/\/www.tuasaude.com\/news\/2026\/01\/28\/penteados-apertados-podem-levar-a-perda-definitiva-do-cabelo\/","url":"https:\/\/www.tuasaude.com\/news\/2026\/01\/28\/penteados-apertados-podem-levar-a-perda-definitiva-do-cabelo\/","name":"Penteados apertados podem levar \u00e0 perda definitiva do cabelo? - Tua Sa\u00fade","isPartOf":{"@id":"https:\/\/www.tuasaude.com\/news\/#website"},"primaryImageOfPage":{"@id":"https:\/\/www.tuasaude.com\/news\/2026\/01\/28\/penteados-apertados-podem-levar-a-perda-definitiva-do-cabelo\/#primaryimage"},"image":{"@id":"https:\/\/www.tuasaude.com\/news\/2026\/01\/28\/penteados-apertados-podem-levar-a-perda-definitiva-do-cabelo\/#primaryimage"},"thumbnailUrl":"https:\/\/www.tuasaude.com\/news\/wp-content\/uploads\/2026\/01\/freepik__35mm-film-photography-mulher-adulta-vista-de-frent__28854-scaled-e1769337265832.jpeg","datePublished":"2026-01-28T12:16:06+00:00","dateModified":"2026-01-28T12:16:07+00:00","author":{"@id":"https:\/\/www.tuasaude.com\/news\/#\/schema\/person\/27adc41011393316b12ef997ca893e44"},"description":"Penteados apertados podem inflamar o fol\u00edculo e causar queda irrevers\u00edvel. Saiba quando a alopecia por tra\u00e7\u00e3o ainda tem solu\u00e7\u00e3o segura.","breadcrumb":{"@id":"https:\/\/www.tuasaude.com\/news\/2026\/01\/28\/penteados-apertados-podem-levar-a-perda-definitiva-do-cabelo\/#breadcrumb"},"inLanguage":"pt-BR","potentialAction":[{"@type":"ReadAction","target":["https:\/\/www.tuasaude.com\/news\/2026\/01\/28\/penteados-apertados-podem-levar-a-perda-definitiva-do-cabelo\/"]}]},{"@type":"ImageObject","inLanguage":"pt-BR","@id":"https:\/\/www.tuasaude.com\/news\/2026\/01\/28\/penteados-apertados-podem-levar-a-perda-definitiva-do-cabelo\/#primaryimage","url":"https:\/\/www.tuasaude.com\/news\/wp-content\/uploads\/2026\/01\/freepik__35mm-film-photography-mulher-adulta-vista-de-frent__28854-scaled-e1769337265832.jpeg","contentUrl":"https:\/\/www.tuasaude.com\/news\/wp-content\/uploads\/2026\/01\/freepik__35mm-film-photography-mulher-adulta-vista-de-frent__28854-scaled-e1769337265832.jpeg","width":1280,"height":732,"caption":"Penteados muito apertados podem causar queda de cabelo"},{"@type":"BreadcrumbList","@id":"https:\/\/www.tuasaude.com\/news\/2026\/01\/28\/penteados-apertados-podem-levar-a-perda-definitiva-do-cabelo\/#breadcrumb","itemListElement":[{"@type":"ListItem","position":1,"name":"In\u00edcio","item":"https:\/\/www.tuasaude.com\/news\/"},{"@type":"ListItem","position":2,"name":"Penteados apertados podem levar \u00e0 perda definitiva do cabelo?"}]},{"@type":"WebSite","@id":"https:\/\/www.tuasaude.com\/news\/#website","url":"https:\/\/www.tuasaude.com\/news\/","name":"Tua Sa\u00fade","description":"Seu site de sa\u00fade","potentialAction":[{"@type":"SearchAction","target":{"@type":"EntryPoint","urlTemplate":"https:\/\/www.tuasaude.com\/news\/?s={search_term_string}"},"query-input":{"@type":"PropertyValueSpecification","valueRequired":true,"valueName":"search_term_string"}}],"inLanguage":"pt-BR"},{"@type":"Person","@id":"https:\/\/www.tuasaude.com\/news\/#\/schema\/person\/27adc41011393316b12ef997ca893e44","name":"Roberta Patriota","image":{"@type":"ImageObject","inLanguage":"pt-BR","@id":"https:\/\/www.tuasaude.com\/news\/#\/schema\/person\/image\/","url":"https:\/\/secure.gravatar.com\/avatar\/40fc934d21bfa38a60909bb2e5f2ec503dcd4d849aa772e107feb32efe75c210?s=96&d=mm&r=g","contentUrl":"https:\/\/secure.gravatar.com\/avatar\/40fc934d21bfa38a60909bb2e5f2ec503dcd4d849aa772e107feb32efe75c210?s=96&d=mm&r=g","caption":"Roberta Patriota"},"sameAs":["https:\/\/www.tuasaude.com\/news\/"],"url":"https:\/\/www.tuasaude.com\/news\/author\/roberta-patriota\/"}]}},"_links":{"self":[{"href":"https:\/\/www.tuasaude.com\/news\/wp-json\/wp\/v2\/posts\/1458","targetHints":{"allow":["GET"]}}],"collection":[{"href":"https:\/\/www.tuasaude.com\/news\/wp-json\/wp\/v2\/posts"}],"about":[{"href":"https:\/\/www.tuasaude.com\/news\/wp-json\/wp\/v2\/types\/post"}],"author":[{"embeddable":true,"href":"https:\/\/www.tuasaude.com\/news\/wp-json\/wp\/v2\/users\/9"}],"replies":[{"embeddable":true,"href":"https:\/\/www.tuasaude.com\/news\/wp-json\/wp\/v2\/comments?post=1458"}],"version-history":[{"count":2,"href":"https:\/\/www.tuasaude.com\/news\/wp-json\/wp\/v2\/posts\/1458\/revisions"}],"predecessor-version":[{"id":1677,"href":"https:\/\/www.tuasaude.com\/news\/wp-json\/wp\/v2\/posts\/1458\/revisions\/1677"}],"wp:featuredmedia":[{"embeddable":true,"href":"https:\/\/www.tuasaude.com\/news\/wp-json\/wp\/v2\/media\/1675"}],"wp:attachment":[{"href":"https:\/\/www.tuasaude.com\/news\/wp-json\/wp\/v2\/media?parent=1458"}],"wp:term":[{"taxonomy":"category","embeddable":true,"href":"https:\/\/www.tuasaude.com\/news\/wp-json\/wp\/v2\/categories?post=1458"},{"taxonomy":"post_tag","embeddable":true,"href":"https:\/\/www.tuasaude.com\/news\/wp-json\/wp\/v2\/tags?post=1458"}],"curies":[{"name":"wp","href":"https:\/\/api.w.org\/{rel}","templated":true}]}}