{"id":1418,"date":"2026-01-24T08:00:00","date_gmt":"2026-01-24T11:00:00","guid":{"rendered":"https:\/\/www.tuasaude.com\/news\/?p=1418"},"modified":"2026-01-24T06:53:09","modified_gmt":"2026-01-24T09:53:09","slug":"mau-halito-que-nao-passa-pode-esconder-problemas-alem-do-desconforto","status":"publish","type":"post","link":"https:\/\/www.tuasaude.com\/news\/2026\/01\/24\/mau-halito-que-nao-passa-pode-esconder-problemas-alem-do-desconforto\/","title":{"rendered":"Mau h\u00e1lito que n\u00e3o passa pode esconder problemas al\u00e9m do desconforto"},"content":{"rendered":"\n<p>Acordar com um gosto amargo ou sentir inseguran\u00e7a ao conversar de perto com algu\u00e9m \u00e9 uma situa\u00e7\u00e3o angustiante que afeta milh\u00f5es de brasileiros. Embora muitos acreditem que o problema venha exclusivamente do est\u00f4mago, a ci\u00eancia revela que a verdadeira <strong><a href=\"https:\/\/www.tuasaude.com\/9-motivos-do-mau-halito\/\" target=\"_blank\" rel=\"noreferrer noopener\">origem do mau h\u00e1lito<\/a><\/strong> costuma estar em detalhes simples da rotina que, quando ajustados, devolvem a autoconfian\u00e7a e o frescor em poucos dias.<\/p>\n\n\n\n<h2 class=\"wp-block-heading\">Por que o mau h\u00e1lito acontece?<\/h2>\n\n\n\n<p>A ci\u00eancia nos mostra que cerca de 90% dos casos de <strong><a href=\"https:\/\/www.tuasaude.com\/halitose\/\" target=\"_blank\" rel=\"noreferrer noopener\">halitose<\/a><\/strong> t\u00eam origem na pr\u00f3pria cavidade oral. Segundo o guia <strong><a href=\"https:\/\/www.abha.org.br\/halitose\/causas\" target=\"_blank\" rel=\"noreferrer noopener\">&#8220;Halitose&#8221; <\/a><\/strong>da <strong>Associa\u00e7\u00e3o Brasileira de Halitose (ABHA) <\/strong>a decomposi\u00e7\u00e3o de res\u00edduos alimentares por bact\u00e9rias libera compostos sulfurados vol\u00e1teis, que s\u00e3o os grandes respons\u00e1veis pelo odor caracter\u00edstico e desagrad\u00e1vel.<\/p>\n\n\n\n<p>Especialistas da <strong><a href=\"https:\/\/www.who.int\/news-room\/fact-sheets\/detail\/oral-health\" target=\"_blank\" rel=\"noreferrer noopener\">Organiza\u00e7\u00e3o Mundial da Sa\u00fade (OMS)<\/a><\/strong> explicam que a redu\u00e7\u00e3o do fluxo salivar durante o sono ou per\u00edodos de jejum prolongado acelera esse processo. Quando a boca fica seca, as c\u00e9lulas mortas e bact\u00e9rias se acumulam na l\u00edngua, formando uma camada esbranqui\u00e7ada que precisa de interven\u00e7\u00e3o direta para ser removida.<\/p>\n\n\n\n<h2 class=\"wp-block-heading\">Como higienizar a boca corretamente?<\/h2>\n\n\n\n<p>Para garantir um h\u00e1lito fresco, o foco deve ir muito al\u00e9m de apenas escovar os dentes ap\u00f3s as refei\u00e7\u00f5es. Evid\u00eancias do <strong><a href=\"https:\/\/bvsms.saude.gov.br\/bvs\/publicacoes\/saude_bucal.pdf\" target=\"_blank\" rel=\"noreferrer noopener\">Guia de Aten\u00e7\u00e3o B\u00e1sica em Sa\u00fade Bucal do Minist\u00e9rio da Sa\u00fade<\/a><\/strong> confirmam que a remo\u00e7\u00e3o mec\u00e2nica da saburra lingual e o uso correto do fio dental s\u00e3o os passos mais eficazes para reduzir a carga bacteriana total.<\/p>\n\n\n\n<p>As t\u00e9cnicas recomendadas para uma limpeza profunda incluem:<\/p>\n\n\n\n<ul class=\"wp-block-list\">\n<li><strong>Uso de raspadores linguais:<\/strong> s\u00e3o mais eficientes que a escova para limpar o dorso da l\u00edngua sem causar n\u00e1useas.<\/li>\n\n\n\n<li><strong>Fio dental di\u00e1rio:<\/strong> essencial para remover restos que apodrecem entre os dentes, onde a escova n\u00e3o alcan\u00e7a.<\/li>\n\n\n\n<li><strong>Escova\u00e7\u00e3o circular:<\/strong> protege a gengiva e evita o ac\u00famulo de placa bacteriana no sulco gengival.<\/li>\n<\/ul>\n\n\n<div class=\"wp-block-image\">\n<figure class=\"aligncenter size-large\"><img decoding=\"async\" width=\"1024\" height=\"585\" src=\"https:\/\/www.tuasaude.com\/news\/wp-content\/uploads\/2026\/01\/freepik__candid-photography-with-natural-textures-and-highl__65844-1024x585.png\" alt=\"Mau h\u00e1lito que n\u00e3o passa pode esconder problemas al\u00e9m do desconforto\" class=\"wp-image-1525\"\/><figcaption class=\"wp-element-caption\">Na maioria dos casos, o mau h\u00e1lito come\u00e7a na boca, n\u00e3o no est\u00f4mago<\/figcaption><\/figure>\n<\/div>\n\n\n<h2 class=\"wp-block-heading\">Quais alimentos ajudam no frescor?<\/h2>\n\n\n\n<p>O que voc\u00ea ingere tem um impacto direto na qualidade da sua saliva e, consequentemente, no cheiro da sua respira\u00e7\u00e3o. Alimentos detergentes e a hidrata\u00e7\u00e3o constante ajudam a &#8220;lavar&#8221; a boca e neutralizar os \u00e1cidos produzidos pelas bact\u00e9rias nocivas.<\/p>\n\n\n\n<p>Abaixo, listamos escolhas estrat\u00e9gicas baseadas em evid\u00eancias para combater a halitose:<\/p>\n\n\n\n<table style=\"width: 100%; border-collapse: separate; border-spacing: 15px; font-family: 'Segoe UI', Tahoma, Geneva, Verdana, sans-serif; color: #333;\">\n  <thead>\n    <tr style=\"background-color: #f0f7ff;\">\n      <th style=\"padding: 20px; border-radius: 12px; border: 1px solid #d1e3f8; box-shadow: 0 4px 6px rgba(0,0,0,0.05); text-align: center; width: 25%;\">\n        <div style=\"font-size: 40px; margin-bottom: 10px;\">\ud83c\udf4e<\/div>\n        <div style=\"font-size: 16px; color: #2c3e50; font-weight: bold;\">Ma\u00e7\u00e3 e Cenoura<\/div>\n      <\/th>\n      <th style=\"padding: 20px; border-radius: 12px; border: 1px solid #d1e3f8; box-shadow: 0 4px 6px rgba(0,0,0,0.05); text-align: center; width: 25%;\">\n        <div style=\"font-size: 40px; margin-bottom: 10px;\">\ud83d\udca7<\/div>\n        <div style=\"font-size: 16px; color: #2980b9; font-weight: bold;\">\u00c1gua<\/div>\n      <\/th>\n      <th style=\"padding: 20px; border-radius: 12px; border: 1px solid #d1e3f8; box-shadow: 0 4px 6px rgba(0,0,0,0.05); text-align: center; width: 25%;\">\n        <div style=\"font-size: 40px; margin-bottom: 10px;\">\ud83c\udf66<\/div>\n        <div style=\"font-size: 16px; color: #7f8c8d; font-weight: bold;\">Iogurte Natural<\/div>\n      <\/th>\n      <th style=\"padding: 20px; border-radius: 12px; border: 1px solid #d1e3f8; box-shadow: 0 4px 6px rgba(0,0,0,0.05); text-align: center; width: 25%;\">\n        <div style=\"font-size: 40px; margin-bottom: 10px;\">\ud83c\udf75<\/div>\n        <div style=\"font-size: 16px; color: #27ae60; font-weight: bold;\">Ch\u00e1 Verde<\/div>\n      <\/th>\n    <\/tr>\n  <\/thead>\n  <tbody>\n    <tr>\n      <td style=\"padding: 15px; border-radius: 12px; background-color: #ffffff; border: 1px solid #eceff1; text-align: center; line-height: 1.5; vertical-align: top; font-size: 14px;\">\n        Funcionam como uma <strong>&#8220;vassoura&#8221; natural<\/strong>, limpando os dentes durante a mastiga\u00e7\u00e3o.\n      <\/td>\n      <td style=\"padding: 15px; border-radius: 12px; background-color: #ffffff; border: 1px solid #eceff1; text-align: center; line-height: 1.5; vertical-align: top; font-size: 14px;\">\n        Mant\u00e9m a <strong>mucosa hidratada<\/strong> e previne a descama\u00e7\u00e3o que alimenta bact\u00e9rias.\n      <\/td>\n      <td style=\"padding: 15px; border-radius: 12px; background-color: #ffffff; border: 1px solid #eceff1; text-align: center; line-height: 1.5; vertical-align: top; font-size: 14px;\">\n        Ajuda a equilibrar a <strong>microbiota oral<\/strong> com o aux\u00edlio de bact\u00e9rias ben\u00e9ficas.\n      <\/td>\n      <td style=\"padding: 15px; border-radius: 12px; background-color: #ffffff; border: 1px solid #eceff1; text-align: center; line-height: 1.5; vertical-align: top; font-size: 14px;\">\n        Cont\u00e9m polifen\u00f3is que <strong>dificultam a prolifera\u00e7\u00e3o<\/strong> de microrganismos de mau odor.\n      <\/td>\n    <\/tr>\n  <\/tbody>\n<\/table>\n\n\n\n<h2 class=\"wp-block-heading\">Existe rela\u00e7\u00e3o com o cora\u00e7\u00e3o?<\/h2>\n\n\n\n<p>A sa\u00fade da boca est\u00e1 intimamente ligada \u00e0 sa\u00fade cardiovascular. Inflama\u00e7\u00f5es cr\u00f4nicas na gengiva, que geram mau h\u00e1lito persistente, podem permitir que bact\u00e9rias entrem na corrente sangu\u00ednea, aumentando o risco de complica\u00e7\u00f5es em pacientes com predisposi\u00e7\u00e3o a doen\u00e7as do cora\u00e7\u00e3o.<\/p>\n\n\n\n<p>Evid\u00eancias de revis\u00f5es de estudos cient\u00edficos como o <strong><a href=\"https:\/\/www.heart.org\/en\/news\/2018\/11\/07\/bad-tooth-brushing-habits-tied-to-higher-heart-risk\" target=\"_blank\" rel=\"noreferrer noopener\">&#8220;Maus h\u00e1bitos de escova\u00e7\u00e3o dental est\u00e3o associados a maior risco card\u00edaco&#8221;<\/a><\/strong>, publicados pela <strong>American Heart Association (AHA)<\/strong> confirmam que manter uma boa higiene oral \u00e9 uma medida preventiva importante para o bem-estar sist\u00eamico. Tratar o mau h\u00e1lito, portanto, n\u00e3o \u00e9 apenas uma quest\u00e3o de est\u00e9tica ou conv\u00edvio social, mas um cuidado essencial com a longevidade do seu organismo.<\/p>\n\n\n\n<h2 class=\"wp-block-heading\">Como saber se \u00e9 grave?<\/h2>\n\n\n\n<p>Se voc\u00ea j\u00e1 seguiu todas as dicas de higiene e o odor persiste, \u00e9 fundamental investigar se a causa \u00e9 sist\u00eamica, como diabetes ou problemas renais. A halitose cr\u00f4nica pode ser um sintoma secund\u00e1rio de condi\u00e7\u00f5es que exigem exames laboratoriais espec\u00edficos para um diagn\u00f3stico assertivo.<\/p>\n\n\n\n<p>Observe se o mau h\u00e1lito \u00e9 acompanhado de sangramento na gengiva, boca seca constante ou altera\u00e7\u00f5es no paladar. Nesses casos, a avalia\u00e7\u00e3o profissional \u00e9 o \u00fanico caminho para identificar se o problema exige tratamentos mais complexos, como a corre\u00e7\u00e3o da hipossaliva\u00e7\u00e3o ou o controle de doen\u00e7as metab\u00f3licas subjacentes.<\/p>\n\n\n\n<p>O acompanhamento com um m\u00e9dico ou nutricionista \u00e9 fundamental para um diagn\u00f3stico preciso e tratamento seguro.<\/p>\n\n\n\n<hr class=\"wp-block-separator has-alpha-channel-opacity\"\/>\n","protected":false},"excerpt":{"rendered":"<p>Acordar com um gosto amargo ou sentir inseguran\u00e7a ao conversar de perto com algu\u00e9m \u00e9 uma situa\u00e7\u00e3o angustiante que afeta milh\u00f5es de brasileiros. Embora muitos acreditem que o problema venha exclusivamente do est\u00f4mago, a ci\u00eancia revela que a verdadeira origem do mau h\u00e1lito costuma estar em detalhes simples da rotina que, quando ajustados, devolvem a [&hellip;]<\/p>\n","protected":false},"author":9,"featured_media":1513,"comment_status":"open","ping_status":"open","sticky":false,"template":"","format":"standard","meta":{"_yoast_wpseo_focuskw":"mau h\u00e1lito","_yoast_wpseo_title":"","_yoast_wpseo_metadesc":"Sentir gosto amargo e inseguran\u00e7a ao falar pode ser mau h\u00e1lito. Veja causas mais comuns e como pequenos ajustes ajudam a recuperar o frescor.","jnews-multi-image_gallery":[],"jnews_single_post":{"format":"standard"},"jnews_primary_category":[],"jnews_social_meta":[],"jnews_override_counter":[],"footnotes":""},"categories":[111],"tags":[491,489,490,488],"class_list":["post-1418","post","type-post","status-publish","format-standard","has-post-thumbnail","hentry","category-saude","tag-causas-do-mau-halito","tag-halitose","tag-higiene-bucal","tag-mau-halito"],"yoast_head":"<!-- This site is optimized with the Yoast SEO plugin v26.7 - https:\/\/yoast.com\/wordpress\/plugins\/seo\/ -->\n<title>Mau h\u00e1lito que n\u00e3o passa pode esconder problemas al\u00e9m do desconforto - Tua Sa\u00fade<\/title>\n<meta name=\"description\" content=\"Sentir gosto amargo e inseguran\u00e7a ao falar pode ser mau h\u00e1lito. Veja causas mais comuns e como pequenos ajustes ajudam a recuperar o frescor.\" \/>\n<meta name=\"robots\" content=\"index, follow, max-snippet:-1, max-image-preview:large, max-video-preview:-1\" \/>\n<link rel=\"canonical\" href=\"https:\/\/www.tuasaude.com\/news\/2026\/01\/24\/mau-halito-que-nao-passa-pode-esconder-problemas-alem-do-desconforto\/\" \/>\n<meta property=\"og:locale\" content=\"pt_BR\" \/>\n<meta property=\"og:type\" content=\"article\" \/>\n<meta property=\"og:title\" content=\"Mau h\u00e1lito que n\u00e3o passa pode esconder problemas al\u00e9m do desconforto - Tua Sa\u00fade\" \/>\n<meta property=\"og:description\" content=\"Sentir gosto amargo e inseguran\u00e7a ao falar pode ser mau h\u00e1lito. Veja causas mais comuns e como pequenos ajustes ajudam a recuperar o frescor.\" \/>\n<meta property=\"og:url\" content=\"https:\/\/www.tuasaude.com\/news\/2026\/01\/24\/mau-halito-que-nao-passa-pode-esconder-problemas-alem-do-desconforto\/\" \/>\n<meta property=\"og:site_name\" content=\"Tua Sa\u00fade\" \/>\n<meta property=\"article:published_time\" content=\"2026-01-24T11:00:00+00:00\" \/>\n<meta property=\"og:image\" content=\"https:\/\/www.tuasaude.com\/news\/wp-content\/uploads\/2026\/01\/freepik__the-style-is-candid-image-photography-with-natural__65842-e1769179710610.jpeg\" \/>\n\t<meta property=\"og:image:width\" content=\"1280\" \/>\n\t<meta property=\"og:image:height\" content=\"730\" \/>\n\t<meta property=\"og:image:type\" content=\"image\/jpeg\" \/>\n<meta name=\"author\" content=\"Roberta Patriota\" \/>\n<meta name=\"twitter:card\" content=\"summary_large_image\" \/>\n<meta name=\"twitter:label1\" content=\"Escrito por\" \/>\n\t<meta name=\"twitter:data1\" content=\"Roberta Patriota\" \/>\n\t<meta name=\"twitter:label2\" content=\"Est. tempo de leitura\" \/>\n\t<meta name=\"twitter:data2\" content=\"4 minutos\" \/>\n<!-- \/ Yoast SEO plugin. -->","yoast_head_json":{"title":"Mau h\u00e1lito que n\u00e3o passa pode esconder problemas al\u00e9m do desconforto - Tua Sa\u00fade","description":"Sentir gosto amargo e inseguran\u00e7a ao falar pode ser mau h\u00e1lito. Veja causas mais comuns e como pequenos ajustes ajudam a recuperar o frescor.","robots":{"index":"index","follow":"follow","max-snippet":"max-snippet:-1","max-image-preview":"max-image-preview:large","max-video-preview":"max-video-preview:-1"},"canonical":"https:\/\/www.tuasaude.com\/news\/2026\/01\/24\/mau-halito-que-nao-passa-pode-esconder-problemas-alem-do-desconforto\/","og_locale":"pt_BR","og_type":"article","og_title":"Mau h\u00e1lito que n\u00e3o passa pode esconder problemas al\u00e9m do desconforto - Tua Sa\u00fade","og_description":"Sentir gosto amargo e inseguran\u00e7a ao falar pode ser mau h\u00e1lito. Veja causas mais comuns e como pequenos ajustes ajudam a recuperar o frescor.","og_url":"https:\/\/www.tuasaude.com\/news\/2026\/01\/24\/mau-halito-que-nao-passa-pode-esconder-problemas-alem-do-desconforto\/","og_site_name":"Tua Sa\u00fade","article_published_time":"2026-01-24T11:00:00+00:00","og_image":[{"width":1280,"height":730,"url":"https:\/\/www.tuasaude.com\/news\/wp-content\/uploads\/2026\/01\/freepik__the-style-is-candid-image-photography-with-natural__65842-e1769179710610.jpeg","type":"image\/jpeg"}],"author":"Roberta Patriota","twitter_card":"summary_large_image","twitter_misc":{"Escrito por":"Roberta Patriota","Est. tempo de leitura":"4 minutos"},"schema":{"@context":"https:\/\/schema.org","@graph":[{"@type":"Article","@id":"https:\/\/www.tuasaude.com\/news\/2026\/01\/24\/mau-halito-que-nao-passa-pode-esconder-problemas-alem-do-desconforto\/#article","isPartOf":{"@id":"https:\/\/www.tuasaude.com\/news\/2026\/01\/24\/mau-halito-que-nao-passa-pode-esconder-problemas-alem-do-desconforto\/"},"author":{"name":"Roberta Patriota","@id":"https:\/\/www.tuasaude.com\/news\/#\/schema\/person\/27adc41011393316b12ef997ca893e44"},"headline":"Mau h\u00e1lito que n\u00e3o passa pode esconder problemas al\u00e9m do desconforto","datePublished":"2026-01-24T11:00:00+00:00","mainEntityOfPage":{"@id":"https:\/\/www.tuasaude.com\/news\/2026\/01\/24\/mau-halito-que-nao-passa-pode-esconder-problemas-alem-do-desconforto\/"},"wordCount":751,"commentCount":0,"image":{"@id":"https:\/\/www.tuasaude.com\/news\/2026\/01\/24\/mau-halito-que-nao-passa-pode-esconder-problemas-alem-do-desconforto\/#primaryimage"},"thumbnailUrl":"https:\/\/www.tuasaude.com\/news\/wp-content\/uploads\/2026\/01\/freepik__the-style-is-candid-image-photography-with-natural__65842-e1769179710610.jpeg","keywords":["causas do mau h\u00e1lito","halitose","higiene bucal","mau h\u00e1lito"],"articleSection":["Sa\u00fade"],"inLanguage":"pt-BR","potentialAction":[{"@type":"CommentAction","name":"Comment","target":["https:\/\/www.tuasaude.com\/news\/2026\/01\/24\/mau-halito-que-nao-passa-pode-esconder-problemas-alem-do-desconforto\/#respond"]}]},{"@type":"WebPage","@id":"https:\/\/www.tuasaude.com\/news\/2026\/01\/24\/mau-halito-que-nao-passa-pode-esconder-problemas-alem-do-desconforto\/","url":"https:\/\/www.tuasaude.com\/news\/2026\/01\/24\/mau-halito-que-nao-passa-pode-esconder-problemas-alem-do-desconforto\/","name":"Mau h\u00e1lito que n\u00e3o passa pode esconder problemas al\u00e9m do desconforto - Tua Sa\u00fade","isPartOf":{"@id":"https:\/\/www.tuasaude.com\/news\/#website"},"primaryImageOfPage":{"@id":"https:\/\/www.tuasaude.com\/news\/2026\/01\/24\/mau-halito-que-nao-passa-pode-esconder-problemas-alem-do-desconforto\/#primaryimage"},"image":{"@id":"https:\/\/www.tuasaude.com\/news\/2026\/01\/24\/mau-halito-que-nao-passa-pode-esconder-problemas-alem-do-desconforto\/#primaryimage"},"thumbnailUrl":"https:\/\/www.tuasaude.com\/news\/wp-content\/uploads\/2026\/01\/freepik__the-style-is-candid-image-photography-with-natural__65842-e1769179710610.jpeg","datePublished":"2026-01-24T11:00:00+00:00","author":{"@id":"https:\/\/www.tuasaude.com\/news\/#\/schema\/person\/27adc41011393316b12ef997ca893e44"},"description":"Sentir gosto amargo e inseguran\u00e7a ao falar pode ser mau h\u00e1lito. Veja causas mais comuns e como pequenos ajustes ajudam a recuperar o frescor.","breadcrumb":{"@id":"https:\/\/www.tuasaude.com\/news\/2026\/01\/24\/mau-halito-que-nao-passa-pode-esconder-problemas-alem-do-desconforto\/#breadcrumb"},"inLanguage":"pt-BR","potentialAction":[{"@type":"ReadAction","target":["https:\/\/www.tuasaude.com\/news\/2026\/01\/24\/mau-halito-que-nao-passa-pode-esconder-problemas-alem-do-desconforto\/"]}]},{"@type":"ImageObject","inLanguage":"pt-BR","@id":"https:\/\/www.tuasaude.com\/news\/2026\/01\/24\/mau-halito-que-nao-passa-pode-esconder-problemas-alem-do-desconforto\/#primaryimage","url":"https:\/\/www.tuasaude.com\/news\/wp-content\/uploads\/2026\/01\/freepik__the-style-is-candid-image-photography-with-natural__65842-e1769179710610.jpeg","contentUrl":"https:\/\/www.tuasaude.com\/news\/wp-content\/uploads\/2026\/01\/freepik__the-style-is-candid-image-photography-with-natural__65842-e1769179710610.jpeg","width":1280,"height":730,"caption":"Higiene oral e hidrata\u00e7\u00e3o fazem diferen\u00e7a no controle do mau h\u00e1lito"},{"@type":"BreadcrumbList","@id":"https:\/\/www.tuasaude.com\/news\/2026\/01\/24\/mau-halito-que-nao-passa-pode-esconder-problemas-alem-do-desconforto\/#breadcrumb","itemListElement":[{"@type":"ListItem","position":1,"name":"In\u00edcio","item":"https:\/\/www.tuasaude.com\/news\/"},{"@type":"ListItem","position":2,"name":"Mau h\u00e1lito que n\u00e3o passa pode esconder problemas al\u00e9m do desconforto"}]},{"@type":"WebSite","@id":"https:\/\/www.tuasaude.com\/news\/#website","url":"https:\/\/www.tuasaude.com\/news\/","name":"Tua Sa\u00fade","description":"Seu site de sa\u00fade","potentialAction":[{"@type":"SearchAction","target":{"@type":"EntryPoint","urlTemplate":"https:\/\/www.tuasaude.com\/news\/?s={search_term_string}"},"query-input":{"@type":"PropertyValueSpecification","valueRequired":true,"valueName":"search_term_string"}}],"inLanguage":"pt-BR"},{"@type":"Person","@id":"https:\/\/www.tuasaude.com\/news\/#\/schema\/person\/27adc41011393316b12ef997ca893e44","name":"Roberta Patriota","image":{"@type":"ImageObject","inLanguage":"pt-BR","@id":"https:\/\/www.tuasaude.com\/news\/#\/schema\/person\/image\/","url":"https:\/\/secure.gravatar.com\/avatar\/40fc934d21bfa38a60909bb2e5f2ec503dcd4d849aa772e107feb32efe75c210?s=96&d=mm&r=g","contentUrl":"https:\/\/secure.gravatar.com\/avatar\/40fc934d21bfa38a60909bb2e5f2ec503dcd4d849aa772e107feb32efe75c210?s=96&d=mm&r=g","caption":"Roberta Patriota"},"sameAs":["https:\/\/www.tuasaude.com\/news\/"],"url":"https:\/\/www.tuasaude.com\/news\/author\/roberta-patriota\/"}]}},"_links":{"self":[{"href":"https:\/\/www.tuasaude.com\/news\/wp-json\/wp\/v2\/posts\/1418","targetHints":{"allow":["GET"]}}],"collection":[{"href":"https:\/\/www.tuasaude.com\/news\/wp-json\/wp\/v2\/posts"}],"about":[{"href":"https:\/\/www.tuasaude.com\/news\/wp-json\/wp\/v2\/types\/post"}],"author":[{"embeddable":true,"href":"https:\/\/www.tuasaude.com\/news\/wp-json\/wp\/v2\/users\/9"}],"replies":[{"embeddable":true,"href":"https:\/\/www.tuasaude.com\/news\/wp-json\/wp\/v2\/comments?post=1418"}],"version-history":[{"count":3,"href":"https:\/\/www.tuasaude.com\/news\/wp-json\/wp\/v2\/posts\/1418\/revisions"}],"predecessor-version":[{"id":1527,"href":"https:\/\/www.tuasaude.com\/news\/wp-json\/wp\/v2\/posts\/1418\/revisions\/1527"}],"wp:featuredmedia":[{"embeddable":true,"href":"https:\/\/www.tuasaude.com\/news\/wp-json\/wp\/v2\/media\/1513"}],"wp:attachment":[{"href":"https:\/\/www.tuasaude.com\/news\/wp-json\/wp\/v2\/media?parent=1418"}],"wp:term":[{"taxonomy":"category","embeddable":true,"href":"https:\/\/www.tuasaude.com\/news\/wp-json\/wp\/v2\/categories?post=1418"},{"taxonomy":"post_tag","embeddable":true,"href":"https:\/\/www.tuasaude.com\/news\/wp-json\/wp\/v2\/tags?post=1418"}],"curies":[{"name":"wp","href":"https:\/\/api.w.org\/{rel}","templated":true}]}}