{"id":1415,"date":"2026-01-24T10:08:00","date_gmt":"2026-01-24T13:08:00","guid":{"rendered":"https:\/\/www.tuasaude.com\/news\/?p=1415"},"modified":"2026-01-24T06:53:21","modified_gmt":"2026-01-24T09:53:21","slug":"afta-no-ceu-da-boca-nao-surge-por-acaso-e-o-motivo-vai-alem-da-dor","status":"publish","type":"post","link":"https:\/\/www.tuasaude.com\/news\/2026\/01\/24\/afta-no-ceu-da-boca-nao-surge-por-acaso-e-o-motivo-vai-alem-da-dor\/","title":{"rendered":"Afta no c\u00e9u da boca n\u00e3o surge por acaso e o motivo vai al\u00e9m da dor"},"content":{"rendered":"\n<p>Sentir uma dor aguda ao comer ou at\u00e9 ao falar pode ser um sinal claro de que uma afta decidiu se instalar no c\u00e9u da boca, uma regi\u00e3o particularmente sens\u00edvel. Embora pequenas, essas les\u00f5es costumam esconder causas que v\u00e3o muito al\u00e9m de uma simples mordida acidental, servindo como um term\u00f4metro valioso sobre como o seu corpo est\u00e1 reagindo ao estresse ou \u00e0 falta de nutrientes espec\u00edficos.<\/p>\n\n\n\n<h2 class=\"wp-block-heading\">O que causa afta no c\u00e9u da boca?<\/h2>\n\n\n\n<p>A ci\u00eancia nos mostra que a Estomatite Aftosa Recorrente n\u00e3o tem uma causa \u00fanica, mas sim um conjunto de gatilhos. Segundo a revis\u00e3o<strong>  <a href=\"https:\/\/pubmed.ncbi.nlm.nih.gov\/22413800\/\" target=\"_blank\" rel=\"noreferrer noopener\">&#8220;Estomatite aftosa recorrente&#8221;<\/a><\/strong>, o sistema imunol\u00f3gico pode reagir de forma exagerada a pequenos traumas locais ou varia\u00e7\u00f5es emocionais, atacando a pr\u00f3pria mucosa oral.<\/p>\n\n\n\n<p>Al\u00e9m do estresse, fatores gen\u00e9ticos e sensibilidades alimentares a itens \u00e1cidos ou muito temperados podem facilitar o surgimento. Especialistas da <strong><a href=\"https:\/\/www.who.int\/news-room\/fact-sheets\/detail\/oral-health\" target=\"_blank\" rel=\"noreferrer noopener\">Organiza\u00e7\u00e3o Mundial da Sa\u00fade (OMS)<\/a><\/strong> explicam que a integridade da barreira bucal \u00e9 a primeira linha de defesa, e qualquer desequil\u00edbrio nela pode expor as termina\u00e7\u00f5es nervosas.<\/p>\n\n\n\n<h2 class=\"wp-block-heading\">Quais defici\u00eancias nutricionais provocam les\u00f5es?<\/h2>\n\n\n\n<p>Muitas vezes, o que acontece na sua boca \u00e9 um reflexo direto do que falta no seu prato. Evid\u00eancias do<a href=\"https:\/\/www.gov.br\/saude\/pt-br\/assuntos\/saude-brasil\/publicacoes-para-promocao-a-saude\/guia_alimentar_populacao_brasileira_2ed.pdf\/view\" target=\"_blank\" rel=\"noreferrer noopener\"> <strong>Guia Alimentar para a Popula\u00e7\u00e3o Brasileira do Minist\u00e9rio da Sa\u00fade<\/strong><\/a> confirmam que a car\u00eancia de micronutrientes essenciais prejudica a regenera\u00e7\u00e3o dos tecidos moles, tornando a cicatriza\u00e7\u00e3o muito mais lenta e dolorosa.<\/p>\n\n\n\n<p>As principais car\u00eancias ligadas ao aparecimento frequente de aftas incluem:<\/p>\n\n\n\n<table style=\"width: 100%; border-collapse: separate; border-spacing: 15px; font-family: 'Segoe UI', Tahoma, Geneva, Verdana, sans-serif; color: #333;\">\n  <thead>\n    <tr style=\"background-color: #f8f9fa;\">\n      <th style=\"padding: 20px; border-radius: 12px; border: 1px solid #e0e0e0; box-shadow: 0 4px 6px rgba(0,0,0,0.05); text-align: center; width: 33%;\">\n        <div style=\"font-size: 40px; margin-bottom: 10px;\">\ud83e\uddec<\/div>\n        <div style=\"font-size: 18px; color: #2c3e50; font-weight: bold;\">Vitamina B12 e Folato<\/div>\n      <\/th>\n      <th style=\"padding: 20px; border-radius: 12px; border: 1px solid #e0e0e0; box-shadow: 0 4px 6px rgba(0,0,0,0.05); text-align: center; width: 33%;\">\n        <div style=\"font-size: 40px; margin-bottom: 10px;\">\ud83e\ude78<\/div>\n        <div style=\"font-size: 18px; color: #c0392b; font-weight: bold;\">Ferro<\/div>\n      <\/th>\n      <th style=\"padding: 20px; border-radius: 12px; border: 1px solid #e0e0e0; box-shadow: 0 4px 6px rgba(0,0,0,0.05); text-align: center; width: 33%;\">\n        <div style=\"font-size: 40px; margin-bottom: 10px;\">\ud83d\udee1\ufe0f<\/div>\n        <div style=\"font-size: 18px; color: #27ae60; font-weight: bold;\">Zinco<\/div>\n      <\/th>\n    <\/tr>\n  <\/thead>\n  <tbody>\n    <tr>\n      <td style=\"padding: 20px; border-radius: 12px; background-color: #ffffff; border: 1px solid #eceff1; text-align: center; line-height: 1.6; vertical-align: top;\">\n        Fundamentais para a <strong>renova\u00e7\u00e3o celular<\/strong> e o bom funcionamento do sistema nervoso.\n      <\/td>\n      <td style=\"padding: 20px; border-radius: 12px; background-color: #ffffff; border: 1px solid #eceff1; text-align: center; line-height: 1.6; vertical-align: top;\">\n        Essencial para o transporte de oxig\u00eanio; a <strong>anemia ferropriva<\/strong> \u00e9 um dos gatilhos cl\u00ednicos mais comuns.\n      <\/td>\n      <td style=\"padding: 20px; border-radius: 12px; background-color: #ffffff; border: 1px solid #eceff1; text-align: center; line-height: 1.6; vertical-align: top;\">\n        Mineral vital para o <strong>fortalecimento imune<\/strong> e o processo de <strong>reparo tecidual<\/strong>.\n      <\/td>\n    <\/tr>\n  <\/tbody>\n<\/table>\n\n\n\n<h2 class=\"wp-block-heading\">Como tratar a dor de forma r\u00e1pida?<\/h2>\n\n\n\n<p>Para aliviar o desconforto imediato, o foco deve ser a prote\u00e7\u00e3o da ferida contra irritantes externos. De acordo com as diretrizes da revis\u00e3o <strong><a href=\"https:\/\/www.scielo.br\/j\/rboto\/a\/pWftXXtHvLzCLkyxXMSykvN\/?lang=pt\" target=\"_blank\" rel=\"noreferrer noopener\">&#8220;Estomatite aftosa recorrente: revis\u00e3o bibliogr\u00e1fica&#8221;<\/a><\/strong>, o uso de agentes t\u00f3picos que formam uma pel\u00edcula protetora ajuda a isolar os nervos expostos da acidez da saliva e dos alimentos.<\/p>\n\n\n\n<p>A aplica\u00e7\u00e3o de <strong><a href=\"https:\/\/www.tuasaude.com\/remedio-para-afta\/\" target=\"_blank\" rel=\"noreferrer noopener\">solu\u00e7\u00f5es<\/a><\/strong> antiss\u00e9pticas sem \u00e1lcool ou pomadas com corticoides espec\u00edficos para uso bucal reduz a inflama\u00e7\u00e3o de forma significativa. Al\u00e9m disso, manter a hidrata\u00e7\u00e3o constante ajuda a manter o pH da boca equilibrado, o que acelera o processo natural de recupera\u00e7\u00e3o do organismo.<\/p>\n\n\n<div class=\"wp-block-image\">\n<figure class=\"aligncenter size-large\"><img decoding=\"async\" width=\"1024\" height=\"584\" src=\"https:\/\/www.tuasaude.com\/news\/wp-content\/uploads\/2026\/01\/freepik__the-style-is-candid-image-photography-with-natural__4492-1024x584.jpeg\" alt=\"Afta no c\u00e9u da boca n\u00e3o surge por acaso e o motivo vai al\u00e9m da dor\" class=\"wp-image-1431\" srcset=\"https:\/\/www.tuasaude.com\/news\/wp-content\/uploads\/2026\/01\/freepik__the-style-is-candid-image-photography-with-natural__4492-1024x584.jpeg 1024w, https:\/\/www.tuasaude.com\/news\/wp-content\/uploads\/2026\/01\/freepik__the-style-is-candid-image-photography-with-natural__4492-300x171.jpeg 300w, https:\/\/www.tuasaude.com\/news\/wp-content\/uploads\/2026\/01\/freepik__the-style-is-candid-image-photography-with-natural__4492-768x438.jpeg 768w, https:\/\/www.tuasaude.com\/news\/wp-content\/uploads\/2026\/01\/freepik__the-style-is-candid-image-photography-with-natural__4492-750x428.jpeg 750w, https:\/\/www.tuasaude.com\/news\/wp-content\/uploads\/2026\/01\/freepik__the-style-is-candid-image-photography-with-natural__4492-1140x650.jpeg 1140w, https:\/\/www.tuasaude.com\/news\/wp-content\/uploads\/2026\/01\/freepik__the-style-is-candid-image-photography-with-natural__4492.jpeg 1280w\" sizes=\"(max-width: 1024px) 100vw, 1024px\" \/><figcaption class=\"wp-element-caption\">Afta no c\u00e9u da boca causa dor intensa ao falar e se alimentar<\/figcaption><\/figure>\n<\/div>\n\n\n<h2 class=\"wp-block-heading\">Quais s\u00e3o as 7 causas principais?<\/h2>\n\n\n\n<p>Entender a origem do problema \u00e9 o primeiro passo para evitar que ele retorne com frequ\u00eancia. A literatura m\u00e9dica, incluindo o guia <strong><a href=\"https:\/\/my.clevelandclinic.org\/health\/diseases\/10945-canker-sores\" target=\"_blank\" rel=\"noreferrer noopener\">&#8220;Aftas&#8221;<\/a><\/strong> da <strong>Cleveland Clinic e bases do PubMed<\/strong>, aponta que a maioria dos casos de aftas no palato (<strong><a href=\"https:\/\/www.tuasaude.com\/afta-no-ceu-da-boca\/\" target=\"_blank\" rel=\"noreferrer noopener\">c\u00e9u da boca<\/a><\/strong>) est\u00e1 relacionada a uma combina\u00e7\u00e3o de fatores f\u00edsicos e biol\u00f3gicos.<\/p>\n\n\n\n<p>As causas mais recorrentes identificadas pelos especialistas s\u00e3o:<\/p>\n\n\n\n<ul class=\"wp-block-list\">\n<li><strong>Trauma mec\u00e2nico:<\/strong> queimaduras por alimentos quentes ou uso de pr\u00f3teses desajustadas.<\/li>\n\n\n\n<li><strong>Ansiedade:<\/strong> picos de cortisol que afetam a imunidade bucal.<\/li>\n\n\n\n<li><strong>Horm\u00f4nios:<\/strong> varia\u00e7\u00f5es do ciclo menstrual em mulheres.<\/li>\n\n\n\n<li><strong>Creme dental com LSS:<\/strong> o Lauril Sulfato de S\u00f3dio pode irritar mucosas sens\u00edveis.<\/li>\n\n\n\n<li><strong>Refluxo gastroesof\u00e1gico:<\/strong> a acidez estomacal que sobe at\u00e9 a boca.<\/li>\n\n\n\n<li><strong>Doen\u00e7as autoimunes:<\/strong> condi\u00e7\u00f5es como a Doen\u00e7a de Crohn ou Cel\u00edaca.<\/li>\n\n\n\n<li><strong>Alergias alimentares:<\/strong> sensibilidade latente ao gl\u00faten, leite ou conservantes.<\/li>\n<\/ul>\n\n\n\n<h2 class=\"wp-block-heading\">Quando procurar ajuda m\u00e9dica?<\/h2>\n\n\n\n<p>Se a sua afta n\u00e3o desaparece em at\u00e9 duas semanas ou se ela \u00e9 acompanhada de febre, \u00e9 hora de buscar uma avalia\u00e7\u00e3o profissional. O <strong><a href=\"https:\/\/bvsms.saude.gov.br\/bvs\/publicacoes\/saude_bucal.pdf\" target=\"_blank\" rel=\"noreferrer noopener\">Guia de Aten\u00e7\u00e3o B\u00e1sica do Minist\u00e9rio da Sa\u00fade<\/a><\/strong> orienta que les\u00f5es persistentes precisam de bi\u00f3psias ou exames de sangue para descartar infec\u00e7\u00f5es sist\u00eamicas ou condi\u00e7\u00f5es mais graves.<\/p>\n\n\n\n<p>Uma afta que &#8220;nunca cura&#8221; pode ser um sinal de alerta para o c\u00e2ncer de boca ou outras patologias que exigem interven\u00e7\u00e3o imediata. Portanto, observe o comportamento da les\u00e3o: se ela mudar de cor, aumentar de tamanho ou impedir a sua alimenta\u00e7\u00e3o, n\u00e3o hesite em agendar uma consulta.<\/p>\n\n\n\n<p>O acompanhamento com um m\u00e9dico ou nutricionista \u00e9 fundamental para um diagn\u00f3stico preciso e tratamento seguro.<\/p>\n","protected":false},"excerpt":{"rendered":"<p>Sentir uma dor aguda ao comer ou at\u00e9 ao falar pode ser um sinal claro de que uma afta decidiu se instalar no c\u00e9u da boca, uma regi\u00e3o particularmente sens\u00edvel. Embora pequenas, essas les\u00f5es costumam esconder causas que v\u00e3o muito al\u00e9m de uma simples mordida acidental, servindo como um term\u00f4metro valioso sobre como o seu [&hellip;]<\/p>\n","protected":false},"author":9,"featured_media":1430,"comment_status":"open","ping_status":"open","sticky":false,"template":"","format":"standard","meta":{"_yoast_wpseo_focuskw":"afta no c\u00e9u da boca","_yoast_wpseo_title":"","_yoast_wpseo_metadesc":"Afta no c\u00e9u da boca pode ir al\u00e9m de um machucado simples e indicar estresse ou falta de nutrientes essenciais que afetam a cicatriza\u00e7\u00e3o.","jnews-multi-image_gallery":[],"jnews_single_post":{"format":"standard"},"jnews_primary_category":[],"jnews_social_meta":[],"jnews_override_counter":[],"footnotes":""},"categories":[111],"tags":[484,485,487,486],"class_list":["post-1415","post","type-post","status-publish","format-standard","has-post-thumbnail","hentry","category-saude","tag-afta-no-ceu-da-boca","tag-aftas","tag-estomatite-aftosa-recorrente","tag-lesoes-na-boca"],"yoast_head":"<!-- This site is optimized with the Yoast SEO plugin v26.7 - https:\/\/yoast.com\/wordpress\/plugins\/seo\/ -->\n<title>Afta no c\u00e9u da boca n\u00e3o surge por acaso e o motivo vai al\u00e9m da dor - Tua Sa\u00fade<\/title>\n<meta name=\"description\" content=\"Afta no c\u00e9u da boca pode ir al\u00e9m de um machucado simples e indicar estresse ou falta de nutrientes essenciais que afetam a cicatriza\u00e7\u00e3o.\" \/>\n<meta name=\"robots\" content=\"index, follow, max-snippet:-1, max-image-preview:large, max-video-preview:-1\" \/>\n<link rel=\"canonical\" href=\"https:\/\/www.tuasaude.com\/news\/2026\/01\/24\/afta-no-ceu-da-boca-nao-surge-por-acaso-e-o-motivo-vai-alem-da-dor\/\" \/>\n<meta property=\"og:locale\" content=\"pt_BR\" \/>\n<meta property=\"og:type\" content=\"article\" \/>\n<meta property=\"og:title\" content=\"Afta no c\u00e9u da boca n\u00e3o surge por acaso e o motivo vai al\u00e9m da dor - Tua Sa\u00fade\" \/>\n<meta property=\"og:description\" content=\"Afta no c\u00e9u da boca pode ir al\u00e9m de um machucado simples e indicar estresse ou falta de nutrientes essenciais que afetam a cicatriza\u00e7\u00e3o.\" \/>\n<meta property=\"og:url\" content=\"https:\/\/www.tuasaude.com\/news\/2026\/01\/24\/afta-no-ceu-da-boca-nao-surge-por-acaso-e-o-motivo-vai-alem-da-dor\/\" \/>\n<meta property=\"og:site_name\" content=\"Tua Sa\u00fade\" \/>\n<meta property=\"article:published_time\" content=\"2026-01-24T13:08:00+00:00\" \/>\n<meta property=\"og:image\" content=\"https:\/\/www.tuasaude.com\/news\/wp-content\/uploads\/2026\/01\/freepik__the-style-is-candid-image-photography-with-natural__4491.jpeg\" \/>\n\t<meta property=\"og:image:width\" content=\"1280\" \/>\n\t<meta property=\"og:image:height\" content=\"730\" \/>\n\t<meta property=\"og:image:type\" content=\"image\/jpeg\" \/>\n<meta name=\"author\" content=\"Roberta Patriota\" \/>\n<meta name=\"twitter:card\" content=\"summary_large_image\" \/>\n<meta name=\"twitter:label1\" content=\"Escrito por\" \/>\n\t<meta name=\"twitter:data1\" content=\"Roberta Patriota\" \/>\n\t<meta name=\"twitter:label2\" content=\"Est. tempo de leitura\" \/>\n\t<meta name=\"twitter:data2\" content=\"5 minutos\" \/>\n<!-- \/ Yoast SEO plugin. -->","yoast_head_json":{"title":"Afta no c\u00e9u da boca n\u00e3o surge por acaso e o motivo vai al\u00e9m da dor - Tua Sa\u00fade","description":"Afta no c\u00e9u da boca pode ir al\u00e9m de um machucado simples e indicar estresse ou falta de nutrientes essenciais que afetam a cicatriza\u00e7\u00e3o.","robots":{"index":"index","follow":"follow","max-snippet":"max-snippet:-1","max-image-preview":"max-image-preview:large","max-video-preview":"max-video-preview:-1"},"canonical":"https:\/\/www.tuasaude.com\/news\/2026\/01\/24\/afta-no-ceu-da-boca-nao-surge-por-acaso-e-o-motivo-vai-alem-da-dor\/","og_locale":"pt_BR","og_type":"article","og_title":"Afta no c\u00e9u da boca n\u00e3o surge por acaso e o motivo vai al\u00e9m da dor - Tua Sa\u00fade","og_description":"Afta no c\u00e9u da boca pode ir al\u00e9m de um machucado simples e indicar estresse ou falta de nutrientes essenciais que afetam a cicatriza\u00e7\u00e3o.","og_url":"https:\/\/www.tuasaude.com\/news\/2026\/01\/24\/afta-no-ceu-da-boca-nao-surge-por-acaso-e-o-motivo-vai-alem-da-dor\/","og_site_name":"Tua Sa\u00fade","article_published_time":"2026-01-24T13:08:00+00:00","og_image":[{"width":1280,"height":730,"url":"https:\/\/www.tuasaude.com\/news\/wp-content\/uploads\/2026\/01\/freepik__the-style-is-candid-image-photography-with-natural__4491.jpeg","type":"image\/jpeg"}],"author":"Roberta Patriota","twitter_card":"summary_large_image","twitter_misc":{"Escrito por":"Roberta Patriota","Est. tempo de leitura":"5 minutos"},"schema":{"@context":"https:\/\/schema.org","@graph":[{"@type":"Article","@id":"https:\/\/www.tuasaude.com\/news\/2026\/01\/24\/afta-no-ceu-da-boca-nao-surge-por-acaso-e-o-motivo-vai-alem-da-dor\/#article","isPartOf":{"@id":"https:\/\/www.tuasaude.com\/news\/2026\/01\/24\/afta-no-ceu-da-boca-nao-surge-por-acaso-e-o-motivo-vai-alem-da-dor\/"},"author":{"name":"Roberta Patriota","@id":"https:\/\/www.tuasaude.com\/news\/#\/schema\/person\/27adc41011393316b12ef997ca893e44"},"headline":"Afta no c\u00e9u da boca n\u00e3o surge por acaso e o motivo vai al\u00e9m da dor","datePublished":"2026-01-24T13:08:00+00:00","mainEntityOfPage":{"@id":"https:\/\/www.tuasaude.com\/news\/2026\/01\/24\/afta-no-ceu-da-boca-nao-surge-por-acaso-e-o-motivo-vai-alem-da-dor\/"},"wordCount":750,"commentCount":0,"image":{"@id":"https:\/\/www.tuasaude.com\/news\/2026\/01\/24\/afta-no-ceu-da-boca-nao-surge-por-acaso-e-o-motivo-vai-alem-da-dor\/#primaryimage"},"thumbnailUrl":"https:\/\/www.tuasaude.com\/news\/wp-content\/uploads\/2026\/01\/freepik__the-style-is-candid-image-photography-with-natural__4491.jpeg","keywords":["afta no c\u00e9u da boca","aftas","estomatite aftosa recorrente","les\u00f5es na boca"],"articleSection":["Sa\u00fade"],"inLanguage":"pt-BR","potentialAction":[{"@type":"CommentAction","name":"Comment","target":["https:\/\/www.tuasaude.com\/news\/2026\/01\/24\/afta-no-ceu-da-boca-nao-surge-por-acaso-e-o-motivo-vai-alem-da-dor\/#respond"]}]},{"@type":"WebPage","@id":"https:\/\/www.tuasaude.com\/news\/2026\/01\/24\/afta-no-ceu-da-boca-nao-surge-por-acaso-e-o-motivo-vai-alem-da-dor\/","url":"https:\/\/www.tuasaude.com\/news\/2026\/01\/24\/afta-no-ceu-da-boca-nao-surge-por-acaso-e-o-motivo-vai-alem-da-dor\/","name":"Afta no c\u00e9u da boca n\u00e3o surge por acaso e o motivo vai al\u00e9m da dor - Tua Sa\u00fade","isPartOf":{"@id":"https:\/\/www.tuasaude.com\/news\/#website"},"primaryImageOfPage":{"@id":"https:\/\/www.tuasaude.com\/news\/2026\/01\/24\/afta-no-ceu-da-boca-nao-surge-por-acaso-e-o-motivo-vai-alem-da-dor\/#primaryimage"},"image":{"@id":"https:\/\/www.tuasaude.com\/news\/2026\/01\/24\/afta-no-ceu-da-boca-nao-surge-por-acaso-e-o-motivo-vai-alem-da-dor\/#primaryimage"},"thumbnailUrl":"https:\/\/www.tuasaude.com\/news\/wp-content\/uploads\/2026\/01\/freepik__the-style-is-candid-image-photography-with-natural__4491.jpeg","datePublished":"2026-01-24T13:08:00+00:00","author":{"@id":"https:\/\/www.tuasaude.com\/news\/#\/schema\/person\/27adc41011393316b12ef997ca893e44"},"description":"Afta no c\u00e9u da boca pode ir al\u00e9m de um machucado simples e indicar estresse ou falta de nutrientes essenciais que afetam a cicatriza\u00e7\u00e3o.","breadcrumb":{"@id":"https:\/\/www.tuasaude.com\/news\/2026\/01\/24\/afta-no-ceu-da-boca-nao-surge-por-acaso-e-o-motivo-vai-alem-da-dor\/#breadcrumb"},"inLanguage":"pt-BR","potentialAction":[{"@type":"ReadAction","target":["https:\/\/www.tuasaude.com\/news\/2026\/01\/24\/afta-no-ceu-da-boca-nao-surge-por-acaso-e-o-motivo-vai-alem-da-dor\/"]}]},{"@type":"ImageObject","inLanguage":"pt-BR","@id":"https:\/\/www.tuasaude.com\/news\/2026\/01\/24\/afta-no-ceu-da-boca-nao-surge-por-acaso-e-o-motivo-vai-alem-da-dor\/#primaryimage","url":"https:\/\/www.tuasaude.com\/news\/wp-content\/uploads\/2026\/01\/freepik__the-style-is-candid-image-photography-with-natural__4491.jpeg","contentUrl":"https:\/\/www.tuasaude.com\/news\/wp-content\/uploads\/2026\/01\/freepik__the-style-is-candid-image-photography-with-natural__4491.jpeg","width":1280,"height":730,"caption":"Estresse e defici\u00eancia de vitaminas podem favorecer o surgimento de aftas"},{"@type":"BreadcrumbList","@id":"https:\/\/www.tuasaude.com\/news\/2026\/01\/24\/afta-no-ceu-da-boca-nao-surge-por-acaso-e-o-motivo-vai-alem-da-dor\/#breadcrumb","itemListElement":[{"@type":"ListItem","position":1,"name":"In\u00edcio","item":"https:\/\/www.tuasaude.com\/news\/"},{"@type":"ListItem","position":2,"name":"Afta no c\u00e9u da boca n\u00e3o surge por acaso e o motivo vai al\u00e9m da dor"}]},{"@type":"WebSite","@id":"https:\/\/www.tuasaude.com\/news\/#website","url":"https:\/\/www.tuasaude.com\/news\/","name":"Tua Sa\u00fade","description":"Seu site de sa\u00fade","potentialAction":[{"@type":"SearchAction","target":{"@type":"EntryPoint","urlTemplate":"https:\/\/www.tuasaude.com\/news\/?s={search_term_string}"},"query-input":{"@type":"PropertyValueSpecification","valueRequired":true,"valueName":"search_term_string"}}],"inLanguage":"pt-BR"},{"@type":"Person","@id":"https:\/\/www.tuasaude.com\/news\/#\/schema\/person\/27adc41011393316b12ef997ca893e44","name":"Roberta Patriota","image":{"@type":"ImageObject","inLanguage":"pt-BR","@id":"https:\/\/www.tuasaude.com\/news\/#\/schema\/person\/image\/","url":"https:\/\/secure.gravatar.com\/avatar\/40fc934d21bfa38a60909bb2e5f2ec503dcd4d849aa772e107feb32efe75c210?s=96&d=mm&r=g","contentUrl":"https:\/\/secure.gravatar.com\/avatar\/40fc934d21bfa38a60909bb2e5f2ec503dcd4d849aa772e107feb32efe75c210?s=96&d=mm&r=g","caption":"Roberta Patriota"},"sameAs":["https:\/\/www.tuasaude.com\/news\/"],"url":"https:\/\/www.tuasaude.com\/news\/author\/roberta-patriota\/"}]}},"_links":{"self":[{"href":"https:\/\/www.tuasaude.com\/news\/wp-json\/wp\/v2\/posts\/1415","targetHints":{"allow":["GET"]}}],"collection":[{"href":"https:\/\/www.tuasaude.com\/news\/wp-json\/wp\/v2\/posts"}],"about":[{"href":"https:\/\/www.tuasaude.com\/news\/wp-json\/wp\/v2\/types\/post"}],"author":[{"embeddable":true,"href":"https:\/\/www.tuasaude.com\/news\/wp-json\/wp\/v2\/users\/9"}],"replies":[{"embeddable":true,"href":"https:\/\/www.tuasaude.com\/news\/wp-json\/wp\/v2\/comments?post=1415"}],"version-history":[{"count":3,"href":"https:\/\/www.tuasaude.com\/news\/wp-json\/wp\/v2\/posts\/1415\/revisions"}],"predecessor-version":[{"id":1444,"href":"https:\/\/www.tuasaude.com\/news\/wp-json\/wp\/v2\/posts\/1415\/revisions\/1444"}],"wp:featuredmedia":[{"embeddable":true,"href":"https:\/\/www.tuasaude.com\/news\/wp-json\/wp\/v2\/media\/1430"}],"wp:attachment":[{"href":"https:\/\/www.tuasaude.com\/news\/wp-json\/wp\/v2\/media?parent=1415"}],"wp:term":[{"taxonomy":"category","embeddable":true,"href":"https:\/\/www.tuasaude.com\/news\/wp-json\/wp\/v2\/categories?post=1415"},{"taxonomy":"post_tag","embeddable":true,"href":"https:\/\/www.tuasaude.com\/news\/wp-json\/wp\/v2\/tags?post=1415"}],"curies":[{"name":"wp","href":"https:\/\/api.w.org\/{rel}","templated":true}]}}