{"id":1411,"date":"2026-01-23T15:00:00","date_gmt":"2026-01-23T18:00:00","guid":{"rendered":"https:\/\/www.tuasaude.com\/news\/?p=1411"},"modified":"2026-01-23T09:41:01","modified_gmt":"2026-01-23T12:41:01","slug":"a-dor-silenciosa-que-comeca-leve-e-pode-travar-sua-rotina","status":"publish","type":"post","link":"https:\/\/www.tuasaude.com\/news\/2026\/01\/23\/a-dor-silenciosa-que-comeca-leve-e-pode-travar-sua-rotina\/","title":{"rendered":"A dor silenciosa que come\u00e7a leve e pode travar sua rotina"},"content":{"rendered":"\n<p>Aquela pontada persistente no ombro, pulso ou calcanhar pode come\u00e7ar como um leve inc\u00f4modo, mas logo se transforma em um obst\u00e1culo para realizar tarefas simples do dia a cada. A <strong><a href=\"https:\/\/www.tuasaude.com\/tendinite\/\">tendinite<\/a><\/strong> n\u00e3o \u00e9 apenas um sinal de esfor\u00e7o excessivo; \u00e9 o grito de socorro dos seus tend\u00f5es pedindo por pausa e cuidado estruturado. Entender como essa inflama\u00e7\u00e3o funciona \u00e9 a chave para n\u00e3o deixar que uma dor passageira se torne uma limita\u00e7\u00e3o cr\u00f4nica na sua rotina e produtividade.<\/p>\n\n\n\n<h2 class=\"wp-block-heading\">O que define a tendinite?<\/h2>\n\n\n\n<p>A ci\u00eancia nos mostra que a tendinite \u00e9 a inflama\u00e7\u00e3o ou irrita\u00e7\u00e3o dos tend\u00f5es, as cordas fibrosas que unem os m\u00fasculos aos ossos. Especialistas da <strong><a href=\"https:\/\/pesquisa.bvsalud.org\/portal\/resource\/pt\/lis-45809\" target=\"_blank\" rel=\"noreferrer noopener\">Biblioteca Virtual de Sa\u00fade do Minist\u00e9rio da Sa\u00fade<\/a><\/strong> explicam que ela ocorre quando o tecido n\u00e3o consegue se recuperar de microtraumas repetitivos, resultando em dor e incha\u00e7o localizado.<\/p>\n\n\n\n<p>Evid\u00eancias de revis\u00f5es como a <strong><a href=\"https:\/\/pubmed.ncbi.nlm.nih.gov\/16156339\/\" target=\"_blank\" rel=\"noreferrer noopener\">&#8220;Problemas comuns de tendinite por sobrecarga: uma revis\u00e3o e recomenda\u00e7\u00f5es para o tratamento&#8221;<\/a><\/strong>  publicadas no PubMed confirmam que a condi\u00e7\u00e3o pode afetar qualquer parte do corpo, mas \u00e9 predominante em articula\u00e7\u00f5es que suportam carga ou movimentos mec\u00e2nicos constantes. O foco do entendimento moderno \u00e9 que o tend\u00e3o ferido perde sua elasticidade natural, exigindo uma abordagem que combine repouso estrat\u00e9gico com reabilita\u00e7\u00e3o espec\u00edfica.<\/p>\n\n\n\n<h2 class=\"wp-block-heading\">Quais s\u00e3o os sinais principais?<\/h2>\n\n\n\n<p>Especialistas da<strong> Mayo Clinic <\/strong>por meio do guia <strong><a href=\"https:\/\/www.mayoclinic.org\/diseases-conditions\/tendinitis\/symptoms-causes\/syc-20378243\" target=\"_blank\" rel=\"noreferrer noopener\">&#8220;Tendinite&#8221;<\/a><\/strong> esclarecem que a dor da tendinite costuma ser descrita como uma queima\u00e7\u00e3o ou pontada que piora ao movimentar a articula\u00e7\u00e3o afetada. A ci\u00eancia nos mostra que, em est\u00e1gios iniciais, o desconforto pode diminuir ap\u00f3s o corpo &#8220;aquecer&#8221;, mas tende a retornar com maior intensidade e rigidez logo ap\u00f3s o per\u00edodo de repouso.<\/p>\n\n\n\n<p>\u00c9 fundamental identificar precocemente o conjunto de sintomas que indicam a necessidade de interven\u00e7\u00e3o para evitar o rompimento do tecido:<\/p>\n\n\n\n<div style=\"max-width: 900px; margin: 20px auto; font-family: 'Segoe UI', Arial, sans-serif; overflow-x: auto;\">\n  <table style=\"width: 100%; border-collapse: collapse; background: white; border-radius: 15px; overflow: hidden; box-shadow: 0 8px 24px rgba(0,0,0,0.08);\">\n    <thead>\n      <tr style=\"background: linear-gradient(90deg, #fff3e0 0%, #ffe0b2 100%); color: #000000;\">\n        <th style=\"padding: 20px; text-align: center; border: none; min-width: 150px; font-weight: 700;\">\n          <div style=\"font-size: 28px; margin-bottom: 8px;\">\u26a1<\/div>\n          Dor Aguda\n        <\/th>\n        <th style=\"padding: 20px; text-align: center; border: none; min-width: 150px; font-weight: 700;\">\n          <div style=\"font-size: 28px; margin-bottom: 8px;\">\ud83d\udc49<\/div>\n          Sensibilidade\n        <\/th>\n        <th style=\"padding: 20px; text-align: center; border: none; min-width: 150px; font-weight: 700;\">\n          <div style=\"font-size: 28px; margin-bottom: 8px;\">\ud83d\udd25<\/div>\n          Inflama\u00e7\u00e3o\n        <\/th>\n        <th style=\"padding: 20px; text-align: center; border: none; min-width: 150px; font-weight: 700;\">\n          <div style=\"font-size: 28px; margin-bottom: 8px;\">\ud83d\udd12<\/div>\n          Rigidez\n        <\/th>\n      <\/tr>\n    <\/thead>\n    <tbody>\n      <tr>\n        <td style=\"padding: 20px; text-align: center; color: #444; background: #ffffff; border-right: 1px solid #f0f0f0; font-size: 14px; line-height: 1.5;\">\n          Desconforto que se <strong>intensifica<\/strong> durante movimentos espec\u00edficos.\n        <\/td>\n        <td style=\"padding: 20px; text-align: center; color: #444; background: #fffaf0; border-right: 1px solid #f0f0f0; font-size: 14px; line-height: 1.5;\">\n          Dor extrema ao toque na <strong>conex\u00e3o do tend\u00e3o<\/strong> com o osso.\n        <\/td>\n        <td style=\"padding: 20px; text-align: center; color: #444; background: #ffffff; border-right: 1px solid #f0f0f0; font-size: 14px; line-height: 1.5;\">\n          Leve incha\u00e7o, calor e sensa\u00e7\u00e3o de <strong>&#8220;crepita\u00e7\u00e3o&#8221;<\/strong> (atrito) local.\n        <\/td>\n        <td style=\"padding: 20px; text-align: center; color: #444; background: #fffaf0; font-size: 14px; line-height: 1.5;\">\n          Dificuldade de movimento pela manh\u00e3 ou ap\u00f3s <strong>longos per\u00edodos parado<\/strong>.\n        <\/td>\n      <\/tr>\n    <\/tbody>\n  <\/table>\n<\/div>\n\n\n\n<h2 class=\"wp-block-heading\">Como o problema surge?<\/h2>\n\n\n\n<p>O uso excessivo e repetitivo \u00e9 a causa prim\u00e1ria da maioria dos casos diagnosticados hoje. Especialistas explicam que erros de postura no trabalho ou a falta de ergonomia no uso de dispositivos eletr\u00f4nicos criam uma sobrecarga invis\u00edvel, mas destrutiva, sobre as fibras col\u00e1genas.<\/p>\n\n\n\n<p>Al\u00e9m do fator mec\u00e2nico, a ci\u00eancia nos mostra que existem condi\u00e7\u00f5es biol\u00f3gicas que facilitam o surgimento da inflama\u00e7\u00e3o sist\u00eamica nos tend\u00f5es. Especialistas da <strong><a href=\"https:\/\/www.mayoclinic.org\/diseases-conditions\/tendinitis\/symptoms-causes\/syc-20378243\" target=\"_blank\" rel=\"noreferrer noopener\">Mayo Clinic no guia &#8220;Tendinite&#8221; <\/a><\/strong>recomendam aten\u00e7\u00e3o redobrada aos seguintes fatores de risco que aceleram o desgaste do tecido:<\/p>\n\n\n\n<ul class=\"wp-block-list\">\n<li>Pr\u00e1tica de esportes de impacto sem o devido fortalecimento muscular pr\u00e9vio.<\/li>\n\n\n\n<li>Envelhecimento natural, que reduz a vasculariza\u00e7\u00e3o e a flexibilidade dos tend\u00f5es.<\/li>\n\n\n\n<li>Doen\u00e7as metab\u00f3licas preexistentes, como diabetes ou artrite reumatoide.<\/li>\n\n\n\n<li>Movimentos bruscos ou carregamento de peso acima da capacidade f\u00edsica individual.<\/li>\n<\/ul>\n\n\n<div class=\"wp-block-image\">\n<figure class=\"aligncenter size-large\"><img decoding=\"async\" width=\"1024\" height=\"584\" src=\"https:\/\/www.tuasaude.com\/news\/wp-content\/uploads\/2026\/01\/freepik__the-style-is-candid-image-photography-with-natural__4495-1024x584.jpeg\" alt=\"A dor silenciosa que come\u00e7a leve e pode travar sua rotina\" class=\"wp-image-1421\" srcset=\"https:\/\/www.tuasaude.com\/news\/wp-content\/uploads\/2026\/01\/freepik__the-style-is-candid-image-photography-with-natural__4495-1024x584.jpeg 1024w, https:\/\/www.tuasaude.com\/news\/wp-content\/uploads\/2026\/01\/freepik__the-style-is-candid-image-photography-with-natural__4495-300x171.jpeg 300w, https:\/\/www.tuasaude.com\/news\/wp-content\/uploads\/2026\/01\/freepik__the-style-is-candid-image-photography-with-natural__4495-768x438.jpeg 768w, https:\/\/www.tuasaude.com\/news\/wp-content\/uploads\/2026\/01\/freepik__the-style-is-candid-image-photography-with-natural__4495-750x428.jpeg 750w, https:\/\/www.tuasaude.com\/news\/wp-content\/uploads\/2026\/01\/freepik__the-style-is-candid-image-photography-with-natural__4495-1140x650.jpeg 1140w, https:\/\/www.tuasaude.com\/news\/wp-content\/uploads\/2026\/01\/freepik__the-style-is-candid-image-photography-with-natural__4495.jpeg 1280w\" sizes=\"(max-width: 1024px) 100vw, 1024px\" \/><figcaption class=\"wp-element-caption\">A tendinite surge quando o tend\u00e3o n\u00e3o consegue se recuperar do esfor\u00e7o repetitivo<\/figcaption><\/figure>\n<\/div>\n\n\n<h2 class=\"wp-block-heading\">Qual \u00e9 o tratamento ideal?<\/h2>\n\n\n\n<p>A ci\u00eancia nos mostra que a primeira linha de defesa contra a tendinite \u00e9 o protocolo de prote\u00e7\u00e3o, repouso e aplica\u00e7\u00e3o de gelo para controlar a fase inflamat\u00f3ria aguda. Especialistas do guia <strong><a href=\"https:\/\/www.aafp.org\/pubs\/afp\/issues\/2005\/0901\/p811.html\" target=\"_blank\" rel=\"noreferrer noopener\">&#8220;Problemas comuns de tend\u00f5es por uso excessivo: uma revis\u00e3o e recomenda\u00e7\u00f5es para o tratamento&#8221;<\/a><\/strong>, explicam que a fisioterapia \u00e9 indispens\u00e1vel para reorganizar as fibras do tend\u00e3o e devolver a for\u00e7a funcional ao membro.<\/p>\n\n\n\n<p>Em casos onde a inflama\u00e7\u00e3o persiste, o uso de anti-inflamat\u00f3rios sob prescri\u00e7\u00e3o e, em situa\u00e7\u00f5es espec\u00edficas, terapias por ondas de choque. Especialistas explicam que o<strong><a href=\"https:\/\/www.tuasaude.com\/tratamento-para-tendinite\/\" target=\"_blank\" rel=\"noreferrer noopener\"> tratamento <\/a><\/strong>moderno foge da imobiliza\u00e7\u00e3o total por longos per\u00edodos, priorizando movimentos controlados que estimulem a cura sem gerar novas cicatrizes r\u00edgidas no tecido.<\/p>\n\n\n\n<h2 class=\"wp-block-heading\">Qual \u00e9 o seu pr\u00f3ximo passo?<\/h2>\n\n\n\n<p>Se voc\u00ea sente que a dor est\u00e1 limitando sua autonomia, come\u00e7ar um registro de quais atividades engatilham o desconforto ajudar\u00e1 o especialista a tra\u00e7ar um plano de ergonomia personalizado. Adaptar seu ambiente de trabalho e incluir pausas ativas com alongamentos leves s\u00e3o medidas simples que podem interromper o ciclo de les\u00e3o antes que ela se torne severa.<\/p>\n\n\n\n<p>Cuidar dos seus tend\u00f5es \u00e9 investir na sua mobilidade a longo prazo, garantindo que o corpo continue sendo seu maior aliado em todas as fases da vida. Com o diagn\u00f3stico precoce e a disciplina na reabilita\u00e7\u00e3o, \u00e9 perfeitamente poss\u00edvel eliminar a dor e retornar \u00e0s suas atividades favoritas com muito mais seguran\u00e7a e consci\u00eancia corporal.<\/p>\n\n\n\n<p>O acompanhamento com um m\u00e9dico ou nutricionista \u00e9 fundamental para um diagn\u00f3stico preciso e tratamento seguro.<\/p>\n","protected":false},"excerpt":{"rendered":"<p>Aquela pontada persistente no ombro, pulso ou calcanhar pode come\u00e7ar como um leve inc\u00f4modo, mas logo se transforma em um obst\u00e1culo para realizar tarefas simples do dia a cada. A tendinite n\u00e3o \u00e9 apenas um sinal de esfor\u00e7o excessivo; \u00e9 o grito de socorro dos seus tend\u00f5es pedindo por pausa e cuidado estruturado. Entender como [&hellip;]<\/p>\n","protected":false},"author":9,"featured_media":1428,"comment_status":"open","ping_status":"open","sticky":false,"template":"","format":"standard","meta":{"_yoast_wpseo_focuskw":"tendinite","_yoast_wpseo_title":"","_yoast_wpseo_metadesc":"Pontadas no ombro, pulso ou calcanhar n\u00e3o s\u00e3o normais quando persistem. Saiba como identificar a tendinite e evitar limita\u00e7\u00f5es futuras.","jnews-multi-image_gallery":[],"jnews_single_post":{"format":"standard"},"jnews_primary_category":[],"jnews_social_meta":[],"jnews_override_counter":[],"footnotes":""},"categories":[111],"tags":[476,479,478,477],"class_list":["post-1411","post","type-post","status-publish","format-standard","has-post-thumbnail","hentry","category-saude","tag-dor-no-tendao","tag-dores","tag-sintomas-de-tendinite","tag-tendinite"],"yoast_head":"<!-- This site is optimized with the Yoast SEO plugin v26.7 - https:\/\/yoast.com\/wordpress\/plugins\/seo\/ -->\n<title>A dor silenciosa que come\u00e7a leve e pode travar sua rotina - Tua Sa\u00fade<\/title>\n<meta name=\"description\" content=\"Pontadas no ombro, pulso ou calcanhar n\u00e3o s\u00e3o normais quando persistem. Saiba como identificar a tendinite e evitar limita\u00e7\u00f5es futuras.\" \/>\n<meta name=\"robots\" content=\"index, follow, max-snippet:-1, max-image-preview:large, max-video-preview:-1\" \/>\n<link rel=\"canonical\" href=\"https:\/\/www.tuasaude.com\/news\/2026\/01\/23\/a-dor-silenciosa-que-comeca-leve-e-pode-travar-sua-rotina\/\" \/>\n<meta property=\"og:locale\" content=\"pt_BR\" \/>\n<meta property=\"og:type\" content=\"article\" \/>\n<meta property=\"og:title\" content=\"A dor silenciosa que come\u00e7a leve e pode travar sua rotina - Tua Sa\u00fade\" \/>\n<meta property=\"og:description\" content=\"Pontadas no ombro, pulso ou calcanhar n\u00e3o s\u00e3o normais quando persistem. Saiba como identificar a tendinite e evitar limita\u00e7\u00f5es futuras.\" \/>\n<meta property=\"og:url\" content=\"https:\/\/www.tuasaude.com\/news\/2026\/01\/23\/a-dor-silenciosa-que-comeca-leve-e-pode-travar-sua-rotina\/\" \/>\n<meta property=\"og:site_name\" content=\"Tua Sa\u00fade\" \/>\n<meta property=\"article:published_time\" content=\"2026-01-23T18:00:00+00:00\" \/>\n<meta property=\"og:image\" content=\"https:\/\/www.tuasaude.com\/news\/wp-content\/uploads\/2026\/01\/freepik__35mm-film-photography-mulher-adulta-em-ambiente-do__4496.jpeg\" \/>\n\t<meta property=\"og:image:width\" content=\"1280\" \/>\n\t<meta property=\"og:image:height\" content=\"731\" \/>\n\t<meta property=\"og:image:type\" content=\"image\/jpeg\" \/>\n<meta name=\"author\" content=\"Roberta Patriota\" \/>\n<meta name=\"twitter:card\" content=\"summary_large_image\" \/>\n<meta name=\"twitter:label1\" content=\"Escrito por\" \/>\n\t<meta name=\"twitter:data1\" content=\"Roberta Patriota\" \/>\n\t<meta name=\"twitter:label2\" content=\"Est. tempo de leitura\" \/>\n\t<meta name=\"twitter:data2\" content=\"5 minutos\" \/>\n<!-- \/ Yoast SEO plugin. -->","yoast_head_json":{"title":"A dor silenciosa que come\u00e7a leve e pode travar sua rotina - Tua Sa\u00fade","description":"Pontadas no ombro, pulso ou calcanhar n\u00e3o s\u00e3o normais quando persistem. Saiba como identificar a tendinite e evitar limita\u00e7\u00f5es futuras.","robots":{"index":"index","follow":"follow","max-snippet":"max-snippet:-1","max-image-preview":"max-image-preview:large","max-video-preview":"max-video-preview:-1"},"canonical":"https:\/\/www.tuasaude.com\/news\/2026\/01\/23\/a-dor-silenciosa-que-comeca-leve-e-pode-travar-sua-rotina\/","og_locale":"pt_BR","og_type":"article","og_title":"A dor silenciosa que come\u00e7a leve e pode travar sua rotina - Tua Sa\u00fade","og_description":"Pontadas no ombro, pulso ou calcanhar n\u00e3o s\u00e3o normais quando persistem. Saiba como identificar a tendinite e evitar limita\u00e7\u00f5es futuras.","og_url":"https:\/\/www.tuasaude.com\/news\/2026\/01\/23\/a-dor-silenciosa-que-comeca-leve-e-pode-travar-sua-rotina\/","og_site_name":"Tua Sa\u00fade","article_published_time":"2026-01-23T18:00:00+00:00","og_image":[{"width":1280,"height":731,"url":"https:\/\/www.tuasaude.com\/news\/wp-content\/uploads\/2026\/01\/freepik__35mm-film-photography-mulher-adulta-em-ambiente-do__4496.jpeg","type":"image\/jpeg"}],"author":"Roberta Patriota","twitter_card":"summary_large_image","twitter_misc":{"Escrito por":"Roberta Patriota","Est. tempo de leitura":"5 minutos"},"schema":{"@context":"https:\/\/schema.org","@graph":[{"@type":"Article","@id":"https:\/\/www.tuasaude.com\/news\/2026\/01\/23\/a-dor-silenciosa-que-comeca-leve-e-pode-travar-sua-rotina\/#article","isPartOf":{"@id":"https:\/\/www.tuasaude.com\/news\/2026\/01\/23\/a-dor-silenciosa-que-comeca-leve-e-pode-travar-sua-rotina\/"},"author":{"name":"Roberta Patriota","@id":"https:\/\/www.tuasaude.com\/news\/#\/schema\/person\/27adc41011393316b12ef997ca893e44"},"headline":"A dor silenciosa que come\u00e7a leve e pode travar sua rotina","datePublished":"2026-01-23T18:00:00+00:00","mainEntityOfPage":{"@id":"https:\/\/www.tuasaude.com\/news\/2026\/01\/23\/a-dor-silenciosa-que-comeca-leve-e-pode-travar-sua-rotina\/"},"wordCount":826,"commentCount":0,"image":{"@id":"https:\/\/www.tuasaude.com\/news\/2026\/01\/23\/a-dor-silenciosa-que-comeca-leve-e-pode-travar-sua-rotina\/#primaryimage"},"thumbnailUrl":"https:\/\/www.tuasaude.com\/news\/wp-content\/uploads\/2026\/01\/freepik__35mm-film-photography-mulher-adulta-em-ambiente-do__4496.jpeg","keywords":["dor no tend\u00e3o","dores","sintomas de tendinite","tendinite"],"articleSection":["Sa\u00fade"],"inLanguage":"pt-BR","potentialAction":[{"@type":"CommentAction","name":"Comment","target":["https:\/\/www.tuasaude.com\/news\/2026\/01\/23\/a-dor-silenciosa-que-comeca-leve-e-pode-travar-sua-rotina\/#respond"]}]},{"@type":"WebPage","@id":"https:\/\/www.tuasaude.com\/news\/2026\/01\/23\/a-dor-silenciosa-que-comeca-leve-e-pode-travar-sua-rotina\/","url":"https:\/\/www.tuasaude.com\/news\/2026\/01\/23\/a-dor-silenciosa-que-comeca-leve-e-pode-travar-sua-rotina\/","name":"A dor silenciosa que come\u00e7a leve e pode travar sua rotina - Tua Sa\u00fade","isPartOf":{"@id":"https:\/\/www.tuasaude.com\/news\/#website"},"primaryImageOfPage":{"@id":"https:\/\/www.tuasaude.com\/news\/2026\/01\/23\/a-dor-silenciosa-que-comeca-leve-e-pode-travar-sua-rotina\/#primaryimage"},"image":{"@id":"https:\/\/www.tuasaude.com\/news\/2026\/01\/23\/a-dor-silenciosa-que-comeca-leve-e-pode-travar-sua-rotina\/#primaryimage"},"thumbnailUrl":"https:\/\/www.tuasaude.com\/news\/wp-content\/uploads\/2026\/01\/freepik__35mm-film-photography-mulher-adulta-em-ambiente-do__4496.jpeg","datePublished":"2026-01-23T18:00:00+00:00","author":{"@id":"https:\/\/www.tuasaude.com\/news\/#\/schema\/person\/27adc41011393316b12ef997ca893e44"},"description":"Pontadas no ombro, pulso ou calcanhar n\u00e3o s\u00e3o normais quando persistem. Saiba como identificar a tendinite e evitar limita\u00e7\u00f5es futuras.","breadcrumb":{"@id":"https:\/\/www.tuasaude.com\/news\/2026\/01\/23\/a-dor-silenciosa-que-comeca-leve-e-pode-travar-sua-rotina\/#breadcrumb"},"inLanguage":"pt-BR","potentialAction":[{"@type":"ReadAction","target":["https:\/\/www.tuasaude.com\/news\/2026\/01\/23\/a-dor-silenciosa-que-comeca-leve-e-pode-travar-sua-rotina\/"]}]},{"@type":"ImageObject","inLanguage":"pt-BR","@id":"https:\/\/www.tuasaude.com\/news\/2026\/01\/23\/a-dor-silenciosa-que-comeca-leve-e-pode-travar-sua-rotina\/#primaryimage","url":"https:\/\/www.tuasaude.com\/news\/wp-content\/uploads\/2026\/01\/freepik__35mm-film-photography-mulher-adulta-em-ambiente-do__4496.jpeg","contentUrl":"https:\/\/www.tuasaude.com\/news\/wp-content\/uploads\/2026\/01\/freepik__35mm-film-photography-mulher-adulta-em-ambiente-do__4496.jpeg","width":1280,"height":731,"caption":"Dor e rigidez ao movimentar a articula\u00e7\u00e3o s\u00e3o sinais cl\u00e1ssicos de tendinite"},{"@type":"BreadcrumbList","@id":"https:\/\/www.tuasaude.com\/news\/2026\/01\/23\/a-dor-silenciosa-que-comeca-leve-e-pode-travar-sua-rotina\/#breadcrumb","itemListElement":[{"@type":"ListItem","position":1,"name":"In\u00edcio","item":"https:\/\/www.tuasaude.com\/news\/"},{"@type":"ListItem","position":2,"name":"A dor silenciosa que come\u00e7a leve e pode travar sua rotina"}]},{"@type":"WebSite","@id":"https:\/\/www.tuasaude.com\/news\/#website","url":"https:\/\/www.tuasaude.com\/news\/","name":"Tua Sa\u00fade","description":"Seu site de sa\u00fade","potentialAction":[{"@type":"SearchAction","target":{"@type":"EntryPoint","urlTemplate":"https:\/\/www.tuasaude.com\/news\/?s={search_term_string}"},"query-input":{"@type":"PropertyValueSpecification","valueRequired":true,"valueName":"search_term_string"}}],"inLanguage":"pt-BR"},{"@type":"Person","@id":"https:\/\/www.tuasaude.com\/news\/#\/schema\/person\/27adc41011393316b12ef997ca893e44","name":"Roberta Patriota","image":{"@type":"ImageObject","inLanguage":"pt-BR","@id":"https:\/\/www.tuasaude.com\/news\/#\/schema\/person\/image\/","url":"https:\/\/secure.gravatar.com\/avatar\/40fc934d21bfa38a60909bb2e5f2ec503dcd4d849aa772e107feb32efe75c210?s=96&d=mm&r=g","contentUrl":"https:\/\/secure.gravatar.com\/avatar\/40fc934d21bfa38a60909bb2e5f2ec503dcd4d849aa772e107feb32efe75c210?s=96&d=mm&r=g","caption":"Roberta Patriota"},"sameAs":["https:\/\/www.tuasaude.com\/news\/"],"url":"https:\/\/www.tuasaude.com\/news\/author\/roberta-patriota\/"}]}},"_links":{"self":[{"href":"https:\/\/www.tuasaude.com\/news\/wp-json\/wp\/v2\/posts\/1411","targetHints":{"allow":["GET"]}}],"collection":[{"href":"https:\/\/www.tuasaude.com\/news\/wp-json\/wp\/v2\/posts"}],"about":[{"href":"https:\/\/www.tuasaude.com\/news\/wp-json\/wp\/v2\/types\/post"}],"author":[{"embeddable":true,"href":"https:\/\/www.tuasaude.com\/news\/wp-json\/wp\/v2\/users\/9"}],"replies":[{"embeddable":true,"href":"https:\/\/www.tuasaude.com\/news\/wp-json\/wp\/v2\/comments?post=1411"}],"version-history":[{"count":2,"href":"https:\/\/www.tuasaude.com\/news\/wp-json\/wp\/v2\/posts\/1411\/revisions"}],"predecessor-version":[{"id":1446,"href":"https:\/\/www.tuasaude.com\/news\/wp-json\/wp\/v2\/posts\/1411\/revisions\/1446"}],"wp:featuredmedia":[{"embeddable":true,"href":"https:\/\/www.tuasaude.com\/news\/wp-json\/wp\/v2\/media\/1428"}],"wp:attachment":[{"href":"https:\/\/www.tuasaude.com\/news\/wp-json\/wp\/v2\/media?parent=1411"}],"wp:term":[{"taxonomy":"category","embeddable":true,"href":"https:\/\/www.tuasaude.com\/news\/wp-json\/wp\/v2\/categories?post=1411"},{"taxonomy":"post_tag","embeddable":true,"href":"https:\/\/www.tuasaude.com\/news\/wp-json\/wp\/v2\/tags?post=1411"}],"curies":[{"name":"wp","href":"https:\/\/api.w.org\/{rel}","templated":true}]}}