{"id":1409,"date":"2026-01-23T17:18:00","date_gmt":"2026-01-23T20:18:00","guid":{"rendered":"https:\/\/www.tuasaude.com\/news\/?p=1409"},"modified":"2026-01-23T09:47:23","modified_gmt":"2026-01-23T12:47:23","slug":"saiba-quando-a-dor-de-garganta-intensa-pode-indicar-amigdalite-bacteriana","status":"publish","type":"post","link":"https:\/\/www.tuasaude.com\/news\/2026\/01\/23\/saiba-quando-a-dor-de-garganta-intensa-pode-indicar-amigdalite-bacteriana\/","title":{"rendered":"Saiba quando a dor de garganta intensa pode indicar amigdalite bacteriana"},"content":{"rendered":"\n<blockquote class=\"wp-block-quote is-layout-flow wp-block-quote-is-layout-flow\">\n<p>Essa dor de garganta intensa pode indicar uma infec\u00e7\u00e3o que n\u00e3o passa sozinha<\/p>\n<\/blockquote>\n\n\n\n<p>Acordar com aquela dor de garganta intensa, que torna o simples ato de engolir uma tarefa herc\u00falea, \u00e9 um sinal claro de que seu corpo est\u00e1 lutando contra um invasor. Diferente das vers\u00f5es virais, a <strong><a href=\"https:\/\/www.tuasaude.com\/amigdalite-bacteriana\/\" target=\"_blank\" rel=\"noreferrer noopener\">amigdalite bacteriana<\/a><\/strong> exige uma aten\u00e7\u00e3o especial e um olhar cuidadoso, pois entender a diferen\u00e7a entre uma irrita\u00e7\u00e3o passageira e uma infec\u00e7\u00e3o que precisa de suporte espec\u00edfico \u00e9 o segredo para uma recupera\u00e7\u00e3o r\u00e1pida e sem complica\u00e7\u00f5es.<\/p>\n\n\n\n<h2 class=\"wp-block-heading\">Como identificar a infec\u00e7\u00e3o?<\/h2>\n\n\n\n<p>A ci\u00eancia nos mostra que a amigdalite bacteriana se manifesta de forma mais agressiva e localizada do que as infec\u00e7\u00f5es causadas por v\u00edrus. Especialistas do guia de <strong><a href=\"https:\/\/bvsms.saude.gov.br\/amidalite-ou-amigdalite\/#:~:text=%E2%80%93%20Dificuldade%20para%20engolir;,uma%20camada%20amarelada%20na%20l%C3%ADngua.\" target=\"_blank\" rel=\"noreferrer noopener\">Biblioteca Virtual de Sa\u00fade do Minist\u00e9rio da Sa\u00fade<\/a><\/strong> explicam que a febre alta s\u00fabita e a presen\u00e7a de pontos de pus nas am\u00edgdalas s\u00e3o os indicadores mais comuns de que a bact\u00e9ria <em>Streptococcus pyogenes<\/em> est\u00e1 presente.<\/p>\n\n\n\n<p>Ao contr\u00e1rio do resfriado comum, essa condi\u00e7\u00e3o raramente vem acompanhada de coriza ou tosse. O foco do diagn\u00f3stico est\u00e1 na observa\u00e7\u00e3o da garganta, que costuma apresentar um tom vermelho vivo e g\u00e2nglios inchados na regi\u00e3o do pesco\u00e7o, causando grande desconforto ao toque.<\/p>\n\n\n\n<h2 class=\"wp-block-heading\">Quais s\u00e3o os sinais principais?<\/h2>\n\n\n\n<p>Especialistas da <strong><a href=\"https:\/\/www.mayoclinic.org\/diseases-conditions\/tonsillitis\/symptoms-causes\/syc-20378479\" target=\"_blank\" rel=\"noreferrer noopener\">Mayo Clinic <\/a><\/strong>esclarecem que os <strong><a href=\"https:\/\/www.tuasaude.com\/amigdalite-sintomas\/\" target=\"_blank\" rel=\"noreferrer noopener\">sintomas<\/a><\/strong> da bact\u00e9ria estreptoc\u00f3cica surgem rapidamente, muitas vezes em quest\u00e3o de poucas horas. A ci\u00eancia nos mostra que a inflama\u00e7\u00e3o \u00e9 t\u00e3o intensa que pode causar dores de ouvido reflexas e um h\u00e1lito desagrad\u00e1vel, devido \u00e0 atividade bacteriana nos tecidos linf\u00e1ticos da garganta.<\/p>\n\n\n\n<p>\u00c9 essencial ficar atento ao conjunto de sinais que diferenciam este quadro de uma simples dor de garganta:<\/p>\n\n\n\n<div style=\"max-width: 900px; margin: 20px auto; font-family: 'Segoe UI', Arial, sans-serif; overflow-x: auto;\">\n  <table style=\"width: 100%; border-collapse: collapse; background: white; border-radius: 15px; overflow: hidden; box-shadow: 0 8px 24px rgba(0,0,0,0.08);\">\n    <thead>\n      <tr style=\"background: linear-gradient(90deg, #e3f2fd 0%, #bbdefb 100%); color: #000000;\">\n        <th style=\"padding: 20px; text-align: center; border: none; min-width: 150px; font-weight: 700;\">\n          <div style=\"font-size: 28px; margin-bottom: 8px;\">\ud83d\ude16<\/div>\n          Dor Forte\n        <\/th>\n        <th style=\"padding: 20px; text-align: center; border: none; min-width: 150px; font-weight: 700;\">\n          <div style=\"font-size: 28px; margin-bottom: 8px;\">\u26aa<\/div>\n          Presen\u00e7a de Pus\n        <\/th>\n        <th style=\"padding: 20px; text-align: center; border: none; min-width: 150px; font-weight: 700;\">\n          <div style=\"font-size: 28px; margin-bottom: 8px;\">\ud83c\udf21\ufe0f<\/div>\n          Febre Alta\n        <\/th>\n        <th style=\"padding: 20px; text-align: center; border: none; min-width: 150px; font-weight: 700;\">\n          <div style=\"font-size: 28px; margin-bottom: 8px;\">\ud83e\udd12<\/div>\n          Mal-estar\n        <\/th>\n      <\/tr>\n    <\/thead>\n    <tbody>\n      <tr>\n        <td style=\"padding: 20px; text-align: center; color: #444; background: #ffffff; border-right: 1px solid #f0f0f0; font-size: 14px; line-height: 1.5;\">\n          Dificuldade extrema para <strong>engolir alimentos<\/strong> e at\u00e9 l\u00edquidos.\n        <\/td>\n        <td style=\"padding: 20px; text-align: center; color: #444; background: #f9fbfd; border-right: 1px solid #f0f0f0; font-size: 14px; line-height: 1.5;\">\n          <strong>Placas brancas<\/strong> ou amareladas vis\u00edveis sobre as am\u00edgdalas.\n        <\/td>\n        <td style=\"padding: 20px; text-align: center; color: #444; background: #ffffff; border-right: 1px solid #f0f0f0; font-size: 14px; line-height: 1.5;\">\n          Geralmente <strong>acima de 38,5\u00b0C<\/strong>, surgindo de forma repentina.\n        <\/td>\n        <td style=\"padding: 20px; text-align: center; color: #444; background: #f9fbfd; font-size: 14px; line-height: 1.5;\">\n          Dor de cabe\u00e7a, <strong>calafrios<\/strong> e perda total de apetite.\n        <\/td>\n      <\/tr>\n    <\/tbody>\n  <\/table>\n<\/div>\n\n\n\n<h2 class=\"wp-block-heading\">Como \u00e9 feito o tratamento?<\/h2>\n\n\n\n<p>Evid\u00eancias refor\u00e7am que, por ser uma infec\u00e7\u00e3o bacteriana, o uso de antibi\u00f3ticos \u00e9 indispens\u00e1vel para eliminar o agente causador. Especialistas explicam que interromper o uso do rem\u00e9dio antes do prazo, s\u00f3 porque a dor passou, \u00e9 um erro perigoso que pode fortalecer as bact\u00e9rias e causar resist\u00eancia no organismo.<\/p>\n\n\n\n<p>Para garantir que o corpo se recupere totalmente e evite reca\u00eddas, a ci\u00eancia nos mostra que o suporte dom\u00e9stico \u00e9 um aliado poderoso do medicamento. Especialistas do Minist\u00e9rio da Sa\u00fade recomendam focar nos seguintes cuidados durante o per\u00edodo de tratamento:<\/p>\n\n\n\n<ul class=\"wp-block-list\">\n<li>Repouso absoluto para permitir que o sistema imunol\u00f3gico concentre energias na cura.<\/li>\n\n\n\n<li>Ingest\u00e3o abundante de l\u00edquidos, preferencialmente em temperatura morna ou natural.<\/li>\n\n\n\n<li>Alimenta\u00e7\u00e3o pastosa, como sopas e pur\u00eas, para evitar o atrito na garganta inflamada.<\/li>\n\n\n\n<li>Manter a higiene bucal rigorosa para reduzir a carga bacteriana na cavidade oral.<\/li>\n<\/ul>\n\n\n\n<h2 class=\"wp-block-heading\">Quais s\u00e3o os riscos do descuido?<\/h2>\n\n\n\n<p>A ci\u00eancia nos mostra que negligenciar uma amigdalite bacteriana pode levar a problemas s\u00e9rios em \u00f3rg\u00e3os distantes, como o cora\u00e7\u00e3o e os rins, como mostra  o texto t\u00e9cnico cient\u00edfico publicado na <strong><a href=\"https:\/\/aps-repo.bvs.br\/aps\/qual-a-relacao-entre-amigdalite-e-problemas-do-coracao\/\" target=\"_blank\" rel=\"noreferrer noopener\">Biblioteca Virtual de Sa\u00fade<\/a><\/strong>. A febre reum\u00e1tica \u00e9 uma complica\u00e7\u00e3o real quando a bact\u00e9ria n\u00e3o \u00e9 eliminada corretamente.<\/p>\n\n\n\n<p>Evid\u00eancias do guia de <strong><a href=\"https:\/\/www.ahajournals.org\/doi\/10.1161\/CIR.0000000000000921\" target=\"_blank\" rel=\"noreferrer noopener\"><em>Cardiopatia Reum\u00e1tica<\/em> da AHA<\/a><\/strong> confirmam que os anticorpos criados para lutar contra a bact\u00e9ria da garganta podem acabar atacando as v\u00e1lvulas card\u00edacas por engano. Especialistas explicam que o tratamento correto n\u00e3o serve apenas para tirar a dor de hoje, mas para proteger sua sa\u00fade cardiovascular e renal por toda a vida.<\/p>\n\n\n<div class=\"wp-block-image\">\n<figure class=\"aligncenter size-large\"><img decoding=\"async\" width=\"1024\" height=\"584\" src=\"https:\/\/www.tuasaude.com\/news\/wp-content\/uploads\/2026\/01\/freepik__the-style-is-candid-image-photography-with-natural__4497-1024x584.jpeg\" alt=\"Saiba quando a dor de garganta intensa pode indicar amigdalite bacteriana\" class=\"wp-image-1422\" srcset=\"https:\/\/www.tuasaude.com\/news\/wp-content\/uploads\/2026\/01\/freepik__the-style-is-candid-image-photography-with-natural__4497-1024x584.jpeg 1024w, https:\/\/www.tuasaude.com\/news\/wp-content\/uploads\/2026\/01\/freepik__the-style-is-candid-image-photography-with-natural__4497-300x171.jpeg 300w, https:\/\/www.tuasaude.com\/news\/wp-content\/uploads\/2026\/01\/freepik__the-style-is-candid-image-photography-with-natural__4497-768x438.jpeg 768w, https:\/\/www.tuasaude.com\/news\/wp-content\/uploads\/2026\/01\/freepik__the-style-is-candid-image-photography-with-natural__4497-750x428.jpeg 750w, https:\/\/www.tuasaude.com\/news\/wp-content\/uploads\/2026\/01\/freepik__the-style-is-candid-image-photography-with-natural__4497-1140x650.jpeg 1140w, https:\/\/www.tuasaude.com\/news\/wp-content\/uploads\/2026\/01\/freepik__the-style-is-candid-image-photography-with-natural__4497.jpeg 1280w\" sizes=\"(max-width: 1024px) 100vw, 1024px\" \/><figcaption class=\"wp-element-caption\">Febre alta e pus nas am\u00edgdalas s\u00e3o sinais de infec\u00e7\u00e3o que exige antibi\u00f3tico<\/figcaption><\/figure>\n<\/div>\n\n\n<h2 class=\"wp-block-heading\">Qual \u00e9 o seu pr\u00f3ximo passo?<\/h2>\n\n\n\n<p>Se voc\u00ea notou a presen\u00e7a de pus ou se a febre n\u00e3o cede com repouso, o monitoramento profissional torna-se o caminho mais seguro para sua reabilita\u00e7\u00e3o. Evite a automedica\u00e7\u00e3o, pois o uso incorreto de anti-inflamat\u00f3rios pode mascarar os sinais de uma infec\u00e7\u00e3o que exige, obrigatoriamente, o uso de antibi\u00f3ticos espec\u00edficos receitados por um especialista.<\/p>\n\n\n\n<p>Tratar a garganta com seriedade \u00e9 uma forma de respeitar o tempo do seu corpo e garantir que uma pequena inflama\u00e7\u00e3o n\u00e3o se transforme em um problema maior. Com o diagn\u00f3stico certo e a disciplina no tratamento, a dor desaparece em poucos dias, permitindo que voc\u00ea retome sua rotina com total energia e bem-estar.<\/p>\n\n\n\n<p>O acompanhamento com um m\u00e9dico ou nutricionista \u00e9 fundamental para um diagn\u00f3stico preciso e tratamento seguro.<\/p>\n","protected":false},"excerpt":{"rendered":"<p>Essa dor de garganta intensa pode indicar uma infec\u00e7\u00e3o que n\u00e3o passa sozinha Acordar com aquela dor de garganta intensa, que torna o simples ato de engolir uma tarefa herc\u00falea, \u00e9 um sinal claro de que seu corpo est\u00e1 lutando contra um invasor. Diferente das vers\u00f5es virais, a amigdalite bacteriana exige uma aten\u00e7\u00e3o especial e [&hellip;]<\/p>\n","protected":false},"author":9,"featured_media":1424,"comment_status":"open","ping_status":"open","sticky":false,"template":"","format":"standard","meta":{"_yoast_wpseo_focuskw":"amigdalite bacteriana","_yoast_wpseo_title":"Saiba quando a dor de garganta intensa pode indicar amigdalite","_yoast_wpseo_metadesc":"Nem toda dor de garganta \u00e9 viral. Veja os sintomas da amigdalite bacteriana e por que o tratamento correto \u00e9 essencial.","jnews-multi-image_gallery":[],"jnews_single_post":{"format":"standard"},"jnews_primary_category":[],"jnews_social_meta":[],"jnews_override_counter":[],"footnotes":""},"categories":[111],"tags":[472,473,474,475],"class_list":["post-1409","post","type-post","status-publish","format-standard","has-post-thumbnail","hentry","category-saude","tag-amigdalite-bacteriana","tag-dor-de-garganta","tag-sintomas-de-amigdalite-bacteriana","tag-tratamentos-de-amigdalite"],"yoast_head":"<!-- This site is optimized with the Yoast SEO plugin v26.7 - https:\/\/yoast.com\/wordpress\/plugins\/seo\/ -->\n<title>Saiba quando a dor de garganta intensa pode indicar amigdalite<\/title>\n<meta name=\"description\" content=\"Nem toda dor de garganta \u00e9 viral. Veja os sintomas da amigdalite bacteriana e por que o tratamento correto \u00e9 essencial.\" \/>\n<meta name=\"robots\" content=\"index, follow, max-snippet:-1, max-image-preview:large, max-video-preview:-1\" \/>\n<link rel=\"canonical\" href=\"https:\/\/www.tuasaude.com\/news\/2026\/01\/23\/saiba-quando-a-dor-de-garganta-intensa-pode-indicar-amigdalite-bacteriana\/\" \/>\n<meta property=\"og:locale\" content=\"pt_BR\" \/>\n<meta property=\"og:type\" content=\"article\" \/>\n<meta property=\"og:title\" content=\"Saiba quando a dor de garganta intensa pode indicar amigdalite\" \/>\n<meta property=\"og:description\" content=\"Nem toda dor de garganta \u00e9 viral. Veja os sintomas da amigdalite bacteriana e por que o tratamento correto \u00e9 essencial.\" \/>\n<meta property=\"og:url\" content=\"https:\/\/www.tuasaude.com\/news\/2026\/01\/23\/saiba-quando-a-dor-de-garganta-intensa-pode-indicar-amigdalite-bacteriana\/\" \/>\n<meta property=\"og:site_name\" content=\"Tua Sa\u00fade\" \/>\n<meta property=\"article:published_time\" content=\"2026-01-23T20:18:00+00:00\" \/>\n<meta property=\"og:image\" content=\"https:\/\/www.tuasaude.com\/news\/wp-content\/uploads\/2026\/01\/freepik__the-style-is-candid-image-photography-with-natural__4499.jpeg\" \/>\n\t<meta property=\"og:image:width\" content=\"1280\" \/>\n\t<meta property=\"og:image:height\" content=\"730\" \/>\n\t<meta property=\"og:image:type\" content=\"image\/jpeg\" \/>\n<meta name=\"author\" content=\"Roberta Patriota\" \/>\n<meta name=\"twitter:card\" content=\"summary_large_image\" \/>\n<meta name=\"twitter:label1\" content=\"Escrito por\" \/>\n\t<meta name=\"twitter:data1\" content=\"Roberta Patriota\" \/>\n\t<meta name=\"twitter:label2\" content=\"Est. tempo de leitura\" \/>\n\t<meta name=\"twitter:data2\" content=\"5 minutos\" \/>\n<!-- \/ Yoast SEO plugin. -->","yoast_head_json":{"title":"Saiba quando a dor de garganta intensa pode indicar amigdalite","description":"Nem toda dor de garganta \u00e9 viral. Veja os sintomas da amigdalite bacteriana e por que o tratamento correto \u00e9 essencial.","robots":{"index":"index","follow":"follow","max-snippet":"max-snippet:-1","max-image-preview":"max-image-preview:large","max-video-preview":"max-video-preview:-1"},"canonical":"https:\/\/www.tuasaude.com\/news\/2026\/01\/23\/saiba-quando-a-dor-de-garganta-intensa-pode-indicar-amigdalite-bacteriana\/","og_locale":"pt_BR","og_type":"article","og_title":"Saiba quando a dor de garganta intensa pode indicar amigdalite","og_description":"Nem toda dor de garganta \u00e9 viral. Veja os sintomas da amigdalite bacteriana e por que o tratamento correto \u00e9 essencial.","og_url":"https:\/\/www.tuasaude.com\/news\/2026\/01\/23\/saiba-quando-a-dor-de-garganta-intensa-pode-indicar-amigdalite-bacteriana\/","og_site_name":"Tua Sa\u00fade","article_published_time":"2026-01-23T20:18:00+00:00","og_image":[{"width":1280,"height":730,"url":"https:\/\/www.tuasaude.com\/news\/wp-content\/uploads\/2026\/01\/freepik__the-style-is-candid-image-photography-with-natural__4499.jpeg","type":"image\/jpeg"}],"author":"Roberta Patriota","twitter_card":"summary_large_image","twitter_misc":{"Escrito por":"Roberta Patriota","Est. tempo de leitura":"5 minutos"},"schema":{"@context":"https:\/\/schema.org","@graph":[{"@type":"Article","@id":"https:\/\/www.tuasaude.com\/news\/2026\/01\/23\/saiba-quando-a-dor-de-garganta-intensa-pode-indicar-amigdalite-bacteriana\/#article","isPartOf":{"@id":"https:\/\/www.tuasaude.com\/news\/2026\/01\/23\/saiba-quando-a-dor-de-garganta-intensa-pode-indicar-amigdalite-bacteriana\/"},"author":{"name":"Roberta Patriota","@id":"https:\/\/www.tuasaude.com\/news\/#\/schema\/person\/27adc41011393316b12ef997ca893e44"},"headline":"Saiba quando a dor de garganta intensa pode indicar amigdalite bacteriana","datePublished":"2026-01-23T20:18:00+00:00","mainEntityOfPage":{"@id":"https:\/\/www.tuasaude.com\/news\/2026\/01\/23\/saiba-quando-a-dor-de-garganta-intensa-pode-indicar-amigdalite-bacteriana\/"},"wordCount":801,"commentCount":0,"image":{"@id":"https:\/\/www.tuasaude.com\/news\/2026\/01\/23\/saiba-quando-a-dor-de-garganta-intensa-pode-indicar-amigdalite-bacteriana\/#primaryimage"},"thumbnailUrl":"https:\/\/www.tuasaude.com\/news\/wp-content\/uploads\/2026\/01\/freepik__the-style-is-candid-image-photography-with-natural__4499.jpeg","keywords":["amigdalite bacteriana","dor de garganta","sintomas de amigdalite bacteriana","tratamentos de amigdalite"],"articleSection":["Sa\u00fade"],"inLanguage":"pt-BR","potentialAction":[{"@type":"CommentAction","name":"Comment","target":["https:\/\/www.tuasaude.com\/news\/2026\/01\/23\/saiba-quando-a-dor-de-garganta-intensa-pode-indicar-amigdalite-bacteriana\/#respond"]}]},{"@type":"WebPage","@id":"https:\/\/www.tuasaude.com\/news\/2026\/01\/23\/saiba-quando-a-dor-de-garganta-intensa-pode-indicar-amigdalite-bacteriana\/","url":"https:\/\/www.tuasaude.com\/news\/2026\/01\/23\/saiba-quando-a-dor-de-garganta-intensa-pode-indicar-amigdalite-bacteriana\/","name":"Saiba quando a dor de garganta intensa pode indicar amigdalite","isPartOf":{"@id":"https:\/\/www.tuasaude.com\/news\/#website"},"primaryImageOfPage":{"@id":"https:\/\/www.tuasaude.com\/news\/2026\/01\/23\/saiba-quando-a-dor-de-garganta-intensa-pode-indicar-amigdalite-bacteriana\/#primaryimage"},"image":{"@id":"https:\/\/www.tuasaude.com\/news\/2026\/01\/23\/saiba-quando-a-dor-de-garganta-intensa-pode-indicar-amigdalite-bacteriana\/#primaryimage"},"thumbnailUrl":"https:\/\/www.tuasaude.com\/news\/wp-content\/uploads\/2026\/01\/freepik__the-style-is-candid-image-photography-with-natural__4499.jpeg","datePublished":"2026-01-23T20:18:00+00:00","author":{"@id":"https:\/\/www.tuasaude.com\/news\/#\/schema\/person\/27adc41011393316b12ef997ca893e44"},"description":"Nem toda dor de garganta \u00e9 viral. Veja os sintomas da amigdalite bacteriana e por que o tratamento correto \u00e9 essencial.","breadcrumb":{"@id":"https:\/\/www.tuasaude.com\/news\/2026\/01\/23\/saiba-quando-a-dor-de-garganta-intensa-pode-indicar-amigdalite-bacteriana\/#breadcrumb"},"inLanguage":"pt-BR","potentialAction":[{"@type":"ReadAction","target":["https:\/\/www.tuasaude.com\/news\/2026\/01\/23\/saiba-quando-a-dor-de-garganta-intensa-pode-indicar-amigdalite-bacteriana\/"]}]},{"@type":"ImageObject","inLanguage":"pt-BR","@id":"https:\/\/www.tuasaude.com\/news\/2026\/01\/23\/saiba-quando-a-dor-de-garganta-intensa-pode-indicar-amigdalite-bacteriana\/#primaryimage","url":"https:\/\/www.tuasaude.com\/news\/wp-content\/uploads\/2026\/01\/freepik__the-style-is-candid-image-photography-with-natural__4499.jpeg","contentUrl":"https:\/\/www.tuasaude.com\/news\/wp-content\/uploads\/2026\/01\/freepik__the-style-is-candid-image-photography-with-natural__4499.jpeg","width":1280,"height":730,"caption":"Dor intensa ao engolir pode indicar amigdalite bacteriana"},{"@type":"BreadcrumbList","@id":"https:\/\/www.tuasaude.com\/news\/2026\/01\/23\/saiba-quando-a-dor-de-garganta-intensa-pode-indicar-amigdalite-bacteriana\/#breadcrumb","itemListElement":[{"@type":"ListItem","position":1,"name":"In\u00edcio","item":"https:\/\/www.tuasaude.com\/news\/"},{"@type":"ListItem","position":2,"name":"Saiba quando a dor de garganta intensa pode indicar amigdalite bacteriana"}]},{"@type":"WebSite","@id":"https:\/\/www.tuasaude.com\/news\/#website","url":"https:\/\/www.tuasaude.com\/news\/","name":"Tua Sa\u00fade","description":"Seu site de sa\u00fade","potentialAction":[{"@type":"SearchAction","target":{"@type":"EntryPoint","urlTemplate":"https:\/\/www.tuasaude.com\/news\/?s={search_term_string}"},"query-input":{"@type":"PropertyValueSpecification","valueRequired":true,"valueName":"search_term_string"}}],"inLanguage":"pt-BR"},{"@type":"Person","@id":"https:\/\/www.tuasaude.com\/news\/#\/schema\/person\/27adc41011393316b12ef997ca893e44","name":"Roberta Patriota","image":{"@type":"ImageObject","inLanguage":"pt-BR","@id":"https:\/\/www.tuasaude.com\/news\/#\/schema\/person\/image\/","url":"https:\/\/secure.gravatar.com\/avatar\/40fc934d21bfa38a60909bb2e5f2ec503dcd4d849aa772e107feb32efe75c210?s=96&d=mm&r=g","contentUrl":"https:\/\/secure.gravatar.com\/avatar\/40fc934d21bfa38a60909bb2e5f2ec503dcd4d849aa772e107feb32efe75c210?s=96&d=mm&r=g","caption":"Roberta Patriota"},"sameAs":["https:\/\/www.tuasaude.com\/news\/"],"url":"https:\/\/www.tuasaude.com\/news\/author\/roberta-patriota\/"}]}},"_links":{"self":[{"href":"https:\/\/www.tuasaude.com\/news\/wp-json\/wp\/v2\/posts\/1409","targetHints":{"allow":["GET"]}}],"collection":[{"href":"https:\/\/www.tuasaude.com\/news\/wp-json\/wp\/v2\/posts"}],"about":[{"href":"https:\/\/www.tuasaude.com\/news\/wp-json\/wp\/v2\/types\/post"}],"author":[{"embeddable":true,"href":"https:\/\/www.tuasaude.com\/news\/wp-json\/wp\/v2\/users\/9"}],"replies":[{"embeddable":true,"href":"https:\/\/www.tuasaude.com\/news\/wp-json\/wp\/v2\/comments?post=1409"}],"version-history":[{"count":2,"href":"https:\/\/www.tuasaude.com\/news\/wp-json\/wp\/v2\/posts\/1409\/revisions"}],"predecessor-version":[{"id":1447,"href":"https:\/\/www.tuasaude.com\/news\/wp-json\/wp\/v2\/posts\/1409\/revisions\/1447"}],"wp:featuredmedia":[{"embeddable":true,"href":"https:\/\/www.tuasaude.com\/news\/wp-json\/wp\/v2\/media\/1424"}],"wp:attachment":[{"href":"https:\/\/www.tuasaude.com\/news\/wp-json\/wp\/v2\/media?parent=1409"}],"wp:term":[{"taxonomy":"category","embeddable":true,"href":"https:\/\/www.tuasaude.com\/news\/wp-json\/wp\/v2\/categories?post=1409"},{"taxonomy":"post_tag","embeddable":true,"href":"https:\/\/www.tuasaude.com\/news\/wp-json\/wp\/v2\/tags?post=1409"}],"curies":[{"name":"wp","href":"https:\/\/api.w.org\/{rel}","templated":true}]}}