{"id":1406,"date":"2026-01-23T13:30:00","date_gmt":"2026-01-23T16:30:00","guid":{"rendered":"https:\/\/www.tuasaude.com\/news\/?p=1406"},"modified":"2026-01-23T09:40:26","modified_gmt":"2026-01-23T12:40:26","slug":"como-lidar-com-a-montanha-russa-emocional-da-tpm","status":"publish","type":"post","link":"https:\/\/www.tuasaude.com\/news\/2026\/01\/23\/como-lidar-com-a-montanha-russa-emocional-da-tpm\/","title":{"rendered":"Como lidar com a montanha-russa emocional da TPM?"},"content":{"rendered":"\n<p>Sentir o corpo inchado, a irritabilidade \u00e0 flor da pele e uma vontade incontrol\u00e1vel de comer doces n\u00e3o \u00e9 apenas &#8220;coisa da sua cabe\u00e7a&#8221;, mas uma resposta biol\u00f3gica real \u00e0s flutua\u00e7\u00f5es hormonais. Embora a Tens\u00e3o Pr\u00e9-Menstrual pare\u00e7a um labirinto sem sa\u00edda todos os meses, entender os sinais que o seu organismo envia \u00e9 o primeiro passo para transformar esses dias dif\u00edceis em um per\u00edodo de maior equil\u00edbrio e autocuidado.<\/p>\n\n\n\n<h2 class=\"wp-block-heading\">O que causa esses sintomas?<\/h2>\n\n\n\n<p>A ci\u00eancia nos mostra que a <strong><a href=\"https:\/\/www.tuasaude.com\/tpm\/\" target=\"_blank\" rel=\"noreferrer noopener\">TPM<\/a><\/strong> \u00e9 resultado da queda brusca de estrog\u00eanio e progesterona logo ap\u00f3s a ovula\u00e7\u00e3o, afetando neurotransmissores como a serotonina. Essa oscila\u00e7\u00e3o qu\u00edmica \u00e9 a grande respons\u00e1vel por <strong><a href=\"https:\/\/www.tuasaude.com\/como-acabar-com-a-tpm\/\" target=\"_blank\" rel=\"noreferrer noopener\">sintomas<\/a><\/strong> como a altera\u00e7\u00f5es de humor e pelo cansa\u00e7o f\u00edsico que muitas mulheres experimentam.<\/p>\n\n\n\n<p>Evid\u00eancias de revis\u00f5es publicadas no PubMed como a <strong><a href=\"https:\/\/www.ncbi.nlm.nih.gov\/books\/NBK560698\/\" target=\"_blank\" rel=\"noreferrer noopener\">&#8220;S\u00edndrome Pr\u00e9-Menstrual&#8221;<\/a><\/strong> confirmam que a sensibilidade de cada mulher a essas mudan\u00e7as varia drasticamente, o que explica por que algumas sentem apenas um leve desconforto enquanto outras enfrentam sintomas incapacitantes. O foco do cuidado moderno est\u00e1 em suavizar essas transi\u00e7\u00f5es hormonais para manter a qualidade de vida durante todo o ciclo.<\/p>\n\n\n\n<h2 class=\"wp-block-heading\">Quais s\u00e3o os sinais f\u00edsicos?<\/h2>\n\n\n\n<p>Especialistas da <strong><a href=\"https:\/\/www.febrasgo.org.br\/pt\/noticias\/item\/394-dor-mamaria\" target=\"_blank\" rel=\"noreferrer noopener\">Federa\u00e7\u00e3o Brasileira das Associa\u00e7\u00f5es de Ginecologia e Obstetr\u00edcia (FEBRASGO)<\/a><\/strong> esclarecem que o incha\u00e7o e a sensibilidade nas mamas s\u00e3o as queixas mais comuns nos consult\u00f3rios. A ci\u00eancia nos mostra que a reten\u00e7\u00e3o de l\u00edquidos ocorre devido \u00e0 a\u00e7\u00e3o da progesterona nos rins, o que gera aquela sensa\u00e7\u00e3o de peso abdominal e desconforto ao vestir roupas mais justas.<\/p>\n\n\n\n<p>Para ajudar voc\u00ea a mapear o que est\u00e1 sentindo, evid\u00eancias da <strong><a href=\"https:\/\/bvsms.saude.gov.br\/bvs\/sus\/pdf\/julho\/sindrome_distruidora_2707.pdf\" target=\"_blank\" rel=\"noreferrer noopener\">Biblioteca Virtual de Sa\u00fade<\/a><\/strong> listam os seguintes sintomas f\u00edsicos recorrentes:<\/p>\n\n\n\n<div style=\"max-width: 900px; margin: 20px auto; font-family: 'Segoe UI', Arial, sans-serif; overflow-x: auto;\">\n  <table style=\"width: 100%; border-collapse: collapse; background: white; border-radius: 15px; overflow: hidden; box-shadow: 0 8px 24px rgba(0,0,0,0.08);\">\n    <thead>\n      <tr style=\"background: linear-gradient(90deg, #fce4ec 0%, #f8bbd0 100%); color: #000000;\">\n        <th style=\"padding: 20px; text-align: center; border: none; min-width: 150px; font-weight: 700;\">\n          <div style=\"font-size: 28px; margin-bottom: 8px;\">\ud83d\udca7<\/div>\n          Reten\u00e7\u00e3o\n        <\/th>\n        <th style=\"padding: 20px; text-align: center; border: none; min-width: 150px; font-weight: 700;\">\n          <div style=\"font-size: 28px; margin-bottom: 8px;\">\ud83c\udf80<\/div>\n          Mamas\n        <\/th>\n        <th style=\"padding: 20px; text-align: center; border: none; min-width: 150px; font-weight: 700;\">\n          <div style=\"font-size: 28px; margin-bottom: 8px;\">\ud83e\udde0<\/div>\n          Enxaqueca\n        <\/th>\n        <th style=\"padding: 20px; text-align: center; border: none; min-width: 150px; font-weight: 700;\">\n          <div style=\"font-size: 28px; margin-bottom: 8px;\">\ud83c\udf6b<\/div>\n          Apetite\n        <\/th>\n      <\/tr>\n    <\/thead>\n    <tbody>\n      <tr>\n        <td style=\"padding: 20px; text-align: center; color: #444; background: #ffffff; border-right: 1px solid #f0f0f0; font-size: 14px; line-height: 1.5;\">\n          <strong>Incha\u00e7o abdominal<\/strong> e reten\u00e7\u00e3o de l\u00edquidos nas pernas e tornozelos.\n        <\/td>\n        <td style=\"padding: 20px; text-align: center; color: #444; background: #fffcfd; border-right: 1px solid #f0f0f0; font-size: 14px; line-height: 1.5;\">\n          <strong>Sensibilidade<\/strong> ou dor nas mamas (mastalgia) percept\u00edvel ao toque.\n        <\/td>\n        <td style=\"padding: 20px; text-align: center; color: #444; background: #ffffff; border-right: 1px solid #f0f0f0; font-size: 14px; line-height: 1.5;\">\n          Dores de cabe\u00e7a ou <strong>crises de enxaqueca<\/strong> antes do fluxo menstrual.\n        <\/td>\n        <td style=\"padding: 20px; text-align: center; color: #444; background: #fffcfd; font-size: 14px; line-height: 1.5;\">\n          Desejo por alimentos <strong>ricos em a\u00e7\u00facar<\/strong> ou gordura (fome seletiva).\n        <\/td>\n      <\/tr>\n    <\/tbody>\n  <\/table>\n<\/div>\n\n\n\n<h2 class=\"wp-block-heading\">Como a mente \u00e9 afetada?<\/h2>\n\n\n\n<p>A sa\u00fade mental \u00e9 profundamente impactada pela redu\u00e7\u00e3o da serotonina, o horm\u00f4nio do bem-estar. Esse cen\u00e1rio pode agravar quadros de ansiedade e causar uma sensa\u00e7\u00e3o de choro f\u00e1cil ou melancolia s\u00fabita, sinais cl\u00e1ssicos do per\u00edodo pr\u00e9-menstrual.<\/p>\n\n\n\n<p>De acordo com revis\u00f5es cient\u00edficas dispon\u00edveis no SciELO, \u00e9 fundamental diferenciar a TPM comum do <strong><a href=\"https:\/\/www.scielo.br\/j\/rpc\/a\/Fx8CTD4tHVRSSx4zyXmjYcw\/?format=pdf&amp;lang=pt\" target=\"_blank\" rel=\"noreferrer noopener\">Transtorno Disf\u00f3rico Pr\u00e9-Menstrual (TDPM)<\/a><\/strong>, que \u00e9 uma forma muito mais severa de instabilidade emocional. Identificar os seguintes sinais psicol\u00f3gicos ajuda a entender quando \u00e9 hora de buscar suporte especializado:<\/p>\n\n\n\n<ul class=\"wp-block-list\">\n<li>Irritabilidade acentuada e epis\u00f3dios de mau humor repentino.<\/li>\n\n\n\n<li>Dificuldade de concentra\u00e7\u00e3o e epis\u00f3dios de esquecimento no trabalho ou estudos.<\/li>\n\n\n\n<li>Ins\u00f4nia ou sonol\u00eancia excessiva, independentemente das horas descansadas.<\/li>\n\n\n\n<li>Sensa\u00e7\u00e3o de estar sobrecarregada ou sem controle sobre as pr\u00f3prias emo\u00e7\u00f5es.<\/li>\n<\/ul>\n\n\n\n<h2 class=\"wp-block-heading\">Como aliviar o desconforto?<\/h2>\n\n\n\n<p>A ci\u00eancia nos mostra que a pr\u00e1tica regular de exerc\u00edcios aer\u00f3bicos ajuda a liberar endorfinas que funcionam como analg\u00e9sicos naturais contra as c\u00f3licas e o des\u00e2nimo. Manter o corpo ativo melhora a circula\u00e7\u00e3o, reduzindo significativamente o incha\u00e7o e a fadiga cr\u00f4nica do per\u00edodo.<\/p>\n\n\n\n<p>Al\u00e9m disso, evid\u00eancias do ensaio cl\u00ednico<strong><a href=\"https:\/\/pubmed.ncbi.nlm.nih.gov\/9731851\/\" target=\"_blank\" rel=\"noreferrer noopener\"> &#8220;Carbonato de c\u00e1lcio e a s\u00edndrome pr\u00e9-menstrual: efeitos sobre os sintomas pr\u00e9-menstruais e menstruais. Grupo de Estudo da S\u00edndrome Pr\u00e9-Menstrual&#8221; <\/a><\/strong>sugerem que a suplementa\u00e7\u00e3o de C\u00e1lcio e Magn\u00e9sio pode reduzir as c\u00f3licas e a reten\u00e7\u00e3o de \u00e1gua. Especialistas explicam que reduzir o consumo de sal e cafe\u00edna na semana que antecede a menstrua\u00e7\u00e3o \u00e9 uma estrat\u00e9gia simples e eficaz para evitar a irritabilidade e a tens\u00e3o mam\u00e1ria.<\/p>\n\n\n<div class=\"wp-block-image\">\n<figure class=\"aligncenter size-large\"><img decoding=\"async\" width=\"1024\" height=\"584\" src=\"https:\/\/www.tuasaude.com\/news\/wp-content\/uploads\/2026\/01\/freepik__the-style-is-candid-image-photography-with-natural__4502-1024x584.jpeg\" alt=\"Como lidar com a montanha-russa emocional da TPM?\" class=\"wp-image-1426\" srcset=\"https:\/\/www.tuasaude.com\/news\/wp-content\/uploads\/2026\/01\/freepik__the-style-is-candid-image-photography-with-natural__4502-1024x584.jpeg 1024w, https:\/\/www.tuasaude.com\/news\/wp-content\/uploads\/2026\/01\/freepik__the-style-is-candid-image-photography-with-natural__4502-300x171.jpeg 300w, https:\/\/www.tuasaude.com\/news\/wp-content\/uploads\/2026\/01\/freepik__the-style-is-candid-image-photography-with-natural__4502-768x438.jpeg 768w, https:\/\/www.tuasaude.com\/news\/wp-content\/uploads\/2026\/01\/freepik__the-style-is-candid-image-photography-with-natural__4502-750x428.jpeg 750w, https:\/\/www.tuasaude.com\/news\/wp-content\/uploads\/2026\/01\/freepik__the-style-is-candid-image-photography-with-natural__4502-1140x650.jpeg 1140w, https:\/\/www.tuasaude.com\/news\/wp-content\/uploads\/2026\/01\/freepik__the-style-is-candid-image-photography-with-natural__4502.jpeg 1280w\" sizes=\"(max-width: 1024px) 100vw, 1024px\" \/><figcaption class=\"wp-element-caption\">Altera\u00e7\u00f5es hormonais explicam o incha\u00e7o e a irritabilidade da TPM<\/figcaption><\/figure>\n<\/div>\n\n\n<h2 class=\"wp-block-heading\">Qual \u00e9 o seu pr\u00f3ximo passo?<\/h2>\n\n\n\n<p>Come\u00e7ar um di\u00e1rio menstrual, anotando os dias em que os sintomas aparecem e desaparecem, permitir\u00e1 que voc\u00ea preveja essas fases e planeje atividades mais leves para esses dias. Ao observar o padr\u00e3o do seu corpo, fica muito mais f\u00e1cil comunicar suas necessidades aos profissionais de sa\u00fade e encontrar um plano de al\u00edvio que realmente funcione para sua rotina.<\/p>\n\n\n\n<p>Entender a TPM \u00e9, acima de tudo, um exerc\u00edcio de paci\u00eancia e respeito com o pr\u00f3prio ritmo biol\u00f3gico, permitindo-se descansar quando o corpo pede. Com pequenos ajustes na dieta e no manejo do estresse, \u00e9 poss\u00edvel atravessar esse per\u00edodo com muito mais conforto e retomar o protagonismo da sua sa\u00fade e bem-estar.<\/p>\n\n\n\n<p>O acompanhamento com um m\u00e9dico ou nutricionista \u00e9 fundamental para um diagn\u00f3stico preciso e tratamento seguro.<\/p>\n","protected":false},"excerpt":{"rendered":"<p>Sentir o corpo inchado, a irritabilidade \u00e0 flor da pele e uma vontade incontrol\u00e1vel de comer doces n\u00e3o \u00e9 apenas &#8220;coisa da sua cabe\u00e7a&#8221;, mas uma resposta biol\u00f3gica real \u00e0s flutua\u00e7\u00f5es hormonais. Embora a Tens\u00e3o Pr\u00e9-Menstrual pare\u00e7a um labirinto sem sa\u00edda todos os meses, entender os sinais que o seu organismo envia \u00e9 o primeiro [&hellip;]<\/p>\n","protected":false},"author":9,"featured_media":1423,"comment_status":"open","ping_status":"open","sticky":false,"template":"","format":"standard","meta":{"_yoast_wpseo_focuskw":"tens\u00e3o pr\u00e9-menstrual","_yoast_wpseo_title":"","_yoast_wpseo_metadesc":"Altera\u00e7\u00f5es hormonais explicam os sintomas da tens\u00e3o pr\u00e9-menstrual. Veja como identificar os sinais e atravessar esse per\u00edodo.","jnews-multi-image_gallery":[],"jnews_single_post":{"format":"standard"},"jnews_primary_category":[],"jnews_social_meta":[],"jnews_override_counter":[],"footnotes":""},"categories":[111],"tags":[470,471,468,469],"class_list":["post-1406","post","type-post","status-publish","format-standard","has-post-thumbnail","hentry","category-saude","tag-alteracoes-hormonais-femininas","tag-bem-estar-no-ciclo-menstrual","tag-sintomas-da-tpm","tag-tensao-pre-menstrual"],"yoast_head":"<!-- This site is optimized with the Yoast SEO plugin v26.7 - https:\/\/yoast.com\/wordpress\/plugins\/seo\/ -->\n<title>Como lidar com a montanha-russa emocional da TPM? - Tua Sa\u00fade<\/title>\n<meta name=\"description\" content=\"Altera\u00e7\u00f5es hormonais explicam os sintomas da tens\u00e3o pr\u00e9-menstrual. Veja como identificar os sinais e atravessar esse per\u00edodo.\" \/>\n<meta name=\"robots\" content=\"index, follow, max-snippet:-1, max-image-preview:large, max-video-preview:-1\" \/>\n<link rel=\"canonical\" href=\"https:\/\/www.tuasaude.com\/news\/2026\/01\/23\/como-lidar-com-a-montanha-russa-emocional-da-tpm\/\" \/>\n<meta property=\"og:locale\" content=\"pt_BR\" \/>\n<meta property=\"og:type\" content=\"article\" \/>\n<meta property=\"og:title\" content=\"Como lidar com a montanha-russa emocional da TPM? - Tua Sa\u00fade\" \/>\n<meta property=\"og:description\" content=\"Altera\u00e7\u00f5es hormonais explicam os sintomas da tens\u00e3o pr\u00e9-menstrual. Veja como identificar os sinais e atravessar esse per\u00edodo.\" \/>\n<meta property=\"og:url\" content=\"https:\/\/www.tuasaude.com\/news\/2026\/01\/23\/como-lidar-com-a-montanha-russa-emocional-da-tpm\/\" \/>\n<meta property=\"og:site_name\" content=\"Tua Sa\u00fade\" \/>\n<meta property=\"article:published_time\" content=\"2026-01-23T16:30:00+00:00\" \/>\n<meta property=\"og:image\" content=\"https:\/\/www.tuasaude.com\/news\/wp-content\/uploads\/2026\/01\/freepik__the-style-is-candid-image-photography-with-natural__4498.jpeg\" \/>\n\t<meta property=\"og:image:width\" content=\"1280\" \/>\n\t<meta property=\"og:image:height\" content=\"730\" \/>\n\t<meta property=\"og:image:type\" content=\"image\/jpeg\" \/>\n<meta name=\"author\" content=\"Roberta Patriota\" \/>\n<meta name=\"twitter:card\" content=\"summary_large_image\" \/>\n<meta name=\"twitter:label1\" content=\"Escrito por\" \/>\n\t<meta name=\"twitter:data1\" content=\"Roberta Patriota\" \/>\n\t<meta name=\"twitter:label2\" content=\"Est. tempo de leitura\" \/>\n\t<meta name=\"twitter:data2\" content=\"5 minutos\" \/>\n<!-- \/ Yoast SEO plugin. -->","yoast_head_json":{"title":"Como lidar com a montanha-russa emocional da TPM? - Tua Sa\u00fade","description":"Altera\u00e7\u00f5es hormonais explicam os sintomas da tens\u00e3o pr\u00e9-menstrual. Veja como identificar os sinais e atravessar esse per\u00edodo.","robots":{"index":"index","follow":"follow","max-snippet":"max-snippet:-1","max-image-preview":"max-image-preview:large","max-video-preview":"max-video-preview:-1"},"canonical":"https:\/\/www.tuasaude.com\/news\/2026\/01\/23\/como-lidar-com-a-montanha-russa-emocional-da-tpm\/","og_locale":"pt_BR","og_type":"article","og_title":"Como lidar com a montanha-russa emocional da TPM? - Tua Sa\u00fade","og_description":"Altera\u00e7\u00f5es hormonais explicam os sintomas da tens\u00e3o pr\u00e9-menstrual. Veja como identificar os sinais e atravessar esse per\u00edodo.","og_url":"https:\/\/www.tuasaude.com\/news\/2026\/01\/23\/como-lidar-com-a-montanha-russa-emocional-da-tpm\/","og_site_name":"Tua Sa\u00fade","article_published_time":"2026-01-23T16:30:00+00:00","og_image":[{"width":1280,"height":730,"url":"https:\/\/www.tuasaude.com\/news\/wp-content\/uploads\/2026\/01\/freepik__the-style-is-candid-image-photography-with-natural__4498.jpeg","type":"image\/jpeg"}],"author":"Roberta Patriota","twitter_card":"summary_large_image","twitter_misc":{"Escrito por":"Roberta Patriota","Est. tempo de leitura":"5 minutos"},"schema":{"@context":"https:\/\/schema.org","@graph":[{"@type":"Article","@id":"https:\/\/www.tuasaude.com\/news\/2026\/01\/23\/como-lidar-com-a-montanha-russa-emocional-da-tpm\/#article","isPartOf":{"@id":"https:\/\/www.tuasaude.com\/news\/2026\/01\/23\/como-lidar-com-a-montanha-russa-emocional-da-tpm\/"},"author":{"name":"Roberta Patriota","@id":"https:\/\/www.tuasaude.com\/news\/#\/schema\/person\/27adc41011393316b12ef997ca893e44"},"headline":"Como lidar com a montanha-russa emocional da TPM?","datePublished":"2026-01-23T16:30:00+00:00","mainEntityOfPage":{"@id":"https:\/\/www.tuasaude.com\/news\/2026\/01\/23\/como-lidar-com-a-montanha-russa-emocional-da-tpm\/"},"wordCount":809,"commentCount":0,"image":{"@id":"https:\/\/www.tuasaude.com\/news\/2026\/01\/23\/como-lidar-com-a-montanha-russa-emocional-da-tpm\/#primaryimage"},"thumbnailUrl":"https:\/\/www.tuasaude.com\/news\/wp-content\/uploads\/2026\/01\/freepik__the-style-is-candid-image-photography-with-natural__4498.jpeg","keywords":["altera\u00e7\u00f5es hormonais femininas","bem-estar no ciclo menstrual","sintomas da TPM","tens\u00e3o pr\u00e9-menstrual"],"articleSection":["Sa\u00fade"],"inLanguage":"pt-BR","potentialAction":[{"@type":"CommentAction","name":"Comment","target":["https:\/\/www.tuasaude.com\/news\/2026\/01\/23\/como-lidar-com-a-montanha-russa-emocional-da-tpm\/#respond"]}]},{"@type":"WebPage","@id":"https:\/\/www.tuasaude.com\/news\/2026\/01\/23\/como-lidar-com-a-montanha-russa-emocional-da-tpm\/","url":"https:\/\/www.tuasaude.com\/news\/2026\/01\/23\/como-lidar-com-a-montanha-russa-emocional-da-tpm\/","name":"Como lidar com a montanha-russa emocional da TPM? - Tua Sa\u00fade","isPartOf":{"@id":"https:\/\/www.tuasaude.com\/news\/#website"},"primaryImageOfPage":{"@id":"https:\/\/www.tuasaude.com\/news\/2026\/01\/23\/como-lidar-com-a-montanha-russa-emocional-da-tpm\/#primaryimage"},"image":{"@id":"https:\/\/www.tuasaude.com\/news\/2026\/01\/23\/como-lidar-com-a-montanha-russa-emocional-da-tpm\/#primaryimage"},"thumbnailUrl":"https:\/\/www.tuasaude.com\/news\/wp-content\/uploads\/2026\/01\/freepik__the-style-is-candid-image-photography-with-natural__4498.jpeg","datePublished":"2026-01-23T16:30:00+00:00","author":{"@id":"https:\/\/www.tuasaude.com\/news\/#\/schema\/person\/27adc41011393316b12ef997ca893e44"},"description":"Altera\u00e7\u00f5es hormonais explicam os sintomas da tens\u00e3o pr\u00e9-menstrual. Veja como identificar os sinais e atravessar esse per\u00edodo.","breadcrumb":{"@id":"https:\/\/www.tuasaude.com\/news\/2026\/01\/23\/como-lidar-com-a-montanha-russa-emocional-da-tpm\/#breadcrumb"},"inLanguage":"pt-BR","potentialAction":[{"@type":"ReadAction","target":["https:\/\/www.tuasaude.com\/news\/2026\/01\/23\/como-lidar-com-a-montanha-russa-emocional-da-tpm\/"]}]},{"@type":"ImageObject","inLanguage":"pt-BR","@id":"https:\/\/www.tuasaude.com\/news\/2026\/01\/23\/como-lidar-com-a-montanha-russa-emocional-da-tpm\/#primaryimage","url":"https:\/\/www.tuasaude.com\/news\/wp-content\/uploads\/2026\/01\/freepik__the-style-is-candid-image-photography-with-natural__4498.jpeg","contentUrl":"https:\/\/www.tuasaude.com\/news\/wp-content\/uploads\/2026\/01\/freepik__the-style-is-candid-image-photography-with-natural__4498.jpeg","width":1280,"height":730,"caption":"Desejo por doces e cansa\u00e7o s\u00e3o respostas biol\u00f3gicas do per\u00edodo pr\u00e9-menstrual"},{"@type":"BreadcrumbList","@id":"https:\/\/www.tuasaude.com\/news\/2026\/01\/23\/como-lidar-com-a-montanha-russa-emocional-da-tpm\/#breadcrumb","itemListElement":[{"@type":"ListItem","position":1,"name":"In\u00edcio","item":"https:\/\/www.tuasaude.com\/news\/"},{"@type":"ListItem","position":2,"name":"Como lidar com a montanha-russa emocional da TPM?"}]},{"@type":"WebSite","@id":"https:\/\/www.tuasaude.com\/news\/#website","url":"https:\/\/www.tuasaude.com\/news\/","name":"Tua Sa\u00fade","description":"Seu site de sa\u00fade","potentialAction":[{"@type":"SearchAction","target":{"@type":"EntryPoint","urlTemplate":"https:\/\/www.tuasaude.com\/news\/?s={search_term_string}"},"query-input":{"@type":"PropertyValueSpecification","valueRequired":true,"valueName":"search_term_string"}}],"inLanguage":"pt-BR"},{"@type":"Person","@id":"https:\/\/www.tuasaude.com\/news\/#\/schema\/person\/27adc41011393316b12ef997ca893e44","name":"Roberta Patriota","image":{"@type":"ImageObject","inLanguage":"pt-BR","@id":"https:\/\/www.tuasaude.com\/news\/#\/schema\/person\/image\/","url":"https:\/\/secure.gravatar.com\/avatar\/40fc934d21bfa38a60909bb2e5f2ec503dcd4d849aa772e107feb32efe75c210?s=96&d=mm&r=g","contentUrl":"https:\/\/secure.gravatar.com\/avatar\/40fc934d21bfa38a60909bb2e5f2ec503dcd4d849aa772e107feb32efe75c210?s=96&d=mm&r=g","caption":"Roberta Patriota"},"sameAs":["https:\/\/www.tuasaude.com\/news\/"],"url":"https:\/\/www.tuasaude.com\/news\/author\/roberta-patriota\/"}]}},"_links":{"self":[{"href":"https:\/\/www.tuasaude.com\/news\/wp-json\/wp\/v2\/posts\/1406","targetHints":{"allow":["GET"]}}],"collection":[{"href":"https:\/\/www.tuasaude.com\/news\/wp-json\/wp\/v2\/posts"}],"about":[{"href":"https:\/\/www.tuasaude.com\/news\/wp-json\/wp\/v2\/types\/post"}],"author":[{"embeddable":true,"href":"https:\/\/www.tuasaude.com\/news\/wp-json\/wp\/v2\/users\/9"}],"replies":[{"embeddable":true,"href":"https:\/\/www.tuasaude.com\/news\/wp-json\/wp\/v2\/comments?post=1406"}],"version-history":[{"count":2,"href":"https:\/\/www.tuasaude.com\/news\/wp-json\/wp\/v2\/posts\/1406\/revisions"}],"predecessor-version":[{"id":1448,"href":"https:\/\/www.tuasaude.com\/news\/wp-json\/wp\/v2\/posts\/1406\/revisions\/1448"}],"wp:featuredmedia":[{"embeddable":true,"href":"https:\/\/www.tuasaude.com\/news\/wp-json\/wp\/v2\/media\/1423"}],"wp:attachment":[{"href":"https:\/\/www.tuasaude.com\/news\/wp-json\/wp\/v2\/media?parent=1406"}],"wp:term":[{"taxonomy":"category","embeddable":true,"href":"https:\/\/www.tuasaude.com\/news\/wp-json\/wp\/v2\/categories?post=1406"},{"taxonomy":"post_tag","embeddable":true,"href":"https:\/\/www.tuasaude.com\/news\/wp-json\/wp\/v2\/tags?post=1406"}],"curies":[{"name":"wp","href":"https:\/\/api.w.org\/{rel}","templated":true}]}}