{"id":1321,"date":"2026-01-23T11:00:00","date_gmt":"2026-01-23T14:00:00","guid":{"rendered":"https:\/\/www.tuasaude.com\/news\/?p=1321"},"modified":"2026-01-24T08:58:06","modified_gmt":"2026-01-24T11:58:06","slug":"por-que-surgem-bolinhas-vermelhas-e-coceira-na-regiao-da-virilha","status":"publish","type":"post","link":"https:\/\/www.tuasaude.com\/news\/2026\/01\/23\/por-que-surgem-bolinhas-vermelhas-e-coceira-na-regiao-da-virilha\/","title":{"rendered":"Por que surgem bolinhas vermelhas e coceira na regi\u00e3o da virilha?"},"content":{"rendered":"\n<p>A <strong><a href=\"https:\/\/www.tuasaude.com\/foliculite\/\" target=\"_blank\" rel=\"noreferrer noopener\">foliculite<\/a><\/strong> na virilha \u00e9 uma inflama\u00e7\u00e3o comum que acontece quando os fol\u00edculos pilosos, onde nascem os pelos, sofrem pequenas les\u00f5es e acabam infectados por bact\u00e9rias ou fungos, podendo aparecer tamb\u00e9m em outras \u00e1reas (<strong><a href=\"https:\/\/www.tuasaude.com\/foliculite-nas-nadegas\/\" target=\"_blank\" rel=\"noreferrer noopener\">n\u00e1degas<\/a><\/strong>, costas, barba e pernas). Na maioria das vezes, o problema surge ap\u00f3s a depila\u00e7\u00e3o ou pelo uso de roupas muito justas, causando aquelas bolinhas vermelhas que podem doer ou co\u00e7ar bastante. Embora pare\u00e7a apenas um inc\u00f4modo est\u00e9tico passageiro, entender como tratar e, principalmente, como evitar essa irrita\u00e7\u00e3o \u00e9 a chave para manter a pele da regi\u00e3o \u00edntima saud\u00e1vel, macia e livre de manchas ou inflama\u00e7\u00f5es recorrentes.<\/p>\n\n\n\n<h2 class=\"wp-block-heading\">Quais s\u00e3o os sintomas mais comuns da foliculite?<\/h2>\n\n\n\n<p>A foliculite se manifesta de forma bem espec\u00edfica, muitas vezes sendo confundida com espinhas ou pelos encravados comuns. A ci\u00eancia nos mostra que a inflama\u00e7\u00e3o pode variar de superficial a profunda, apresentando sinais que incomodam tanto visualmente quanto pelo desconforto f\u00edsico.<\/p>\n\n\n\n<div style=\"margin: 20px auto; max-width: 1000px; font-family: 'Segoe UI', Tahoma, sans-serif; overflow-x: auto;\">\n  <table style=\"border-collapse: separate; border-spacing: 10px; width: 100%; min-width: 900px;\">\n    <thead>\n      <tr>\n        <th style=\"background-color: #fff5f5; border: 1px solid #feb2b2; border-radius: 12px; padding: 18px; text-align: center; color: #000000; width: 20%;\">\n          <span style=\"display: block; font-size: 24px; margin-bottom: 8px;\">\ud83d\udd34<\/span>\n          <strong>Protuber\u00e2ncias<\/strong>\n        <\/th>\n        <th style=\"background-color: #fff5f5; border: 1px solid #feb2b2; border-radius: 12px; padding: 18px; text-align: center; color: #000000; width: 20%;\">\n          <span style=\"display: block; font-size: 24px; margin-bottom: 8px;\">\u26aa<\/span>\n          <strong>Presen\u00e7a de Pus<\/strong>\n        <\/th>\n        <th style=\"background-color: #fff5f5; border: 1px solid #feb2b2; border-radius: 12px; padding: 18px; text-align: center; color: #000000; width: 20%;\">\n          <span style=\"display: block; font-size: 24px; margin-bottom: 8px;\">\ud83d\udd25<\/span>\n          <strong>Sensibilidade<\/strong>\n        <\/th>\n        <th style=\"background-color: #fff5f5; border: 1px solid #feb2b2; border-radius: 12px; padding: 18px; text-align: center; color: #000000; width: 20%;\">\n          <span style=\"display: block; font-size: 24px; margin-bottom: 8px;\">\ud83c\udf11<\/span>\n          <strong>Manchas<\/strong>\n        <\/th>\n        <th style=\"background-color: #fff5f5; border: 1px solid #feb2b2; border-radius: 12px; padding: 18px; text-align: center; color: #000000; width: 20%;\">\n          <span style=\"display: block; font-size: 24px; margin-bottom: 8px;\">\u26a0\ufe0f<\/span>\n          <strong>Incha\u00e7o<\/strong>\n        <\/th>\n      <\/tr>\n    <\/thead>\n    <tbody>\n      <tr>\n        <td style=\"background-color: #ffffff; border: 1px solid #edf2f7; border-radius: 12px; padding: 20px; text-align: center; color: #000000; font-size: 13px; line-height: 1.5; vertical-align: top; box-shadow: 0 4px 6px rgba(0,0,0,0.05);\">\n          Surgimento de bolinhas vermelhas ao redor dos fol\u00edculos de onde saem os pelos.\n        <\/td>\n        <td style=\"background-color: #ffffff; border: 1px solid #edf2f7; border-radius: 12px; padding: 20px; text-align: center; color: #000000; font-size: 13px; line-height: 1.5; vertical-align: top; box-shadow: 0 4px 6px rgba(0,0,0,0.05);\">\n          Pequenas bolhas com centro amarelado ou esbranqui\u00e7ado (semelhantes a espinhas).\n        <\/td>\n        <td style=\"background-color: #ffffff; border: 1px solid #edf2f7; border-radius: 12px; padding: 20px; text-align: center; color: #000000; font-size: 13px; line-height: 1.5; vertical-align: top; box-shadow: 0 4px 6px rgba(0,0,0,0.05);\">\n          Pele irritada, com sensa\u00e7\u00e3o de queima\u00e7\u00e3o, coceira ou dor ao toque e atrito.\n        <\/td>\n        <td style=\"background-color: #ffffff; border: 1px solid #edf2f7; border-radius: 12px; padding: 20px; text-align: center; color: #000000; font-size: 13px; line-height: 1.5; vertical-align: top; box-shadow: 0 4px 6px rgba(0,0,0,0.05);\">\n          Marcas hiperpigmentadas que surgem ap\u00f3s a inflama\u00e7\u00e3o inicial ceder.\n        <\/td>\n        <td style=\"background-color: #ffffff; border: 1px solid #edf2f7; border-radius: 12px; padding: 20px; text-align: center; color: #000000; font-size: 13px; line-height: 1.5; vertical-align: top; box-shadow: 0 4px 6px rgba(0,0,0,0.05);\">\n          Em casos graves, ocorre endurecimento e aumento da temperatura na \u00e1rea afetada.\n        <\/td>\n      <\/tr>\n    <\/tbody>\n  <\/table>\n<\/div>\n\n\n\n<h2 class=\"wp-block-heading\">O que realmente causa essa irrita\u00e7\u00e3o na pele?<\/h2>\n\n\n\n<p>O atrito constante e a remo\u00e7\u00e3o dos pelos s\u00e3o os principais gatilhos para que as bact\u00e9rias naturais da pele entrem no fol\u00edculo. Especialistas da Sociedade Brasileira de Dermatologia explicam que o uso de l\u00e2minas cegas ou a depila\u00e7\u00e3o no sentido contr\u00e1rio ao crescimento do pelo favorece o surgimento do problema.<\/p>\n\n\n\n<p>Al\u00e9m disso, evid\u00eancias do guia <strong><a href=\"https:\/\/pt.scribd.com\/document\/810476140\/Sampaio-Rivitti-Dermatologia-4-Ed-2018\" target=\"_blank\" rel=\"noreferrer noopener\">&#8220;Dermatologia de Sampaio e Rivitti&#8221;<\/a><\/strong>, refer\u00eancia na \u00e1rea, confirmam que roupas \u00edntimas de tecido sint\u00e9tico impedem a pele de respirar. Esse ambiente quente e \u00famido \u00e9 o cen\u00e1rio ideal para o crescimento de microrganismos, transformando um pequeno atrito em uma inflama\u00e7\u00e3o disseminada na virilha.<\/p>\n\n\n\n<h2 class=\"wp-block-heading\">Como tratar a foliculite de forma segura e eficaz?<\/h2>\n\n\n\n<p>O tratamento foca em acalmar a pele e eliminar os agentes causadores da infec\u00e7\u00e3o. A ci\u00eancia nos mostra que, em casos leves, compressas mornas ajudam a drenar os fol\u00edculos naturalmente, mas situa\u00e7\u00f5es persistentes exigem o uso de produtos espec\u00edficos que tratem a raiz do problema.<\/p>\n\n\n\n<ul class=\"wp-block-list\">\n<li><strong>Higieniza\u00e7\u00e3o adequada:<\/strong> Lavar a \u00e1rea com sabonetes antiss\u00e9pticos suaves para reduzir a carga bacteriana.<\/li>\n\n\n\n<li><strong>Uso de pomadas espec\u00edficas:<\/strong> Aplica\u00e7\u00e3o de cremes com antibi\u00f3ticos ou antif\u00fangicos sob prescri\u00e7\u00e3o m\u00e9dica em casos severos.<\/li>\n\n\n\n<li><strong>Hidrata\u00e7\u00e3o calmante:<\/strong> Utilizar lo\u00e7\u00f5es que contenham ativos como aloe vera ou pantenol para restaurar a barreira cut\u00e2nea.<\/li>\n\n\n\n<li><strong>Pausa na depila\u00e7\u00e3o:<\/strong> Interromper m\u00e9todos de remo\u00e7\u00e3o de pelos at\u00e9 que a inflama\u00e7\u00e3o esteja completamente curada.<\/li>\n<\/ul>\n\n\n<div class=\"wp-block-image\">\n<figure class=\"aligncenter size-large\"><img decoding=\"async\" width=\"1024\" height=\"585\" src=\"https:\/\/www.tuasaude.com\/news\/wp-content\/uploads\/2026\/01\/freepik__35mm-film-photography-pessoa-adulta-organizando-it__39091-1024x585.jpeg\" alt=\"Por que surgem bolinhas vermelhas e coceira na regi\u00e3o da virilha?\" class=\"wp-image-1332\" srcset=\"https:\/\/www.tuasaude.com\/news\/wp-content\/uploads\/2026\/01\/freepik__35mm-film-photography-pessoa-adulta-organizando-it__39091-1024x585.jpeg 1024w, https:\/\/www.tuasaude.com\/news\/wp-content\/uploads\/2026\/01\/freepik__35mm-film-photography-pessoa-adulta-organizando-it__39091-300x171.jpeg 300w, https:\/\/www.tuasaude.com\/news\/wp-content\/uploads\/2026\/01\/freepik__35mm-film-photography-pessoa-adulta-organizando-it__39091-768x439.jpeg 768w, https:\/\/www.tuasaude.com\/news\/wp-content\/uploads\/2026\/01\/freepik__35mm-film-photography-pessoa-adulta-organizando-it__39091-750x428.jpeg 750w, https:\/\/www.tuasaude.com\/news\/wp-content\/uploads\/2026\/01\/freepik__35mm-film-photography-pessoa-adulta-organizando-it__39091-1140x651.jpeg 1140w, https:\/\/www.tuasaude.com\/news\/wp-content\/uploads\/2026\/01\/freepik__35mm-film-photography-pessoa-adulta-organizando-it__39091.jpeg 1280w\" sizes=\"(max-width: 1024px) 100vw, 1024px\" \/><figcaption class=\"wp-element-caption\">Roupas \u00edntimas apertadas e tecidos sint\u00e9ticos favorecem o ambiente \u00famido que contribui para o aparecimento da foliculite na virilha<\/figcaption><\/figure>\n<\/div>\n\n\n<h2 class=\"wp-block-heading\">Quais h\u00e1bitos ajudam a prevenir novas inflama\u00e7\u00f5es?<\/h2>\n\n\n\n<p>Pequenas mudan\u00e7as na rotina de cuidados pessoais s\u00e3o as melhores aliadas para evitar que a foliculite se torne um problema cr\u00f4nico. Especialistas explicam que preparar a pele antes da depila\u00e7\u00e3o e escolher os materiais certos para as roupas do dia a dia reduzem drasticamente as chances de irrita\u00e7\u00e3o.<\/p>\n\n\n\n<p>Evid\u00eancias da revis\u00e3o cient\u00edfica <a href=\"https:\/\/pubmed.ncbi.nlm.nih.gov\/15242915\/\" target=\"_blank\" rel=\"noreferrer noopener\"><strong>&#8220;Infec\u00e7\u00f5es cut\u00e2neas comuns em crian\u00e7as&#8221;<\/strong><\/a>, refor\u00e7am a import\u00e2ncia da esfolia\u00e7\u00e3o suave semanal para desobstruir os poros. Al\u00e9m disso, optar por calcinhas ou cuecas de algod\u00e3o permite que a regi\u00e3o da virilha permane\u00e7a seca, dificultando a prolifera\u00e7\u00e3o de bact\u00e9rias nocivas aos fol\u00edculos pilosos.<\/p>\n\n\n\n<h2 class=\"wp-block-heading\">Qual o melhor momento para buscar ajuda profissional?<\/h2>\n\n\n\n<p>Se as bolinhas vermelhas n\u00e3o melhorarem em poucos dias ou se voc\u00ea notar sinais de febre e dor intensa, o pr\u00f3ximo passo essencial \u00e9 consultar um dermatologista. O tratamento inadequado pode levar a cicatrizes permanentes ou ao surgimento de fur\u00fanculos, que s\u00e3o complica\u00e7\u00f5es mais profundas da foliculite original.<\/p>\n\n\n\n<p>O acompanhamento profissional permite identificar se o problema \u00e9 realmente foliculite ou outras condi\u00e7\u00f5es, como hidradenite supurativa. Com o diagn\u00f3stico correto e as orienta\u00e7\u00f5es preventivas ajustadas ao seu tipo de pele, voc\u00ea conseguir\u00e1 manter a sa\u00fade da regi\u00e3o \u00edntima em dia e evitar que esse desconforto atrapalhe sua autoestima e bem-estar.<\/p>\n","protected":false},"excerpt":{"rendered":"<p>A foliculite na virilha \u00e9 uma inflama\u00e7\u00e3o comum que acontece quando os fol\u00edculos pilosos, onde nascem os pelos, sofrem pequenas les\u00f5es e acabam infectados por bact\u00e9rias ou fungos, podendo aparecer tamb\u00e9m em outras \u00e1reas (n\u00e1degas, costas, barba e pernas). Na maioria das vezes, o problema surge ap\u00f3s a depila\u00e7\u00e3o ou pelo uso de roupas muito [&hellip;]<\/p>\n","protected":false},"author":9,"featured_media":1338,"comment_status":"open","ping_status":"open","sticky":false,"template":"","format":"standard","meta":{"_yoast_wpseo_focuskw":"foliculite","_yoast_wpseo_title":"","_yoast_wpseo_metadesc":"Bolinhas vermelhas, coceira e dor na virilha podem indicar foliculite. Veja cuidados seguros e quando procurar um dermatologista.","jnews-multi-image_gallery":[],"jnews_single_post":{"format":"standard"},"jnews_primary_category":[],"jnews_social_meta":[],"jnews_override_counter":[],"footnotes":""},"categories":[111],"tags":[451,449,448,450],"class_list":["post-1321","post","type-post","status-publish","format-standard","has-post-thumbnail","hentry","category-saude","tag-causas-e-sintomas-de-foliculite-na-virilha","tag-foliculite","tag-foliculite-na-virilha","tag-virilha"],"yoast_head":"<!-- This site is optimized with the Yoast SEO plugin v26.7 - https:\/\/yoast.com\/wordpress\/plugins\/seo\/ -->\n<title>Por que surgem bolinhas vermelhas e coceira na regi\u00e3o da virilha? - Tua Sa\u00fade<\/title>\n<meta name=\"description\" content=\"Bolinhas vermelhas, coceira e dor na virilha podem indicar foliculite. Veja cuidados seguros e quando procurar um dermatologista.\" \/>\n<meta name=\"robots\" content=\"index, follow, max-snippet:-1, max-image-preview:large, max-video-preview:-1\" \/>\n<link rel=\"canonical\" href=\"https:\/\/www.tuasaude.com\/news\/2026\/01\/23\/por-que-surgem-bolinhas-vermelhas-e-coceira-na-regiao-da-virilha\/\" \/>\n<meta property=\"og:locale\" content=\"pt_BR\" \/>\n<meta property=\"og:type\" content=\"article\" \/>\n<meta property=\"og:title\" content=\"Por que surgem bolinhas vermelhas e coceira na regi\u00e3o da virilha? - Tua Sa\u00fade\" \/>\n<meta property=\"og:description\" content=\"Bolinhas vermelhas, coceira e dor na virilha podem indicar foliculite. Veja cuidados seguros e quando procurar um dermatologista.\" \/>\n<meta property=\"og:url\" content=\"https:\/\/www.tuasaude.com\/news\/2026\/01\/23\/por-que-surgem-bolinhas-vermelhas-e-coceira-na-regiao-da-virilha\/\" \/>\n<meta property=\"og:site_name\" content=\"Tua Sa\u00fade\" \/>\n<meta property=\"article:published_time\" content=\"2026-01-23T14:00:00+00:00\" \/>\n<meta property=\"article:modified_time\" content=\"2026-01-24T11:58:06+00:00\" \/>\n<meta property=\"og:image\" content=\"https:\/\/www.tuasaude.com\/news\/wp-content\/uploads\/2026\/01\/freepik__the-style-is-candid-image-photography-with-natural__39101.jpeg\" \/>\n\t<meta property=\"og:image:width\" content=\"1280\" \/>\n\t<meta property=\"og:image:height\" content=\"730\" \/>\n\t<meta property=\"og:image:type\" content=\"image\/jpeg\" \/>\n<meta name=\"author\" content=\"Roberta Patriota\" \/>\n<meta name=\"twitter:card\" content=\"summary_large_image\" \/>\n<meta name=\"twitter:label1\" content=\"Escrito por\" \/>\n\t<meta name=\"twitter:data1\" content=\"Roberta Patriota\" \/>\n\t<meta name=\"twitter:label2\" content=\"Est. tempo de leitura\" \/>\n\t<meta name=\"twitter:data2\" content=\"5 minutos\" \/>\n<!-- \/ Yoast SEO plugin. -->","yoast_head_json":{"title":"Por que surgem bolinhas vermelhas e coceira na regi\u00e3o da virilha? - Tua Sa\u00fade","description":"Bolinhas vermelhas, coceira e dor na virilha podem indicar foliculite. Veja cuidados seguros e quando procurar um dermatologista.","robots":{"index":"index","follow":"follow","max-snippet":"max-snippet:-1","max-image-preview":"max-image-preview:large","max-video-preview":"max-video-preview:-1"},"canonical":"https:\/\/www.tuasaude.com\/news\/2026\/01\/23\/por-que-surgem-bolinhas-vermelhas-e-coceira-na-regiao-da-virilha\/","og_locale":"pt_BR","og_type":"article","og_title":"Por que surgem bolinhas vermelhas e coceira na regi\u00e3o da virilha? - Tua Sa\u00fade","og_description":"Bolinhas vermelhas, coceira e dor na virilha podem indicar foliculite. Veja cuidados seguros e quando procurar um dermatologista.","og_url":"https:\/\/www.tuasaude.com\/news\/2026\/01\/23\/por-que-surgem-bolinhas-vermelhas-e-coceira-na-regiao-da-virilha\/","og_site_name":"Tua Sa\u00fade","article_published_time":"2026-01-23T14:00:00+00:00","article_modified_time":"2026-01-24T11:58:06+00:00","og_image":[{"width":1280,"height":730,"url":"https:\/\/www.tuasaude.com\/news\/wp-content\/uploads\/2026\/01\/freepik__the-style-is-candid-image-photography-with-natural__39101.jpeg","type":"image\/jpeg"}],"author":"Roberta Patriota","twitter_card":"summary_large_image","twitter_misc":{"Escrito por":"Roberta Patriota","Est. tempo de leitura":"5 minutos"},"schema":{"@context":"https:\/\/schema.org","@graph":[{"@type":"Article","@id":"https:\/\/www.tuasaude.com\/news\/2026\/01\/23\/por-que-surgem-bolinhas-vermelhas-e-coceira-na-regiao-da-virilha\/#article","isPartOf":{"@id":"https:\/\/www.tuasaude.com\/news\/2026\/01\/23\/por-que-surgem-bolinhas-vermelhas-e-coceira-na-regiao-da-virilha\/"},"author":{"name":"Roberta Patriota","@id":"https:\/\/www.tuasaude.com\/news\/#\/schema\/person\/27adc41011393316b12ef997ca893e44"},"headline":"Por que surgem bolinhas vermelhas e coceira na regi\u00e3o da virilha?","datePublished":"2026-01-23T14:00:00+00:00","dateModified":"2026-01-24T11:58:06+00:00","mainEntityOfPage":{"@id":"https:\/\/www.tuasaude.com\/news\/2026\/01\/23\/por-que-surgem-bolinhas-vermelhas-e-coceira-na-regiao-da-virilha\/"},"wordCount":771,"commentCount":0,"image":{"@id":"https:\/\/www.tuasaude.com\/news\/2026\/01\/23\/por-que-surgem-bolinhas-vermelhas-e-coceira-na-regiao-da-virilha\/#primaryimage"},"thumbnailUrl":"https:\/\/www.tuasaude.com\/news\/wp-content\/uploads\/2026\/01\/freepik__the-style-is-candid-image-photography-with-natural__39101.jpeg","keywords":["causas e sintomas de foliculite na virilha","foliculite","foliculite na virilha","virilha"],"articleSection":["Sa\u00fade"],"inLanguage":"pt-BR","potentialAction":[{"@type":"CommentAction","name":"Comment","target":["https:\/\/www.tuasaude.com\/news\/2026\/01\/23\/por-que-surgem-bolinhas-vermelhas-e-coceira-na-regiao-da-virilha\/#respond"]}]},{"@type":"WebPage","@id":"https:\/\/www.tuasaude.com\/news\/2026\/01\/23\/por-que-surgem-bolinhas-vermelhas-e-coceira-na-regiao-da-virilha\/","url":"https:\/\/www.tuasaude.com\/news\/2026\/01\/23\/por-que-surgem-bolinhas-vermelhas-e-coceira-na-regiao-da-virilha\/","name":"Por que surgem bolinhas vermelhas e coceira na regi\u00e3o da virilha? - Tua Sa\u00fade","isPartOf":{"@id":"https:\/\/www.tuasaude.com\/news\/#website"},"primaryImageOfPage":{"@id":"https:\/\/www.tuasaude.com\/news\/2026\/01\/23\/por-que-surgem-bolinhas-vermelhas-e-coceira-na-regiao-da-virilha\/#primaryimage"},"image":{"@id":"https:\/\/www.tuasaude.com\/news\/2026\/01\/23\/por-que-surgem-bolinhas-vermelhas-e-coceira-na-regiao-da-virilha\/#primaryimage"},"thumbnailUrl":"https:\/\/www.tuasaude.com\/news\/wp-content\/uploads\/2026\/01\/freepik__the-style-is-candid-image-photography-with-natural__39101.jpeg","datePublished":"2026-01-23T14:00:00+00:00","dateModified":"2026-01-24T11:58:06+00:00","author":{"@id":"https:\/\/www.tuasaude.com\/news\/#\/schema\/person\/27adc41011393316b12ef997ca893e44"},"description":"Bolinhas vermelhas, coceira e dor na virilha podem indicar foliculite. Veja cuidados seguros e quando procurar um dermatologista.","breadcrumb":{"@id":"https:\/\/www.tuasaude.com\/news\/2026\/01\/23\/por-que-surgem-bolinhas-vermelhas-e-coceira-na-regiao-da-virilha\/#breadcrumb"},"inLanguage":"pt-BR","potentialAction":[{"@type":"ReadAction","target":["https:\/\/www.tuasaude.com\/news\/2026\/01\/23\/por-que-surgem-bolinhas-vermelhas-e-coceira-na-regiao-da-virilha\/"]}]},{"@type":"ImageObject","inLanguage":"pt-BR","@id":"https:\/\/www.tuasaude.com\/news\/2026\/01\/23\/por-que-surgem-bolinhas-vermelhas-e-coceira-na-regiao-da-virilha\/#primaryimage","url":"https:\/\/www.tuasaude.com\/news\/wp-content\/uploads\/2026\/01\/freepik__the-style-is-candid-image-photography-with-natural__39101.jpeg","contentUrl":"https:\/\/www.tuasaude.com\/news\/wp-content\/uploads\/2026\/01\/freepik__the-style-is-candid-image-photography-with-natural__39101.jpeg","width":1280,"height":730,"caption":"Pele da regi\u00e3o \u00edntima com sinais de foliculite, inflama\u00e7\u00e3o e sensibilidade ao toque"},{"@type":"BreadcrumbList","@id":"https:\/\/www.tuasaude.com\/news\/2026\/01\/23\/por-que-surgem-bolinhas-vermelhas-e-coceira-na-regiao-da-virilha\/#breadcrumb","itemListElement":[{"@type":"ListItem","position":1,"name":"In\u00edcio","item":"https:\/\/www.tuasaude.com\/news\/"},{"@type":"ListItem","position":2,"name":"Por que surgem bolinhas vermelhas e coceira na regi\u00e3o da virilha?"}]},{"@type":"WebSite","@id":"https:\/\/www.tuasaude.com\/news\/#website","url":"https:\/\/www.tuasaude.com\/news\/","name":"Tua Sa\u00fade","description":"Seu site de sa\u00fade","potentialAction":[{"@type":"SearchAction","target":{"@type":"EntryPoint","urlTemplate":"https:\/\/www.tuasaude.com\/news\/?s={search_term_string}"},"query-input":{"@type":"PropertyValueSpecification","valueRequired":true,"valueName":"search_term_string"}}],"inLanguage":"pt-BR"},{"@type":"Person","@id":"https:\/\/www.tuasaude.com\/news\/#\/schema\/person\/27adc41011393316b12ef997ca893e44","name":"Roberta Patriota","image":{"@type":"ImageObject","inLanguage":"pt-BR","@id":"https:\/\/www.tuasaude.com\/news\/#\/schema\/person\/image\/","url":"https:\/\/secure.gravatar.com\/avatar\/40fc934d21bfa38a60909bb2e5f2ec503dcd4d849aa772e107feb32efe75c210?s=96&d=mm&r=g","contentUrl":"https:\/\/secure.gravatar.com\/avatar\/40fc934d21bfa38a60909bb2e5f2ec503dcd4d849aa772e107feb32efe75c210?s=96&d=mm&r=g","caption":"Roberta Patriota"},"sameAs":["https:\/\/www.tuasaude.com\/news\/"],"url":"https:\/\/www.tuasaude.com\/news\/author\/roberta-patriota\/"}]}},"_links":{"self":[{"href":"https:\/\/www.tuasaude.com\/news\/wp-json\/wp\/v2\/posts\/1321","targetHints":{"allow":["GET"]}}],"collection":[{"href":"https:\/\/www.tuasaude.com\/news\/wp-json\/wp\/v2\/posts"}],"about":[{"href":"https:\/\/www.tuasaude.com\/news\/wp-json\/wp\/v2\/types\/post"}],"author":[{"embeddable":true,"href":"https:\/\/www.tuasaude.com\/news\/wp-json\/wp\/v2\/users\/9"}],"replies":[{"embeddable":true,"href":"https:\/\/www.tuasaude.com\/news\/wp-json\/wp\/v2\/comments?post=1321"}],"version-history":[{"count":3,"href":"https:\/\/www.tuasaude.com\/news\/wp-json\/wp\/v2\/posts\/1321\/revisions"}],"predecessor-version":[{"id":1658,"href":"https:\/\/www.tuasaude.com\/news\/wp-json\/wp\/v2\/posts\/1321\/revisions\/1658"}],"wp:featuredmedia":[{"embeddable":true,"href":"https:\/\/www.tuasaude.com\/news\/wp-json\/wp\/v2\/media\/1338"}],"wp:attachment":[{"href":"https:\/\/www.tuasaude.com\/news\/wp-json\/wp\/v2\/media?parent=1321"}],"wp:term":[{"taxonomy":"category","embeddable":true,"href":"https:\/\/www.tuasaude.com\/news\/wp-json\/wp\/v2\/categories?post=1321"},{"taxonomy":"post_tag","embeddable":true,"href":"https:\/\/www.tuasaude.com\/news\/wp-json\/wp\/v2\/tags?post=1321"}],"curies":[{"name":"wp","href":"https:\/\/api.w.org\/{rel}","templated":true}]}}