{"id":1315,"date":"2026-01-22T17:18:00","date_gmt":"2026-01-22T20:18:00","guid":{"rendered":"https:\/\/www.tuasaude.com\/news\/?p=1315"},"modified":"2026-01-22T10:24:47","modified_gmt":"2026-01-22T13:24:47","slug":"como-identificar-se-a-sua-dor-de-cabeca-e-na-verdade-enxaqueca","status":"publish","type":"post","link":"https:\/\/www.tuasaude.com\/news\/2026\/01\/22\/como-identificar-se-a-sua-dor-de-cabeca-e-na-verdade-enxaqueca\/","title":{"rendered":"Como identificar se a sua dor de cabe\u00e7a \u00e9 na verdade enxaqueca?"},"content":{"rendered":"\n<p>Sentir uma dor latejante que parece impedir qualquer atividade comum \u00e9 uma realidade para milh\u00f5es de pessoas, mas saber diferenciar uma cefaleia comum de uma crise de <strong><a href=\"https:\/\/www.tuasaude.com\/causas-da-enxaqueca\/\" target=\"_blank\" rel=\"noreferrer noopener\">enxaqueca<\/a> <\/strong>\u00e9 o que garante o al\u00edvio real. A enxaqueca n\u00e3o \u00e9 apenas uma &#8220;dor forte&#8221;; ela \u00e9 uma condi\u00e7\u00e3o neurol\u00f3gica complexa que envolve uma cascata de rea\u00e7\u00f5es no c\u00e9rebro e pode durar dias. Entender os sinais que o seu corpo envia antes e durante a crise \u00e9 a ferramenta mais poderosa para retomar o controle da sua rotina e buscar o <strong><a href=\"https:\/\/www.tuasaude.com\/tratamento-para-enxaqueca\/\" target=\"_blank\" rel=\"noreferrer noopener\">tratamento<\/a><\/strong> que realmente funciona para o seu caso.<\/p>\n\n\n\n<h3 class=\"wp-block-heading\">Quais s\u00e3o os sintomas cl\u00e1ssicos de uma crise?<\/h3>\n\n\n\n<p>A enxaqueca se manifesta de forma multissensorial, afetando muito mais do que apenas a regi\u00e3o da cabe\u00e7a. A ci\u00eancia nos mostra que a dor costuma ser unilateral e latejante, sendo frequentemente acompanhada por uma intoler\u00e2ncia aguda a est\u00edmulos externos que seriam inofensivos em momentos normais.<\/p>\n\n\n\n<ul class=\"wp-block-list\">\n<li><strong>Dor puls\u00e1til:<\/strong> Uma sensa\u00e7\u00e3o de &#8220;cora\u00e7\u00e3o batendo&#8221; em um dos lados da cabe\u00e7a que piora com o movimento.<\/li>\n\n\n\n<li><strong>Sensibilidade \u00e0 luz e ao som:<\/strong> Luzes fortes ou ru\u00eddos comuns tornam-se insuport\u00e1veis durante a crise.<\/li>\n\n\n\n<li><strong>N\u00e1useas e v\u00f4mitos:<\/strong> O sistema digestivo muitas vezes fica lentificado, causando desconforto abdominal e enjoos.<\/li>\n\n\n\n<li><strong>Aura visual:<\/strong> Ver pontos brilhantes, linhas em zigue-zague ou sofrer perda tempor\u00e1ria de parte da vis\u00e3o.<\/li>\n\n\n\n<li><strong>Tonturas e vertigens:<\/strong> Sensa\u00e7\u00e3o de desequil\u00edbrio ou de que o ambiente est\u00e1 girando ao redor.<\/li>\n\n\n\n<li><strong>Sensibilidade a odores:<\/strong> Cheiros de perfumes, comida ou cigarro podem intensificar a dor drasticamente.<\/li>\n\n\n\n<li><strong>Dificuldade de concentra\u00e7\u00e3o:<\/strong> Conhecida como &#8220;nevoeiro mental&#8221;, torna dif\u00edcil formular frases ou focar em tarefas.<\/li>\n\n\n\n<li><strong>Altera\u00e7\u00f5es de humor:<\/strong> Irritabilidade ou depress\u00e3o podem surgir antes ou durante o pico da dor.<\/li>\n\n\n\n<li><strong>Cansa\u00e7o extremo:<\/strong> Uma sensa\u00e7\u00e3o de exaust\u00e3o profunda que permanece mesmo ap\u00f3s a dor de cabe\u00e7a passar.<\/li>\n<\/ul>\n\n\n\n<h3 class=\"wp-block-heading\">Quem apresenta maior risco de sofrer com isso?<\/h3>\n\n\n\n<p>Existem grupos espec\u00edficos que, devido a fatores biol\u00f3gicos e hormonais, possuem uma predisposi\u00e7\u00e3o muito maior a desenvolver crises recorrentes. Especialistas da <strong><a href=\"https:\/\/sbcefaleia.com.br\/noticias.php?id=5\" target=\"_blank\" rel=\"noreferrer noopener\">Sociedade Brasileira de Cefaleia<\/a><\/strong> explicam que a gen\u00e9tica desempenha um papel crucial, onde ter parentes de primeiro grau com o problema aumenta significativamente as chances.<\/p>\n\n\n\n<p>Al\u00e9m da hereditariedade, o g\u00eanero feminino \u00e9 estatisticamente mais afetado devido \u00e0s flutua\u00e7\u00f5es de estrog\u00eanio. Evid\u00eancias da revis\u00e3o cient\u00edfica <strong>&#8220;<a href=\"https:\/\/pubmed.ncbi.nlm.nih.gov\/34001771\/\" target=\"_blank\" rel=\"noreferrer noopener\">Carga global, regional e nacional da enxaqueca em 204 pa\u00edses e territ\u00f3rios, de 1990 a 2019<\/a>&#8220;<\/strong>, confirmam que mulheres em idade reprodutiva s\u00e3o o principal grupo de risco mundial para a condi\u00e7\u00e3o.<\/p>\n\n\n<div class=\"wp-block-image\">\n<figure class=\"aligncenter size-large\"><img decoding=\"async\" width=\"1024\" height=\"585\" src=\"https:\/\/www.tuasaude.com\/news\/wp-content\/uploads\/2026\/01\/freepik__35mm-film-photography-pessoa-adulta-deitada-em-cam__39095-1024x585.jpeg\" alt=\"Como identificar se a sua dor de cabe\u00e7a \u00e9 na verdade enxaqueca?\" class=\"wp-image-1330\" srcset=\"https:\/\/www.tuasaude.com\/news\/wp-content\/uploads\/2026\/01\/freepik__35mm-film-photography-pessoa-adulta-deitada-em-cam__39095-1024x585.jpeg 1024w, https:\/\/www.tuasaude.com\/news\/wp-content\/uploads\/2026\/01\/freepik__35mm-film-photography-pessoa-adulta-deitada-em-cam__39095-300x171.jpeg 300w, https:\/\/www.tuasaude.com\/news\/wp-content\/uploads\/2026\/01\/freepik__35mm-film-photography-pessoa-adulta-deitada-em-cam__39095-768x439.jpeg 768w, https:\/\/www.tuasaude.com\/news\/wp-content\/uploads\/2026\/01\/freepik__35mm-film-photography-pessoa-adulta-deitada-em-cam__39095-750x428.jpeg 750w, https:\/\/www.tuasaude.com\/news\/wp-content\/uploads\/2026\/01\/freepik__35mm-film-photography-pessoa-adulta-deitada-em-cam__39095-1140x651.jpeg 1140w, https:\/\/www.tuasaude.com\/news\/wp-content\/uploads\/2026\/01\/freepik__35mm-film-photography-pessoa-adulta-deitada-em-cam__39095.jpeg 1280w\" sizes=\"(max-width: 1024px) 100vw, 1024px\" \/><figcaption class=\"wp-element-caption\">Pouco sono, jejum e estresse agravam a enxaqueca<\/figcaption><\/figure>\n<\/div>\n\n\n<h3 class=\"wp-block-heading\">Como as fases da enxaqueca se manifestam?<\/h3>\n\n\n\n<p>Muitos n\u00e3o sabem, mas a crise come\u00e7a muito antes da dor aparecer, em uma fase chamada de pr\u00f3dromo. Evid\u00eancias do guia &#8220;<strong><a href=\"https:\/\/ichd-3.org\/\" target=\"_blank\" rel=\"noreferrer noopener\">Classifica\u00e7\u00e3o Internacional das Cefaleias, 3\u00aa edi\u00e7\u00e3o<\/a>&#8220;<\/strong> descrevem que sintomas como bocejos excessivos, desejo por doces e rigidez no pesco\u00e7o podem surgir at\u00e9 48 horas antes.<\/p>\n\n\n\n<p>Identificar esses sinais precoces permite que o paciente inicie o protocolo de al\u00edvio antes que a dor se torne incapacitante. Compreender o ciclo completo \u2014 pr\u00f3dromo, aura, dor e p\u00f3sdromo, ajuda a desmistificar a doen\u00e7a e a melhorar a comunica\u00e7\u00e3o com o m\u00e9dico durante o diagn\u00f3stico.<\/p>\n\n\n\n<h3 class=\"wp-block-heading\">Quais fatores do cotidiano funcionam como gatilhos?<\/h3>\n\n\n\n<p>Identificar o que &#8220;liga&#8221; a sua dor \u00e9 essencial para reduzir a frequ\u00eancia das crises sem depender apenas de rem\u00e9dios. Embora os gatilhos variem muito de pessoa para pessoa, alguns fatores ambientais e h\u00e1bitos modernos s\u00e3o universalmente reconhecidos pela comunidade cient\u00edfica como perigosos para quem tem predisposi\u00e7\u00e3o.<\/p>\n\n\n\n<div style=\"margin: 20px auto; max-width: 950px; font-family: 'Segoe UI', sans-serif; overflow-x: auto;\">\n  <table style=\"border-collapse: separate; border-spacing: 12px; width: 100%; min-width: 800px;\">\n    <thead>\n      <tr>\n        <th style=\"background-color: #f3f4f6; border: 1px solid #d1d5db; border-radius: 12px; padding: 20px; text-align: center; color: #000000;\">\n          <span style=\"display: block; font-size: 24px; margin-bottom: 8px;\">\ud83d\ude34<\/span>\n          <strong>Priva\u00e7\u00e3o de Sono<\/strong>\n        <\/th>\n        <th style=\"background-color: #f3f4f6; border: 1px solid #d1d5db; border-radius: 12px; padding: 20px; text-align: center; color: #000000;\">\n          <span style=\"display: block; font-size: 24px; margin-bottom: 8px;\">\ud83c\udf7d\ufe0f<\/span>\n          <strong>Jejum Prolongado<\/strong>\n        <\/th>\n        <th style=\"background-color: #f3f4f6; border: 1px solid #d1d5db; border-radius: 12px; padding: 20px; text-align: center; color: #000000;\">\n          <span style=\"display: block; font-size: 24px; margin-bottom: 8px;\">\u26a1<\/span>\n          <strong>Estresse Emocional<\/strong>\n        <\/th>\n        <th style=\"background-color: #f3f4f6; border: 1px solid #d1d5db; border-radius: 12px; padding: 20px; text-align: center; color: #000000;\">\n          <span style=\"display: block; font-size: 24px; margin-bottom: 8px;\">\ud83e\uddc0<\/span>\n          <strong>Alimentos Gatilho<\/strong>\n        <\/th>\n      <\/tr>\n    <\/thead>\n    <tbody>\n      <tr>\n        <td style=\"background-color: #ffffff; border: 1px solid #e5e7eb; border-radius: 12px; padding: 15px; text-align: center; color: #000000; font-size: 13px; line-height: 1.5; vertical-align: top; box-shadow: 0 4px 6px rgba(0,0,0,0.05);\">\n          Dormir menos (ou mais) que o habitual desregula o sistema nervoso central.\n        <\/td>\n        <td style=\"background-color: #ffffff; border: 1px solid #e5e7eb; border-radius: 12px; padding: 15px; text-align: center; color: #000000; font-size: 13px; line-height: 1.5; vertical-align: top; box-shadow: 0 4px 6px rgba(0,0,0,0.05);\">\n          A queda nos n\u00edveis de a\u00e7\u00facar no sangue atua como um gatilho metab\u00f3lico cl\u00e1ssico.\n        <\/td>\n        <td style=\"background-color: #ffffff; border: 1px solid #e5e7eb; border-radius: 12px; padding: 15px; text-align: center; color: #000000; font-size: 13px; line-height: 1.5; vertical-align: top; box-shadow: 0 4px 6px rgba(0,0,0,0.05);\">\n          Alta tens\u00e3o libera subst\u00e2ncias neuroinflamat\u00f3rias nos vasos sangu\u00edneos cerebrais.\n        <\/td>\n        <td style=\"background-color: #ffffff; border: 1px solid #e5e7eb; border-radius: 12px; padding: 15px; text-align: center; color: #000000; font-size: 13px; line-height: 1.5; vertical-align: top; box-shadow: 0 4px 6px rgba(0,0,0,0.05);\">\n          Queijos curados, embutidos e cafe\u00edna em excesso podem precipitar os epis\u00f3dios.\n        <\/td>\n      <\/tr>\n    <\/tbody>\n  <\/table>\n<\/div>\n\n\n\n<h3 class=\"wp-block-heading\">Como agir para reduzir a frequ\u00eancia das crises?<\/h3>\n\n\n\n<p>O pr\u00f3ximo passo ideal \u00e9 manter um &#8220;di\u00e1rio da dor&#8221;, anotando o que voc\u00ea comeu e como dormiu antes de cada epis\u00f3dio. O guia <strong><a href=\"https:\/\/www.ahajournals.org\/doi\/10.1161\/STR.0000000000000375\" target=\"_blank\" rel=\"noreferrer noopener\">&#8220;Diretriz de 2021 para a preven\u00e7\u00e3o de acidente vascular cerebral em pacientes com AVC e ataque isqu\u00eamico transit\u00f3rio: uma diretriz da American Heart Association\/American Stroke Association&#8221;<\/a><\/strong> sugere que mudan\u00e7as no estilo de vida, como exerc\u00edcios regulares e hidrata\u00e7\u00e3o adequada, s\u00e3o t\u00e3o importantes quanto o tratamento medicamentoso.<\/p>\n\n\n\n<p>Buscar um neurologista \u00e9 fundamental para diferenciar a enxaqueca de outras condi\u00e7\u00f5es mais graves e receber uma prescri\u00e7\u00e3o personalizada. Com o suporte adequado e o conhecimento dos seus gatilhos, \u00e9 perfeitamente poss\u00edvel viver com muito mais dias de bem-estar e menos interrup\u00e7\u00f5es causadas pela dor.<\/p>\n","protected":false},"excerpt":{"rendered":"<p>Sentir uma dor latejante que parece impedir qualquer atividade comum \u00e9 uma realidade para milh\u00f5es de pessoas, mas saber diferenciar uma cefaleia comum de uma crise de enxaqueca \u00e9 o que garante o al\u00edvio real. A enxaqueca n\u00e3o \u00e9 apenas uma &#8220;dor forte&#8221;; ela \u00e9 uma condi\u00e7\u00e3o neurol\u00f3gica complexa que envolve uma cascata de rea\u00e7\u00f5es [&hellip;]<\/p>\n","protected":false},"author":9,"featured_media":1334,"comment_status":"open","ping_status":"open","sticky":false,"template":"","format":"standard","meta":{"_yoast_wpseo_focuskw":"enxaqueca","_yoast_wpseo_title":"","_yoast_wpseo_metadesc":"Entenda como diferenciar dor de cabe\u00e7a comum de enxaqueca, reconhecer os sintomas e identificar gatilhos que provocam as crises.","jnews-multi-image_gallery":[],"jnews_single_post":{"format":"standard"},"jnews_primary_category":[],"jnews_social_meta":[],"jnews_override_counter":[],"footnotes":""},"categories":[111],"tags":[439,282,437,438],"class_list":["post-1315","post","type-post","status-publish","format-standard","has-post-thumbnail","hentry","category-saude","tag-crise-de-enxaqueca","tag-dor-de-cabeca","tag-enxaqueca","tag-sintomas-da-enxaqueca"],"yoast_head":"<!-- This site is optimized with the Yoast SEO plugin v26.7 - https:\/\/yoast.com\/wordpress\/plugins\/seo\/ -->\n<title>Como identificar se a sua dor de cabe\u00e7a \u00e9 na verdade enxaqueca? - Tua Sa\u00fade<\/title>\n<meta name=\"description\" content=\"Entenda como diferenciar dor de cabe\u00e7a comum de enxaqueca, reconhecer os sintomas e identificar gatilhos que provocam as crises.\" \/>\n<meta name=\"robots\" content=\"index, follow, max-snippet:-1, max-image-preview:large, max-video-preview:-1\" \/>\n<link rel=\"canonical\" href=\"https:\/\/www.tuasaude.com\/news\/2026\/01\/22\/como-identificar-se-a-sua-dor-de-cabeca-e-na-verdade-enxaqueca\/\" \/>\n<meta property=\"og:locale\" content=\"pt_BR\" \/>\n<meta property=\"og:type\" content=\"article\" \/>\n<meta property=\"og:title\" content=\"Como identificar se a sua dor de cabe\u00e7a \u00e9 na verdade enxaqueca? - Tua Sa\u00fade\" \/>\n<meta property=\"og:description\" content=\"Entenda como diferenciar dor de cabe\u00e7a comum de enxaqueca, reconhecer os sintomas e identificar gatilhos que provocam as crises.\" \/>\n<meta property=\"og:url\" content=\"https:\/\/www.tuasaude.com\/news\/2026\/01\/22\/como-identificar-se-a-sua-dor-de-cabeca-e-na-verdade-enxaqueca\/\" \/>\n<meta property=\"og:site_name\" content=\"Tua Sa\u00fade\" \/>\n<meta property=\"article:published_time\" content=\"2026-01-22T20:18:00+00:00\" \/>\n<meta property=\"og:image\" content=\"https:\/\/www.tuasaude.com\/news\/wp-content\/uploads\/2026\/01\/freepik__35mm-film-photography-pessoa-adulta-sentada-em-amb__39094.jpeg\" \/>\n\t<meta property=\"og:image:width\" content=\"1280\" \/>\n\t<meta property=\"og:image:height\" content=\"731\" \/>\n\t<meta property=\"og:image:type\" content=\"image\/jpeg\" \/>\n<meta name=\"author\" content=\"Roberta Patriota\" \/>\n<meta name=\"twitter:card\" content=\"summary_large_image\" \/>\n<meta name=\"twitter:label1\" content=\"Escrito por\" \/>\n\t<meta name=\"twitter:data1\" content=\"Roberta Patriota\" \/>\n\t<meta name=\"twitter:label2\" content=\"Est. tempo de leitura\" \/>\n\t<meta name=\"twitter:data2\" content=\"5 minutos\" \/>\n<!-- \/ Yoast SEO plugin. -->","yoast_head_json":{"title":"Como identificar se a sua dor de cabe\u00e7a \u00e9 na verdade enxaqueca? - Tua Sa\u00fade","description":"Entenda como diferenciar dor de cabe\u00e7a comum de enxaqueca, reconhecer os sintomas e identificar gatilhos que provocam as crises.","robots":{"index":"index","follow":"follow","max-snippet":"max-snippet:-1","max-image-preview":"max-image-preview:large","max-video-preview":"max-video-preview:-1"},"canonical":"https:\/\/www.tuasaude.com\/news\/2026\/01\/22\/como-identificar-se-a-sua-dor-de-cabeca-e-na-verdade-enxaqueca\/","og_locale":"pt_BR","og_type":"article","og_title":"Como identificar se a sua dor de cabe\u00e7a \u00e9 na verdade enxaqueca? - Tua Sa\u00fade","og_description":"Entenda como diferenciar dor de cabe\u00e7a comum de enxaqueca, reconhecer os sintomas e identificar gatilhos que provocam as crises.","og_url":"https:\/\/www.tuasaude.com\/news\/2026\/01\/22\/como-identificar-se-a-sua-dor-de-cabeca-e-na-verdade-enxaqueca\/","og_site_name":"Tua Sa\u00fade","article_published_time":"2026-01-22T20:18:00+00:00","og_image":[{"width":1280,"height":731,"url":"https:\/\/www.tuasaude.com\/news\/wp-content\/uploads\/2026\/01\/freepik__35mm-film-photography-pessoa-adulta-sentada-em-amb__39094.jpeg","type":"image\/jpeg"}],"author":"Roberta Patriota","twitter_card":"summary_large_image","twitter_misc":{"Escrito por":"Roberta Patriota","Est. tempo de leitura":"5 minutos"},"schema":{"@context":"https:\/\/schema.org","@graph":[{"@type":"Article","@id":"https:\/\/www.tuasaude.com\/news\/2026\/01\/22\/como-identificar-se-a-sua-dor-de-cabeca-e-na-verdade-enxaqueca\/#article","isPartOf":{"@id":"https:\/\/www.tuasaude.com\/news\/2026\/01\/22\/como-identificar-se-a-sua-dor-de-cabeca-e-na-verdade-enxaqueca\/"},"author":{"name":"Roberta Patriota","@id":"https:\/\/www.tuasaude.com\/news\/#\/schema\/person\/27adc41011393316b12ef997ca893e44"},"headline":"Como identificar se a sua dor de cabe\u00e7a \u00e9 na verdade enxaqueca?","datePublished":"2026-01-22T20:18:00+00:00","mainEntityOfPage":{"@id":"https:\/\/www.tuasaude.com\/news\/2026\/01\/22\/como-identificar-se-a-sua-dor-de-cabeca-e-na-verdade-enxaqueca\/"},"wordCount":826,"commentCount":0,"image":{"@id":"https:\/\/www.tuasaude.com\/news\/2026\/01\/22\/como-identificar-se-a-sua-dor-de-cabeca-e-na-verdade-enxaqueca\/#primaryimage"},"thumbnailUrl":"https:\/\/www.tuasaude.com\/news\/wp-content\/uploads\/2026\/01\/freepik__35mm-film-photography-pessoa-adulta-sentada-em-amb__39094.jpeg","keywords":["crise de enxaqueca","dor de cabe\u00e7a","enxaqueca","sintomas da enxaqueca"],"articleSection":["Sa\u00fade"],"inLanguage":"pt-BR","potentialAction":[{"@type":"CommentAction","name":"Comment","target":["https:\/\/www.tuasaude.com\/news\/2026\/01\/22\/como-identificar-se-a-sua-dor-de-cabeca-e-na-verdade-enxaqueca\/#respond"]}]},{"@type":"WebPage","@id":"https:\/\/www.tuasaude.com\/news\/2026\/01\/22\/como-identificar-se-a-sua-dor-de-cabeca-e-na-verdade-enxaqueca\/","url":"https:\/\/www.tuasaude.com\/news\/2026\/01\/22\/como-identificar-se-a-sua-dor-de-cabeca-e-na-verdade-enxaqueca\/","name":"Como identificar se a sua dor de cabe\u00e7a \u00e9 na verdade enxaqueca? - Tua Sa\u00fade","isPartOf":{"@id":"https:\/\/www.tuasaude.com\/news\/#website"},"primaryImageOfPage":{"@id":"https:\/\/www.tuasaude.com\/news\/2026\/01\/22\/como-identificar-se-a-sua-dor-de-cabeca-e-na-verdade-enxaqueca\/#primaryimage"},"image":{"@id":"https:\/\/www.tuasaude.com\/news\/2026\/01\/22\/como-identificar-se-a-sua-dor-de-cabeca-e-na-verdade-enxaqueca\/#primaryimage"},"thumbnailUrl":"https:\/\/www.tuasaude.com\/news\/wp-content\/uploads\/2026\/01\/freepik__35mm-film-photography-pessoa-adulta-sentada-em-amb__39094.jpeg","datePublished":"2026-01-22T20:18:00+00:00","author":{"@id":"https:\/\/www.tuasaude.com\/news\/#\/schema\/person\/27adc41011393316b12ef997ca893e44"},"description":"Entenda como diferenciar dor de cabe\u00e7a comum de enxaqueca, reconhecer os sintomas e identificar gatilhos que provocam as crises.","breadcrumb":{"@id":"https:\/\/www.tuasaude.com\/news\/2026\/01\/22\/como-identificar-se-a-sua-dor-de-cabeca-e-na-verdade-enxaqueca\/#breadcrumb"},"inLanguage":"pt-BR","potentialAction":[{"@type":"ReadAction","target":["https:\/\/www.tuasaude.com\/news\/2026\/01\/22\/como-identificar-se-a-sua-dor-de-cabeca-e-na-verdade-enxaqueca\/"]}]},{"@type":"ImageObject","inLanguage":"pt-BR","@id":"https:\/\/www.tuasaude.com\/news\/2026\/01\/22\/como-identificar-se-a-sua-dor-de-cabeca-e-na-verdade-enxaqueca\/#primaryimage","url":"https:\/\/www.tuasaude.com\/news\/wp-content\/uploads\/2026\/01\/freepik__35mm-film-photography-pessoa-adulta-sentada-em-amb__39094.jpeg","contentUrl":"https:\/\/www.tuasaude.com\/news\/wp-content\/uploads\/2026\/01\/freepik__35mm-film-photography-pessoa-adulta-sentada-em-amb__39094.jpeg","width":1280,"height":731,"caption":"Sinais surgem antes da crise, como bocejos e rigidez"},{"@type":"BreadcrumbList","@id":"https:\/\/www.tuasaude.com\/news\/2026\/01\/22\/como-identificar-se-a-sua-dor-de-cabeca-e-na-verdade-enxaqueca\/#breadcrumb","itemListElement":[{"@type":"ListItem","position":1,"name":"In\u00edcio","item":"https:\/\/www.tuasaude.com\/news\/"},{"@type":"ListItem","position":2,"name":"Como identificar se a sua dor de cabe\u00e7a \u00e9 na verdade enxaqueca?"}]},{"@type":"WebSite","@id":"https:\/\/www.tuasaude.com\/news\/#website","url":"https:\/\/www.tuasaude.com\/news\/","name":"Tua Sa\u00fade","description":"Seu site de sa\u00fade","potentialAction":[{"@type":"SearchAction","target":{"@type":"EntryPoint","urlTemplate":"https:\/\/www.tuasaude.com\/news\/?s={search_term_string}"},"query-input":{"@type":"PropertyValueSpecification","valueRequired":true,"valueName":"search_term_string"}}],"inLanguage":"pt-BR"},{"@type":"Person","@id":"https:\/\/www.tuasaude.com\/news\/#\/schema\/person\/27adc41011393316b12ef997ca893e44","name":"Roberta Patriota","image":{"@type":"ImageObject","inLanguage":"pt-BR","@id":"https:\/\/www.tuasaude.com\/news\/#\/schema\/person\/image\/","url":"https:\/\/secure.gravatar.com\/avatar\/40fc934d21bfa38a60909bb2e5f2ec503dcd4d849aa772e107feb32efe75c210?s=96&d=mm&r=g","contentUrl":"https:\/\/secure.gravatar.com\/avatar\/40fc934d21bfa38a60909bb2e5f2ec503dcd4d849aa772e107feb32efe75c210?s=96&d=mm&r=g","caption":"Roberta Patriota"},"sameAs":["https:\/\/www.tuasaude.com\/news\/"],"url":"https:\/\/www.tuasaude.com\/news\/author\/roberta-patriota\/"}]}},"_links":{"self":[{"href":"https:\/\/www.tuasaude.com\/news\/wp-json\/wp\/v2\/posts\/1315","targetHints":{"allow":["GET"]}}],"collection":[{"href":"https:\/\/www.tuasaude.com\/news\/wp-json\/wp\/v2\/posts"}],"about":[{"href":"https:\/\/www.tuasaude.com\/news\/wp-json\/wp\/v2\/types\/post"}],"author":[{"embeddable":true,"href":"https:\/\/www.tuasaude.com\/news\/wp-json\/wp\/v2\/users\/9"}],"replies":[{"embeddable":true,"href":"https:\/\/www.tuasaude.com\/news\/wp-json\/wp\/v2\/comments?post=1315"}],"version-history":[{"count":2,"href":"https:\/\/www.tuasaude.com\/news\/wp-json\/wp\/v2\/posts\/1315\/revisions"}],"predecessor-version":[{"id":1359,"href":"https:\/\/www.tuasaude.com\/news\/wp-json\/wp\/v2\/posts\/1315\/revisions\/1359"}],"wp:featuredmedia":[{"embeddable":true,"href":"https:\/\/www.tuasaude.com\/news\/wp-json\/wp\/v2\/media\/1334"}],"wp:attachment":[{"href":"https:\/\/www.tuasaude.com\/news\/wp-json\/wp\/v2\/media?parent=1315"}],"wp:term":[{"taxonomy":"category","embeddable":true,"href":"https:\/\/www.tuasaude.com\/news\/wp-json\/wp\/v2\/categories?post=1315"},{"taxonomy":"post_tag","embeddable":true,"href":"https:\/\/www.tuasaude.com\/news\/wp-json\/wp\/v2\/tags?post=1315"}],"curies":[{"name":"wp","href":"https:\/\/api.w.org\/{rel}","templated":true}]}}