{"id":1162,"date":"2026-01-22T11:00:00","date_gmt":"2026-01-22T14:00:00","guid":{"rendered":"https:\/\/www.tuasaude.com\/news\/?p=1162"},"modified":"2026-01-22T10:23:15","modified_gmt":"2026-01-22T13:23:15","slug":"os-8-melhores-oleos-vegetais-para-recuperar-cabelos-danificados","status":"publish","type":"post","link":"https:\/\/www.tuasaude.com\/news\/2026\/01\/22\/os-8-melhores-oleos-vegetais-para-recuperar-cabelos-danificados\/","title":{"rendered":"Os 8 melhores \u00f3leos vegetais para recuperar cabelos danificados"},"content":{"rendered":"\n<p>O uso de \u00f3leos vegetais na rotina <strong><a href=\"https:\/\/www.tuasaude.com\/remedio-caseiro-para-queda-de-cabelo\/\" target=\"_blank\" rel=\"noreferrer noopener\">capilar<\/a><\/strong> \u00e9 fundamental para a reposi\u00e7\u00e3o lip\u00eddica e para a prote\u00e7\u00e3o da integridade da fibra. Segundo o estudo cl\u00e1ssico <strong><a href=\"https:\/\/pubmed.ncbi.nlm.nih.gov\/12715094\/\" target=\"_blank\" rel=\"noreferrer noopener\">&#8220;Effect of mineral oil, sunflower oil, and coconut oil on prevention of hair damage&#8221;<\/a><\/strong>, certos \u00f3leos t\u00eam a capacidade \u00fanica de penetrar na haste capilar. Essa penetra\u00e7\u00e3o reduz a perda de prote\u00ednas em cabelos danificados, agindo como uma barreira hidrof\u00f3bica que preserva a queratina interna durante a lavagem e o uso de qu\u00edmicos.<\/p>\n\n\n\n<h2 class=\"wp-block-heading\">Quais s\u00e3o os 8 melhores \u00f3leos para o cabelo?<\/h2>\n\n\n\n<p>A efic\u00e1cia de um \u00f3leo depende da sua composi\u00e7\u00e3o qu\u00edmica e capacidade de oclus\u00e3o ou penetra\u00e7\u00e3o. \u00d3leos ricos em triglicer\u00eddeos e \u00e1cidos graxos monoinsaturados s\u00e3o os mais indicados para tratar a porosidade e devolver a elasticidade natural aos fios ressecados.<\/p>\n\n\n\n<p>As op\u00e7\u00f5es com maior embasamento em cosmetologia incluem:<\/p>\n\n\n\n<table style=\"width: 100%; border-collapse: collapse; font-family: 'Segoe UI', Arial, sans-serif; border: 1px solid #e5e7eb; border-radius: 12px; overflow: hidden; box-shadow: 0 4px 15px rgba(0,0,0,0.05);\">\n  <thead>\n    <tr style=\"background-color: #b8860b; color: #ffffff;\">\n      <th style=\"padding: 15px; text-align: left; font-size: 16px;\">\u00d3leo Vegetal<\/th>\n      <th style=\"padding: 15px; text-align: left; font-size: 16px;\">Principais Propriedades e Benef\u00edcios<\/th>\n    <\/tr>\n  <\/thead>\n  <tbody>\n    <tr style=\"border-bottom: 1px solid #f3f4f6;\">\n      <td style=\"padding: 12px 15px; font-weight: bold; color: #4a3728;\">\u00d3leo de Coco<\/td>\n      <td style=\"padding: 12px 15px; color: #5d4037;\">Rico em \u00e1cido l\u00e1urico, possui alta afinidade com a prote\u00edna capilar.<\/td>\n    <\/tr>\n    <tr style=\"background-color: #fffaf0; border-bottom: 1px solid #f3f4f6;\">\n      <td style=\"padding: 12px 15px; font-weight: bold; color: #4a3728;\">\u00d3leo de Argan<\/td>\n      <td style=\"padding: 12px 15px; color: #5d4037;\">Abundante em vitamina E e carotenos, ideal para prote\u00e7\u00e3o t\u00e9rmica.<\/td>\n    <\/tr>\n    <tr style=\"border-bottom: 1px solid #f3f4f6;\">\n      <td style=\"padding: 12px 15px; font-weight: bold; color: #4a3728;\">\u00d3leo de R\u00edcino<\/td>\n      <td style=\"padding: 12px 15px; color: #5d4037;\">Cont\u00e9m \u00e1cido ricinoleico, que auxilia na sa\u00fade do couro cabeludo.<\/td>\n    <\/tr>\n    <tr style=\"background-color: #fffaf0; border-bottom: 1px solid #f3f4f6;\">\n      <td style=\"padding: 12px 15px; font-weight: bold; color: #4a3728;\">\u00d3leo de Oliva<\/td>\n      <td style=\"padding: 12px 15px; color: #5d4037;\">Rico em esqualeno e \u00e1cido oleico, ideal para nutri\u00e7\u00e3o pesada.<\/td>\n    <\/tr>\n    <tr style=\"border-bottom: 1px solid #f3f4f6;\">\n      <td style=\"padding: 12px 15px; font-weight: bold; color: #4a3728;\">\u00d3leo de Abacate<\/td>\n      <td style=\"padding: 12px 15px; color: #5d4037;\">Possui vitaminas lipossol\u00faveis que tratam o c\u00f3rtex capilar.<\/td>\n    <\/tr>\n    <tr style=\"background-color: #fffaf0; border-bottom: 1px solid #f3f4f6;\">\n      <td style=\"padding: 12px 15px; font-weight: bold; color: #4a3728;\">\u00d3leo de Jojoba<\/td>\n      <td style=\"padding: 12px 15px; color: #5d4037;\">\u00c9 uma cera l\u00edquida que mimetiza o sebo natural humano.<\/td>\n    <\/tr>\n    <tr style=\"border-bottom: 1px solid #f3f4f6;\">\n      <td style=\"padding: 12px 15px; font-weight: bold; color: #4a3728;\">\u00d3leo de Semente de Uva<\/td>\n      <td style=\"padding: 12px 15px; color: #5d4037;\">Leve e antioxidante, excelente para fios finos.<\/td>\n    <\/tr>\n    <tr style=\"background-color: #fffaf0;\">\n      <td style=\"padding: 12px 15px; font-weight: bold; color: #4a3728;\">\u00d3leo de Am\u00eandoas Doces<\/td>\n      <td style=\"padding: 12px 15px; color: #5d4037;\">Melhora a maleabilidade e reduz o atrito entre os fios.<\/td>\n    <\/tr>\n  <\/tbody>\n<\/table>\n\n\n\n<h2 class=\"wp-block-heading\">Como preparar receitas de umecta\u00e7\u00e3o eficazes?<\/h2>\n\n\n\n<p>Para realizar uma umecta\u00e7\u00e3o potente, o \u00f3leo deve ser aplicado nos fios secos para que a \u00e1gua n\u00e3o barre a absor\u00e7\u00e3o dos lip\u00eddios. Deixar o produto agir por per\u00edodos prolongados permite que as mol\u00e9culas de gordura preencham as fissuras nas cut\u00edculas, resultando em fios mais resistentes.<\/p>\n\n\n\n<p>Experimente estas combina\u00e7\u00f5es focadas em resultados t\u00e9cnicos:<\/p>\n\n\n\n<ul class=\"wp-block-list\">\n<li><strong>Nutri\u00e7\u00e3o Intensiva:<\/strong> Misture 1 colher de sopa de \u00f3leo de coco (penetra\u00e7\u00e3o) com 1 colher de sobremesa de \u00f3leo de abacate (selagem). Aplique e deixe agir por 2 horas.<\/li>\n\n\n\n<li><strong>Fortalecimento do Couro:<\/strong> Misture 5 ml de \u00f3leo de r\u00edcino com 2 gotas de \u00f3leo essencial de alecrim. Massageie a raiz para estimular a microcircula\u00e7\u00e3o local.<\/li>\n<\/ul>\n\n\n\n<h2 class=\"wp-block-heading\">O que os estudos dizem sobre a penetra\u00e7\u00e3o capilar?<\/h2>\n\n\n\n<p>A ci\u00eancia capilar diferencia \u00f3leos que penetram no c\u00f3rtex daqueles que apenas formam um filme superficial. O estudo <strong><a href=\"https:\/\/pubmed.ncbi.nlm.nih.gov\/11413497\/\" target=\"_blank\" rel=\"noreferrer noopener\">&#8220;Secondary ion mass spectrometric investigation of penetration of coconut and mineral oils into human hair fibers: relevance to hair damage&#8221;<\/a><\/strong> e colaboradores, confirmou que o \u00f3leo de coco consegue atravessar a cut\u00edcula e chegar ao centro do fio.<\/p>\n\n\n\n<p>Essa caracter\u00edstica \u00e9 vital para prevenir a fadiga h\u00eddrica o dano causado pelo incha\u00e7o e contra\u00e7\u00e3o repetida do fio ao molhar e secar. \u00d3leos com essa capacidade t\u00e9cnica mant\u00eam a estrutura do <strong><a href=\"https:\/\/www.tuasaude.com\/hidratacao-para-cabelos\/\" target=\"_blank\" rel=\"noreferrer noopener\">cabelo<\/a><\/strong> mais est\u00e1vel, evitando que ele se torne el\u00e1stico ou quebradi\u00e7o com o passar do tempo e das lavagens frequentes.<\/p>\n\n\n\n<figure class=\"wp-block-image size-large\"><img decoding=\"async\" width=\"1024\" height=\"585\" src=\"https:\/\/www.tuasaude.com\/news\/wp-content\/uploads\/2026\/01\/freepik__35mm-film-photography-close-em-fios-de-cabelo-natu__22058-1024x585.jpeg\" alt=\"Os 8 melhores \u00f3leos vegetais para recuperar cabelos danificados\" class=\"wp-image-1190\" srcset=\"https:\/\/www.tuasaude.com\/news\/wp-content\/uploads\/2026\/01\/freepik__35mm-film-photography-close-em-fios-de-cabelo-natu__22058-1024x585.jpeg 1024w, https:\/\/www.tuasaude.com\/news\/wp-content\/uploads\/2026\/01\/freepik__35mm-film-photography-close-em-fios-de-cabelo-natu__22058-300x171.jpeg 300w, https:\/\/www.tuasaude.com\/news\/wp-content\/uploads\/2026\/01\/freepik__35mm-film-photography-close-em-fios-de-cabelo-natu__22058-768x439.jpeg 768w, https:\/\/www.tuasaude.com\/news\/wp-content\/uploads\/2026\/01\/freepik__35mm-film-photography-close-em-fios-de-cabelo-natu__22058-750x428.jpeg 750w, https:\/\/www.tuasaude.com\/news\/wp-content\/uploads\/2026\/01\/freepik__35mm-film-photography-close-em-fios-de-cabelo-natu__22058-1140x651.jpeg 1140w, https:\/\/www.tuasaude.com\/news\/wp-content\/uploads\/2026\/01\/freepik__35mm-film-photography-close-em-fios-de-cabelo-natu__22058.jpeg 1280w\" sizes=\"(max-width: 1024px) 100vw, 1024px\" \/><figcaption class=\"wp-element-caption\">Alguns \u00f3leos conseguem penetrar no fio e evitar a perda de prote\u00ednas<\/figcaption><\/figure>\n\n\n\n<h2 class=\"wp-block-heading\">Como o \u00f3leo de argan atua na prote\u00e7\u00e3o dos fios?<\/h2>\n\n\n\n<p>O \u00f3leo de argan \u00e9 amplamente reconhecido por sua resist\u00eancia \u00e0 oxida\u00e7\u00e3o e prote\u00e7\u00e3o contra a radia\u00e7\u00e3o UV. No estudo <strong><a href=\"https:\/\/www.semanticscholar.org\/paper\/Hair-Protective-Effect-of-Argan-Oil-(Argania-Kernel-Faria-Camargo\/76846379b2c3bb7699c1159736ad991d6f72df9d\" target=\"_blank\" rel=\"noreferrer noopener\">&#8220;Hair Protective Effect of Argan Oil (Argania spinosa Kernel Oil) and Cupuassu Butter (Theobroma grandiflorum Seed Butter) Post Treatment with Hair Dye&#8221; <\/a><\/strong> demonstrou-se que o uso deste \u00f3leo reduz os danos causados por colora\u00e7\u00f5es oxidativas, preservando a hidrofobicidade da superf\u00edcie capilar.<\/p>\n\n\n\n<p>Sua aplica\u00e7\u00e3o como finalizador n\u00e3o apenas reduz o frizz de forma imediata, mas tamb\u00e9m cria uma camada lip\u00eddica que dificulta a perda de \u00e1gua para o ambiente. Isso o torna indispens\u00e1vel para quem utiliza ferramentas de calor ou reside em locais com alta varia\u00e7\u00e3o de umidade, onde o cabelo tende a perder o brilho mais rapidamente.<\/p>\n\n\n\n<h2 class=\"wp-block-heading\">Quais cuidados garantem a seguran\u00e7a da aplica\u00e7\u00e3o?<\/h2>\n\n\n\n<p>Embora naturais, os \u00f3leos devem ser utilizados com cautela em rela\u00e7\u00e3o \u00e0 temperatura e ao ac\u00famulo de res\u00edduos no couro cabeludo. O aquecimento excessivo pode alterar as propriedades qu\u00edmicas dos \u00e1cidos graxos, enquanto o uso inadequado na raiz pode favorecer a prolifera\u00e7\u00e3o de fungos como o <em>Malassezia<\/em>, causador da caspa.<\/p>\n\n\n\n<p>A remo\u00e7\u00e3o deve ser feita preferencialmente com condicionadores (m\u00e9todo UCPE) ou shampoos sem sulfatos agressivos para n\u00e3o retirar a nutri\u00e7\u00e3o rec\u00e9m-adquirida. Observar a porosidade do seu fio \u00e9 o que ditar\u00e1 a frequ\u00eancia ideal de uso, garantindo que o cabelo receba a carga lip\u00eddica necess\u00e1ria sem sofrer com o efeito de sobrecarga ou &#8220;build-up&#8221;.<\/p>\n\n\n\n<p><strong>Este conte\u00fado \u00e9 meramente informativo. Para casos de queda acentuada, descama\u00e7\u00e3o excessiva ou irrita\u00e7\u00e3o no couro cabeludo, consulte um m\u00e9dico dermatologista para obter um diagn\u00f3stico preciso.<\/strong><\/p>\n","protected":false},"excerpt":{"rendered":"<p>O uso de \u00f3leos vegetais na rotina capilar \u00e9 fundamental para a reposi\u00e7\u00e3o lip\u00eddica e para a prote\u00e7\u00e3o da integridade da fibra. Segundo o estudo cl\u00e1ssico &#8220;Effect of mineral oil, sunflower oil, and coconut oil on prevention of hair damage&#8221;, certos \u00f3leos t\u00eam a capacidade \u00fanica de penetrar na haste capilar. Essa penetra\u00e7\u00e3o reduz a [&hellip;]<\/p>\n","protected":false},"author":9,"featured_media":1183,"comment_status":"open","ping_status":"open","sticky":false,"template":"","format":"standard","meta":{"_yoast_wpseo_focuskw":"\u00f3leos vegetais para o cabelo","_yoast_wpseo_title":"","_yoast_wpseo_metadesc":"\u00d3leos vegetais fortalecem o cabelo, reduzem danos e protegem a fibra. Saiba quais escolher e como aplicar.","jnews-multi-image_gallery":[],"jnews_single_post":{"format":"standard"},"jnews_primary_category":[],"jnews_social_meta":[],"jnews_override_counter":[],"footnotes":""},"categories":[109],"tags":[421,422,419,420],"class_list":["post-1162","post","type-post","status-publish","format-standard","has-post-thumbnail","hentry","category-autocuidado","tag-cabelos-danificados","tag-oleos-vegetais","tag-oleos-vegetais-para-o-cabelo","tag-saude-capilar"],"yoast_head":"<!-- This site is optimized with the Yoast SEO plugin v26.7 - https:\/\/yoast.com\/wordpress\/plugins\/seo\/ -->\n<title>Os 8 melhores \u00f3leos vegetais para recuperar cabelos danificados - Tua Sa\u00fade<\/title>\n<meta name=\"description\" content=\"\u00d3leos vegetais fortalecem o cabelo, reduzem danos e protegem a fibra. Saiba quais escolher e como aplicar.\" \/>\n<meta name=\"robots\" content=\"index, follow, max-snippet:-1, max-image-preview:large, max-video-preview:-1\" \/>\n<link rel=\"canonical\" href=\"https:\/\/www.tuasaude.com\/news\/2026\/01\/22\/os-8-melhores-oleos-vegetais-para-recuperar-cabelos-danificados\/\" \/>\n<meta property=\"og:locale\" content=\"pt_BR\" \/>\n<meta property=\"og:type\" content=\"article\" \/>\n<meta property=\"og:title\" content=\"Os 8 melhores \u00f3leos vegetais para recuperar cabelos danificados - Tua Sa\u00fade\" \/>\n<meta property=\"og:description\" content=\"\u00d3leos vegetais fortalecem o cabelo, reduzem danos e protegem a fibra. Saiba quais escolher e como aplicar.\" \/>\n<meta property=\"og:url\" content=\"https:\/\/www.tuasaude.com\/news\/2026\/01\/22\/os-8-melhores-oleos-vegetais-para-recuperar-cabelos-danificados\/\" \/>\n<meta property=\"og:site_name\" content=\"Tua Sa\u00fade\" \/>\n<meta property=\"article:published_time\" content=\"2026-01-22T14:00:00+00:00\" \/>\n<meta property=\"og:image\" content=\"https:\/\/www.tuasaude.com\/news\/wp-content\/uploads\/2026\/01\/freepik__35mm-film-photography-mulher-adulta-com-cabelo-lon__22057.jpeg\" \/>\n\t<meta property=\"og:image:width\" content=\"1280\" \/>\n\t<meta property=\"og:image:height\" content=\"731\" \/>\n\t<meta property=\"og:image:type\" content=\"image\/jpeg\" \/>\n<meta name=\"author\" content=\"Roberta Patriota\" \/>\n<meta name=\"twitter:card\" content=\"summary_large_image\" \/>\n<meta name=\"twitter:label1\" content=\"Escrito por\" \/>\n\t<meta name=\"twitter:data1\" content=\"Roberta Patriota\" \/>\n\t<meta name=\"twitter:label2\" content=\"Est. tempo de leitura\" \/>\n\t<meta name=\"twitter:data2\" content=\"5 minutos\" \/>\n<!-- \/ Yoast SEO plugin. -->","yoast_head_json":{"title":"Os 8 melhores \u00f3leos vegetais para recuperar cabelos danificados - Tua Sa\u00fade","description":"\u00d3leos vegetais fortalecem o cabelo, reduzem danos e protegem a fibra. Saiba quais escolher e como aplicar.","robots":{"index":"index","follow":"follow","max-snippet":"max-snippet:-1","max-image-preview":"max-image-preview:large","max-video-preview":"max-video-preview:-1"},"canonical":"https:\/\/www.tuasaude.com\/news\/2026\/01\/22\/os-8-melhores-oleos-vegetais-para-recuperar-cabelos-danificados\/","og_locale":"pt_BR","og_type":"article","og_title":"Os 8 melhores \u00f3leos vegetais para recuperar cabelos danificados - Tua Sa\u00fade","og_description":"\u00d3leos vegetais fortalecem o cabelo, reduzem danos e protegem a fibra. Saiba quais escolher e como aplicar.","og_url":"https:\/\/www.tuasaude.com\/news\/2026\/01\/22\/os-8-melhores-oleos-vegetais-para-recuperar-cabelos-danificados\/","og_site_name":"Tua Sa\u00fade","article_published_time":"2026-01-22T14:00:00+00:00","og_image":[{"width":1280,"height":731,"url":"https:\/\/www.tuasaude.com\/news\/wp-content\/uploads\/2026\/01\/freepik__35mm-film-photography-mulher-adulta-com-cabelo-lon__22057.jpeg","type":"image\/jpeg"}],"author":"Roberta Patriota","twitter_card":"summary_large_image","twitter_misc":{"Escrito por":"Roberta Patriota","Est. tempo de leitura":"5 minutos"},"schema":{"@context":"https:\/\/schema.org","@graph":[{"@type":"Article","@id":"https:\/\/www.tuasaude.com\/news\/2026\/01\/22\/os-8-melhores-oleos-vegetais-para-recuperar-cabelos-danificados\/#article","isPartOf":{"@id":"https:\/\/www.tuasaude.com\/news\/2026\/01\/22\/os-8-melhores-oleos-vegetais-para-recuperar-cabelos-danificados\/"},"author":{"name":"Roberta Patriota","@id":"https:\/\/www.tuasaude.com\/news\/#\/schema\/person\/27adc41011393316b12ef997ca893e44"},"headline":"Os 8 melhores \u00f3leos vegetais para recuperar cabelos danificados","datePublished":"2026-01-22T14:00:00+00:00","mainEntityOfPage":{"@id":"https:\/\/www.tuasaude.com\/news\/2026\/01\/22\/os-8-melhores-oleos-vegetais-para-recuperar-cabelos-danificados\/"},"wordCount":838,"commentCount":0,"image":{"@id":"https:\/\/www.tuasaude.com\/news\/2026\/01\/22\/os-8-melhores-oleos-vegetais-para-recuperar-cabelos-danificados\/#primaryimage"},"thumbnailUrl":"https:\/\/www.tuasaude.com\/news\/wp-content\/uploads\/2026\/01\/freepik__35mm-film-photography-mulher-adulta-com-cabelo-lon__22057.jpeg","keywords":["cabelos danificados","\u00f3leos vegetais","\u00f3leos vegetais para o cabelo","sa\u00fade capilar"],"articleSection":["Autocuidado"],"inLanguage":"pt-BR","potentialAction":[{"@type":"CommentAction","name":"Comment","target":["https:\/\/www.tuasaude.com\/news\/2026\/01\/22\/os-8-melhores-oleos-vegetais-para-recuperar-cabelos-danificados\/#respond"]}]},{"@type":"WebPage","@id":"https:\/\/www.tuasaude.com\/news\/2026\/01\/22\/os-8-melhores-oleos-vegetais-para-recuperar-cabelos-danificados\/","url":"https:\/\/www.tuasaude.com\/news\/2026\/01\/22\/os-8-melhores-oleos-vegetais-para-recuperar-cabelos-danificados\/","name":"Os 8 melhores \u00f3leos vegetais para recuperar cabelos danificados - Tua Sa\u00fade","isPartOf":{"@id":"https:\/\/www.tuasaude.com\/news\/#website"},"primaryImageOfPage":{"@id":"https:\/\/www.tuasaude.com\/news\/2026\/01\/22\/os-8-melhores-oleos-vegetais-para-recuperar-cabelos-danificados\/#primaryimage"},"image":{"@id":"https:\/\/www.tuasaude.com\/news\/2026\/01\/22\/os-8-melhores-oleos-vegetais-para-recuperar-cabelos-danificados\/#primaryimage"},"thumbnailUrl":"https:\/\/www.tuasaude.com\/news\/wp-content\/uploads\/2026\/01\/freepik__35mm-film-photography-mulher-adulta-com-cabelo-lon__22057.jpeg","datePublished":"2026-01-22T14:00:00+00:00","author":{"@id":"https:\/\/www.tuasaude.com\/news\/#\/schema\/person\/27adc41011393316b12ef997ca893e44"},"description":"\u00d3leos vegetais fortalecem o cabelo, reduzem danos e protegem a fibra. Saiba quais escolher e como aplicar.","breadcrumb":{"@id":"https:\/\/www.tuasaude.com\/news\/2026\/01\/22\/os-8-melhores-oleos-vegetais-para-recuperar-cabelos-danificados\/#breadcrumb"},"inLanguage":"pt-BR","potentialAction":[{"@type":"ReadAction","target":["https:\/\/www.tuasaude.com\/news\/2026\/01\/22\/os-8-melhores-oleos-vegetais-para-recuperar-cabelos-danificados\/"]}]},{"@type":"ImageObject","inLanguage":"pt-BR","@id":"https:\/\/www.tuasaude.com\/news\/2026\/01\/22\/os-8-melhores-oleos-vegetais-para-recuperar-cabelos-danificados\/#primaryimage","url":"https:\/\/www.tuasaude.com\/news\/wp-content\/uploads\/2026\/01\/freepik__35mm-film-photography-mulher-adulta-com-cabelo-lon__22057.jpeg","contentUrl":"https:\/\/www.tuasaude.com\/news\/wp-content\/uploads\/2026\/01\/freepik__35mm-film-photography-mulher-adulta-com-cabelo-lon__22057.jpeg","width":1280,"height":731,"caption":"\u00d3leos vegetais ajudam a reduzir danos e preservar a queratina do cabelo"},{"@type":"BreadcrumbList","@id":"https:\/\/www.tuasaude.com\/news\/2026\/01\/22\/os-8-melhores-oleos-vegetais-para-recuperar-cabelos-danificados\/#breadcrumb","itemListElement":[{"@type":"ListItem","position":1,"name":"In\u00edcio","item":"https:\/\/www.tuasaude.com\/news\/"},{"@type":"ListItem","position":2,"name":"Os 8 melhores \u00f3leos vegetais para recuperar cabelos danificados"}]},{"@type":"WebSite","@id":"https:\/\/www.tuasaude.com\/news\/#website","url":"https:\/\/www.tuasaude.com\/news\/","name":"Tua Sa\u00fade","description":"Seu site de sa\u00fade","potentialAction":[{"@type":"SearchAction","target":{"@type":"EntryPoint","urlTemplate":"https:\/\/www.tuasaude.com\/news\/?s={search_term_string}"},"query-input":{"@type":"PropertyValueSpecification","valueRequired":true,"valueName":"search_term_string"}}],"inLanguage":"pt-BR"},{"@type":"Person","@id":"https:\/\/www.tuasaude.com\/news\/#\/schema\/person\/27adc41011393316b12ef997ca893e44","name":"Roberta Patriota","image":{"@type":"ImageObject","inLanguage":"pt-BR","@id":"https:\/\/www.tuasaude.com\/news\/#\/schema\/person\/image\/","url":"https:\/\/secure.gravatar.com\/avatar\/40fc934d21bfa38a60909bb2e5f2ec503dcd4d849aa772e107feb32efe75c210?s=96&d=mm&r=g","contentUrl":"https:\/\/secure.gravatar.com\/avatar\/40fc934d21bfa38a60909bb2e5f2ec503dcd4d849aa772e107feb32efe75c210?s=96&d=mm&r=g","caption":"Roberta Patriota"},"sameAs":["https:\/\/www.tuasaude.com\/news\/"],"url":"https:\/\/www.tuasaude.com\/news\/author\/roberta-patriota\/"}]}},"_links":{"self":[{"href":"https:\/\/www.tuasaude.com\/news\/wp-json\/wp\/v2\/posts\/1162","targetHints":{"allow":["GET"]}}],"collection":[{"href":"https:\/\/www.tuasaude.com\/news\/wp-json\/wp\/v2\/posts"}],"about":[{"href":"https:\/\/www.tuasaude.com\/news\/wp-json\/wp\/v2\/types\/post"}],"author":[{"embeddable":true,"href":"https:\/\/www.tuasaude.com\/news\/wp-json\/wp\/v2\/users\/9"}],"replies":[{"embeddable":true,"href":"https:\/\/www.tuasaude.com\/news\/wp-json\/wp\/v2\/comments?post=1162"}],"version-history":[{"count":4,"href":"https:\/\/www.tuasaude.com\/news\/wp-json\/wp\/v2\/posts\/1162\/revisions"}],"predecessor-version":[{"id":1378,"href":"https:\/\/www.tuasaude.com\/news\/wp-json\/wp\/v2\/posts\/1162\/revisions\/1378"}],"wp:featuredmedia":[{"embeddable":true,"href":"https:\/\/www.tuasaude.com\/news\/wp-json\/wp\/v2\/media\/1183"}],"wp:attachment":[{"href":"https:\/\/www.tuasaude.com\/news\/wp-json\/wp\/v2\/media?parent=1162"}],"wp:term":[{"taxonomy":"category","embeddable":true,"href":"https:\/\/www.tuasaude.com\/news\/wp-json\/wp\/v2\/categories?post=1162"},{"taxonomy":"post_tag","embeddable":true,"href":"https:\/\/www.tuasaude.com\/news\/wp-json\/wp\/v2\/tags?post=1162"}],"curies":[{"name":"wp","href":"https:\/\/api.w.org\/{rel}","templated":true}]}}