{"id":1156,"date":"2026-01-22T09:18:07","date_gmt":"2026-01-22T12:18:07","guid":{"rendered":"https:\/\/www.tuasaude.com\/news\/?p=1156"},"modified":"2026-01-22T09:18:08","modified_gmt":"2026-01-22T12:18:08","slug":"o-que-e-o-omega-3-e-por-que-ele-e-essencial","status":"publish","type":"post","link":"https:\/\/www.tuasaude.com\/news\/2026\/01\/22\/o-que-e-o-omega-3-e-por-que-ele-e-essencial\/","title":{"rendered":"O que \u00e9 o \u00f4mega 3 e por que ele \u00e9 essencial?"},"content":{"rendered":"\n<p>O <strong><a href=\"https:\/\/www.tuasaude.com\/alimentos-ricos-em-omega-3\/\" target=\"_blank\" rel=\"noreferrer noopener\">\u00f4mega 3<\/a><\/strong> \u00e9 um grupo de \u00e1cidos graxos poli-insaturados que o corpo humano n\u00e3o consegue produzir de forma aut\u00f4noma, sendo classificado como um nutriente essencial para a sa\u00fade celular. Ele desempenha um papel crucial na regula\u00e7\u00e3o de processos inflamat\u00f3rios e na prote\u00e7\u00e3o do sistema cardiovascular, devendo ser obtido obrigatoriamente atrav\u00e9s da dieta. Sua presen\u00e7a \u00e9 fundamental para a fluidez das membranas das c\u00e9lulas, impactando desde a vis\u00e3o at\u00e9 o desempenho cognitivo ao longo da vida. Veja os benef\u00edcios do \u00f4mega-3 para a sua sa\u00fade.<\/p>\n\n\n\n<h2 class=\"wp-block-heading\">Quais s\u00e3o os benef\u00edcios comprovados pela ci\u00eancia?<\/h2>\n\n\n\n<p>O consumo de \u00f4mega 3 est\u00e1 diretamente ligado \u00e0 redu\u00e7\u00e3o de biomarcadores inflamat\u00f3rios e \u00e0 prote\u00e7\u00e3o das art\u00e9rias. No estudo <strong><a href=\"https:\/\/pubmed.ncbi.nlm.nih.gov\/38869144\/\" target=\"_blank\" rel=\"noreferrer noopener\">&#8220;Effects of omega-3 fatty acids on coronary revascularization and cardiovascular events: a meta-analysis&#8221;<\/a><\/strong>, demonstra que a suplementa\u00e7\u00e3o reduz significativamente o risco de infarto do mioc\u00e1rdio e mortes cardiovasculares.<\/p>\n\n\n\n<p>Al\u00e9m da sa\u00fade do cora\u00e7\u00e3o, o nutriente \u00e9 um pilar para o c\u00e9rebro. A revis\u00e3o sistem\u00e1tica <strong><a href=\"https:\/\/pubmed.ncbi.nlm.nih.gov\/38869144\/\" target=\"_blank\" rel=\"noreferrer noopener\">&#8220;Effects of omega-3 fatty acids on coronary revascularization and cardiovascular events: a meta-analysis&#8221;<\/a><\/strong>  indica que n\u00edveis adequados de DHA est\u00e3o associados \u00e0 manuten\u00e7\u00e3o do volume cerebral em adultos. Isso ajuda a prevenir o decl\u00ednio cognitivo precoce e melhora a transmiss\u00e3o de sinais entre os neur\u00f4nios.<\/p>\n\n\n\n<h2 class=\"wp-block-heading\">Quais alimentos oferecem as maiores concentra\u00e7\u00f5es?<\/h2>\n\n\n\n<p>Para garantir o aporte necess\u00e1rio, \u00e9 preciso diversificar as<strong><a href=\"https:\/\/www.tuasaude.com\/omega-3-6-9\/\" target=\"_blank\" rel=\"noreferrer noopener\"> fontes <\/a><\/strong>entre origens marinhas e vegetais, uma vez que o corpo converte o tipo vegetal (ALA) em tipos ativos (EPA\/DHA) de forma limitada. Dados do relat\u00f3rio <strong>&#8220;<a href=\"https:\/\/ods.od.nih.gov\/factsheets\/Omega3FattyAcids-HealthProfessional\/\" target=\"_blank\" rel=\"noreferrer noopener\">Omega-3 Fatty Acids<\/a>&#8220;<\/strong> refor\u00e7am que peixes de \u00e1guas frias s\u00e3o as fontes mais eficientes para atingir as metas biol\u00f3gicas.<\/p>\n\n\n\n<p>As principais fontes alimentares incluem:<\/p>\n\n\n\n<table style=\"width: 100%; border-collapse: collapse; font-family: sans-serif; border: 1px solid #e0e6ed; border-radius: 8px; overflow: hidden; box-shadow: 0 4px 6px rgba(0,0,0,0.05);\">\n  <thead>\n    <tr style=\"background-color: #2c3e50; color: white;\">\n      <th style=\"padding: 12px; text-align: left;\">Categoria<\/th>\n      <th style=\"padding: 12px; text-align: left;\">Exemplos de Alimentos<\/th>\n      <th style=\"padding: 12px; text-align: left;\">Nutrientes Principais<\/th>\n    <\/tr>\n  <\/thead>\n  <tbody>\n    <tr style=\"border-bottom: 1px solid #eee;\">\n      <td style=\"padding: 12px; font-weight: bold; color: #34495e;\">Peixes Gordos<\/td>\n      <td style=\"padding: 12px; color: #555;\">Sardinha, salm\u00e3o, cavala e atum<\/td>\n      <td style=\"padding: 12px; color: #2980b9;\">Fontes diretas de EPA e DHA<\/td>\n    <\/tr>\n    <tr style=\"background-color: #f8f9fa; border-bottom: 1px solid #eee;\">\n      <td style=\"padding: 12px; font-weight: bold; color: #34495e;\">Sementes e Gr\u00e3os<\/td>\n      <td style=\"padding: 12px; color: #555;\">Linha\u00e7a, chia e nozes<\/td>\n      <td style=\"padding: 12px; color: #27ae60;\">Principais fontes de ALA<\/td>\n    <\/tr>\n    <tr style=\"border-bottom: 1px solid #eee;\">\n      <td style=\"padding: 12px; font-weight: bold; color: #34495e;\">Microalgas<\/td>\n      <td style=\"padding: 12px; color: #555;\">Suplementos de algas<\/td>\n      <td style=\"padding: 12px; color: #8e44ad;\">Fonte direta de DHA (Veg\/Vegan)<\/td>\n    <\/tr>\n    <tr>\n      <td style=\"padding: 12px; font-weight: bold; color: #34495e;\">\u00d3leos Vegetais<\/td>\n      <td style=\"padding: 12px; color: #555;\">\u00d3leo de linha\u00e7a e \u00f3leo de canola<\/td>\n      <td style=\"padding: 12px; color: #f39c12;\">Fontes complementares<\/td>\n    <\/tr>\n  <\/tbody>\n<\/table>\n\n\n\n<h2 class=\"wp-block-heading\">Qual \u00e9 a dose di\u00e1ria recomendada pelos especialistas?<\/h2>\n\n\n\n<p>A quantidade ideal varia conforme o objetivo terap\u00eautico e o ciclo de vida do indiv\u00edduo. Adultos saud\u00e1veis devem consumir entre 250 mg e 500 mg de EPA e DHA combinados por dia. Essa dose \u00e9 geralmente alcan\u00e7ada com o consumo de duas por\u00e7\u00f5es de peixe por semana.<\/p>\n\n\n\n<p>Em contextos espec\u00edficos, as recomenda\u00e7\u00f5es se alteram conforme a literatura:<\/p>\n\n\n\n<ul class=\"wp-block-list\">\n<li><strong>Sa\u00fade Cardiovascular:<\/strong> Doses de at\u00e9 2 g\/dia para redu\u00e7\u00e3o de triglicer\u00eddeos.<\/li>\n\n\n\n<li><strong>Gesta\u00e7\u00e3o:<\/strong> Ingest\u00e3o de pelo menos 200 mg de DHA adicional para o feto.<\/li>\n\n\n\n<li><strong>Tratamento Adjuvante:<\/strong> Doses personalizadas para controle de doen\u00e7as autoimunes.<\/li>\n<\/ul>\n\n\n\n<h2 class=\"wp-block-heading\">Como o \u00f4mega 3 atua contra inflama\u00e7\u00f5es?<\/h2>\n\n\n\n<p>A a\u00e7\u00e3o anti-inflamat\u00f3ria do \u00f4mega 3 ocorre atrav\u00e9s da substitui\u00e7\u00e3o do \u00e1cido araquid\u00f4nico nas membranas celulares. No estudo <strong><a href=\"https:\/\/pubmed.ncbi.nlm.nih.gov\/35914448\/\" target=\"_blank\" rel=\"noreferrer noopener\">&#8220;Efficacy of the omega-3 fatty acids supplementation on inflammatory biomarkers: An umbrella meta-analysis&#8221;<\/a><\/strong> confirmou-se que a suplementa\u00e7\u00e3o reduz significativamente a Prote\u00edna C-Reativa (PCR) e a Interleucina-6 (IL-6).<\/p>\n\n\n\n<p>Esse mecanismo \u00e9 particularmente \u00fatil no manejo de doen\u00e7as cr\u00f4nicas. Ao modular a resposta imunol\u00f3gica, o \u00f4mega 3 ajuda a proteger os tecidos de danos oxidativos, sendo considerado um adjuvante eficaz no tratamento de condi\u00e7\u00f5es como a artrite reumatoide.<\/p>\n\n\n<div class=\"wp-block-image\">\n<figure class=\"aligncenter size-large\"><img decoding=\"async\" width=\"1024\" height=\"585\" src=\"https:\/\/www.tuasaude.com\/news\/wp-content\/uploads\/2026\/01\/freepik__35mm-film-photography-close-em-ingredientes-natura__22061-1024x585.jpeg\" alt=\"O que \u00e9 o \u00f4mega 3 e por que ele \u00e9 essencial?\" class=\"wp-image-1173\" srcset=\"https:\/\/www.tuasaude.com\/news\/wp-content\/uploads\/2026\/01\/freepik__35mm-film-photography-close-em-ingredientes-natura__22061-1024x585.jpeg 1024w, https:\/\/www.tuasaude.com\/news\/wp-content\/uploads\/2026\/01\/freepik__35mm-film-photography-close-em-ingredientes-natura__22061-300x171.jpeg 300w, https:\/\/www.tuasaude.com\/news\/wp-content\/uploads\/2026\/01\/freepik__35mm-film-photography-close-em-ingredientes-natura__22061-768x439.jpeg 768w, https:\/\/www.tuasaude.com\/news\/wp-content\/uploads\/2026\/01\/freepik__35mm-film-photography-close-em-ingredientes-natura__22061-750x428.jpeg 750w, https:\/\/www.tuasaude.com\/news\/wp-content\/uploads\/2026\/01\/freepik__35mm-film-photography-close-em-ingredientes-natura__22061-1140x651.jpeg 1140w, https:\/\/www.tuasaude.com\/news\/wp-content\/uploads\/2026\/01\/freepik__35mm-film-photography-close-em-ingredientes-natura__22061.jpeg 1280w\" sizes=\"(max-width: 1024px) 100vw, 1024px\" \/><figcaption class=\"wp-element-caption\">Esse nutriente essencial contribui para a sa\u00fade do c\u00e9rebro e da mem\u00f3ria<\/figcaption><\/figure>\n<\/div>\n\n\n<h2 class=\"wp-block-heading\">Como escolher a melhor forma de consumo?<\/h2>\n\n\n\n<p>A escolha entre alimento ou suplemento depende da biodisponibilidade e da pureza do produto selecionado. A forma de fosfolip\u00eddios ou triglicer\u00eddeos reesterificados costuma ter melhor absor\u00e7\u00e3o do que os \u00e9steres et\u00edlicos comuns.<\/p>\n\n\n\n<p>\u00c9 essencial verificar se o produto possui selos de pureza internacionais para garantir a aus\u00eancia de metais pesados. A orienta\u00e7\u00e3o profissional \u00e9 indispens\u00e1vel para ajustar a dosagem, garantindo que os benef\u00edcios sejam alcan\u00e7ados sem exceder os limites que poderiam interferir na coagula\u00e7\u00e3o sangu\u00ednea em pacientes que j\u00e1 utilizam medicamentos espec\u00edficos.<\/p>\n\n\n\n<p><strong>Este conte\u00fado possui car\u00e1ter meramente informativo. Antes de iniciar qualquer suplementa\u00e7\u00e3o ou altera\u00e7\u00e3o diet\u00e9tica, consulte um m\u00e9dico ou nutricionista para uma avalia\u00e7\u00e3o personalizada.<\/strong><\/p>\n","protected":false},"excerpt":{"rendered":"<p>O \u00f4mega 3 \u00e9 um grupo de \u00e1cidos graxos poli-insaturados que o corpo humano n\u00e3o consegue produzir de forma aut\u00f4noma, sendo classificado como um nutriente essencial para a sa\u00fade celular. Ele desempenha um papel crucial na regula\u00e7\u00e3o de processos inflamat\u00f3rios e na prote\u00e7\u00e3o do sistema cardiovascular, devendo ser obtido obrigatoriamente atrav\u00e9s da dieta. Sua presen\u00e7a [&hellip;]<\/p>\n","protected":false},"author":9,"featured_media":1187,"comment_status":"open","ping_status":"open","sticky":false,"template":"","format":"standard","meta":{"_yoast_wpseo_focuskw":"benef\u00edcios do \u00f4mega-3","_yoast_wpseo_title":"","_yoast_wpseo_metadesc":"\u00d4mega-3 \u00e9 um nutriente essencial para cora\u00e7\u00e3o e c\u00e9rebro. Veja benef\u00edcios comprovados, fontes e a dose recomendada.","jnews-multi-image_gallery":[],"jnews_single_post":{"format":"standard"},"jnews_primary_category":[],"jnews_social_meta":[],"jnews_override_counter":[],"footnotes":""},"categories":[111],"tags":[415,152,416,136],"class_list":["post-1156","post","type-post","status-publish","format-standard","has-post-thumbnail","hentry","category-saude","tag-beneficios-do-omega-3","tag-nutricao","tag-omega-3","tag-saude"],"yoast_head":"<!-- This site is optimized with the Yoast SEO plugin v26.7 - https:\/\/yoast.com\/wordpress\/plugins\/seo\/ -->\n<title>O que \u00e9 o \u00f4mega 3 e por que ele \u00e9 essencial? - Tua Sa\u00fade<\/title>\n<meta name=\"description\" content=\"\u00d4mega-3 \u00e9 um nutriente essencial para cora\u00e7\u00e3o e c\u00e9rebro. Veja benef\u00edcios comprovados, fontes e a dose recomendada.\" \/>\n<meta name=\"robots\" content=\"index, follow, max-snippet:-1, max-image-preview:large, max-video-preview:-1\" \/>\n<link rel=\"canonical\" href=\"https:\/\/www.tuasaude.com\/news\/2026\/01\/22\/o-que-e-o-omega-3-e-por-que-ele-e-essencial\/\" \/>\n<meta property=\"og:locale\" content=\"pt_BR\" \/>\n<meta property=\"og:type\" content=\"article\" \/>\n<meta property=\"og:title\" content=\"O que \u00e9 o \u00f4mega 3 e por que ele \u00e9 essencial? - Tua Sa\u00fade\" \/>\n<meta property=\"og:description\" content=\"\u00d4mega-3 \u00e9 um nutriente essencial para cora\u00e7\u00e3o e c\u00e9rebro. Veja benef\u00edcios comprovados, fontes e a dose recomendada.\" \/>\n<meta property=\"og:url\" content=\"https:\/\/www.tuasaude.com\/news\/2026\/01\/22\/o-que-e-o-omega-3-e-por-que-ele-e-essencial\/\" \/>\n<meta property=\"og:site_name\" content=\"Tua Sa\u00fade\" \/>\n<meta property=\"article:published_time\" content=\"2026-01-22T12:18:07+00:00\" \/>\n<meta property=\"article:modified_time\" content=\"2026-01-22T12:18:08+00:00\" \/>\n<meta property=\"og:image\" content=\"https:\/\/www.tuasaude.com\/news\/wp-content\/uploads\/2026\/01\/freepik__35mm-film-photography-prato-de-refeio-saudvel-com-__22062.jpeg\" \/>\n\t<meta property=\"og:image:width\" content=\"1280\" \/>\n\t<meta property=\"og:image:height\" content=\"731\" \/>\n\t<meta property=\"og:image:type\" content=\"image\/jpeg\" \/>\n<meta name=\"author\" content=\"Roberta Patriota\" \/>\n<meta name=\"twitter:card\" content=\"summary_large_image\" \/>\n<meta name=\"twitter:label1\" content=\"Escrito por\" \/>\n\t<meta name=\"twitter:data1\" content=\"Roberta Patriota\" \/>\n\t<meta name=\"twitter:label2\" content=\"Est. tempo de leitura\" \/>\n\t<meta name=\"twitter:data2\" content=\"4 minutos\" \/>\n<!-- \/ Yoast SEO plugin. -->","yoast_head_json":{"title":"O que \u00e9 o \u00f4mega 3 e por que ele \u00e9 essencial? - Tua Sa\u00fade","description":"\u00d4mega-3 \u00e9 um nutriente essencial para cora\u00e7\u00e3o e c\u00e9rebro. Veja benef\u00edcios comprovados, fontes e a dose recomendada.","robots":{"index":"index","follow":"follow","max-snippet":"max-snippet:-1","max-image-preview":"max-image-preview:large","max-video-preview":"max-video-preview:-1"},"canonical":"https:\/\/www.tuasaude.com\/news\/2026\/01\/22\/o-que-e-o-omega-3-e-por-que-ele-e-essencial\/","og_locale":"pt_BR","og_type":"article","og_title":"O que \u00e9 o \u00f4mega 3 e por que ele \u00e9 essencial? - Tua Sa\u00fade","og_description":"\u00d4mega-3 \u00e9 um nutriente essencial para cora\u00e7\u00e3o e c\u00e9rebro. Veja benef\u00edcios comprovados, fontes e a dose recomendada.","og_url":"https:\/\/www.tuasaude.com\/news\/2026\/01\/22\/o-que-e-o-omega-3-e-por-que-ele-e-essencial\/","og_site_name":"Tua Sa\u00fade","article_published_time":"2026-01-22T12:18:07+00:00","article_modified_time":"2026-01-22T12:18:08+00:00","og_image":[{"width":1280,"height":731,"url":"https:\/\/www.tuasaude.com\/news\/wp-content\/uploads\/2026\/01\/freepik__35mm-film-photography-prato-de-refeio-saudvel-com-__22062.jpeg","type":"image\/jpeg"}],"author":"Roberta Patriota","twitter_card":"summary_large_image","twitter_misc":{"Escrito por":"Roberta Patriota","Est. tempo de leitura":"4 minutos"},"schema":{"@context":"https:\/\/schema.org","@graph":[{"@type":"Article","@id":"https:\/\/www.tuasaude.com\/news\/2026\/01\/22\/o-que-e-o-omega-3-e-por-que-ele-e-essencial\/#article","isPartOf":{"@id":"https:\/\/www.tuasaude.com\/news\/2026\/01\/22\/o-que-e-o-omega-3-e-por-que-ele-e-essencial\/"},"author":{"name":"Roberta Patriota","@id":"https:\/\/www.tuasaude.com\/news\/#\/schema\/person\/27adc41011393316b12ef997ca893e44"},"headline":"O que \u00e9 o \u00f4mega 3 e por que ele \u00e9 essencial?","datePublished":"2026-01-22T12:18:07+00:00","dateModified":"2026-01-22T12:18:08+00:00","mainEntityOfPage":{"@id":"https:\/\/www.tuasaude.com\/news\/2026\/01\/22\/o-que-e-o-omega-3-e-por-que-ele-e-essencial\/"},"wordCount":711,"commentCount":0,"image":{"@id":"https:\/\/www.tuasaude.com\/news\/2026\/01\/22\/o-que-e-o-omega-3-e-por-que-ele-e-essencial\/#primaryimage"},"thumbnailUrl":"https:\/\/www.tuasaude.com\/news\/wp-content\/uploads\/2026\/01\/freepik__35mm-film-photography-prato-de-refeio-saudvel-com-__22062.jpeg","keywords":["benef\u00edcios do \u00f4mega 3","nutri\u00e7\u00e3o","\u00f4mega-3","sa\u00fade"],"articleSection":["Sa\u00fade"],"inLanguage":"pt-BR","potentialAction":[{"@type":"CommentAction","name":"Comment","target":["https:\/\/www.tuasaude.com\/news\/2026\/01\/22\/o-que-e-o-omega-3-e-por-que-ele-e-essencial\/#respond"]}]},{"@type":"WebPage","@id":"https:\/\/www.tuasaude.com\/news\/2026\/01\/22\/o-que-e-o-omega-3-e-por-que-ele-e-essencial\/","url":"https:\/\/www.tuasaude.com\/news\/2026\/01\/22\/o-que-e-o-omega-3-e-por-que-ele-e-essencial\/","name":"O que \u00e9 o \u00f4mega 3 e por que ele \u00e9 essencial? - Tua Sa\u00fade","isPartOf":{"@id":"https:\/\/www.tuasaude.com\/news\/#website"},"primaryImageOfPage":{"@id":"https:\/\/www.tuasaude.com\/news\/2026\/01\/22\/o-que-e-o-omega-3-e-por-que-ele-e-essencial\/#primaryimage"},"image":{"@id":"https:\/\/www.tuasaude.com\/news\/2026\/01\/22\/o-que-e-o-omega-3-e-por-que-ele-e-essencial\/#primaryimage"},"thumbnailUrl":"https:\/\/www.tuasaude.com\/news\/wp-content\/uploads\/2026\/01\/freepik__35mm-film-photography-prato-de-refeio-saudvel-com-__22062.jpeg","datePublished":"2026-01-22T12:18:07+00:00","dateModified":"2026-01-22T12:18:08+00:00","author":{"@id":"https:\/\/www.tuasaude.com\/news\/#\/schema\/person\/27adc41011393316b12ef997ca893e44"},"description":"\u00d4mega-3 \u00e9 um nutriente essencial para cora\u00e7\u00e3o e c\u00e9rebro. Veja benef\u00edcios comprovados, fontes e a dose recomendada.","breadcrumb":{"@id":"https:\/\/www.tuasaude.com\/news\/2026\/01\/22\/o-que-e-o-omega-3-e-por-que-ele-e-essencial\/#breadcrumb"},"inLanguage":"pt-BR","potentialAction":[{"@type":"ReadAction","target":["https:\/\/www.tuasaude.com\/news\/2026\/01\/22\/o-que-e-o-omega-3-e-por-que-ele-e-essencial\/"]}]},{"@type":"ImageObject","inLanguage":"pt-BR","@id":"https:\/\/www.tuasaude.com\/news\/2026\/01\/22\/o-que-e-o-omega-3-e-por-que-ele-e-essencial\/#primaryimage","url":"https:\/\/www.tuasaude.com\/news\/wp-content\/uploads\/2026\/01\/freepik__35mm-film-photography-prato-de-refeio-saudvel-com-__22062.jpeg","contentUrl":"https:\/\/www.tuasaude.com\/news\/wp-content\/uploads\/2026\/01\/freepik__35mm-film-photography-prato-de-refeio-saudvel-com-__22062.jpeg","width":1280,"height":731,"caption":"\u00d4mega 3 ajuda a proteger o cora\u00e7\u00e3o e reduzir inflama\u00e7\u00f5es"},{"@type":"BreadcrumbList","@id":"https:\/\/www.tuasaude.com\/news\/2026\/01\/22\/o-que-e-o-omega-3-e-por-que-ele-e-essencial\/#breadcrumb","itemListElement":[{"@type":"ListItem","position":1,"name":"In\u00edcio","item":"https:\/\/www.tuasaude.com\/news\/"},{"@type":"ListItem","position":2,"name":"O que \u00e9 o \u00f4mega 3 e por que ele \u00e9 essencial?"}]},{"@type":"WebSite","@id":"https:\/\/www.tuasaude.com\/news\/#website","url":"https:\/\/www.tuasaude.com\/news\/","name":"Tua Sa\u00fade","description":"Seu site de sa\u00fade","potentialAction":[{"@type":"SearchAction","target":{"@type":"EntryPoint","urlTemplate":"https:\/\/www.tuasaude.com\/news\/?s={search_term_string}"},"query-input":{"@type":"PropertyValueSpecification","valueRequired":true,"valueName":"search_term_string"}}],"inLanguage":"pt-BR"},{"@type":"Person","@id":"https:\/\/www.tuasaude.com\/news\/#\/schema\/person\/27adc41011393316b12ef997ca893e44","name":"Roberta Patriota","image":{"@type":"ImageObject","inLanguage":"pt-BR","@id":"https:\/\/www.tuasaude.com\/news\/#\/schema\/person\/image\/","url":"https:\/\/secure.gravatar.com\/avatar\/40fc934d21bfa38a60909bb2e5f2ec503dcd4d849aa772e107feb32efe75c210?s=96&d=mm&r=g","contentUrl":"https:\/\/secure.gravatar.com\/avatar\/40fc934d21bfa38a60909bb2e5f2ec503dcd4d849aa772e107feb32efe75c210?s=96&d=mm&r=g","caption":"Roberta Patriota"},"sameAs":["https:\/\/www.tuasaude.com\/news\/"],"url":"https:\/\/www.tuasaude.com\/news\/author\/roberta-patriota\/"}]}},"_links":{"self":[{"href":"https:\/\/www.tuasaude.com\/news\/wp-json\/wp\/v2\/posts\/1156","targetHints":{"allow":["GET"]}}],"collection":[{"href":"https:\/\/www.tuasaude.com\/news\/wp-json\/wp\/v2\/posts"}],"about":[{"href":"https:\/\/www.tuasaude.com\/news\/wp-json\/wp\/v2\/types\/post"}],"author":[{"embeddable":true,"href":"https:\/\/www.tuasaude.com\/news\/wp-json\/wp\/v2\/users\/9"}],"replies":[{"embeddable":true,"href":"https:\/\/www.tuasaude.com\/news\/wp-json\/wp\/v2\/comments?post=1156"}],"version-history":[{"count":4,"href":"https:\/\/www.tuasaude.com\/news\/wp-json\/wp\/v2\/posts\/1156\/revisions"}],"predecessor-version":[{"id":1376,"href":"https:\/\/www.tuasaude.com\/news\/wp-json\/wp\/v2\/posts\/1156\/revisions\/1376"}],"wp:featuredmedia":[{"embeddable":true,"href":"https:\/\/www.tuasaude.com\/news\/wp-json\/wp\/v2\/media\/1187"}],"wp:attachment":[{"href":"https:\/\/www.tuasaude.com\/news\/wp-json\/wp\/v2\/media?parent=1156"}],"wp:term":[{"taxonomy":"category","embeddable":true,"href":"https:\/\/www.tuasaude.com\/news\/wp-json\/wp\/v2\/categories?post=1156"},{"taxonomy":"post_tag","embeddable":true,"href":"https:\/\/www.tuasaude.com\/news\/wp-json\/wp\/v2\/tags?post=1156"}],"curies":[{"name":"wp","href":"https:\/\/api.w.org\/{rel}","templated":true}]}}