{"id":1135,"date":"2026-01-21T13:30:00","date_gmt":"2026-01-21T16:30:00","guid":{"rendered":"https:\/\/www.tuasaude.com\/news\/?p=1135"},"modified":"2026-01-21T11:02:45","modified_gmt":"2026-01-21T14:02:45","slug":"esses-sintomas-respiratorios-podem-indicar-pneumonia-na-crianca","status":"publish","type":"post","link":"https:\/\/www.tuasaude.com\/news\/2026\/01\/21\/esses-sintomas-respiratorios-podem-indicar-pneumonia-na-crianca\/","title":{"rendered":"Esses sintomas respirat\u00f3rios podem indicar pneumonia na crian\u00e7a"},"content":{"rendered":"\n<p>A <strong><a href=\"https:\/\/www.tuasaude.com\/pneumonia\/\" target=\"_blank\" rel=\"noreferrer noopener\">pneumonia<\/a><\/strong> na crian\u00e7a \u00e9 uma infec\u00e7\u00e3o inflamat\u00f3ria que atinge os alv\u00e9olos pulmonares, dificultando a troca gasosa e o aporte de oxig\u00eanio. A pneumonia permanece como uma das principais causas de mortalidade infantil evit\u00e1vel. Compreender os sinais de alerta e as evid\u00eancias cl\u00ednicas \u00e9 essencial para garantir uma recupera\u00e7\u00e3o segura e evitar complica\u00e7\u00f5es graves que podem comprometer a fun\u00e7\u00e3o respirat\u00f3ria a longo prazo.<\/p>\n\n\n\n<h2 class=\"wp-block-heading\">Quais s\u00e3o os sintomas de alerta de pneumonia na inf\u00e2ncia?<\/h2>\n\n\n\n<p>Os sinais cl\u00ednicos da pneumonia infantil variam conforme a idade, mas a taquipneia (respira\u00e7\u00e3o acelerada) \u00e9 o marcador de maior especificidade. No estudo <strong><a href=\"https:\/\/pubmed.ncbi.nlm.nih.gov\/1681277\/\" target=\"_blank\" rel=\"noreferrer noopener\">&#8220;Clinical signs of pneumonia in children&#8221;<\/a> <\/strong>demonstra-se que a contagem da frequ\u00eancia respirat\u00f3ria \u00e9 superior \u00e0 ausculta pulmonar para identificar a consolida\u00e7\u00e3o alveolar em ambientes de aten\u00e7\u00e3o prim\u00e1ria.<\/p>\n\n\n\n<p>Al\u00e9m da frequ\u00eancia respirat\u00f3ria, os pais devem observar o esfor\u00e7o respirat\u00f3rio, como a tiragem subcostal (retra\u00e7\u00e3o da musculatura abaixo das costelas). A presen\u00e7a de febre alta associada \u00e0 recusa alimentar e apatia indica uma resposta inflamat\u00f3ria sist\u00eamica que exige interven\u00e7\u00e3o m\u00e9dica imediata para evitar a hip\u00f3xia.<\/p>\n\n\n\n<h2 class=\"wp-block-heading\">Como identificar as causas da infec\u00e7\u00e3o pulmonar?<\/h2>\n\n\n\n<p>A etiologia da pneumonia pedi\u00e1trica \u00e9 frequentemente mista, envolvendo v\u00edrus e bact\u00e9rias que colonizam o trato respirat\u00f3rio superior. O estudo <strong><a href=\"https:\/\/pmc.ncbi.nlm.nih.gov\/articles\/PMC7090409\/\" target=\"_blank\" rel=\"noreferrer noopener\">&#8220;Etiology of Childhood Pneumonia: What We Know, and What We Need to Know&#8221; <\/a><\/strong>aponta que o V\u00edrus Sincicial Respirat\u00f3rio (VSR) \u00e9 o pat\u00f3geno mais comum em crian\u00e7as menores de dois anos.<\/p>\n\n\n\n<p>J\u00e1 a etiologia bacteriana \u00e9 dominada pelo <em>Streptococcus pneumoniae<\/em>. A identifica\u00e7\u00e3o do agente causador \u00e9 fundamental para o sucesso terap\u00eautico, sendo que pneumonias bacterianas tendem a apresentar um in\u00edcio mais abrupto e leucocitose acentuada, enquanto as virais costumam apresentar sintomas catarrais precedentes.<\/p>\n\n\n<div class=\"wp-block-image\">\n<figure class=\"aligncenter size-large\"><img decoding=\"async\" width=\"1024\" height=\"585\" src=\"https:\/\/www.tuasaude.com\/news\/wp-content\/uploads\/2026\/01\/freepik__35mm-film-photography-close-em-mos-de-um-responsve__22064-1024x585.jpeg\" alt=\"Esses sintomas respirat\u00f3rios podem indicar pneumonia na crian\u00e7a\" class=\"wp-image-1175\" srcset=\"https:\/\/www.tuasaude.com\/news\/wp-content\/uploads\/2026\/01\/freepik__35mm-film-photography-close-em-mos-de-um-responsve__22064-1024x585.jpeg 1024w, https:\/\/www.tuasaude.com\/news\/wp-content\/uploads\/2026\/01\/freepik__35mm-film-photography-close-em-mos-de-um-responsve__22064-300x171.jpeg 300w, https:\/\/www.tuasaude.com\/news\/wp-content\/uploads\/2026\/01\/freepik__35mm-film-photography-close-em-mos-de-um-responsve__22064-768x439.jpeg 768w, https:\/\/www.tuasaude.com\/news\/wp-content\/uploads\/2026\/01\/freepik__35mm-film-photography-close-em-mos-de-um-responsve__22064-750x428.jpeg 750w, https:\/\/www.tuasaude.com\/news\/wp-content\/uploads\/2026\/01\/freepik__35mm-film-photography-close-em-mos-de-um-responsve__22064-1140x651.jpeg 1140w, https:\/\/www.tuasaude.com\/news\/wp-content\/uploads\/2026\/01\/freepik__35mm-film-photography-close-em-mos-de-um-responsve__22064.jpeg 1280w\" sizes=\"(max-width: 1024px) 100vw, 1024px\" \/><figcaption class=\"wp-element-caption\">Febre alta e recusa alimentar podem indicar infec\u00e7\u00e3o pulmonar na crian\u00e7a<\/figcaption><\/figure>\n<\/div>\n\n\n<h2 class=\"wp-block-heading\">Quais s\u00e3o as op\u00e7\u00f5es de tratamento dispon\u00edveis para pneumonia infantil?<\/h2>\n\n\n\n<p>O tratamento \u00e9 direcionado pela gravidade cl\u00ednica e pelo prov\u00e1vel agente etiol\u00f3gico, visando a erradica\u00e7\u00e3o do pat\u00f3geno e o suporte ventilat\u00f3rio. O estudo <strong><a href=\"https:\/\/pubmed.ncbi.nlm.nih.gov\/21880587\/\" target=\"_blank\" rel=\"noreferrer noopener\">&#8220;The management of community-acquired pneumonia in infants and children older than 3 months of age: clinical practice guidelines by the Pediatric Infectious Diseases Society and the Infectious Diseases Society of America&#8221; <\/a><\/strong>estabelece as diretrizes para o uso de antibi\u00f3ticos como a amoxicilina em casos bacterianos.<\/p>\n\n\n\n<p>Para o manejo domiciliar e suporte respirat\u00f3rio, os seguintes cuidados s\u00e3o preconizados pela literatura pedi\u00e1trica:<\/p>\n\n\n\n<ul class=\"wp-block-list\">\n<li><strong>Oferta h\u00eddrica rigorosa:<\/strong> Essencial para a fluidifica\u00e7\u00e3o das secre\u00e7\u00f5es e preven\u00e7\u00e3o da desidrata\u00e7\u00e3o por febre.<\/li>\n\n\n\n<li><strong>Inala\u00e7\u00e3o com solu\u00e7\u00e3o salina:<\/strong> Auxilia na higiene br\u00f4nquica e umidifica\u00e7\u00e3o das vias a\u00e9reas inferiores.<\/li>\n\n\n\n<li><strong>Antit\u00e9rmicos e analg\u00e9sicos:<\/strong> Controle do desconforto e da carga metab\u00f3lica gerada pela febre.<\/li>\n\n\n\n<li><strong>Fisioterapia respirat\u00f3ria:<\/strong> Recomendada em fases espec\u00edficas para auxiliar na expectora\u00e7\u00e3o, conforme avalia\u00e7\u00e3o profissional.<\/li>\n<\/ul>\n\n\n\n<h2 class=\"wp-block-heading\">Como prevenir novas crises respirat\u00f3rias?<\/h2>\n\n\n\n<p>A preven\u00e7\u00e3o baseia-se na imuniza\u00e7\u00e3o ativa e na redu\u00e7\u00e3o da exposi\u00e7\u00e3o a irritantes das vias a\u00e9reas. No estudo <strong><a href=\"https:\/\/pubmed.ncbi.nlm.nih.gov\/33726954\/\" target=\"_blank\" rel=\"noreferrer noopener\">&#8220;The impact of 10-valent pneumococcal conjugate vaccine upon hospitalization rate of children with pneumonia in different Brazilian administrative regions&#8221;<\/a><\/strong> demonstra-se que a vacina\u00e7\u00e3o reduziu drasticamente as interna\u00e7\u00f5es por pneumonia pneumoc\u00f3cica em crian\u00e7as brasileiras.<\/p>\n\n\n\n<p>Al\u00e9m da vacina\u00e7\u00e3o, a prote\u00e7\u00e3o imunol\u00f3gica passiva e ambiental \u00e9 fundamental para o desenvolvimento pulmonar. Abaixo, listamos medidas de efic\u00e1cia comprovada por protocolos:<\/p>\n\n\n\n<div style=\"overflow-x:auto; margin: 25px 0;\">\n  <table style=\"width: 100%; border-collapse: collapse; font-family: 'Segoe UI', Roboto, Helvetica, Arial, sans-serif; box-shadow: 0 4px 15px rgba(0,0,0,0.1); border-radius: 12px; overflow: hidden; border: 1px solid #e1e8ed;\">\n    <thead>\n      <tr style=\"background-color: #0288d1; color: #ffffff; text-align: left;\">\n        <th style=\"padding: 18px; font-size: 1.1em; width: 30%; border-bottom: 3px solid #01579b;\">Medida Preventiva<\/th>\n        <th style=\"padding: 18px; font-size: 1.1em; border-bottom: 3px solid #01579b;\">Benef\u00edcio e Mecanismo de Prote\u00e7\u00e3o<\/th>\n      <\/tr>\n    <\/thead>\n    <tbody>\n      <tr style=\"background-color: #ffffff;\">\n        <td style=\"padding: 15px; border-bottom: 1px solid #e1e8ed; font-weight: bold; color: #0288d1;\">Aleitamento Materno<\/td>\n        <td style=\"padding: 15px; border-bottom: 1px solid #e1e8ed; color: #333; line-height: 1.5;\">Fornece <strong>IgA secretora<\/strong> e fatores imunol\u00f3gicos que formam uma barreira biol\u00f3gica na mucosa respirat\u00f3ria.<\/td>\n      <\/tr>\n      <tr style=\"background-color: #f1f8fe;\">\n        <td style=\"padding: 15px; border-bottom: 1px solid #e1e8ed; font-weight: bold; color: #0288d1;\">Ambiente Livre de Tabaco<\/td>\n        <td style=\"padding: 15px; border-bottom: 1px solid #e1e8ed; color: #333; line-height: 1.5;\">Evita a paralisia dos <strong>c\u00edlios bronquiais<\/strong>, mantendo o sistema de &#8220;limpeza&#8221; natural dos pulm\u00f5es ativo.<\/td>\n      <\/tr>\n      <tr style=\"background-color: #ffffff;\">\n        <td style=\"padding: 15px; border-bottom: 1px solid #e1e8ed; font-weight: bold; color: #0288d1;\">Ventila\u00e7\u00e3o Natural<\/td>\n        <td style=\"padding: 15px; border-bottom: 1px solid #e1e8ed; color: #333; line-height: 1.5;\">Promove a renova\u00e7\u00e3o do ar, reduzindo drasticamente a carga viral e a concentra\u00e7\u00e3o de al\u00e9rgenos dom\u00e9sticos.<\/td>\n      <\/tr>\n      <tr style=\"background-color: #f1f8fe;\">\n        <td style=\"padding: 15px; font-weight: bold; color: #0288d1;\">Higiene Nasal Di\u00e1ria<\/td>\n        <td style=\"padding: 15px; color: #333; line-height: 1.5;\">Remove impurezas mecanicamente e previne o gotejamento p\u00f3s-nasal, um dos principais gatilhos para infec\u00e7\u00f5es.<\/td>\n      <\/tr>\n    <\/tbody>\n  <\/table>\n<\/div>\n\n\n\n<h2 class=\"wp-block-heading\">Quando a interna\u00e7\u00e3o hospitalar se torna necess\u00e1ria?<\/h2>\n\n\n\n<p>A interna\u00e7\u00e3o \u00e9 indicada quando h\u00e1 falha no <strong><a href=\"https:\/\/www.tuasaude.com\/tratamento-da-pneumonia\/\" target=\"_blank\" rel=\"noreferrer noopener\">tratamento <\/a><\/strong>ambulatorial ou sinais de insufici\u00eancia respirat\u00f3ria iminente. A incapacidade de beber e a satura\u00e7\u00e3o de oxig\u00eanio abaixo de 92% s\u00e3o crit\u00e9rios mandat\u00f3rios para suporte hospitalar com oxigenoterapia.<\/p>\n\n\n\n<p>A presen\u00e7a de complica\u00e7\u00f5es como o derrame pleural (l\u00edquido entre as membranas do pulm\u00e3o) tamb\u00e9m exige monitoramento constante. A administra\u00e7\u00e3o de medica\u00e7\u00e3o endovenosa e o suporte de fisioterapia intensiva em ambiente hospitalar s\u00e3o vitais para garantir a expans\u00e3o pulmonar correta e evitar sequelas.<\/p>\n\n\n\n<p><strong>Este conte\u00fado possui car\u00e1ter informativo e n\u00e3o substitui a consulta m\u00e9dica. Caso a crian\u00e7a apresente cansa\u00e7o excessivo, febre persistente ou dificuldade para respirar, busque orienta\u00e7\u00e3o m\u00e9dica profissional imediatamente para diagn\u00f3stico e tratamento adequado.<\/strong><\/p>\n","protected":false},"excerpt":{"rendered":"<p>A pneumonia na crian\u00e7a \u00e9 uma infec\u00e7\u00e3o inflamat\u00f3ria que atinge os alv\u00e9olos pulmonares, dificultando a troca gasosa e o aporte de oxig\u00eanio. A pneumonia permanece como uma das principais causas de mortalidade infantil evit\u00e1vel. Compreender os sinais de alerta e as evid\u00eancias cl\u00ednicas \u00e9 essencial para garantir uma recupera\u00e7\u00e3o segura e evitar complica\u00e7\u00f5es graves que [&hellip;]<\/p>\n","protected":false},"author":9,"featured_media":1180,"comment_status":"open","ping_status":"open","sticky":false,"template":"","format":"standard","meta":{"_yoast_wpseo_focuskw":"pneumonia infantil","_yoast_wpseo_title":"","_yoast_wpseo_metadesc":"Pneumonia na inf\u00e2ncia \u00e9 uma das principais causas de interna\u00e7\u00e3o. Saiba identificar os sintomas e evitar complica\u00e7\u00f5es respirat\u00f3rias.","jnews-multi-image_gallery":[],"jnews_single_post":{"format":"standard"},"jnews_primary_category":[],"jnews_social_meta":[],"jnews_override_counter":[],"footnotes":""},"categories":[111],"tags":[406,410,409,383],"class_list":["post-1135","post","type-post","status-publish","format-standard","has-post-thumbnail","hentry","category-saude","tag-criancas","tag-pneumonia","tag-pneumonia-infantil","tag-saude-infantil"],"yoast_head":"<!-- This site is optimized with the Yoast SEO plugin v26.7 - https:\/\/yoast.com\/wordpress\/plugins\/seo\/ -->\n<title>Esses sintomas respirat\u00f3rios podem indicar pneumonia na crian\u00e7a - Tua Sa\u00fade<\/title>\n<meta name=\"description\" content=\"Pneumonia na inf\u00e2ncia \u00e9 uma das principais causas de interna\u00e7\u00e3o. Saiba identificar os sintomas e evitar complica\u00e7\u00f5es respirat\u00f3rias.\" \/>\n<meta name=\"robots\" content=\"index, follow, max-snippet:-1, max-image-preview:large, max-video-preview:-1\" \/>\n<link rel=\"canonical\" href=\"https:\/\/www.tuasaude.com\/news\/2026\/01\/21\/esses-sintomas-respiratorios-podem-indicar-pneumonia-na-crianca\/\" \/>\n<meta property=\"og:locale\" content=\"pt_BR\" \/>\n<meta property=\"og:type\" content=\"article\" \/>\n<meta property=\"og:title\" content=\"Esses sintomas respirat\u00f3rios podem indicar pneumonia na crian\u00e7a - Tua Sa\u00fade\" \/>\n<meta property=\"og:description\" content=\"Pneumonia na inf\u00e2ncia \u00e9 uma das principais causas de interna\u00e7\u00e3o. Saiba identificar os sintomas e evitar complica\u00e7\u00f5es respirat\u00f3rias.\" \/>\n<meta property=\"og:url\" content=\"https:\/\/www.tuasaude.com\/news\/2026\/01\/21\/esses-sintomas-respiratorios-podem-indicar-pneumonia-na-crianca\/\" \/>\n<meta property=\"og:site_name\" content=\"Tua Sa\u00fade\" \/>\n<meta property=\"article:published_time\" content=\"2026-01-21T16:30:00+00:00\" \/>\n<meta property=\"og:image\" content=\"https:\/\/www.tuasaude.com\/news\/wp-content\/uploads\/2026\/01\/freepik__35mm-film-photography-criana-pequena-sentada-no-co__22063.jpeg\" \/>\n\t<meta property=\"og:image:width\" content=\"1280\" \/>\n\t<meta property=\"og:image:height\" content=\"731\" \/>\n\t<meta property=\"og:image:type\" content=\"image\/jpeg\" \/>\n<meta name=\"author\" content=\"Roberta Patriota\" \/>\n<meta name=\"twitter:card\" content=\"summary_large_image\" \/>\n<meta name=\"twitter:label1\" content=\"Escrito por\" \/>\n\t<meta name=\"twitter:data1\" content=\"Roberta Patriota\" \/>\n\t<meta name=\"twitter:label2\" content=\"Est. tempo de leitura\" \/>\n\t<meta name=\"twitter:data2\" content=\"5 minutos\" \/>\n<!-- \/ Yoast SEO plugin. -->","yoast_head_json":{"title":"Esses sintomas respirat\u00f3rios podem indicar pneumonia na crian\u00e7a - Tua Sa\u00fade","description":"Pneumonia na inf\u00e2ncia \u00e9 uma das principais causas de interna\u00e7\u00e3o. Saiba identificar os sintomas e evitar complica\u00e7\u00f5es respirat\u00f3rias.","robots":{"index":"index","follow":"follow","max-snippet":"max-snippet:-1","max-image-preview":"max-image-preview:large","max-video-preview":"max-video-preview:-1"},"canonical":"https:\/\/www.tuasaude.com\/news\/2026\/01\/21\/esses-sintomas-respiratorios-podem-indicar-pneumonia-na-crianca\/","og_locale":"pt_BR","og_type":"article","og_title":"Esses sintomas respirat\u00f3rios podem indicar pneumonia na crian\u00e7a - Tua Sa\u00fade","og_description":"Pneumonia na inf\u00e2ncia \u00e9 uma das principais causas de interna\u00e7\u00e3o. Saiba identificar os sintomas e evitar complica\u00e7\u00f5es respirat\u00f3rias.","og_url":"https:\/\/www.tuasaude.com\/news\/2026\/01\/21\/esses-sintomas-respiratorios-podem-indicar-pneumonia-na-crianca\/","og_site_name":"Tua Sa\u00fade","article_published_time":"2026-01-21T16:30:00+00:00","og_image":[{"width":1280,"height":731,"url":"https:\/\/www.tuasaude.com\/news\/wp-content\/uploads\/2026\/01\/freepik__35mm-film-photography-criana-pequena-sentada-no-co__22063.jpeg","type":"image\/jpeg"}],"author":"Roberta Patriota","twitter_card":"summary_large_image","twitter_misc":{"Escrito por":"Roberta Patriota","Est. tempo de leitura":"5 minutos"},"schema":{"@context":"https:\/\/schema.org","@graph":[{"@type":"Article","@id":"https:\/\/www.tuasaude.com\/news\/2026\/01\/21\/esses-sintomas-respiratorios-podem-indicar-pneumonia-na-crianca\/#article","isPartOf":{"@id":"https:\/\/www.tuasaude.com\/news\/2026\/01\/21\/esses-sintomas-respiratorios-podem-indicar-pneumonia-na-crianca\/"},"author":{"name":"Roberta Patriota","@id":"https:\/\/www.tuasaude.com\/news\/#\/schema\/person\/27adc41011393316b12ef997ca893e44"},"headline":"Esses sintomas respirat\u00f3rios podem indicar pneumonia na crian\u00e7a","datePublished":"2026-01-21T16:30:00+00:00","mainEntityOfPage":{"@id":"https:\/\/www.tuasaude.com\/news\/2026\/01\/21\/esses-sintomas-respiratorios-podem-indicar-pneumonia-na-crianca\/"},"wordCount":834,"commentCount":0,"image":{"@id":"https:\/\/www.tuasaude.com\/news\/2026\/01\/21\/esses-sintomas-respiratorios-podem-indicar-pneumonia-na-crianca\/#primaryimage"},"thumbnailUrl":"https:\/\/www.tuasaude.com\/news\/wp-content\/uploads\/2026\/01\/freepik__35mm-film-photography-criana-pequena-sentada-no-co__22063.jpeg","keywords":["crian\u00e7as","pneumonia","pneumonia infantil","sa\u00fade infantil"],"articleSection":["Sa\u00fade"],"inLanguage":"pt-BR","potentialAction":[{"@type":"CommentAction","name":"Comment","target":["https:\/\/www.tuasaude.com\/news\/2026\/01\/21\/esses-sintomas-respiratorios-podem-indicar-pneumonia-na-crianca\/#respond"]}]},{"@type":"WebPage","@id":"https:\/\/www.tuasaude.com\/news\/2026\/01\/21\/esses-sintomas-respiratorios-podem-indicar-pneumonia-na-crianca\/","url":"https:\/\/www.tuasaude.com\/news\/2026\/01\/21\/esses-sintomas-respiratorios-podem-indicar-pneumonia-na-crianca\/","name":"Esses sintomas respirat\u00f3rios podem indicar pneumonia na crian\u00e7a - Tua Sa\u00fade","isPartOf":{"@id":"https:\/\/www.tuasaude.com\/news\/#website"},"primaryImageOfPage":{"@id":"https:\/\/www.tuasaude.com\/news\/2026\/01\/21\/esses-sintomas-respiratorios-podem-indicar-pneumonia-na-crianca\/#primaryimage"},"image":{"@id":"https:\/\/www.tuasaude.com\/news\/2026\/01\/21\/esses-sintomas-respiratorios-podem-indicar-pneumonia-na-crianca\/#primaryimage"},"thumbnailUrl":"https:\/\/www.tuasaude.com\/news\/wp-content\/uploads\/2026\/01\/freepik__35mm-film-photography-criana-pequena-sentada-no-co__22063.jpeg","datePublished":"2026-01-21T16:30:00+00:00","author":{"@id":"https:\/\/www.tuasaude.com\/news\/#\/schema\/person\/27adc41011393316b12ef997ca893e44"},"description":"Pneumonia na inf\u00e2ncia \u00e9 uma das principais causas de interna\u00e7\u00e3o. Saiba identificar os sintomas e evitar complica\u00e7\u00f5es respirat\u00f3rias.","breadcrumb":{"@id":"https:\/\/www.tuasaude.com\/news\/2026\/01\/21\/esses-sintomas-respiratorios-podem-indicar-pneumonia-na-crianca\/#breadcrumb"},"inLanguage":"pt-BR","potentialAction":[{"@type":"ReadAction","target":["https:\/\/www.tuasaude.com\/news\/2026\/01\/21\/esses-sintomas-respiratorios-podem-indicar-pneumonia-na-crianca\/"]}]},{"@type":"ImageObject","inLanguage":"pt-BR","@id":"https:\/\/www.tuasaude.com\/news\/2026\/01\/21\/esses-sintomas-respiratorios-podem-indicar-pneumonia-na-crianca\/#primaryimage","url":"https:\/\/www.tuasaude.com\/news\/wp-content\/uploads\/2026\/01\/freepik__35mm-film-photography-criana-pequena-sentada-no-co__22063.jpeg","contentUrl":"https:\/\/www.tuasaude.com\/news\/wp-content\/uploads\/2026\/01\/freepik__35mm-film-photography-criana-pequena-sentada-no-co__22063.jpeg","width":1280,"height":731,"caption":"Respira\u00e7\u00e3o acelerada e esfor\u00e7o ao respirar s\u00e3o sinais de alerta na pneumonia infantil"},{"@type":"BreadcrumbList","@id":"https:\/\/www.tuasaude.com\/news\/2026\/01\/21\/esses-sintomas-respiratorios-podem-indicar-pneumonia-na-crianca\/#breadcrumb","itemListElement":[{"@type":"ListItem","position":1,"name":"In\u00edcio","item":"https:\/\/www.tuasaude.com\/news\/"},{"@type":"ListItem","position":2,"name":"Esses sintomas respirat\u00f3rios podem indicar pneumonia na crian\u00e7a"}]},{"@type":"WebSite","@id":"https:\/\/www.tuasaude.com\/news\/#website","url":"https:\/\/www.tuasaude.com\/news\/","name":"Tua Sa\u00fade","description":"Seu site de sa\u00fade","potentialAction":[{"@type":"SearchAction","target":{"@type":"EntryPoint","urlTemplate":"https:\/\/www.tuasaude.com\/news\/?s={search_term_string}"},"query-input":{"@type":"PropertyValueSpecification","valueRequired":true,"valueName":"search_term_string"}}],"inLanguage":"pt-BR"},{"@type":"Person","@id":"https:\/\/www.tuasaude.com\/news\/#\/schema\/person\/27adc41011393316b12ef997ca893e44","name":"Roberta Patriota","image":{"@type":"ImageObject","inLanguage":"pt-BR","@id":"https:\/\/www.tuasaude.com\/news\/#\/schema\/person\/image\/","url":"https:\/\/secure.gravatar.com\/avatar\/40fc934d21bfa38a60909bb2e5f2ec503dcd4d849aa772e107feb32efe75c210?s=96&d=mm&r=g","contentUrl":"https:\/\/secure.gravatar.com\/avatar\/40fc934d21bfa38a60909bb2e5f2ec503dcd4d849aa772e107feb32efe75c210?s=96&d=mm&r=g","caption":"Roberta Patriota"},"sameAs":["https:\/\/www.tuasaude.com\/news\/"],"url":"https:\/\/www.tuasaude.com\/news\/author\/roberta-patriota\/"}]}},"_links":{"self":[{"href":"https:\/\/www.tuasaude.com\/news\/wp-json\/wp\/v2\/posts\/1135","targetHints":{"allow":["GET"]}}],"collection":[{"href":"https:\/\/www.tuasaude.com\/news\/wp-json\/wp\/v2\/posts"}],"about":[{"href":"https:\/\/www.tuasaude.com\/news\/wp-json\/wp\/v2\/types\/post"}],"author":[{"embeddable":true,"href":"https:\/\/www.tuasaude.com\/news\/wp-json\/wp\/v2\/users\/9"}],"replies":[{"embeddable":true,"href":"https:\/\/www.tuasaude.com\/news\/wp-json\/wp\/v2\/comments?post=1135"}],"version-history":[{"count":3,"href":"https:\/\/www.tuasaude.com\/news\/wp-json\/wp\/v2\/posts\/1135\/revisions"}],"predecessor-version":[{"id":1395,"href":"https:\/\/www.tuasaude.com\/news\/wp-json\/wp\/v2\/posts\/1135\/revisions\/1395"}],"wp:featuredmedia":[{"embeddable":true,"href":"https:\/\/www.tuasaude.com\/news\/wp-json\/wp\/v2\/media\/1180"}],"wp:attachment":[{"href":"https:\/\/www.tuasaude.com\/news\/wp-json\/wp\/v2\/media?parent=1135"}],"wp:term":[{"taxonomy":"category","embeddable":true,"href":"https:\/\/www.tuasaude.com\/news\/wp-json\/wp\/v2\/categories?post=1135"},{"taxonomy":"post_tag","embeddable":true,"href":"https:\/\/www.tuasaude.com\/news\/wp-json\/wp\/v2\/tags?post=1135"}],"curies":[{"name":"wp","href":"https:\/\/api.w.org\/{rel}","templated":true}]}}