{"id":1133,"date":"2026-01-21T12:00:00","date_gmt":"2026-01-21T15:00:00","guid":{"rendered":"https:\/\/www.tuasaude.com\/news\/?p=1133"},"modified":"2026-01-21T11:02:46","modified_gmt":"2026-01-21T14:02:46","slug":"esses-sinais-podem-indicar-desnutricao-infantil-em-fases-iniciais","status":"publish","type":"post","link":"https:\/\/www.tuasaude.com\/news\/2026\/01\/21\/esses-sinais-podem-indicar-desnutricao-infantil-em-fases-iniciais\/","title":{"rendered":"Esses sinais podem indicar desnutri\u00e7\u00e3o infantil em fases iniciais"},"content":{"rendered":"\n<p>A <strong><a href=\"https:\/\/www.tuasaude.com\/consequencias-da-desnutricao\/\" target=\"_blank\" rel=\"noreferrer noopener\">desnutri\u00e7\u00e3o infantil<\/a><\/strong> \u00e9 uma condi\u00e7\u00e3o cl\u00ednica decorrente da defici\u00eancia de ingest\u00e3o ou absor\u00e7\u00e3o de nutrientes essenciais para o desenvolvimento. O quadro \u00e9 descrito como uma emerg\u00eancia biol\u00f3gica onde o organismo consome os pr\u00f3prios tecidos para manter fun\u00e7\u00f5es vitais. Identificar precocemente os sinais e causas \u00e9 fundamental para evitar danos irrevers\u00edveis ao sistema nervoso e ao potencial de crescimento da <strong><a href=\"https:\/\/www.tuasaude.com\/pneumonia-infantil\/\" target=\"_blank\" rel=\"noreferrer noopener\">crian\u00e7a<\/a><\/strong>.<\/p>\n\n\n\n<h2 class=\"wp-block-heading\">Quais s\u00e3o os principais sintomas da desnutri\u00e7\u00e3o?<\/h2>\n\n\n\n<p>Os sinais cl\u00ednicos manifestam-se inicialmente atrav\u00e9s da desacelera\u00e7\u00e3o do crescimento e perda de massa muscular e adiposa. No estudo <a href=\"https:\/\/scielo.org.za\/scielo.php?script=sci_arttext&amp;pid=S2223-76822020000100038#:~:text=Data%20analysis%20and%20statistical%20procedures&amp;text=Two%2Dway%20tables%20were%20used,described%20by%20Cohen%20(1988).\" target=\"_blank\" rel=\"noreferrer noopener\"><strong>Longitudinal effects of stunting and wasting on academic performance of primary school boys: The North-West Child-Health-Integrated-Learning and Development study<\/strong>&#8221; <\/a>demonstra-se que o d\u00e9ficit de estatura e peso s\u00e3o marcadores de inflama\u00e7\u00e3o intestinal cr\u00f4nica e priva\u00e7\u00e3o nutricional.<\/p>\n\n\n\n<p>Em est\u00e1gios avan\u00e7ados, a crian\u00e7a apresenta apatia extrema devido ao baixo metabolismo basal e \u00e0 redu\u00e7\u00e3o da glicemia. A imunossupress\u00e3o severa, caracter\u00edstica desse estado, favorece infec\u00e7\u00f5es oportunistas, enquanto altera\u00e7\u00f5es dermatol\u00f3gicas e edemas surgem como resultado da queda dr\u00e1stica na press\u00e3o osm\u00f3tica do sangue por falta de prote\u00ednas.<\/p>\n\n\n\n<figure class=\"wp-block-image size-large\"><img decoding=\"async\" width=\"1024\" height=\"585\" src=\"https:\/\/www.tuasaude.com\/news\/wp-content\/uploads\/2026\/01\/freepik__35mm-film-photography-close-em-caderneta-de-sade-i__22066-1024x585.jpeg\" alt=\"Esses sinais podem indicar desnutri\u00e7\u00e3o infantil em fases iniciais\" class=\"wp-image-1189\" srcset=\"https:\/\/www.tuasaude.com\/news\/wp-content\/uploads\/2026\/01\/freepik__35mm-film-photography-close-em-caderneta-de-sade-i__22066-1024x585.jpeg 1024w, https:\/\/www.tuasaude.com\/news\/wp-content\/uploads\/2026\/01\/freepik__35mm-film-photography-close-em-caderneta-de-sade-i__22066-300x171.jpeg 300w, https:\/\/www.tuasaude.com\/news\/wp-content\/uploads\/2026\/01\/freepik__35mm-film-photography-close-em-caderneta-de-sade-i__22066-768x439.jpeg 768w, https:\/\/www.tuasaude.com\/news\/wp-content\/uploads\/2026\/01\/freepik__35mm-film-photography-close-em-caderneta-de-sade-i__22066-750x428.jpeg 750w, https:\/\/www.tuasaude.com\/news\/wp-content\/uploads\/2026\/01\/freepik__35mm-film-photography-close-em-caderneta-de-sade-i__22066-1140x651.jpeg 1140w, https:\/\/www.tuasaude.com\/news\/wp-content\/uploads\/2026\/01\/freepik__35mm-film-photography-close-em-caderneta-de-sade-i__22066.jpeg 1280w\" sizes=\"(max-width: 1024px) 100vw, 1024px\" \/><figcaption class=\"wp-element-caption\">Perda de peso, apatia e baixa imunidade s\u00e3o sinais de alerta<\/figcaption><\/figure>\n\n\n\n<h2 class=\"wp-block-heading\">Quais causas levam \u00e0 defici\u00eancia nutricional?<\/h2>\n\n\n\n<p>A etiologia da desnutri\u00e7\u00e3o \u00e9 multifatorial, podendo ser prim\u00e1ria (ingest\u00e3o insuficiente) ou secund\u00e1ria a patologias. O estudo <strong><a href=\"https:\/\/pubmed.ncbi.nlm.nih.gov\/23746772\/\" target=\"_blank\" rel=\"noreferrer noopener\">&#8220;Maternal and child undernutrition and overweight in low-income and middle-income countries&#8221;<\/a><\/strong> aponta que infec\u00e7\u00f5es recorrentes e saneamento inadequado s\u00e3o os principais motores da m\u00e1 absor\u00e7\u00e3o de nutrientes em pa\u00edses em desenvolvimento.<\/p>\n\n\n\n<p>Al\u00e9m da oferta cal\u00f3rica, a qualidade da dieta \u00e9 determinante para o desenvolvimento metab\u00f3lico. Condi\u00e7\u00f5es como a Doen\u00e7a Cel\u00edaca e fibrose c\u00edstica tamb\u00e9m s\u00e3o listadas em protocolos do <strong><a href=\"https:\/\/www.gov.br\/saude\/pt-br\/assuntos\/pcdt\/d\/doenca-celiaca\/view\" target=\"_blank\" rel=\"noreferrer noopener\">Minist\u00e9rio da Sa\u00fade<\/a><\/strong> como causas org\u00e2nicas que impedem o aproveitamento de vitaminas e minerais, mesmo quando a oferta alimentar parece adequada.<\/p>\n\n\n\n<h2 class=\"wp-block-heading\">Como a desnutri\u00e7\u00e3o \u00e9 classificada por tipos?<\/h2>\n\n\n\n<p>A classifica\u00e7\u00e3o t\u00e9cnica baseia-se na gravidade e no tipo de nutriente em falta no organismo. O estudo exato <strong><a href=\"https:\/\/pubmed.ncbi.nlm.nih.gov\/29939653\/\" target=\"_blank\" rel=\"noreferrer noopener\">&#8220;Kwashiorkor&#8221;<\/a><\/strong>, define as distin\u00e7\u00f5es metab\u00f3licas entre as formas cl\u00ednicas:<\/p>\n\n\n\n<div style=\"overflow-x:auto; margin: 25px 0;\">\n  <table style=\"width: 100%; border-collapse: collapse; font-family: 'Segoe UI', Roboto, Helvetica, Arial, sans-serif; box-shadow: 0 4px 15px rgba(0,0,0,0.1); border-radius: 12px; overflow: hidden; border: 1px solid #cfd8dc;\">\n    <thead>\n      <tr style=\"background-color: #BDDDFF; color: #000000; text-align: left;\">\n        <th style=\"padding: 18px; font-size: 1.1em; width: 30%; border-bottom: 3px solid #1a252f;\">Tipo de Desnutri\u00e7\u00e3o<\/th>\n        <th style=\"padding: 18px; font-size: 1.1em; border-bottom: 3px solid #1a252f;\">Caracter\u00edsticas e Impacto Cl\u00ednico<\/th>\n      <\/tr>\n    <\/thead>\n    <tbody>\n      <tr style=\"background-color: #ffffff;\">\n        <td style=\"padding: 15px; border-bottom: 1px solid #eceff1; font-weight: bold; color: #2c3e50;\">Marasmo<\/td>\n        <td style=\"padding: 15px; border-bottom: 1px solid #eceff1; color: #34495e; line-height: 1.5;\">Defici\u00eancia global de calorias, resultando em emagrecimento grave e apar\u00eancia de &#8220;rosto envelhecido&#8221;.<\/td>\n      <\/tr>\n      <tr style=\"background-color: #f8f9fa;\">\n        <td style=\"padding: 15px; border-bottom: 1px solid #eceff1; font-weight: bold; color: #2c3e50;\">Kwashiorkor<\/td>\n        <td style=\"padding: 15px; border-bottom: 1px solid #eceff1; color: #34495e; line-height: 1.5;\">Defici\u00eancia proteica com ingest\u00e3o cal\u00f3rica preservada, causando edema bilateral e esteatose hep\u00e1tica.<\/td>\n      <\/tr>\n      <tr style=\"background-color: #ffffff;\">\n        <td style=\"padding: 15px; border-bottom: 1px solid #eceff1; font-weight: bold; color: #2c3e50;\">Kwashiorkor Marasm\u00e1tico<\/td>\n        <td style=\"padding: 15px; border-bottom: 1px solid #eceff1; color: #34495e; line-height: 1.5;\">Estado cr\u00edtico de transi\u00e7\u00e3o com emacia\u00e7\u00e3o e reten\u00e7\u00e3o h\u00eddrica simult\u00e2neas.<\/td>\n      <\/tr>\n      <tr style=\"background-color: #f8f9fa;\">\n        <td style=\"padding: 15px; font-weight: bold; color: #2c3e50;\">Desnutri\u00e7\u00e3o por Micronutrientes<\/td>\n        <td style=\"padding: 15px; color: #34495e; line-height: 1.5;\">&#8220;Fome oculta&#8221;, com defici\u00eancia de ferro, zinco ou vitamina A, sem necessariamente perda de peso.<\/td>\n      <\/tr>\n    <\/tbody>\n  <\/table>\n<\/div>\n\n\n\n<h2 class=\"wp-block-heading\">Qual \u00e9 o tratamento indicado para recupera\u00e7\u00e3o?<\/h2>\n\n\n\n<p>O tratamento segue o protocolo de dez passos estabelecido pela OMS para garantir a seguran\u00e7a metab\u00f3lica. Segundo o estudo <strong><a href=\"https:\/\/pubmed.ncbi.nlm.nih.gov\/25421910\/\" target=\"_blank\" rel=\"noreferrer noopener\">&#8220;Management of severe acute malnutrition in low-income and middle-income countries&#8221;<\/a><\/strong> a fase inicial foca na corre\u00e7\u00e3o da desidrata\u00e7\u00e3o e eletr\u00f3litos para evitar a S\u00edndrome de Realimenta\u00e7\u00e3o, que pode ser fatal.<\/p>\n\n\n\n<p>A reabilita\u00e7\u00e3o nutricional utiliza produtos espec\u00edficos para restaurar a integridade intestinal e o peso corp\u00f3reo:<\/p>\n\n\n\n<ul class=\"wp-block-list\">\n<li><strong>Alimentos Terap\u00eauticos Prontos (RUTF):<\/strong> Pastas de alta densidade cal\u00f3rica e mineral para tratamento domiciliar ou hospitalar.<\/li>\n\n\n\n<li><strong>F\u00f3rmulas F-75 e F-100:<\/strong> Leites terap\u00eauticos com osmolaridade controlada para fases iniciais de estabiliza\u00e7\u00e3o.<\/li>\n\n\n\n<li><strong>Antibioticoterapia de rotina:<\/strong> Recomendada em casos graves para tratar infec\u00e7\u00f5es subcl\u00ednicas que impedem o ganho ponderal.<\/li>\n\n\n\n<li><strong>Estimula\u00e7\u00e3o sensorial:<\/strong> Interven\u00e7\u00e3o psicol\u00f3gica para reverter o atraso no desenvolvimento psicomotor causado pela apatia.<\/li>\n<\/ul>\n\n\n\n<h2 class=\"wp-block-heading\">Como prevenir danos ao desenvolvimento infantil?<\/h2>\n\n\n\n<p>A preven\u00e7\u00e3o prim\u00e1ria reside na promo\u00e7\u00e3o do aleitamento materno e na seguran\u00e7a alimentar domiciliar. O estudo <strong><a href=\"https:\/\/www.researchgate.net\/publication\/362676520_Nutrition_in_the_first_1000_days_of_life_Society's_greatest_opportunity\" target=\"_blank\" rel=\"noreferrer noopener\">&#8220;Nutrition in the first 1000 days of life: Society\u2019s greatest opportunity&#8221;<\/a><\/strong>, enfatiza que a janela desde a concep\u00e7\u00e3o at\u00e9 os dois anos \u00e9 a mais cr\u00edtica para prevenir danos permanentes ao QI e \u00e0 sa\u00fade metab\u00f3lica futura.<\/p>\n\n\n\n<p>Monitorar o crescimento atrav\u00e9s de curvas de refer\u00eancia e garantir o acesso a \u00e1gua pot\u00e1vel s\u00e3o estrat\u00e9gias de sa\u00fade p\u00fablica defendidas por \u00f3rg\u00e3os como a ANVISA. A introdu\u00e7\u00e3o de alimentos ricos em ferro e a vacina\u00e7\u00e3o em dia formam o escudo necess\u00e1rio para que a crian\u00e7a n\u00e3o entre no ciclo de doen\u00e7as infecciosas que levam \u00e0 desnutri\u00e7\u00e3o secund\u00e1ria.<\/p>\n\n\n\n<p><strong>Este conte\u00fado possui car\u00e1ter informativo e n\u00e3o substitui a avalia\u00e7\u00e3o cl\u00ednica individualizada. Caso note atrasos no crescimento, perda de peso ou apatia na crian\u00e7a, busque orienta\u00e7\u00e3o m\u00e9dica profissional imediatamente para diagn\u00f3stico e tratamento adequado.<\/strong><\/p>\n","protected":false},"excerpt":{"rendered":"<p>A desnutri\u00e7\u00e3o infantil \u00e9 uma condi\u00e7\u00e3o cl\u00ednica decorrente da defici\u00eancia de ingest\u00e3o ou absor\u00e7\u00e3o de nutrientes essenciais para o desenvolvimento. O quadro \u00e9 descrito como uma emerg\u00eancia biol\u00f3gica onde o organismo consome os pr\u00f3prios tecidos para manter fun\u00e7\u00f5es vitais. Identificar precocemente os sinais e causas \u00e9 fundamental para evitar danos irrevers\u00edveis ao sistema nervoso e [&hellip;]<\/p>\n","protected":false},"author":9,"featured_media":1179,"comment_status":"open","ping_status":"open","sticky":false,"template":"","format":"standard","meta":{"_yoast_wpseo_focuskw":"desnutri\u00e7\u00e3o infantil","_yoast_wpseo_title":"","_yoast_wpseo_metadesc":"Desnutri\u00e7\u00e3o infantil pode causar danos irrevers\u00edveis se n\u00e3o for tratada cedo. Entenda os sintomas, tipos e formas de preven\u00e7\u00e3o.","jnews-multi-image_gallery":[],"jnews_single_post":{"format":"standard"},"jnews_primary_category":[],"jnews_social_meta":[],"jnews_override_counter":[],"footnotes":""},"categories":[110],"tags":[406,405,408,407],"class_list":["post-1133","post","type-post","status-publish","format-standard","has-post-thumbnail","hentry","category-nutricao","tag-criancas","tag-desnutricao-infantil","tag-nutricao-infantil","tag-saude-da-cranca"],"yoast_head":"<!-- This site is optimized with the Yoast SEO plugin v26.7 - https:\/\/yoast.com\/wordpress\/plugins\/seo\/ -->\n<title>Esses sinais podem indicar desnutri\u00e7\u00e3o infantil em fases iniciais - Tua Sa\u00fade<\/title>\n<meta name=\"description\" content=\"Desnutri\u00e7\u00e3o infantil pode causar danos irrevers\u00edveis se n\u00e3o for tratada cedo. Entenda os sintomas, tipos e formas de preven\u00e7\u00e3o.\" \/>\n<meta name=\"robots\" content=\"index, follow, max-snippet:-1, max-image-preview:large, max-video-preview:-1\" \/>\n<link rel=\"canonical\" href=\"https:\/\/www.tuasaude.com\/news\/2026\/01\/21\/esses-sinais-podem-indicar-desnutricao-infantil-em-fases-iniciais\/\" \/>\n<meta property=\"og:locale\" content=\"pt_BR\" \/>\n<meta property=\"og:type\" content=\"article\" \/>\n<meta property=\"og:title\" content=\"Esses sinais podem indicar desnutri\u00e7\u00e3o infantil em fases iniciais - Tua Sa\u00fade\" \/>\n<meta property=\"og:description\" content=\"Desnutri\u00e7\u00e3o infantil pode causar danos irrevers\u00edveis se n\u00e3o for tratada cedo. Entenda os sintomas, tipos e formas de preven\u00e7\u00e3o.\" \/>\n<meta property=\"og:url\" content=\"https:\/\/www.tuasaude.com\/news\/2026\/01\/21\/esses-sinais-podem-indicar-desnutricao-infantil-em-fases-iniciais\/\" \/>\n<meta property=\"og:site_name\" content=\"Tua Sa\u00fade\" \/>\n<meta property=\"article:published_time\" content=\"2026-01-21T15:00:00+00:00\" \/>\n<meta property=\"og:image\" content=\"https:\/\/www.tuasaude.com\/news\/wp-content\/uploads\/2026\/01\/freepik__35mm-film-photography-criana-pequena-sentada-mesa-__22065.jpeg\" \/>\n\t<meta property=\"og:image:width\" content=\"1280\" \/>\n\t<meta property=\"og:image:height\" content=\"731\" \/>\n\t<meta property=\"og:image:type\" content=\"image\/jpeg\" \/>\n<meta name=\"author\" content=\"Roberta Patriota\" \/>\n<meta name=\"twitter:card\" content=\"summary_large_image\" \/>\n<meta name=\"twitter:label1\" content=\"Escrito por\" \/>\n\t<meta name=\"twitter:data1\" content=\"Roberta Patriota\" \/>\n\t<meta name=\"twitter:label2\" content=\"Est. tempo de leitura\" \/>\n\t<meta name=\"twitter:data2\" content=\"5 minutos\" \/>\n<!-- \/ Yoast SEO plugin. -->","yoast_head_json":{"title":"Esses sinais podem indicar desnutri\u00e7\u00e3o infantil em fases iniciais - Tua Sa\u00fade","description":"Desnutri\u00e7\u00e3o infantil pode causar danos irrevers\u00edveis se n\u00e3o for tratada cedo. Entenda os sintomas, tipos e formas de preven\u00e7\u00e3o.","robots":{"index":"index","follow":"follow","max-snippet":"max-snippet:-1","max-image-preview":"max-image-preview:large","max-video-preview":"max-video-preview:-1"},"canonical":"https:\/\/www.tuasaude.com\/news\/2026\/01\/21\/esses-sinais-podem-indicar-desnutricao-infantil-em-fases-iniciais\/","og_locale":"pt_BR","og_type":"article","og_title":"Esses sinais podem indicar desnutri\u00e7\u00e3o infantil em fases iniciais - Tua Sa\u00fade","og_description":"Desnutri\u00e7\u00e3o infantil pode causar danos irrevers\u00edveis se n\u00e3o for tratada cedo. Entenda os sintomas, tipos e formas de preven\u00e7\u00e3o.","og_url":"https:\/\/www.tuasaude.com\/news\/2026\/01\/21\/esses-sinais-podem-indicar-desnutricao-infantil-em-fases-iniciais\/","og_site_name":"Tua Sa\u00fade","article_published_time":"2026-01-21T15:00:00+00:00","og_image":[{"width":1280,"height":731,"url":"https:\/\/www.tuasaude.com\/news\/wp-content\/uploads\/2026\/01\/freepik__35mm-film-photography-criana-pequena-sentada-mesa-__22065.jpeg","type":"image\/jpeg"}],"author":"Roberta Patriota","twitter_card":"summary_large_image","twitter_misc":{"Escrito por":"Roberta Patriota","Est. tempo de leitura":"5 minutos"},"schema":{"@context":"https:\/\/schema.org","@graph":[{"@type":"Article","@id":"https:\/\/www.tuasaude.com\/news\/2026\/01\/21\/esses-sinais-podem-indicar-desnutricao-infantil-em-fases-iniciais\/#article","isPartOf":{"@id":"https:\/\/www.tuasaude.com\/news\/2026\/01\/21\/esses-sinais-podem-indicar-desnutricao-infantil-em-fases-iniciais\/"},"author":{"name":"Roberta Patriota","@id":"https:\/\/www.tuasaude.com\/news\/#\/schema\/person\/27adc41011393316b12ef997ca893e44"},"headline":"Esses sinais podem indicar desnutri\u00e7\u00e3o infantil em fases iniciais","datePublished":"2026-01-21T15:00:00+00:00","mainEntityOfPage":{"@id":"https:\/\/www.tuasaude.com\/news\/2026\/01\/21\/esses-sinais-podem-indicar-desnutricao-infantil-em-fases-iniciais\/"},"wordCount":797,"commentCount":0,"image":{"@id":"https:\/\/www.tuasaude.com\/news\/2026\/01\/21\/esses-sinais-podem-indicar-desnutricao-infantil-em-fases-iniciais\/#primaryimage"},"thumbnailUrl":"https:\/\/www.tuasaude.com\/news\/wp-content\/uploads\/2026\/01\/freepik__35mm-film-photography-criana-pequena-sentada-mesa-__22065.jpeg","keywords":["crian\u00e7as","desnutri\u00e7\u00e3o infantil","nutri\u00e7\u00e3o infantil","sa\u00fade da cran\u00e7a"],"articleSection":["Nutri\u00e7\u00e3o"],"inLanguage":"pt-BR","potentialAction":[{"@type":"CommentAction","name":"Comment","target":["https:\/\/www.tuasaude.com\/news\/2026\/01\/21\/esses-sinais-podem-indicar-desnutricao-infantil-em-fases-iniciais\/#respond"]}]},{"@type":"WebPage","@id":"https:\/\/www.tuasaude.com\/news\/2026\/01\/21\/esses-sinais-podem-indicar-desnutricao-infantil-em-fases-iniciais\/","url":"https:\/\/www.tuasaude.com\/news\/2026\/01\/21\/esses-sinais-podem-indicar-desnutricao-infantil-em-fases-iniciais\/","name":"Esses sinais podem indicar desnutri\u00e7\u00e3o infantil em fases iniciais - Tua Sa\u00fade","isPartOf":{"@id":"https:\/\/www.tuasaude.com\/news\/#website"},"primaryImageOfPage":{"@id":"https:\/\/www.tuasaude.com\/news\/2026\/01\/21\/esses-sinais-podem-indicar-desnutricao-infantil-em-fases-iniciais\/#primaryimage"},"image":{"@id":"https:\/\/www.tuasaude.com\/news\/2026\/01\/21\/esses-sinais-podem-indicar-desnutricao-infantil-em-fases-iniciais\/#primaryimage"},"thumbnailUrl":"https:\/\/www.tuasaude.com\/news\/wp-content\/uploads\/2026\/01\/freepik__35mm-film-photography-criana-pequena-sentada-mesa-__22065.jpeg","datePublished":"2026-01-21T15:00:00+00:00","author":{"@id":"https:\/\/www.tuasaude.com\/news\/#\/schema\/person\/27adc41011393316b12ef997ca893e44"},"description":"Desnutri\u00e7\u00e3o infantil pode causar danos irrevers\u00edveis se n\u00e3o for tratada cedo. Entenda os sintomas, tipos e formas de preven\u00e7\u00e3o.","breadcrumb":{"@id":"https:\/\/www.tuasaude.com\/news\/2026\/01\/21\/esses-sinais-podem-indicar-desnutricao-infantil-em-fases-iniciais\/#breadcrumb"},"inLanguage":"pt-BR","potentialAction":[{"@type":"ReadAction","target":["https:\/\/www.tuasaude.com\/news\/2026\/01\/21\/esses-sinais-podem-indicar-desnutricao-infantil-em-fases-iniciais\/"]}]},{"@type":"ImageObject","inLanguage":"pt-BR","@id":"https:\/\/www.tuasaude.com\/news\/2026\/01\/21\/esses-sinais-podem-indicar-desnutricao-infantil-em-fases-iniciais\/#primaryimage","url":"https:\/\/www.tuasaude.com\/news\/wp-content\/uploads\/2026\/01\/freepik__35mm-film-photography-criana-pequena-sentada-mesa-__22065.jpeg","contentUrl":"https:\/\/www.tuasaude.com\/news\/wp-content\/uploads\/2026\/01\/freepik__35mm-film-photography-criana-pequena-sentada-mesa-__22065.jpeg","width":1280,"height":731,"caption":"Desnutri\u00e7\u00e3o infantil compromete o crescimento e o desenvolvimento neurol\u00f3gico"},{"@type":"BreadcrumbList","@id":"https:\/\/www.tuasaude.com\/news\/2026\/01\/21\/esses-sinais-podem-indicar-desnutricao-infantil-em-fases-iniciais\/#breadcrumb","itemListElement":[{"@type":"ListItem","position":1,"name":"In\u00edcio","item":"https:\/\/www.tuasaude.com\/news\/"},{"@type":"ListItem","position":2,"name":"Esses sinais podem indicar desnutri\u00e7\u00e3o infantil em fases iniciais"}]},{"@type":"WebSite","@id":"https:\/\/www.tuasaude.com\/news\/#website","url":"https:\/\/www.tuasaude.com\/news\/","name":"Tua Sa\u00fade","description":"Seu site de sa\u00fade","potentialAction":[{"@type":"SearchAction","target":{"@type":"EntryPoint","urlTemplate":"https:\/\/www.tuasaude.com\/news\/?s={search_term_string}"},"query-input":{"@type":"PropertyValueSpecification","valueRequired":true,"valueName":"search_term_string"}}],"inLanguage":"pt-BR"},{"@type":"Person","@id":"https:\/\/www.tuasaude.com\/news\/#\/schema\/person\/27adc41011393316b12ef997ca893e44","name":"Roberta Patriota","image":{"@type":"ImageObject","inLanguage":"pt-BR","@id":"https:\/\/www.tuasaude.com\/news\/#\/schema\/person\/image\/","url":"https:\/\/secure.gravatar.com\/avatar\/40fc934d21bfa38a60909bb2e5f2ec503dcd4d849aa772e107feb32efe75c210?s=96&d=mm&r=g","contentUrl":"https:\/\/secure.gravatar.com\/avatar\/40fc934d21bfa38a60909bb2e5f2ec503dcd4d849aa772e107feb32efe75c210?s=96&d=mm&r=g","caption":"Roberta Patriota"},"sameAs":["https:\/\/www.tuasaude.com\/news\/"],"url":"https:\/\/www.tuasaude.com\/news\/author\/roberta-patriota\/"}]}},"_links":{"self":[{"href":"https:\/\/www.tuasaude.com\/news\/wp-json\/wp\/v2\/posts\/1133","targetHints":{"allow":["GET"]}}],"collection":[{"href":"https:\/\/www.tuasaude.com\/news\/wp-json\/wp\/v2\/posts"}],"about":[{"href":"https:\/\/www.tuasaude.com\/news\/wp-json\/wp\/v2\/types\/post"}],"author":[{"embeddable":true,"href":"https:\/\/www.tuasaude.com\/news\/wp-json\/wp\/v2\/users\/9"}],"replies":[{"embeddable":true,"href":"https:\/\/www.tuasaude.com\/news\/wp-json\/wp\/v2\/comments?post=1133"}],"version-history":[{"count":4,"href":"https:\/\/www.tuasaude.com\/news\/wp-json\/wp\/v2\/posts\/1133\/revisions"}],"predecessor-version":[{"id":1402,"href":"https:\/\/www.tuasaude.com\/news\/wp-json\/wp\/v2\/posts\/1133\/revisions\/1402"}],"wp:featuredmedia":[{"embeddable":true,"href":"https:\/\/www.tuasaude.com\/news\/wp-json\/wp\/v2\/media\/1179"}],"wp:attachment":[{"href":"https:\/\/www.tuasaude.com\/news\/wp-json\/wp\/v2\/media?parent=1133"}],"wp:term":[{"taxonomy":"category","embeddable":true,"href":"https:\/\/www.tuasaude.com\/news\/wp-json\/wp\/v2\/categories?post=1133"},{"taxonomy":"post_tag","embeddable":true,"href":"https:\/\/www.tuasaude.com\/news\/wp-json\/wp\/v2\/tags?post=1133"}],"curies":[{"name":"wp","href":"https:\/\/api.w.org\/{rel}","templated":true}]}}