{"id":1124,"date":"2026-01-21T20:30:00","date_gmt":"2026-01-21T23:30:00","guid":{"rendered":"https:\/\/www.tuasaude.com\/news\/?p=1124"},"modified":"2026-01-21T10:43:40","modified_gmt":"2026-01-21T13:43:40","slug":"esses-cuidados-ajudam-a-diminuir-os-cravos-no-nariz-aos-poucos-e-sem-agredir-a-pele","status":"publish","type":"post","link":"https:\/\/www.tuasaude.com\/news\/2026\/01\/21\/esses-cuidados-ajudam-a-diminuir-os-cravos-no-nariz-aos-poucos-e-sem-agredir-a-pele\/","title":{"rendered":"Esses cuidados ajudam a diminuir os cravos no nariz aos poucos e sem agredir a pele"},"content":{"rendered":"\n<p>Os <strong><a href=\"https:\/\/www.tuasaude.com\/cravos-e-espinhas\/\" target=\"_blank\" rel=\"noreferrer noopener\">cravos<\/a><\/strong> no nariz, conhecidos tecnicamente como <strong>comed\u00f5es abertos<\/strong>, surgem devido ao ac\u00famulo de sebo e queratina que oxidam ao entrar em contato com o ar, resultando na colora\u00e7\u00e3o escura. Embora a extra\u00e7\u00e3o manual seja tentadora, ela pode causar cicatrizes e hiperpigmenta\u00e7\u00e3o p\u00f3s-inflamat\u00f3ria, sendo prefer\u00edvel adotar m\u00e9todos que desobstruam os poros de forma gradual e segura, respeitando a fisiologia da<strong> <\/strong>barreira cut\u00e2nea.<\/p>\n\n\n\n<h2 class=\"wp-block-heading\">Como fazer a esfolia\u00e7\u00e3o f\u00edsica corretamente?<\/h2>\n\n\n\n<p>A esfolia\u00e7\u00e3o mec\u00e2nica remove o excesso de c\u00e9lulas mortas (corne\u00f3citos) que bloqueiam a sa\u00edda do sebo. De acordo com a revis\u00e3o<strong> &#8220;<a href=\"https:\/\/www.semanticscholar.org\/paper\/REVIEW-ARTICLE%3A-SKIN-CARE-WITH-EXFOLIATION-PROCESS-Behalpade-Gajbhiye\/f2970b5bdd148ccc7bb0892bab884ba26e28c8bb\" target=\"_blank\" rel=\"noreferrer noopener\">Skin care with exfoliantion process<\/a>&#8220;<\/strong>, a abras\u00e3o controlada facilita a remo\u00e7\u00e3o dos plugs superficiais, mas deve ser executada com cautela para n\u00e3o induzir a inflama\u00e7\u00e3o.<\/p>\n\n\n\n<p>Para garantir a efic\u00e1cia sem danos, movimentos circulares suaves devem ser realizados. O uso de agentes f\u00edsicos em excesso pode desencadear o efeito rebote, onde a pele produz mais sebo para compensar a agress\u00e3o, conforme documentado em pesquisas sobre a homeostase lip\u00eddica da epiderme.<\/p>\n\n\n\n<h2 class=\"wp-block-heading\">Quais m\u00e1scaras caseiras ajudam na remo\u00e7\u00e3o?<\/h2>\n\n\n\n<p>As m\u00e1scaras faciais, especialmente as de argila, atuam atrav\u00e9s da adsor\u00e7\u00e3o de lip\u00eddios e impurezas. O estudo <strong><a href=\"https:\/\/www.mdpi.com\/2079-4983\/9\/4\/58\" target=\"_blank\" rel=\"noreferrer noopener\">&#8220;The Use of Some Clay Minerals as Natural Resources for Drug Carrier Applications&#8221;<\/a><\/strong>  detalha como a argila verde possui alta capacidade de troca cati\u00f4nica, retirando o excesso de oleosidade dos \u00f3stios foliculares.<\/p>\n\n\n\n<p>Para potencializar a limpeza em casa, voc\u00ea pode utilizar componentes com propriedades farmacol\u00f3gicas conhecidas:<\/p>\n\n\n\n<div style=\"overflow-x:auto; margin: 25px 0;\">\n  <table style=\"width: 100%; border-collapse: collapse; font-family: 'Segoe UI', Roboto, Helvetica, Arial, sans-serif; box-shadow: 0 4px 15px rgba(0,0,0,0.1); border-radius: 12px; overflow: hidden; border: 1px solid #e0e0e0;\">\n    <thead>\n      <tr style=\"background-color: #DFFFA6; color: #000000; text-align: left;\">\n        <th style=\"padding: 18px; font-size: 1.1em; width: 30%; border-bottom: 3px solid #3d4d21;\">Componente Ativo<\/th>\n        <th style=\"padding: 18px; font-size: 1.1em; border-bottom: 3px solid #3d4d21;\">Propriedade e A\u00e7\u00e3o Farmacol\u00f3gica<\/th>\n      <\/tr>\n    <\/thead>\n    <tbody>\n      <tr style=\"background-color: #ffffff;\">\n        <td style=\"padding: 15px; border-bottom: 1px solid #f0f0f0; font-weight: bold; color: #556b2f;\">Argila Verde (Bentonita)<\/td>\n        <td style=\"padding: 15px; border-bottom: 1px solid #f0f0f0; color: #333; line-height: 1.5;\">Possui alta capacidade <strong>desintoxicante<\/strong> e afinidade i\u00f4nica com o sebo, removendo impurezas lip\u00eddicas profundas.<\/td>\n      <\/tr>\n      <tr style=\"background-color: #fafafa;\">\n        <td style=\"padding: 15px; border-bottom: 1px solid #f0f0f0; font-weight: bold; color: #556b2f;\">Carv\u00e3o Ativado<\/td>\n        <td style=\"padding: 15px; border-bottom: 1px solid #f0f0f0; color: #333; line-height: 1.5;\">Atua por meio de sua <strong>microporosidade<\/strong>, funcionando como um im\u00e3 para capturar part\u00edculas de polui\u00e7\u00e3o e res\u00edduos gordurosos.<\/td>\n      <\/tr>\n      <tr style=\"background-color: #ffffff;\">\n        <td style=\"padding: 15px; border-bottom: 1px solid #f0f0f0; font-weight: bold; color: #556b2f;\">Mel de Grau M\u00e9dico<\/td>\n        <td style=\"padding: 15px; border-bottom: 1px solid #f0f0f0; color: #333; line-height: 1.5;\">Apresenta potente <strong>atividade antibacteriana<\/strong> atrav\u00e9s da libera\u00e7\u00e3o controlada de per\u00f3xido de hidrog\u00eanio.<\/td>\n      <\/tr>\n      <tr style=\"background-color: #fafafa;\">\n        <td style=\"padding: 15px; font-weight: bold; color: #556b2f;\">Clara de Ovo (Albumina)<\/td>\n        <td style=\"padding: 15px; color: #333; line-height: 1.5;\">Proporciona um <strong>efeito tensor tempor\u00e1rio<\/strong>, auxiliando na coes\u00e3o mec\u00e2nica necess\u00e1ria para a remo\u00e7\u00e3o de detritos superficiais.<\/td>\n      <\/tr>\n    <\/tbody>\n  <\/table>\n<\/div>\n\n\n\n<h2 class=\"wp-block-heading\">Como o vapor ajuda a desobstruir poros?<\/h2>\n\n\n\n<p>O uso do vapor facilita a emoli\u00eancia do sebo endurecido, tornando os comed\u00f5es mais f\u00e1ceis de serem extra\u00eddos ou dissolvidos. De acordo com o artigo <strong>&#8220;<a href=\"https:\/\/pubmed.ncbi.nlm.nih.gov\/26897386\/\" target=\"_blank\" rel=\"noreferrer noopener\">Guidelines of care for the management of acne vulgaris<\/a>&#8220;<\/strong>, o calor \u00famido promove a dilata\u00e7\u00e3o dos poros e melhora a microcircula\u00e7\u00e3o local, otimizando a penetra\u00e7\u00e3o de ativos posteriores.<\/p>\n\n\n\n<p>A t\u00e9cnica consiste em expor o rosto ao vapor por um per\u00edodo curto (5 a 10 minutos). Esse processo reduz a viscosidade do sebo retido, permitindo que m\u00e1scaras e esfoliantes atuem com maior profundidade nas camadas superficiais da pele sem a necessidade de press\u00e3o excessiva.<\/p>\n\n\n\n<h2 class=\"wp-block-heading\">Quais ativos qu\u00edmicos combatem os cravos?<\/h2>\n\n\n\n<p>O tratamento qu\u00edmico \u00e9 superior \u00e0 extra\u00e7\u00e3o mec\u00e2nica para o controle a longo prazo da queratiniza\u00e7\u00e3o folicular. O \u00e1cido salic\u00edlico, um betahidroxi\u00e1cido (BHA), \u00e9 o padr\u00e3o-ouro; conforme o estudo <strong>&#8220;<a href=\"https:\/\/pubmed.ncbi.nlm.nih.gov\/26347269\/\" target=\"_blank\" rel=\"noreferrer noopener\">Salicylic acid as a peeling agent: a comprehensive review<\/a>&#8220;<\/strong>, sua natureza lipof\u00edlica permite que ele penetre no poro e dissolva o plugue de sebo.<\/p>\n\n\n\n<p>A aplica\u00e7\u00e3o desses ativos deve ser estrat\u00e9gica para evitar a irrita\u00e7\u00e3o. Abaixo, listamos os compostos com efic\u00e1cia comprovada por diretrizes dermatol\u00f3gicas:<\/p>\n\n\n\n<ul class=\"wp-block-list\">\n<li><strong>\u00c1cido salic\u00edlico:<\/strong> Promove a querat\u00f3lise, impedindo que as c\u00e9lulas mortas grudem e obstruam os poros.<\/li>\n\n\n\n<li><strong>\u00c1cido glic\u00f3lico (AHA):<\/strong> Melhora a textura da pele e acelera a renova\u00e7\u00e3o celular na superf\u00edcie.<\/li>\n\n\n\n<li><strong>Adapaleno ou Retinoides:<\/strong> Normalizam a diferencia\u00e7\u00e3o epitelial, conforme descrito em protocolos da <strong>ANVISA<\/strong>.<\/li>\n\n\n\n<li><strong>Niacinamida:<\/strong> Reduz a taxa de excre\u00e7\u00e3o seb\u00e1cea e possui efeito anti-inflamat\u00f3rio.<\/li>\n<\/ul>\n\n\n<div class=\"wp-block-image\">\n<figure class=\"aligncenter size-large\"><img decoding=\"async\" width=\"1024\" height=\"585\" src=\"https:\/\/www.tuasaude.com\/news\/wp-content\/uploads\/2026\/01\/freepik__35mm-film-photography-close-no-rosto-de-uma-pessoa__22085-1024x585.jpeg\" alt=\"Esses cuidados ajudam a diminuir os cravos no nariz aos poucos e sem agredir a pele\" class=\"wp-image-1210\" srcset=\"https:\/\/www.tuasaude.com\/news\/wp-content\/uploads\/2026\/01\/freepik__35mm-film-photography-close-no-rosto-de-uma-pessoa__22085-1024x585.jpeg 1024w, https:\/\/www.tuasaude.com\/news\/wp-content\/uploads\/2026\/01\/freepik__35mm-film-photography-close-no-rosto-de-uma-pessoa__22085-300x171.jpeg 300w, https:\/\/www.tuasaude.com\/news\/wp-content\/uploads\/2026\/01\/freepik__35mm-film-photography-close-no-rosto-de-uma-pessoa__22085-768x439.jpeg 768w, https:\/\/www.tuasaude.com\/news\/wp-content\/uploads\/2026\/01\/freepik__35mm-film-photography-close-no-rosto-de-uma-pessoa__22085-750x428.jpeg 750w, https:\/\/www.tuasaude.com\/news\/wp-content\/uploads\/2026\/01\/freepik__35mm-film-photography-close-no-rosto-de-uma-pessoa__22085-1140x651.jpeg 1140w, https:\/\/www.tuasaude.com\/news\/wp-content\/uploads\/2026\/01\/freepik__35mm-film-photography-close-no-rosto-de-uma-pessoa__22085.jpeg 1280w\" sizes=\"(max-width: 1024px) 100vw, 1024px\" \/><figcaption class=\"wp-element-caption\">Esfolia\u00e7\u00e3o e m\u00e1scaras de argila ajudam a desobstruir os poros com seguran\u00e7a<\/figcaption><\/figure>\n<\/div>\n\n\n<h2 class=\"wp-block-heading\">Como evitar a forma\u00e7\u00e3o de novos cravos?<\/h2>\n\n\n\n<p>A preven\u00e7\u00e3o foca na interrup\u00e7\u00e3o do ciclo de forma\u00e7\u00e3o do comed\u00e3o atrav\u00e9s da manuten\u00e7\u00e3o da limpeza e hidrata\u00e7\u00e3o. O estudo <strong><a href=\"https:\/\/pmc.ncbi.nlm.nih.gov\/articles\/PMC5849435\/\" target=\"_blank\" rel=\"noreferrer noopener\">&#8220;The Role of Moisturizers in Addressing Various Kinds of Dermatitis: A Review&#8221;<\/a><\/strong> enfatiza que manter a barreira cut\u00e2nea hidratada impede a hiperqueratose reativa.<\/p>\n\n\n\n<p>Utilizar produtos n\u00e3o comedog\u00eanicos e realizar a limpeza dupla (double cleansing) s\u00e3o estrat\u00e9gias eficazes para remover filtros solares e maquiagens resistentes. Esse cuidado cont\u00ednuo evita que o oxig\u00eanio oxide o sebo acumulado, processo qu\u00edmico que gera a apar\u00eancia preta do cravo.<\/p>\n\n\n\n<p><strong>Este conte\u00fado possui car\u00e1ter meramente informativo e n\u00e3o substitui o diagn\u00f3stico profissional. Caso apresente acne persistente, cravos inflamados ou irrita\u00e7\u00e3o severa, busque orienta\u00e7\u00e3o m\u00e9dica profissional imediatamente para um tratamento personalizado.<\/strong><\/p>\n","protected":false},"excerpt":{"rendered":"<p>Os cravos no nariz, conhecidos tecnicamente como comed\u00f5es abertos, surgem devido ao ac\u00famulo de sebo e queratina que oxidam ao entrar em contato com o ar, resultando na colora\u00e7\u00e3o escura. Embora a extra\u00e7\u00e3o manual seja tentadora, ela pode causar cicatrizes e hiperpigmenta\u00e7\u00e3o p\u00f3s-inflamat\u00f3ria, sendo prefer\u00edvel adotar m\u00e9todos que desobstruam os poros de forma gradual e [&hellip;]<\/p>\n","protected":false},"author":9,"featured_media":1212,"comment_status":"open","ping_status":"open","sticky":false,"template":"","format":"standard","meta":{"_yoast_wpseo_focuskw":"cravos no nariz","_yoast_wpseo_title":"Esses cuidados ajudam a diminuir os cravos no nariz aos poucos","_yoast_wpseo_metadesc":"Apertar cravos no nariz pode causar manchas. Entenda m\u00e9todos mais seguros para limpar os poros e evitar que eles voltem.","jnews-multi-image_gallery":[],"jnews_single_post":{"format":"standard"},"jnews_primary_category":[],"jnews_social_meta":[],"jnews_override_counter":[],"footnotes":""},"categories":[111],"tags":[397,395,394,396],"class_list":["post-1124","post","type-post","status-publish","format-standard","has-post-thumbnail","hentry","category-saude","tag-como-remover-cravos-do-nariz","tag-cravos","tag-cravos-no-nariz","tag-sebo-na-pele"],"yoast_head":"<!-- This site is optimized with the Yoast SEO plugin v26.7 - https:\/\/yoast.com\/wordpress\/plugins\/seo\/ -->\n<title>Esses cuidados ajudam a diminuir os cravos no nariz aos poucos<\/title>\n<meta name=\"description\" content=\"Apertar cravos no nariz pode causar manchas. Entenda m\u00e9todos mais seguros para limpar os poros e evitar que eles voltem.\" \/>\n<meta name=\"robots\" content=\"index, follow, max-snippet:-1, max-image-preview:large, max-video-preview:-1\" \/>\n<link rel=\"canonical\" href=\"https:\/\/www.tuasaude.com\/news\/2026\/01\/21\/esses-cuidados-ajudam-a-diminuir-os-cravos-no-nariz-aos-poucos-e-sem-agredir-a-pele\/\" \/>\n<meta property=\"og:locale\" content=\"pt_BR\" \/>\n<meta property=\"og:type\" content=\"article\" \/>\n<meta property=\"og:title\" content=\"Esses cuidados ajudam a diminuir os cravos no nariz aos poucos\" \/>\n<meta property=\"og:description\" content=\"Apertar cravos no nariz pode causar manchas. Entenda m\u00e9todos mais seguros para limpar os poros e evitar que eles voltem.\" \/>\n<meta property=\"og:url\" content=\"https:\/\/www.tuasaude.com\/news\/2026\/01\/21\/esses-cuidados-ajudam-a-diminuir-os-cravos-no-nariz-aos-poucos-e-sem-agredir-a-pele\/\" \/>\n<meta property=\"og:site_name\" content=\"Tua Sa\u00fade\" \/>\n<meta property=\"article:published_time\" content=\"2026-01-21T23:30:00+00:00\" \/>\n<meta property=\"og:image\" content=\"https:\/\/www.tuasaude.com\/news\/wp-content\/uploads\/2026\/01\/freepik__35mm-film-photography-pessoa-adulta-aplicando-msca__22084.jpeg\" \/>\n\t<meta property=\"og:image:width\" content=\"1280\" \/>\n\t<meta property=\"og:image:height\" content=\"731\" \/>\n\t<meta property=\"og:image:type\" content=\"image\/jpeg\" \/>\n<meta name=\"author\" content=\"Roberta Patriota\" \/>\n<meta name=\"twitter:card\" content=\"summary_large_image\" \/>\n<meta name=\"twitter:label1\" content=\"Escrito por\" \/>\n\t<meta name=\"twitter:data1\" content=\"Roberta Patriota\" \/>\n\t<meta name=\"twitter:label2\" content=\"Est. tempo de leitura\" \/>\n\t<meta name=\"twitter:data2\" content=\"5 minutos\" \/>\n<!-- \/ Yoast SEO plugin. -->","yoast_head_json":{"title":"Esses cuidados ajudam a diminuir os cravos no nariz aos poucos","description":"Apertar cravos no nariz pode causar manchas. Entenda m\u00e9todos mais seguros para limpar os poros e evitar que eles voltem.","robots":{"index":"index","follow":"follow","max-snippet":"max-snippet:-1","max-image-preview":"max-image-preview:large","max-video-preview":"max-video-preview:-1"},"canonical":"https:\/\/www.tuasaude.com\/news\/2026\/01\/21\/esses-cuidados-ajudam-a-diminuir-os-cravos-no-nariz-aos-poucos-e-sem-agredir-a-pele\/","og_locale":"pt_BR","og_type":"article","og_title":"Esses cuidados ajudam a diminuir os cravos no nariz aos poucos","og_description":"Apertar cravos no nariz pode causar manchas. Entenda m\u00e9todos mais seguros para limpar os poros e evitar que eles voltem.","og_url":"https:\/\/www.tuasaude.com\/news\/2026\/01\/21\/esses-cuidados-ajudam-a-diminuir-os-cravos-no-nariz-aos-poucos-e-sem-agredir-a-pele\/","og_site_name":"Tua Sa\u00fade","article_published_time":"2026-01-21T23:30:00+00:00","og_image":[{"width":1280,"height":731,"url":"https:\/\/www.tuasaude.com\/news\/wp-content\/uploads\/2026\/01\/freepik__35mm-film-photography-pessoa-adulta-aplicando-msca__22084.jpeg","type":"image\/jpeg"}],"author":"Roberta Patriota","twitter_card":"summary_large_image","twitter_misc":{"Escrito por":"Roberta Patriota","Est. tempo de leitura":"5 minutos"},"schema":{"@context":"https:\/\/schema.org","@graph":[{"@type":"Article","@id":"https:\/\/www.tuasaude.com\/news\/2026\/01\/21\/esses-cuidados-ajudam-a-diminuir-os-cravos-no-nariz-aos-poucos-e-sem-agredir-a-pele\/#article","isPartOf":{"@id":"https:\/\/www.tuasaude.com\/news\/2026\/01\/21\/esses-cuidados-ajudam-a-diminuir-os-cravos-no-nariz-aos-poucos-e-sem-agredir-a-pele\/"},"author":{"name":"Roberta Patriota","@id":"https:\/\/www.tuasaude.com\/news\/#\/schema\/person\/27adc41011393316b12ef997ca893e44"},"headline":"Esses cuidados ajudam a diminuir os cravos no nariz aos poucos e sem agredir a pele","datePublished":"2026-01-21T23:30:00+00:00","mainEntityOfPage":{"@id":"https:\/\/www.tuasaude.com\/news\/2026\/01\/21\/esses-cuidados-ajudam-a-diminuir-os-cravos-no-nariz-aos-poucos-e-sem-agredir-a-pele\/"},"wordCount":803,"commentCount":0,"image":{"@id":"https:\/\/www.tuasaude.com\/news\/2026\/01\/21\/esses-cuidados-ajudam-a-diminuir-os-cravos-no-nariz-aos-poucos-e-sem-agredir-a-pele\/#primaryimage"},"thumbnailUrl":"https:\/\/www.tuasaude.com\/news\/wp-content\/uploads\/2026\/01\/freepik__35mm-film-photography-pessoa-adulta-aplicando-msca__22084.jpeg","keywords":["como remover cravos do nariz","cravos","cravos no nariz","sebo na pele"],"articleSection":["Sa\u00fade"],"inLanguage":"pt-BR","potentialAction":[{"@type":"CommentAction","name":"Comment","target":["https:\/\/www.tuasaude.com\/news\/2026\/01\/21\/esses-cuidados-ajudam-a-diminuir-os-cravos-no-nariz-aos-poucos-e-sem-agredir-a-pele\/#respond"]}]},{"@type":"WebPage","@id":"https:\/\/www.tuasaude.com\/news\/2026\/01\/21\/esses-cuidados-ajudam-a-diminuir-os-cravos-no-nariz-aos-poucos-e-sem-agredir-a-pele\/","url":"https:\/\/www.tuasaude.com\/news\/2026\/01\/21\/esses-cuidados-ajudam-a-diminuir-os-cravos-no-nariz-aos-poucos-e-sem-agredir-a-pele\/","name":"Esses cuidados ajudam a diminuir os cravos no nariz aos poucos","isPartOf":{"@id":"https:\/\/www.tuasaude.com\/news\/#website"},"primaryImageOfPage":{"@id":"https:\/\/www.tuasaude.com\/news\/2026\/01\/21\/esses-cuidados-ajudam-a-diminuir-os-cravos-no-nariz-aos-poucos-e-sem-agredir-a-pele\/#primaryimage"},"image":{"@id":"https:\/\/www.tuasaude.com\/news\/2026\/01\/21\/esses-cuidados-ajudam-a-diminuir-os-cravos-no-nariz-aos-poucos-e-sem-agredir-a-pele\/#primaryimage"},"thumbnailUrl":"https:\/\/www.tuasaude.com\/news\/wp-content\/uploads\/2026\/01\/freepik__35mm-film-photography-pessoa-adulta-aplicando-msca__22084.jpeg","datePublished":"2026-01-21T23:30:00+00:00","author":{"@id":"https:\/\/www.tuasaude.com\/news\/#\/schema\/person\/27adc41011393316b12ef997ca893e44"},"description":"Apertar cravos no nariz pode causar manchas. Entenda m\u00e9todos mais seguros para limpar os poros e evitar que eles voltem.","breadcrumb":{"@id":"https:\/\/www.tuasaude.com\/news\/2026\/01\/21\/esses-cuidados-ajudam-a-diminuir-os-cravos-no-nariz-aos-poucos-e-sem-agredir-a-pele\/#breadcrumb"},"inLanguage":"pt-BR","potentialAction":[{"@type":"ReadAction","target":["https:\/\/www.tuasaude.com\/news\/2026\/01\/21\/esses-cuidados-ajudam-a-diminuir-os-cravos-no-nariz-aos-poucos-e-sem-agredir-a-pele\/"]}]},{"@type":"ImageObject","inLanguage":"pt-BR","@id":"https:\/\/www.tuasaude.com\/news\/2026\/01\/21\/esses-cuidados-ajudam-a-diminuir-os-cravos-no-nariz-aos-poucos-e-sem-agredir-a-pele\/#primaryimage","url":"https:\/\/www.tuasaude.com\/news\/wp-content\/uploads\/2026\/01\/freepik__35mm-film-photography-pessoa-adulta-aplicando-msca__22084.jpeg","contentUrl":"https:\/\/www.tuasaude.com\/news\/wp-content\/uploads\/2026\/01\/freepik__35mm-film-photography-pessoa-adulta-aplicando-msca__22084.jpeg","width":1280,"height":731,"caption":"Cravos no nariz surgem pela oxida\u00e7\u00e3o do sebo acumulado nos poros"},{"@type":"BreadcrumbList","@id":"https:\/\/www.tuasaude.com\/news\/2026\/01\/21\/esses-cuidados-ajudam-a-diminuir-os-cravos-no-nariz-aos-poucos-e-sem-agredir-a-pele\/#breadcrumb","itemListElement":[{"@type":"ListItem","position":1,"name":"In\u00edcio","item":"https:\/\/www.tuasaude.com\/news\/"},{"@type":"ListItem","position":2,"name":"Esses cuidados ajudam a diminuir os cravos no nariz aos poucos e sem agredir a pele"}]},{"@type":"WebSite","@id":"https:\/\/www.tuasaude.com\/news\/#website","url":"https:\/\/www.tuasaude.com\/news\/","name":"Tua Sa\u00fade","description":"Seu site de sa\u00fade","potentialAction":[{"@type":"SearchAction","target":{"@type":"EntryPoint","urlTemplate":"https:\/\/www.tuasaude.com\/news\/?s={search_term_string}"},"query-input":{"@type":"PropertyValueSpecification","valueRequired":true,"valueName":"search_term_string"}}],"inLanguage":"pt-BR"},{"@type":"Person","@id":"https:\/\/www.tuasaude.com\/news\/#\/schema\/person\/27adc41011393316b12ef997ca893e44","name":"Roberta Patriota","image":{"@type":"ImageObject","inLanguage":"pt-BR","@id":"https:\/\/www.tuasaude.com\/news\/#\/schema\/person\/image\/","url":"https:\/\/secure.gravatar.com\/avatar\/40fc934d21bfa38a60909bb2e5f2ec503dcd4d849aa772e107feb32efe75c210?s=96&d=mm&r=g","contentUrl":"https:\/\/secure.gravatar.com\/avatar\/40fc934d21bfa38a60909bb2e5f2ec503dcd4d849aa772e107feb32efe75c210?s=96&d=mm&r=g","caption":"Roberta Patriota"},"sameAs":["https:\/\/www.tuasaude.com\/news\/"],"url":"https:\/\/www.tuasaude.com\/news\/author\/roberta-patriota\/"}]}},"_links":{"self":[{"href":"https:\/\/www.tuasaude.com\/news\/wp-json\/wp\/v2\/posts\/1124","targetHints":{"allow":["GET"]}}],"collection":[{"href":"https:\/\/www.tuasaude.com\/news\/wp-json\/wp\/v2\/posts"}],"about":[{"href":"https:\/\/www.tuasaude.com\/news\/wp-json\/wp\/v2\/types\/post"}],"author":[{"embeddable":true,"href":"https:\/\/www.tuasaude.com\/news\/wp-json\/wp\/v2\/users\/9"}],"replies":[{"embeddable":true,"href":"https:\/\/www.tuasaude.com\/news\/wp-json\/wp\/v2\/comments?post=1124"}],"version-history":[{"count":6,"href":"https:\/\/www.tuasaude.com\/news\/wp-json\/wp\/v2\/posts\/1124\/revisions"}],"predecessor-version":[{"id":1388,"href":"https:\/\/www.tuasaude.com\/news\/wp-json\/wp\/v2\/posts\/1124\/revisions\/1388"}],"wp:featuredmedia":[{"embeddable":true,"href":"https:\/\/www.tuasaude.com\/news\/wp-json\/wp\/v2\/media\/1212"}],"wp:attachment":[{"href":"https:\/\/www.tuasaude.com\/news\/wp-json\/wp\/v2\/media?parent=1124"}],"wp:term":[{"taxonomy":"category","embeddable":true,"href":"https:\/\/www.tuasaude.com\/news\/wp-json\/wp\/v2\/categories?post=1124"},{"taxonomy":"post_tag","embeddable":true,"href":"https:\/\/www.tuasaude.com\/news\/wp-json\/wp\/v2\/tags?post=1124"}],"curies":[{"name":"wp","href":"https:\/\/api.w.org\/{rel}","templated":true}]}}