{"id":1119,"date":"2026-01-21T17:18:00","date_gmt":"2026-01-21T20:18:00","guid":{"rendered":"https:\/\/www.tuasaude.com\/news\/?p=1119"},"modified":"2026-01-21T11:02:40","modified_gmt":"2026-01-21T14:02:40","slug":"quando-a-perda-de-memoria-deixa-de-ser-normal-e-passa-a-indicar-alzheimer","status":"publish","type":"post","link":"https:\/\/www.tuasaude.com\/news\/2026\/01\/21\/quando-a-perda-de-memoria-deixa-de-ser-normal-e-passa-a-indicar-alzheimer\/","title":{"rendered":"Quando a perda de mem\u00f3ria deixa de ser normal e passa a indicar Alzheimer?"},"content":{"rendered":"\n<p>A doen\u00e7a de <strong><a href=\"https:\/\/www.tuasaude.com\/o-que-e-alzheimer\/\" target=\"_blank\" rel=\"noreferrer noopener\">Alzheimer<\/a><\/strong> \u00e9 uma condi\u00e7\u00e3o neurodegenerativa progressiva que afeta a mem\u00f3ria, o pensamento e o comportamento, sendo a forma mais comum de dem\u00eancia em escala global. Identificar precocemente os seus sinais \u00e9 crucial para garantir uma melhor qualidade de vida ao paciente, permitindo que <strong><a href=\"https:\/\/www.tuasaude.com\/tratamento-para-alzheimer\/\" target=\"_blank\" rel=\"noreferrer noopener\">interven\u00e7\u00f5es<\/a><\/strong> terap\u00eauticas <strong><a href=\"https:\/\/www.tuasaude.com\/6-dicas-prevencao-do-alzheimer\/\" target=\"_blank\" rel=\"noreferrer noopener\">retardem<\/a><\/strong> a perda de fun\u00e7\u00f5es cognitivas conforme validado por diretrizes cl\u00ednicas internacionais.<\/p>\n\n\n\n<h2 class=\"wp-block-heading\">Quais s\u00e3o os sinais de perda de mem\u00f3ria?<\/h2>\n\n\n\n<p>O sintoma prim\u00e1rio \u00e9 o d\u00e9ficit na mem\u00f3ria epis\u00f3dica, caracterizado pelo esquecimento de informa\u00e7\u00f5es rec\u00e9m-adquiridas e repeti\u00e7\u00e3o de perguntas. No estudo <strong>&#8220;<a href=\"https:\/\/pubmed.ncbi.nlm.nih.gov\/33986301\/\">Alzheimer&#8217;s <\/a><a href=\"https:\/\/pubmed.ncbi.nlm.nih.gov\/33986301\/\" target=\"_blank\" rel=\"noreferrer noopener\">disease<\/a>&#8220;<\/strong>, explica-se que isso ocorre devido \u00e0 disfun\u00e7\u00e3o sin\u00e1ptica inicial no hipocampo.<\/p>\n\n\n\n<p>Diferente do esquecimento normal que surge com a idade, o Alzheimer impede que o indiv\u00edduo recupere a informa\u00e7\u00e3o mesmo com pistas externas. O processo \u00e9 impulsionado pelo ac\u00famulo de prote\u00edna tau fosforilada, que interrompe o transporte axonal e leva \u00e0 morte neuronal em \u00e1reas cr\u00edticas para a reten\u00e7\u00e3o de novos dados.<\/p>\n\n\n\n<h2 class=\"wp-block-heading\">Como identificar a desorienta\u00e7\u00e3o no tempo?<\/h2>\n\n\n\n<p>A dificuldade em compreender datas ou a passagem das esta\u00e7\u00f5es reflete a falha nos mecanismos de orienta\u00e7\u00e3o t\u00eamporo-espacial do c\u00e9rebro. De acordo com o consenso publicado na revis\u00e3o  <strong>&#8220;<a href=\"https:\/\/pubmed.ncbi.nlm.nih.gov\/38689398\/\" target=\"_blank\" rel=\"noreferrer noopener\">2024 Alzheimer&#8217;s disease facts and figures<\/a>&#8220;<\/strong>, pacientes perdem a capacidade de situar eventos no contexto cronol\u00f3gico correto.<\/p>\n\n\n\n<p>Essa desorienta\u00e7\u00e3o estende-se ao espa\u00e7o f\u00edsico, onde o indiv\u00edduo pode n\u00e3o reconhecer trajetos familiares. Este fen\u00f4meno est\u00e1 ligado \u00e0 degenera\u00e7\u00e3o do c\u00f3rtex entorrinal, regi\u00e3o que funciona como o &#8220;GPS&#8221; biol\u00f3gico do ser humano, sendo um dos primeiros locais afetados pela patologia.<\/p>\n\n\n<div class=\"wp-block-image\">\n<figure class=\"aligncenter size-large\"><img decoding=\"async\" width=\"1024\" height=\"584\" src=\"https:\/\/www.tuasaude.com\/news\/wp-content\/uploads\/2026\/01\/freepik__the-style-is-candid-image-photography-with-natural__22093-1024x584.jpeg\" alt=\"Quando a perda de mem\u00f3ria deixa de ser normal e passa a indicar Alzheimer?\" class=\"wp-image-1249\"\/><figcaption class=\"wp-element-caption\">Desorienta\u00e7\u00e3o no tempo e dificuldade com lugares conhecidos indicam alerta cognitivo<\/figcaption><\/figure>\n<\/div>\n\n\n<h2 class=\"wp-block-heading\">Quais mudan\u00e7as no comportamento s\u00e3o comuns?<\/h2>\n\n\n\n<p>O Alzheimer provoca altera\u00e7\u00f5es neuropsiqui\u00e1tricas significativas que precedem ou acompanham o decl\u00ednio cognitivo. Segundo o estudo <strong>&#8220;<a href=\"https:\/\/pubmed.ncbi.nlm.nih.gov\/21889116\/\" target=\"_blank\" rel=\"noreferrer noopener\">Neuropsychiatric symptoms in Alzheimer&#8217;s disease<\/a>&#8220;<\/strong>, a apatia e a depress\u00e3o s\u00e3o as manifesta\u00e7\u00f5es mais prevalentes.<\/p>\n\n\n\n<p>Abaixo, listamos os principais sintomas comportamentais que indicam a necessidade de uma investiga\u00e7\u00e3o cl\u00ednica aprofundada:<\/p>\n\n\n\n<div style=\"overflow-x:auto; margin: 25px 0;\">\n  <table style=\"width: 100%; border-collapse: collapse; font-family: 'Segoe UI', Arial, sans-serif; box-shadow: 0 4px 15px rgba(0,0,0,0.1); border-radius: 12px; overflow: hidden; border: 1px solid #e1e8ed;\">\n    <thead>\n      <tr style=\"background-color: #9EE7FF; color: #000000; text-align: left;\">\n        <th style=\"padding: 18px; font-size: 1.1em; width: 30%; border-bottom: 2px solid #144a5f;\">Sintoma Comportamental<\/th>\n        <th style=\"padding: 18px; font-size: 1.1em; border-bottom: 2px solid #144a5f;\">Descri\u00e7\u00e3o e Impacto Cl\u00ednico<\/th>\n      <\/tr>\n    <\/thead>\n    <tbody>\n      <tr style=\"background-color: #ffffff;\">\n        <td style=\"padding: 15px; border-bottom: 1px solid #e1e8ed; font-weight: bold; color: #1a5f7a;\">Apatia Persistente<\/td>\n        <td style=\"padding: 15px; border-bottom: 1px solid #e1e8ed; color: #333; line-height: 1.5;\">Perda significativa de motiva\u00e7\u00e3o e interesse em atividades anteriormente prazerosas (<strong>anedonia<\/strong>).<\/td>\n      <\/tr>\n      <tr style=\"background-color: #f8f9fa;\">\n        <td style=\"padding: 15px; border-bottom: 1px solid #e1e8ed; font-weight: bold; color: #1a5f7a;\">Irritabilidade e Agita\u00e7\u00e3o<\/td>\n        <td style=\"padding: 15px; border-bottom: 1px solid #e1e8ed; color: #333; line-height: 1.5;\">Respostas emocionais que se mostram <strong>desproporcionais<\/strong> frente a est\u00edmulos ambientais m\u00ednimos.<\/td>\n      <\/tr>\n      <tr style=\"background-color: #ffffff;\">\n        <td style=\"padding: 15px; border-bottom: 1px solid #e1e8ed; font-weight: bold; color: #1a5f7a;\">Altera\u00e7\u00f5es no Ciclo do Sono<\/td>\n        <td style=\"padding: 15px; border-bottom: 1px solid #e1e8ed; color: #333; line-height: 1.5;\">Ocorr\u00eancia de <strong>invers\u00e3o do ritmo circadiano<\/strong> ou presen\u00e7a de sonol\u00eancia excessiva durante o per\u00edodo diurno.<\/td>\n      <\/tr>\n      <tr style=\"background-color: #f8f9fa;\">\n        <td style=\"padding: 15px; font-weight: bold; color: #1a5f7a;\">Ansiedade Social<\/td>\n        <td style=\"padding: 15px; color: #333; line-height: 1.5;\">Tend\u00eancia progressiva ao <strong>isolamento<\/strong>, motivada pela percep\u00e7\u00e3o subjetiva de decl\u00ednio nas habilidades mentais.<\/td>\n      <\/tr>\n    <\/tbody>\n  <\/table>\n<\/div>\n\n\n\n<h2 class=\"wp-block-heading\">Como a linguagem e a fala s\u00e3o afetadas?<\/h2>\n\n\n\n<p>O decl\u00ednio lingu\u00edstico no Alzheimer come\u00e7a com a dificuldade em encontrar palavras (anomia) e evolui para frases mais simplificadas e vazias. A atrofia do lobo temporal esquerdo correlaciona-se diretamente com a perda da flu\u00eancia verbal sem\u00e2ntica.<\/p>\n\n\n\n<p>Al\u00e9m da fala, a execu\u00e7\u00e3o de tarefas complexas tamb\u00e9m \u00e9 prejudicada pela perda de julgamento cr\u00edtico. Confira sinais pr\u00e1ticos de decl\u00ednio executivo e de linguagem observados em contextos cl\u00ednicos:<\/p>\n\n\n\n<ul class=\"wp-block-list\">\n<li><strong>Substitui\u00e7\u00e3o de palavras:<\/strong> Uso de termos vagos para descrever objetos espec\u00edficos que o paciente n\u00e3o consegue nomear.<\/li>\n\n\n\n<li><strong>Dificuldade em seguir instru\u00e7\u00f5es:<\/strong> Falha em completar tarefas com m\u00faltiplas etapas, como uma receita culin\u00e1ria.<\/li>\n\n\n\n<li><strong>Incapacidade de gerenciar finan\u00e7as:<\/strong> Erros em c\u00e1lculos simples e perda de discernimento sobre o valor do dinheiro.<\/li>\n\n\n\n<li><strong>Higiene pessoal negligenciada:<\/strong> Esquecimento ou falta de iniciativa para realizar o autocuidado b\u00e1sico di\u00e1rio.<\/li>\n<\/ul>\n\n\n\n<h2 class=\"wp-block-heading\">Quando os sinais exigem avalia\u00e7\u00e3o diagn\u00f3stica?<\/h2>\n\n\n\n<p>A transi\u00e7\u00e3o entre o envelhecimento normal e a dem\u00eancia deve ser avaliada por meio de biomarcadores e testes neuropsicol\u00f3gicos padronizados. O estudo <strong>&#8220;<a href=\"https:\/\/pubmed.ncbi.nlm.nih.gov\/29936146\/\" target=\"_blank\" rel=\"noreferrer noopener\">The National Institute on Aging-Alzheimer&#8217;s Association Framework on Alzheimer&#8217;s disease: Application to clinical trials<\/a>&#8220;<\/strong> define que o diagn\u00f3stico moderno deve considerar evid\u00eancias de placas amiloides e emaranhados neurofibrilares via exames de imagem ou l\u00edquor.<\/p>\n\n\n\n<p>A interven\u00e7\u00e3o precoce \u00e9 recomendada para que o plano de cuidados seja estabelecido enquanto o paciente ainda possui autonomia decis\u00f3ria. O acompanhamento m\u00e9dico constante permite o manejo farmacol\u00f3gico dos sintomas e o suporte necess\u00e1rio para mitigar a sobrecarga dos cuidadores familiares.<\/p>\n\n\n\n<p><strong>Este conte\u00fado possui car\u00e1ter informativo e n\u00e3o substitui a consulta m\u00e9dica. Ao notar altera\u00e7\u00f5es persistentes na mem\u00f3ria ou comportamento, busque orienta\u00e7\u00e3o m\u00e9dica profissional imediatamente para diagn\u00f3stico e tratamento adequado.<\/strong><\/p>\n","protected":false},"excerpt":{"rendered":"<p>A doen\u00e7a de Alzheimer \u00e9 uma condi\u00e7\u00e3o neurodegenerativa progressiva que afeta a mem\u00f3ria, o pensamento e o comportamento, sendo a forma mais comum de dem\u00eancia em escala global. Identificar precocemente os seus sinais \u00e9 crucial para garantir uma melhor qualidade de vida ao paciente, permitindo que interven\u00e7\u00f5es terap\u00eauticas retardem a perda de fun\u00e7\u00f5es cognitivas conforme [&hellip;]<\/p>\n","protected":false},"author":9,"featured_media":1218,"comment_status":"open","ping_status":"open","sticky":false,"template":"","format":"standard","meta":{"_yoast_wpseo_focuskw":"doen\u00e7a de Alzheimer","_yoast_wpseo_title":"","_yoast_wpseo_metadesc":"Reconhecer sinais como esquecimento frequente, altera\u00e7\u00f5es de linguagem e comportamento ajuda a identificar a doen\u00e7a de Alzheimer mais cedo.","jnews-multi-image_gallery":[],"jnews_single_post":{"format":"standard"},"jnews_primary_category":[],"jnews_social_meta":[],"jnews_override_counter":[],"footnotes":""},"categories":[111],"tags":[390,387,389,388],"class_list":["post-1119","post","type-post","status-publish","format-standard","has-post-thumbnail","hentry","category-saude","tag-alzheimer","tag-doenca-de-alzheimer","tag-perda-de-memoria","tag-sintomas-da-doenca-de-alzheimer"],"yoast_head":"<!-- This site is optimized with the Yoast SEO plugin v26.7 - https:\/\/yoast.com\/wordpress\/plugins\/seo\/ -->\n<title>Quando a perda de mem\u00f3ria deixa de ser normal e passa a indicar Alzheimer? - Tua Sa\u00fade<\/title>\n<meta name=\"description\" content=\"Reconhecer sinais como esquecimento frequente, altera\u00e7\u00f5es de linguagem e comportamento ajuda a identificar a doen\u00e7a de Alzheimer mais cedo.\" \/>\n<meta name=\"robots\" content=\"index, follow, max-snippet:-1, max-image-preview:large, max-video-preview:-1\" \/>\n<link rel=\"canonical\" href=\"https:\/\/www.tuasaude.com\/news\/2026\/01\/21\/quando-a-perda-de-memoria-deixa-de-ser-normal-e-passa-a-indicar-alzheimer\/\" \/>\n<meta property=\"og:locale\" content=\"pt_BR\" \/>\n<meta property=\"og:type\" content=\"article\" \/>\n<meta property=\"og:title\" content=\"Quando a perda de mem\u00f3ria deixa de ser normal e passa a indicar Alzheimer? - Tua Sa\u00fade\" \/>\n<meta property=\"og:description\" content=\"Reconhecer sinais como esquecimento frequente, altera\u00e7\u00f5es de linguagem e comportamento ajuda a identificar a doen\u00e7a de Alzheimer mais cedo.\" \/>\n<meta property=\"og:url\" content=\"https:\/\/www.tuasaude.com\/news\/2026\/01\/21\/quando-a-perda-de-memoria-deixa-de-ser-normal-e-passa-a-indicar-alzheimer\/\" \/>\n<meta property=\"og:site_name\" content=\"Tua Sa\u00fade\" \/>\n<meta property=\"article:published_time\" content=\"2026-01-21T20:18:00+00:00\" \/>\n<meta property=\"og:image\" content=\"https:\/\/www.tuasaude.com\/news\/wp-content\/uploads\/2026\/01\/freepik__35mm-film-photography-pessoa-europeia-idosa-sentad__22086.jpeg\" \/>\n\t<meta property=\"og:image:width\" content=\"1280\" \/>\n\t<meta property=\"og:image:height\" content=\"731\" \/>\n\t<meta property=\"og:image:type\" content=\"image\/jpeg\" \/>\n<meta name=\"author\" content=\"Roberta Patriota\" \/>\n<meta name=\"twitter:card\" content=\"summary_large_image\" \/>\n<meta name=\"twitter:label1\" content=\"Escrito por\" \/>\n\t<meta name=\"twitter:data1\" content=\"Roberta Patriota\" \/>\n\t<meta name=\"twitter:label2\" content=\"Est. tempo de leitura\" \/>\n\t<meta name=\"twitter:data2\" content=\"4 minutos\" \/>\n<!-- \/ Yoast SEO plugin. -->","yoast_head_json":{"title":"Quando a perda de mem\u00f3ria deixa de ser normal e passa a indicar Alzheimer? - Tua Sa\u00fade","description":"Reconhecer sinais como esquecimento frequente, altera\u00e7\u00f5es de linguagem e comportamento ajuda a identificar a doen\u00e7a de Alzheimer mais cedo.","robots":{"index":"index","follow":"follow","max-snippet":"max-snippet:-1","max-image-preview":"max-image-preview:large","max-video-preview":"max-video-preview:-1"},"canonical":"https:\/\/www.tuasaude.com\/news\/2026\/01\/21\/quando-a-perda-de-memoria-deixa-de-ser-normal-e-passa-a-indicar-alzheimer\/","og_locale":"pt_BR","og_type":"article","og_title":"Quando a perda de mem\u00f3ria deixa de ser normal e passa a indicar Alzheimer? - Tua Sa\u00fade","og_description":"Reconhecer sinais como esquecimento frequente, altera\u00e7\u00f5es de linguagem e comportamento ajuda a identificar a doen\u00e7a de Alzheimer mais cedo.","og_url":"https:\/\/www.tuasaude.com\/news\/2026\/01\/21\/quando-a-perda-de-memoria-deixa-de-ser-normal-e-passa-a-indicar-alzheimer\/","og_site_name":"Tua Sa\u00fade","article_published_time":"2026-01-21T20:18:00+00:00","og_image":[{"width":1280,"height":731,"url":"https:\/\/www.tuasaude.com\/news\/wp-content\/uploads\/2026\/01\/freepik__35mm-film-photography-pessoa-europeia-idosa-sentad__22086.jpeg","type":"image\/jpeg"}],"author":"Roberta Patriota","twitter_card":"summary_large_image","twitter_misc":{"Escrito por":"Roberta Patriota","Est. tempo de leitura":"4 minutos"},"schema":{"@context":"https:\/\/schema.org","@graph":[{"@type":"Article","@id":"https:\/\/www.tuasaude.com\/news\/2026\/01\/21\/quando-a-perda-de-memoria-deixa-de-ser-normal-e-passa-a-indicar-alzheimer\/#article","isPartOf":{"@id":"https:\/\/www.tuasaude.com\/news\/2026\/01\/21\/quando-a-perda-de-memoria-deixa-de-ser-normal-e-passa-a-indicar-alzheimer\/"},"author":{"name":"Roberta Patriota","@id":"https:\/\/www.tuasaude.com\/news\/#\/schema\/person\/27adc41011393316b12ef997ca893e44"},"headline":"Quando a perda de mem\u00f3ria deixa de ser normal e passa a indicar Alzheimer?","datePublished":"2026-01-21T20:18:00+00:00","mainEntityOfPage":{"@id":"https:\/\/www.tuasaude.com\/news\/2026\/01\/21\/quando-a-perda-de-memoria-deixa-de-ser-normal-e-passa-a-indicar-alzheimer\/"},"wordCount":767,"commentCount":0,"image":{"@id":"https:\/\/www.tuasaude.com\/news\/2026\/01\/21\/quando-a-perda-de-memoria-deixa-de-ser-normal-e-passa-a-indicar-alzheimer\/#primaryimage"},"thumbnailUrl":"https:\/\/www.tuasaude.com\/news\/wp-content\/uploads\/2026\/01\/freepik__35mm-film-photography-pessoa-europeia-idosa-sentad__22086.jpeg","keywords":["Alzheimer","doen\u00e7a de Alzheimer","perda de mem\u00f3ria","sintomas da doen\u00e7a de Alzheimer"],"articleSection":["Sa\u00fade"],"inLanguage":"pt-BR","potentialAction":[{"@type":"CommentAction","name":"Comment","target":["https:\/\/www.tuasaude.com\/news\/2026\/01\/21\/quando-a-perda-de-memoria-deixa-de-ser-normal-e-passa-a-indicar-alzheimer\/#respond"]}]},{"@type":"WebPage","@id":"https:\/\/www.tuasaude.com\/news\/2026\/01\/21\/quando-a-perda-de-memoria-deixa-de-ser-normal-e-passa-a-indicar-alzheimer\/","url":"https:\/\/www.tuasaude.com\/news\/2026\/01\/21\/quando-a-perda-de-memoria-deixa-de-ser-normal-e-passa-a-indicar-alzheimer\/","name":"Quando a perda de mem\u00f3ria deixa de ser normal e passa a indicar Alzheimer? - Tua Sa\u00fade","isPartOf":{"@id":"https:\/\/www.tuasaude.com\/news\/#website"},"primaryImageOfPage":{"@id":"https:\/\/www.tuasaude.com\/news\/2026\/01\/21\/quando-a-perda-de-memoria-deixa-de-ser-normal-e-passa-a-indicar-alzheimer\/#primaryimage"},"image":{"@id":"https:\/\/www.tuasaude.com\/news\/2026\/01\/21\/quando-a-perda-de-memoria-deixa-de-ser-normal-e-passa-a-indicar-alzheimer\/#primaryimage"},"thumbnailUrl":"https:\/\/www.tuasaude.com\/news\/wp-content\/uploads\/2026\/01\/freepik__35mm-film-photography-pessoa-europeia-idosa-sentad__22086.jpeg","datePublished":"2026-01-21T20:18:00+00:00","author":{"@id":"https:\/\/www.tuasaude.com\/news\/#\/schema\/person\/27adc41011393316b12ef997ca893e44"},"description":"Reconhecer sinais como esquecimento frequente, altera\u00e7\u00f5es de linguagem e comportamento ajuda a identificar a doen\u00e7a de Alzheimer mais cedo.","breadcrumb":{"@id":"https:\/\/www.tuasaude.com\/news\/2026\/01\/21\/quando-a-perda-de-memoria-deixa-de-ser-normal-e-passa-a-indicar-alzheimer\/#breadcrumb"},"inLanguage":"pt-BR","potentialAction":[{"@type":"ReadAction","target":["https:\/\/www.tuasaude.com\/news\/2026\/01\/21\/quando-a-perda-de-memoria-deixa-de-ser-normal-e-passa-a-indicar-alzheimer\/"]}]},{"@type":"ImageObject","inLanguage":"pt-BR","@id":"https:\/\/www.tuasaude.com\/news\/2026\/01\/21\/quando-a-perda-de-memoria-deixa-de-ser-normal-e-passa-a-indicar-alzheimer\/#primaryimage","url":"https:\/\/www.tuasaude.com\/news\/wp-content\/uploads\/2026\/01\/freepik__35mm-film-photography-pessoa-europeia-idosa-sentad__22086.jpeg","contentUrl":"https:\/\/www.tuasaude.com\/news\/wp-content\/uploads\/2026\/01\/freepik__35mm-film-photography-pessoa-europeia-idosa-sentad__22086.jpeg","width":1280,"height":731,"caption":"Esquecimentos frequentes e repeti\u00e7\u00e3o de perguntas podem indicar Alzheimer"},{"@type":"BreadcrumbList","@id":"https:\/\/www.tuasaude.com\/news\/2026\/01\/21\/quando-a-perda-de-memoria-deixa-de-ser-normal-e-passa-a-indicar-alzheimer\/#breadcrumb","itemListElement":[{"@type":"ListItem","position":1,"name":"In\u00edcio","item":"https:\/\/www.tuasaude.com\/news\/"},{"@type":"ListItem","position":2,"name":"Quando a perda de mem\u00f3ria deixa de ser normal e passa a indicar Alzheimer?"}]},{"@type":"WebSite","@id":"https:\/\/www.tuasaude.com\/news\/#website","url":"https:\/\/www.tuasaude.com\/news\/","name":"Tua Sa\u00fade","description":"Seu site de sa\u00fade","potentialAction":[{"@type":"SearchAction","target":{"@type":"EntryPoint","urlTemplate":"https:\/\/www.tuasaude.com\/news\/?s={search_term_string}"},"query-input":{"@type":"PropertyValueSpecification","valueRequired":true,"valueName":"search_term_string"}}],"inLanguage":"pt-BR"},{"@type":"Person","@id":"https:\/\/www.tuasaude.com\/news\/#\/schema\/person\/27adc41011393316b12ef997ca893e44","name":"Roberta Patriota","image":{"@type":"ImageObject","inLanguage":"pt-BR","@id":"https:\/\/www.tuasaude.com\/news\/#\/schema\/person\/image\/","url":"https:\/\/secure.gravatar.com\/avatar\/40fc934d21bfa38a60909bb2e5f2ec503dcd4d849aa772e107feb32efe75c210?s=96&d=mm&r=g","contentUrl":"https:\/\/secure.gravatar.com\/avatar\/40fc934d21bfa38a60909bb2e5f2ec503dcd4d849aa772e107feb32efe75c210?s=96&d=mm&r=g","caption":"Roberta Patriota"},"sameAs":["https:\/\/www.tuasaude.com\/news\/"],"url":"https:\/\/www.tuasaude.com\/news\/author\/roberta-patriota\/"}]}},"_links":{"self":[{"href":"https:\/\/www.tuasaude.com\/news\/wp-json\/wp\/v2\/posts\/1119","targetHints":{"allow":["GET"]}}],"collection":[{"href":"https:\/\/www.tuasaude.com\/news\/wp-json\/wp\/v2\/posts"}],"about":[{"href":"https:\/\/www.tuasaude.com\/news\/wp-json\/wp\/v2\/types\/post"}],"author":[{"embeddable":true,"href":"https:\/\/www.tuasaude.com\/news\/wp-json\/wp\/v2\/users\/9"}],"replies":[{"embeddable":true,"href":"https:\/\/www.tuasaude.com\/news\/wp-json\/wp\/v2\/comments?post=1119"}],"version-history":[{"count":7,"href":"https:\/\/www.tuasaude.com\/news\/wp-json\/wp\/v2\/posts\/1119\/revisions"}],"predecessor-version":[{"id":1399,"href":"https:\/\/www.tuasaude.com\/news\/wp-json\/wp\/v2\/posts\/1119\/revisions\/1399"}],"wp:featuredmedia":[{"embeddable":true,"href":"https:\/\/www.tuasaude.com\/news\/wp-json\/wp\/v2\/media\/1218"}],"wp:attachment":[{"href":"https:\/\/www.tuasaude.com\/news\/wp-json\/wp\/v2\/media?parent=1119"}],"wp:term":[{"taxonomy":"category","embeddable":true,"href":"https:\/\/www.tuasaude.com\/news\/wp-json\/wp\/v2\/categories?post=1119"},{"taxonomy":"post_tag","embeddable":true,"href":"https:\/\/www.tuasaude.com\/news\/wp-json\/wp\/v2\/tags?post=1119"}],"curies":[{"name":"wp","href":"https:\/\/api.w.org\/{rel}","templated":true}]}}