{"id":1115,"date":"2026-01-20T20:30:00","date_gmt":"2026-01-20T23:30:00","guid":{"rendered":"https:\/\/www.tuasaude.com\/news\/?p=1115"},"modified":"2026-01-20T12:51:17","modified_gmt":"2026-01-20T15:51:17","slug":"o-coco-do-bebe-ficou-verde-entenda-o-que-isso-realmente-significa","status":"publish","type":"post","link":"https:\/\/www.tuasaude.com\/news\/2026\/01\/20\/o-coco-do-bebe-ficou-verde-entenda-o-que-isso-realmente-significa\/","title":{"rendered":"O coc\u00f4 do beb\u00ea ficou verde? Entenda o que isso realmente significa"},"content":{"rendered":"\n<p>A colora\u00e7\u00e3o das fezes dos lactentes \u00e9 um dos principais term\u00f4metros da sua sa\u00fade digestiva, gerando d\u00favidas frequentes entre pais e cuidadores. O <strong><a href=\"https:\/\/www.tuasaude.com\/o-que-pode-ser-o-coco-verde-do-bebe\/\" target=\"_blank\" rel=\"noreferrer noopener\">coc\u00f4 verde do beb\u00ea<\/a><\/strong>, embora assuste \u00e0 primeira vista, costuma estar relacionado a fatores fisiol\u00f3gicos comuns, como a velocidade do tr\u00e2nsito intestinal ou a dieta, mas tamb\u00e9m pode sinalizar processos infecciosos ou sensibilidades alimentares que exigem uma investiga\u00e7\u00e3o detalhada com base em evid\u00eancias cl\u00ednicas.<\/p>\n\n\n\n<h2 class=\"wp-block-heading\">Por que o mec\u00f4nio e a transi\u00e7\u00e3o alteram a cor?<\/h2>\n\n\n\n<p>Nos primeiros dias de vida, a elimina\u00e7\u00e3o do mec\u00f4nio \u00e9 o primeiro sinal de funcionalidade intestinal, apresentando uma cor verde-escura resultante de res\u00edduos amni\u00f3ticos e bile acumulada. Segundo o estudo <strong>&#8220;<a href=\"https:\/\/pubmed.ncbi.nlm.nih.gov\/32053826\/\" target=\"_blank\" rel=\"noreferrer noopener\">Microbiome of the first stool after birth and infantile colic<\/a>&#8220;<\/strong>, essa transi\u00e7\u00e3o para o verde-claro \u00e9 um marcador biol\u00f3gico da coloniza\u00e7\u00e3o bacteriana inicial.<\/p>\n\n\n\n<p>\u00c0 medida que o leite materno ou f\u00f3rmula \u00e9 introduzido, a cor das fezes reflete a adapta\u00e7\u00e3o enzim\u00e1tica. Esse processo \u00e9 puramente fisiol\u00f3gico e ocorre devido \u00e0 oxida\u00e7\u00e3o parcial dos pigmentos biliares no intestino grosso, antes que a flora intestinal se estabilize para produzir a cor amarela caracter\u00edstica.<\/p>\n\n\n\n<h2 class=\"wp-block-heading\">Como a amamenta\u00e7\u00e3o influencia o coc\u00f4 verde?<\/h2>\n\n\n\n<p>A din\u00e2mica da amamenta\u00e7\u00e3o pode causar fezes esverdeadas se houver um desequil\u00edbrio entre o leite anterior (rico em lactose) e o posterior (rico em gordura). O estudo <strong>&#8220;<a href=\"https:\/\/ojs.brazilianjournals.com.br\/ojs\/index.php\/BRJD\/article\/view\/20750#:~:text=Abstract,e%20incentivar%20o%20aleitamento%20materno.\" target=\"_blank\" rel=\"noreferrer noopener\">The influence of breast milk on the intestinal microbiot of the newborn<\/a>&#8220;<\/strong>, explica que o excesso de lactose pode acelerar a motilidade g\u00e1strica, reduzindo o tempo de contato com a enzima lactase.<\/p>\n\n\n\n<p>Para equilibrar a digest\u00e3o e normalizar a cor das fezes, \u00e9 importante focar na t\u00e9cnica de amamenta\u00e7\u00e3o correta para garantir a ingest\u00e3o de lip\u00eddios:<\/p>\n\n\n\n<ul class=\"wp-block-list\">\n<li><strong>Esvaziamento completo:<\/strong> Permite que o beb\u00ea acesse o leite rico em gordura, que retarda o tr\u00e2nsito intestinal.<\/li>\n\n\n\n<li><strong>Estabiliza\u00e7\u00e3o da bile:<\/strong> O leite gorduroso favorece a convers\u00e3o da biliverdina (verde) em bilirrubina (amarelo).<\/li>\n\n\n\n<li><strong>Preven\u00e7\u00e3o de c\u00f3licas:<\/strong> O equil\u00edbrio de nutrientes reduz a fermenta\u00e7\u00e3o excessiva de a\u00e7\u00facares no c\u00f3lon.<\/li>\n<\/ul>\n\n\n<div class=\"wp-block-image\">\n<figure class=\"aligncenter size-large\"><img decoding=\"async\" width=\"1024\" height=\"585\" src=\"https:\/\/www.tuasaude.com\/news\/wp-content\/uploads\/2026\/01\/freepik__35mm-film-photography-close-em-itens-de-cuidado-in__22072-1024x585.jpeg\" alt=\"O coc\u00f4 do beb\u00ea ficou verde? Entenda o que isso realmente significa\" class=\"wp-image-1227\" srcset=\"https:\/\/www.tuasaude.com\/news\/wp-content\/uploads\/2026\/01\/freepik__35mm-film-photography-close-em-itens-de-cuidado-in__22072-1024x585.jpeg 1024w, https:\/\/www.tuasaude.com\/news\/wp-content\/uploads\/2026\/01\/freepik__35mm-film-photography-close-em-itens-de-cuidado-in__22072-300x171.jpeg 300w, https:\/\/www.tuasaude.com\/news\/wp-content\/uploads\/2026\/01\/freepik__35mm-film-photography-close-em-itens-de-cuidado-in__22072-768x439.jpeg 768w, https:\/\/www.tuasaude.com\/news\/wp-content\/uploads\/2026\/01\/freepik__35mm-film-photography-close-em-itens-de-cuidado-in__22072-750x428.jpeg 750w, https:\/\/www.tuasaude.com\/news\/wp-content\/uploads\/2026\/01\/freepik__35mm-film-photography-close-em-itens-de-cuidado-in__22072-1140x651.jpeg 1140w, https:\/\/www.tuasaude.com\/news\/wp-content\/uploads\/2026\/01\/freepik__35mm-film-photography-close-em-itens-de-cuidado-in__22072.jpeg 1280w\" sizes=\"(max-width: 1024px) 100vw, 1024px\" \/><figcaption class=\"wp-element-caption\">\u00c0 medida que o leite materno ou f\u00f3rmula \u00e9 introduzido, a cor das fezes reflete a adapta\u00e7\u00e3o enzim\u00e1tica<\/figcaption><\/figure>\n<\/div>\n\n\n<h2 class=\"wp-block-heading\">Quais infec\u00e7\u00f5es e sensibilidades causam o tom verde?<\/h2>\n\n\n\n<p>O surgimento de fezes verdes associadas a muco pode indicar uma resposta inflamat\u00f3ria intestinal. No estudo <strong><a href=\"https:\/\/pubmed.ncbi.nlm.nih.gov\/38994513\/#:~:text=Keywords:%20Biliary%20atresia;%20Cholestasis;,Kasai%20Procedure;%20Stool%20color%20card.\" target=\"_blank\" rel=\"noreferrer noopener\">&#8220;Use of stool color card as screening tool for biliary atresia in resource-constraint country&#8221;<\/a><\/strong>, observa-se que em quadros infecciosos a bile passa pelo trato digestivo de forma t\u00e3o r\u00e1pida que n\u00e3o sofre a a\u00e7\u00e3o das bact\u00e9rias redutoras, mantendo sua cor original.<\/p>\n\n\n\n<p>Al\u00e9m das infec\u00e7\u00f5es, a sensibilidade proteica \u00e9 uma causa documentada. Abaixo, listamos os principais indicadores de que a cor verde pode estar associada a patologias, conforme descrito na literatura pedi\u00e1trica:<\/p>\n\n\n\n<div style=\"overflow-x:auto; margin: 25px 0;\">\n  <table style=\"width: 100%; border-collapse: collapse; font-family: 'Segoe UI', Tahoma, Geneva, Verdana, sans-serif; box-shadow: 0 4px 15px rgba(0,0,0,0.1); border-radius: 10px; overflow: hidden; border: 1px solid #e0e0e0;\">\n    <thead>\n      <tr style=\"background-color: #FFB5B5; color: #000000; text-align: left;\">\n        <th style=\"padding: 18px; border-bottom: 3px solid #b71c1c; font-size: 1.1em; width: 30%;\">Indicador Patol\u00f3gico<\/th>\n        <th style=\"padding: 18px; border-bottom: 3px solid #b71c1c; font-size: 1.1em;\">Descri\u00e7\u00e3o T\u00e9cnica e Impacto<\/th>\n      <\/tr>\n    <\/thead>\n    <tbody>\n      <tr style=\"background-color: #ffffff;\">\n        <td style=\"padding: 15px; border-bottom: 1px solid #eeeeee; font-weight: bold; color: #c62828;\">Presen\u00e7a de muco e sangue<\/td>\n        <td style=\"padding: 15px; border-bottom: 1px solid #eeeeee; color: #333; line-height: 1.5;\">Sinais cl\u00ednicos de <strong>inflama\u00e7\u00e3o na mucosa<\/strong>, comuns na Alergia \u00e0 Prote\u00edna do Leite de Vaca (APLV).<\/td>\n      <\/tr>\n      <tr style=\"background-color: #f9f9f9;\">\n        <td style=\"padding: 15px; border-bottom: 1px solid #eeeeee; font-weight: bold; color: #c62828;\">Frequ\u00eancia aumentada<\/td>\n        <td style=\"padding: 15px; border-bottom: 1px solid #eeeeee; color: #333; line-height: 1.5;\">Epis\u00f3dios de diarreia que podem levar \u00e0 <strong>desidrata\u00e7\u00e3o r\u00e1pida<\/strong> em lactentes.<\/td>\n      <\/tr>\n      <tr style=\"background-color: #ffffff;\">\n        <td style=\"padding: 15px; border-bottom: 1px solid #eeeeee; font-weight: bold; color: #c62828;\">Odor f\u00e9tido e \u00e1cido<\/td>\n        <td style=\"padding: 15px; border-bottom: 1px solid #eeeeee; color: #333; line-height: 1.5;\">Indicativo de <strong>m\u00e1 absor\u00e7\u00e3o de gorduras ou carboidratos<\/strong> no l\u00famen intestinal.<\/td>\n      <\/tr>\n      <tr style=\"background-color: #f9f9f9;\">\n        <td style=\"padding: 15px; font-weight: bold; color: #c62828;\">Erup\u00e7\u00f5es cut\u00e2neas<\/td>\n        <td style=\"padding: 15px; color: #333; line-height: 1.5;\"><strong>Rea\u00e7\u00f5es sist\u00eamicas<\/strong> que frequentemente acompanham sensibilidades alimentares graves.<\/td>\n      <\/tr>\n    <\/tbody>\n  <\/table>\n<\/div>\n\n\n\n<h2 class=\"wp-block-heading\">Como o uso de medicamentos altera as fezes?<\/h2>\n\n\n\n<p>O uso de suplementos ou medicamentos altera o ambiente qu\u00edmico intestinal, refletindo diretamente na cor das fezes. O estudo <strong>&#8220;<a href=\"https:\/\/pubmed.ncbi.nlm.nih.gov\/29070552\/\" target=\"_blank\" rel=\"noreferrer noopener\">The effects of iron fortification and supplementation on the gut microbiome and diarrhea in infants and children: a review<\/a>&#8220;<\/strong>, confirma que o ferro n\u00e3o absorvido oxida no intestino, conferindo um tom verde-musgo ou quase preto ao bolo fecal.<\/p>\n\n\n\n<p>Antibi\u00f3ticos tamb\u00e9m provocam mudan\u00e7as dr\u00e1sticas na microbiota. Segundo diretrizes da <strong>ANVISA<\/strong>, a redu\u00e7\u00e3o da flora bacteriana ben\u00e9fica impede a degrada\u00e7\u00e3o normal dos pigmentos biliares, resultando em fezes verdes e, por vezes, mais fluidas at\u00e9 que a flora seja restabelecida.<\/p>\n\n\n\n<h2 class=\"wp-block-heading\">Quando o coc\u00f4 verde indica necessidade de exames?<\/h2>\n\n\n\n<p>Se a altera\u00e7\u00e3o na cor for isolada e o <strong><a href=\"https:\/\/www.tuasaude.com\/o-que-pode-ser-olhos-remelando-no-bebe\/\" target=\"_blank\" rel=\"noreferrer noopener\">beb\u00ea<\/a><\/strong> estiver ganhando peso, as evid\u00eancias cient\u00edficas sugerem apenas observa\u00e7\u00e3o. No entanto, o artigo <strong>&#8220;<a href=\"https:\/\/www.scielo.br\/j\/jped\/a\/m6vKnbBpRBGHGfDZPx7tQ9N\/?format=pdf&amp;lang=pt\" target=\"_blank\" rel=\"noreferrer noopener\">Growth in exclusively breastfed infants<\/a>&#8220;<\/strong>, ressalta que a persist\u00eancia do quadro associada ao baixo ganho ponderal exige a realiza\u00e7\u00e3o de exames de gordura fecal e pH das fezes.<\/p>\n\n\n\n<p>A an\u00e1lise cl\u00ednica foca em verificar a efici\u00eancia digestiva e a presen\u00e7a de agentes patog\u00eanicos. Manter um registro preciso da dieta e das elimina\u00e7\u00f5es auxilia o m\u00e9dico a diferenciar um processo adaptativo normal de uma condi\u00e7\u00e3o que demande interven\u00e7\u00e3o terap\u00eautica.<\/p>\n\n\n\n<p><strong>Este conte\u00fado possui car\u00e1ter meramente informativo e n\u00e3o substitui a consulta m\u00e9dica. Caso note altera\u00e7\u00f5es persistentes no comportamento do beb\u00ea ou sinais de desconforto, busque orienta\u00e7\u00e3o m\u00e9dica profissional imediatamente.<\/strong><\/p>\n","protected":false},"excerpt":{"rendered":"<p>A colora\u00e7\u00e3o das fezes dos lactentes \u00e9 um dos principais term\u00f4metros da sua sa\u00fade digestiva, gerando d\u00favidas frequentes entre pais e cuidadores. O coc\u00f4 verde do beb\u00ea, embora assuste \u00e0 primeira vista, costuma estar relacionado a fatores fisiol\u00f3gicos comuns, como a velocidade do tr\u00e2nsito intestinal ou a dieta, mas tamb\u00e9m pode sinalizar processos infecciosos ou [&hellip;]<\/p>\n","protected":false},"author":9,"featured_media":1223,"comment_status":"open","ping_status":"open","sticky":false,"template":"","format":"standard","meta":{"_yoast_wpseo_focuskw":"coc\u00f4 verde do beb\u00ea","_yoast_wpseo_title":"O coc\u00f4 do beb\u00ea ficou verde? Entenda o que isso significa","_yoast_wpseo_metadesc":"O coc\u00f4 verde do beb\u00ea pode ter causas naturais ou indicar altera\u00e7\u00f5es digestivas. Saiba quando observar e quando buscar orienta\u00e7\u00e3o.","jnews-multi-image_gallery":[],"jnews_single_post":{"format":"standard"},"jnews_primary_category":[],"jnews_social_meta":[],"jnews_override_counter":[],"footnotes":""},"categories":[111],"tags":[380,382,381,383],"class_list":["post-1115","post","type-post","status-publish","format-standard","has-post-thumbnail","hentry","category-saude","tag-coco-verde-do-bebe","tag-cor-do-coco","tag-saude-do-bebe","tag-saude-infantil"],"yoast_head":"<!-- This site is optimized with the Yoast SEO plugin v26.7 - https:\/\/yoast.com\/wordpress\/plugins\/seo\/ -->\n<title>O coc\u00f4 do beb\u00ea ficou verde? Entenda o que isso significa<\/title>\n<meta name=\"description\" content=\"O coc\u00f4 verde do beb\u00ea pode ter causas naturais ou indicar altera\u00e7\u00f5es digestivas. Saiba quando observar e quando buscar orienta\u00e7\u00e3o.\" \/>\n<meta name=\"robots\" content=\"index, follow, max-snippet:-1, max-image-preview:large, max-video-preview:-1\" \/>\n<link rel=\"canonical\" href=\"https:\/\/www.tuasaude.com\/news\/2026\/01\/20\/o-coco-do-bebe-ficou-verde-entenda-o-que-isso-realmente-significa\/\" \/>\n<meta property=\"og:locale\" content=\"pt_BR\" \/>\n<meta property=\"og:type\" content=\"article\" \/>\n<meta property=\"og:title\" content=\"O coc\u00f4 do beb\u00ea ficou verde? Entenda o que isso significa\" \/>\n<meta property=\"og:description\" content=\"O coc\u00f4 verde do beb\u00ea pode ter causas naturais ou indicar altera\u00e7\u00f5es digestivas. Saiba quando observar e quando buscar orienta\u00e7\u00e3o.\" \/>\n<meta property=\"og:url\" content=\"https:\/\/www.tuasaude.com\/news\/2026\/01\/20\/o-coco-do-bebe-ficou-verde-entenda-o-que-isso-realmente-significa\/\" \/>\n<meta property=\"og:site_name\" content=\"Tua Sa\u00fade\" \/>\n<meta property=\"article:published_time\" content=\"2026-01-20T23:30:00+00:00\" \/>\n<meta property=\"og:image\" content=\"https:\/\/www.tuasaude.com\/news\/wp-content\/uploads\/2026\/01\/freepik__35mm-film-photography-beb-pequeno-deitado-em-troca__22073.jpeg\" \/>\n\t<meta property=\"og:image:width\" content=\"1280\" \/>\n\t<meta property=\"og:image:height\" content=\"731\" \/>\n\t<meta property=\"og:image:type\" content=\"image\/jpeg\" \/>\n<meta name=\"author\" content=\"Roberta Patriota\" \/>\n<meta name=\"twitter:card\" content=\"summary_large_image\" \/>\n<meta name=\"twitter:label1\" content=\"Escrito por\" \/>\n\t<meta name=\"twitter:data1\" content=\"Roberta Patriota\" \/>\n\t<meta name=\"twitter:label2\" content=\"Est. tempo de leitura\" \/>\n\t<meta name=\"twitter:data2\" content=\"5 minutos\" \/>\n<!-- \/ Yoast SEO plugin. -->","yoast_head_json":{"title":"O coc\u00f4 do beb\u00ea ficou verde? Entenda o que isso significa","description":"O coc\u00f4 verde do beb\u00ea pode ter causas naturais ou indicar altera\u00e7\u00f5es digestivas. Saiba quando observar e quando buscar orienta\u00e7\u00e3o.","robots":{"index":"index","follow":"follow","max-snippet":"max-snippet:-1","max-image-preview":"max-image-preview:large","max-video-preview":"max-video-preview:-1"},"canonical":"https:\/\/www.tuasaude.com\/news\/2026\/01\/20\/o-coco-do-bebe-ficou-verde-entenda-o-que-isso-realmente-significa\/","og_locale":"pt_BR","og_type":"article","og_title":"O coc\u00f4 do beb\u00ea ficou verde? Entenda o que isso significa","og_description":"O coc\u00f4 verde do beb\u00ea pode ter causas naturais ou indicar altera\u00e7\u00f5es digestivas. Saiba quando observar e quando buscar orienta\u00e7\u00e3o.","og_url":"https:\/\/www.tuasaude.com\/news\/2026\/01\/20\/o-coco-do-bebe-ficou-verde-entenda-o-que-isso-realmente-significa\/","og_site_name":"Tua Sa\u00fade","article_published_time":"2026-01-20T23:30:00+00:00","og_image":[{"width":1280,"height":731,"url":"https:\/\/www.tuasaude.com\/news\/wp-content\/uploads\/2026\/01\/freepik__35mm-film-photography-beb-pequeno-deitado-em-troca__22073.jpeg","type":"image\/jpeg"}],"author":"Roberta Patriota","twitter_card":"summary_large_image","twitter_misc":{"Escrito por":"Roberta Patriota","Est. tempo de leitura":"5 minutos"},"schema":{"@context":"https:\/\/schema.org","@graph":[{"@type":"Article","@id":"https:\/\/www.tuasaude.com\/news\/2026\/01\/20\/o-coco-do-bebe-ficou-verde-entenda-o-que-isso-realmente-significa\/#article","isPartOf":{"@id":"https:\/\/www.tuasaude.com\/news\/2026\/01\/20\/o-coco-do-bebe-ficou-verde-entenda-o-que-isso-realmente-significa\/"},"author":{"name":"Roberta Patriota","@id":"https:\/\/www.tuasaude.com\/news\/#\/schema\/person\/27adc41011393316b12ef997ca893e44"},"headline":"O coc\u00f4 do beb\u00ea ficou verde? Entenda o que isso realmente significa","datePublished":"2026-01-20T23:30:00+00:00","mainEntityOfPage":{"@id":"https:\/\/www.tuasaude.com\/news\/2026\/01\/20\/o-coco-do-bebe-ficou-verde-entenda-o-que-isso-realmente-significa\/"},"wordCount":830,"commentCount":0,"image":{"@id":"https:\/\/www.tuasaude.com\/news\/2026\/01\/20\/o-coco-do-bebe-ficou-verde-entenda-o-que-isso-realmente-significa\/#primaryimage"},"thumbnailUrl":"https:\/\/www.tuasaude.com\/news\/wp-content\/uploads\/2026\/01\/freepik__35mm-film-photography-beb-pequeno-deitado-em-troca__22073.jpeg","keywords":["coc\u00f4 verde do beb\u00ea","cor do coc\u00f4","sa\u00fade do beb\u00ea","sa\u00fade infantil"],"articleSection":["Sa\u00fade"],"inLanguage":"pt-BR","potentialAction":[{"@type":"CommentAction","name":"Comment","target":["https:\/\/www.tuasaude.com\/news\/2026\/01\/20\/o-coco-do-bebe-ficou-verde-entenda-o-que-isso-realmente-significa\/#respond"]}]},{"@type":"WebPage","@id":"https:\/\/www.tuasaude.com\/news\/2026\/01\/20\/o-coco-do-bebe-ficou-verde-entenda-o-que-isso-realmente-significa\/","url":"https:\/\/www.tuasaude.com\/news\/2026\/01\/20\/o-coco-do-bebe-ficou-verde-entenda-o-que-isso-realmente-significa\/","name":"O coc\u00f4 do beb\u00ea ficou verde? Entenda o que isso significa","isPartOf":{"@id":"https:\/\/www.tuasaude.com\/news\/#website"},"primaryImageOfPage":{"@id":"https:\/\/www.tuasaude.com\/news\/2026\/01\/20\/o-coco-do-bebe-ficou-verde-entenda-o-que-isso-realmente-significa\/#primaryimage"},"image":{"@id":"https:\/\/www.tuasaude.com\/news\/2026\/01\/20\/o-coco-do-bebe-ficou-verde-entenda-o-que-isso-realmente-significa\/#primaryimage"},"thumbnailUrl":"https:\/\/www.tuasaude.com\/news\/wp-content\/uploads\/2026\/01\/freepik__35mm-film-photography-beb-pequeno-deitado-em-troca__22073.jpeg","datePublished":"2026-01-20T23:30:00+00:00","author":{"@id":"https:\/\/www.tuasaude.com\/news\/#\/schema\/person\/27adc41011393316b12ef997ca893e44"},"description":"O coc\u00f4 verde do beb\u00ea pode ter causas naturais ou indicar altera\u00e7\u00f5es digestivas. Saiba quando observar e quando buscar orienta\u00e7\u00e3o.","breadcrumb":{"@id":"https:\/\/www.tuasaude.com\/news\/2026\/01\/20\/o-coco-do-bebe-ficou-verde-entenda-o-que-isso-realmente-significa\/#breadcrumb"},"inLanguage":"pt-BR","potentialAction":[{"@type":"ReadAction","target":["https:\/\/www.tuasaude.com\/news\/2026\/01\/20\/o-coco-do-bebe-ficou-verde-entenda-o-que-isso-realmente-significa\/"]}]},{"@type":"ImageObject","inLanguage":"pt-BR","@id":"https:\/\/www.tuasaude.com\/news\/2026\/01\/20\/o-coco-do-bebe-ficou-verde-entenda-o-que-isso-realmente-significa\/#primaryimage","url":"https:\/\/www.tuasaude.com\/news\/wp-content\/uploads\/2026\/01\/freepik__35mm-film-photography-beb-pequeno-deitado-em-troca__22073.jpeg","contentUrl":"https:\/\/www.tuasaude.com\/news\/wp-content\/uploads\/2026\/01\/freepik__35mm-film-photography-beb-pequeno-deitado-em-troca__22073.jpeg","width":1280,"height":731,"caption":"\u00c0 medida que o leite materno ou f\u00f3rmula \u00e9 introduzido, a cor das fezes reflete a adapta\u00e7\u00e3o enzim\u00e1tica"},{"@type":"BreadcrumbList","@id":"https:\/\/www.tuasaude.com\/news\/2026\/01\/20\/o-coco-do-bebe-ficou-verde-entenda-o-que-isso-realmente-significa\/#breadcrumb","itemListElement":[{"@type":"ListItem","position":1,"name":"In\u00edcio","item":"https:\/\/www.tuasaude.com\/news\/"},{"@type":"ListItem","position":2,"name":"O coc\u00f4 do beb\u00ea ficou verde? Entenda o que isso realmente significa"}]},{"@type":"WebSite","@id":"https:\/\/www.tuasaude.com\/news\/#website","url":"https:\/\/www.tuasaude.com\/news\/","name":"Tua Sa\u00fade","description":"Seu site de sa\u00fade","potentialAction":[{"@type":"SearchAction","target":{"@type":"EntryPoint","urlTemplate":"https:\/\/www.tuasaude.com\/news\/?s={search_term_string}"},"query-input":{"@type":"PropertyValueSpecification","valueRequired":true,"valueName":"search_term_string"}}],"inLanguage":"pt-BR"},{"@type":"Person","@id":"https:\/\/www.tuasaude.com\/news\/#\/schema\/person\/27adc41011393316b12ef997ca893e44","name":"Roberta Patriota","image":{"@type":"ImageObject","inLanguage":"pt-BR","@id":"https:\/\/www.tuasaude.com\/news\/#\/schema\/person\/image\/","url":"https:\/\/secure.gravatar.com\/avatar\/40fc934d21bfa38a60909bb2e5f2ec503dcd4d849aa772e107feb32efe75c210?s=96&d=mm&r=g","contentUrl":"https:\/\/secure.gravatar.com\/avatar\/40fc934d21bfa38a60909bb2e5f2ec503dcd4d849aa772e107feb32efe75c210?s=96&d=mm&r=g","caption":"Roberta Patriota"},"sameAs":["https:\/\/www.tuasaude.com\/news\/"],"url":"https:\/\/www.tuasaude.com\/news\/author\/roberta-patriota\/"}]}},"_links":{"self":[{"href":"https:\/\/www.tuasaude.com\/news\/wp-json\/wp\/v2\/posts\/1115","targetHints":{"allow":["GET"]}}],"collection":[{"href":"https:\/\/www.tuasaude.com\/news\/wp-json\/wp\/v2\/posts"}],"about":[{"href":"https:\/\/www.tuasaude.com\/news\/wp-json\/wp\/v2\/types\/post"}],"author":[{"embeddable":true,"href":"https:\/\/www.tuasaude.com\/news\/wp-json\/wp\/v2\/users\/9"}],"replies":[{"embeddable":true,"href":"https:\/\/www.tuasaude.com\/news\/wp-json\/wp\/v2\/comments?post=1115"}],"version-history":[{"count":4,"href":"https:\/\/www.tuasaude.com\/news\/wp-json\/wp\/v2\/posts\/1115\/revisions"}],"predecessor-version":[{"id":1299,"href":"https:\/\/www.tuasaude.com\/news\/wp-json\/wp\/v2\/posts\/1115\/revisions\/1299"}],"wp:featuredmedia":[{"embeddable":true,"href":"https:\/\/www.tuasaude.com\/news\/wp-json\/wp\/v2\/media\/1223"}],"wp:attachment":[{"href":"https:\/\/www.tuasaude.com\/news\/wp-json\/wp\/v2\/media?parent=1115"}],"wp:term":[{"taxonomy":"category","embeddable":true,"href":"https:\/\/www.tuasaude.com\/news\/wp-json\/wp\/v2\/categories?post=1115"},{"taxonomy":"post_tag","embeddable":true,"href":"https:\/\/www.tuasaude.com\/news\/wp-json\/wp\/v2\/tags?post=1115"}],"curies":[{"name":"wp","href":"https:\/\/api.w.org\/{rel}","templated":true}]}}