{"id":1111,"date":"2026-01-20T19:00:00","date_gmt":"2026-01-20T22:00:00","guid":{"rendered":"https:\/\/www.tuasaude.com\/news\/?p=1111"},"modified":"2026-01-21T10:32:21","modified_gmt":"2026-01-21T13:32:21","slug":"esses-sinais-silenciosos-podem-indicar-vermes-intestinais-sem-voce-imaginar","status":"publish","type":"post","link":"https:\/\/www.tuasaude.com\/news\/2026\/01\/20\/esses-sinais-silenciosos-podem-indicar-vermes-intestinais-sem-voce-imaginar\/","title":{"rendered":"Esses sinais silenciosos podem indicar vermes intestinais sem voc\u00ea imaginar"},"content":{"rendered":"\n<p>Os sintomas de <strong><a href=\"https:\/\/www.tuasaude.com\/o-que-fazer-para-prevenir-verminoses\/\" target=\"_blank\" rel=\"noreferrer noopener\">vermes <\/a><\/strong>intestinais surgem de forma silenciosa, sendo facilmente confundidos com um simples mal-estar digestivo ou cansa\u00e7o excessivo. Identificar esses sinais precocemente \u00e9 fundamental para evitar complica\u00e7\u00f5es como anemia severa e defici\u00eancias <strong><a href=\"https:\/\/www.tuasaude.com\/medico-responde\/tomando-remedio-para-verme-posso-comer-doces\/\" target=\"_blank\" rel=\"noreferrer noopener\">nutricionais<\/a><\/strong>, garantindo que o organismo recupere sua vitalidade por meio do tratamento adequado fundamentado em evid\u00eancias cl\u00ednicas.<\/p>\n\n\n\n<h2 class=\"wp-block-heading\">Quais s\u00e3o os principais sinais no sistema digestivo?<\/h2>\n\n\n\n<p>A presen\u00e7a de parasitas no intestino provoca altera\u00e7\u00f5es imediatas no trato gastrointestinal devido \u00e0 irrita\u00e7\u00e3o da mucosa. No estudo <strong><a href=\"https:\/\/pubmed.ncbi.nlm.nih.gov\/16679166\/\" target=\"_blank\" rel=\"noreferrer noopener\">&#8220;Soil-transmitted helminth infections: ascariasis, trichuriasis, and hookworm&#8221;<\/a><\/strong>, demonstra-se que a carga parasit\u00e1ria interfere diretamente na absor\u00e7\u00e3o de macronutrientes, causando dor abdominal e distens\u00e3o.<\/p>\n\n\n\n<p>Al\u00e9m disso, a varia\u00e7\u00e3o no apetite \u00e9 um indicador de parasitose que afeta o metabolismo do hospedeiro. O artigo t\u00e9cnico <strong>&#8220;<a href=\"https:\/\/pubmed.ncbi.nlm.nih.gov\/28882382\/\" target=\"_blank\" rel=\"noreferrer noopener\">Soil-transmitted helminth infections<\/a>&#8220;<\/strong>, descreve como a infesta\u00e7\u00e3o por <em>Ascaris<\/em> pode levar a quadros de n\u00e1useas e v\u00f4mitos persistentes devido \u00e0 resposta inflamat\u00f3ria do l\u00famen intestinal<\/p>\n\n\n\n<h2 class=\"wp-block-heading\">Como identificar sintomas f\u00edsicos al\u00e9m da barriga?<\/h2>\n\n\n\n<p>Vermes intestinais podem causar sintomas sist\u00eamicos graves, como a anemia ferropriva, especialmente em infec\u00e7\u00f5es por ancilostom\u00eddeos. No artigo <strong>&#8220;<a href=\"https:\/\/periodicos.saolucas.edu.br\/resc\/article\/view\/1252\" target=\"_blank\" rel=\"noreferrer noopener\">Anemia ferropriva associada \u00e0 infec\u00e7\u00e3o por ancilostom\u00eddeo<\/a>&#8220;<\/strong>, explica-se que a perda cr\u00f4nica de sangue intestinal gera fadiga extrema e palidez cut\u00e2nea.<\/p>\n\n\n\n<p>Abaixo, listamos indicadores cl\u00ednicos validados pela literatura acad\u00eamica contempor\u00e2nea:<\/p>\n\n\n\n<ul class=\"wp-block-list\">\n<li><strong>Coceira no \u00e2nus \u00e0 noite:<\/strong> Sinal patognom\u00f4nico da enterob\u00edase relacionado \u00e0 migra\u00e7\u00e3o das f\u00eameas.<\/li>\n\n\n\n<li><strong>Perda de peso involunt\u00e1ria:<\/strong> Discutida no estudo de <strong>Righes (2016)<\/strong> como consequ\u00eancia da espolia\u00e7\u00e3o cal\u00f3rica.<\/li>\n\n\n\n<li><strong>Eosinofilia:<\/strong> Aumento de c\u00e9lulas de defesa no sangue, identificado em hemogramas de pacientes parasitados.<\/li>\n\n\n\n<li><strong>Pontinhos brancos nas fezes:<\/strong> Presen\u00e7a de segmentos de <em>Taenia sp.<\/em>, confirmada por diagn\u00f3stico visual e laboratorial.<\/li>\n<\/ul>\n\n\n<div class=\"wp-block-image\">\n<figure class=\"aligncenter size-large\"><img decoding=\"async\" width=\"1024\" height=\"585\" src=\"https:\/\/www.tuasaude.com\/news\/wp-content\/uploads\/2026\/01\/freepik__35mm-film-photography-close-em-mos-de-uma-pessoa-a__22077-1024x585.jpeg\" alt=\"Esses sinais silenciosos podem indicar vermes intestinais sem voc\u00ea imaginar\" class=\"wp-image-1208\" srcset=\"https:\/\/www.tuasaude.com\/news\/wp-content\/uploads\/2026\/01\/freepik__35mm-film-photography-close-em-mos-de-uma-pessoa-a__22077-1024x585.jpeg 1024w, https:\/\/www.tuasaude.com\/news\/wp-content\/uploads\/2026\/01\/freepik__35mm-film-photography-close-em-mos-de-uma-pessoa-a__22077-300x171.jpeg 300w, https:\/\/www.tuasaude.com\/news\/wp-content\/uploads\/2026\/01\/freepik__35mm-film-photography-close-em-mos-de-uma-pessoa-a__22077-768x439.jpeg 768w, https:\/\/www.tuasaude.com\/news\/wp-content\/uploads\/2026\/01\/freepik__35mm-film-photography-close-em-mos-de-uma-pessoa-a__22077-750x428.jpeg 750w, https:\/\/www.tuasaude.com\/news\/wp-content\/uploads\/2026\/01\/freepik__35mm-film-photography-close-em-mos-de-uma-pessoa-a__22077-1140x651.jpeg 1140w, https:\/\/www.tuasaude.com\/news\/wp-content\/uploads\/2026\/01\/freepik__35mm-film-photography-close-em-mos-de-uma-pessoa-a__22077.jpeg 1280w\" sizes=\"(max-width: 1024px) 100vw, 1024px\" \/><figcaption class=\"wp-element-caption\">A presen\u00e7a de parasitas no intestino provoca altera\u00e7\u00f5es imediatas no trato gastrointestinal devido \u00e0 irrita\u00e7\u00e3o da mucosa<\/figcaption><\/figure>\n<\/div>\n\n\n<h2 class=\"wp-block-heading\">Quais sintomas indicam a presen\u00e7a de vermes em crian\u00e7as?<\/h2>\n\n\n\n<p>Na inf\u00e2ncia, as parasitoses impactam o desenvolvimento e o comportamento neurocognitivo. O estudo <strong><a href=\"https:\/\/pubmed.ncbi.nlm.nih.gov\/19040814\/\" target=\"_blank\" rel=\"noreferrer noopener\">&#8220;Is there an association between bruxism and intestinal parasitic infestation in children&#8221;<\/a><\/strong>, investigou a associa\u00e7\u00e3o entre o ranger de dentes e infesta\u00e7\u00f5es, sugerindo que toxinas parasit\u00e1rias podem desencadear esse sintoma.<\/p>\n\n\n\n<p>A observa\u00e7\u00e3o familiar deve ser rigorosa, focando em sinais descritos em manuais de pediatria e sa\u00fade p\u00fablica:<\/p>\n\n\n\n<table style=\"width: 100%; border-collapse: collapse; font-family: 'Segoe UI', Arial, sans-serif; margin: 20px 0; box-shadow: 0 4px 12px rgba(0,0,0,0.1); border-radius: 10px; overflow: hidden;\">\n  <thead>\n    <tr style=\"background-color: #B5D8FF; color: #000000; text-align: left;\">\n      <th style=\"padding: 15px; font-size: 1.1em; border-bottom: 2px solid #004494;\">Sinal de Alerta<\/th>\n      <th style=\"padding: 15px; font-size: 1.1em; border-bottom: 2px solid #004494;\">Descri\u00e7\u00e3o e Correla\u00e7\u00e3o Cl\u00ednica<\/th>\n    <\/tr>\n  <\/thead>\n  <tbody>\n    <tr style=\"background-color: #ffffff;\">\n      <td style=\"padding: 12px 15px; border-bottom: 1px solid #eeeeee; font-weight: bold; color: #d32f2f;\">Pica ou Alotriofagia<\/td>\n      <td style=\"padding: 12px 15px; border-bottom: 1px solid #eeeeee; color: #333;\">Desejo persistente por subst\u00e2ncias n\u00e3o alimentares, frequentemente associado \u00e0 <strong>defici\u00eancia de ferro e zinco<\/strong>.<\/td>\n    <\/tr>\n    <tr style=\"background-color: #f8f9fa;\">\n      <td style=\"padding: 12px 15px; border-bottom: 1px solid #eeeeee; font-weight: bold; color: #d32f2f;\">D\u00e9ficit de Aten\u00e7\u00e3o<\/td>\n      <td style=\"padding: 12px 15px; border-bottom: 1px solid #eeeeee; color: #333;\">Correlacionado \u00e0 letargia causada pela <strong>m\u00e1 nutri\u00e7\u00e3o<\/strong>, conforme estudos de Belo et al. (2012).<\/td>\n    <\/tr>\n    <tr style=\"background-color: #ffffff;\">\n      <td style=\"padding: 12px 15px; border-bottom: 1px solid #eeeeee; font-weight: bold; color: #d32f2f;\">Manchas Hipocr\u00f4micas<\/td>\n      <td style=\"padding: 12px 15px; border-bottom: 1px solid #eeeeee; color: #333;\">Altera\u00e7\u00f5es claras na pele, comumente associadas \u00e0 <strong>car\u00eancia de vitaminas<\/strong> essenciais.<\/td>\n    <\/tr>\n    <tr style=\"background-color: #f8f9fa;\">\n      <td style=\"padding: 12px 15px; border-bottom: 1px solid #eeeeee; font-weight: bold; color: #d32f2f;\">Distens\u00e3o Abdominal<\/td>\n      <td style=\"padding: 12px 15px; border-bottom: 1px solid #eeeeee; color: #333;\">Eleva\u00e7\u00e3o do volume do abd\u00f4men resultante de <strong>processos inflamat\u00f3rios<\/strong> e ac\u00famulo de gases.<\/td>\n    <\/tr>\n  <\/tbody>\n<\/table>\n\n\n\n<h2 class=\"wp-block-heading\">Por que a coceira e a tosse podem ser sinais?<\/h2>\n\n\n\n<p>Alguns parasitas realizam uma migra\u00e7\u00e3o larval pelos pulm\u00f5es, fen\u00f4meno conhecido como Ciclo de Loos. De acordo com o trabalho<strong><a href=\"https:\/\/editoraime.com.br\/revistas\/rems\/article\/view\/712\" target=\"_blank\" rel=\"noreferrer noopener\"> &#8220;S\u00edndrome de Loeffler: Diagn\u00f3stico e ciclo biol\u00f3gico do principal parasita intestinal causador da s\u00edndrome&#8221;<\/a><\/strong> essa migra\u00e7\u00e3o pode causar tosse seca e febre baixa, confundindo-se com quadros gripais.<\/p>\n\n\n\n<p>A coceira perianal intensa ocorre porque a f\u00eamea do <em>Enterobius vermicularis<\/em> deposita seus ovos na regi\u00e3o externa durante o repouso do hospedeiro. Esse mecanismo, detalhado em publica\u00e7\u00f5es da <strong>Funda\u00e7\u00e3o Oswaldo Cruz (Fiocruz)<\/strong>, \u00e9 o principal fator de transmiss\u00e3o em ambientes coletivos devido ao ciclo m\u00e3o-boca.<\/p>\n\n\n\n<h2 class=\"wp-block-heading\">Como prevenir o surgimento de novas infec\u00e7\u00f5es?<\/h2>\n\n\n\n<p>A preven\u00e7\u00e3o depende de medidas de saneamento e higiene pessoal rigorosa para interromper o ciclo feco-oral de transmiss\u00e3o. O <strong>&#8220;<a href=\"https:\/\/bvsms.saude.gov.br\/bvs\/publicacoes\/guia_vigilancia_saude_5ed_rev_atual.pdf\" target=\"_blank\" rel=\"noreferrer noopener\">Guia de Vigil\u00e2ncia em Sa\u00fade<\/a>&#8220;<\/strong> enfatiza que o consumo de \u00e1gua tratada e a higieniza\u00e7\u00e3o de alimentos crus s\u00e3o as formas mais eficazes de controle.<\/p>\n\n\n\n<p>O uso de cal\u00e7ados e o cuidado com as unhas tamb\u00e9m s\u00e3o pilares fundamentais para evitar a penetra\u00e7\u00e3o de larvas pela pele. A <strong><a href=\"https:\/\/www.who.int\/news-room\/fact-sheets\/detail\/soil-transmitted-helminth-infection\" target=\"_blank\" rel=\"noreferrer noopener\">Organiza\u00e7\u00e3o Mundial da Sa\u00fade (OMS)<\/a><\/strong> refor\u00e7a que a educa\u00e7\u00e3o em sa\u00fade e o tratamento preventivo s\u00e3o essenciais para reduzir a preval\u00eancia global dessas doen\u00e7as em popula\u00e7\u00f5es vulner\u00e1veis.<\/p>\n\n\n\n<p><strong>Este conte\u00fado possui car\u00e1ter meramente informativo. Caso apresente um ou mais dos sintomas mencionados, busque orienta\u00e7\u00e3o m\u00e9dica profissional para diagn\u00f3stico e tratamento adequado.<\/strong><\/p>\n","protected":false},"excerpt":{"rendered":"<p>Os sintomas de vermes intestinais surgem de forma silenciosa, sendo facilmente confundidos com um simples mal-estar digestivo ou cansa\u00e7o excessivo. Identificar esses sinais precocemente \u00e9 fundamental para evitar complica\u00e7\u00f5es como anemia severa e defici\u00eancias nutricionais, garantindo que o organismo recupere sua vitalidade por meio do tratamento adequado fundamentado em evid\u00eancias cl\u00ednicas. Quais s\u00e3o os principais [&hellip;]<\/p>\n","protected":false},"author":9,"featured_media":1216,"comment_status":"open","ping_status":"open","sticky":false,"template":"","format":"standard","meta":{"_yoast_wpseo_focuskw":"Vermes intestinais","_yoast_wpseo_title":"","_yoast_wpseo_metadesc":"Vermes intestinais provocam sintomas discretos que se confundem com cansa\u00e7o. Reconhecer esses sinais cedo evita anemia e car\u00eancias.","jnews-multi-image_gallery":[],"jnews_single_post":{"format":"standard"},"jnews_primary_category":[],"jnews_social_meta":[],"jnews_override_counter":[],"footnotes":""},"categories":[111],"tags":[373,375,374,372],"class_list":["post-1111","post","type-post","status-publish","format-standard","has-post-thumbnail","hentry","category-saude","tag-sinais-de-vermes-no-corpo","tag-sintomas-de-vermes","tag-vermes","tag-vermes-intestinais"],"yoast_head":"<!-- This site is optimized with the Yoast SEO plugin v26.7 - https:\/\/yoast.com\/wordpress\/plugins\/seo\/ -->\n<title>Esses sinais silenciosos podem indicar vermes intestinais sem voc\u00ea imaginar - Tua Sa\u00fade<\/title>\n<meta name=\"description\" content=\"Vermes intestinais provocam sintomas discretos que se confundem com cansa\u00e7o. Reconhecer esses sinais cedo evita anemia e car\u00eancias.\" \/>\n<meta name=\"robots\" content=\"index, follow, max-snippet:-1, max-image-preview:large, max-video-preview:-1\" \/>\n<link rel=\"canonical\" href=\"https:\/\/www.tuasaude.com\/news\/2026\/01\/20\/esses-sinais-silenciosos-podem-indicar-vermes-intestinais-sem-voce-imaginar\/\" \/>\n<meta property=\"og:locale\" content=\"pt_BR\" \/>\n<meta property=\"og:type\" content=\"article\" \/>\n<meta property=\"og:title\" content=\"Esses sinais silenciosos podem indicar vermes intestinais sem voc\u00ea imaginar - Tua Sa\u00fade\" \/>\n<meta property=\"og:description\" content=\"Vermes intestinais provocam sintomas discretos que se confundem com cansa\u00e7o. Reconhecer esses sinais cedo evita anemia e car\u00eancias.\" \/>\n<meta property=\"og:url\" content=\"https:\/\/www.tuasaude.com\/news\/2026\/01\/20\/esses-sinais-silenciosos-podem-indicar-vermes-intestinais-sem-voce-imaginar\/\" \/>\n<meta property=\"og:site_name\" content=\"Tua Sa\u00fade\" \/>\n<meta property=\"article:published_time\" content=\"2026-01-20T22:00:00+00:00\" \/>\n<meta property=\"article:modified_time\" content=\"2026-01-21T13:32:21+00:00\" \/>\n<meta property=\"og:image\" content=\"https:\/\/www.tuasaude.com\/news\/wp-content\/uploads\/2026\/01\/freepik__35mm-film-photography-pessoa-adulta-sentada-em-sof__22076.jpeg\" \/>\n\t<meta property=\"og:image:width\" content=\"1280\" \/>\n\t<meta property=\"og:image:height\" content=\"731\" \/>\n\t<meta property=\"og:image:type\" content=\"image\/jpeg\" \/>\n<meta name=\"author\" content=\"Roberta Patriota\" \/>\n<meta name=\"twitter:card\" content=\"summary_large_image\" \/>\n<meta name=\"twitter:label1\" content=\"Escrito por\" \/>\n\t<meta name=\"twitter:data1\" content=\"Roberta Patriota\" \/>\n\t<meta name=\"twitter:label2\" content=\"Est. tempo de leitura\" \/>\n\t<meta name=\"twitter:data2\" content=\"4 minutos\" \/>\n<!-- \/ Yoast SEO plugin. -->","yoast_head_json":{"title":"Esses sinais silenciosos podem indicar vermes intestinais sem voc\u00ea imaginar - Tua Sa\u00fade","description":"Vermes intestinais provocam sintomas discretos que se confundem com cansa\u00e7o. Reconhecer esses sinais cedo evita anemia e car\u00eancias.","robots":{"index":"index","follow":"follow","max-snippet":"max-snippet:-1","max-image-preview":"max-image-preview:large","max-video-preview":"max-video-preview:-1"},"canonical":"https:\/\/www.tuasaude.com\/news\/2026\/01\/20\/esses-sinais-silenciosos-podem-indicar-vermes-intestinais-sem-voce-imaginar\/","og_locale":"pt_BR","og_type":"article","og_title":"Esses sinais silenciosos podem indicar vermes intestinais sem voc\u00ea imaginar - Tua Sa\u00fade","og_description":"Vermes intestinais provocam sintomas discretos que se confundem com cansa\u00e7o. Reconhecer esses sinais cedo evita anemia e car\u00eancias.","og_url":"https:\/\/www.tuasaude.com\/news\/2026\/01\/20\/esses-sinais-silenciosos-podem-indicar-vermes-intestinais-sem-voce-imaginar\/","og_site_name":"Tua Sa\u00fade","article_published_time":"2026-01-20T22:00:00+00:00","article_modified_time":"2026-01-21T13:32:21+00:00","og_image":[{"width":1280,"height":731,"url":"https:\/\/www.tuasaude.com\/news\/wp-content\/uploads\/2026\/01\/freepik__35mm-film-photography-pessoa-adulta-sentada-em-sof__22076.jpeg","type":"image\/jpeg"}],"author":"Roberta Patriota","twitter_card":"summary_large_image","twitter_misc":{"Escrito por":"Roberta Patriota","Est. tempo de leitura":"4 minutos"},"schema":{"@context":"https:\/\/schema.org","@graph":[{"@type":"Article","@id":"https:\/\/www.tuasaude.com\/news\/2026\/01\/20\/esses-sinais-silenciosos-podem-indicar-vermes-intestinais-sem-voce-imaginar\/#article","isPartOf":{"@id":"https:\/\/www.tuasaude.com\/news\/2026\/01\/20\/esses-sinais-silenciosos-podem-indicar-vermes-intestinais-sem-voce-imaginar\/"},"author":{"name":"Roberta Patriota","@id":"https:\/\/www.tuasaude.com\/news\/#\/schema\/person\/27adc41011393316b12ef997ca893e44"},"headline":"Esses sinais silenciosos podem indicar vermes intestinais sem voc\u00ea imaginar","datePublished":"2026-01-20T22:00:00+00:00","dateModified":"2026-01-21T13:32:21+00:00","mainEntityOfPage":{"@id":"https:\/\/www.tuasaude.com\/news\/2026\/01\/20\/esses-sinais-silenciosos-podem-indicar-vermes-intestinais-sem-voce-imaginar\/"},"wordCount":748,"commentCount":0,"image":{"@id":"https:\/\/www.tuasaude.com\/news\/2026\/01\/20\/esses-sinais-silenciosos-podem-indicar-vermes-intestinais-sem-voce-imaginar\/#primaryimage"},"thumbnailUrl":"https:\/\/www.tuasaude.com\/news\/wp-content\/uploads\/2026\/01\/freepik__35mm-film-photography-pessoa-adulta-sentada-em-sof__22076.jpeg","keywords":["sinais de vermes no corpo","sintomas de vermes","Vermes","Vermes intestinais"],"articleSection":["Sa\u00fade"],"inLanguage":"pt-BR","potentialAction":[{"@type":"CommentAction","name":"Comment","target":["https:\/\/www.tuasaude.com\/news\/2026\/01\/20\/esses-sinais-silenciosos-podem-indicar-vermes-intestinais-sem-voce-imaginar\/#respond"]}]},{"@type":"WebPage","@id":"https:\/\/www.tuasaude.com\/news\/2026\/01\/20\/esses-sinais-silenciosos-podem-indicar-vermes-intestinais-sem-voce-imaginar\/","url":"https:\/\/www.tuasaude.com\/news\/2026\/01\/20\/esses-sinais-silenciosos-podem-indicar-vermes-intestinais-sem-voce-imaginar\/","name":"Esses sinais silenciosos podem indicar vermes intestinais sem voc\u00ea imaginar - Tua Sa\u00fade","isPartOf":{"@id":"https:\/\/www.tuasaude.com\/news\/#website"},"primaryImageOfPage":{"@id":"https:\/\/www.tuasaude.com\/news\/2026\/01\/20\/esses-sinais-silenciosos-podem-indicar-vermes-intestinais-sem-voce-imaginar\/#primaryimage"},"image":{"@id":"https:\/\/www.tuasaude.com\/news\/2026\/01\/20\/esses-sinais-silenciosos-podem-indicar-vermes-intestinais-sem-voce-imaginar\/#primaryimage"},"thumbnailUrl":"https:\/\/www.tuasaude.com\/news\/wp-content\/uploads\/2026\/01\/freepik__35mm-film-photography-pessoa-adulta-sentada-em-sof__22076.jpeg","datePublished":"2026-01-20T22:00:00+00:00","dateModified":"2026-01-21T13:32:21+00:00","author":{"@id":"https:\/\/www.tuasaude.com\/news\/#\/schema\/person\/27adc41011393316b12ef997ca893e44"},"description":"Vermes intestinais provocam sintomas discretos que se confundem com cansa\u00e7o. Reconhecer esses sinais cedo evita anemia e car\u00eancias.","breadcrumb":{"@id":"https:\/\/www.tuasaude.com\/news\/2026\/01\/20\/esses-sinais-silenciosos-podem-indicar-vermes-intestinais-sem-voce-imaginar\/#breadcrumb"},"inLanguage":"pt-BR","potentialAction":[{"@type":"ReadAction","target":["https:\/\/www.tuasaude.com\/news\/2026\/01\/20\/esses-sinais-silenciosos-podem-indicar-vermes-intestinais-sem-voce-imaginar\/"]}]},{"@type":"ImageObject","inLanguage":"pt-BR","@id":"https:\/\/www.tuasaude.com\/news\/2026\/01\/20\/esses-sinais-silenciosos-podem-indicar-vermes-intestinais-sem-voce-imaginar\/#primaryimage","url":"https:\/\/www.tuasaude.com\/news\/wp-content\/uploads\/2026\/01\/freepik__35mm-film-photography-pessoa-adulta-sentada-em-sof__22076.jpeg","contentUrl":"https:\/\/www.tuasaude.com\/news\/wp-content\/uploads\/2026\/01\/freepik__35mm-film-photography-pessoa-adulta-sentada-em-sof__22076.jpeg","width":1280,"height":731,"caption":"A presen\u00e7a de parasitas no intestino provoca altera\u00e7\u00f5es imediatas no trato gastrointestinal devido \u00e0 irrita\u00e7\u00e3o da mucosa"},{"@type":"BreadcrumbList","@id":"https:\/\/www.tuasaude.com\/news\/2026\/01\/20\/esses-sinais-silenciosos-podem-indicar-vermes-intestinais-sem-voce-imaginar\/#breadcrumb","itemListElement":[{"@type":"ListItem","position":1,"name":"In\u00edcio","item":"https:\/\/www.tuasaude.com\/news\/"},{"@type":"ListItem","position":2,"name":"Esses sinais silenciosos podem indicar vermes intestinais sem voc\u00ea imaginar"}]},{"@type":"WebSite","@id":"https:\/\/www.tuasaude.com\/news\/#website","url":"https:\/\/www.tuasaude.com\/news\/","name":"Tua Sa\u00fade","description":"Seu site de sa\u00fade","potentialAction":[{"@type":"SearchAction","target":{"@type":"EntryPoint","urlTemplate":"https:\/\/www.tuasaude.com\/news\/?s={search_term_string}"},"query-input":{"@type":"PropertyValueSpecification","valueRequired":true,"valueName":"search_term_string"}}],"inLanguage":"pt-BR"},{"@type":"Person","@id":"https:\/\/www.tuasaude.com\/news\/#\/schema\/person\/27adc41011393316b12ef997ca893e44","name":"Roberta Patriota","image":{"@type":"ImageObject","inLanguage":"pt-BR","@id":"https:\/\/www.tuasaude.com\/news\/#\/schema\/person\/image\/","url":"https:\/\/secure.gravatar.com\/avatar\/40fc934d21bfa38a60909bb2e5f2ec503dcd4d849aa772e107feb32efe75c210?s=96&d=mm&r=g","contentUrl":"https:\/\/secure.gravatar.com\/avatar\/40fc934d21bfa38a60909bb2e5f2ec503dcd4d849aa772e107feb32efe75c210?s=96&d=mm&r=g","caption":"Roberta Patriota"},"sameAs":["https:\/\/www.tuasaude.com\/news\/"],"url":"https:\/\/www.tuasaude.com\/news\/author\/roberta-patriota\/"}]}},"_links":{"self":[{"href":"https:\/\/www.tuasaude.com\/news\/wp-json\/wp\/v2\/posts\/1111","targetHints":{"allow":["GET"]}}],"collection":[{"href":"https:\/\/www.tuasaude.com\/news\/wp-json\/wp\/v2\/posts"}],"about":[{"href":"https:\/\/www.tuasaude.com\/news\/wp-json\/wp\/v2\/types\/post"}],"author":[{"embeddable":true,"href":"https:\/\/www.tuasaude.com\/news\/wp-json\/wp\/v2\/users\/9"}],"replies":[{"embeddable":true,"href":"https:\/\/www.tuasaude.com\/news\/wp-json\/wp\/v2\/comments?post=1111"}],"version-history":[{"count":4,"href":"https:\/\/www.tuasaude.com\/news\/wp-json\/wp\/v2\/posts\/1111\/revisions"}],"predecessor-version":[{"id":1294,"href":"https:\/\/www.tuasaude.com\/news\/wp-json\/wp\/v2\/posts\/1111\/revisions\/1294"}],"wp:featuredmedia":[{"embeddable":true,"href":"https:\/\/www.tuasaude.com\/news\/wp-json\/wp\/v2\/media\/1216"}],"wp:attachment":[{"href":"https:\/\/www.tuasaude.com\/news\/wp-json\/wp\/v2\/media?parent=1111"}],"wp:term":[{"taxonomy":"category","embeddable":true,"href":"https:\/\/www.tuasaude.com\/news\/wp-json\/wp\/v2\/categories?post=1111"},{"taxonomy":"post_tag","embeddable":true,"href":"https:\/\/www.tuasaude.com\/news\/wp-json\/wp\/v2\/tags?post=1111"}],"curies":[{"name":"wp","href":"https:\/\/api.w.org\/{rel}","templated":true}]}}