{"id":109616,"date":"2026-09-06T18:50:00","date_gmt":"2026-09-06T21:50:00","guid":{"rendered":"https:\/\/www.tuasaude.com\/news\/?p=109616"},"modified":"2026-09-06T15:42:50","modified_gmt":"2026-09-06T18:42:50","slug":"por-que-sentimos-mais-frio-conforme-envelhecemos","status":"publish","type":"post","link":"https:\/\/www.tuasaude.com\/news\/2026\/09\/06\/por-que-sentimos-mais-frio-conforme-envelhecemos\/","title":{"rendered":"Por que sentimos mais frio conforme envelhecemos?"},"content":{"rendered":"\n<p class=\"wp-block-paragraph\">A sensa\u00e7\u00e3o de sentir mais frio com o passar dos anos n\u00e3o \u00e9 frescura nem impress\u00e3o: \u00e9 uma resposta natural do corpo a mudan\u00e7as fisiol\u00f3gicas do envelhecimento. Com a idade, ocorre perda progressiva de massa muscular, a circula\u00e7\u00e3o perif\u00e9rica se torna menos eficiente e o metabolismo desacelera, reduzindo a produ\u00e7\u00e3o de calor. Esse conjunto de fatores deixa o organismo mais vulner\u00e1vel a baixas temperaturas e explica por que muitos idosos usam agasalhos mesmo em dias considerados amenos por adultos mais jovens.<\/p>\n\n\n\n<h2 class=\"wp-block-heading\">O que acontece com o corpo ao envelhecer?<\/h2>\n\n\n\n<p class=\"wp-block-paragraph\">Ao longo dos anos, o organismo passa por transforma\u00e7\u00f5es que afetam diretamente a capacidade de gerar e conservar calor. A taxa metab\u00f3lica basal diminui, os m\u00fasculos perdem volume e a camada de gordura sob a pele fica mais fina, funcionando como um isolante t\u00e9rmico menos eficaz.<\/p>\n\n\n\n<p class=\"wp-block-paragraph\">Al\u00e9m disso, os vasos sangu\u00edneos ficam menos el\u00e1sticos e a resposta de vasoconstri\u00e7\u00e3o ao frio se torna mais lenta. Somadas, essas altera\u00e7\u00f5es reduzem a produ\u00e7\u00e3o interna de calor e explicam a maior sensibilidade t\u00e9rmica na terceira idade, especialmente nas extremidades como m\u00e3os e p\u00e9s.<\/p>\n\n\n\n<h2 class=\"wp-block-heading\">Como a perda de massa muscular influencia a sensa\u00e7\u00e3o de frio?<\/h2>\n\n\n\n<p class=\"wp-block-paragraph\">O tecido muscular \u00e9 uma das principais fontes de calor do corpo, tanto em repouso quanto durante o movimento. Quando ocorre a sarcopenia, que \u00e9 a perda natural de massa e for\u00e7a muscular com o envelhecimento, a produ\u00e7\u00e3o de energia t\u00e9rmica cai de forma significativa.<\/p>\n\n\n\n<p class=\"wp-block-paragraph\">Manter uma rotina de exerc\u00edcios de for\u00e7a e uma alimenta\u00e7\u00e3o com boa oferta de prote\u00ednas ajuda a preservar essa massa e, com ela, a capacidade de gerar calor. Esse cuidado tamb\u00e9m protege a mobilidade, o equil\u00edbrio e a autonomia ao longo dos anos.<\/p>\n\n\n<div class=\"wp-block-image\">\n<figure class=\"aligncenter size-large\"><img decoding=\"async\" width=\"1024\" height=\"571\" src=\"https:\/\/www.tuasaude.com\/news\/wp-content\/uploads\/2026\/09\/Geriatric_health_infographic_on_\u2026_202609061541-1024x571.jpg\" alt=\"M\u00fasculos, circula\u00e7\u00e3o, metabolismo e isolamento t\u00e9rmico mudam e aumentam a sensa\u00e7\u00e3o de frio.\" class=\"wp-image-109619\" srcset=\"https:\/\/www.tuasaude.com\/news\/wp-content\/uploads\/2026\/09\/Geriatric_health_infographic_on_\u2026_202609061541-1024x571.jpg 1024w, https:\/\/www.tuasaude.com\/news\/wp-content\/uploads\/2026\/09\/Geriatric_health_infographic_on_\u2026_202609061541-300x167.jpg 300w, https:\/\/www.tuasaude.com\/news\/wp-content\/uploads\/2026\/09\/Geriatric_health_infographic_on_\u2026_202609061541-768x428.jpg 768w, https:\/\/www.tuasaude.com\/news\/wp-content\/uploads\/2026\/09\/Geriatric_health_infographic_on_\u2026_202609061541-750x418.jpg 750w, https:\/\/www.tuasaude.com\/news\/wp-content\/uploads\/2026\/09\/Geriatric_health_infographic_on_\u2026_202609061541-1140x636.jpg 1140w, https:\/\/www.tuasaude.com\/news\/wp-content\/uploads\/2026\/09\/Geriatric_health_infographic_on_\u2026_202609061541.jpg 1280w\" sizes=\"(max-width: 1024px) 100vw, 1024px\" \/><figcaption class=\"wp-element-caption\">M\u00fasculos, circula\u00e7\u00e3o, metabolismo e isolamento t\u00e9rmico mudam e aumentam a sensa\u00e7\u00e3o de frio.<\/figcaption><\/figure>\n<\/div>\n\n\n<h2 class=\"wp-block-heading\">Que outras causas podem intensificar o frio nos idosos?<\/h2>\n\n\n\n<p class=\"wp-block-paragraph\">Nem sempre a sensa\u00e7\u00e3o de frio persistente vem apenas do envelhecimento em si. Algumas condi\u00e7\u00f5es cl\u00ednicas comuns na terceira idade agravam o quadro e merecem aten\u00e7\u00e3o. Entre as principais causas associadas est\u00e3o:<\/p>\n\n\n\n<ul class=\"wp-block-list\">\n<li><strong>Hipotireoidismo:<\/strong> a queda dos horm\u00f4nios da tireoide desacelera o metabolismo e reduz a produ\u00e7\u00e3o de calor, sendo uma causa frequente de intoler\u00e2ncia ao frio.<\/li>\n\n\n\n<li><strong>Anemia:<\/strong> a menor oxigena\u00e7\u00e3o dos tecidos por defici\u00eancia de ferro ou vitamina B12 pode causar palidez, cansa\u00e7o e sensa\u00e7\u00e3o constante de frio.<\/li>\n\n\n\n<li><strong>Diabetes:<\/strong> altera\u00e7\u00f5es vasculares e nervosas afetam a circula\u00e7\u00e3o perif\u00e9rica e a percep\u00e7\u00e3o t\u00e9rmica.<\/li>\n\n\n\n<li><strong>Doen\u00e7a arterial perif\u00e9rica:<\/strong> reduz o fluxo sangu\u00edneo para as extremidades, deixando p\u00e9s e m\u00e3os gelados.<\/li>\n\n\n\n<li><strong>Efeito de medicamentos:<\/strong> betabloqueadores e alguns anti-hipertensivos podem intensificar a sensa\u00e7\u00e3o de frio.<\/li>\n\n\n\n<li><strong>Desnutri\u00e7\u00e3o ou perda de peso acentuada:<\/strong> diminui as reservas de gordura e a produ\u00e7\u00e3o metab\u00f3lica de calor.<\/li>\n<\/ul>\n\n\n\n<h2 class=\"wp-block-heading\">Como um estudo cient\u00edfico explica esse fen\u00f4meno?<\/h2>\n\n\n\n<p class=\"wp-block-paragraph\">A rela\u00e7\u00e3o entre envelhecimento e maior sensibilidade ao frio \u00e9 reconhecida pela Sociedade Brasileira de Geriatria e Gerontologia (SBGG) e por diversas pesquisas cl\u00ednicas. Um dos trabalhos mais citados sobre o tema descreve, de forma detalhada, os mecanismos que levam ao chamado d\u00e9ficit de termorregula\u00e7\u00e3o na terceira idade.<\/p>\n\n\n\n<p class=\"wp-block-paragraph\">Segundo o estudo <a href=\"https:\/\/agsjournals.onlinelibrary.wiley.com\/doi\/10.1111\/j.1532-5415.1990.tb05708.x\" target=\"_blank\" rel=\"noreferrer noopener\">Thermoregulatory Failure in the Elderly<\/a>, publicado no Journal of the American Geriatrics Society, o envelhecimento reduz a efici\u00eancia do hipot\u00e1lamo, diminui a resposta vasoconstritora ao frio e prejudica a produ\u00e7\u00e3o metab\u00f3lica de calor, aumentando o risco de hipotermia mesmo em ambientes moderadamente frios. Os autores destacam que idosos podem n\u00e3o perceber quedas importantes na temperatura corporal, o que refor\u00e7a a import\u00e2ncia da preven\u00e7\u00e3o em dias frios.<\/p>\n\n\n<div class=\"wp-block-image\">\n<figure class=\"aligncenter size-large\"><img decoding=\"async\" width=\"1024\" height=\"571\" src=\"https:\/\/www.tuasaude.com\/news\/wp-content\/uploads\/2026\/09\/Older_woman_holding_warm_mug_202609061541-1024x571.jpg\" alt=\"A mesma temperatura pode parecer mais fria quando m\u00fasculos e circula\u00e7\u00e3o mudam com a idade.\" class=\"wp-image-109620\" srcset=\"https:\/\/www.tuasaude.com\/news\/wp-content\/uploads\/2026\/09\/Older_woman_holding_warm_mug_202609061541-1024x571.jpg 1024w, https:\/\/www.tuasaude.com\/news\/wp-content\/uploads\/2026\/09\/Older_woman_holding_warm_mug_202609061541-300x167.jpg 300w, https:\/\/www.tuasaude.com\/news\/wp-content\/uploads\/2026\/09\/Older_woman_holding_warm_mug_202609061541-768x428.jpg 768w, https:\/\/www.tuasaude.com\/news\/wp-content\/uploads\/2026\/09\/Older_woman_holding_warm_mug_202609061541-750x418.jpg 750w, https:\/\/www.tuasaude.com\/news\/wp-content\/uploads\/2026\/09\/Older_woman_holding_warm_mug_202609061541-1140x636.jpg 1140w, https:\/\/www.tuasaude.com\/news\/wp-content\/uploads\/2026\/09\/Older_woman_holding_warm_mug_202609061541.jpg 1280w\" sizes=\"(max-width: 1024px) 100vw, 1024px\" \/><figcaption class=\"wp-element-caption\">A mesma temperatura pode parecer mais fria quando m\u00fasculos e circula\u00e7\u00e3o mudam com a idade.<\/figcaption><\/figure>\n<\/div>\n\n\n<h2 class=\"wp-block-heading\">Quando a sensa\u00e7\u00e3o de frio merece aten\u00e7\u00e3o m\u00e9dica?<\/h2>\n\n\n\n<p class=\"wp-block-paragraph\">Embora sentir mais frio seja comum ap\u00f3s certa idade, o sintoma persistente pode indicar problemas de sa\u00fade que precisam ser investigados. Vale procurar orienta\u00e7\u00e3o m\u00e9dica diante de sinais como cansa\u00e7o extremo, ganho de peso sem causa, pele muito seca, queda de cabelo, formigamento nas extremidades ou palidez importante, que podem apontar para <a href=\"https:\/\/www.tuasaude.com\/hipotireoidismo-sintomas\/\" target=\"_blank\" rel=\"noreferrer noopener\">sintomas de hipotireoidismo<\/a> ou outras altera\u00e7\u00f5es metab\u00f3licas.<\/p>\n\n\n\n<p class=\"wp-block-paragraph\">Algumas medidas ajudam a proteger o corpo do frio e a preservar o conforto t\u00e9rmico ao longo da vida:<\/p>\n\n\n\n<ul class=\"wp-block-list\">\n<li><strong>Manter atividade f\u00edsica regular:<\/strong> exerc\u00edcios de for\u00e7a e caminhadas ajudam a preservar a massa muscular e a melhorar a <a href=\"https:\/\/www.tuasaude.com\/tratamento-para-ma-circulacao\/\" target=\"_blank\" rel=\"noreferrer noopener\">circula\u00e7\u00e3o sangu\u00ednea<\/a>.<\/li>\n\n\n\n<li><strong>Investir em roupas em camadas:<\/strong> facilita a adapta\u00e7\u00e3o a varia\u00e7\u00f5es de temperatura ao longo do dia.<\/li>\n\n\n\n<li><strong>Aquecer as extremidades:<\/strong> meias, luvas e touca ajudam a reduzir a perda de calor em m\u00e3os, p\u00e9s e cabe\u00e7a.<\/li>\n\n\n\n<li><strong>Manter boa hidrata\u00e7\u00e3o e alimenta\u00e7\u00e3o:<\/strong> refei\u00e7\u00f5es regulares, quentes e com prote\u00ednas contribuem para a produ\u00e7\u00e3o de calor.<\/li>\n\n\n\n<li><strong>Cuidar do ambiente:<\/strong> manter a casa aquecida e evitar correntes de ar reduz o risco de hipotermia.<\/li>\n\n\n\n<li><strong>Fazer check-ups anuais:<\/strong> exames de tireoide, glicemia e hemograma ajudam a identificar causas trat\u00e1veis.<\/li>\n<\/ul>\n\n\n\n<p class=\"wp-block-paragraph\">Cada organismo envelhece de um jeito, e nem todo desconforto com o frio significa doen\u00e7a. Ainda assim, quando a sensa\u00e7\u00e3o \u00e9 intensa, cont\u00ednua ou vem acompanhada de outros sintomas, \u00e9 importante consultar um geriatra ou cl\u00ednico geral de confian\u00e7a para uma avalia\u00e7\u00e3o completa e o cuidado adequado.<\/p>\n\n\n\n<p class=\"wp-block-paragraph\"><em>Este conte\u00fado tem car\u00e1ter apenas informativo e n\u00e3o substitui a avalia\u00e7\u00e3o, o diagn\u00f3stico ou o tratamento realizado por um m\u00e9dico ou profissional de sa\u00fade qualificado. Em caso de sintomas persistentes, procure orienta\u00e7\u00e3o m\u00e9dica.<\/em><\/p>\n","protected":false},"excerpt":{"rendered":"<p>A sensa\u00e7\u00e3o de sentir mais frio com o passar dos anos n\u00e3o \u00e9 frescura nem impress\u00e3o: \u00e9 uma resposta natural do corpo a mudan\u00e7as fisiol\u00f3gicas do envelhecimento. Com a idade, ocorre perda progressiva de massa muscular, a circula\u00e7\u00e3o perif\u00e9rica se torna menos eficiente e o metabolismo desacelera, reduzindo a produ\u00e7\u00e3o de calor. Esse conjunto de [&hellip;]<\/p>\n","protected":false},"author":11,"featured_media":109618,"comment_status":"open","ping_status":"open","sticky":false,"template":"","format":"standard","meta":{"_yoast_wpseo_focuskw":"frio","_yoast_wpseo_title":"","_yoast_wpseo_metadesc":"Sentir mais frio ao envelhecer tem rela\u00e7\u00e3o com m\u00fasculos, metabolismo e circula\u00e7\u00e3o. Entenda as mudan\u00e7as do corpo e quando o sintoma merece aten\u00e7\u00e3o.","jnews-multi-image_gallery":[],"jnews_single_post":{"format":"standard"},"jnews_primary_category":[],"jnews_social_meta":[],"jnews_override_counter":[],"footnotes":""},"categories":[111],"tags":[145,6211,1068,136],"class_list":["post-109616","post","type-post","status-publish","format-standard","has-post-thumbnail","hentry","category-saude","tag-bem-estar","tag-frio","tag-idosos","tag-saude"],"yoast_head":"<!-- This site is optimized with the Yoast SEO plugin v26.7 - https:\/\/yoast.com\/wordpress\/plugins\/seo\/ -->\n<title>Por que sentimos mais frio conforme envelhecemos? - Tua Sa\u00fade<\/title>\n<meta name=\"description\" content=\"Sentir mais frio ao envelhecer tem rela\u00e7\u00e3o com m\u00fasculos, metabolismo e circula\u00e7\u00e3o. Entenda as mudan\u00e7as do corpo e quando o sintoma merece aten\u00e7\u00e3o.\" \/>\n<meta name=\"robots\" content=\"index, follow, max-snippet:-1, max-image-preview:large, max-video-preview:-1\" \/>\n<link rel=\"canonical\" href=\"https:\/\/www.tuasaude.com\/news\/2026\/09\/06\/por-que-sentimos-mais-frio-conforme-envelhecemos\/\" \/>\n<meta property=\"og:locale\" content=\"pt_BR\" \/>\n<meta property=\"og:type\" content=\"article\" \/>\n<meta property=\"og:title\" content=\"Por que sentimos mais frio conforme envelhecemos? - Tua Sa\u00fade\" \/>\n<meta property=\"og:description\" content=\"Sentir mais frio ao envelhecer tem rela\u00e7\u00e3o com m\u00fasculos, metabolismo e circula\u00e7\u00e3o. Entenda as mudan\u00e7as do corpo e quando o sintoma merece aten\u00e7\u00e3o.\" \/>\n<meta property=\"og:url\" content=\"https:\/\/www.tuasaude.com\/news\/2026\/09\/06\/por-que-sentimos-mais-frio-conforme-envelhecemos\/\" \/>\n<meta property=\"og:site_name\" content=\"Tua Sa\u00fade\" \/>\n<meta property=\"article:published_time\" content=\"2026-09-06T21:50:00+00:00\" \/>\n<meta property=\"og:image\" content=\"https:\/\/www.tuasaude.com\/news\/wp-content\/uploads\/2026\/09\/Generational_comparison_of_therm\u2026_202609061541.jpg\" \/>\n\t<meta property=\"og:image:width\" content=\"1280\" \/>\n\t<meta property=\"og:image:height\" content=\"714\" \/>\n\t<meta property=\"og:image:type\" content=\"image\/jpeg\" \/>\n<meta name=\"author\" content=\"Gessika Julia Carvalho\" \/>\n<meta name=\"twitter:card\" content=\"summary_large_image\" \/>\n<meta name=\"twitter:label1\" content=\"Escrito por\" \/>\n\t<meta name=\"twitter:data1\" content=\"Gessika Julia Carvalho\" \/>\n\t<meta name=\"twitter:label2\" content=\"Est. tempo de leitura\" \/>\n\t<meta name=\"twitter:data2\" content=\"6 minutos\" \/>\n<!-- \/ Yoast SEO plugin. -->","yoast_head_json":{"title":"Por que sentimos mais frio conforme envelhecemos? - Tua Sa\u00fade","description":"Sentir mais frio ao envelhecer tem rela\u00e7\u00e3o com m\u00fasculos, metabolismo e circula\u00e7\u00e3o. Entenda as mudan\u00e7as do corpo e quando o sintoma merece aten\u00e7\u00e3o.","robots":{"index":"index","follow":"follow","max-snippet":"max-snippet:-1","max-image-preview":"max-image-preview:large","max-video-preview":"max-video-preview:-1"},"canonical":"https:\/\/www.tuasaude.com\/news\/2026\/09\/06\/por-que-sentimos-mais-frio-conforme-envelhecemos\/","og_locale":"pt_BR","og_type":"article","og_title":"Por que sentimos mais frio conforme envelhecemos? - Tua Sa\u00fade","og_description":"Sentir mais frio ao envelhecer tem rela\u00e7\u00e3o com m\u00fasculos, metabolismo e circula\u00e7\u00e3o. Entenda as mudan\u00e7as do corpo e quando o sintoma merece aten\u00e7\u00e3o.","og_url":"https:\/\/www.tuasaude.com\/news\/2026\/09\/06\/por-que-sentimos-mais-frio-conforme-envelhecemos\/","og_site_name":"Tua Sa\u00fade","article_published_time":"2026-09-06T21:50:00+00:00","og_image":[{"width":1280,"height":714,"url":"https:\/\/www.tuasaude.com\/news\/wp-content\/uploads\/2026\/09\/Generational_comparison_of_therm\u2026_202609061541.jpg","type":"image\/jpeg"}],"author":"Gessika Julia Carvalho","twitter_card":"summary_large_image","twitter_misc":{"Escrito por":"Gessika Julia Carvalho","Est. tempo de leitura":"6 minutos"},"schema":{"@context":"https:\/\/schema.org","@graph":[{"@type":"Article","@id":"https:\/\/www.tuasaude.com\/news\/2026\/09\/06\/por-que-sentimos-mais-frio-conforme-envelhecemos\/#article","isPartOf":{"@id":"https:\/\/www.tuasaude.com\/news\/2026\/09\/06\/por-que-sentimos-mais-frio-conforme-envelhecemos\/"},"author":{"name":"Gessika Julia Carvalho","@id":"https:\/\/www.tuasaude.com\/news\/#\/schema\/person\/2e9df841be69ec84f5d20ddb8d273ac2"},"headline":"Por que sentimos mais frio conforme envelhecemos?","datePublished":"2026-09-06T21:50:00+00:00","mainEntityOfPage":{"@id":"https:\/\/www.tuasaude.com\/news\/2026\/09\/06\/por-que-sentimos-mais-frio-conforme-envelhecemos\/"},"wordCount":965,"commentCount":0,"image":{"@id":"https:\/\/www.tuasaude.com\/news\/2026\/09\/06\/por-que-sentimos-mais-frio-conforme-envelhecemos\/#primaryimage"},"thumbnailUrl":"https:\/\/www.tuasaude.com\/news\/wp-content\/uploads\/2026\/09\/Generational_comparison_of_therm\u2026_202609061541.jpg","keywords":["bem-estar","frio","idosos","sa\u00fade"],"articleSection":["Sa\u00fade"],"inLanguage":"pt-BR","potentialAction":[{"@type":"CommentAction","name":"Comment","target":["https:\/\/www.tuasaude.com\/news\/2026\/09\/06\/por-que-sentimos-mais-frio-conforme-envelhecemos\/#respond"]}]},{"@type":"WebPage","@id":"https:\/\/www.tuasaude.com\/news\/2026\/09\/06\/por-que-sentimos-mais-frio-conforme-envelhecemos\/","url":"https:\/\/www.tuasaude.com\/news\/2026\/09\/06\/por-que-sentimos-mais-frio-conforme-envelhecemos\/","name":"Por que sentimos mais frio conforme envelhecemos? - Tua Sa\u00fade","isPartOf":{"@id":"https:\/\/www.tuasaude.com\/news\/#website"},"primaryImageOfPage":{"@id":"https:\/\/www.tuasaude.com\/news\/2026\/09\/06\/por-que-sentimos-mais-frio-conforme-envelhecemos\/#primaryimage"},"image":{"@id":"https:\/\/www.tuasaude.com\/news\/2026\/09\/06\/por-que-sentimos-mais-frio-conforme-envelhecemos\/#primaryimage"},"thumbnailUrl":"https:\/\/www.tuasaude.com\/news\/wp-content\/uploads\/2026\/09\/Generational_comparison_of_therm\u2026_202609061541.jpg","datePublished":"2026-09-06T21:50:00+00:00","author":{"@id":"https:\/\/www.tuasaude.com\/news\/#\/schema\/person\/2e9df841be69ec84f5d20ddb8d273ac2"},"description":"Sentir mais frio ao envelhecer tem rela\u00e7\u00e3o com m\u00fasculos, metabolismo e circula\u00e7\u00e3o. Entenda as mudan\u00e7as do corpo e quando o sintoma merece aten\u00e7\u00e3o.","breadcrumb":{"@id":"https:\/\/www.tuasaude.com\/news\/2026\/09\/06\/por-que-sentimos-mais-frio-conforme-envelhecemos\/#breadcrumb"},"inLanguage":"pt-BR","potentialAction":[{"@type":"ReadAction","target":["https:\/\/www.tuasaude.com\/news\/2026\/09\/06\/por-que-sentimos-mais-frio-conforme-envelhecemos\/"]}]},{"@type":"ImageObject","inLanguage":"pt-BR","@id":"https:\/\/www.tuasaude.com\/news\/2026\/09\/06\/por-que-sentimos-mais-frio-conforme-envelhecemos\/#primaryimage","url":"https:\/\/www.tuasaude.com\/news\/wp-content\/uploads\/2026\/09\/Generational_comparison_of_therm\u2026_202609061541.jpg","contentUrl":"https:\/\/www.tuasaude.com\/news\/wp-content\/uploads\/2026\/09\/Generational_comparison_of_therm\u2026_202609061541.jpg","width":1280,"height":714,"caption":"Por que sentimos mais frio conforme envelhecemos?"},{"@type":"BreadcrumbList","@id":"https:\/\/www.tuasaude.com\/news\/2026\/09\/06\/por-que-sentimos-mais-frio-conforme-envelhecemos\/#breadcrumb","itemListElement":[{"@type":"ListItem","position":1,"name":"In\u00edcio","item":"https:\/\/www.tuasaude.com\/news\/"},{"@type":"ListItem","position":2,"name":"Por que sentimos mais frio conforme envelhecemos?"}]},{"@type":"WebSite","@id":"https:\/\/www.tuasaude.com\/news\/#website","url":"https:\/\/www.tuasaude.com\/news\/","name":"Tua Sa\u00fade","description":"Seu site de sa\u00fade","potentialAction":[{"@type":"SearchAction","target":{"@type":"EntryPoint","urlTemplate":"https:\/\/www.tuasaude.com\/news\/?s={search_term_string}"},"query-input":{"@type":"PropertyValueSpecification","valueRequired":true,"valueName":"search_term_string"}}],"inLanguage":"pt-BR"},{"@type":"Person","@id":"https:\/\/www.tuasaude.com\/news\/#\/schema\/person\/2e9df841be69ec84f5d20ddb8d273ac2","name":"Gessika Julia Carvalho","image":{"@type":"ImageObject","inLanguage":"pt-BR","@id":"https:\/\/www.tuasaude.com\/news\/#\/schema\/person\/image\/","url":"https:\/\/secure.gravatar.com\/avatar\/0fcc8769024577fd0bc6a8b766055690f76a8e8f29dfb2a2f89cf04db8d0f2d2?s=96&d=mm&r=g","contentUrl":"https:\/\/secure.gravatar.com\/avatar\/0fcc8769024577fd0bc6a8b766055690f76a8e8f29dfb2a2f89cf04db8d0f2d2?s=96&d=mm&r=g","caption":"Gessika Julia Carvalho"},"sameAs":["https:\/\/www.tuasaude.com\/news\/"],"url":"https:\/\/www.tuasaude.com\/news\/author\/gessika-julia\/"}]}},"_links":{"self":[{"href":"https:\/\/www.tuasaude.com\/news\/wp-json\/wp\/v2\/posts\/109616","targetHints":{"allow":["GET"]}}],"collection":[{"href":"https:\/\/www.tuasaude.com\/news\/wp-json\/wp\/v2\/posts"}],"about":[{"href":"https:\/\/www.tuasaude.com\/news\/wp-json\/wp\/v2\/types\/post"}],"author":[{"embeddable":true,"href":"https:\/\/www.tuasaude.com\/news\/wp-json\/wp\/v2\/users\/11"}],"replies":[{"embeddable":true,"href":"https:\/\/www.tuasaude.com\/news\/wp-json\/wp\/v2\/comments?post=109616"}],"version-history":[{"count":1,"href":"https:\/\/www.tuasaude.com\/news\/wp-json\/wp\/v2\/posts\/109616\/revisions"}],"predecessor-version":[{"id":109621,"href":"https:\/\/www.tuasaude.com\/news\/wp-json\/wp\/v2\/posts\/109616\/revisions\/109621"}],"wp:featuredmedia":[{"embeddable":true,"href":"https:\/\/www.tuasaude.com\/news\/wp-json\/wp\/v2\/media\/109618"}],"wp:attachment":[{"href":"https:\/\/www.tuasaude.com\/news\/wp-json\/wp\/v2\/media?parent=109616"}],"wp:term":[{"taxonomy":"category","embeddable":true,"href":"https:\/\/www.tuasaude.com\/news\/wp-json\/wp\/v2\/categories?post=109616"},{"taxonomy":"post_tag","embeddable":true,"href":"https:\/\/www.tuasaude.com\/news\/wp-json\/wp\/v2\/tags?post=109616"}],"curies":[{"name":"wp","href":"https:\/\/api.w.org\/{rel}","templated":true}]}}