{"id":109587,"date":"2026-09-06T15:35:00","date_gmt":"2026-09-06T18:35:00","guid":{"rendered":"https:\/\/www.tuasaude.com\/news\/?p=109587"},"modified":"2026-09-06T15:17:52","modified_gmt":"2026-09-06T18:17:52","slug":"dormir-de-brucos-faz-mal-para-a-coluna-cervical","status":"publish","type":"post","link":"https:\/\/www.tuasaude.com\/news\/2026\/09\/06\/dormir-de-brucos-faz-mal-para-a-coluna-cervical\/","title":{"rendered":"Dormir de bru\u00e7os faz mal para a coluna cervical?"},"content":{"rendered":"\n<p class=\"wp-block-paragraph\">Sim, dormir de bru\u00e7os tende a prejudicar a coluna cervical porque obriga o pesco\u00e7o a permanecer girado para um dos lados durante horas, o que sobrecarrega articula\u00e7\u00f5es, comprime nervos e tensiona a musculatura da regi\u00e3o. Essa rota\u00e7\u00e3o prolongada, pr\u00f3xima de 90 graus, \u00e9 considerada por especialistas em ortopedia uma das principais causas de rigidez matinal e dor cervical cr\u00f4nica em adultos saud\u00e1veis. Entender por que essa posi\u00e7\u00e3o \u00e9 t\u00e3o desfavor\u00e1vel ajuda a interpretar sintomas recorrentes ao acordar e a adotar h\u00e1bitos de sono mais protetores para toda a coluna.<\/p>\n\n\n\n<h2 class=\"wp-block-heading\">Por que essa posi\u00e7\u00e3o sobrecarrega o pesco\u00e7o?<\/h2>\n\n\n\n<p class=\"wp-block-paragraph\">Ao deitar de barriga para baixo, o rosto n\u00e3o consegue apoiar-se de frente no colch\u00e3o, o que for\u00e7a a cabe\u00e7a a virar para um dos lados para permitir a respira\u00e7\u00e3o. Essa rota\u00e7\u00e3o sustentada mant\u00e9m a coluna cervical fora do alinhamento neutro por horas seguidas.<\/p>\n\n\n\n<p class=\"wp-block-paragraph\">Como consequ\u00eancia, m\u00fasculos suboccipitais e paravertebrais permanecem em contra\u00e7\u00e3o cont\u00ednua, as articula\u00e7\u00f5es facet\u00e1rias ficam comprimidas de forma assim\u00e9trica e a irriga\u00e7\u00e3o sangu\u00ednea local diminui, favorecendo microtraumas repetidos noite ap\u00f3s noite.<\/p>\n\n\n\n<h2 class=\"wp-block-heading\">Quais sintomas surgem com o h\u00e1bito de dormir de bru\u00e7os?<\/h2>\n\n\n\n<p class=\"wp-block-paragraph\">A queixa mais frequente entre quem dorme nessa posi\u00e7\u00e3o \u00e9 acordar com <a href=\"https:\/\/www.tuasaude.com\/dor-no-pescoco\/\" target=\"_blank\" rel=\"noreferrer noopener\">dor no pesco\u00e7o<\/a>, rigidez na nuca e epis\u00f3dios recorrentes de <a href=\"https:\/\/www.tuasaude.com\/sintomas-de-torcicolo\/\" target=\"_blank\" rel=\"noreferrer noopener\">torcicolo<\/a>. Com o tempo, esses sintomas podem se tornar cr\u00f4nicos e afetar tamb\u00e9m ombros e regi\u00e3o lombar.<\/p>\n\n\n\n<p class=\"wp-block-paragraph\">Al\u00e9m disso, a compress\u00e3o de nervos e vasos nos bra\u00e7os costuma causar formigamento, dorm\u00eancia e sensa\u00e7\u00e3o de peso ao amanhecer, sinais que impactam diretamente a qualidade do sono e o desempenho ao longo do dia.<\/p>\n\n\n<div class=\"wp-block-image\">\n<figure class=\"aligncenter size-large\"><img decoding=\"async\" width=\"1024\" height=\"571\" src=\"https:\/\/www.tuasaude.com\/news\/wp-content\/uploads\/2026\/09\/Infographic_protecting_cervical_\u2026_202609061517-1024x571.jpg\" alt=\"Alinhamento, travesseiro, posi\u00e7\u00e3o e suporte ajudam a reduzir sobrecarga na cervical.\" class=\"wp-image-109593\" srcset=\"https:\/\/www.tuasaude.com\/news\/wp-content\/uploads\/2026\/09\/Infographic_protecting_cervical_\u2026_202609061517-1024x571.jpg 1024w, https:\/\/www.tuasaude.com\/news\/wp-content\/uploads\/2026\/09\/Infographic_protecting_cervical_\u2026_202609061517-300x167.jpg 300w, https:\/\/www.tuasaude.com\/news\/wp-content\/uploads\/2026\/09\/Infographic_protecting_cervical_\u2026_202609061517-768x428.jpg 768w, https:\/\/www.tuasaude.com\/news\/wp-content\/uploads\/2026\/09\/Infographic_protecting_cervical_\u2026_202609061517-750x418.jpg 750w, https:\/\/www.tuasaude.com\/news\/wp-content\/uploads\/2026\/09\/Infographic_protecting_cervical_\u2026_202609061517-1140x636.jpg 1140w, https:\/\/www.tuasaude.com\/news\/wp-content\/uploads\/2026\/09\/Infographic_protecting_cervical_\u2026_202609061517.jpg 1280w\" sizes=\"(max-width: 1024px) 100vw, 1024px\" \/><figcaption class=\"wp-element-caption\">Alinhamento, travesseiro, posi\u00e7\u00e3o e suporte ajudam a reduzir sobrecarga na cervical.<\/figcaption><\/figure>\n<\/div>\n\n\n<h2 class=\"wp-block-heading\">O que um estudo publicado no PLOS ONE revela sobre o assunto?<\/h2>\n\n\n\n<p class=\"wp-block-paragraph\">Evid\u00eancias cient\u00edficas refor\u00e7am a rela\u00e7\u00e3o entre a posi\u00e7\u00e3o prona e sintomas cervicais ao despertar. Segundo o estudo <a href=\"https:\/\/journals.plos.org\/plosone\/article?id=10.1371\/journal.pone.0260582\" target=\"_blank\" rel=\"noreferrer noopener\">Examining relationships between sleep posture, waking spinal symptoms and quality of sleep<\/a>, publicado na revista cient\u00edfica PLOS ONE, participantes com dor cervical passaram significativamente mais tempo em posturas consideradas provocativas durante o sono, incluindo a posi\u00e7\u00e3o de bru\u00e7os, em compara\u00e7\u00e3o com pessoas assintom\u00e1ticas.<\/p>\n\n\n\n<p class=\"wp-block-paragraph\">A pesquisa monitorou os volunt\u00e1rios por duas noites consecutivas com c\u00e2meras validadas e concluiu que o grupo com sintomas cervicais tamb\u00e9m apresentou pior qualidade geral do sono, sugerindo um ciclo entre m\u00e1 postura noturna, dor e descanso insuficiente.<\/p>\n\n\n\n<h2 class=\"wp-block-heading\">Quais grupos devem ter aten\u00e7\u00e3o redobrada?<\/h2>\n\n\n\n<p class=\"wp-block-paragraph\">Algumas condi\u00e7\u00f5es cl\u00ednicas tornam a posi\u00e7\u00e3o prona ainda mais arriscada, especialmente quando j\u00e1 existe comprometimento estrutural da coluna, como em casos de <a href=\"https:\/\/www.tuasaude.com\/hernia-cervical\/\" target=\"_blank\" rel=\"noreferrer noopener\">h\u00e9rnia de disco cervical<\/a>. Nesses cen\u00e1rios, a mudan\u00e7a de h\u00e1bito costuma ser recomendada por ortopedistas e fisioterapeutas:<\/p>\n\n\n\n<ul class=\"wp-block-list\">\n<li>Pessoas com h\u00e9rnia de disco cervical ou lombar<\/li>\n\n\n\n<li>Pacientes com espondilolistese ou instabilidade vertebral<\/li>\n\n\n\n<li>Indiv\u00edduos com hist\u00f3rico de torcicolo recorrente<\/li>\n\n\n\n<li>Idosos com desgaste articular ou artrose cervical<\/li>\n\n\n\n<li>Gestantes, especialmente a partir do segundo trimestre<\/li>\n\n\n\n<li>Quem sofre com cefaleia tensional de origem cervical<\/li>\n<\/ul>\n\n\n<div class=\"wp-block-image\">\n<figure class=\"aligncenter size-large\"><img decoding=\"async\" width=\"1024\" height=\"571\" src=\"https:\/\/www.tuasaude.com\/news\/wp-content\/uploads\/2026\/09\/Man_lying_face_down_on_202609061516-1024x571.jpg\" alt=\"Rigidez e dor ao acordar podem estar relacionadas \u00e0 posi\u00e7\u00e3o de bru\u00e7os.\" class=\"wp-image-109594\" srcset=\"https:\/\/www.tuasaude.com\/news\/wp-content\/uploads\/2026\/09\/Man_lying_face_down_on_202609061516-1024x571.jpg 1024w, https:\/\/www.tuasaude.com\/news\/wp-content\/uploads\/2026\/09\/Man_lying_face_down_on_202609061516-300x167.jpg 300w, https:\/\/www.tuasaude.com\/news\/wp-content\/uploads\/2026\/09\/Man_lying_face_down_on_202609061516-768x428.jpg 768w, https:\/\/www.tuasaude.com\/news\/wp-content\/uploads\/2026\/09\/Man_lying_face_down_on_202609061516-750x418.jpg 750w, https:\/\/www.tuasaude.com\/news\/wp-content\/uploads\/2026\/09\/Man_lying_face_down_on_202609061516-1140x636.jpg 1140w, https:\/\/www.tuasaude.com\/news\/wp-content\/uploads\/2026\/09\/Man_lying_face_down_on_202609061516.jpg 1280w\" sizes=\"(max-width: 1024px) 100vw, 1024px\" \/><figcaption class=\"wp-element-caption\">Rigidez e dor ao acordar podem estar relacionadas \u00e0 posi\u00e7\u00e3o de bru\u00e7os.<\/figcaption><\/figure>\n<\/div>\n\n\n<h2 class=\"wp-block-heading\">Como mudar a posi\u00e7\u00e3o de dormir com seguran\u00e7a?<\/h2>\n\n\n\n<p class=\"wp-block-paragraph\">A transi\u00e7\u00e3o para uma postura mais protetora, como dormir de lado ou de barriga para cima, exige paci\u00eancia e ajustes graduais no ambiente do quarto. Pequenas mudan\u00e7as ajudam o corpo a se adaptar sem prejudicar o descanso:<\/p>\n\n\n\n<ol class=\"wp-block-list\">\n<li>Comece a noite deitando de lado, com um travesseiro entre os joelhos para alinhar o quadril<\/li>\n\n\n\n<li>Use um travesseiro na altura do ombro para manter a cervical em posi\u00e7\u00e3o neutra<\/li>\n\n\n\n<li>Posicione almofadas atr\u00e1s das costas para dificultar o giro para o abd\u00f4men<\/li>\n\n\n\n<li>Escolha um colch\u00e3o de firmeza m\u00e9dia, que sustente a curvatura natural da coluna<\/li>\n\n\n\n<li>Se dormir de bru\u00e7os for inevit\u00e1vel, utilize um travesseiro bem fino ou nenhum<\/li>\n\n\n\n<li>Fa\u00e7a alongamentos leves de pesco\u00e7o e ombros ao acordar para aliviar tens\u00f5es<\/li>\n<\/ol>\n\n\n\n<p class=\"wp-block-paragraph\"><em>Este conte\u00fado tem car\u00e1ter apenas informativo e n\u00e3o substitui a avalia\u00e7\u00e3o de um m\u00e9dico. Em caso de dor persistente, formigamento ou rigidez na coluna cervical, procure orienta\u00e7\u00e3o de um profissional de sa\u00fade qualificado, como ortopedista ou fisioterapeuta, para diagn\u00f3stico e tratamento individualizados.<\/em><\/p>\n","protected":false},"excerpt":{"rendered":"<p>Sim, dormir de bru\u00e7os tende a prejudicar a coluna cervical porque obriga o pesco\u00e7o a permanecer girado para um dos lados durante horas, o que sobrecarrega articula\u00e7\u00f5es, comprime nervos e tensiona a musculatura da regi\u00e3o. Essa rota\u00e7\u00e3o prolongada, pr\u00f3xima de 90 graus, \u00e9 considerada por especialistas em ortopedia uma das principais causas de rigidez matinal [&hellip;]<\/p>\n","protected":false},"author":11,"featured_media":109592,"comment_status":"open","ping_status":"open","sticky":false,"template":"","format":"standard","meta":{"_yoast_wpseo_focuskw":"dormir de bru\u00e7os","_yoast_wpseo_title":"","_yoast_wpseo_metadesc":"Dormir de bru\u00e7os mant\u00e9m o pesco\u00e7o girado por horas e pode causar dor, rigidez e torcicolo. Entenda como essa posi\u00e7\u00e3o afeta a coluna cervical.","jnews-multi-image_gallery":[],"jnews_single_post":{"format":"standard"},"jnews_primary_category":[],"jnews_social_meta":[],"jnews_override_counter":[],"footnotes":""},"categories":[111],"tags":[1250,2682,136,116],"class_list":["post-109587","post","type-post","status-publish","format-standard","has-post-thumbnail","hentry","category-saude","tag-coluna-cervical","tag-dormir-de-brucos","tag-saude","tag-sono"],"yoast_head":"<!-- This site is optimized with the Yoast SEO plugin v26.7 - https:\/\/yoast.com\/wordpress\/plugins\/seo\/ -->\n<title>Dormir de bru\u00e7os faz mal para a coluna cervical? - Tua Sa\u00fade<\/title>\n<meta name=\"description\" content=\"Dormir de bru\u00e7os mant\u00e9m o pesco\u00e7o girado por horas e pode causar dor, rigidez e torcicolo. Entenda como essa posi\u00e7\u00e3o afeta a coluna cervical.\" \/>\n<meta name=\"robots\" content=\"index, follow, max-snippet:-1, max-image-preview:large, max-video-preview:-1\" \/>\n<link rel=\"canonical\" href=\"https:\/\/www.tuasaude.com\/news\/2026\/09\/06\/dormir-de-brucos-faz-mal-para-a-coluna-cervical\/\" \/>\n<meta property=\"og:locale\" content=\"pt_BR\" \/>\n<meta property=\"og:type\" content=\"article\" \/>\n<meta property=\"og:title\" content=\"Dormir de bru\u00e7os faz mal para a coluna cervical? - Tua Sa\u00fade\" \/>\n<meta property=\"og:description\" content=\"Dormir de bru\u00e7os mant\u00e9m o pesco\u00e7o girado por horas e pode causar dor, rigidez e torcicolo. Entenda como essa posi\u00e7\u00e3o afeta a coluna cervical.\" \/>\n<meta property=\"og:url\" content=\"https:\/\/www.tuasaude.com\/news\/2026\/09\/06\/dormir-de-brucos-faz-mal-para-a-coluna-cervical\/\" \/>\n<meta property=\"og:site_name\" content=\"Tua Sa\u00fade\" \/>\n<meta property=\"article:published_time\" content=\"2026-09-06T18:35:00+00:00\" \/>\n<meta property=\"og:image\" content=\"https:\/\/www.tuasaude.com\/news\/wp-content\/uploads\/2026\/09\/Woman_waking_with_neck_stiffness_202609061516.jpg\" \/>\n\t<meta property=\"og:image:width\" content=\"1280\" \/>\n\t<meta property=\"og:image:height\" content=\"714\" \/>\n\t<meta property=\"og:image:type\" content=\"image\/jpeg\" \/>\n<meta name=\"author\" content=\"Gessika Julia Carvalho\" \/>\n<meta name=\"twitter:card\" content=\"summary_large_image\" \/>\n<meta name=\"twitter:label1\" content=\"Escrito por\" \/>\n\t<meta name=\"twitter:data1\" content=\"Gessika Julia Carvalho\" \/>\n\t<meta name=\"twitter:label2\" content=\"Est. tempo de leitura\" \/>\n\t<meta name=\"twitter:data2\" content=\"5 minutos\" \/>\n<!-- \/ Yoast SEO plugin. -->","yoast_head_json":{"title":"Dormir de bru\u00e7os faz mal para a coluna cervical? - Tua Sa\u00fade","description":"Dormir de bru\u00e7os mant\u00e9m o pesco\u00e7o girado por horas e pode causar dor, rigidez e torcicolo. Entenda como essa posi\u00e7\u00e3o afeta a coluna cervical.","robots":{"index":"index","follow":"follow","max-snippet":"max-snippet:-1","max-image-preview":"max-image-preview:large","max-video-preview":"max-video-preview:-1"},"canonical":"https:\/\/www.tuasaude.com\/news\/2026\/09\/06\/dormir-de-brucos-faz-mal-para-a-coluna-cervical\/","og_locale":"pt_BR","og_type":"article","og_title":"Dormir de bru\u00e7os faz mal para a coluna cervical? - Tua Sa\u00fade","og_description":"Dormir de bru\u00e7os mant\u00e9m o pesco\u00e7o girado por horas e pode causar dor, rigidez e torcicolo. Entenda como essa posi\u00e7\u00e3o afeta a coluna cervical.","og_url":"https:\/\/www.tuasaude.com\/news\/2026\/09\/06\/dormir-de-brucos-faz-mal-para-a-coluna-cervical\/","og_site_name":"Tua Sa\u00fade","article_published_time":"2026-09-06T18:35:00+00:00","og_image":[{"width":1280,"height":714,"url":"https:\/\/www.tuasaude.com\/news\/wp-content\/uploads\/2026\/09\/Woman_waking_with_neck_stiffness_202609061516.jpg","type":"image\/jpeg"}],"author":"Gessika Julia Carvalho","twitter_card":"summary_large_image","twitter_misc":{"Escrito por":"Gessika Julia Carvalho","Est. tempo de leitura":"5 minutos"},"schema":{"@context":"https:\/\/schema.org","@graph":[{"@type":"Article","@id":"https:\/\/www.tuasaude.com\/news\/2026\/09\/06\/dormir-de-brucos-faz-mal-para-a-coluna-cervical\/#article","isPartOf":{"@id":"https:\/\/www.tuasaude.com\/news\/2026\/09\/06\/dormir-de-brucos-faz-mal-para-a-coluna-cervical\/"},"author":{"name":"Gessika Julia Carvalho","@id":"https:\/\/www.tuasaude.com\/news\/#\/schema\/person\/2e9df841be69ec84f5d20ddb8d273ac2"},"headline":"Dormir de bru\u00e7os faz mal para a coluna cervical?","datePublished":"2026-09-06T18:35:00+00:00","mainEntityOfPage":{"@id":"https:\/\/www.tuasaude.com\/news\/2026\/09\/06\/dormir-de-brucos-faz-mal-para-a-coluna-cervical\/"},"wordCount":740,"commentCount":0,"image":{"@id":"https:\/\/www.tuasaude.com\/news\/2026\/09\/06\/dormir-de-brucos-faz-mal-para-a-coluna-cervical\/#primaryimage"},"thumbnailUrl":"https:\/\/www.tuasaude.com\/news\/wp-content\/uploads\/2026\/09\/Woman_waking_with_neck_stiffness_202609061516.jpg","keywords":["coluna cervical","dormir de bru\u00e7os","sa\u00fade","sono"],"articleSection":["Sa\u00fade"],"inLanguage":"pt-BR","potentialAction":[{"@type":"CommentAction","name":"Comment","target":["https:\/\/www.tuasaude.com\/news\/2026\/09\/06\/dormir-de-brucos-faz-mal-para-a-coluna-cervical\/#respond"]}]},{"@type":"WebPage","@id":"https:\/\/www.tuasaude.com\/news\/2026\/09\/06\/dormir-de-brucos-faz-mal-para-a-coluna-cervical\/","url":"https:\/\/www.tuasaude.com\/news\/2026\/09\/06\/dormir-de-brucos-faz-mal-para-a-coluna-cervical\/","name":"Dormir de bru\u00e7os faz mal para a coluna cervical? - Tua Sa\u00fade","isPartOf":{"@id":"https:\/\/www.tuasaude.com\/news\/#website"},"primaryImageOfPage":{"@id":"https:\/\/www.tuasaude.com\/news\/2026\/09\/06\/dormir-de-brucos-faz-mal-para-a-coluna-cervical\/#primaryimage"},"image":{"@id":"https:\/\/www.tuasaude.com\/news\/2026\/09\/06\/dormir-de-brucos-faz-mal-para-a-coluna-cervical\/#primaryimage"},"thumbnailUrl":"https:\/\/www.tuasaude.com\/news\/wp-content\/uploads\/2026\/09\/Woman_waking_with_neck_stiffness_202609061516.jpg","datePublished":"2026-09-06T18:35:00+00:00","author":{"@id":"https:\/\/www.tuasaude.com\/news\/#\/schema\/person\/2e9df841be69ec84f5d20ddb8d273ac2"},"description":"Dormir de bru\u00e7os mant\u00e9m o pesco\u00e7o girado por horas e pode causar dor, rigidez e torcicolo. Entenda como essa posi\u00e7\u00e3o afeta a coluna cervical.","breadcrumb":{"@id":"https:\/\/www.tuasaude.com\/news\/2026\/09\/06\/dormir-de-brucos-faz-mal-para-a-coluna-cervical\/#breadcrumb"},"inLanguage":"pt-BR","potentialAction":[{"@type":"ReadAction","target":["https:\/\/www.tuasaude.com\/news\/2026\/09\/06\/dormir-de-brucos-faz-mal-para-a-coluna-cervical\/"]}]},{"@type":"ImageObject","inLanguage":"pt-BR","@id":"https:\/\/www.tuasaude.com\/news\/2026\/09\/06\/dormir-de-brucos-faz-mal-para-a-coluna-cervical\/#primaryimage","url":"https:\/\/www.tuasaude.com\/news\/wp-content\/uploads\/2026\/09\/Woman_waking_with_neck_stiffness_202609061516.jpg","contentUrl":"https:\/\/www.tuasaude.com\/news\/wp-content\/uploads\/2026\/09\/Woman_waking_with_neck_stiffness_202609061516.jpg","width":1280,"height":714,"caption":"Dormir de bru\u00e7os faz mal para a coluna cervical?"},{"@type":"BreadcrumbList","@id":"https:\/\/www.tuasaude.com\/news\/2026\/09\/06\/dormir-de-brucos-faz-mal-para-a-coluna-cervical\/#breadcrumb","itemListElement":[{"@type":"ListItem","position":1,"name":"In\u00edcio","item":"https:\/\/www.tuasaude.com\/news\/"},{"@type":"ListItem","position":2,"name":"Dormir de bru\u00e7os faz mal para a coluna cervical?"}]},{"@type":"WebSite","@id":"https:\/\/www.tuasaude.com\/news\/#website","url":"https:\/\/www.tuasaude.com\/news\/","name":"Tua Sa\u00fade","description":"Seu site de sa\u00fade","potentialAction":[{"@type":"SearchAction","target":{"@type":"EntryPoint","urlTemplate":"https:\/\/www.tuasaude.com\/news\/?s={search_term_string}"},"query-input":{"@type":"PropertyValueSpecification","valueRequired":true,"valueName":"search_term_string"}}],"inLanguage":"pt-BR"},{"@type":"Person","@id":"https:\/\/www.tuasaude.com\/news\/#\/schema\/person\/2e9df841be69ec84f5d20ddb8d273ac2","name":"Gessika Julia Carvalho","image":{"@type":"ImageObject","inLanguage":"pt-BR","@id":"https:\/\/www.tuasaude.com\/news\/#\/schema\/person\/image\/","url":"https:\/\/secure.gravatar.com\/avatar\/0fcc8769024577fd0bc6a8b766055690f76a8e8f29dfb2a2f89cf04db8d0f2d2?s=96&d=mm&r=g","contentUrl":"https:\/\/secure.gravatar.com\/avatar\/0fcc8769024577fd0bc6a8b766055690f76a8e8f29dfb2a2f89cf04db8d0f2d2?s=96&d=mm&r=g","caption":"Gessika Julia Carvalho"},"sameAs":["https:\/\/www.tuasaude.com\/news\/"],"url":"https:\/\/www.tuasaude.com\/news\/author\/gessika-julia\/"}]}},"_links":{"self":[{"href":"https:\/\/www.tuasaude.com\/news\/wp-json\/wp\/v2\/posts\/109587","targetHints":{"allow":["GET"]}}],"collection":[{"href":"https:\/\/www.tuasaude.com\/news\/wp-json\/wp\/v2\/posts"}],"about":[{"href":"https:\/\/www.tuasaude.com\/news\/wp-json\/wp\/v2\/types\/post"}],"author":[{"embeddable":true,"href":"https:\/\/www.tuasaude.com\/news\/wp-json\/wp\/v2\/users\/11"}],"replies":[{"embeddable":true,"href":"https:\/\/www.tuasaude.com\/news\/wp-json\/wp\/v2\/comments?post=109587"}],"version-history":[{"count":1,"href":"https:\/\/www.tuasaude.com\/news\/wp-json\/wp\/v2\/posts\/109587\/revisions"}],"predecessor-version":[{"id":109595,"href":"https:\/\/www.tuasaude.com\/news\/wp-json\/wp\/v2\/posts\/109587\/revisions\/109595"}],"wp:featuredmedia":[{"embeddable":true,"href":"https:\/\/www.tuasaude.com\/news\/wp-json\/wp\/v2\/media\/109592"}],"wp:attachment":[{"href":"https:\/\/www.tuasaude.com\/news\/wp-json\/wp\/v2\/media?parent=109587"}],"wp:term":[{"taxonomy":"category","embeddable":true,"href":"https:\/\/www.tuasaude.com\/news\/wp-json\/wp\/v2\/categories?post=109587"},{"taxonomy":"post_tag","embeddable":true,"href":"https:\/\/www.tuasaude.com\/news\/wp-json\/wp\/v2\/tags?post=109587"}],"curies":[{"name":"wp","href":"https:\/\/api.w.org\/{rel}","templated":true}]}}