{"id":109545,"date":"2026-09-06T19:00:00","date_gmt":"2026-09-06T22:00:00","guid":{"rendered":"https:\/\/www.tuasaude.com\/news\/?p=109545"},"modified":"2026-09-06T12:02:39","modified_gmt":"2026-09-06T15:02:39","slug":"febre-com-rigidez-na-nuca-e-confusao-quando-nao-da-para-esperar-melhorar-em-casa","status":"publish","type":"post","link":"https:\/\/www.tuasaude.com\/news\/2026\/09\/06\/febre-com-rigidez-na-nuca-e-confusao-quando-nao-da-para-esperar-melhorar-em-casa\/","title":{"rendered":"Febre com rigidez na nuca e confus\u00e3o: quando n\u00e3o d\u00e1 para esperar melhorar em casa"},"content":{"rendered":"\n<p class=\"wp-block-paragraph\">Febre acompanhada de <strong>rigidez na nuca, dor de cabe\u00e7a intensa e confus\u00e3o<\/strong> pode indicar meningite, uma inflama\u00e7\u00e3o das membranas que envolvem o c\u00e9rebro e a medula. Como a forma bacteriana pode evoluir rapidamente e causar complica\u00e7\u00f5es graves, esse conjunto de sintomas exige avalia\u00e7\u00e3o m\u00e9dica imediata, em vez de esperar uma melhora em casa.<\/p>\n\n\n\n<h2 class=\"wp-block-heading\">Quando a rigidez na nuca preocupa<\/h2>\n\n\n\n<p class=\"wp-block-paragraph\">Dor muscular no pesco\u00e7o pode acontecer por diversos motivos, mas a <strong>rigidez na nuca associada \u00e0 febre<\/strong> merece aten\u00e7\u00e3o especial, principalmente quando surge com dor de cabe\u00e7a forte, altera\u00e7\u00e3o do comportamento, sonol\u00eancia ou v\u00f4mitos.<\/p>\n\n\n\n<p class=\"wp-block-paragraph\">Segundo o <a href=\"https:\/\/www.gov.br\/saude\/pt-br\/assuntos\/saude-de-a-a-z\/m\/meningite\/sintomas\" target=\"_blank\" rel=\"noopener noreferrer\">Minist\u00e9rio da Sa\u00fade<\/a>, febre, dor de cabe\u00e7a e rigidez de nuca est\u00e3o entre os sintomas da meningite bacteriana. Confus\u00e3o, n\u00e1usea, v\u00f4mitos e sensibilidade \u00e0 luz tamb\u00e9m podem ocorrer.<\/p>\n\n\n\n<h2 class=\"wp-block-heading\">Quais sinais exigem atendimento imediato<\/h2>\n\n\n<div class=\"wp-block-image wp-block-image size-large\">\n<figure class=\"aligncenter\"><img decoding=\"async\" width=\"1280\" height=\"714\" src=\"https:\/\/www.tuasaude.com\/news\/wp-content\/uploads\/2026\/09\/109545_febre-com-rigidez-na-nuca-e-confusao-quando-nao-da-para-espe_corpo.jpg\" alt=\"A meningite causa inflama\u00e7\u00e3o das membranas que envolvem o c\u00e9rebro e a medula.\" class=\"wp-image-109547\" srcset=\"https:\/\/www.tuasaude.com\/news\/wp-content\/uploads\/2026\/09\/109545_febre-com-rigidez-na-nuca-e-confusao-quando-nao-da-para-espe_corpo.jpg 1280w, https:\/\/www.tuasaude.com\/news\/wp-content\/uploads\/2026\/09\/109545_febre-com-rigidez-na-nuca-e-confusao-quando-nao-da-para-espe_corpo-300x167.jpg 300w, https:\/\/www.tuasaude.com\/news\/wp-content\/uploads\/2026\/09\/109545_febre-com-rigidez-na-nuca-e-confusao-quando-nao-da-para-espe_corpo-1024x571.jpg 1024w, https:\/\/www.tuasaude.com\/news\/wp-content\/uploads\/2026\/09\/109545_febre-com-rigidez-na-nuca-e-confusao-quando-nao-da-para-espe_corpo-768x428.jpg 768w, https:\/\/www.tuasaude.com\/news\/wp-content\/uploads\/2026\/09\/109545_febre-com-rigidez-na-nuca-e-confusao-quando-nao-da-para-espe_corpo-750x418.jpg 750w, https:\/\/www.tuasaude.com\/news\/wp-content\/uploads\/2026\/09\/109545_febre-com-rigidez-na-nuca-e-confusao-quando-nao-da-para-espe_corpo-1140x636.jpg 1140w\" sizes=\"(max-width: 1280px) 100vw, 1280px\" \/><figcaption class=\"wp-element-caption\">A meningite causa inflama\u00e7\u00e3o das membranas que envolvem o c\u00e9rebro e a medula.<\/figcaption><\/figure>\n<\/div>\n\n\n<p class=\"wp-block-paragraph\">N\u00e3o \u00e9 necess\u00e1rio que todos os sintomas cl\u00e1ssicos estejam presentes para procurar ajuda. A preocupa\u00e7\u00e3o aumenta quando h\u00e1 sinais neurol\u00f3gicos ou uma piora r\u00e1pida do estado geral.<\/p>\n\n\n\n<ul class=\"wp-block-list\">\n<li><strong>Confus\u00e3o mental<\/strong> ou comportamento fora do habitual;<\/li>\n<li>Dificuldade para acordar ou sonol\u00eancia intensa;<\/li>\n<li>Convuls\u00f5es ou perda de consci\u00eancia;<\/li>\n<li>V\u00f4mitos repetidos;<\/li>\n<li>Manchas vermelhas ou arroxeadas na pele;<\/li>\n<li><strong>Febre com dor de cabe\u00e7a intensa e rigidez na nuca<\/strong>.<\/li>\n<\/ul>\n\n\n\n<h2 class=\"wp-block-heading\">O que um estudo cient\u00edfico mostra sobre os sintomas<\/h2>\n\n\n\n<p class=\"wp-block-paragraph\">Segundo o estudo <a href=\"https:\/\/pubmed.ncbi.nlm.nih.gov\/15509818\/\" target=\"_blank\" rel=\"noopener noreferrer\"><em>Clinical features and prognostic factors in adults with bacterial meningitis<\/em><\/a>, publicado no <em>New England Journal of Medicine<\/em>, a combina\u00e7\u00e3o cl\u00e1ssica de febre, rigidez na nuca e altera\u00e7\u00e3o do estado mental estava presente em apenas 44% dos epis\u00f3dios analisados.<\/p>\n\n\n\n<p class=\"wp-block-paragraph\">O estudo prospectivo avaliou 696 epis\u00f3dios de meningite bacteriana adquirida na comunidade. Embora nem todos apresentassem a tr\u00edade completa, <strong>95% tinham pelo menos dois<\/strong> entre dor de cabe\u00e7a, febre, rigidez na nuca e altera\u00e7\u00e3o do estado mental, mostrando que a aus\u00eancia de um sinal isolado n\u00e3o afasta o problema.<\/p>\n\n\n\n<h2 class=\"wp-block-heading\">Por que n\u00e3o \u00e9 seguro tratar apenas em casa<\/h2>\n\n\n\n<p class=\"wp-block-paragraph\">V\u00edrus, bact\u00e9rias e outros agentes podem causar meningite, e os sintomas iniciais podem ser semelhantes. A diferencia\u00e7\u00e3o exige avalia\u00e7\u00e3o m\u00e9dica e pode envolver exames de sangue, pun\u00e7\u00e3o lombar e, em situa\u00e7\u00f5es espec\u00edficas, exames de imagem.<\/p>\n\n\n\n<ul class=\"wp-block-list\">\n<li>N\u00e3o espere a febre baixar para procurar atendimento diante de sinais de alarme;<\/li>\n<li>Evite tentar confirmar meningite com testes caseiros de movimenta\u00e7\u00e3o do pesco\u00e7o;<\/li>\n<li><strong>N\u00e3o use antibi\u00f3ticos por conta pr\u00f3pria<\/strong>;<\/li>\n<li>Informe rapidamente se houver piora da consci\u00eancia ou surgimento de manchas na pele.<\/li>\n<\/ul>\n\n\n<div class=\"wp-block-image wp-block-image size-large\">\n<figure class=\"aligncenter\"><img decoding=\"async\" width=\"1280\" height=\"575\" src=\"https:\/\/www.tuasaude.com\/news\/wp-content\/uploads\/2026\/09\/109545_febre-com-rigidez-na-nuca-e-confusao-quando-nao-da-para-espe_tabela.jpg\" alt=\"Meningite: 6 sinais de alerta que exigem atendimento m\u00e9dico imediato\" class=\"wp-image-109548\" srcset=\"https:\/\/www.tuasaude.com\/news\/wp-content\/uploads\/2026\/09\/109545_febre-com-rigidez-na-nuca-e-confusao-quando-nao-da-para-espe_tabela.jpg 1280w, https:\/\/www.tuasaude.com\/news\/wp-content\/uploads\/2026\/09\/109545_febre-com-rigidez-na-nuca-e-confusao-quando-nao-da-para-espe_tabela-300x135.jpg 300w, https:\/\/www.tuasaude.com\/news\/wp-content\/uploads\/2026\/09\/109545_febre-com-rigidez-na-nuca-e-confusao-quando-nao-da-para-espe_tabela-1024x460.jpg 1024w, https:\/\/www.tuasaude.com\/news\/wp-content\/uploads\/2026\/09\/109545_febre-com-rigidez-na-nuca-e-confusao-quando-nao-da-para-espe_tabela-768x345.jpg 768w, https:\/\/www.tuasaude.com\/news\/wp-content\/uploads\/2026\/09\/109545_febre-com-rigidez-na-nuca-e-confusao-quando-nao-da-para-espe_tabela-750x337.jpg 750w, https:\/\/www.tuasaude.com\/news\/wp-content\/uploads\/2026\/09\/109545_febre-com-rigidez-na-nuca-e-confusao-quando-nao-da-para-espe_tabela-1140x512.jpg 1140w\" sizes=\"(max-width: 1280px) 100vw, 1280px\" \/><figcaption class=\"wp-element-caption\">Meningite: 6 sinais de alerta que exigem atendimento m\u00e9dico imediato<\/figcaption><\/figure>\n<\/div>\n\n\n<h2 class=\"wp-block-heading\">Por que agir r\u00e1pido faz diferen\u00e7a<\/h2>\n\n\n\n<p class=\"wp-block-paragraph\">A meningite bacteriana geralmente \u00e9 mais grave e pode evoluir rapidamente, por isso o tratamento hospitalar n\u00e3o deve ser adiado quando existe suspeita cl\u00ednica. Saiba mais sobre os <a href=\"https:\/\/www.tuasaude.com\/meningite\/\" target=\"_blank\" rel=\"noopener noreferrer\">sintomas, tipos e tratamento da meningite<\/a>.<\/p>\n\n\n\n<p class=\"wp-block-paragraph\">Em beb\u00eas, os sinais podem ser menos t\u00edpicos e incluir irritabilidade, dificuldade para mamar, sonol\u00eancia excessiva, v\u00f4mitos ou moleira abaulada. Em qualquer idade, <strong>confus\u00e3o, dificuldade para despertar, convuls\u00f5es ou piora r\u00e1pida<\/strong> justificam atendimento de emerg\u00eancia.<\/p>\n\n\n\n<p class=\"wp-block-paragraph\"><strong>Este conte\u00fado \u00e9 apenas informativo e n\u00e3o substitui a avalia\u00e7\u00e3o, o diagn\u00f3stico ou o acompanhamento de um m\u00e9dico.<\/strong><\/p>\n","protected":false},"excerpt":{"rendered":"<p>Febre acompanhada de rigidez na nuca, dor de cabe\u00e7a intensa e confus\u00e3o pode indicar meningite, uma inflama\u00e7\u00e3o das membranas que envolvem o c\u00e9rebro e a medula. Como a forma bacteriana pode evoluir rapidamente e causar complica\u00e7\u00f5es graves, esse conjunto de sintomas exige avalia\u00e7\u00e3o m\u00e9dica imediata, em vez de esperar uma melhora em casa. Quando a [&hellip;]<\/p>\n","protected":false},"author":12,"featured_media":109546,"comment_status":"open","ping_status":"open","sticky":false,"template":"","format":"standard","meta":{"_yoast_wpseo_focuskw":"rigidez na nuca","_yoast_wpseo_title":"","_yoast_wpseo_metadesc":"Rigidez na nuca com febre, dor de cabe\u00e7a e confus\u00e3o pode indicar meningite. Veja os sinais de alerta e por que procurar atendimento imediato.","jnews-multi-image_gallery":[],"jnews_single_post":{"format":"standard"},"jnews_primary_category":[],"jnews_social_meta":[],"jnews_override_counter":[],"footnotes":""},"categories":[111],"tags":[1598,13443,13442],"class_list":["post-109545","post","type-post","status-publish","format-standard","has-post-thumbnail","hentry","category-saude","tag-confusao-mental","tag-febre-e-dor-de-cabeca","tag-sintomas-de-meningite"],"yoast_head":"<!-- This site is optimized with the Yoast SEO plugin v26.7 - https:\/\/yoast.com\/wordpress\/plugins\/seo\/ -->\n<title>Febre com rigidez na nuca e confus\u00e3o: quando n\u00e3o d\u00e1 para esperar melhorar em casa - Tua Sa\u00fade<\/title>\n<meta name=\"description\" content=\"Rigidez na nuca com febre, dor de cabe\u00e7a e confus\u00e3o pode indicar meningite. Veja os sinais de alerta e por que procurar atendimento imediato.\" \/>\n<meta name=\"robots\" content=\"index, follow, max-snippet:-1, max-image-preview:large, max-video-preview:-1\" \/>\n<link rel=\"canonical\" href=\"https:\/\/www.tuasaude.com\/news\/2026\/09\/06\/febre-com-rigidez-na-nuca-e-confusao-quando-nao-da-para-esperar-melhorar-em-casa\/\" \/>\n<meta property=\"og:locale\" content=\"pt_BR\" \/>\n<meta property=\"og:type\" content=\"article\" \/>\n<meta property=\"og:title\" content=\"Febre com rigidez na nuca e confus\u00e3o: quando n\u00e3o d\u00e1 para esperar melhorar em casa - Tua Sa\u00fade\" \/>\n<meta property=\"og:description\" content=\"Rigidez na nuca com febre, dor de cabe\u00e7a e confus\u00e3o pode indicar meningite. Veja os sinais de alerta e por que procurar atendimento imediato.\" \/>\n<meta property=\"og:url\" content=\"https:\/\/www.tuasaude.com\/news\/2026\/09\/06\/febre-com-rigidez-na-nuca-e-confusao-quando-nao-da-para-esperar-melhorar-em-casa\/\" \/>\n<meta property=\"og:site_name\" content=\"Tua Sa\u00fade\" \/>\n<meta property=\"article:published_time\" content=\"2026-09-06T22:00:00+00:00\" \/>\n<meta property=\"og:image\" content=\"https:\/\/www.tuasaude.com\/news\/wp-content\/uploads\/2026\/09\/109545_febre-com-rigidez-na-nuca-e-confusao-quando-nao-da-para-espe_destaque.jpg\" \/>\n\t<meta property=\"og:image:width\" content=\"1280\" \/>\n\t<meta property=\"og:image:height\" content=\"714\" \/>\n\t<meta property=\"og:image:type\" content=\"image\/jpeg\" \/>\n<meta name=\"author\" content=\"Jeferson Henrique\" \/>\n<meta name=\"twitter:card\" content=\"summary_large_image\" \/>\n<meta name=\"twitter:label1\" content=\"Escrito por\" \/>\n\t<meta name=\"twitter:data1\" content=\"Jeferson Henrique\" \/>\n\t<meta name=\"twitter:label2\" content=\"Est. tempo de leitura\" \/>\n\t<meta name=\"twitter:data2\" content=\"3 minutos\" \/>\n<!-- \/ Yoast SEO plugin. -->","yoast_head_json":{"title":"Febre com rigidez na nuca e confus\u00e3o: quando n\u00e3o d\u00e1 para esperar melhorar em casa - Tua Sa\u00fade","description":"Rigidez na nuca com febre, dor de cabe\u00e7a e confus\u00e3o pode indicar meningite. Veja os sinais de alerta e por que procurar atendimento imediato.","robots":{"index":"index","follow":"follow","max-snippet":"max-snippet:-1","max-image-preview":"max-image-preview:large","max-video-preview":"max-video-preview:-1"},"canonical":"https:\/\/www.tuasaude.com\/news\/2026\/09\/06\/febre-com-rigidez-na-nuca-e-confusao-quando-nao-da-para-esperar-melhorar-em-casa\/","og_locale":"pt_BR","og_type":"article","og_title":"Febre com rigidez na nuca e confus\u00e3o: quando n\u00e3o d\u00e1 para esperar melhorar em casa - Tua Sa\u00fade","og_description":"Rigidez na nuca com febre, dor de cabe\u00e7a e confus\u00e3o pode indicar meningite. Veja os sinais de alerta e por que procurar atendimento imediato.","og_url":"https:\/\/www.tuasaude.com\/news\/2026\/09\/06\/febre-com-rigidez-na-nuca-e-confusao-quando-nao-da-para-esperar-melhorar-em-casa\/","og_site_name":"Tua Sa\u00fade","article_published_time":"2026-09-06T22:00:00+00:00","og_image":[{"width":1280,"height":714,"url":"https:\/\/www.tuasaude.com\/news\/wp-content\/uploads\/2026\/09\/109545_febre-com-rigidez-na-nuca-e-confusao-quando-nao-da-para-espe_destaque.jpg","type":"image\/jpeg"}],"author":"Jeferson Henrique","twitter_card":"summary_large_image","twitter_misc":{"Escrito por":"Jeferson Henrique","Est. tempo de leitura":"3 minutos"},"schema":{"@context":"https:\/\/schema.org","@graph":[{"@type":"Article","@id":"https:\/\/www.tuasaude.com\/news\/2026\/09\/06\/febre-com-rigidez-na-nuca-e-confusao-quando-nao-da-para-esperar-melhorar-em-casa\/#article","isPartOf":{"@id":"https:\/\/www.tuasaude.com\/news\/2026\/09\/06\/febre-com-rigidez-na-nuca-e-confusao-quando-nao-da-para-esperar-melhorar-em-casa\/"},"author":{"name":"Jeferson Henrique","@id":"https:\/\/www.tuasaude.com\/news\/#\/schema\/person\/963d63d4e1f0c81f5f3a70ba4bcb0ef7"},"headline":"Febre com rigidez na nuca e confus\u00e3o: quando n\u00e3o d\u00e1 para esperar melhorar em casa","datePublished":"2026-09-06T22:00:00+00:00","mainEntityOfPage":{"@id":"https:\/\/www.tuasaude.com\/news\/2026\/09\/06\/febre-com-rigidez-na-nuca-e-confusao-quando-nao-da-para-esperar-melhorar-em-casa\/"},"wordCount":580,"commentCount":0,"image":{"@id":"https:\/\/www.tuasaude.com\/news\/2026\/09\/06\/febre-com-rigidez-na-nuca-e-confusao-quando-nao-da-para-esperar-melhorar-em-casa\/#primaryimage"},"thumbnailUrl":"https:\/\/www.tuasaude.com\/news\/wp-content\/uploads\/2026\/09\/109545_febre-com-rigidez-na-nuca-e-confusao-quando-nao-da-para-espe_destaque.jpg","keywords":["Confus\u00e3o mental","febre e dor de cabe\u00e7a","sintomas de meningite"],"articleSection":["Sa\u00fade"],"inLanguage":"pt-BR","potentialAction":[{"@type":"CommentAction","name":"Comment","target":["https:\/\/www.tuasaude.com\/news\/2026\/09\/06\/febre-com-rigidez-na-nuca-e-confusao-quando-nao-da-para-esperar-melhorar-em-casa\/#respond"]}]},{"@type":"WebPage","@id":"https:\/\/www.tuasaude.com\/news\/2026\/09\/06\/febre-com-rigidez-na-nuca-e-confusao-quando-nao-da-para-esperar-melhorar-em-casa\/","url":"https:\/\/www.tuasaude.com\/news\/2026\/09\/06\/febre-com-rigidez-na-nuca-e-confusao-quando-nao-da-para-esperar-melhorar-em-casa\/","name":"Febre com rigidez na nuca e confus\u00e3o: quando n\u00e3o d\u00e1 para esperar melhorar em casa - Tua Sa\u00fade","isPartOf":{"@id":"https:\/\/www.tuasaude.com\/news\/#website"},"primaryImageOfPage":{"@id":"https:\/\/www.tuasaude.com\/news\/2026\/09\/06\/febre-com-rigidez-na-nuca-e-confusao-quando-nao-da-para-esperar-melhorar-em-casa\/#primaryimage"},"image":{"@id":"https:\/\/www.tuasaude.com\/news\/2026\/09\/06\/febre-com-rigidez-na-nuca-e-confusao-quando-nao-da-para-esperar-melhorar-em-casa\/#primaryimage"},"thumbnailUrl":"https:\/\/www.tuasaude.com\/news\/wp-content\/uploads\/2026\/09\/109545_febre-com-rigidez-na-nuca-e-confusao-quando-nao-da-para-espe_destaque.jpg","datePublished":"2026-09-06T22:00:00+00:00","author":{"@id":"https:\/\/www.tuasaude.com\/news\/#\/schema\/person\/963d63d4e1f0c81f5f3a70ba4bcb0ef7"},"description":"Rigidez na nuca com febre, dor de cabe\u00e7a e confus\u00e3o pode indicar meningite. Veja os sinais de alerta e por que procurar atendimento imediato.","breadcrumb":{"@id":"https:\/\/www.tuasaude.com\/news\/2026\/09\/06\/febre-com-rigidez-na-nuca-e-confusao-quando-nao-da-para-esperar-melhorar-em-casa\/#breadcrumb"},"inLanguage":"pt-BR","potentialAction":[{"@type":"ReadAction","target":["https:\/\/www.tuasaude.com\/news\/2026\/09\/06\/febre-com-rigidez-na-nuca-e-confusao-quando-nao-da-para-esperar-melhorar-em-casa\/"]}]},{"@type":"ImageObject","inLanguage":"pt-BR","@id":"https:\/\/www.tuasaude.com\/news\/2026\/09\/06\/febre-com-rigidez-na-nuca-e-confusao-quando-nao-da-para-esperar-melhorar-em-casa\/#primaryimage","url":"https:\/\/www.tuasaude.com\/news\/wp-content\/uploads\/2026\/09\/109545_febre-com-rigidez-na-nuca-e-confusao-quando-nao-da-para-espe_destaque.jpg","contentUrl":"https:\/\/www.tuasaude.com\/news\/wp-content\/uploads\/2026\/09\/109545_febre-com-rigidez-na-nuca-e-confusao-quando-nao-da-para-espe_destaque.jpg","width":1280,"height":714,"caption":"Febre com rigidez na nuca, dor de cabe\u00e7a intensa e confus\u00e3o exige avalia\u00e7\u00e3o m\u00e9dica imediata."},{"@type":"BreadcrumbList","@id":"https:\/\/www.tuasaude.com\/news\/2026\/09\/06\/febre-com-rigidez-na-nuca-e-confusao-quando-nao-da-para-esperar-melhorar-em-casa\/#breadcrumb","itemListElement":[{"@type":"ListItem","position":1,"name":"In\u00edcio","item":"https:\/\/www.tuasaude.com\/news\/"},{"@type":"ListItem","position":2,"name":"Febre com rigidez na nuca e confus\u00e3o: quando n\u00e3o d\u00e1 para esperar melhorar em casa"}]},{"@type":"WebSite","@id":"https:\/\/www.tuasaude.com\/news\/#website","url":"https:\/\/www.tuasaude.com\/news\/","name":"Tua Sa\u00fade","description":"Seu site de sa\u00fade","potentialAction":[{"@type":"SearchAction","target":{"@type":"EntryPoint","urlTemplate":"https:\/\/www.tuasaude.com\/news\/?s={search_term_string}"},"query-input":{"@type":"PropertyValueSpecification","valueRequired":true,"valueName":"search_term_string"}}],"inLanguage":"pt-BR"},{"@type":"Person","@id":"https:\/\/www.tuasaude.com\/news\/#\/schema\/person\/963d63d4e1f0c81f5f3a70ba4bcb0ef7","name":"Jeferson Henrique","image":{"@type":"ImageObject","inLanguage":"pt-BR","@id":"https:\/\/www.tuasaude.com\/news\/#\/schema\/person\/image\/","url":"https:\/\/secure.gravatar.com\/avatar\/1a476a54a48eb3cdea5dd2f016708263892c6b9f5e54b641df7c65e980fd6f69?s=96&d=mm&r=g","contentUrl":"https:\/\/secure.gravatar.com\/avatar\/1a476a54a48eb3cdea5dd2f016708263892c6b9f5e54b641df7c65e980fd6f69?s=96&d=mm&r=g","caption":"Jeferson Henrique"},"sameAs":["https:\/\/www.tuasaude.com\/news\/"],"url":"https:\/\/www.tuasaude.com\/news\/author\/jeferson-henrique\/"}]}},"_links":{"self":[{"href":"https:\/\/www.tuasaude.com\/news\/wp-json\/wp\/v2\/posts\/109545","targetHints":{"allow":["GET"]}}],"collection":[{"href":"https:\/\/www.tuasaude.com\/news\/wp-json\/wp\/v2\/posts"}],"about":[{"href":"https:\/\/www.tuasaude.com\/news\/wp-json\/wp\/v2\/types\/post"}],"author":[{"embeddable":true,"href":"https:\/\/www.tuasaude.com\/news\/wp-json\/wp\/v2\/users\/12"}],"replies":[{"embeddable":true,"href":"https:\/\/www.tuasaude.com\/news\/wp-json\/wp\/v2\/comments?post=109545"}],"version-history":[{"count":1,"href":"https:\/\/www.tuasaude.com\/news\/wp-json\/wp\/v2\/posts\/109545\/revisions"}],"predecessor-version":[{"id":109549,"href":"https:\/\/www.tuasaude.com\/news\/wp-json\/wp\/v2\/posts\/109545\/revisions\/109549"}],"wp:featuredmedia":[{"embeddable":true,"href":"https:\/\/www.tuasaude.com\/news\/wp-json\/wp\/v2\/media\/109546"}],"wp:attachment":[{"href":"https:\/\/www.tuasaude.com\/news\/wp-json\/wp\/v2\/media?parent=109545"}],"wp:term":[{"taxonomy":"category","embeddable":true,"href":"https:\/\/www.tuasaude.com\/news\/wp-json\/wp\/v2\/categories?post=109545"},{"taxonomy":"post_tag","embeddable":true,"href":"https:\/\/www.tuasaude.com\/news\/wp-json\/wp\/v2\/tags?post=109545"}],"curies":[{"name":"wp","href":"https:\/\/api.w.org\/{rel}","templated":true}]}}