{"id":109536,"date":"2026-09-06T18:10:00","date_gmt":"2026-09-06T21:10:00","guid":{"rendered":"https:\/\/www.tuasaude.com\/news\/?p=109536"},"modified":"2026-09-06T11:59:44","modified_gmt":"2026-09-06T14:59:44","slug":"febre-com-dor-no-corpo-e-atras-dos-olhos-quando-pensar-em-dengue","status":"publish","type":"post","link":"https:\/\/www.tuasaude.com\/news\/2026\/09\/06\/febre-com-dor-no-corpo-e-atras-dos-olhos-quando-pensar-em-dengue\/","title":{"rendered":"Febre com dor no corpo e atr\u00e1s dos olhos: quando pensar em dengue"},"content":{"rendered":"\n<p class=\"wp-block-paragraph\">Febre de in\u00edcio repentino acompanhada de <strong>dor no corpo, dor de cabe\u00e7a, dor atr\u00e1s dos olhos e prostra\u00e7\u00e3o<\/strong> combina com o quadro frequente de dengue. Esses sintomas, por\u00e9m, tamb\u00e9m podem ocorrer em outras infec\u00e7\u00f5es virais, por isso n\u00e3o confirmam a doen\u00e7a sozinhos e precisam ser avaliados em conjunto com a evolu\u00e7\u00e3o do quadro.<\/p>\n\n\n\n<h2 class=\"wp-block-heading\">Quais sintomas de dengue aparecem no in\u00edcio<\/h2>\n\n\n\n<p class=\"wp-block-paragraph\">Nos primeiros dias, os <strong>sintomas de dengue<\/strong> podem se parecer com os de outras viroses. A suspeita aumenta quando a febre surge de forma abrupta e vem acompanhada de v\u00e1rios sinais caracter\u00edsticos.<\/p>\n\n\n\n<ul class=\"wp-block-list\">\n<li>Febre alta de in\u00edcio repentino;<\/li>\n<li><strong>Dor de cabe\u00e7a ou atr\u00e1s dos olhos<\/strong>;<\/li>\n<li>Dores musculares e nas articula\u00e7\u00f5es;<\/li>\n<li>Prostra\u00e7\u00e3o e fraqueza;<\/li>\n<li>N\u00e1usea, perda de apetite ou manchas vermelhas na pele.<\/li>\n<\/ul>\n\n\n\n<p class=\"wp-block-paragraph\">O <a href=\"https:\/\/www.gov.br\/saude\/pt-br\/assuntos\/saude-de-a-a-z\/d\/dengue\" target=\"_blank\" rel=\"noopener noreferrer\">Minist\u00e9rio da Sa\u00fade<\/a> orienta procurar um servi\u00e7o de sa\u00fade diante de febre alta repentina associada a manifesta\u00e7\u00f5es como dor de cabe\u00e7a, dores no corpo, prostra\u00e7\u00e3o ou dor atr\u00e1s dos olhos.<\/p>\n\n\n\n<h2 class=\"wp-block-heading\">Por que a febre baixar ainda exige aten\u00e7\u00e3o<\/h2>\n\n\n<div class=\"wp-block-image wp-block-image size-large\">\n<figure class=\"aligncenter\"><img decoding=\"async\" width=\"1280\" height=\"714\" src=\"https:\/\/www.tuasaude.com\/news\/wp-content\/uploads\/2026\/09\/109536_febre-com-dor-no-corpo-e-atras-dos-olhos-quando-pensar-em-de_corpo.jpg\" alt=\"Dor abdominal, v\u00f4mitos persistentes e sangramentos s\u00e3o sinais de alarme na dengue.\" class=\"wp-image-109538\" srcset=\"https:\/\/www.tuasaude.com\/news\/wp-content\/uploads\/2026\/09\/109536_febre-com-dor-no-corpo-e-atras-dos-olhos-quando-pensar-em-de_corpo.jpg 1280w, https:\/\/www.tuasaude.com\/news\/wp-content\/uploads\/2026\/09\/109536_febre-com-dor-no-corpo-e-atras-dos-olhos-quando-pensar-em-de_corpo-300x167.jpg 300w, https:\/\/www.tuasaude.com\/news\/wp-content\/uploads\/2026\/09\/109536_febre-com-dor-no-corpo-e-atras-dos-olhos-quando-pensar-em-de_corpo-1024x571.jpg 1024w, https:\/\/www.tuasaude.com\/news\/wp-content\/uploads\/2026\/09\/109536_febre-com-dor-no-corpo-e-atras-dos-olhos-quando-pensar-em-de_corpo-768x428.jpg 768w, https:\/\/www.tuasaude.com\/news\/wp-content\/uploads\/2026\/09\/109536_febre-com-dor-no-corpo-e-atras-dos-olhos-quando-pensar-em-de_corpo-750x418.jpg 750w, https:\/\/www.tuasaude.com\/news\/wp-content\/uploads\/2026\/09\/109536_febre-com-dor-no-corpo-e-atras-dos-olhos-quando-pensar-em-de_corpo-1140x636.jpg 1140w\" sizes=\"(max-width: 1280px) 100vw, 1280px\" \/><figcaption class=\"wp-element-caption\">Dor abdominal, v\u00f4mitos persistentes e sangramentos s\u00e3o sinais de alarme na dengue.<\/figcaption><\/figure>\n<\/div>\n\n\n<p class=\"wp-block-paragraph\">Na dengue, a melhora da febre nem sempre significa que o risco terminou. Entre o terceiro e o s\u00e9timo dia da doen\u00e7a, justamente quando a temperatura pode come\u00e7ar a cair, algumas pessoas entram em uma fase de maior risco de complica\u00e7\u00f5es.<\/p>\n\n\n\n<p class=\"wp-block-paragraph\">Por isso, \u00e9 importante acompanhar n\u00e3o apenas a febre, mas tamb\u00e9m mudan\u00e7as no estado geral. Entenda melhor os <a href=\"https:\/\/www.tuasaude.com\/sintomas-da-dengue\/\" target=\"_blank\" rel=\"noopener noreferrer\">sintomas da dengue<\/a> e como eles podem evoluir ao longo dos dias.<\/p>\n\n\n\n<h2 class=\"wp-block-heading\">O que um estudo cient\u00edfico mostra sobre sinais de alarme<\/h2>\n\n\n\n<p class=\"wp-block-paragraph\">Segundo a revis\u00e3o sistem\u00e1tica e meta-an\u00e1lise <a href=\"https:\/\/pubmed.ncbi.nlm.nih.gov\/34036893\/\" target=\"_blank\" rel=\"noopener noreferrer\"><em>Clinical signs and symptoms associated with WHO severe dengue classification<\/em><\/a>, publicada na <em>Systematic Reviews<\/em>, alguns achados cl\u00ednicos ajudam a identificar pacientes com maior risco de desenvolver dengue grave.<\/p>\n\n\n\n<p class=\"wp-block-paragraph\">A an\u00e1lise reuniu 39 estudos e encontrou associa\u00e7\u00e3o entre manifesta\u00e7\u00f5es como <strong>v\u00f4mitos persistentes, dor abdominal e sangramentos<\/strong> e maior risco de gravidade. Isso refor\u00e7a a necessidade de observar atentamente a evolu\u00e7\u00e3o dos sintomas, especialmente quando a febre come\u00e7a a diminuir.<\/p>\n\n\n\n<h2 class=\"wp-block-heading\">O que fazer enquanto h\u00e1 suspeita de dengue<\/h2>\n\n\n\n<p class=\"wp-block-paragraph\">Repouso e hidrata\u00e7\u00e3o s\u00e3o importantes enquanto a pessoa aguarda avalia\u00e7\u00e3o ou segue a orienta\u00e7\u00e3o recebida no servi\u00e7o de sa\u00fade. A automedica\u00e7\u00e3o deve ser evitada, porque alguns medicamentos podem ser inadequados quando existe suspeita de dengue.<\/p>\n\n\n\n<ul class=\"wp-block-list\">\n<li>Beba \u00e1gua e outros l\u00edquidos regularmente;<\/li>\n<li>Observe a quantidade de urina e sinais de desidrata\u00e7\u00e3o;<\/li>\n<li><strong>N\u00e3o tome medicamentos por conta pr\u00f3pria<\/strong>;<\/li>\n<li>Descanse e evite esfor\u00e7o f\u00edsico intenso;<\/li>\n<li>Acompanhe os sintomas mesmo depois que a febre diminuir.<\/li>\n<\/ul>\n\n\n<div class=\"wp-block-image wp-block-image size-large\">\n<figure class=\"aligncenter\"><img decoding=\"async\" width=\"1280\" height=\"575\" src=\"https:\/\/www.tuasaude.com\/news\/wp-content\/uploads\/2026\/09\/109536_febre-com-dor-no-corpo-e-atras-dos-olhos-quando-pensar-em-de_tabela.jpg\" alt=\"Dengue: 6 sinais para reconhecer os sintomas e saber quando procurar atendimento\" class=\"wp-image-109539\" srcset=\"https:\/\/www.tuasaude.com\/news\/wp-content\/uploads\/2026\/09\/109536_febre-com-dor-no-corpo-e-atras-dos-olhos-quando-pensar-em-de_tabela.jpg 1280w, https:\/\/www.tuasaude.com\/news\/wp-content\/uploads\/2026\/09\/109536_febre-com-dor-no-corpo-e-atras-dos-olhos-quando-pensar-em-de_tabela-300x135.jpg 300w, https:\/\/www.tuasaude.com\/news\/wp-content\/uploads\/2026\/09\/109536_febre-com-dor-no-corpo-e-atras-dos-olhos-quando-pensar-em-de_tabela-1024x460.jpg 1024w, https:\/\/www.tuasaude.com\/news\/wp-content\/uploads\/2026\/09\/109536_febre-com-dor-no-corpo-e-atras-dos-olhos-quando-pensar-em-de_tabela-768x345.jpg 768w, https:\/\/www.tuasaude.com\/news\/wp-content\/uploads\/2026\/09\/109536_febre-com-dor-no-corpo-e-atras-dos-olhos-quando-pensar-em-de_tabela-750x337.jpg 750w, https:\/\/www.tuasaude.com\/news\/wp-content\/uploads\/2026\/09\/109536_febre-com-dor-no-corpo-e-atras-dos-olhos-quando-pensar-em-de_tabela-1140x512.jpg 1140w\" sizes=\"(max-width: 1280px) 100vw, 1280px\" \/><figcaption class=\"wp-element-caption\">Dengue: 6 sinais para reconhecer os sintomas e saber quando procurar atendimento<\/figcaption><\/figure>\n<\/div>\n\n\n<h2 class=\"wp-block-heading\">Quais sinais exigem atendimento imediato<\/h2>\n\n\n\n<p class=\"wp-block-paragraph\"><strong>Dor abdominal intensa, v\u00f4mitos repetidos, sangramento, falta de ar, tontura ou sensa\u00e7\u00e3o de desmaio<\/strong> s\u00e3o sinais de alarme e exigem atendimento r\u00e1pido. Uma piora importante justamente quando a febre come\u00e7a a baixar tamb\u00e9m merece avalia\u00e7\u00e3o imediata.<\/p>\n\n\n\n<p class=\"wp-block-paragraph\">Crian\u00e7as, gestantes, idosos e pessoas com doen\u00e7as cr\u00f4nicas precisam de acompanhamento cuidadoso diante da suspeita de dengue, devido ao maior risco de complica\u00e7\u00f5es em alguns casos.<\/p>\n\n\n\n<p class=\"wp-block-paragraph\"><strong>Este conte\u00fado \u00e9 apenas informativo e n\u00e3o substitui a avalia\u00e7\u00e3o, o diagn\u00f3stico ou o acompanhamento de um m\u00e9dico.<\/strong><\/p>\n","protected":false},"excerpt":{"rendered":"<p>Febre de in\u00edcio repentino acompanhada de dor no corpo, dor de cabe\u00e7a, dor atr\u00e1s dos olhos e prostra\u00e7\u00e3o combina com o quadro frequente de dengue. Esses sintomas, por\u00e9m, tamb\u00e9m podem ocorrer em outras infec\u00e7\u00f5es virais, por isso n\u00e3o confirmam a doen\u00e7a sozinhos e precisam ser avaliados em conjunto com a evolu\u00e7\u00e3o do quadro. Quais sintomas [&hellip;]<\/p>\n","protected":false},"author":12,"featured_media":109537,"comment_status":"open","ping_status":"open","sticky":false,"template":"","format":"standard","meta":{"_yoast_wpseo_focuskw":"sintomas de dengue","_yoast_wpseo_title":"","_yoast_wpseo_metadesc":"Sintomas de dengue incluem febre alta, dor no corpo e atr\u00e1s dos olhos. Veja sinais de alarme, cuidados e quando procurar atendimento m\u00e9dico.","jnews-multi-image_gallery":[],"jnews_single_post":{"format":"standard"},"jnews_primary_category":[],"jnews_social_meta":[],"jnews_override_counter":[],"footnotes":""},"categories":[111],"tags":[8938,4486,13441],"class_list":["post-109536","post","type-post","status-publish","format-standard","has-post-thumbnail","hentry","category-saude","tag-dor-atras-dos-olhos","tag-febre-alta","tag-sinais-de-dengue"],"yoast_head":"<!-- This site is optimized with the Yoast SEO plugin v26.7 - https:\/\/yoast.com\/wordpress\/plugins\/seo\/ -->\n<title>Febre com dor no corpo e atr\u00e1s dos olhos: quando pensar em dengue - Tua Sa\u00fade<\/title>\n<meta name=\"description\" content=\"Sintomas de dengue incluem febre alta, dor no corpo e atr\u00e1s dos olhos. Veja sinais de alarme, cuidados e quando procurar atendimento m\u00e9dico.\" \/>\n<meta name=\"robots\" content=\"index, follow, max-snippet:-1, max-image-preview:large, max-video-preview:-1\" \/>\n<link rel=\"canonical\" href=\"https:\/\/www.tuasaude.com\/news\/2026\/09\/06\/febre-com-dor-no-corpo-e-atras-dos-olhos-quando-pensar-em-dengue\/\" \/>\n<meta property=\"og:locale\" content=\"pt_BR\" \/>\n<meta property=\"og:type\" content=\"article\" \/>\n<meta property=\"og:title\" content=\"Febre com dor no corpo e atr\u00e1s dos olhos: quando pensar em dengue - Tua Sa\u00fade\" \/>\n<meta property=\"og:description\" content=\"Sintomas de dengue incluem febre alta, dor no corpo e atr\u00e1s dos olhos. Veja sinais de alarme, cuidados e quando procurar atendimento m\u00e9dico.\" \/>\n<meta property=\"og:url\" content=\"https:\/\/www.tuasaude.com\/news\/2026\/09\/06\/febre-com-dor-no-corpo-e-atras-dos-olhos-quando-pensar-em-dengue\/\" \/>\n<meta property=\"og:site_name\" content=\"Tua Sa\u00fade\" \/>\n<meta property=\"article:published_time\" content=\"2026-09-06T21:10:00+00:00\" \/>\n<meta property=\"og:image\" content=\"https:\/\/www.tuasaude.com\/news\/wp-content\/uploads\/2026\/09\/109536_febre-com-dor-no-corpo-e-atras-dos-olhos-quando-pensar-em-de_destaque.jpg\" \/>\n\t<meta property=\"og:image:width\" content=\"1280\" \/>\n\t<meta property=\"og:image:height\" content=\"714\" \/>\n\t<meta property=\"og:image:type\" content=\"image\/jpeg\" \/>\n<meta name=\"author\" content=\"Jeferson Henrique\" \/>\n<meta name=\"twitter:card\" content=\"summary_large_image\" \/>\n<meta name=\"twitter:label1\" content=\"Escrito por\" \/>\n\t<meta name=\"twitter:data1\" content=\"Jeferson Henrique\" \/>\n\t<meta name=\"twitter:label2\" content=\"Est. tempo de leitura\" \/>\n\t<meta name=\"twitter:data2\" content=\"3 minutos\" \/>\n<!-- \/ Yoast SEO plugin. -->","yoast_head_json":{"title":"Febre com dor no corpo e atr\u00e1s dos olhos: quando pensar em dengue - Tua Sa\u00fade","description":"Sintomas de dengue incluem febre alta, dor no corpo e atr\u00e1s dos olhos. Veja sinais de alarme, cuidados e quando procurar atendimento m\u00e9dico.","robots":{"index":"index","follow":"follow","max-snippet":"max-snippet:-1","max-image-preview":"max-image-preview:large","max-video-preview":"max-video-preview:-1"},"canonical":"https:\/\/www.tuasaude.com\/news\/2026\/09\/06\/febre-com-dor-no-corpo-e-atras-dos-olhos-quando-pensar-em-dengue\/","og_locale":"pt_BR","og_type":"article","og_title":"Febre com dor no corpo e atr\u00e1s dos olhos: quando pensar em dengue - Tua Sa\u00fade","og_description":"Sintomas de dengue incluem febre alta, dor no corpo e atr\u00e1s dos olhos. Veja sinais de alarme, cuidados e quando procurar atendimento m\u00e9dico.","og_url":"https:\/\/www.tuasaude.com\/news\/2026\/09\/06\/febre-com-dor-no-corpo-e-atras-dos-olhos-quando-pensar-em-dengue\/","og_site_name":"Tua Sa\u00fade","article_published_time":"2026-09-06T21:10:00+00:00","og_image":[{"width":1280,"height":714,"url":"https:\/\/www.tuasaude.com\/news\/wp-content\/uploads\/2026\/09\/109536_febre-com-dor-no-corpo-e-atras-dos-olhos-quando-pensar-em-de_destaque.jpg","type":"image\/jpeg"}],"author":"Jeferson Henrique","twitter_card":"summary_large_image","twitter_misc":{"Escrito por":"Jeferson Henrique","Est. tempo de leitura":"3 minutos"},"schema":{"@context":"https:\/\/schema.org","@graph":[{"@type":"Article","@id":"https:\/\/www.tuasaude.com\/news\/2026\/09\/06\/febre-com-dor-no-corpo-e-atras-dos-olhos-quando-pensar-em-dengue\/#article","isPartOf":{"@id":"https:\/\/www.tuasaude.com\/news\/2026\/09\/06\/febre-com-dor-no-corpo-e-atras-dos-olhos-quando-pensar-em-dengue\/"},"author":{"name":"Jeferson Henrique","@id":"https:\/\/www.tuasaude.com\/news\/#\/schema\/person\/963d63d4e1f0c81f5f3a70ba4bcb0ef7"},"headline":"Febre com dor no corpo e atr\u00e1s dos olhos: quando pensar em dengue","datePublished":"2026-09-06T21:10:00+00:00","mainEntityOfPage":{"@id":"https:\/\/www.tuasaude.com\/news\/2026\/09\/06\/febre-com-dor-no-corpo-e-atras-dos-olhos-quando-pensar-em-dengue\/"},"wordCount":591,"commentCount":0,"image":{"@id":"https:\/\/www.tuasaude.com\/news\/2026\/09\/06\/febre-com-dor-no-corpo-e-atras-dos-olhos-quando-pensar-em-dengue\/#primaryimage"},"thumbnailUrl":"https:\/\/www.tuasaude.com\/news\/wp-content\/uploads\/2026\/09\/109536_febre-com-dor-no-corpo-e-atras-dos-olhos-quando-pensar-em-de_destaque.jpg","keywords":["dor atr\u00e1s dos olhos","febre alta","sinais de dengue"],"articleSection":["Sa\u00fade"],"inLanguage":"pt-BR","potentialAction":[{"@type":"CommentAction","name":"Comment","target":["https:\/\/www.tuasaude.com\/news\/2026\/09\/06\/febre-com-dor-no-corpo-e-atras-dos-olhos-quando-pensar-em-dengue\/#respond"]}]},{"@type":"WebPage","@id":"https:\/\/www.tuasaude.com\/news\/2026\/09\/06\/febre-com-dor-no-corpo-e-atras-dos-olhos-quando-pensar-em-dengue\/","url":"https:\/\/www.tuasaude.com\/news\/2026\/09\/06\/febre-com-dor-no-corpo-e-atras-dos-olhos-quando-pensar-em-dengue\/","name":"Febre com dor no corpo e atr\u00e1s dos olhos: quando pensar em dengue - Tua Sa\u00fade","isPartOf":{"@id":"https:\/\/www.tuasaude.com\/news\/#website"},"primaryImageOfPage":{"@id":"https:\/\/www.tuasaude.com\/news\/2026\/09\/06\/febre-com-dor-no-corpo-e-atras-dos-olhos-quando-pensar-em-dengue\/#primaryimage"},"image":{"@id":"https:\/\/www.tuasaude.com\/news\/2026\/09\/06\/febre-com-dor-no-corpo-e-atras-dos-olhos-quando-pensar-em-dengue\/#primaryimage"},"thumbnailUrl":"https:\/\/www.tuasaude.com\/news\/wp-content\/uploads\/2026\/09\/109536_febre-com-dor-no-corpo-e-atras-dos-olhos-quando-pensar-em-de_destaque.jpg","datePublished":"2026-09-06T21:10:00+00:00","author":{"@id":"https:\/\/www.tuasaude.com\/news\/#\/schema\/person\/963d63d4e1f0c81f5f3a70ba4bcb0ef7"},"description":"Sintomas de dengue incluem febre alta, dor no corpo e atr\u00e1s dos olhos. Veja sinais de alarme, cuidados e quando procurar atendimento m\u00e9dico.","breadcrumb":{"@id":"https:\/\/www.tuasaude.com\/news\/2026\/09\/06\/febre-com-dor-no-corpo-e-atras-dos-olhos-quando-pensar-em-dengue\/#breadcrumb"},"inLanguage":"pt-BR","potentialAction":[{"@type":"ReadAction","target":["https:\/\/www.tuasaude.com\/news\/2026\/09\/06\/febre-com-dor-no-corpo-e-atras-dos-olhos-quando-pensar-em-dengue\/"]}]},{"@type":"ImageObject","inLanguage":"pt-BR","@id":"https:\/\/www.tuasaude.com\/news\/2026\/09\/06\/febre-com-dor-no-corpo-e-atras-dos-olhos-quando-pensar-em-dengue\/#primaryimage","url":"https:\/\/www.tuasaude.com\/news\/wp-content\/uploads\/2026\/09\/109536_febre-com-dor-no-corpo-e-atras-dos-olhos-quando-pensar-em-de_destaque.jpg","contentUrl":"https:\/\/www.tuasaude.com\/news\/wp-content\/uploads\/2026\/09\/109536_febre-com-dor-no-corpo-e-atras-dos-olhos-quando-pensar-em-de_destaque.jpg","width":1280,"height":714,"caption":"Febre alta, dor no corpo e dor atr\u00e1s dos olhos podem levantar suspeita de dengue."},{"@type":"BreadcrumbList","@id":"https:\/\/www.tuasaude.com\/news\/2026\/09\/06\/febre-com-dor-no-corpo-e-atras-dos-olhos-quando-pensar-em-dengue\/#breadcrumb","itemListElement":[{"@type":"ListItem","position":1,"name":"In\u00edcio","item":"https:\/\/www.tuasaude.com\/news\/"},{"@type":"ListItem","position":2,"name":"Febre com dor no corpo e atr\u00e1s dos olhos: quando pensar em dengue"}]},{"@type":"WebSite","@id":"https:\/\/www.tuasaude.com\/news\/#website","url":"https:\/\/www.tuasaude.com\/news\/","name":"Tua Sa\u00fade","description":"Seu site de sa\u00fade","potentialAction":[{"@type":"SearchAction","target":{"@type":"EntryPoint","urlTemplate":"https:\/\/www.tuasaude.com\/news\/?s={search_term_string}"},"query-input":{"@type":"PropertyValueSpecification","valueRequired":true,"valueName":"search_term_string"}}],"inLanguage":"pt-BR"},{"@type":"Person","@id":"https:\/\/www.tuasaude.com\/news\/#\/schema\/person\/963d63d4e1f0c81f5f3a70ba4bcb0ef7","name":"Jeferson Henrique","image":{"@type":"ImageObject","inLanguage":"pt-BR","@id":"https:\/\/www.tuasaude.com\/news\/#\/schema\/person\/image\/","url":"https:\/\/secure.gravatar.com\/avatar\/1a476a54a48eb3cdea5dd2f016708263892c6b9f5e54b641df7c65e980fd6f69?s=96&d=mm&r=g","contentUrl":"https:\/\/secure.gravatar.com\/avatar\/1a476a54a48eb3cdea5dd2f016708263892c6b9f5e54b641df7c65e980fd6f69?s=96&d=mm&r=g","caption":"Jeferson Henrique"},"sameAs":["https:\/\/www.tuasaude.com\/news\/"],"url":"https:\/\/www.tuasaude.com\/news\/author\/jeferson-henrique\/"}]}},"_links":{"self":[{"href":"https:\/\/www.tuasaude.com\/news\/wp-json\/wp\/v2\/posts\/109536","targetHints":{"allow":["GET"]}}],"collection":[{"href":"https:\/\/www.tuasaude.com\/news\/wp-json\/wp\/v2\/posts"}],"about":[{"href":"https:\/\/www.tuasaude.com\/news\/wp-json\/wp\/v2\/types\/post"}],"author":[{"embeddable":true,"href":"https:\/\/www.tuasaude.com\/news\/wp-json\/wp\/v2\/users\/12"}],"replies":[{"embeddable":true,"href":"https:\/\/www.tuasaude.com\/news\/wp-json\/wp\/v2\/comments?post=109536"}],"version-history":[{"count":1,"href":"https:\/\/www.tuasaude.com\/news\/wp-json\/wp\/v2\/posts\/109536\/revisions"}],"predecessor-version":[{"id":109540,"href":"https:\/\/www.tuasaude.com\/news\/wp-json\/wp\/v2\/posts\/109536\/revisions\/109540"}],"wp:featuredmedia":[{"embeddable":true,"href":"https:\/\/www.tuasaude.com\/news\/wp-json\/wp\/v2\/media\/109537"}],"wp:attachment":[{"href":"https:\/\/www.tuasaude.com\/news\/wp-json\/wp\/v2\/media?parent=109536"}],"wp:term":[{"taxonomy":"category","embeddable":true,"href":"https:\/\/www.tuasaude.com\/news\/wp-json\/wp\/v2\/categories?post=109536"},{"taxonomy":"post_tag","embeddable":true,"href":"https:\/\/www.tuasaude.com\/news\/wp-json\/wp\/v2\/tags?post=109536"}],"curies":[{"name":"wp","href":"https:\/\/api.w.org\/{rel}","templated":true}]}}