{"id":109455,"date":"2026-09-06T12:00:00","date_gmt":"2026-09-06T15:00:00","guid":{"rendered":"https:\/\/www.tuasaude.com\/news\/?p=109455"},"modified":"2026-09-06T10:58:52","modified_gmt":"2026-09-06T13:58:52","slug":"perder-alguns-centimetros-de-altura-com-o-passar-dos-anos-nem-sempre-e-sinal-de-osteoporose","status":"publish","type":"post","link":"https:\/\/www.tuasaude.com\/news\/2026\/09\/06\/perder-alguns-centimetros-de-altura-com-o-passar-dos-anos-nem-sempre-e-sinal-de-osteoporose\/","title":{"rendered":"Perder alguns cent\u00edmetros de altura com o passar dos anos nem sempre \u00e9 sinal de osteoporose"},"content":{"rendered":"\n<p class=\"wp-block-paragraph\">Notar uma pequena redu\u00e7\u00e3o na altura ao longo da vida \u00e9 uma queixa comum, especialmente ap\u00f3s os 50 anos. Embora a osteoporose seja uma das causas mais lembradas, muitas outras situa\u00e7\u00f5es tamb\u00e9m explicam essa mudan\u00e7a, como altera\u00e7\u00f5es posturais, desidrata\u00e7\u00e3o dos discos intervertebrais e perda de massa muscular. Entender o que est\u00e1 por tr\u00e1s dessa diferen\u00e7a ajuda a evitar conclus\u00f5es precipitadas e a buscar a avalia\u00e7\u00e3o m\u00e9dica no momento certo.<\/p>\n\n\n\n<h2 class=\"wp-block-heading\">Por que a altura pode diminuir com o passar dos anos?<\/h2>\n\n\n\n<p class=\"wp-block-paragraph\">Com o envelhecimento, o corpo passa por mudan\u00e7as naturais que reduzem discretamente a estatura. Os discos entre as v\u00e9rtebras perdem \u00e1gua e volume, a musculatura de sustenta\u00e7\u00e3o enfraquece e a postura tende a se curvar, o que altera a percep\u00e7\u00e3o da altura total.<\/p>\n\n\n\n<p class=\"wp-block-paragraph\">Essa redu\u00e7\u00e3o leve, muitas vezes de 1 a 2 cent\u00edmetros ao longo de d\u00e9cadas, costuma refletir altera\u00e7\u00f5es fisiol\u00f3gicas comuns do envelhecimento. Nem toda diminui\u00e7\u00e3o \u00e9 sinal de doen\u00e7a, mas quando \u00e9 acentuada, r\u00e1pida ou associada a outros sintomas, merece uma investiga\u00e7\u00e3o mais cuidadosa.<\/p>\n\n\n\n<h2 class=\"wp-block-heading\">Quando a perda de altura pode indicar algo mais s\u00e9rio?<\/h2>\n\n\n\n<p class=\"wp-block-paragraph\">Redu\u00e7\u00f5es acima de 3 a 4 cent\u00edmetros em rela\u00e7\u00e3o \u00e0 altura m\u00e1xima da vida adulta costumam chamar mais aten\u00e7\u00e3o cl\u00ednica. Nesses casos, \u00e9 poss\u00edvel que existam fraturas por compress\u00e3o nas v\u00e9rtebras, muitas vezes silenciosas, que reduzem a altura da coluna sem provocar dor imediata.<\/p>\n\n\n\n<p class=\"wp-block-paragraph\">A perda de estatura pode tamb\u00e9m estar associada a doen\u00e7as que enfraquecem os ossos, como osteopenia e <a href=\"https:\/\/www.tuasaude.com\/osteoporose\/\" target=\"_blank\" rel=\"noreferrer noopener\">osteoporose<\/a>, ou a altera\u00e7\u00f5es da coluna, como cifose acentuada. Por isso, a avalia\u00e7\u00e3o profissional \u00e9 essencial para diferenciar o processo natural de um sinal de doen\u00e7a.<\/p>\n\n\n<div class=\"wp-block-image\">\n<figure class=\"aligncenter size-large\"><img decoding=\"async\" width=\"1024\" height=\"571\" src=\"https:\/\/cdnnewsimg.tuasaude.com\/wp-content\/uploads\/2026\/09\/Causes_of_height_loss_infographic_202609061055-1024x571.jpg\" alt=\"Discos, postura, m\u00fasculos e v\u00e9rtebras explicam diferentes causas da perda de altura.\" class=\"wp-image-109457\" srcset=\"https:\/\/www.tuasaude.com\/news\/wp-content\/uploads\/2026\/09\/Causes_of_height_loss_infographic_202609061055-1024x571.jpg 1024w, https:\/\/www.tuasaude.com\/news\/wp-content\/uploads\/2026\/09\/Causes_of_height_loss_infographic_202609061055-300x167.jpg 300w, https:\/\/www.tuasaude.com\/news\/wp-content\/uploads\/2026\/09\/Causes_of_height_loss_infographic_202609061055-768x428.jpg 768w, https:\/\/www.tuasaude.com\/news\/wp-content\/uploads\/2026\/09\/Causes_of_height_loss_infographic_202609061055-750x418.jpg 750w, https:\/\/www.tuasaude.com\/news\/wp-content\/uploads\/2026\/09\/Causes_of_height_loss_infographic_202609061055-1140x636.jpg 1140w, https:\/\/www.tuasaude.com\/news\/wp-content\/uploads\/2026\/09\/Causes_of_height_loss_infographic_202609061055.jpg 1280w\" sizes=\"(max-width: 1024px) 100vw, 1024px\" \/><figcaption class=\"wp-element-caption\">Discos, postura, m\u00fasculos e v\u00e9rtebras explicam diferentes causas da perda de altura.<\/figcaption><\/figure>\n<\/div>\n\n\n<h2 class=\"wp-block-heading\">Quais fatores contribuem para essa mudan\u00e7a de estatura?<\/h2>\n\n\n\n<p class=\"wp-block-paragraph\">V\u00e1rios elementos, isolados ou combinados, podem influenciar a altura ao longo dos anos. Entre os mais frequentes est\u00e3o:<\/p>\n\n\n\n<ul class=\"wp-block-list\">\n<li>Desidrata\u00e7\u00e3o e desgaste natural dos discos intervertebrais<\/li>\n\n\n\n<li>Perda de massa muscular do tronco, que reduz a sustenta\u00e7\u00e3o da coluna<\/li>\n\n\n\n<li>Altera\u00e7\u00f5es posturais, como cifose tor\u00e1cica e ombros curvados<\/li>\n\n\n\n<li>Fraturas vertebrais por compress\u00e3o, muitas vezes assintom\u00e1ticas<\/li>\n\n\n\n<li>Osteoporose e osteopenia com enfraquecimento das v\u00e9rtebras<\/li>\n\n\n\n<li>Deformidades da coluna, como escoliose diagnosticada tardiamente<\/li>\n\n\n\n<li>Defici\u00eancia de vitamina D e baixa ingest\u00e3o de c\u00e1lcio ao longo da vida<\/li>\n<\/ul>\n\n\n\n<h2 class=\"wp-block-heading\">Como um estudo cient\u00edfico avalia a rela\u00e7\u00e3o entre altura e osteoporose?<\/h2>\n\n\n\n<p class=\"wp-block-paragraph\">Pesquisadores investigaram at\u00e9 que ponto a redu\u00e7\u00e3o da altura pode indicar fraturas ocultas na coluna. Segundo o estudo <a href=\"https:\/\/pubmed.ncbi.nlm.nih.gov\/20870048\/\" target=\"_blank\" rel=\"noreferrer noopener\">Height loss, vertebral fractures, and the misclassification of osteoporosis<\/a>, publicado no peri\u00f3dico Bone, a perda de estatura em pessoas acima dos 65 anos esteve significativamente associada \u00e0 presen\u00e7a de fraturas vertebrais, muitas delas sem sintomas pr\u00e9vios.<\/p>\n\n\n\n<p class=\"wp-block-paragraph\">Os autores destacam que avaliar apenas a densidade mineral \u00f3ssea pode subestimar o risco em pacientes idosos, j\u00e1 que fraturas vertebrais silenciosas podem passar despercebidas. Isso refor\u00e7a a import\u00e2ncia de medir a altura periodicamente e investigar altera\u00e7\u00f5es relevantes com exames de imagem quando indicado.<\/p>\n\n\n<div class=\"wp-block-image\">\n<figure class=\"aligncenter size-large\"><img decoding=\"async\" width=\"1024\" height=\"571\" src=\"https:\/\/cdnnewsimg.tuasaude.com\/wp-content\/uploads\/2026\/09\/Woman_comparing_height_on_wall_202609061054-1024x571.jpg\" alt=\"Postura e altera\u00e7\u00f5es da coluna tamb\u00e9m podem reduzir discretamente a altura.\" class=\"wp-image-109458\" srcset=\"https:\/\/www.tuasaude.com\/news\/wp-content\/uploads\/2026\/09\/Woman_comparing_height_on_wall_202609061054-1024x571.jpg 1024w, https:\/\/www.tuasaude.com\/news\/wp-content\/uploads\/2026\/09\/Woman_comparing_height_on_wall_202609061054-300x167.jpg 300w, https:\/\/www.tuasaude.com\/news\/wp-content\/uploads\/2026\/09\/Woman_comparing_height_on_wall_202609061054-768x428.jpg 768w, https:\/\/www.tuasaude.com\/news\/wp-content\/uploads\/2026\/09\/Woman_comparing_height_on_wall_202609061054-750x418.jpg 750w, https:\/\/www.tuasaude.com\/news\/wp-content\/uploads\/2026\/09\/Woman_comparing_height_on_wall_202609061054-1140x636.jpg 1140w, https:\/\/www.tuasaude.com\/news\/wp-content\/uploads\/2026\/09\/Woman_comparing_height_on_wall_202609061054.jpg 1280w\" sizes=\"(max-width: 1024px) 100vw, 1024px\" \/><figcaption class=\"wp-element-caption\">Postura e altera\u00e7\u00f5es da coluna tamb\u00e9m podem reduzir discretamente a altura.<\/figcaption><\/figure>\n<\/div>\n\n\n<h2 class=\"wp-block-heading\">Como investigar a perda de altura de forma correta?<\/h2>\n\n\n\n<p class=\"wp-block-paragraph\">A avalia\u00e7\u00e3o envolve mais do que uma simples medi\u00e7\u00e3o no consult\u00f3rio. Alguns passos s\u00e3o geralmente recomendados por m\u00e9dicos para entender a causa da redu\u00e7\u00e3o da estatura:<\/p>\n\n\n\n<ol class=\"wp-block-list\">\n<li>Comparar a altura atual com a altura m\u00e1xima registrada na vida adulta<\/li>\n\n\n\n<li>Investigar hist\u00f3rico de fraturas pr\u00e9vias, quedas ou dor lombar s\u00fabita<\/li>\n\n\n\n<li>Avaliar postura, mobilidade e presen\u00e7a de curvatura acentuada da coluna<\/li>\n\n\n\n<li>Solicitar exames de imagem, como radiografia da coluna, se necess\u00e1rio<\/li>\n\n\n\n<li>Realizar <a href=\"https:\/\/www.tuasaude.com\/densitometria-ossea\/\" target=\"_blank\" rel=\"noreferrer noopener\">densitometria \u00f3ssea<\/a> em pessoas com fatores de risco para osteoporose<\/li>\n\n\n\n<li>Verificar n\u00edveis de vitamina D, c\u00e1lcio e outros marcadores relacionados<\/li>\n\n\n\n<li>Considerar avalia\u00e7\u00e3o com ortopedista, geriatra ou reumatologista<\/li>\n<\/ol>\n\n\n\n<p class=\"wp-block-paragraph\">A redu\u00e7\u00e3o da altura ao longo dos anos \u00e9 multifatorial e nem sempre indica uma doen\u00e7a grave, mas mudan\u00e7as significativas ou r\u00e1pidas exigem aten\u00e7\u00e3o. O ideal \u00e9 conversar com um m\u00e9dico de confian\u00e7a, que pode avaliar o hist\u00f3rico individual, solicitar os exames adequados e orientar o cuidado mais indicado para preservar a sa\u00fade da coluna e dos ossos com o passar do tempo.<\/p>\n\n\n\n<p class=\"wp-block-paragraph\"><em>Este conte\u00fado tem car\u00e1ter apenas informativo e n\u00e3o substitui a avalia\u00e7\u00e3o, o diagn\u00f3stico ou o tratamento realizados por um profissional de sa\u00fade qualificado.<\/em><\/p>\n","protected":false},"excerpt":{"rendered":"<p>Notar uma pequena redu\u00e7\u00e3o na altura ao longo da vida \u00e9 uma queixa comum, especialmente ap\u00f3s os 50 anos. Embora a osteoporose seja uma das causas mais lembradas, muitas outras situa\u00e7\u00f5es tamb\u00e9m explicam essa mudan\u00e7a, como altera\u00e7\u00f5es posturais, desidrata\u00e7\u00e3o dos discos intervertebrais e perda de massa muscular. Entender o que est\u00e1 por tr\u00e1s dessa diferen\u00e7a [&hellip;]<\/p>\n","protected":false},"author":11,"featured_media":109456,"comment_status":"open","ping_status":"open","sticky":false,"template":"","format":"standard","meta":{"_yoast_wpseo_focuskw":"perda de altura","_yoast_wpseo_title":"","_yoast_wpseo_metadesc":"Perder altura com a idade pode fazer parte do envelhecimento, mas redu\u00e7\u00f5es maiores merecem aten\u00e7\u00e3o. Entenda quando a mudan\u00e7a pode indicar altera\u00e7\u00f5es na coluna.","jnews-multi-image_gallery":[],"jnews_single_post":{"format":"standard"},"jnews_primary_category":[],"jnews_social_meta":[],"jnews_override_counter":[],"footnotes":""},"categories":[111],"tags":[11202,115,1078,136],"class_list":["post-109455","post","type-post","status-publish","format-standard","has-post-thumbnail","hentry","category-saude","tag-altura","tag-ossos","tag-osteoporose","tag-saude"],"yoast_head":"<!-- This site is optimized with the Yoast SEO plugin v26.7 - https:\/\/yoast.com\/wordpress\/plugins\/seo\/ -->\n<title>Perder alguns cent\u00edmetros de altura com o passar dos anos nem sempre \u00e9 sinal de osteoporose - Tua Sa\u00fade<\/title>\n<meta name=\"description\" content=\"Perder altura com a idade pode fazer parte do envelhecimento, mas redu\u00e7\u00f5es maiores merecem aten\u00e7\u00e3o. Entenda quando a mudan\u00e7a pode indicar altera\u00e7\u00f5es na coluna.\" \/>\n<meta name=\"robots\" content=\"index, follow, max-snippet:-1, max-image-preview:large, max-video-preview:-1\" \/>\n<link rel=\"canonical\" href=\"https:\/\/www.tuasaude.com\/news\/2026\/09\/06\/perder-alguns-centimetros-de-altura-com-o-passar-dos-anos-nem-sempre-e-sinal-de-osteoporose\/\" \/>\n<meta property=\"og:locale\" content=\"pt_BR\" \/>\n<meta property=\"og:type\" content=\"article\" \/>\n<meta property=\"og:title\" content=\"Perder alguns cent\u00edmetros de altura com o passar dos anos nem sempre \u00e9 sinal de osteoporose - Tua Sa\u00fade\" \/>\n<meta property=\"og:description\" content=\"Perder altura com a idade pode fazer parte do envelhecimento, mas redu\u00e7\u00f5es maiores merecem aten\u00e7\u00e3o. Entenda quando a mudan\u00e7a pode indicar altera\u00e7\u00f5es na coluna.\" \/>\n<meta property=\"og:url\" content=\"https:\/\/www.tuasaude.com\/news\/2026\/09\/06\/perder-alguns-centimetros-de-altura-com-o-passar-dos-anos-nem-sempre-e-sinal-de-osteoporose\/\" \/>\n<meta property=\"og:site_name\" content=\"Tua Sa\u00fade\" \/>\n<meta property=\"article:published_time\" content=\"2026-09-06T15:00:00+00:00\" \/>\n<meta property=\"og:image\" content=\"https:\/\/www.tuasaude.com\/news\/wp-content\/uploads\/2026\/09\/Man_checking_posture_in_mirror_202609061054.jpg\" \/>\n\t<meta property=\"og:image:width\" content=\"1280\" \/>\n\t<meta property=\"og:image:height\" content=\"714\" \/>\n\t<meta property=\"og:image:type\" content=\"image\/jpeg\" \/>\n<meta name=\"author\" content=\"Gessika Julia Carvalho\" \/>\n<meta name=\"twitter:card\" content=\"summary_large_image\" \/>\n<meta name=\"twitter:label1\" content=\"Escrito por\" \/>\n\t<meta name=\"twitter:data1\" content=\"Gessika Julia Carvalho\" \/>\n\t<meta name=\"twitter:label2\" content=\"Est. tempo de leitura\" \/>\n\t<meta name=\"twitter:data2\" content=\"5 minutos\" \/>\n<!-- \/ Yoast SEO plugin. -->","yoast_head_json":{"title":"Perder alguns cent\u00edmetros de altura com o passar dos anos nem sempre \u00e9 sinal de osteoporose - Tua Sa\u00fade","description":"Perder altura com a idade pode fazer parte do envelhecimento, mas redu\u00e7\u00f5es maiores merecem aten\u00e7\u00e3o. Entenda quando a mudan\u00e7a pode indicar altera\u00e7\u00f5es na coluna.","robots":{"index":"index","follow":"follow","max-snippet":"max-snippet:-1","max-image-preview":"max-image-preview:large","max-video-preview":"max-video-preview:-1"},"canonical":"https:\/\/www.tuasaude.com\/news\/2026\/09\/06\/perder-alguns-centimetros-de-altura-com-o-passar-dos-anos-nem-sempre-e-sinal-de-osteoporose\/","og_locale":"pt_BR","og_type":"article","og_title":"Perder alguns cent\u00edmetros de altura com o passar dos anos nem sempre \u00e9 sinal de osteoporose - Tua Sa\u00fade","og_description":"Perder altura com a idade pode fazer parte do envelhecimento, mas redu\u00e7\u00f5es maiores merecem aten\u00e7\u00e3o. Entenda quando a mudan\u00e7a pode indicar altera\u00e7\u00f5es na coluna.","og_url":"https:\/\/www.tuasaude.com\/news\/2026\/09\/06\/perder-alguns-centimetros-de-altura-com-o-passar-dos-anos-nem-sempre-e-sinal-de-osteoporose\/","og_site_name":"Tua Sa\u00fade","article_published_time":"2026-09-06T15:00:00+00:00","og_image":[{"width":1280,"height":714,"url":"https:\/\/www.tuasaude.com\/news\/wp-content\/uploads\/2026\/09\/Man_checking_posture_in_mirror_202609061054.jpg","type":"image\/jpeg"}],"author":"Gessika Julia Carvalho","twitter_card":"summary_large_image","twitter_misc":{"Escrito por":"Gessika Julia Carvalho","Est. tempo de leitura":"5 minutos"},"schema":{"@context":"https:\/\/schema.org","@graph":[{"@type":"Article","@id":"https:\/\/www.tuasaude.com\/news\/2026\/09\/06\/perder-alguns-centimetros-de-altura-com-o-passar-dos-anos-nem-sempre-e-sinal-de-osteoporose\/#article","isPartOf":{"@id":"https:\/\/www.tuasaude.com\/news\/2026\/09\/06\/perder-alguns-centimetros-de-altura-com-o-passar-dos-anos-nem-sempre-e-sinal-de-osteoporose\/"},"author":{"name":"Gessika Julia Carvalho","@id":"https:\/\/www.tuasaude.com\/news\/#\/schema\/person\/2e9df841be69ec84f5d20ddb8d273ac2"},"headline":"Perder alguns cent\u00edmetros de altura com o passar dos anos nem sempre \u00e9 sinal de osteoporose","datePublished":"2026-09-06T15:00:00+00:00","mainEntityOfPage":{"@id":"https:\/\/www.tuasaude.com\/news\/2026\/09\/06\/perder-alguns-centimetros-de-altura-com-o-passar-dos-anos-nem-sempre-e-sinal-de-osteoporose\/"},"wordCount":770,"commentCount":0,"image":{"@id":"https:\/\/www.tuasaude.com\/news\/2026\/09\/06\/perder-alguns-centimetros-de-altura-com-o-passar-dos-anos-nem-sempre-e-sinal-de-osteoporose\/#primaryimage"},"thumbnailUrl":"https:\/\/www.tuasaude.com\/news\/wp-content\/uploads\/2026\/09\/Man_checking_posture_in_mirror_202609061054.jpg","keywords":["altura","ossos","osteoporose","sa\u00fade"],"articleSection":["Sa\u00fade"],"inLanguage":"pt-BR","potentialAction":[{"@type":"CommentAction","name":"Comment","target":["https:\/\/www.tuasaude.com\/news\/2026\/09\/06\/perder-alguns-centimetros-de-altura-com-o-passar-dos-anos-nem-sempre-e-sinal-de-osteoporose\/#respond"]}]},{"@type":"WebPage","@id":"https:\/\/www.tuasaude.com\/news\/2026\/09\/06\/perder-alguns-centimetros-de-altura-com-o-passar-dos-anos-nem-sempre-e-sinal-de-osteoporose\/","url":"https:\/\/www.tuasaude.com\/news\/2026\/09\/06\/perder-alguns-centimetros-de-altura-com-o-passar-dos-anos-nem-sempre-e-sinal-de-osteoporose\/","name":"Perder alguns cent\u00edmetros de altura com o passar dos anos nem sempre \u00e9 sinal de osteoporose - Tua Sa\u00fade","isPartOf":{"@id":"https:\/\/www.tuasaude.com\/news\/#website"},"primaryImageOfPage":{"@id":"https:\/\/www.tuasaude.com\/news\/2026\/09\/06\/perder-alguns-centimetros-de-altura-com-o-passar-dos-anos-nem-sempre-e-sinal-de-osteoporose\/#primaryimage"},"image":{"@id":"https:\/\/www.tuasaude.com\/news\/2026\/09\/06\/perder-alguns-centimetros-de-altura-com-o-passar-dos-anos-nem-sempre-e-sinal-de-osteoporose\/#primaryimage"},"thumbnailUrl":"https:\/\/www.tuasaude.com\/news\/wp-content\/uploads\/2026\/09\/Man_checking_posture_in_mirror_202609061054.jpg","datePublished":"2026-09-06T15:00:00+00:00","author":{"@id":"https:\/\/www.tuasaude.com\/news\/#\/schema\/person\/2e9df841be69ec84f5d20ddb8d273ac2"},"description":"Perder altura com a idade pode fazer parte do envelhecimento, mas redu\u00e7\u00f5es maiores merecem aten\u00e7\u00e3o. Entenda quando a mudan\u00e7a pode indicar altera\u00e7\u00f5es na coluna.","breadcrumb":{"@id":"https:\/\/www.tuasaude.com\/news\/2026\/09\/06\/perder-alguns-centimetros-de-altura-com-o-passar-dos-anos-nem-sempre-e-sinal-de-osteoporose\/#breadcrumb"},"inLanguage":"pt-BR","potentialAction":[{"@type":"ReadAction","target":["https:\/\/www.tuasaude.com\/news\/2026\/09\/06\/perder-alguns-centimetros-de-altura-com-o-passar-dos-anos-nem-sempre-e-sinal-de-osteoporose\/"]}]},{"@type":"ImageObject","inLanguage":"pt-BR","@id":"https:\/\/www.tuasaude.com\/news\/2026\/09\/06\/perder-alguns-centimetros-de-altura-com-o-passar-dos-anos-nem-sempre-e-sinal-de-osteoporose\/#primaryimage","url":"https:\/\/www.tuasaude.com\/news\/wp-content\/uploads\/2026\/09\/Man_checking_posture_in_mirror_202609061054.jpg","contentUrl":"https:\/\/www.tuasaude.com\/news\/wp-content\/uploads\/2026\/09\/Man_checking_posture_in_mirror_202609061054.jpg","width":1280,"height":714,"caption":"Medir a press\u00e3o com a bexiga cheia pode mudar o resultado?"},{"@type":"BreadcrumbList","@id":"https:\/\/www.tuasaude.com\/news\/2026\/09\/06\/perder-alguns-centimetros-de-altura-com-o-passar-dos-anos-nem-sempre-e-sinal-de-osteoporose\/#breadcrumb","itemListElement":[{"@type":"ListItem","position":1,"name":"In\u00edcio","item":"https:\/\/www.tuasaude.com\/news\/"},{"@type":"ListItem","position":2,"name":"Perder alguns cent\u00edmetros de altura com o passar dos anos nem sempre \u00e9 sinal de osteoporose"}]},{"@type":"WebSite","@id":"https:\/\/www.tuasaude.com\/news\/#website","url":"https:\/\/www.tuasaude.com\/news\/","name":"Tua Sa\u00fade","description":"Seu site de sa\u00fade","potentialAction":[{"@type":"SearchAction","target":{"@type":"EntryPoint","urlTemplate":"https:\/\/www.tuasaude.com\/news\/?s={search_term_string}"},"query-input":{"@type":"PropertyValueSpecification","valueRequired":true,"valueName":"search_term_string"}}],"inLanguage":"pt-BR"},{"@type":"Person","@id":"https:\/\/www.tuasaude.com\/news\/#\/schema\/person\/2e9df841be69ec84f5d20ddb8d273ac2","name":"Gessika Julia Carvalho","image":{"@type":"ImageObject","inLanguage":"pt-BR","@id":"https:\/\/www.tuasaude.com\/news\/#\/schema\/person\/image\/","url":"https:\/\/secure.gravatar.com\/avatar\/0fcc8769024577fd0bc6a8b766055690f76a8e8f29dfb2a2f89cf04db8d0f2d2?s=96&d=mm&r=g","contentUrl":"https:\/\/secure.gravatar.com\/avatar\/0fcc8769024577fd0bc6a8b766055690f76a8e8f29dfb2a2f89cf04db8d0f2d2?s=96&d=mm&r=g","caption":"Gessika Julia Carvalho"},"sameAs":["https:\/\/www.tuasaude.com\/news\/"],"url":"https:\/\/www.tuasaude.com\/news\/author\/gessika-julia\/"}]}},"_links":{"self":[{"href":"https:\/\/www.tuasaude.com\/news\/wp-json\/wp\/v2\/posts\/109455","targetHints":{"allow":["GET"]}}],"collection":[{"href":"https:\/\/www.tuasaude.com\/news\/wp-json\/wp\/v2\/posts"}],"about":[{"href":"https:\/\/www.tuasaude.com\/news\/wp-json\/wp\/v2\/types\/post"}],"author":[{"embeddable":true,"href":"https:\/\/www.tuasaude.com\/news\/wp-json\/wp\/v2\/users\/11"}],"replies":[{"embeddable":true,"href":"https:\/\/www.tuasaude.com\/news\/wp-json\/wp\/v2\/comments?post=109455"}],"version-history":[{"count":2,"href":"https:\/\/www.tuasaude.com\/news\/wp-json\/wp\/v2\/posts\/109455\/revisions"}],"predecessor-version":[{"id":109460,"href":"https:\/\/www.tuasaude.com\/news\/wp-json\/wp\/v2\/posts\/109455\/revisions\/109460"}],"wp:featuredmedia":[{"embeddable":true,"href":"https:\/\/www.tuasaude.com\/news\/wp-json\/wp\/v2\/media\/109456"}],"wp:attachment":[{"href":"https:\/\/www.tuasaude.com\/news\/wp-json\/wp\/v2\/media?parent=109455"}],"wp:term":[{"taxonomy":"category","embeddable":true,"href":"https:\/\/www.tuasaude.com\/news\/wp-json\/wp\/v2\/categories?post=109455"},{"taxonomy":"post_tag","embeddable":true,"href":"https:\/\/www.tuasaude.com\/news\/wp-json\/wp\/v2\/tags?post=109455"}],"curies":[{"name":"wp","href":"https:\/\/api.w.org\/{rel}","templated":true}]}}