{"id":109410,"date":"2026-09-06T10:35:00","date_gmt":"2026-09-06T13:35:00","guid":{"rendered":"https:\/\/www.tuasaude.com\/news\/?p=109410"},"modified":"2026-09-06T10:17:00","modified_gmt":"2026-09-06T13:17:00","slug":"dor-de-cabeca-frequente-a-tarde-nem-sempre-e-causada-por-estresse-jejum-prolongado-e-ma-postura-tambem-estao-entre-os-gatilhos-comuns","status":"publish","type":"post","link":"https:\/\/www.tuasaude.com\/news\/2026\/09\/06\/dor-de-cabeca-frequente-a-tarde-nem-sempre-e-causada-por-estresse-jejum-prolongado-e-ma-postura-tambem-estao-entre-os-gatilhos-comuns\/","title":{"rendered":"Dor de cabe\u00e7a frequente \u00e0 tarde nem sempre \u00e9 causada por estresse: jejum prolongado e m\u00e1 postura tamb\u00e9m est\u00e3o entre os gatilhos comuns"},"content":{"rendered":"\n<p class=\"wp-block-paragraph\">A dor de cabe\u00e7a que aparece repetidamente no per\u00edodo da tarde costuma ser atribu\u00edda apenas ao estresse, mas essa \u00e9 s\u00f3 uma parte da hist\u00f3ria. Jejum prolongado, m\u00e1 postura no trabalho e at\u00e9 a baixa ingest\u00e3o de \u00e1gua ao longo do dia est\u00e3o entre os gatilhos mais comuns desse desconforto. Entender o que est\u00e1 por tr\u00e1s desses epis\u00f3dios ajuda a identificar padr\u00f5es e a buscar solu\u00e7\u00f5es mais eficazes para o dia a dia.<\/p>\n\n\n\n<h2 class=\"wp-block-heading\">Por que a dor de cabe\u00e7a aparece com mais frequ\u00eancia \u00e0 tarde?<\/h2>\n\n\n\n<p class=\"wp-block-paragraph\">O per\u00edodo vespertino concentra fatores que favorecem o surgimento da cefaleia, como ac\u00famulo de tens\u00e3o muscular, queda nos n\u00edveis de glicose e cansa\u00e7o visual pelo uso prolongado de telas. Esses elementos, somados, ativam mecanismos de dor que se manifestam entre o meio e o fim do expediente.<\/p>\n\n\n\n<p class=\"wp-block-paragraph\">Al\u00e9m disso, a exposi\u00e7\u00e3o cont\u00ednua a uma mesma postura, a redu\u00e7\u00e3o da hidrata\u00e7\u00e3o e o intervalo maior entre as refei\u00e7\u00f5es contribuem para a chamada <a href=\"https:\/\/www.tuasaude.com\/dor-de-cabeca-tensional\/\" target=\"_blank\" rel=\"noreferrer noopener\">dor de cabe\u00e7a tensional<\/a>, forma mais comum de cefaleia registrada em consult\u00f3rios.<\/p>\n\n\n\n<h2 class=\"wp-block-heading\">O jejum prolongado pode desencadear a dor?<\/h2>\n\n\n\n<p class=\"wp-block-paragraph\">Sim. Passar muitas horas sem se alimentar reduz a oferta de glicose para o c\u00e9rebro, o que caracteriza um quadro conhecido como hipoglicemia relativa. Essa queda estimula a libera\u00e7\u00e3o de horm\u00f4nios como adrenalina e cortisol, que provocam altera\u00e7\u00f5es vasculares e desencadeiam a dor.<\/p>\n\n\n\n<p class=\"wp-block-paragraph\">Pular o almo\u00e7o, comer pouco no caf\u00e9 da manh\u00e3 ou espa\u00e7ar demais os lanches s\u00e3o h\u00e1bitos que aumentam o risco. Manter refei\u00e7\u00f5es regulares, com fontes de carboidratos complexos e prote\u00ednas, ajuda a estabilizar a glicemia e a prevenir epis\u00f3dios recorrentes de cefaleia no per\u00edodo da tarde.<\/p>\n\n\n<div class=\"wp-block-image\">\n<figure class=\"aligncenter size-large\"><img decoding=\"async\" width=\"1024\" height=\"571\" src=\"https:\/\/www.tuasaude.com\/news\/wp-content\/uploads\/2026\/09\/Infographic_showing_headache_tri\u2026_202609061015-1024x571.jpg\" alt=\"Jejum, pouca \u00e1gua, postura e telas podem se combinar nas crises vespertinas.\" class=\"wp-image-109413\" srcset=\"https:\/\/www.tuasaude.com\/news\/wp-content\/uploads\/2026\/09\/Infographic_showing_headache_tri\u2026_202609061015-1024x571.jpg 1024w, https:\/\/www.tuasaude.com\/news\/wp-content\/uploads\/2026\/09\/Infographic_showing_headache_tri\u2026_202609061015-300x167.jpg 300w, https:\/\/www.tuasaude.com\/news\/wp-content\/uploads\/2026\/09\/Infographic_showing_headache_tri\u2026_202609061015-768x428.jpg 768w, https:\/\/www.tuasaude.com\/news\/wp-content\/uploads\/2026\/09\/Infographic_showing_headache_tri\u2026_202609061015-750x418.jpg 750w, https:\/\/www.tuasaude.com\/news\/wp-content\/uploads\/2026\/09\/Infographic_showing_headache_tri\u2026_202609061015-1140x636.jpg 1140w, https:\/\/www.tuasaude.com\/news\/wp-content\/uploads\/2026\/09\/Infographic_showing_headache_tri\u2026_202609061015.jpg 1280w\" sizes=\"(max-width: 1024px) 100vw, 1024px\" \/><figcaption class=\"wp-element-caption\">Jejum, pouca \u00e1gua, postura e telas podem se combinar nas crises vespertinas.<\/figcaption><\/figure>\n<\/div>\n\n\n<h2 class=\"wp-block-heading\">Como a m\u00e1 postura influencia a cefaleia tensional?<\/h2>\n\n\n\n<p class=\"wp-block-paragraph\">Passar horas em frente ao computador com os ombros elevados, o pesco\u00e7o inclinado ou a cabe\u00e7a projetada para frente sobrecarrega m\u00fasculos do trap\u00e9zio e da regi\u00e3o cervical. Essa tens\u00e3o irradia para o couro cabeludo e gera a sensa\u00e7\u00e3o t\u00edpica de press\u00e3o em faixa ao redor da cabe\u00e7a.<\/p>\n\n\n\n<p class=\"wp-block-paragraph\">Alguns ajustes simples ajudam a reduzir esse gatilho:<\/p>\n\n\n\n<ul class=\"wp-block-list\">\n<li>Manter a tela do monitor na altura dos olhos, evitando inclinar o pesco\u00e7o<\/li>\n\n\n\n<li>Apoiar totalmente as costas na cadeira, com os p\u00e9s no ch\u00e3o<\/li>\n\n\n\n<li>Fazer pausas de 5 minutos a cada hora para alongar ombros e cervical<\/li>\n\n\n\n<li>Evitar segurar o celular entre o ombro e a orelha durante liga\u00e7\u00f5es<\/li>\n\n\n\n<li>Praticar <a href=\"https:\/\/www.tuasaude.com\/alongamentos-para-dor-no-pescoco\/\" target=\"_blank\" rel=\"noreferrer noopener\">alongamentos para dor no pesco\u00e7o<\/a> ao longo do expediente<\/li>\n<\/ul>\n\n\n\n<h2 class=\"wp-block-heading\">Como um estudo cient\u00edfico confirma a rela\u00e7\u00e3o entre jejum e dor de cabe\u00e7a?<\/h2>\n\n\n\n<p class=\"wp-block-paragraph\">Pesquisadores italianos analisaram como longos per\u00edodos sem alimenta\u00e7\u00e3o est\u00e3o relacionados ao surgimento de crises. Segundo a revis\u00e3o <a href=\"https:\/\/pubmed.ncbi.nlm.nih.gov\/19472450\/\" target=\"_blank\" rel=\"noreferrer noopener\">Fasting headache: a review of the literature and new hypotheses<\/a>, publicada na revista Headache, a cefaleia por jejum apresenta caracter\u00edsticas cl\u00ednicas semelhantes \u00e0s da cefaleia tensional e a probabilidade de aparecimento aumenta proporcionalmente \u00e0 dura\u00e7\u00e3o do jejum.<\/p>\n\n\n\n<p class=\"wp-block-paragraph\">Os autores destacam que a hipoglicemia e a abstin\u00eancia de cafe\u00edna est\u00e3o entre os principais mecanismos envolvidos, refor\u00e7ando a import\u00e2ncia de manter uma rotina alimentar regular para prevenir epis\u00f3dios frequentes de dor de cabe\u00e7a.<\/p>\n\n\n<div class=\"wp-block-image\">\n<figure class=\"aligncenter size-large\"><img decoding=\"async\" width=\"1024\" height=\"571\" src=\"https:\/\/www.tuasaude.com\/news\/wp-content\/uploads\/2026\/09\/Man_working_at_computer_202609061015-1024x571.jpg\" alt=\"Tens\u00e3o cervical e h\u00e1bitos do expediente podem favorecer a cefaleia vespertina.\" class=\"wp-image-109414\" srcset=\"https:\/\/www.tuasaude.com\/news\/wp-content\/uploads\/2026\/09\/Man_working_at_computer_202609061015-1024x571.jpg 1024w, https:\/\/www.tuasaude.com\/news\/wp-content\/uploads\/2026\/09\/Man_working_at_computer_202609061015-300x167.jpg 300w, https:\/\/www.tuasaude.com\/news\/wp-content\/uploads\/2026\/09\/Man_working_at_computer_202609061015-768x428.jpg 768w, https:\/\/www.tuasaude.com\/news\/wp-content\/uploads\/2026\/09\/Man_working_at_computer_202609061015-750x418.jpg 750w, https:\/\/www.tuasaude.com\/news\/wp-content\/uploads\/2026\/09\/Man_working_at_computer_202609061015-1140x636.jpg 1140w, https:\/\/www.tuasaude.com\/news\/wp-content\/uploads\/2026\/09\/Man_working_at_computer_202609061015.jpg 1280w\" sizes=\"(max-width: 1024px) 100vw, 1024px\" \/><figcaption class=\"wp-element-caption\">Tens\u00e3o cervical e h\u00e1bitos do expediente podem favorecer a cefaleia vespertina.<\/figcaption><\/figure>\n<\/div>\n\n\n<h2 class=\"wp-block-heading\">Quais h\u00e1bitos ajudam a prevenir crises frequentes?<\/h2>\n\n\n\n<p class=\"wp-block-paragraph\">Pequenas mudan\u00e7as na rotina podem reduzir consideravelmente a ocorr\u00eancia de dores de cabe\u00e7a vespertinas. A seguir, algumas medidas pr\u00e1ticas recomendadas por profissionais de sa\u00fade:<\/p>\n\n\n\n<ol class=\"wp-block-list\">\n<li>Beber \u00e1gua regularmente ao longo do dia, mesmo sem sentir sede<\/li>\n\n\n\n<li>Fazer refei\u00e7\u00f5es em intervalos de 3 a 4 horas, evitando jejuns prolongados<\/li>\n\n\n\n<li>Ajustar a ergonomia do posto de trabalho e revisar a postura<\/li>\n\n\n\n<li>Dormir entre 7 e 9 horas por noite, mantendo hor\u00e1rios regulares<\/li>\n\n\n\n<li>Reduzir o consumo excessivo de cafe\u00edna no fim da tarde<\/li>\n\n\n\n<li>Reconhecer os sinais de <a href=\"https:\/\/www.tuasaude.com\/desidratacao\/\" target=\"_blank\" rel=\"noreferrer noopener\">desidrata\u00e7\u00e3o<\/a>, como boca seca e urina escura<\/li>\n<\/ol>\n\n\n\n<p class=\"wp-block-paragraph\">Quando a dor de cabe\u00e7a se torna frequente, intensa ou vem acompanhada de outros sintomas como vis\u00e3o emba\u00e7ada, n\u00e1useas ou rigidez no pesco\u00e7o, \u00e9 essencial procurar avalia\u00e7\u00e3o m\u00e9dica. Somente um profissional pode investigar as causas com precis\u00e3o, indicar exames complementares e recomendar o tratamento mais adequado para cada caso.<\/p>\n\n\n\n<p class=\"wp-block-paragraph\"><em>Este conte\u00fado tem car\u00e1ter apenas informativo e n\u00e3o substitui a avalia\u00e7\u00e3o, o diagn\u00f3stico ou o tratamento realizados por um profissional de sa\u00fade qualificado.<\/em><\/p>\n","protected":false},"excerpt":{"rendered":"<p>A dor de cabe\u00e7a que aparece repetidamente no per\u00edodo da tarde costuma ser atribu\u00edda apenas ao estresse, mas essa \u00e9 s\u00f3 uma parte da hist\u00f3ria. Jejum prolongado, m\u00e1 postura no trabalho e at\u00e9 a baixa ingest\u00e3o de \u00e1gua ao longo do dia est\u00e3o entre os gatilhos mais comuns desse desconforto. Entender o que est\u00e1 por [&hellip;]<\/p>\n","protected":false},"author":11,"featured_media":109412,"comment_status":"open","ping_status":"open","sticky":false,"template":"","format":"standard","meta":{"_yoast_wpseo_focuskw":"dor de cabe\u00e7a","_yoast_wpseo_title":"","_yoast_wpseo_metadesc":"Dor de cabe\u00e7a \u00e0 tarde nem sempre vem s\u00f3 do estresse. Jejum, m\u00e1 postura e pouca hidrata\u00e7\u00e3o est\u00e3o entre os gatilhos que podem favorecer as crises.","jnews-multi-image_gallery":[],"jnews_single_post":{"format":"standard"},"jnews_primary_category":[],"jnews_social_meta":[],"jnews_override_counter":[],"footnotes":""},"categories":[111],"tags":[282,177,679,4978,136],"class_list":["post-109410","post","type-post","status-publish","format-standard","has-post-thumbnail","hentry","category-saude","tag-dor-de-cabeca","tag-estresse","tag-jejum","tag-ma-postura","tag-saude"],"yoast_head":"<!-- This site is optimized with the Yoast SEO plugin v26.7 - https:\/\/yoast.com\/wordpress\/plugins\/seo\/ -->\n<title>Dor de cabe\u00e7a frequente \u00e0 tarde nem sempre \u00e9 causada por estresse: jejum prolongado e m\u00e1 postura tamb\u00e9m est\u00e3o entre os gatilhos comuns - Tua Sa\u00fade<\/title>\n<meta name=\"description\" content=\"Dor de cabe\u00e7a \u00e0 tarde nem sempre vem s\u00f3 do estresse. Jejum, m\u00e1 postura e pouca hidrata\u00e7\u00e3o est\u00e3o entre os gatilhos que podem favorecer as crises.\" \/>\n<meta name=\"robots\" content=\"index, follow, max-snippet:-1, max-image-preview:large, max-video-preview:-1\" \/>\n<link rel=\"canonical\" href=\"https:\/\/www.tuasaude.com\/news\/2026\/09\/06\/dor-de-cabeca-frequente-a-tarde-nem-sempre-e-causada-por-estresse-jejum-prolongado-e-ma-postura-tambem-estao-entre-os-gatilhos-comuns\/\" \/>\n<meta property=\"og:locale\" content=\"pt_BR\" \/>\n<meta property=\"og:type\" content=\"article\" \/>\n<meta property=\"og:title\" content=\"Dor de cabe\u00e7a frequente \u00e0 tarde nem sempre \u00e9 causada por estresse: jejum prolongado e m\u00e1 postura tamb\u00e9m est\u00e3o entre os gatilhos comuns - Tua Sa\u00fade\" \/>\n<meta property=\"og:description\" content=\"Dor de cabe\u00e7a \u00e0 tarde nem sempre vem s\u00f3 do estresse. Jejum, m\u00e1 postura e pouca hidrata\u00e7\u00e3o est\u00e3o entre os gatilhos que podem favorecer as crises.\" \/>\n<meta property=\"og:url\" content=\"https:\/\/www.tuasaude.com\/news\/2026\/09\/06\/dor-de-cabeca-frequente-a-tarde-nem-sempre-e-causada-por-estresse-jejum-prolongado-e-ma-postura-tambem-estao-entre-os-gatilhos-comuns\/\" \/>\n<meta property=\"og:site_name\" content=\"Tua Sa\u00fade\" \/>\n<meta property=\"article:published_time\" content=\"2026-09-06T13:35:00+00:00\" \/>\n<meta property=\"og:image\" content=\"https:\/\/www.tuasaude.com\/news\/wp-content\/uploads\/2026\/09\/Woman_holding_head_at_desk_202609061015.jpg\" \/>\n\t<meta property=\"og:image:width\" content=\"1280\" \/>\n\t<meta property=\"og:image:height\" content=\"714\" \/>\n\t<meta property=\"og:image:type\" content=\"image\/jpeg\" \/>\n<meta name=\"author\" content=\"Gessika Julia Carvalho\" \/>\n<meta name=\"twitter:card\" content=\"summary_large_image\" \/>\n<meta name=\"twitter:label1\" content=\"Escrito por\" \/>\n\t<meta name=\"twitter:data1\" content=\"Gessika Julia Carvalho\" \/>\n\t<meta name=\"twitter:label2\" content=\"Est. tempo de leitura\" \/>\n\t<meta name=\"twitter:data2\" content=\"5 minutos\" \/>\n<!-- \/ Yoast SEO plugin. -->","yoast_head_json":{"title":"Dor de cabe\u00e7a frequente \u00e0 tarde nem sempre \u00e9 causada por estresse: jejum prolongado e m\u00e1 postura tamb\u00e9m est\u00e3o entre os gatilhos comuns - Tua Sa\u00fade","description":"Dor de cabe\u00e7a \u00e0 tarde nem sempre vem s\u00f3 do estresse. Jejum, m\u00e1 postura e pouca hidrata\u00e7\u00e3o est\u00e3o entre os gatilhos que podem favorecer as crises.","robots":{"index":"index","follow":"follow","max-snippet":"max-snippet:-1","max-image-preview":"max-image-preview:large","max-video-preview":"max-video-preview:-1"},"canonical":"https:\/\/www.tuasaude.com\/news\/2026\/09\/06\/dor-de-cabeca-frequente-a-tarde-nem-sempre-e-causada-por-estresse-jejum-prolongado-e-ma-postura-tambem-estao-entre-os-gatilhos-comuns\/","og_locale":"pt_BR","og_type":"article","og_title":"Dor de cabe\u00e7a frequente \u00e0 tarde nem sempre \u00e9 causada por estresse: jejum prolongado e m\u00e1 postura tamb\u00e9m est\u00e3o entre os gatilhos comuns - Tua Sa\u00fade","og_description":"Dor de cabe\u00e7a \u00e0 tarde nem sempre vem s\u00f3 do estresse. Jejum, m\u00e1 postura e pouca hidrata\u00e7\u00e3o est\u00e3o entre os gatilhos que podem favorecer as crises.","og_url":"https:\/\/www.tuasaude.com\/news\/2026\/09\/06\/dor-de-cabeca-frequente-a-tarde-nem-sempre-e-causada-por-estresse-jejum-prolongado-e-ma-postura-tambem-estao-entre-os-gatilhos-comuns\/","og_site_name":"Tua Sa\u00fade","article_published_time":"2026-09-06T13:35:00+00:00","og_image":[{"width":1280,"height":714,"url":"https:\/\/www.tuasaude.com\/news\/wp-content\/uploads\/2026\/09\/Woman_holding_head_at_desk_202609061015.jpg","type":"image\/jpeg"}],"author":"Gessika Julia Carvalho","twitter_card":"summary_large_image","twitter_misc":{"Escrito por":"Gessika Julia Carvalho","Est. tempo de leitura":"5 minutos"},"schema":{"@context":"https:\/\/schema.org","@graph":[{"@type":"Article","@id":"https:\/\/www.tuasaude.com\/news\/2026\/09\/06\/dor-de-cabeca-frequente-a-tarde-nem-sempre-e-causada-por-estresse-jejum-prolongado-e-ma-postura-tambem-estao-entre-os-gatilhos-comuns\/#article","isPartOf":{"@id":"https:\/\/www.tuasaude.com\/news\/2026\/09\/06\/dor-de-cabeca-frequente-a-tarde-nem-sempre-e-causada-por-estresse-jejum-prolongado-e-ma-postura-tambem-estao-entre-os-gatilhos-comuns\/"},"author":{"name":"Gessika Julia Carvalho","@id":"https:\/\/www.tuasaude.com\/news\/#\/schema\/person\/2e9df841be69ec84f5d20ddb8d273ac2"},"headline":"Dor de cabe\u00e7a frequente \u00e0 tarde nem sempre \u00e9 causada por estresse: jejum prolongado e m\u00e1 postura tamb\u00e9m est\u00e3o entre os gatilhos comuns","datePublished":"2026-09-06T13:35:00+00:00","mainEntityOfPage":{"@id":"https:\/\/www.tuasaude.com\/news\/2026\/09\/06\/dor-de-cabeca-frequente-a-tarde-nem-sempre-e-causada-por-estresse-jejum-prolongado-e-ma-postura-tambem-estao-entre-os-gatilhos-comuns\/"},"wordCount":789,"commentCount":0,"image":{"@id":"https:\/\/www.tuasaude.com\/news\/2026\/09\/06\/dor-de-cabeca-frequente-a-tarde-nem-sempre-e-causada-por-estresse-jejum-prolongado-e-ma-postura-tambem-estao-entre-os-gatilhos-comuns\/#primaryimage"},"thumbnailUrl":"https:\/\/www.tuasaude.com\/news\/wp-content\/uploads\/2026\/09\/Woman_holding_head_at_desk_202609061015.jpg","keywords":["dor de cabe\u00e7a","estresse","jejum","m\u00e1 postura","sa\u00fade"],"articleSection":["Sa\u00fade"],"inLanguage":"pt-BR","potentialAction":[{"@type":"CommentAction","name":"Comment","target":["https:\/\/www.tuasaude.com\/news\/2026\/09\/06\/dor-de-cabeca-frequente-a-tarde-nem-sempre-e-causada-por-estresse-jejum-prolongado-e-ma-postura-tambem-estao-entre-os-gatilhos-comuns\/#respond"]}]},{"@type":"WebPage","@id":"https:\/\/www.tuasaude.com\/news\/2026\/09\/06\/dor-de-cabeca-frequente-a-tarde-nem-sempre-e-causada-por-estresse-jejum-prolongado-e-ma-postura-tambem-estao-entre-os-gatilhos-comuns\/","url":"https:\/\/www.tuasaude.com\/news\/2026\/09\/06\/dor-de-cabeca-frequente-a-tarde-nem-sempre-e-causada-por-estresse-jejum-prolongado-e-ma-postura-tambem-estao-entre-os-gatilhos-comuns\/","name":"Dor de cabe\u00e7a frequente \u00e0 tarde nem sempre \u00e9 causada por estresse: jejum prolongado e m\u00e1 postura tamb\u00e9m est\u00e3o entre os gatilhos comuns - Tua Sa\u00fade","isPartOf":{"@id":"https:\/\/www.tuasaude.com\/news\/#website"},"primaryImageOfPage":{"@id":"https:\/\/www.tuasaude.com\/news\/2026\/09\/06\/dor-de-cabeca-frequente-a-tarde-nem-sempre-e-causada-por-estresse-jejum-prolongado-e-ma-postura-tambem-estao-entre-os-gatilhos-comuns\/#primaryimage"},"image":{"@id":"https:\/\/www.tuasaude.com\/news\/2026\/09\/06\/dor-de-cabeca-frequente-a-tarde-nem-sempre-e-causada-por-estresse-jejum-prolongado-e-ma-postura-tambem-estao-entre-os-gatilhos-comuns\/#primaryimage"},"thumbnailUrl":"https:\/\/www.tuasaude.com\/news\/wp-content\/uploads\/2026\/09\/Woman_holding_head_at_desk_202609061015.jpg","datePublished":"2026-09-06T13:35:00+00:00","author":{"@id":"https:\/\/www.tuasaude.com\/news\/#\/schema\/person\/2e9df841be69ec84f5d20ddb8d273ac2"},"description":"Dor de cabe\u00e7a \u00e0 tarde nem sempre vem s\u00f3 do estresse. Jejum, m\u00e1 postura e pouca hidrata\u00e7\u00e3o est\u00e3o entre os gatilhos que podem favorecer as crises.","breadcrumb":{"@id":"https:\/\/www.tuasaude.com\/news\/2026\/09\/06\/dor-de-cabeca-frequente-a-tarde-nem-sempre-e-causada-por-estresse-jejum-prolongado-e-ma-postura-tambem-estao-entre-os-gatilhos-comuns\/#breadcrumb"},"inLanguage":"pt-BR","potentialAction":[{"@type":"ReadAction","target":["https:\/\/www.tuasaude.com\/news\/2026\/09\/06\/dor-de-cabeca-frequente-a-tarde-nem-sempre-e-causada-por-estresse-jejum-prolongado-e-ma-postura-tambem-estao-entre-os-gatilhos-comuns\/"]}]},{"@type":"ImageObject","inLanguage":"pt-BR","@id":"https:\/\/www.tuasaude.com\/news\/2026\/09\/06\/dor-de-cabeca-frequente-a-tarde-nem-sempre-e-causada-por-estresse-jejum-prolongado-e-ma-postura-tambem-estao-entre-os-gatilhos-comuns\/#primaryimage","url":"https:\/\/www.tuasaude.com\/news\/wp-content\/uploads\/2026\/09\/Woman_holding_head_at_desk_202609061015.jpg","contentUrl":"https:\/\/www.tuasaude.com\/news\/wp-content\/uploads\/2026\/09\/Woman_holding_head_at_desk_202609061015.jpg","width":1280,"height":714,"caption":"Dor de cabe\u00e7a frequente \u00e0 tarde nem sempre \u00e9 causada por estresse: jejum prolongado e m\u00e1 postura tamb\u00e9m est\u00e3o entre os gatilhos comuns"},{"@type":"BreadcrumbList","@id":"https:\/\/www.tuasaude.com\/news\/2026\/09\/06\/dor-de-cabeca-frequente-a-tarde-nem-sempre-e-causada-por-estresse-jejum-prolongado-e-ma-postura-tambem-estao-entre-os-gatilhos-comuns\/#breadcrumb","itemListElement":[{"@type":"ListItem","position":1,"name":"In\u00edcio","item":"https:\/\/www.tuasaude.com\/news\/"},{"@type":"ListItem","position":2,"name":"Dor de cabe\u00e7a frequente \u00e0 tarde nem sempre \u00e9 causada por estresse: jejum prolongado e m\u00e1 postura tamb\u00e9m est\u00e3o entre os gatilhos comuns"}]},{"@type":"WebSite","@id":"https:\/\/www.tuasaude.com\/news\/#website","url":"https:\/\/www.tuasaude.com\/news\/","name":"Tua Sa\u00fade","description":"Seu site de sa\u00fade","potentialAction":[{"@type":"SearchAction","target":{"@type":"EntryPoint","urlTemplate":"https:\/\/www.tuasaude.com\/news\/?s={search_term_string}"},"query-input":{"@type":"PropertyValueSpecification","valueRequired":true,"valueName":"search_term_string"}}],"inLanguage":"pt-BR"},{"@type":"Person","@id":"https:\/\/www.tuasaude.com\/news\/#\/schema\/person\/2e9df841be69ec84f5d20ddb8d273ac2","name":"Gessika Julia Carvalho","image":{"@type":"ImageObject","inLanguage":"pt-BR","@id":"https:\/\/www.tuasaude.com\/news\/#\/schema\/person\/image\/","url":"https:\/\/secure.gravatar.com\/avatar\/0fcc8769024577fd0bc6a8b766055690f76a8e8f29dfb2a2f89cf04db8d0f2d2?s=96&d=mm&r=g","contentUrl":"https:\/\/secure.gravatar.com\/avatar\/0fcc8769024577fd0bc6a8b766055690f76a8e8f29dfb2a2f89cf04db8d0f2d2?s=96&d=mm&r=g","caption":"Gessika Julia Carvalho"},"sameAs":["https:\/\/www.tuasaude.com\/news\/"],"url":"https:\/\/www.tuasaude.com\/news\/author\/gessika-julia\/"}]}},"_links":{"self":[{"href":"https:\/\/www.tuasaude.com\/news\/wp-json\/wp\/v2\/posts\/109410","targetHints":{"allow":["GET"]}}],"collection":[{"href":"https:\/\/www.tuasaude.com\/news\/wp-json\/wp\/v2\/posts"}],"about":[{"href":"https:\/\/www.tuasaude.com\/news\/wp-json\/wp\/v2\/types\/post"}],"author":[{"embeddable":true,"href":"https:\/\/www.tuasaude.com\/news\/wp-json\/wp\/v2\/users\/11"}],"replies":[{"embeddable":true,"href":"https:\/\/www.tuasaude.com\/news\/wp-json\/wp\/v2\/comments?post=109410"}],"version-history":[{"count":1,"href":"https:\/\/www.tuasaude.com\/news\/wp-json\/wp\/v2\/posts\/109410\/revisions"}],"predecessor-version":[{"id":109415,"href":"https:\/\/www.tuasaude.com\/news\/wp-json\/wp\/v2\/posts\/109410\/revisions\/109415"}],"wp:featuredmedia":[{"embeddable":true,"href":"https:\/\/www.tuasaude.com\/news\/wp-json\/wp\/v2\/media\/109412"}],"wp:attachment":[{"href":"https:\/\/www.tuasaude.com\/news\/wp-json\/wp\/v2\/media?parent=109410"}],"wp:term":[{"taxonomy":"category","embeddable":true,"href":"https:\/\/www.tuasaude.com\/news\/wp-json\/wp\/v2\/categories?post=109410"},{"taxonomy":"post_tag","embeddable":true,"href":"https:\/\/www.tuasaude.com\/news\/wp-json\/wp\/v2\/tags?post=109410"}],"curies":[{"name":"wp","href":"https:\/\/api.w.org\/{rel}","templated":true}]}}