{"id":109364,"date":"2026-09-06T17:00:00","date_gmt":"2026-09-06T20:00:00","guid":{"rendered":"https:\/\/www.tuasaude.com\/news\/?p=109364"},"modified":"2026-09-06T07:43:20","modified_gmt":"2026-09-06T10:43:20","slug":"as-unhas-fracas-e-quebradicas-nao-se-devem-apenas-ao-uso-de-esmalte-mas-sim-na-maioria-a-deficiencia-de-ferro-biotina-e-proteina","status":"publish","type":"post","link":"https:\/\/www.tuasaude.com\/news\/2026\/09\/06\/as-unhas-fracas-e-quebradicas-nao-se-devem-apenas-ao-uso-de-esmalte-mas-sim-na-maioria-a-deficiencia-de-ferro-biotina-e-proteina\/","title":{"rendered":"As unhas fracas e quebradi\u00e7as n\u00e3o se devem apenas ao uso de esmalte, mas sim na maioria \u00e0 defici\u00eancia de ferro, biotina e prote\u00edna"},"content":{"rendered":"\n<p class=\"wp-block-paragraph\"><strong>Unhas fracas<\/strong> e quebradi\u00e7as costumam ser atribu\u00eddas ao esmalte, \u00e0 acetona ou ao contato frequente com \u00e1gua. Esses fatores podem agravar o problema, mas muitas vezes a origem est\u00e1 no organismo, com destaque para <strong>ferro<\/strong>, <strong>biotina<\/strong> e <strong>prote\u00edna<\/strong>, nutrientes ligados \u00e0 forma\u00e7\u00e3o da l\u00e2mina ungueal, ao crescimento e \u00e0 resist\u00eancia.<\/p>\n\n\n\n<h2 class=\"wp-block-heading\">O esmalte \u00e9 mesmo o principal culpado?<\/h2>\n\n\n\n<p class=\"wp-block-paragraph\">O uso repetido de esmalte, removedores com solventes e lixamento excessivo pode ressecar a superf\u00edcie da unha e aumentar a descama\u00e7\u00e3o. Ainda assim, quando a fragilidade persiste, com lascas, rachaduras e crescimento lento, vale olhar al\u00e9m da rotina est\u00e9tica e considerar car\u00eancias nutricionais, anemia, doen\u00e7as da tireoide e inflama\u00e7\u00f5es locais.<\/p>\n\n\n\n<p class=\"wp-block-paragraph\">Unhas que se partem em camadas, perdem brilho ou ficam muito finas costumam refletir altera\u00e7\u00f5es na queratina e na nutri\u00e7\u00e3o do tecido. Isso acontece porque a matriz ungueal depende de aporte adequado de amino\u00e1cidos, vitaminas e minerais para produzir uma estrutura mais compacta e resistente.<\/p>\n\n\n\n<h2 class=\"wp-block-heading\">O que a pesquisa mostra sobre car\u00eancias nutricionais?<\/h2>\n\n\n\n<p class=\"wp-block-paragraph\">Pesquisa publicada em <strong>2021<\/strong> reuniu evid\u00eancias sobre crescimento, estrutura e altera\u00e7\u00f5es ungueais associadas \u00e0 alimenta\u00e7\u00e3o. A revis\u00e3o descreve que defici\u00eancias de micronutrientes e macronutrientes podem modificar a forma\u00e7\u00e3o da unha e favorecer sinais de fragilidade, como mostra a <a href=\"https:\/\/pubmed.ncbi.nlm.nih.gov\/34785009\/\" target=\"_blank\" rel=\"noopener noreferrer\">rela\u00e7\u00e3o entre car\u00eancias nutricionais e altera\u00e7\u00f5es nas unhas<\/a>.<\/p>\n\n\n\n<p class=\"wp-block-paragraph\">Esse ponto \u00e9 importante porque nem toda unha quebradi\u00e7a melhora apenas com pausas no esmalte. Quando a matriz recebe pouco ferro, pouca prote\u00edna ou n\u00edveis inadequados de vitaminas envolvidas na s\u00edntese de queratina, o crescimento tende a ficar mais irregular e a resist\u00eancia mec\u00e2nica diminui.<\/p>\n\n\n<div class=\"wp-block-image wp-block-image aligncenter size-large\">\n<figure ><img decoding=\"async\" width=\"1279\" height=\"720\" src=\"https:\/\/cdnnewsimg.tuasaude.com\/wp-content\/uploads\/2026\/09\/as-unhas-fracas-e-quebradicas-nao-se-devem-apenas-ao-us-corpo.jpg\" alt=\"Ferro, biotina, prote\u00edna e investiga\u00e7\u00e3o m\u00e9dica sustentam unhas mais resistentes.\" class=\"wp-image-109363\" srcset=\"https:\/\/www.tuasaude.com\/news\/wp-content\/uploads\/2026\/09\/as-unhas-fracas-e-quebradicas-nao-se-devem-apenas-ao-us-corpo.jpg 1279w, https:\/\/www.tuasaude.com\/news\/wp-content\/uploads\/2026\/09\/as-unhas-fracas-e-quebradicas-nao-se-devem-apenas-ao-us-corpo-300x169.jpg 300w, https:\/\/www.tuasaude.com\/news\/wp-content\/uploads\/2026\/09\/as-unhas-fracas-e-quebradicas-nao-se-devem-apenas-ao-us-corpo-1024x576.jpg 1024w, https:\/\/www.tuasaude.com\/news\/wp-content\/uploads\/2026\/09\/as-unhas-fracas-e-quebradicas-nao-se-devem-apenas-ao-us-corpo-768x432.jpg 768w, https:\/\/www.tuasaude.com\/news\/wp-content\/uploads\/2026\/09\/as-unhas-fracas-e-quebradicas-nao-se-devem-apenas-ao-us-corpo-750x422.jpg 750w, https:\/\/www.tuasaude.com\/news\/wp-content\/uploads\/2026\/09\/as-unhas-fracas-e-quebradicas-nao-se-devem-apenas-ao-us-corpo-1140x642.jpg 1140w\" sizes=\"(max-width: 1279px) 100vw, 1279px\" \/><figcaption class=\"wp-element-caption\">Ferro, biotina, prote\u00edna e investiga\u00e7\u00e3o m\u00e9dica sustentam unhas mais resistentes.<\/figcaption><\/figure>\n<\/div>\n\n\n<h2 class=\"wp-block-heading\">Como o ferro interfere na resist\u00eancia das unhas?<\/h2>\n\n\n\n<p class=\"wp-block-paragraph\"><strong>Ferro<\/strong> baixo \u00e9 uma das hip\u00f3teses mais lembradas quando h\u00e1 unha fr\u00e1gil, palidez, cansa\u00e7o e queda de cabelo no mesmo per\u00edodo. A defici\u00eancia pode reduzir a oxigena\u00e7\u00e3o dos tecidos e acompanhar quadros de anemia, situa\u00e7\u00e3o em que a unha cresce com mais dificuldade e fica suscet\u00edvel a quebras.<\/p>\n\n\n\n<p class=\"wp-block-paragraph\">Sinais que merecem aten\u00e7\u00e3o incluem:<\/p>\n\n\n\n<ul class=\"wp-block-list\">\n<li>quebra frequente mesmo com unhas curtas<\/li>\n\n\n\n<li>superf\u00edcie mais fina ou opaca<\/li>\n\n\n\n<li>cansa\u00e7o fora do habitual<\/li>\n\n\n\n<li>tontura, falta de ar aos esfor\u00e7os ou palidez<\/li>\n<\/ul>\n\n\n\n<p class=\"wp-block-paragraph\">Quando esses achados aparecem juntos, faz sentido investigar hemograma e estoques de ferro. No portal Tua Sa\u00fade, h\u00e1 uma explica\u00e7\u00e3o \u00fatil sobre <a href=\"https:\/\/www.tuasaude.com\/unhas-fracas\/\" target=\"_blank\" rel=\"noopener noreferrer\">as causas das unhas fracas<\/a> e os sinais que pedem avalia\u00e7\u00e3o.<\/p>\n\n\n\n<h2 class=\"wp-block-heading\">Biotina ajuda em qualquer caso?<\/h2>\n\n\n\n<p class=\"wp-block-paragraph\"><strong>Biotina<\/strong> participa de processos metab\u00f3licos importantes para pele, cabelo e unhas, mas isso n\u00e3o significa que toda pessoa com fragilidade ungueal precise suplementar. O benef\u00edcio tende a fazer mais sentido quando existe suspeita cl\u00ednica de car\u00eancia, alimenta\u00e7\u00e3o muito restrita, altera\u00e7\u00f5es de absor\u00e7\u00e3o intestinal ou quadro compat\u00edvel com descama\u00e7\u00e3o em camadas.<\/p>\n\n\n\n<p class=\"wp-block-paragraph\">Outra investiga\u00e7\u00e3o, publicada em 2025, apontou melhora da onicosquizia com um esquema combinado de vitaminas ao longo de 3 meses, com <a href=\"https:\/\/pubmed.ncbi.nlm.nih.gov\/39913222\/\" target=\"_blank\" rel=\"noopener noreferrer\">benef\u00edcio na descama\u00e7\u00e3o ungueal em unhas fr\u00e1geis<\/a>. Isso n\u00e3o autoriza automedica\u00e7\u00e3o, porque a dose, o tempo de uso e a causa da fragilidade mudam a conduta.<\/p>\n\n\n\n<h2 class=\"wp-block-heading\">Por que a prote\u00edna faz tanta diferen\u00e7a?<\/h2>\n\n\n\n<p class=\"wp-block-paragraph\">A unha \u00e9 formada principalmente por queratina, uma prote\u00edna estrutural. Por isso, ingest\u00e3o proteica insuficiente pode comprometer a produ\u00e7\u00e3o de uma l\u00e2mina ungueal mais firme, sobretudo em dietas muito restritivas, perda de peso acelerada, baixa ingest\u00e3o cal\u00f3rica ou dificuldade de absor\u00e7\u00e3o intestinal.<\/p>\n\n\n\n<p class=\"wp-block-paragraph\">Alguns contextos em que a <strong>prote\u00edna<\/strong> merece aten\u00e7\u00e3o incluem:<\/p>\n\n\n\n<ul class=\"wp-block-list\">\n<li>refei\u00e7\u00f5es com pouca variedade e baixo teor proteico<\/li>\n\n\n\n<li>consumo insuficiente de ovos, leite, leguminosas, carnes ou derivados de soja<\/li>\n\n\n\n<li>per\u00edodos de recupera\u00e7\u00e3o ap\u00f3s doen\u00e7a<\/li>\n\n\n\n<li>idosos com redu\u00e7\u00e3o de apetite e massa muscular<\/li>\n<\/ul>\n\n\n\n<p class=\"wp-block-paragraph\">Nesses casos, a fragilidade n\u00e3o costuma aparecer isolada. Tamb\u00e9m podem surgir perda de massa magra, cicatriza\u00e7\u00e3o mais lenta e sensa\u00e7\u00e3o de fraqueza, o que refor\u00e7a a necessidade de avaliar o quadro completo.<\/p>\n\n\n\n<h2 class=\"wp-block-heading\">Quando as unhas quebradi\u00e7as pedem investiga\u00e7\u00e3o m\u00e9dica?<\/h2>\n\n\n\n<p class=\"wp-block-paragraph\">Se a fragilidade dura semanas, piora progressivamente ou vem acompanhada de altera\u00e7\u00f5es na pele, no couro cabeludo, no cansa\u00e7o ou no peso corporal, a avalia\u00e7\u00e3o cl\u00ednica \u00e9 o passo mais \u00fatil. Exames laboratoriais podem ajudar a investigar defici\u00eancia de ferro, baixa ingest\u00e3o de prote\u00edna, altera\u00e7\u00f5es vitam\u00ednicas, tireoide e outras causas menos \u00f3bvias.<\/p>\n\n\n\n<p class=\"wp-block-paragraph\">Cuidar da l\u00e2mina ungueal por fora ajuda, mas a resposta mais consistente costuma vir quando se corrige o que interfere na matriz, na queratina e no estado nutricional. Unhas que lascam, afinam ou descamam de forma recorrente funcionam como um sinal perif\u00e9rico de que o corpo pode estar recebendo menos substrato do que precisa para crescer com estabilidade.<\/p>\n\n\n\n<p class=\"wp-block-paragraph\">Este conte\u00fado tem car\u00e1ter exclusivamente informativo e <strong>n\u00e3o substitui a avalia\u00e7\u00e3o<\/strong>, o diagn\u00f3stico ou o acompanhamento de um profissional de sa\u00fade. Se voc\u00ea apresenta sintomas ou tem d\u00favidas sobre sua condi\u00e7\u00e3o, procure orienta\u00e7\u00e3o m\u00e9dica.<\/p>\n","protected":false},"excerpt":{"rendered":"<p>Unhas fracas e quebradi\u00e7as costumam ser atribu\u00eddas ao esmalte, \u00e0 acetona ou ao contato frequente com \u00e1gua. Esses fatores podem agravar o problema, mas muitas vezes a origem est\u00e1 no organismo, com destaque para ferro, biotina e prote\u00edna, nutrientes ligados \u00e0 forma\u00e7\u00e3o da l\u00e2mina ungueal, ao crescimento e \u00e0 resist\u00eancia. O esmalte \u00e9 mesmo o [&hellip;]<\/p>\n","protected":false},"author":6,"featured_media":109362,"comment_status":"open","ping_status":"open","sticky":false,"template":"","format":"standard","meta":{"_yoast_wpseo_focuskw":"unhas fracas","_yoast_wpseo_title":"","_yoast_wpseo_metadesc":"Unhas fracas nem sempre apontam excesso de esmalte. Ferro, biotina e prote\u00edna mudam o crescimento ungueal mais do que muita gente imagina.","jnews-multi-image_gallery":[],"jnews_single_post":{"format":"standard"},"jnews_primary_category":[],"jnews_social_meta":[],"jnews_override_counter":[],"footnotes":""},"categories":[111],"tags":[1609,199,195,1796,1610],"class_list":["post-109364","post","type-post","status-publish","format-standard","has-post-thumbnail","hentry","category-saude","tag-biotina","tag-ferro","tag-proteina","tag-saude-2","tag-unhas-fracas"],"yoast_head":"<!-- This site is optimized with the Yoast SEO plugin v26.7 - https:\/\/yoast.com\/wordpress\/plugins\/seo\/ -->\n<title>As unhas fracas e quebradi\u00e7as n\u00e3o se devem apenas ao uso de esmalte, mas sim na maioria \u00e0 defici\u00eancia de ferro, biotina e prote\u00edna - Tua Sa\u00fade<\/title>\n<meta name=\"description\" content=\"Unhas fracas nem sempre apontam excesso de esmalte. Ferro, biotina e prote\u00edna mudam o crescimento ungueal mais do que muita gente imagina.\" \/>\n<meta name=\"robots\" content=\"index, follow, max-snippet:-1, max-image-preview:large, max-video-preview:-1\" \/>\n<link rel=\"canonical\" href=\"https:\/\/www.tuasaude.com\/news\/2026\/09\/06\/as-unhas-fracas-e-quebradicas-nao-se-devem-apenas-ao-uso-de-esmalte-mas-sim-na-maioria-a-deficiencia-de-ferro-biotina-e-proteina\/\" \/>\n<meta property=\"og:locale\" content=\"pt_BR\" \/>\n<meta property=\"og:type\" content=\"article\" \/>\n<meta property=\"og:title\" content=\"As unhas fracas e quebradi\u00e7as n\u00e3o se devem apenas ao uso de esmalte, mas sim na maioria \u00e0 defici\u00eancia de ferro, biotina e prote\u00edna - Tua Sa\u00fade\" \/>\n<meta property=\"og:description\" content=\"Unhas fracas nem sempre apontam excesso de esmalte. Ferro, biotina e prote\u00edna mudam o crescimento ungueal mais do que muita gente imagina.\" \/>\n<meta property=\"og:url\" content=\"https:\/\/www.tuasaude.com\/news\/2026\/09\/06\/as-unhas-fracas-e-quebradicas-nao-se-devem-apenas-ao-uso-de-esmalte-mas-sim-na-maioria-a-deficiencia-de-ferro-biotina-e-proteina\/\" \/>\n<meta property=\"og:site_name\" content=\"Tua Sa\u00fade\" \/>\n<meta property=\"article:published_time\" content=\"2026-09-06T20:00:00+00:00\" \/>\n<meta property=\"og:image\" content=\"https:\/\/www.tuasaude.com\/news\/wp-content\/uploads\/2026\/09\/as-unhas-fracas-e-quebradicas-nao-se-devem-apenas-ao-uso-de-.jpg\" \/>\n\t<meta property=\"og:image:width\" content=\"1279\" \/>\n\t<meta property=\"og:image:height\" content=\"720\" \/>\n\t<meta property=\"og:image:type\" content=\"image\/jpeg\" \/>\n<meta name=\"author\" content=\"Gabriel Leme\" \/>\n<meta name=\"twitter:card\" content=\"summary_large_image\" \/>\n<meta name=\"twitter:label1\" content=\"Escrito por\" \/>\n\t<meta name=\"twitter:data1\" content=\"Gabriel Leme\" \/>\n\t<meta name=\"twitter:label2\" content=\"Est. tempo de leitura\" \/>\n\t<meta name=\"twitter:data2\" content=\"5 minutos\" \/>\n<!-- \/ Yoast SEO plugin. -->","yoast_head_json":{"title":"As unhas fracas e quebradi\u00e7as n\u00e3o se devem apenas ao uso de esmalte, mas sim na maioria \u00e0 defici\u00eancia de ferro, biotina e prote\u00edna - Tua Sa\u00fade","description":"Unhas fracas nem sempre apontam excesso de esmalte. Ferro, biotina e prote\u00edna mudam o crescimento ungueal mais do que muita gente imagina.","robots":{"index":"index","follow":"follow","max-snippet":"max-snippet:-1","max-image-preview":"max-image-preview:large","max-video-preview":"max-video-preview:-1"},"canonical":"https:\/\/www.tuasaude.com\/news\/2026\/09\/06\/as-unhas-fracas-e-quebradicas-nao-se-devem-apenas-ao-uso-de-esmalte-mas-sim-na-maioria-a-deficiencia-de-ferro-biotina-e-proteina\/","og_locale":"pt_BR","og_type":"article","og_title":"As unhas fracas e quebradi\u00e7as n\u00e3o se devem apenas ao uso de esmalte, mas sim na maioria \u00e0 defici\u00eancia de ferro, biotina e prote\u00edna - Tua Sa\u00fade","og_description":"Unhas fracas nem sempre apontam excesso de esmalte. Ferro, biotina e prote\u00edna mudam o crescimento ungueal mais do que muita gente imagina.","og_url":"https:\/\/www.tuasaude.com\/news\/2026\/09\/06\/as-unhas-fracas-e-quebradicas-nao-se-devem-apenas-ao-uso-de-esmalte-mas-sim-na-maioria-a-deficiencia-de-ferro-biotina-e-proteina\/","og_site_name":"Tua Sa\u00fade","article_published_time":"2026-09-06T20:00:00+00:00","og_image":[{"width":1279,"height":720,"url":"https:\/\/www.tuasaude.com\/news\/wp-content\/uploads\/2026\/09\/as-unhas-fracas-e-quebradicas-nao-se-devem-apenas-ao-uso-de-.jpg","type":"image\/jpeg"}],"author":"Gabriel Leme","twitter_card":"summary_large_image","twitter_misc":{"Escrito por":"Gabriel Leme","Est. tempo de leitura":"5 minutos"},"schema":{"@context":"https:\/\/schema.org","@graph":[{"@type":"Article","@id":"https:\/\/www.tuasaude.com\/news\/2026\/09\/06\/as-unhas-fracas-e-quebradicas-nao-se-devem-apenas-ao-uso-de-esmalte-mas-sim-na-maioria-a-deficiencia-de-ferro-biotina-e-proteina\/#article","isPartOf":{"@id":"https:\/\/www.tuasaude.com\/news\/2026\/09\/06\/as-unhas-fracas-e-quebradicas-nao-se-devem-apenas-ao-uso-de-esmalte-mas-sim-na-maioria-a-deficiencia-de-ferro-biotina-e-proteina\/"},"author":{"name":"Gabriel Leme","@id":"https:\/\/www.tuasaude.com\/news\/#\/schema\/person\/bf512a2e53b74f5544ff3040f496e593"},"headline":"As unhas fracas e quebradi\u00e7as n\u00e3o se devem apenas ao uso de esmalte, mas sim na maioria \u00e0 defici\u00eancia de ferro, biotina e prote\u00edna","datePublished":"2026-09-06T20:00:00+00:00","mainEntityOfPage":{"@id":"https:\/\/www.tuasaude.com\/news\/2026\/09\/06\/as-unhas-fracas-e-quebradicas-nao-se-devem-apenas-ao-uso-de-esmalte-mas-sim-na-maioria-a-deficiencia-de-ferro-biotina-e-proteina\/"},"wordCount":881,"commentCount":0,"image":{"@id":"https:\/\/www.tuasaude.com\/news\/2026\/09\/06\/as-unhas-fracas-e-quebradicas-nao-se-devem-apenas-ao-uso-de-esmalte-mas-sim-na-maioria-a-deficiencia-de-ferro-biotina-e-proteina\/#primaryimage"},"thumbnailUrl":"https:\/\/www.tuasaude.com\/news\/wp-content\/uploads\/2026\/09\/as-unhas-fracas-e-quebradicas-nao-se-devem-apenas-ao-uso-de-.jpg","keywords":["biotina","ferro","prote\u00edna","saude","unhas fracas"],"articleSection":["Sa\u00fade"],"inLanguage":"pt-BR","potentialAction":[{"@type":"CommentAction","name":"Comment","target":["https:\/\/www.tuasaude.com\/news\/2026\/09\/06\/as-unhas-fracas-e-quebradicas-nao-se-devem-apenas-ao-uso-de-esmalte-mas-sim-na-maioria-a-deficiencia-de-ferro-biotina-e-proteina\/#respond"]}]},{"@type":"WebPage","@id":"https:\/\/www.tuasaude.com\/news\/2026\/09\/06\/as-unhas-fracas-e-quebradicas-nao-se-devem-apenas-ao-uso-de-esmalte-mas-sim-na-maioria-a-deficiencia-de-ferro-biotina-e-proteina\/","url":"https:\/\/www.tuasaude.com\/news\/2026\/09\/06\/as-unhas-fracas-e-quebradicas-nao-se-devem-apenas-ao-uso-de-esmalte-mas-sim-na-maioria-a-deficiencia-de-ferro-biotina-e-proteina\/","name":"As unhas fracas e quebradi\u00e7as n\u00e3o se devem apenas ao uso de esmalte, mas sim na maioria \u00e0 defici\u00eancia de ferro, biotina e prote\u00edna - Tua Sa\u00fade","isPartOf":{"@id":"https:\/\/www.tuasaude.com\/news\/#website"},"primaryImageOfPage":{"@id":"https:\/\/www.tuasaude.com\/news\/2026\/09\/06\/as-unhas-fracas-e-quebradicas-nao-se-devem-apenas-ao-uso-de-esmalte-mas-sim-na-maioria-a-deficiencia-de-ferro-biotina-e-proteina\/#primaryimage"},"image":{"@id":"https:\/\/www.tuasaude.com\/news\/2026\/09\/06\/as-unhas-fracas-e-quebradicas-nao-se-devem-apenas-ao-uso-de-esmalte-mas-sim-na-maioria-a-deficiencia-de-ferro-biotina-e-proteina\/#primaryimage"},"thumbnailUrl":"https:\/\/www.tuasaude.com\/news\/wp-content\/uploads\/2026\/09\/as-unhas-fracas-e-quebradicas-nao-se-devem-apenas-ao-uso-de-.jpg","datePublished":"2026-09-06T20:00:00+00:00","author":{"@id":"https:\/\/www.tuasaude.com\/news\/#\/schema\/person\/bf512a2e53b74f5544ff3040f496e593"},"description":"Unhas fracas nem sempre apontam excesso de esmalte. Ferro, biotina e prote\u00edna mudam o crescimento ungueal mais do que muita gente imagina.","breadcrumb":{"@id":"https:\/\/www.tuasaude.com\/news\/2026\/09\/06\/as-unhas-fracas-e-quebradicas-nao-se-devem-apenas-ao-uso-de-esmalte-mas-sim-na-maioria-a-deficiencia-de-ferro-biotina-e-proteina\/#breadcrumb"},"inLanguage":"pt-BR","potentialAction":[{"@type":"ReadAction","target":["https:\/\/www.tuasaude.com\/news\/2026\/09\/06\/as-unhas-fracas-e-quebradicas-nao-se-devem-apenas-ao-uso-de-esmalte-mas-sim-na-maioria-a-deficiencia-de-ferro-biotina-e-proteina\/"]}]},{"@type":"ImageObject","inLanguage":"pt-BR","@id":"https:\/\/www.tuasaude.com\/news\/2026\/09\/06\/as-unhas-fracas-e-quebradicas-nao-se-devem-apenas-ao-uso-de-esmalte-mas-sim-na-maioria-a-deficiencia-de-ferro-biotina-e-proteina\/#primaryimage","url":"https:\/\/www.tuasaude.com\/news\/wp-content\/uploads\/2026\/09\/as-unhas-fracas-e-quebradicas-nao-se-devem-apenas-ao-uso-de-.jpg","contentUrl":"https:\/\/www.tuasaude.com\/news\/wp-content\/uploads\/2026\/09\/as-unhas-fracas-e-quebradicas-nao-se-devem-apenas-ao-uso-de-.jpg","width":1279,"height":720,"caption":"Unhas fracas podem sinalizar car\u00eancia de ferro, biotina e prote\u00edna."},{"@type":"BreadcrumbList","@id":"https:\/\/www.tuasaude.com\/news\/2026\/09\/06\/as-unhas-fracas-e-quebradicas-nao-se-devem-apenas-ao-uso-de-esmalte-mas-sim-na-maioria-a-deficiencia-de-ferro-biotina-e-proteina\/#breadcrumb","itemListElement":[{"@type":"ListItem","position":1,"name":"In\u00edcio","item":"https:\/\/www.tuasaude.com\/news\/"},{"@type":"ListItem","position":2,"name":"As unhas fracas e quebradi\u00e7as n\u00e3o se devem apenas ao uso de esmalte, mas sim na maioria \u00e0 defici\u00eancia de ferro, biotina e prote\u00edna"}]},{"@type":"WebSite","@id":"https:\/\/www.tuasaude.com\/news\/#website","url":"https:\/\/www.tuasaude.com\/news\/","name":"Tua Sa\u00fade","description":"Seu site de sa\u00fade","potentialAction":[{"@type":"SearchAction","target":{"@type":"EntryPoint","urlTemplate":"https:\/\/www.tuasaude.com\/news\/?s={search_term_string}"},"query-input":{"@type":"PropertyValueSpecification","valueRequired":true,"valueName":"search_term_string"}}],"inLanguage":"pt-BR"},{"@type":"Person","@id":"https:\/\/www.tuasaude.com\/news\/#\/schema\/person\/bf512a2e53b74f5544ff3040f496e593","name":"Gabriel Leme","image":{"@type":"ImageObject","inLanguage":"pt-BR","@id":"https:\/\/www.tuasaude.com\/news\/#\/schema\/person\/image\/","url":"https:\/\/secure.gravatar.com\/avatar\/a12badc2d08e73d59b38f178ebe822eca26c0445823b05fefedea89fb346439c?s=96&d=mm&r=g","contentUrl":"https:\/\/secure.gravatar.com\/avatar\/a12badc2d08e73d59b38f178ebe822eca26c0445823b05fefedea89fb346439c?s=96&d=mm&r=g","caption":"Gabriel Leme"},"sameAs":["https:\/\/www.tuasaude.com\/news"],"url":"https:\/\/www.tuasaude.com\/news\/author\/gabrielleme\/"}]}},"_links":{"self":[{"href":"https:\/\/www.tuasaude.com\/news\/wp-json\/wp\/v2\/posts\/109364","targetHints":{"allow":["GET"]}}],"collection":[{"href":"https:\/\/www.tuasaude.com\/news\/wp-json\/wp\/v2\/posts"}],"about":[{"href":"https:\/\/www.tuasaude.com\/news\/wp-json\/wp\/v2\/types\/post"}],"author":[{"embeddable":true,"href":"https:\/\/www.tuasaude.com\/news\/wp-json\/wp\/v2\/users\/6"}],"replies":[{"embeddable":true,"href":"https:\/\/www.tuasaude.com\/news\/wp-json\/wp\/v2\/comments?post=109364"}],"version-history":[{"count":1,"href":"https:\/\/www.tuasaude.com\/news\/wp-json\/wp\/v2\/posts\/109364\/revisions"}],"predecessor-version":[{"id":109402,"href":"https:\/\/www.tuasaude.com\/news\/wp-json\/wp\/v2\/posts\/109364\/revisions\/109402"}],"wp:featuredmedia":[{"embeddable":true,"href":"https:\/\/www.tuasaude.com\/news\/wp-json\/wp\/v2\/media\/109362"}],"wp:attachment":[{"href":"https:\/\/www.tuasaude.com\/news\/wp-json\/wp\/v2\/media?parent=109364"}],"wp:term":[{"taxonomy":"category","embeddable":true,"href":"https:\/\/www.tuasaude.com\/news\/wp-json\/wp\/v2\/categories?post=109364"},{"taxonomy":"post_tag","embeddable":true,"href":"https:\/\/www.tuasaude.com\/news\/wp-json\/wp\/v2\/tags?post=109364"}],"curies":[{"name":"wp","href":"https:\/\/api.w.org\/{rel}","templated":true}]}}