{"id":109361,"date":"2026-09-06T16:00:00","date_gmt":"2026-09-06T19:00:00","guid":{"rendered":"https:\/\/www.tuasaude.com\/news\/?p=109361"},"modified":"2026-09-06T07:43:08","modified_gmt":"2026-09-06T10:43:08","slug":"acordar-com-dor-forte-no-calcanhar-logo-nos-primeiros-passos-da-manha-pode-ser-um-dos-primeiros-sinais-de-fascite-plantar","status":"publish","type":"post","link":"https:\/\/www.tuasaude.com\/news\/2026\/09\/06\/acordar-com-dor-forte-no-calcanhar-logo-nos-primeiros-passos-da-manha-pode-ser-um-dos-primeiros-sinais-de-fascite-plantar\/","title":{"rendered":"Acordar com dor forte no calcanhar logo nos primeiros passos da manh\u00e3 pode ser um dos primeiros sinais de fascite plantar"},"content":{"rendered":"\n<p class=\"wp-block-paragraph\"><strong>Dor no calcanhar<\/strong> ao sair da cama, especialmente nos <strong>primeiros passos da manh\u00e3<\/strong>, \u00e9 um padr\u00e3o cl\u00e1ssico de sobrecarga na sola do <strong>p\u00e9<\/strong>. Quando esse inc\u00f4modo aparece perto da base do calcanhar, piora ao apoiar o peso e alivia depois de alguns minutos, a <strong>fascite plantar<\/strong> entra entre as hip\u00f3teses mais prov\u00e1veis.<\/p>\n\n\n\n<h2 class=\"wp-block-heading\">Por que a dor aparece logo ao levantar?<\/h2>\n\n\n\n<p class=\"wp-block-paragraph\">A f\u00e1scia plantar \u00e9 uma faixa de tecido que ajuda a sustentar o arco do p\u00e9 e absorver impacto na caminhada. Durante a noite, esse tecido fica em repouso. Ao apoiar o corpo no ch\u00e3o pela manh\u00e3, a tra\u00e7\u00e3o volta de forma brusca, o que pode gerar dor aguda no calcanhar.<\/p>\n\n\n\n<p class=\"wp-block-paragraph\">Esse padr\u00e3o costuma ser mais intenso ap\u00f3s longos per\u00edodos sentado, depois de treino com corrida, ganho de peso, uso de cal\u00e7ado sem suporte ou muito tempo em p\u00e9. Nem toda dor no calcanhar tem a mesma causa, mas a combina\u00e7\u00e3o entre dor plantar, rigidez e piora nos primeiros passos merece aten\u00e7\u00e3o.<\/p>\n\n\n\n<h2 class=\"wp-block-heading\">O que a pesquisa recente mostra sobre fascite plantar?<\/h2>\n\n\n\n<p class=\"wp-block-paragraph\">Pesquisa publicada em <strong>2023<\/strong> reuniu ensaios cl\u00ednicos e refor\u00e7ou que a <strong>fascite plantar<\/strong> costuma se manifestar com dor nos primeiros passos do dia. A an\u00e1lise tamb\u00e9m encontrou melhora de curto prazo com estrat\u00e9gias conservadoras, como alongamento, taping e laser de baixa intensidade, o que apoia o tratamento inicial sem cirurgia em muitos casos.<\/p>\n\n\n\n<p class=\"wp-block-paragraph\">Os dados podem ser consultados no estudo sobre <a href=\"https:\/\/pubmed.ncbi.nlm.nih.gov\/36571559\/\" target=\"_blank\" rel=\"noopener noreferrer\">melhora da dor com alongamento e taping<\/a>. Na pr\u00e1tica, isso indica que o manejo precoce, com redu\u00e7\u00e3o de carga, exerc\u00edcios e ajuste do apoio do p\u00e9, pode aliviar sintomas e recuperar a fun\u00e7\u00e3o.<\/p>\n\n\n<div class=\"wp-block-image wp-block-image aligncenter size-large\">\n<figure ><img decoding=\"async\" width=\"1279\" height=\"720\" src=\"https:\/\/cdnnewsimg.tuasaude.com\/wp-content\/uploads\/2026\/09\/acordar-com-dor-forte-no-calcanhar-logo-nos-primeiros-p-corpo.jpg\" alt=\"Infogr\u00e1fico resume dor, rigidez, sobrecarga e suporte na fascite plantar.\" class=\"wp-image-109360\" srcset=\"https:\/\/www.tuasaude.com\/news\/wp-content\/uploads\/2026\/09\/acordar-com-dor-forte-no-calcanhar-logo-nos-primeiros-p-corpo.jpg 1279w, https:\/\/www.tuasaude.com\/news\/wp-content\/uploads\/2026\/09\/acordar-com-dor-forte-no-calcanhar-logo-nos-primeiros-p-corpo-300x169.jpg 300w, https:\/\/www.tuasaude.com\/news\/wp-content\/uploads\/2026\/09\/acordar-com-dor-forte-no-calcanhar-logo-nos-primeiros-p-corpo-1024x576.jpg 1024w, https:\/\/www.tuasaude.com\/news\/wp-content\/uploads\/2026\/09\/acordar-com-dor-forte-no-calcanhar-logo-nos-primeiros-p-corpo-768x432.jpg 768w, https:\/\/www.tuasaude.com\/news\/wp-content\/uploads\/2026\/09\/acordar-com-dor-forte-no-calcanhar-logo-nos-primeiros-p-corpo-750x422.jpg 750w, https:\/\/www.tuasaude.com\/news\/wp-content\/uploads\/2026\/09\/acordar-com-dor-forte-no-calcanhar-logo-nos-primeiros-p-corpo-1140x642.jpg 1140w\" sizes=\"(max-width: 1279px) 100vw, 1279px\" \/><figcaption class=\"wp-element-caption\">Infogr\u00e1fico resume dor, rigidez, sobrecarga e suporte na fascite plantar.<\/figcaption><\/figure>\n<\/div>\n\n\n<h2 class=\"wp-block-heading\">Quais sinais aumentam a suspeita?<\/h2>\n\n\n\n<p class=\"wp-block-paragraph\">Alguns achados ajudam a diferenciar a fascite plantar de outras causas no p\u00e9. Os mais comuns incluem:<\/p>\n\n\n\n<ul class=\"wp-block-list\">\n<li>dor em pontada na parte de baixo do calcanhar<\/li>\n\n\n\n<li>piora nos primeiros passos da manh\u00e3<\/li>\n\n\n\n<li>al\u00edvio parcial ap\u00f3s caminhar alguns minutos<\/li>\n\n\n\n<li>sensibilidade ao apertar a regi\u00e3o medial do calcanhar<\/li>\n\n\n\n<li>inc\u00f4modo ap\u00f3s corrida, caminhada longa ou muito tempo em p\u00e9<\/li>\n<\/ul>\n\n\n\n<p class=\"wp-block-paragraph\">Se a dor vier acompanhada de formigamento, perda de for\u00e7a, incha\u00e7o importante, febre ou trauma recente, a avalia\u00e7\u00e3o precisa considerar outras possibilidades. Para comparar <a href=\"https:\/\/www.tuasaude.com\/dor-no-calcanhar\/\" target=\"_blank\" rel=\"noopener noreferrer\">as causas de dor no calcanhar<\/a>, vale observar localiza\u00e7\u00e3o, intensidade e momento em que o sintoma aparece.<\/p>\n\n\n\n<h2 class=\"wp-block-heading\">O que pode piorar a sobrecarga na sola do p\u00e9?<\/h2>\n\n\n\n<p class=\"wp-block-paragraph\">O problema costuma surgir por soma de fatores mec\u00e2nicos. Entre eles, alguns aparecem com frequ\u00eancia:<\/p>\n\n\n\n<ul class=\"wp-block-list\">\n<li>aumento r\u00e1pido de treino ou caminhada<\/li>\n\n\n\n<li>cal\u00e7ado gasto ou sem amortecimento<\/li>\n\n\n\n<li>encurtamento da panturrilha e do tend\u00e3o de Aquiles<\/li>\n\n\n\n<li>longos per\u00edodos em p\u00e9 em piso r\u00edgido<\/li>\n\n\n\n<li>excesso de peso corporal<\/li>\n\n\n\n<li>altera\u00e7\u00f5es do arco plantar<\/li>\n<\/ul>\n\n\n\n<p class=\"wp-block-paragraph\">Outra investiga\u00e7\u00e3o de <strong>2023<\/strong> apontou que o taping pode ter utilidade inicial para reduzir a intensidade da dor em curto prazo, como mostra a an\u00e1lise sobre <a href=\"https:\/\/pubmed.ncbi.nlm.nih.gov\/37620126\/\" target=\"_blank\" rel=\"noopener noreferrer\">al\u00edvio tempor\u00e1rio da dor plantar com taping<\/a>. Esse recurso n\u00e3o corrige a causa sozinho, mas pode ajudar enquanto o tecido se recupera.<\/p>\n\n\n\n<h2 class=\"wp-block-heading\">Quando procurar avalia\u00e7\u00e3o e o que costuma ajudar?<\/h2>\n\n\n\n<p class=\"wp-block-paragraph\">Se a dor no calcanhar durar mais de alguns dias, limitar a marcha ou voltar sempre pela manh\u00e3, vale procurar avalia\u00e7\u00e3o. O exame cl\u00ednico do p\u00e9, do arco plantar, da panturrilha e da pisada costuma esclarecer bastante. Em casos espec\u00edficos, o profissional pode pedir imagem para afastar ruptura, fratura por estresse ou outras les\u00f5es.<\/p>\n\n\n\n<p class=\"wp-block-paragraph\">As medidas mais usadas incluem <strong>alongamento da panturrilha<\/strong>, mobilidade do p\u00e9, ajuste de carga, palmilha quando indicada e troca do cal\u00e7ado. Dor persistente ao acordar n\u00e3o deve ser normalizada, porque a evolu\u00e7\u00e3o depende muito do controle do impacto, da biomec\u00e2nica e da recupera\u00e7\u00e3o adequada da f\u00e1scia plantar.<\/p>\n\n\n\n<p class=\"wp-block-paragraph\">Este conte\u00fado tem car\u00e1ter exclusivamente informativo e <strong>n\u00e3o substitui a avalia\u00e7\u00e3o<\/strong>, o diagn\u00f3stico ou o acompanhamento de um profissional de sa\u00fade. Se a dor no calcanhar persiste ou piora, procure orienta\u00e7\u00e3o m\u00e9dica.<\/p>\n","protected":false},"excerpt":{"rendered":"<p>Dor no calcanhar ao sair da cama, especialmente nos primeiros passos da manh\u00e3, \u00e9 um padr\u00e3o cl\u00e1ssico de sobrecarga na sola do p\u00e9. Quando esse inc\u00f4modo aparece perto da base do calcanhar, piora ao apoiar o peso e alivia depois de alguns minutos, a fascite plantar entra entre as hip\u00f3teses mais prov\u00e1veis. Por que a [&hellip;]<\/p>\n","protected":false},"author":6,"featured_media":109359,"comment_status":"open","ping_status":"open","sticky":false,"template":"","format":"standard","meta":{"_yoast_wpseo_focuskw":"dor no calcanhar","_yoast_wpseo_title":"","_yoast_wpseo_metadesc":"Dor no calcanhar ao levantar pode indicar mais do que cansa\u00e7o. Um detalhe nos primeiros passos da manh\u00e3 muda a suspeita para fascite plantar.","jnews-multi-image_gallery":[],"jnews_single_post":{"format":"standard"},"jnews_primary_category":[],"jnews_social_meta":[],"jnews_override_counter":[],"footnotes":""},"categories":[111],"tags":[2752,4614,4613,1796],"class_list":["post-109361","post","type-post","status-publish","format-standard","has-post-thumbnail","hentry","category-saude","tag-dor-ao-acordar","tag-dor-no-calcanhar","tag-fascite-plantar","tag-saude-2"],"yoast_head":"<!-- This site is optimized with the Yoast SEO plugin v26.7 - https:\/\/yoast.com\/wordpress\/plugins\/seo\/ -->\n<title>Acordar com dor forte no calcanhar logo nos primeiros passos da manh\u00e3 pode ser um dos primeiros sinais de fascite plantar - Tua Sa\u00fade<\/title>\n<meta name=\"description\" content=\"Dor no calcanhar ao levantar pode indicar mais do que cansa\u00e7o. Um detalhe nos primeiros passos da manh\u00e3 muda a suspeita para fascite plantar.\" \/>\n<meta name=\"robots\" content=\"index, follow, max-snippet:-1, max-image-preview:large, max-video-preview:-1\" \/>\n<link rel=\"canonical\" href=\"https:\/\/www.tuasaude.com\/news\/2026\/09\/06\/acordar-com-dor-forte-no-calcanhar-logo-nos-primeiros-passos-da-manha-pode-ser-um-dos-primeiros-sinais-de-fascite-plantar\/\" \/>\n<meta property=\"og:locale\" content=\"pt_BR\" \/>\n<meta property=\"og:type\" content=\"article\" \/>\n<meta property=\"og:title\" content=\"Acordar com dor forte no calcanhar logo nos primeiros passos da manh\u00e3 pode ser um dos primeiros sinais de fascite plantar - Tua Sa\u00fade\" \/>\n<meta property=\"og:description\" content=\"Dor no calcanhar ao levantar pode indicar mais do que cansa\u00e7o. Um detalhe nos primeiros passos da manh\u00e3 muda a suspeita para fascite plantar.\" \/>\n<meta property=\"og:url\" content=\"https:\/\/www.tuasaude.com\/news\/2026\/09\/06\/acordar-com-dor-forte-no-calcanhar-logo-nos-primeiros-passos-da-manha-pode-ser-um-dos-primeiros-sinais-de-fascite-plantar\/\" \/>\n<meta property=\"og:site_name\" content=\"Tua Sa\u00fade\" \/>\n<meta property=\"article:published_time\" content=\"2026-09-06T19:00:00+00:00\" \/>\n<meta property=\"og:image\" content=\"https:\/\/www.tuasaude.com\/news\/wp-content\/uploads\/2026\/09\/acordar-com-dor-forte-no-calcanhar-logo-nos-primeiros-passos.jpg\" \/>\n\t<meta property=\"og:image:width\" content=\"1279\" \/>\n\t<meta property=\"og:image:height\" content=\"720\" \/>\n\t<meta property=\"og:image:type\" content=\"image\/jpeg\" \/>\n<meta name=\"author\" content=\"Gabriel Leme\" \/>\n<meta name=\"twitter:card\" content=\"summary_large_image\" \/>\n<meta name=\"twitter:label1\" content=\"Escrito por\" \/>\n\t<meta name=\"twitter:data1\" content=\"Gabriel Leme\" \/>\n\t<meta name=\"twitter:label2\" content=\"Est. tempo de leitura\" \/>\n\t<meta name=\"twitter:data2\" content=\"4 minutos\" \/>\n<!-- \/ Yoast SEO plugin. -->","yoast_head_json":{"title":"Acordar com dor forte no calcanhar logo nos primeiros passos da manh\u00e3 pode ser um dos primeiros sinais de fascite plantar - Tua Sa\u00fade","description":"Dor no calcanhar ao levantar pode indicar mais do que cansa\u00e7o. Um detalhe nos primeiros passos da manh\u00e3 muda a suspeita para fascite plantar.","robots":{"index":"index","follow":"follow","max-snippet":"max-snippet:-1","max-image-preview":"max-image-preview:large","max-video-preview":"max-video-preview:-1"},"canonical":"https:\/\/www.tuasaude.com\/news\/2026\/09\/06\/acordar-com-dor-forte-no-calcanhar-logo-nos-primeiros-passos-da-manha-pode-ser-um-dos-primeiros-sinais-de-fascite-plantar\/","og_locale":"pt_BR","og_type":"article","og_title":"Acordar com dor forte no calcanhar logo nos primeiros passos da manh\u00e3 pode ser um dos primeiros sinais de fascite plantar - Tua Sa\u00fade","og_description":"Dor no calcanhar ao levantar pode indicar mais do que cansa\u00e7o. Um detalhe nos primeiros passos da manh\u00e3 muda a suspeita para fascite plantar.","og_url":"https:\/\/www.tuasaude.com\/news\/2026\/09\/06\/acordar-com-dor-forte-no-calcanhar-logo-nos-primeiros-passos-da-manha-pode-ser-um-dos-primeiros-sinais-de-fascite-plantar\/","og_site_name":"Tua Sa\u00fade","article_published_time":"2026-09-06T19:00:00+00:00","og_image":[{"width":1279,"height":720,"url":"https:\/\/www.tuasaude.com\/news\/wp-content\/uploads\/2026\/09\/acordar-com-dor-forte-no-calcanhar-logo-nos-primeiros-passos.jpg","type":"image\/jpeg"}],"author":"Gabriel Leme","twitter_card":"summary_large_image","twitter_misc":{"Escrito por":"Gabriel Leme","Est. tempo de leitura":"4 minutos"},"schema":{"@context":"https:\/\/schema.org","@graph":[{"@type":"Article","@id":"https:\/\/www.tuasaude.com\/news\/2026\/09\/06\/acordar-com-dor-forte-no-calcanhar-logo-nos-primeiros-passos-da-manha-pode-ser-um-dos-primeiros-sinais-de-fascite-plantar\/#article","isPartOf":{"@id":"https:\/\/www.tuasaude.com\/news\/2026\/09\/06\/acordar-com-dor-forte-no-calcanhar-logo-nos-primeiros-passos-da-manha-pode-ser-um-dos-primeiros-sinais-de-fascite-plantar\/"},"author":{"name":"Gabriel Leme","@id":"https:\/\/www.tuasaude.com\/news\/#\/schema\/person\/bf512a2e53b74f5544ff3040f496e593"},"headline":"Acordar com dor forte no calcanhar logo nos primeiros passos da manh\u00e3 pode ser um dos primeiros sinais de fascite plantar","datePublished":"2026-09-06T19:00:00+00:00","mainEntityOfPage":{"@id":"https:\/\/www.tuasaude.com\/news\/2026\/09\/06\/acordar-com-dor-forte-no-calcanhar-logo-nos-primeiros-passos-da-manha-pode-ser-um-dos-primeiros-sinais-de-fascite-plantar\/"},"wordCount":707,"commentCount":0,"image":{"@id":"https:\/\/www.tuasaude.com\/news\/2026\/09\/06\/acordar-com-dor-forte-no-calcanhar-logo-nos-primeiros-passos-da-manha-pode-ser-um-dos-primeiros-sinais-de-fascite-plantar\/#primaryimage"},"thumbnailUrl":"https:\/\/www.tuasaude.com\/news\/wp-content\/uploads\/2026\/09\/acordar-com-dor-forte-no-calcanhar-logo-nos-primeiros-passos.jpg","keywords":["dor ao acordar","dor no calcanhar","fascite plantar","saude"],"articleSection":["Sa\u00fade"],"inLanguage":"pt-BR","potentialAction":[{"@type":"CommentAction","name":"Comment","target":["https:\/\/www.tuasaude.com\/news\/2026\/09\/06\/acordar-com-dor-forte-no-calcanhar-logo-nos-primeiros-passos-da-manha-pode-ser-um-dos-primeiros-sinais-de-fascite-plantar\/#respond"]}]},{"@type":"WebPage","@id":"https:\/\/www.tuasaude.com\/news\/2026\/09\/06\/acordar-com-dor-forte-no-calcanhar-logo-nos-primeiros-passos-da-manha-pode-ser-um-dos-primeiros-sinais-de-fascite-plantar\/","url":"https:\/\/www.tuasaude.com\/news\/2026\/09\/06\/acordar-com-dor-forte-no-calcanhar-logo-nos-primeiros-passos-da-manha-pode-ser-um-dos-primeiros-sinais-de-fascite-plantar\/","name":"Acordar com dor forte no calcanhar logo nos primeiros passos da manh\u00e3 pode ser um dos primeiros sinais de fascite plantar - Tua Sa\u00fade","isPartOf":{"@id":"https:\/\/www.tuasaude.com\/news\/#website"},"primaryImageOfPage":{"@id":"https:\/\/www.tuasaude.com\/news\/2026\/09\/06\/acordar-com-dor-forte-no-calcanhar-logo-nos-primeiros-passos-da-manha-pode-ser-um-dos-primeiros-sinais-de-fascite-plantar\/#primaryimage"},"image":{"@id":"https:\/\/www.tuasaude.com\/news\/2026\/09\/06\/acordar-com-dor-forte-no-calcanhar-logo-nos-primeiros-passos-da-manha-pode-ser-um-dos-primeiros-sinais-de-fascite-plantar\/#primaryimage"},"thumbnailUrl":"https:\/\/www.tuasaude.com\/news\/wp-content\/uploads\/2026\/09\/acordar-com-dor-forte-no-calcanhar-logo-nos-primeiros-passos.jpg","datePublished":"2026-09-06T19:00:00+00:00","author":{"@id":"https:\/\/www.tuasaude.com\/news\/#\/schema\/person\/bf512a2e53b74f5544ff3040f496e593"},"description":"Dor no calcanhar ao levantar pode indicar mais do que cansa\u00e7o. Um detalhe nos primeiros passos da manh\u00e3 muda a suspeita para fascite plantar.","breadcrumb":{"@id":"https:\/\/www.tuasaude.com\/news\/2026\/09\/06\/acordar-com-dor-forte-no-calcanhar-logo-nos-primeiros-passos-da-manha-pode-ser-um-dos-primeiros-sinais-de-fascite-plantar\/#breadcrumb"},"inLanguage":"pt-BR","potentialAction":[{"@type":"ReadAction","target":["https:\/\/www.tuasaude.com\/news\/2026\/09\/06\/acordar-com-dor-forte-no-calcanhar-logo-nos-primeiros-passos-da-manha-pode-ser-um-dos-primeiros-sinais-de-fascite-plantar\/"]}]},{"@type":"ImageObject","inLanguage":"pt-BR","@id":"https:\/\/www.tuasaude.com\/news\/2026\/09\/06\/acordar-com-dor-forte-no-calcanhar-logo-nos-primeiros-passos-da-manha-pode-ser-um-dos-primeiros-sinais-de-fascite-plantar\/#primaryimage","url":"https:\/\/www.tuasaude.com\/news\/wp-content\/uploads\/2026\/09\/acordar-com-dor-forte-no-calcanhar-logo-nos-primeiros-passos.jpg","contentUrl":"https:\/\/www.tuasaude.com\/news\/wp-content\/uploads\/2026\/09\/acordar-com-dor-forte-no-calcanhar-logo-nos-primeiros-passos.jpg","width":1279,"height":720,"caption":"Dor forte no calcanhar ao levantar pode indicar fascite plantar inicial."},{"@type":"BreadcrumbList","@id":"https:\/\/www.tuasaude.com\/news\/2026\/09\/06\/acordar-com-dor-forte-no-calcanhar-logo-nos-primeiros-passos-da-manha-pode-ser-um-dos-primeiros-sinais-de-fascite-plantar\/#breadcrumb","itemListElement":[{"@type":"ListItem","position":1,"name":"In\u00edcio","item":"https:\/\/www.tuasaude.com\/news\/"},{"@type":"ListItem","position":2,"name":"Acordar com dor forte no calcanhar logo nos primeiros passos da manh\u00e3 pode ser um dos primeiros sinais de fascite plantar"}]},{"@type":"WebSite","@id":"https:\/\/www.tuasaude.com\/news\/#website","url":"https:\/\/www.tuasaude.com\/news\/","name":"Tua Sa\u00fade","description":"Seu site de sa\u00fade","potentialAction":[{"@type":"SearchAction","target":{"@type":"EntryPoint","urlTemplate":"https:\/\/www.tuasaude.com\/news\/?s={search_term_string}"},"query-input":{"@type":"PropertyValueSpecification","valueRequired":true,"valueName":"search_term_string"}}],"inLanguage":"pt-BR"},{"@type":"Person","@id":"https:\/\/www.tuasaude.com\/news\/#\/schema\/person\/bf512a2e53b74f5544ff3040f496e593","name":"Gabriel Leme","image":{"@type":"ImageObject","inLanguage":"pt-BR","@id":"https:\/\/www.tuasaude.com\/news\/#\/schema\/person\/image\/","url":"https:\/\/secure.gravatar.com\/avatar\/a12badc2d08e73d59b38f178ebe822eca26c0445823b05fefedea89fb346439c?s=96&d=mm&r=g","contentUrl":"https:\/\/secure.gravatar.com\/avatar\/a12badc2d08e73d59b38f178ebe822eca26c0445823b05fefedea89fb346439c?s=96&d=mm&r=g","caption":"Gabriel Leme"},"sameAs":["https:\/\/www.tuasaude.com\/news"],"url":"https:\/\/www.tuasaude.com\/news\/author\/gabrielleme\/"}]}},"_links":{"self":[{"href":"https:\/\/www.tuasaude.com\/news\/wp-json\/wp\/v2\/posts\/109361","targetHints":{"allow":["GET"]}}],"collection":[{"href":"https:\/\/www.tuasaude.com\/news\/wp-json\/wp\/v2\/posts"}],"about":[{"href":"https:\/\/www.tuasaude.com\/news\/wp-json\/wp\/v2\/types\/post"}],"author":[{"embeddable":true,"href":"https:\/\/www.tuasaude.com\/news\/wp-json\/wp\/v2\/users\/6"}],"replies":[{"embeddable":true,"href":"https:\/\/www.tuasaude.com\/news\/wp-json\/wp\/v2\/comments?post=109361"}],"version-history":[{"count":1,"href":"https:\/\/www.tuasaude.com\/news\/wp-json\/wp\/v2\/posts\/109361\/revisions"}],"predecessor-version":[{"id":109401,"href":"https:\/\/www.tuasaude.com\/news\/wp-json\/wp\/v2\/posts\/109361\/revisions\/109401"}],"wp:featuredmedia":[{"embeddable":true,"href":"https:\/\/www.tuasaude.com\/news\/wp-json\/wp\/v2\/media\/109359"}],"wp:attachment":[{"href":"https:\/\/www.tuasaude.com\/news\/wp-json\/wp\/v2\/media?parent=109361"}],"wp:term":[{"taxonomy":"category","embeddable":true,"href":"https:\/\/www.tuasaude.com\/news\/wp-json\/wp\/v2\/categories?post=109361"},{"taxonomy":"post_tag","embeddable":true,"href":"https:\/\/www.tuasaude.com\/news\/wp-json\/wp\/v2\/tags?post=109361"}],"curies":[{"name":"wp","href":"https:\/\/api.w.org\/{rel}","templated":true}]}}