{"id":109352,"date":"2026-09-06T13:10:00","date_gmt":"2026-09-06T16:10:00","guid":{"rendered":"https:\/\/www.tuasaude.com\/news\/?p=109352"},"modified":"2026-09-06T07:37:32","modified_gmt":"2026-09-06T10:37:32","slug":"a-vontade-descontrolada-de-comer-doce-a-noite-nao-se-deve-apenas-a-falta-de-forca-de-vontade-mas-sim-ao-desequilibrio-da-glicose-ao-longo-do-dia","status":"publish","type":"post","link":"https:\/\/www.tuasaude.com\/news\/2026\/09\/06\/a-vontade-descontrolada-de-comer-doce-a-noite-nao-se-deve-apenas-a-falta-de-forca-de-vontade-mas-sim-ao-desequilibrio-da-glicose-ao-longo-do-dia\/","title":{"rendered":"A vontade descontrolada de comer doce \u00e0 noite n\u00e3o se deve apenas \u00e0 falta de for\u00e7a de vontade, mas sim ao desequil\u00edbrio da glicose ao longo do dia"},"content":{"rendered":"\n<p class=\"wp-block-paragraph\"><strong>Vontade de comer doce<\/strong> no fim da noite nem sempre nasce de falta de disciplina. Muitas vezes, ela aparece depois de um dia com jejum prolongado, refei\u00e7\u00f5es pobres em fibra, excesso de farinha refinada e oscila\u00e7\u00f5es de <strong>glicose<\/strong>. Esse cen\u00e1rio altera fome, saciedade, energia e pode abrir espa\u00e7o para epis\u00f3dios de <strong>compuls\u00e3o alimentar<\/strong>, sobretudo quando o corpo chega exausto ao per\u00edodo noturno.<\/p>\n\n\n\n<h2 class=\"wp-block-heading\">Por que a vontade de doce piora justamente \u00e0 noite?<\/h2>\n\n\n\n<p class=\"wp-block-paragraph\">\u00c0 noite, o organismo j\u00e1 soma horas de gasto energ\u00e9tico, estresse, priva\u00e7\u00e3o de sono e decis\u00f5es alimentares feitas ao longo do dia. Se o caf\u00e9 da manh\u00e3 foi fraco, o almo\u00e7o teve pouca prote\u00edna e os intervalos foram longos, a tend\u00eancia \u00e9 chegar ao jantar com apetite aumentado e maior busca por <strong>a\u00e7\u00facar<\/strong>, um combust\u00edvel de absor\u00e7\u00e3o r\u00e1pida.<\/p>\n\n\n\n<p class=\"wp-block-paragraph\">Esse impulso tamb\u00e9m tem rela\u00e7\u00e3o com recompensa cerebral e cansa\u00e7o mental. Quando h\u00e1 queda de energia, o c\u00e9rebro tende a preferir alimentos palat\u00e1veis, como chocolate, biscoito e sobremesas. N\u00e3o \u00e9 s\u00f3 desejo emocional. Em muitos casos, existe uma base metab\u00f3lica por tr\u00e1s dessa urg\u00eancia.<\/p>\n\n\n\n<h2 class=\"wp-block-heading\">O que a pesquisa mostra sobre glicose e compuls\u00e3o no fim do dia?<\/h2>\n\n\n\n<p class=\"wp-block-paragraph\">Pesquisa publicada em <strong>2022<\/strong> com monitoriza\u00e7\u00e3o cont\u00ednua mostrou que comportamentos alimentares desordenados, principalmente epis\u00f3dios de compuls\u00e3o, estiveram ligados a maior variabilidade da glicose. Em outras palavras, quanto mais a glicemia oscila, maior pode ser a vulnerabilidade \u00e0 perda de controle alimentar. O achado aparece em <a href=\"https:\/\/pubmed.ncbi.nlm.nih.gov\/36305323\/\" target=\"_blank\" rel=\"noopener noreferrer\">oscila\u00e7\u00f5es glic\u00eamicas associadas \u00e0 compuls\u00e3o<\/a>.<\/p>\n\n\n\n<p class=\"wp-block-paragraph\">Outra revis\u00e3o do mesmo ano encontrou um padr\u00e3o consistente de maior ingest\u00e3o, mais desejo de comer e mais epis\u00f3dios de compuls\u00e3o no fim do dia. Isso ajuda a explicar por que a combina\u00e7\u00e3o entre ritmo biol\u00f3gico, cansa\u00e7o e flutua\u00e7\u00e3o de glicose costuma piorar a rela\u00e7\u00e3o com o doce no per\u00edodo noturno.<\/p>\n\n\n<div class=\"wp-block-image wp-block-image aligncenter size-large\">\n<figure ><img decoding=\"async\" width=\"1279\" height=\"720\" src=\"https:\/\/cdnnewsimg.tuasaude.com\/wp-content\/uploads\/2026\/09\/a-vontade-descontrolada-de-comer-doce-a-noite-nao-se-de-corpo.jpg\" alt=\"Prote\u00edna, fibra, intervalos e jantar equilibrado ajudam a reduzir compuls\u00e3o noturna.\" class=\"wp-image-109351\" srcset=\"https:\/\/www.tuasaude.com\/news\/wp-content\/uploads\/2026\/09\/a-vontade-descontrolada-de-comer-doce-a-noite-nao-se-de-corpo.jpg 1279w, https:\/\/www.tuasaude.com\/news\/wp-content\/uploads\/2026\/09\/a-vontade-descontrolada-de-comer-doce-a-noite-nao-se-de-corpo-300x169.jpg 300w, https:\/\/www.tuasaude.com\/news\/wp-content\/uploads\/2026\/09\/a-vontade-descontrolada-de-comer-doce-a-noite-nao-se-de-corpo-1024x576.jpg 1024w, https:\/\/www.tuasaude.com\/news\/wp-content\/uploads\/2026\/09\/a-vontade-descontrolada-de-comer-doce-a-noite-nao-se-de-corpo-768x432.jpg 768w, https:\/\/www.tuasaude.com\/news\/wp-content\/uploads\/2026\/09\/a-vontade-descontrolada-de-comer-doce-a-noite-nao-se-de-corpo-750x422.jpg 750w, https:\/\/www.tuasaude.com\/news\/wp-content\/uploads\/2026\/09\/a-vontade-descontrolada-de-comer-doce-a-noite-nao-se-de-corpo-1140x642.jpg 1140w\" sizes=\"(max-width: 1279px) 100vw, 1279px\" \/><figcaption class=\"wp-element-caption\">Prote\u00edna, fibra, intervalos e jantar equilibrado ajudam a reduzir compuls\u00e3o noturna.<\/figcaption><\/figure>\n<\/div>\n\n\n<h2 class=\"wp-block-heading\">Quais h\u00e1bitos ao longo do dia desregulam a glicose?<\/h2>\n\n\n\n<p class=\"wp-block-paragraph\">Alguns padr\u00f5es alimentares favorecem picos e quedas de glicemia, o que aumenta fome r\u00e1pida, irritabilidade e desejo por doce horas depois. O problema n\u00e3o est\u00e1 em um alimento isolado, mas na sequ\u00eancia do dia.<\/p>\n\n\n\n<ul class=\"wp-block-list\">\n<li>Passar muitas horas sem comer.<\/li>\n\n\n\n<li>Fazer refei\u00e7\u00f5es com <strong>pouca prote\u00edna<\/strong> e pouca gordura boa.<\/li>\n\n\n\n<li>Consumir grandes volumes de p\u00e3o, bolacha, suco ou sobremesa sem fibra suficiente.<\/li>\n\n\n\n<li>Tomar caf\u00e9 em excesso e substituir refei\u00e7\u00f5es por lanches leves demais.<\/li>\n\n\n\n<li>Chegar ao fim do dia com d\u00e9ficit energ\u00e9tico importante.<\/li>\n<\/ul>\n\n\n\n<h2 class=\"wp-block-heading\">Como diferenciar fome fisiol\u00f3gica de perda de controle?<\/h2>\n\n\n\n<p class=\"wp-block-paragraph\">Quando a glicose cai ou oscila demais, a fome costuma vir com tremor, fraqueza, irrita\u00e7\u00e3o, dor de cabe\u00e7a ou urg\u00eancia para comer. Em algumas pessoas, isso lembra o quadro descrito em <a href=\"https:\/\/www.tuasaude.com\/hipoglicemia-reativa\/\" target=\"_blank\" rel=\"noopener noreferrer\">quedas de glicose ap\u00f3s refei\u00e7\u00f5es<\/a>, especialmente depois de alimentos ricos em carboidrato refinado.<\/p>\n\n\n\n<p class=\"wp-block-paragraph\">Na <strong>compuls\u00e3o alimentar<\/strong>, al\u00e9m da fome, aparece a sensa\u00e7\u00e3o de descontrole, comer mais r\u00e1pido do que o habitual e seguir mesmo sem conforto g\u00e1strico. Os dois processos podem coexistir. Por isso, observar hor\u00e1rio, composi\u00e7\u00e3o das refei\u00e7\u00f5es e sintomas f\u00edsicos ajuda mais do que resumir tudo a ansiedade ou falta de autocontrole.<\/p>\n\n\n\n<h2 class=\"wp-block-heading\">O que comer durante o dia para reduzir a vontade de a\u00e7\u00facar \u00e0 noite?<\/h2>\n\n\n\n<p class=\"wp-block-paragraph\">A estrat\u00e9gia mais \u00fatil costuma ser estabilizar a oferta de energia. Isso reduz picos de fome e melhora a saciedade ao longo da tarde, fase em que muita gente come\u00e7a a acumular desejo por doce.<\/p>\n\n\n\n<ul class=\"wp-block-list\">\n<li>Incluir prote\u00edna em refei\u00e7\u00f5es principais e lanches, como ovos, iogurte natural, queijos, feij\u00e3o, frango ou tofu.<\/li>\n\n\n\n<li>Combinar carboidratos com fibra, como fruta com aveia, arroz com leguminosas e p\u00e3o integral com fonte proteica.<\/li>\n\n\n\n<li>Evitar longos jejuns quando eles terminam em exagero noturno.<\/li>\n\n\n\n<li>Distribuir melhor o consumo de comida ao longo do dia.<\/li>\n\n\n\n<li>Planejar o jantar para n\u00e3o depender de beliscos e sobremesas como primeira resposta \u00e0 fome.<\/li>\n<\/ul>\n\n\n\n<p class=\"wp-block-paragraph\">Em alguns casos, manter um lanche de meio da tarde com prote\u00edna e fibra j\u00e1 diminui bastante a busca autom\u00e1tica por chocolate depois do jantar. O ajuste precisa considerar rotina, treino, sono, medica\u00e7\u00f5es e sinais do corpo.<\/p>\n\n\n\n<h2 class=\"wp-block-heading\">Como quebrar esse ciclo sem entrar em restri\u00e7\u00e3o?<\/h2>\n\n\n\n<p class=\"wp-block-paragraph\">Combater a vontade de comer doce com corte r\u00edgido costuma piorar o rebote. O caminho mais consistente \u00e9 regular refei\u00e7\u00f5es, melhorar a qualidade do carboidrato, distribuir prote\u00edna, cuidar do sono e reduzir a altern\u00e2ncia entre restri\u00e7\u00e3o e exagero. Quando a <strong>glicose<\/strong> fica mais est\u00e1vel, a fome tende a ficar mais previs\u00edvel e o impulso por <strong>a\u00e7\u00facar<\/strong> perde intensidade no fim do dia.<\/p>\n\n\n\n<p class=\"wp-block-paragraph\">Este conte\u00fado tem car\u00e1ter exclusivamente informativo e <strong>n\u00e3o substitui a avalia\u00e7\u00e3o<\/strong>, o diagn\u00f3stico ou o acompanhamento de um profissional de sa\u00fade. Se h\u00e1 epis\u00f3dios frequentes de compuls\u00e3o, tremores, mal-estar ou grande dificuldade para controlar a alimenta\u00e7\u00e3o, procure orienta\u00e7\u00e3o m\u00e9dica e nutricional.<\/p>\n","protected":false},"excerpt":{"rendered":"<p>Vontade de comer doce no fim da noite nem sempre nasce de falta de disciplina. Muitas vezes, ela aparece depois de um dia com jejum prolongado, refei\u00e7\u00f5es pobres em fibra, excesso de farinha refinada e oscila\u00e7\u00f5es de glicose. Esse cen\u00e1rio altera fome, saciedade, energia e pode abrir espa\u00e7o para epis\u00f3dios de compuls\u00e3o alimentar, sobretudo quando [&hellip;]<\/p>\n","protected":false},"author":6,"featured_media":109350,"comment_status":"open","ping_status":"open","sticky":false,"template":"","format":"standard","meta":{"_yoast_wpseo_focuskw":"vontade de comer doce","_yoast_wpseo_title":"","_yoast_wpseo_metadesc":"A vontade de comer doce \u00e0 noite pode nascer de oscila\u00e7\u00f5es de glicose ao longo do dia, e esse detalhe muda a leitura sobre compuls\u00e3o alimentar.","jnews-multi-image_gallery":[],"jnews_single_post":{"format":"standard"},"jnews_primary_category":[],"jnews_social_meta":[],"jnews_override_counter":[],"footnotes":""},"categories":[110],"tags":[1012,516,1232,152,2927],"class_list":["post-109352","post","type-post","status-publish","format-standard","has-post-thumbnail","hentry","category-nutricao","tag-acucar","tag-compulsao-alimentar","tag-glicose","tag-nutricao","tag-vontade-de-comer-doce"],"yoast_head":"<!-- This site is optimized with the Yoast SEO plugin v26.7 - https:\/\/yoast.com\/wordpress\/plugins\/seo\/ -->\n<title>A vontade descontrolada de comer doce \u00e0 noite n\u00e3o se deve apenas \u00e0 falta de for\u00e7a de vontade, mas sim ao desequil\u00edbrio da glicose ao longo do dia - Tua Sa\u00fade<\/title>\n<meta name=\"description\" content=\"A vontade de comer doce \u00e0 noite pode nascer de oscila\u00e7\u00f5es de glicose ao longo do dia, e esse detalhe muda a leitura sobre compuls\u00e3o alimentar.\" \/>\n<meta name=\"robots\" content=\"index, follow, max-snippet:-1, max-image-preview:large, max-video-preview:-1\" \/>\n<link rel=\"canonical\" href=\"https:\/\/www.tuasaude.com\/news\/2026\/09\/06\/a-vontade-descontrolada-de-comer-doce-a-noite-nao-se-deve-apenas-a-falta-de-forca-de-vontade-mas-sim-ao-desequilibrio-da-glicose-ao-longo-do-dia\/\" \/>\n<meta property=\"og:locale\" content=\"pt_BR\" \/>\n<meta property=\"og:type\" content=\"article\" \/>\n<meta property=\"og:title\" content=\"A vontade descontrolada de comer doce \u00e0 noite n\u00e3o se deve apenas \u00e0 falta de for\u00e7a de vontade, mas sim ao desequil\u00edbrio da glicose ao longo do dia - Tua Sa\u00fade\" \/>\n<meta property=\"og:description\" content=\"A vontade de comer doce \u00e0 noite pode nascer de oscila\u00e7\u00f5es de glicose ao longo do dia, e esse detalhe muda a leitura sobre compuls\u00e3o alimentar.\" \/>\n<meta property=\"og:url\" content=\"https:\/\/www.tuasaude.com\/news\/2026\/09\/06\/a-vontade-descontrolada-de-comer-doce-a-noite-nao-se-deve-apenas-a-falta-de-forca-de-vontade-mas-sim-ao-desequilibrio-da-glicose-ao-longo-do-dia\/\" \/>\n<meta property=\"og:site_name\" content=\"Tua Sa\u00fade\" \/>\n<meta property=\"article:published_time\" content=\"2026-09-06T16:10:00+00:00\" \/>\n<meta property=\"og:image\" content=\"https:\/\/www.tuasaude.com\/news\/wp-content\/uploads\/2026\/09\/a-vontade-descontrolada-de-comer-doce-a-noite-nao-se-deve-ap.jpg\" \/>\n\t<meta property=\"og:image:width\" content=\"1280\" \/>\n\t<meta property=\"og:image:height\" content=\"720\" \/>\n\t<meta property=\"og:image:type\" content=\"image\/jpeg\" \/>\n<meta name=\"author\" content=\"Gabriel Leme\" \/>\n<meta name=\"twitter:card\" content=\"summary_large_image\" \/>\n<meta name=\"twitter:label1\" content=\"Escrito por\" \/>\n\t<meta name=\"twitter:data1\" content=\"Gabriel Leme\" \/>\n\t<meta name=\"twitter:label2\" content=\"Est. tempo de leitura\" \/>\n\t<meta name=\"twitter:data2\" content=\"5 minutos\" \/>\n<!-- \/ Yoast SEO plugin. -->","yoast_head_json":{"title":"A vontade descontrolada de comer doce \u00e0 noite n\u00e3o se deve apenas \u00e0 falta de for\u00e7a de vontade, mas sim ao desequil\u00edbrio da glicose ao longo do dia - Tua Sa\u00fade","description":"A vontade de comer doce \u00e0 noite pode nascer de oscila\u00e7\u00f5es de glicose ao longo do dia, e esse detalhe muda a leitura sobre compuls\u00e3o alimentar.","robots":{"index":"index","follow":"follow","max-snippet":"max-snippet:-1","max-image-preview":"max-image-preview:large","max-video-preview":"max-video-preview:-1"},"canonical":"https:\/\/www.tuasaude.com\/news\/2026\/09\/06\/a-vontade-descontrolada-de-comer-doce-a-noite-nao-se-deve-apenas-a-falta-de-forca-de-vontade-mas-sim-ao-desequilibrio-da-glicose-ao-longo-do-dia\/","og_locale":"pt_BR","og_type":"article","og_title":"A vontade descontrolada de comer doce \u00e0 noite n\u00e3o se deve apenas \u00e0 falta de for\u00e7a de vontade, mas sim ao desequil\u00edbrio da glicose ao longo do dia - Tua Sa\u00fade","og_description":"A vontade de comer doce \u00e0 noite pode nascer de oscila\u00e7\u00f5es de glicose ao longo do dia, e esse detalhe muda a leitura sobre compuls\u00e3o alimentar.","og_url":"https:\/\/www.tuasaude.com\/news\/2026\/09\/06\/a-vontade-descontrolada-de-comer-doce-a-noite-nao-se-deve-apenas-a-falta-de-forca-de-vontade-mas-sim-ao-desequilibrio-da-glicose-ao-longo-do-dia\/","og_site_name":"Tua Sa\u00fade","article_published_time":"2026-09-06T16:10:00+00:00","og_image":[{"width":1280,"height":720,"url":"https:\/\/www.tuasaude.com\/news\/wp-content\/uploads\/2026\/09\/a-vontade-descontrolada-de-comer-doce-a-noite-nao-se-deve-ap.jpg","type":"image\/jpeg"}],"author":"Gabriel Leme","twitter_card":"summary_large_image","twitter_misc":{"Escrito por":"Gabriel Leme","Est. tempo de leitura":"5 minutos"},"schema":{"@context":"https:\/\/schema.org","@graph":[{"@type":"Article","@id":"https:\/\/www.tuasaude.com\/news\/2026\/09\/06\/a-vontade-descontrolada-de-comer-doce-a-noite-nao-se-deve-apenas-a-falta-de-forca-de-vontade-mas-sim-ao-desequilibrio-da-glicose-ao-longo-do-dia\/#article","isPartOf":{"@id":"https:\/\/www.tuasaude.com\/news\/2026\/09\/06\/a-vontade-descontrolada-de-comer-doce-a-noite-nao-se-deve-apenas-a-falta-de-forca-de-vontade-mas-sim-ao-desequilibrio-da-glicose-ao-longo-do-dia\/"},"author":{"name":"Gabriel Leme","@id":"https:\/\/www.tuasaude.com\/news\/#\/schema\/person\/bf512a2e53b74f5544ff3040f496e593"},"headline":"A vontade descontrolada de comer doce \u00e0 noite n\u00e3o se deve apenas \u00e0 falta de for\u00e7a de vontade, mas sim ao desequil\u00edbrio da glicose ao longo do dia","datePublished":"2026-09-06T16:10:00+00:00","mainEntityOfPage":{"@id":"https:\/\/www.tuasaude.com\/news\/2026\/09\/06\/a-vontade-descontrolada-de-comer-doce-a-noite-nao-se-deve-apenas-a-falta-de-forca-de-vontade-mas-sim-ao-desequilibrio-da-glicose-ao-longo-do-dia\/"},"wordCount":878,"commentCount":0,"image":{"@id":"https:\/\/www.tuasaude.com\/news\/2026\/09\/06\/a-vontade-descontrolada-de-comer-doce-a-noite-nao-se-deve-apenas-a-falta-de-forca-de-vontade-mas-sim-ao-desequilibrio-da-glicose-ao-longo-do-dia\/#primaryimage"},"thumbnailUrl":"https:\/\/www.tuasaude.com\/news\/wp-content\/uploads\/2026\/09\/a-vontade-descontrolada-de-comer-doce-a-noite-nao-se-deve-ap.jpg","keywords":["A\u00e7\u00facar","compuls\u00e3o alimentar","glicose","nutri\u00e7\u00e3o","vontade de comer doce"],"articleSection":["Nutri\u00e7\u00e3o"],"inLanguage":"pt-BR","potentialAction":[{"@type":"CommentAction","name":"Comment","target":["https:\/\/www.tuasaude.com\/news\/2026\/09\/06\/a-vontade-descontrolada-de-comer-doce-a-noite-nao-se-deve-apenas-a-falta-de-forca-de-vontade-mas-sim-ao-desequilibrio-da-glicose-ao-longo-do-dia\/#respond"]}]},{"@type":"WebPage","@id":"https:\/\/www.tuasaude.com\/news\/2026\/09\/06\/a-vontade-descontrolada-de-comer-doce-a-noite-nao-se-deve-apenas-a-falta-de-forca-de-vontade-mas-sim-ao-desequilibrio-da-glicose-ao-longo-do-dia\/","url":"https:\/\/www.tuasaude.com\/news\/2026\/09\/06\/a-vontade-descontrolada-de-comer-doce-a-noite-nao-se-deve-apenas-a-falta-de-forca-de-vontade-mas-sim-ao-desequilibrio-da-glicose-ao-longo-do-dia\/","name":"A vontade descontrolada de comer doce \u00e0 noite n\u00e3o se deve apenas \u00e0 falta de for\u00e7a de vontade, mas sim ao desequil\u00edbrio da glicose ao longo do dia - Tua Sa\u00fade","isPartOf":{"@id":"https:\/\/www.tuasaude.com\/news\/#website"},"primaryImageOfPage":{"@id":"https:\/\/www.tuasaude.com\/news\/2026\/09\/06\/a-vontade-descontrolada-de-comer-doce-a-noite-nao-se-deve-apenas-a-falta-de-forca-de-vontade-mas-sim-ao-desequilibrio-da-glicose-ao-longo-do-dia\/#primaryimage"},"image":{"@id":"https:\/\/www.tuasaude.com\/news\/2026\/09\/06\/a-vontade-descontrolada-de-comer-doce-a-noite-nao-se-deve-apenas-a-falta-de-forca-de-vontade-mas-sim-ao-desequilibrio-da-glicose-ao-longo-do-dia\/#primaryimage"},"thumbnailUrl":"https:\/\/www.tuasaude.com\/news\/wp-content\/uploads\/2026\/09\/a-vontade-descontrolada-de-comer-doce-a-noite-nao-se-deve-ap.jpg","datePublished":"2026-09-06T16:10:00+00:00","author":{"@id":"https:\/\/www.tuasaude.com\/news\/#\/schema\/person\/bf512a2e53b74f5544ff3040f496e593"},"description":"A vontade de comer doce \u00e0 noite pode nascer de oscila\u00e7\u00f5es de glicose ao longo do dia, e esse detalhe muda a leitura sobre compuls\u00e3o alimentar.","breadcrumb":{"@id":"https:\/\/www.tuasaude.com\/news\/2026\/09\/06\/a-vontade-descontrolada-de-comer-doce-a-noite-nao-se-deve-apenas-a-falta-de-forca-de-vontade-mas-sim-ao-desequilibrio-da-glicose-ao-longo-do-dia\/#breadcrumb"},"inLanguage":"pt-BR","potentialAction":[{"@type":"ReadAction","target":["https:\/\/www.tuasaude.com\/news\/2026\/09\/06\/a-vontade-descontrolada-de-comer-doce-a-noite-nao-se-deve-apenas-a-falta-de-forca-de-vontade-mas-sim-ao-desequilibrio-da-glicose-ao-longo-do-dia\/"]}]},{"@type":"ImageObject","inLanguage":"pt-BR","@id":"https:\/\/www.tuasaude.com\/news\/2026\/09\/06\/a-vontade-descontrolada-de-comer-doce-a-noite-nao-se-deve-apenas-a-falta-de-forca-de-vontade-mas-sim-ao-desequilibrio-da-glicose-ao-longo-do-dia\/#primaryimage","url":"https:\/\/www.tuasaude.com\/news\/wp-content\/uploads\/2026\/09\/a-vontade-descontrolada-de-comer-doce-a-noite-nao-se-deve-ap.jpg","contentUrl":"https:\/\/www.tuasaude.com\/news\/wp-content\/uploads\/2026\/09\/a-vontade-descontrolada-de-comer-doce-a-noite-nao-se-deve-ap.jpg","width":1280,"height":720,"caption":"Desejo por doce \u00e0 noite pode refletir oscila\u00e7\u00f5es de glicose ao longo do dia."},{"@type":"BreadcrumbList","@id":"https:\/\/www.tuasaude.com\/news\/2026\/09\/06\/a-vontade-descontrolada-de-comer-doce-a-noite-nao-se-deve-apenas-a-falta-de-forca-de-vontade-mas-sim-ao-desequilibrio-da-glicose-ao-longo-do-dia\/#breadcrumb","itemListElement":[{"@type":"ListItem","position":1,"name":"In\u00edcio","item":"https:\/\/www.tuasaude.com\/news\/"},{"@type":"ListItem","position":2,"name":"A vontade descontrolada de comer doce \u00e0 noite n\u00e3o se deve apenas \u00e0 falta de for\u00e7a de vontade, mas sim ao desequil\u00edbrio da glicose ao longo do dia"}]},{"@type":"WebSite","@id":"https:\/\/www.tuasaude.com\/news\/#website","url":"https:\/\/www.tuasaude.com\/news\/","name":"Tua Sa\u00fade","description":"Seu site de sa\u00fade","potentialAction":[{"@type":"SearchAction","target":{"@type":"EntryPoint","urlTemplate":"https:\/\/www.tuasaude.com\/news\/?s={search_term_string}"},"query-input":{"@type":"PropertyValueSpecification","valueRequired":true,"valueName":"search_term_string"}}],"inLanguage":"pt-BR"},{"@type":"Person","@id":"https:\/\/www.tuasaude.com\/news\/#\/schema\/person\/bf512a2e53b74f5544ff3040f496e593","name":"Gabriel Leme","image":{"@type":"ImageObject","inLanguage":"pt-BR","@id":"https:\/\/www.tuasaude.com\/news\/#\/schema\/person\/image\/","url":"https:\/\/secure.gravatar.com\/avatar\/a12badc2d08e73d59b38f178ebe822eca26c0445823b05fefedea89fb346439c?s=96&d=mm&r=g","contentUrl":"https:\/\/secure.gravatar.com\/avatar\/a12badc2d08e73d59b38f178ebe822eca26c0445823b05fefedea89fb346439c?s=96&d=mm&r=g","caption":"Gabriel Leme"},"sameAs":["https:\/\/www.tuasaude.com\/news"],"url":"https:\/\/www.tuasaude.com\/news\/author\/gabrielleme\/"}]}},"_links":{"self":[{"href":"https:\/\/www.tuasaude.com\/news\/wp-json\/wp\/v2\/posts\/109352","targetHints":{"allow":["GET"]}}],"collection":[{"href":"https:\/\/www.tuasaude.com\/news\/wp-json\/wp\/v2\/posts"}],"about":[{"href":"https:\/\/www.tuasaude.com\/news\/wp-json\/wp\/v2\/types\/post"}],"author":[{"embeddable":true,"href":"https:\/\/www.tuasaude.com\/news\/wp-json\/wp\/v2\/users\/6"}],"replies":[{"embeddable":true,"href":"https:\/\/www.tuasaude.com\/news\/wp-json\/wp\/v2\/comments?post=109352"}],"version-history":[{"count":1,"href":"https:\/\/www.tuasaude.com\/news\/wp-json\/wp\/v2\/posts\/109352\/revisions"}],"predecessor-version":[{"id":109398,"href":"https:\/\/www.tuasaude.com\/news\/wp-json\/wp\/v2\/posts\/109352\/revisions\/109398"}],"wp:featuredmedia":[{"embeddable":true,"href":"https:\/\/www.tuasaude.com\/news\/wp-json\/wp\/v2\/media\/109350"}],"wp:attachment":[{"href":"https:\/\/www.tuasaude.com\/news\/wp-json\/wp\/v2\/media?parent=109352"}],"wp:term":[{"taxonomy":"category","embeddable":true,"href":"https:\/\/www.tuasaude.com\/news\/wp-json\/wp\/v2\/categories?post=109352"},{"taxonomy":"post_tag","embeddable":true,"href":"https:\/\/www.tuasaude.com\/news\/wp-json\/wp\/v2\/tags?post=109352"}],"curies":[{"name":"wp","href":"https:\/\/api.w.org\/{rel}","templated":true}]}}