{"id":109349,"date":"2026-09-06T12:40:00","date_gmt":"2026-09-06T15:40:00","guid":{"rendered":"https:\/\/www.tuasaude.com\/news\/?p=109349"},"modified":"2026-09-06T07:37:19","modified_gmt":"2026-09-06T10:37:19","slug":"rachaduras-nos-cantos-da-boca-que-nao-cicatrizam-nao-sao-so-ressecamento-podem-ser-um-sinal-de-deficiencia-de-vitaminas-do-complexo-b","status":"publish","type":"post","link":"https:\/\/www.tuasaude.com\/news\/2026\/09\/06\/rachaduras-nos-cantos-da-boca-que-nao-cicatrizam-nao-sao-so-ressecamento-podem-ser-um-sinal-de-deficiencia-de-vitaminas-do-complexo-b\/","title":{"rendered":"Rachaduras nos cantos da boca que n\u00e3o cicatrizam n\u00e3o s\u00e3o s\u00f3 ressecamento: podem ser um sinal de defici\u00eancia de vitaminas do complexo B"},"content":{"rendered":"\n<p class=\"wp-block-paragraph\"><strong>Rachadura no canto da boca<\/strong> que persiste por dias, arde ao abrir a boca e volta mesmo com hidratante labial merece aten\u00e7\u00e3o. Esse tipo de les\u00e3o pode estar ligado a inflama\u00e7\u00e3o da mucosa, saliva acumulada na comissura labial, infec\u00e7\u00e3o local e tamb\u00e9m a <strong>defici\u00eancia vitam\u00ednica<\/strong>, sobretudo quando h\u00e1 baixa ingest\u00e3o ou absor\u00e7\u00e3o ruim de nutrientes do <strong>complexo B<\/strong>.<\/p>\n\n\n\n<h2 class=\"wp-block-heading\">Quando a ferida no canto da boca deixa de ser s\u00f3 ressecamento?<\/h2>\n\n\n\n<p class=\"wp-block-paragraph\">A irrita\u00e7\u00e3o simples costuma melhorar com prote\u00e7\u00e3o labial e redu\u00e7\u00e3o de agress\u00f5es locais, como frio intenso, h\u00e1bito de lamber os l\u00e1bios ou contato com cosm\u00e9ticos irritantes. J\u00e1 a <strong>queilite angular<\/strong> tende a formar fissura na comissura, com vermelhid\u00e3o, dor, crosta e desconforto para falar, sorrir ou mastigar.<\/p>\n\n\n\n<p class=\"wp-block-paragraph\">Quando a rachadura no canto da boca n\u00e3o cicatriza, aparece dos dois lados ou volta com frequ\u00eancia, o quadro pede investiga\u00e7\u00e3o cl\u00ednica. Nesses casos, al\u00e9m de fungos e bact\u00e9rias, entram na avalia\u00e7\u00e3o fatores como anemia, pr\u00f3teses mal ajustadas, diabetes, imunidade baixa e car\u00eancia de vitaminas.<\/p>\n\n\n\n<h2 class=\"wp-block-heading\">Qual \u00e9 a rela\u00e7\u00e3o entre complexo B e queilite angular?<\/h2>\n\n\n\n<p class=\"wp-block-paragraph\">As vitaminas do <strong>complexo B<\/strong>, especialmente B2, B6, B9 e B12, participam da renova\u00e7\u00e3o da mucosa oral, da forma\u00e7\u00e3o de c\u00e9lulas sangu\u00edneas e do equil\u00edbrio tecidual. Quando h\u00e1 car\u00eancia, a boca pode dar sinais antes de outros sintomas mais amplos, com ard\u00eancia, l\u00edngua inflamada, aftas recorrentes e fissuras persistentes nos cantos labiais.<\/p>\n\n\n\n<p class=\"wp-block-paragraph\">Uma pesquisa publicada em 2026 reuniu evid\u00eancias sobre manifesta\u00e7\u00f5es orais ligadas \u00e0 falta de vitaminas e destacou <a href=\"https:\/\/pubmed.ncbi.nlm.nih.gov\/41692086\/\" target=\"_blank\" rel=\"noopener noreferrer\">a presen\u00e7a de queilite angular em car\u00eancias do complexo B<\/a>, al\u00e9m de glossite e aftas. Isso n\u00e3o significa que toda ferida seja causada por vitamina baixa, mas mostra que a defici\u00eancia vitam\u00ednica faz parte do diagn\u00f3stico diferencial quando a les\u00e3o se arrasta.<\/p>\n\n\n<div class=\"wp-block-image wp-block-image aligncenter size-large\">\n<figure ><img decoding=\"async\" width=\"1280\" height=\"720\" src=\"https:\/\/cdnnewsimg.tuasaude.com\/wp-content\/uploads\/2026\/09\/rachaduras-nos-cantos-da-boca-que-nao-cicatrizam-nao-sa-corpo.jpg\" alt=\"Infogr\u00e1fico resume sinais, vitaminas, causas e exames ligados \u00e0 queilite angular.\" class=\"wp-image-109348\" srcset=\"https:\/\/www.tuasaude.com\/news\/wp-content\/uploads\/2026\/09\/rachaduras-nos-cantos-da-boca-que-nao-cicatrizam-nao-sa-corpo.jpg 1280w, https:\/\/www.tuasaude.com\/news\/wp-content\/uploads\/2026\/09\/rachaduras-nos-cantos-da-boca-que-nao-cicatrizam-nao-sa-corpo-300x169.jpg 300w, https:\/\/www.tuasaude.com\/news\/wp-content\/uploads\/2026\/09\/rachaduras-nos-cantos-da-boca-que-nao-cicatrizam-nao-sa-corpo-1024x576.jpg 1024w, https:\/\/www.tuasaude.com\/news\/wp-content\/uploads\/2026\/09\/rachaduras-nos-cantos-da-boca-que-nao-cicatrizam-nao-sa-corpo-768x432.jpg 768w, https:\/\/www.tuasaude.com\/news\/wp-content\/uploads\/2026\/09\/rachaduras-nos-cantos-da-boca-que-nao-cicatrizam-nao-sa-corpo-750x422.jpg 750w, https:\/\/www.tuasaude.com\/news\/wp-content\/uploads\/2026\/09\/rachaduras-nos-cantos-da-boca-que-nao-cicatrizam-nao-sa-corpo-1140x641.jpg 1140w\" sizes=\"(max-width: 1280px) 100vw, 1280px\" \/><figcaption class=\"wp-element-caption\">Infogr\u00e1fico resume sinais, vitaminas, causas e exames ligados \u00e0 queilite angular.<\/figcaption><\/figure>\n<\/div>\n\n\n<h2 class=\"wp-block-heading\">Quais sinais costumam acompanhar a defici\u00eancia vitam\u00ednica?<\/h2>\n\n\n\n<p class=\"wp-block-paragraph\">Quando a rachadura no canto da boca aparece junto de outros sintomas, a suspeita de car\u00eancia nutricional ganha for\u00e7a. O conjunto varia conforme a vitamina envolvida e o estado geral da pessoa.<\/p>\n\n\n\n<ul class=\"wp-block-list\">\n<li><strong>l\u00edngua dolorida<\/strong> ou lisa demais<\/li>\n\n\n\n<li>palidez e cansa\u00e7o fora do habitual<\/li>\n\n\n\n<li>aftas recorrentes<\/li>\n\n\n\n<li>ardor na boca ao comer alimentos \u00e1cidos<\/li>\n\n\n\n<li>queda de cabelo e unhas fr\u00e1geis em alguns casos<\/li>\n\n\n\n<li>formigamento, mais lembrado na falta de B12<\/li>\n<\/ul>\n\n\n\n<p class=\"wp-block-paragraph\">Al\u00e9m disso, anemia por defici\u00eancia de ferro pode coexistir com altera\u00e7\u00f5es de B9 e B12. No portal Tua Sa\u00fade, h\u00e1 uma explica\u00e7\u00e3o \u00fatil sobre <a href=\"https:\/\/www.tuasaude.com\/ferida-no-canto-da-boca\/\" target=\"_blank\" rel=\"noopener noreferrer\">as causas da ferida no canto da boca<\/a>, incluindo sinais que ajudam a diferenciar irrita\u00e7\u00e3o passageira de um problema que precisa de avalia\u00e7\u00e3o.<\/p>\n\n\n\n<h2 class=\"wp-block-heading\">O que mais pode causar queilite angular?<\/h2>\n\n\n\n<p class=\"wp-block-paragraph\">A <strong>queilite angular<\/strong> tem origem multifatorial. Isso quer dizer que a les\u00e3o pode surgir pela soma de umidade excessiva na comissura, perda de dimens\u00e3o da mordida, uso de pr\u00f3tese, infec\u00e7\u00e3o por Candida, coloniza\u00e7\u00e3o bacteriana e condi\u00e7\u00f5es metab\u00f3licas. Outra investiga\u00e7\u00e3o cl\u00ednica apontou <a href=\"https:\/\/pubmed.ncbi.nlm.nih.gov\/36001068\/\" target=\"_blank\" rel=\"noopener noreferrer\">a participa\u00e7\u00e3o de car\u00eancias de ferro, B9 e B12 em quadros de queilite<\/a>, junto de outros fatores locais.<\/p>\n\n\n\n<p class=\"wp-block-paragraph\">Algumas situa\u00e7\u00f5es merecem aten\u00e7\u00e3o especial:<\/p>\n\n\n\n<ul class=\"wp-block-list\">\n<li>pr\u00f3tese dent\u00e1ria mal adaptada<\/li>\n\n\n\n<li>saliva\u00e7\u00e3o noturna e h\u00e1bito de lamber os l\u00e1bios<\/li>\n\n\n\n<li>uso prolongado de antibi\u00f3ticos ou corticoides inalat\u00f3rios<\/li>\n\n\n\n<li>diabetes com controle ruim<\/li>\n\n\n\n<li>anemia e dist\u00farbios de absor\u00e7\u00e3o intestinal<\/li>\n\n\n\n<li>pele muito irritada por produtos labiais<\/li>\n<\/ul>\n\n\n\n<h2 class=\"wp-block-heading\">Como investigar e tratar sem mascarar o problema?<\/h2>\n\n\n\n<p class=\"wp-block-paragraph\">O tratamento depende da causa. Se houver suspeita de defici\u00eancia vitam\u00ednica, o profissional pode solicitar hemograma, ferritina, vitamina B12, folato e outros exames conforme a hist\u00f3ria cl\u00ednica. Tamb\u00e9m avalia alimenta\u00e7\u00e3o, uso de medicamentos, perda de peso, sintomas intestinais e presen\u00e7a de inflama\u00e7\u00e3o na l\u00edngua ou em outras \u00e1reas da mucosa.<\/p>\n\n\n\n<p class=\"wp-block-paragraph\">Pomadas podem aliviar, mas n\u00e3o resolvem sozinhas quando existe infec\u00e7\u00e3o, anemia ou absor\u00e7\u00e3o inadequada de nutrientes. Rachadura no canto da boca com recorr\u00eancia exige corre\u00e7\u00e3o do fator de base, ajuste de pr\u00f3tese quando necess\u00e1rio e reposi\u00e7\u00e3o orientada, j\u00e1 que excesso de suplemento tamb\u00e9m pode atrapalhar o cuidado.<\/p>\n\n\n\n<h2 class=\"wp-block-heading\">Quando procurar avalia\u00e7\u00e3o m\u00e9dica?<\/h2>\n\n\n\n<p class=\"wp-block-paragraph\">Se a les\u00e3o dura mais de uma a duas semanas, sangra, forma crostas repetidas, impede a alimenta\u00e7\u00e3o ou vem acompanhada de perda de peso, cansa\u00e7o intenso, palidez e dor na l\u00edngua, a avalia\u00e7\u00e3o deve ser antecipada. Em crian\u00e7as, idosos e pessoas com imunidade comprometida, a observa\u00e7\u00e3o precisa ser ainda mais cuidadosa.<\/p>\n\n\n\n<p class=\"wp-block-paragraph\">Persist\u00eancia, recorr\u00eancia e sinais na mucosa oral ajudam a diferenciar um simples ressecamento de um quadro inflamat\u00f3rio com poss\u00edvel impacto nutricional e hematol\u00f3gico. Nessa situa\u00e7\u00e3o, identificar cedo a <strong>defici\u00eancia vitam\u00ednica<\/strong> e outras causas da <strong>queilite angular<\/strong> evita que a fissura siga abrindo, infeccione e se torne um problema repetitivo.<\/p>\n\n\n\n<p class=\"wp-block-paragraph\">Este conte\u00fado tem car\u00e1ter exclusivamente informativo e <strong>n\u00e3o substitui a avalia\u00e7\u00e3o<\/strong>, o diagn\u00f3stico ou o acompanhamento de um profissional de sa\u00fade. Se voc\u00ea apresenta sintomas ou tem d\u00favidas sobre sua condi\u00e7\u00e3o, procure orienta\u00e7\u00e3o m\u00e9dica.<\/p>\n","protected":false},"excerpt":{"rendered":"<p>Rachadura no canto da boca que persiste por dias, arde ao abrir a boca e volta mesmo com hidratante labial merece aten\u00e7\u00e3o. Esse tipo de les\u00e3o pode estar ligado a inflama\u00e7\u00e3o da mucosa, saliva acumulada na comissura labial, infec\u00e7\u00e3o local e tamb\u00e9m a defici\u00eancia vitam\u00ednica, sobretudo quando h\u00e1 baixa ingest\u00e3o ou absor\u00e7\u00e3o ruim de nutrientes [&hellip;]<\/p>\n","protected":false},"author":6,"featured_media":109347,"comment_status":"open","ping_status":"open","sticky":false,"template":"","format":"standard","meta":{"_yoast_wpseo_focuskw":"rachadura no canto da boca","_yoast_wpseo_title":"","_yoast_wpseo_metadesc":"Rachadura no canto da boca que n\u00e3o melhora pode indicar mais do que irrita\u00e7\u00e3o local. Um detalhe sobre o complexo B muda essa leitura cl\u00ednica.","jnews-multi-image_gallery":[],"jnews_single_post":{"format":"standard"},"jnews_primary_category":[],"jnews_social_meta":[],"jnews_override_counter":[],"footnotes":""},"categories":[111],"tags":[3567,4990,8641,13433,1796],"class_list":["post-109349","post","type-post","status-publish","format-standard","has-post-thumbnail","hentry","category-saude","tag-complexo-b","tag-deficiencia-vitaminica","tag-queilite-angular","tag-rachadura-no-canto-da-boca","tag-saude-2"],"yoast_head":"<!-- This site is optimized with the Yoast SEO plugin v26.7 - https:\/\/yoast.com\/wordpress\/plugins\/seo\/ -->\n<title>Rachaduras nos cantos da boca que n\u00e3o cicatrizam n\u00e3o s\u00e3o s\u00f3 ressecamento: podem ser um sinal de defici\u00eancia de vitaminas do complexo B - Tua Sa\u00fade<\/title>\n<meta name=\"description\" content=\"Rachadura no canto da boca que n\u00e3o melhora pode indicar mais do que irrita\u00e7\u00e3o local. Um detalhe sobre o complexo B muda essa leitura cl\u00ednica.\" \/>\n<meta name=\"robots\" content=\"index, follow, max-snippet:-1, max-image-preview:large, max-video-preview:-1\" \/>\n<link rel=\"canonical\" href=\"https:\/\/www.tuasaude.com\/news\/2026\/09\/06\/rachaduras-nos-cantos-da-boca-que-nao-cicatrizam-nao-sao-so-ressecamento-podem-ser-um-sinal-de-deficiencia-de-vitaminas-do-complexo-b\/\" \/>\n<meta property=\"og:locale\" content=\"pt_BR\" \/>\n<meta property=\"og:type\" content=\"article\" \/>\n<meta property=\"og:title\" content=\"Rachaduras nos cantos da boca que n\u00e3o cicatrizam n\u00e3o s\u00e3o s\u00f3 ressecamento: podem ser um sinal de defici\u00eancia de vitaminas do complexo B - Tua Sa\u00fade\" \/>\n<meta property=\"og:description\" content=\"Rachadura no canto da boca que n\u00e3o melhora pode indicar mais do que irrita\u00e7\u00e3o local. Um detalhe sobre o complexo B muda essa leitura cl\u00ednica.\" \/>\n<meta property=\"og:url\" content=\"https:\/\/www.tuasaude.com\/news\/2026\/09\/06\/rachaduras-nos-cantos-da-boca-que-nao-cicatrizam-nao-sao-so-ressecamento-podem-ser-um-sinal-de-deficiencia-de-vitaminas-do-complexo-b\/\" \/>\n<meta property=\"og:site_name\" content=\"Tua Sa\u00fade\" \/>\n<meta property=\"article:published_time\" content=\"2026-09-06T15:40:00+00:00\" \/>\n<meta property=\"og:image\" content=\"https:\/\/www.tuasaude.com\/news\/wp-content\/uploads\/2026\/09\/rachaduras-nos-cantos-da-boca-que-nao-cicatrizam-nao-sao-so-.jpg\" \/>\n\t<meta property=\"og:image:width\" content=\"1279\" \/>\n\t<meta property=\"og:image:height\" content=\"720\" \/>\n\t<meta property=\"og:image:type\" content=\"image\/jpeg\" \/>\n<meta name=\"author\" content=\"Gabriel Leme\" \/>\n<meta name=\"twitter:card\" content=\"summary_large_image\" \/>\n<meta name=\"twitter:label1\" content=\"Escrito por\" \/>\n\t<meta name=\"twitter:data1\" content=\"Gabriel Leme\" \/>\n\t<meta name=\"twitter:label2\" content=\"Est. tempo de leitura\" \/>\n\t<meta name=\"twitter:data2\" content=\"5 minutos\" \/>\n<!-- \/ Yoast SEO plugin. -->","yoast_head_json":{"title":"Rachaduras nos cantos da boca que n\u00e3o cicatrizam n\u00e3o s\u00e3o s\u00f3 ressecamento: podem ser um sinal de defici\u00eancia de vitaminas do complexo B - Tua Sa\u00fade","description":"Rachadura no canto da boca que n\u00e3o melhora pode indicar mais do que irrita\u00e7\u00e3o local. Um detalhe sobre o complexo B muda essa leitura cl\u00ednica.","robots":{"index":"index","follow":"follow","max-snippet":"max-snippet:-1","max-image-preview":"max-image-preview:large","max-video-preview":"max-video-preview:-1"},"canonical":"https:\/\/www.tuasaude.com\/news\/2026\/09\/06\/rachaduras-nos-cantos-da-boca-que-nao-cicatrizam-nao-sao-so-ressecamento-podem-ser-um-sinal-de-deficiencia-de-vitaminas-do-complexo-b\/","og_locale":"pt_BR","og_type":"article","og_title":"Rachaduras nos cantos da boca que n\u00e3o cicatrizam n\u00e3o s\u00e3o s\u00f3 ressecamento: podem ser um sinal de defici\u00eancia de vitaminas do complexo B - Tua Sa\u00fade","og_description":"Rachadura no canto da boca que n\u00e3o melhora pode indicar mais do que irrita\u00e7\u00e3o local. Um detalhe sobre o complexo B muda essa leitura cl\u00ednica.","og_url":"https:\/\/www.tuasaude.com\/news\/2026\/09\/06\/rachaduras-nos-cantos-da-boca-que-nao-cicatrizam-nao-sao-so-ressecamento-podem-ser-um-sinal-de-deficiencia-de-vitaminas-do-complexo-b\/","og_site_name":"Tua Sa\u00fade","article_published_time":"2026-09-06T15:40:00+00:00","og_image":[{"width":1279,"height":720,"url":"https:\/\/www.tuasaude.com\/news\/wp-content\/uploads\/2026\/09\/rachaduras-nos-cantos-da-boca-que-nao-cicatrizam-nao-sao-so-.jpg","type":"image\/jpeg"}],"author":"Gabriel Leme","twitter_card":"summary_large_image","twitter_misc":{"Escrito por":"Gabriel Leme","Est. tempo de leitura":"5 minutos"},"schema":{"@context":"https:\/\/schema.org","@graph":[{"@type":"Article","@id":"https:\/\/www.tuasaude.com\/news\/2026\/09\/06\/rachaduras-nos-cantos-da-boca-que-nao-cicatrizam-nao-sao-so-ressecamento-podem-ser-um-sinal-de-deficiencia-de-vitaminas-do-complexo-b\/#article","isPartOf":{"@id":"https:\/\/www.tuasaude.com\/news\/2026\/09\/06\/rachaduras-nos-cantos-da-boca-que-nao-cicatrizam-nao-sao-so-ressecamento-podem-ser-um-sinal-de-deficiencia-de-vitaminas-do-complexo-b\/"},"author":{"name":"Gabriel Leme","@id":"https:\/\/www.tuasaude.com\/news\/#\/schema\/person\/bf512a2e53b74f5544ff3040f496e593"},"headline":"Rachaduras nos cantos da boca que n\u00e3o cicatrizam n\u00e3o s\u00e3o s\u00f3 ressecamento: podem ser um sinal de defici\u00eancia de vitaminas do complexo B","datePublished":"2026-09-06T15:40:00+00:00","mainEntityOfPage":{"@id":"https:\/\/www.tuasaude.com\/news\/2026\/09\/06\/rachaduras-nos-cantos-da-boca-que-nao-cicatrizam-nao-sao-so-ressecamento-podem-ser-um-sinal-de-deficiencia-de-vitaminas-do-complexo-b\/"},"wordCount":915,"commentCount":0,"image":{"@id":"https:\/\/www.tuasaude.com\/news\/2026\/09\/06\/rachaduras-nos-cantos-da-boca-que-nao-cicatrizam-nao-sao-so-ressecamento-podem-ser-um-sinal-de-deficiencia-de-vitaminas-do-complexo-b\/#primaryimage"},"thumbnailUrl":"https:\/\/www.tuasaude.com\/news\/wp-content\/uploads\/2026\/09\/rachaduras-nos-cantos-da-boca-que-nao-cicatrizam-nao-sao-so-.jpg","keywords":["complexo B","defici\u00eancia vitam\u00ednica","queilite angular","rachadura no canto da boca","saude"],"articleSection":["Sa\u00fade"],"inLanguage":"pt-BR","potentialAction":[{"@type":"CommentAction","name":"Comment","target":["https:\/\/www.tuasaude.com\/news\/2026\/09\/06\/rachaduras-nos-cantos-da-boca-que-nao-cicatrizam-nao-sao-so-ressecamento-podem-ser-um-sinal-de-deficiencia-de-vitaminas-do-complexo-b\/#respond"]}]},{"@type":"WebPage","@id":"https:\/\/www.tuasaude.com\/news\/2026\/09\/06\/rachaduras-nos-cantos-da-boca-que-nao-cicatrizam-nao-sao-so-ressecamento-podem-ser-um-sinal-de-deficiencia-de-vitaminas-do-complexo-b\/","url":"https:\/\/www.tuasaude.com\/news\/2026\/09\/06\/rachaduras-nos-cantos-da-boca-que-nao-cicatrizam-nao-sao-so-ressecamento-podem-ser-um-sinal-de-deficiencia-de-vitaminas-do-complexo-b\/","name":"Rachaduras nos cantos da boca que n\u00e3o cicatrizam n\u00e3o s\u00e3o s\u00f3 ressecamento: podem ser um sinal de defici\u00eancia de vitaminas do complexo B - Tua Sa\u00fade","isPartOf":{"@id":"https:\/\/www.tuasaude.com\/news\/#website"},"primaryImageOfPage":{"@id":"https:\/\/www.tuasaude.com\/news\/2026\/09\/06\/rachaduras-nos-cantos-da-boca-que-nao-cicatrizam-nao-sao-so-ressecamento-podem-ser-um-sinal-de-deficiencia-de-vitaminas-do-complexo-b\/#primaryimage"},"image":{"@id":"https:\/\/www.tuasaude.com\/news\/2026\/09\/06\/rachaduras-nos-cantos-da-boca-que-nao-cicatrizam-nao-sao-so-ressecamento-podem-ser-um-sinal-de-deficiencia-de-vitaminas-do-complexo-b\/#primaryimage"},"thumbnailUrl":"https:\/\/www.tuasaude.com\/news\/wp-content\/uploads\/2026\/09\/rachaduras-nos-cantos-da-boca-que-nao-cicatrizam-nao-sao-so-.jpg","datePublished":"2026-09-06T15:40:00+00:00","author":{"@id":"https:\/\/www.tuasaude.com\/news\/#\/schema\/person\/bf512a2e53b74f5544ff3040f496e593"},"description":"Rachadura no canto da boca que n\u00e3o melhora pode indicar mais do que irrita\u00e7\u00e3o local. Um detalhe sobre o complexo B muda essa leitura cl\u00ednica.","breadcrumb":{"@id":"https:\/\/www.tuasaude.com\/news\/2026\/09\/06\/rachaduras-nos-cantos-da-boca-que-nao-cicatrizam-nao-sao-so-ressecamento-podem-ser-um-sinal-de-deficiencia-de-vitaminas-do-complexo-b\/#breadcrumb"},"inLanguage":"pt-BR","potentialAction":[{"@type":"ReadAction","target":["https:\/\/www.tuasaude.com\/news\/2026\/09\/06\/rachaduras-nos-cantos-da-boca-que-nao-cicatrizam-nao-sao-so-ressecamento-podem-ser-um-sinal-de-deficiencia-de-vitaminas-do-complexo-b\/"]}]},{"@type":"ImageObject","inLanguage":"pt-BR","@id":"https:\/\/www.tuasaude.com\/news\/2026\/09\/06\/rachaduras-nos-cantos-da-boca-que-nao-cicatrizam-nao-sao-so-ressecamento-podem-ser-um-sinal-de-deficiencia-de-vitaminas-do-complexo-b\/#primaryimage","url":"https:\/\/www.tuasaude.com\/news\/wp-content\/uploads\/2026\/09\/rachaduras-nos-cantos-da-boca-que-nao-cicatrizam-nao-sao-so-.jpg","contentUrl":"https:\/\/www.tuasaude.com\/news\/wp-content\/uploads\/2026\/09\/rachaduras-nos-cantos-da-boca-que-nao-cicatrizam-nao-sao-so-.jpg","width":1279,"height":720,"caption":"Rachaduras persistentes nos cantos da boca podem indicar queilite angular e defici\u00eancia vitam\u00ednica."},{"@type":"BreadcrumbList","@id":"https:\/\/www.tuasaude.com\/news\/2026\/09\/06\/rachaduras-nos-cantos-da-boca-que-nao-cicatrizam-nao-sao-so-ressecamento-podem-ser-um-sinal-de-deficiencia-de-vitaminas-do-complexo-b\/#breadcrumb","itemListElement":[{"@type":"ListItem","position":1,"name":"In\u00edcio","item":"https:\/\/www.tuasaude.com\/news\/"},{"@type":"ListItem","position":2,"name":"Rachaduras nos cantos da boca que n\u00e3o cicatrizam n\u00e3o s\u00e3o s\u00f3 ressecamento: podem ser um sinal de defici\u00eancia de vitaminas do complexo B"}]},{"@type":"WebSite","@id":"https:\/\/www.tuasaude.com\/news\/#website","url":"https:\/\/www.tuasaude.com\/news\/","name":"Tua Sa\u00fade","description":"Seu site de sa\u00fade","potentialAction":[{"@type":"SearchAction","target":{"@type":"EntryPoint","urlTemplate":"https:\/\/www.tuasaude.com\/news\/?s={search_term_string}"},"query-input":{"@type":"PropertyValueSpecification","valueRequired":true,"valueName":"search_term_string"}}],"inLanguage":"pt-BR"},{"@type":"Person","@id":"https:\/\/www.tuasaude.com\/news\/#\/schema\/person\/bf512a2e53b74f5544ff3040f496e593","name":"Gabriel Leme","image":{"@type":"ImageObject","inLanguage":"pt-BR","@id":"https:\/\/www.tuasaude.com\/news\/#\/schema\/person\/image\/","url":"https:\/\/secure.gravatar.com\/avatar\/a12badc2d08e73d59b38f178ebe822eca26c0445823b05fefedea89fb346439c?s=96&d=mm&r=g","contentUrl":"https:\/\/secure.gravatar.com\/avatar\/a12badc2d08e73d59b38f178ebe822eca26c0445823b05fefedea89fb346439c?s=96&d=mm&r=g","caption":"Gabriel Leme"},"sameAs":["https:\/\/www.tuasaude.com\/news"],"url":"https:\/\/www.tuasaude.com\/news\/author\/gabrielleme\/"}]}},"_links":{"self":[{"href":"https:\/\/www.tuasaude.com\/news\/wp-json\/wp\/v2\/posts\/109349","targetHints":{"allow":["GET"]}}],"collection":[{"href":"https:\/\/www.tuasaude.com\/news\/wp-json\/wp\/v2\/posts"}],"about":[{"href":"https:\/\/www.tuasaude.com\/news\/wp-json\/wp\/v2\/types\/post"}],"author":[{"embeddable":true,"href":"https:\/\/www.tuasaude.com\/news\/wp-json\/wp\/v2\/users\/6"}],"replies":[{"embeddable":true,"href":"https:\/\/www.tuasaude.com\/news\/wp-json\/wp\/v2\/comments?post=109349"}],"version-history":[{"count":1,"href":"https:\/\/www.tuasaude.com\/news\/wp-json\/wp\/v2\/posts\/109349\/revisions"}],"predecessor-version":[{"id":109397,"href":"https:\/\/www.tuasaude.com\/news\/wp-json\/wp\/v2\/posts\/109349\/revisions\/109397"}],"wp:featuredmedia":[{"embeddable":true,"href":"https:\/\/www.tuasaude.com\/news\/wp-json\/wp\/v2\/media\/109347"}],"wp:attachment":[{"href":"https:\/\/www.tuasaude.com\/news\/wp-json\/wp\/v2\/media?parent=109349"}],"wp:term":[{"taxonomy":"category","embeddable":true,"href":"https:\/\/www.tuasaude.com\/news\/wp-json\/wp\/v2\/categories?post=109349"},{"taxonomy":"post_tag","embeddable":true,"href":"https:\/\/www.tuasaude.com\/news\/wp-json\/wp\/v2\/tags?post=109349"}],"curies":[{"name":"wp","href":"https:\/\/api.w.org\/{rel}","templated":true}]}}