{"id":109305,"date":"2026-09-06T08:20:00","date_gmt":"2026-09-06T11:20:00","guid":{"rendered":"https:\/\/www.tuasaude.com\/news\/?p=109305"},"modified":"2026-09-06T00:25:26","modified_gmt":"2026-09-06T03:25:26","slug":"dormir-mais-no-fim-de-semana-resolve-o-cansaco-acumulado","status":"publish","type":"post","link":"https:\/\/www.tuasaude.com\/news\/2026\/09\/06\/dormir-mais-no-fim-de-semana-resolve-o-cansaco-acumulado\/","title":{"rendered":"Dormir mais no fim de semana resolve o cansa\u00e7o acumulado?"},"content":{"rendered":"\n<p class=\"wp-block-paragraph\">Dormir mais no fim de semana pode aliviar parcialmente o cansa\u00e7o acumulado durante a semana, mas n\u00e3o elimina os efeitos da priva\u00e7\u00e3o cr\u00f4nica de sono no organismo. Essa estrat\u00e9gia oferece um descanso moment\u00e2neo e reduz a sensa\u00e7\u00e3o imediata de fadiga, embora n\u00e3o reverta as consequ\u00eancias metab\u00f3licas, cardiovasculares e cognitivas do sono insuficiente. Entender por que essa compensa\u00e7\u00e3o \u00e9 limitada ajuda a construir uma rotina de descanso realmente restauradora e a evitar armadilhas comuns que agravam o desequil\u00edbrio biol\u00f3gico.<\/p>\n\n\n\n<h2 class=\"wp-block-heading\">Por que o corpo acumula d\u00edvida de sono?<\/h2>\n\n\n\n<p class=\"wp-block-paragraph\">Cada noite mal dormida gera um d\u00e9bito que se acumula no organismo, resultando em queda de desempenho cognitivo, altera\u00e7\u00f5es hormonais e maior risco cardiovascular. Esse mecanismo \u00e9 conhecido como d\u00edvida de sono e se intensifica quando o padr\u00e3o de priva\u00e7\u00e3o se repete por semanas.<\/p>\n\n\n\n<p class=\"wp-block-paragraph\">O corpo depende de ciclos regulares para completar as fases profundas do descanso, essenciais para reparo tecidual, consolida\u00e7\u00e3o da mem\u00f3ria e regula\u00e7\u00e3o metab\u00f3lica. Quando esses ciclos s\u00e3o interrompidos com frequ\u00eancia, a compensa\u00e7\u00e3o isolada nos fins de semana se mostra insuficiente para restaurar todas as fun\u00e7\u00f5es afetadas.<\/p>\n\n\n\n<h2 class=\"wp-block-heading\">Dormir mais no s\u00e1bado e domingo compensa a semana?<\/h2>\n\n\n\n<p class=\"wp-block-paragraph\">O sono extra nos fins de semana traz al\u00edvio parcial e melhora tempor\u00e1ria da disposi\u00e7\u00e3o, mas os benef\u00edcios s\u00e3o limitados. Estudos mostram que a compensa\u00e7\u00e3o ajuda a reduzir a fadiga imediata e restaura parte da fun\u00e7\u00e3o cognitiva, sem, no entanto, reverter altera\u00e7\u00f5es metab\u00f3licas causadas pela priva\u00e7\u00e3o repetida.<\/p>\n\n\n\n<p class=\"wp-block-paragraph\">Al\u00e9m disso, prolongar demais o sono no fim de semana pode gerar o chamado jet lag social, um desalinhamento entre o rel\u00f3gio biol\u00f3gico interno e a rotina real, que dificulta o adormecer na noite de domingo e agrava a sensa\u00e7\u00e3o de cansa\u00e7o na segunda-feira.<\/p>\n\n\n<div class=\"wp-block-image\">\n<figure class=\"aligncenter size-large\"><img decoding=\"async\" width=\"1024\" height=\"571\" src=\"https:\/\/www.tuasaude.com\/news\/wp-content\/uploads\/2026\/09\/Infographic_explaining_weekend_s\u2026_202609060023-1024x571.jpg\" alt=\"D\u00edvida de sono, recupera\u00e7\u00e3o parcial, jet lag social e regularidade explicam a compensa\u00e7\u00e3o limitada.\" class=\"wp-image-109311\" srcset=\"https:\/\/www.tuasaude.com\/news\/wp-content\/uploads\/2026\/09\/Infographic_explaining_weekend_s\u2026_202609060023-1024x571.jpg 1024w, https:\/\/www.tuasaude.com\/news\/wp-content\/uploads\/2026\/09\/Infographic_explaining_weekend_s\u2026_202609060023-300x167.jpg 300w, https:\/\/www.tuasaude.com\/news\/wp-content\/uploads\/2026\/09\/Infographic_explaining_weekend_s\u2026_202609060023-768x428.jpg 768w, https:\/\/www.tuasaude.com\/news\/wp-content\/uploads\/2026\/09\/Infographic_explaining_weekend_s\u2026_202609060023-750x418.jpg 750w, https:\/\/www.tuasaude.com\/news\/wp-content\/uploads\/2026\/09\/Infographic_explaining_weekend_s\u2026_202609060023-1140x636.jpg 1140w, https:\/\/www.tuasaude.com\/news\/wp-content\/uploads\/2026\/09\/Infographic_explaining_weekend_s\u2026_202609060023.jpg 1280w\" sizes=\"(max-width: 1024px) 100vw, 1024px\" \/><figcaption class=\"wp-element-caption\">D\u00edvida de sono, recupera\u00e7\u00e3o parcial, jet lag social e regularidade explicam a compensa\u00e7\u00e3o limitada.<\/figcaption><\/figure>\n<\/div>\n\n\n<h2 class=\"wp-block-heading\">Como estudo cient\u00edfico explica esse paradoxo?<\/h2>\n\n\n\n<p class=\"wp-block-paragraph\">A ci\u00eancia tem investigado a fundo os efeitos da compensa\u00e7\u00e3o de sono nos fins de semana, e os resultados mostram um cen\u00e1rio mais complexo do que a intui\u00e7\u00e3o sugere. Uma revis\u00e3o recente analisou dezenas de investiga\u00e7\u00f5es sobre o tema, oferecendo dados relevantes para orientar decis\u00f5es sobre rotinas de descanso.<\/p>\n\n\n\n<p class=\"wp-block-paragraph\">Segundo a revis\u00e3o <a href=\"https:\/\/pubmed.ncbi.nlm.nih.gov\/40412461\/\" target=\"_blank\" rel=\"noreferrer noopener\">The sleep paradox the effect of weekend catch-up sleep on homeostasis and circadian misalignment<\/a>, publicada no peri\u00f3dico Neuroscience and Biobehavioral Reviews, o sono compensat\u00f3rio nos fins de semana pode parecer uma estrat\u00e9gia protetora para a fun\u00e7\u00e3o diurna, mas as mudan\u00e7as de hor\u00e1rio entre dias \u00fateis e finais de semana provocam desalinhamento circadiano associado a maior risco de depress\u00e3o, dist\u00farbios metab\u00f3licos e redu\u00e7\u00e3o da qualidade do descanso noturno.<\/p>\n\n\n\n<h2 class=\"wp-block-heading\">Quais s\u00e3o os riscos de compensar o sono s\u00f3 no fim de semana?<\/h2>\n\n\n\n<p class=\"wp-block-paragraph\">Depender exclusivamente da compensa\u00e7\u00e3o nos fins de semana cria um padr\u00e3o que, a longo prazo, pode ser mais prejudicial do que ben\u00e9fico. A irregularidade nos hor\u00e1rios de dormir e acordar tem efeito direto sobre a sa\u00fade cardiometab\u00f3lica e emocional, independentemente do n\u00famero total de horas dormidas na semana.<\/p>\n\n\n\n<p class=\"wp-block-paragraph\">Os principais riscos associados a esse h\u00e1bito incluem:<\/p>\n\n\n\n<ul class=\"wp-block-list\">\n<li><strong>Jet lag social<\/strong> descompasso entre o rel\u00f3gio biol\u00f3gico e a rotina que provoca sensa\u00e7\u00e3o semelhante \u00e0 mudan\u00e7a de fuso hor\u00e1rio<\/li>\n\n\n\n<li><strong>Altera\u00e7\u00f5es metab\u00f3licas<\/strong> maior resist\u00eancia \u00e0 insulina, ganho de peso e desregula\u00e7\u00e3o do apetite<\/li>\n\n\n\n<li><strong>Aumento do risco cardiovascular<\/strong> associado \u00e0 irregularidade do sono e ao estresse cr\u00f4nico<\/li>\n\n\n\n<li><strong>Piora do humor<\/strong> maior propens\u00e3o a sintomas de ansiedade e depress\u00e3o<\/li>\n\n\n\n<li><strong>Preju\u00edzos cognitivos persistentes<\/strong> queda de aten\u00e7\u00e3o, mem\u00f3ria e capacidade de decis\u00e3o que n\u00e3o se recuperam totalmente<\/li>\n\n\n\n<li><strong>Fragmenta\u00e7\u00e3o do sono<\/strong> despertares noturnos mais frequentes e sono menos reparador<\/li>\n<\/ul>\n\n\n<div class=\"wp-block-image\">\n<figure class=\"aligncenter size-large\"><img decoding=\"async\" width=\"1024\" height=\"571\" src=\"https:\/\/www.tuasaude.com\/news\/wp-content\/uploads\/2026\/09\/Woman_sleeping_late_in_bed_202609060024-1024x571.jpg\" alt=\"Compensar horas no s\u00e1bado e domingo ajuda parcialmente, mas pode deslocar o rel\u00f3gio biol\u00f3gico.\" class=\"wp-image-109312\" srcset=\"https:\/\/www.tuasaude.com\/news\/wp-content\/uploads\/2026\/09\/Woman_sleeping_late_in_bed_202609060024-1024x571.jpg 1024w, https:\/\/www.tuasaude.com\/news\/wp-content\/uploads\/2026\/09\/Woman_sleeping_late_in_bed_202609060024-300x167.jpg 300w, https:\/\/www.tuasaude.com\/news\/wp-content\/uploads\/2026\/09\/Woman_sleeping_late_in_bed_202609060024-768x428.jpg 768w, https:\/\/www.tuasaude.com\/news\/wp-content\/uploads\/2026\/09\/Woman_sleeping_late_in_bed_202609060024-750x418.jpg 750w, https:\/\/www.tuasaude.com\/news\/wp-content\/uploads\/2026\/09\/Woman_sleeping_late_in_bed_202609060024-1140x636.jpg 1140w, https:\/\/www.tuasaude.com\/news\/wp-content\/uploads\/2026\/09\/Woman_sleeping_late_in_bed_202609060024.jpg 1280w\" sizes=\"(max-width: 1024px) 100vw, 1024px\" \/><figcaption class=\"wp-element-caption\">Compensar horas no s\u00e1bado e domingo ajuda parcialmente, mas pode deslocar o rel\u00f3gio biol\u00f3gico.<\/figcaption><\/figure>\n<\/div>\n\n\n<h2 class=\"wp-block-heading\">Como construir uma rotina de sono realmente restauradora?<\/h2>\n\n\n\n<p class=\"wp-block-paragraph\">A regularidade nos hor\u00e1rios de dormir e acordar, inclusive nos fins de semana, \u00e9 considerada por especialistas em medicina do sono um fator t\u00e3o importante quanto o n\u00famero de horas totais dormidas. Pequenos ajustes na rotina produzem efeitos percept\u00edveis em poucas semanas e reduzem a depend\u00eancia do descanso compensat\u00f3rio.<\/p>\n\n\n\n<p class=\"wp-block-paragraph\">As estrat\u00e9gias com maior respaldo cient\u00edfico incluem:<\/p>\n\n\n\n<ol class=\"wp-block-list\">\n<li><strong>Manter hor\u00e1rios consistentes<\/strong> deitar e acordar pr\u00f3ximo ao mesmo hor\u00e1rio todos os dias, mesmo aos fins de semana<\/li>\n\n\n\n<li><strong>Adotar boas pr\u00e1ticas de <a href=\"https:\/\/www.tuasaude.com\/higiene-do-sono\/\" target=\"_blank\" rel=\"noreferrer noopener\">higiene do sono<\/a><\/strong> com ambiente escuro, silencioso e temperatura entre 18 e 22 graus<\/li>\n\n\n\n<li><strong>Reduzir a exposi\u00e7\u00e3o \u00e0 luz azul<\/strong> desligando telas pelo menos 30 minutos antes de deitar<\/li>\n\n\n\n<li><strong>Evitar cafe\u00edna ap\u00f3s as 14 horas<\/strong> uma vez que ela permanece no organismo por at\u00e9 oito horas<\/li>\n\n\n\n<li><strong>Praticar atividade f\u00edsica regular<\/strong> preferencialmente pela manh\u00e3 ou at\u00e9 o in\u00edcio da noite<\/li>\n\n\n\n<li><strong>Expor-se \u00e0 luz natural pela manh\u00e3<\/strong> para regular a produ\u00e7\u00e3o de melatonina e sincronizar o rel\u00f3gio biol\u00f3gico<\/li>\n<\/ol>\n\n\n\n<p class=\"wp-block-paragraph\">Quando a dificuldade persiste, vale investigar causas espec\u00edficas descritas em conte\u00fados sobre por que <a href=\"https:\/\/www.tuasaude.com\/nao-consigo-dormir\/\" target=\"_blank\" rel=\"noreferrer noopener\">n\u00e3o consigo dormir<\/a>, que abordam desde estresse at\u00e9 condi\u00e7\u00f5es cl\u00ednicas. Se o problema se prolonga por mais de tr\u00eas semanas com impacto no dia a dia, pode indicar <a href=\"https:\/\/www.tuasaude.com\/insonia\/\" target=\"_blank\" rel=\"noreferrer noopener\">ins\u00f4nia<\/a> e demandar avalia\u00e7\u00e3o especializada.<\/p>\n\n\n\n<p class=\"wp-block-paragraph\"><em>Este conte\u00fado tem car\u00e1ter apenas informativo e n\u00e3o substitui a avalia\u00e7\u00e3o, o diagn\u00f3stico ou o tratamento realizados por um profissional de sa\u00fade qualificado. Diante de cansa\u00e7o persistente ou dificuldades recorrentes para dormir, procure orienta\u00e7\u00e3o m\u00e9dica.<\/em><\/p>\n","protected":false},"excerpt":{"rendered":"<p>Dormir mais no fim de semana pode aliviar parcialmente o cansa\u00e7o acumulado durante a semana, mas n\u00e3o elimina os efeitos da priva\u00e7\u00e3o cr\u00f4nica de sono no organismo. Essa estrat\u00e9gia oferece um descanso moment\u00e2neo e reduz a sensa\u00e7\u00e3o imediata de fadiga, embora n\u00e3o reverta as consequ\u00eancias metab\u00f3licas, cardiovasculares e cognitivas do sono insuficiente. Entender por que [&hellip;]<\/p>\n","protected":false},"author":11,"featured_media":109310,"comment_status":"open","ping_status":"open","sticky":false,"template":"","format":"standard","meta":{"_yoast_wpseo_focuskw":"dormir","_yoast_wpseo_title":"","_yoast_wpseo_metadesc":"Dormir mais no fim de semana pode aliviar o cansa\u00e7o acumulado, mas n\u00e3o elimina a d\u00edvida de sono. Entenda os limites dessa compensa\u00e7\u00e3o e o efeito na rotina.","jnews-multi-image_gallery":[],"jnews_single_post":{"format":"standard"},"jnews_primary_category":[],"jnews_social_meta":[],"jnews_override_counter":[],"footnotes":""},"categories":[111],"tags":[145,136,1086,116],"class_list":["post-109305","post","type-post","status-publish","format-standard","has-post-thumbnail","hentry","category-saude","tag-bem-estar","tag-saude","tag-saude-do-sono","tag-sono"],"yoast_head":"<!-- This site is optimized with the Yoast SEO plugin v26.7 - https:\/\/yoast.com\/wordpress\/plugins\/seo\/ -->\n<title>Dormir mais no fim de semana resolve o cansa\u00e7o acumulado? - Tua Sa\u00fade<\/title>\n<meta name=\"description\" content=\"Dormir mais no fim de semana pode aliviar o cansa\u00e7o acumulado, mas n\u00e3o elimina a d\u00edvida de sono. Entenda os limites dessa compensa\u00e7\u00e3o e o efeito na rotina.\" \/>\n<meta name=\"robots\" content=\"index, follow, max-snippet:-1, max-image-preview:large, max-video-preview:-1\" \/>\n<link rel=\"canonical\" href=\"https:\/\/www.tuasaude.com\/news\/2026\/09\/06\/dormir-mais-no-fim-de-semana-resolve-o-cansaco-acumulado\/\" \/>\n<meta property=\"og:locale\" content=\"pt_BR\" \/>\n<meta property=\"og:type\" content=\"article\" \/>\n<meta property=\"og:title\" content=\"Dormir mais no fim de semana resolve o cansa\u00e7o acumulado? - Tua Sa\u00fade\" \/>\n<meta property=\"og:description\" content=\"Dormir mais no fim de semana pode aliviar o cansa\u00e7o acumulado, mas n\u00e3o elimina a d\u00edvida de sono. Entenda os limites dessa compensa\u00e7\u00e3o e o efeito na rotina.\" \/>\n<meta property=\"og:url\" content=\"https:\/\/www.tuasaude.com\/news\/2026\/09\/06\/dormir-mais-no-fim-de-semana-resolve-o-cansaco-acumulado\/\" \/>\n<meta property=\"og:site_name\" content=\"Tua Sa\u00fade\" \/>\n<meta property=\"article:published_time\" content=\"2026-09-06T11:20:00+00:00\" \/>\n<meta property=\"og:image\" content=\"https:\/\/www.tuasaude.com\/news\/wp-content\/uploads\/2026\/09\/Man_waking_up_and_sleeping_202609060023.jpg\" \/>\n\t<meta property=\"og:image:width\" content=\"1280\" \/>\n\t<meta property=\"og:image:height\" content=\"714\" \/>\n\t<meta property=\"og:image:type\" content=\"image\/jpeg\" \/>\n<meta name=\"author\" content=\"Gessika Julia Carvalho\" \/>\n<meta name=\"twitter:card\" content=\"summary_large_image\" \/>\n<meta name=\"twitter:label1\" content=\"Escrito por\" \/>\n\t<meta name=\"twitter:data1\" content=\"Gessika Julia Carvalho\" \/>\n\t<meta name=\"twitter:label2\" content=\"Est. tempo de leitura\" \/>\n\t<meta name=\"twitter:data2\" content=\"6 minutos\" \/>\n<!-- \/ Yoast SEO plugin. -->","yoast_head_json":{"title":"Dormir mais no fim de semana resolve o cansa\u00e7o acumulado? - Tua Sa\u00fade","description":"Dormir mais no fim de semana pode aliviar o cansa\u00e7o acumulado, mas n\u00e3o elimina a d\u00edvida de sono. Entenda os limites dessa compensa\u00e7\u00e3o e o efeito na rotina.","robots":{"index":"index","follow":"follow","max-snippet":"max-snippet:-1","max-image-preview":"max-image-preview:large","max-video-preview":"max-video-preview:-1"},"canonical":"https:\/\/www.tuasaude.com\/news\/2026\/09\/06\/dormir-mais-no-fim-de-semana-resolve-o-cansaco-acumulado\/","og_locale":"pt_BR","og_type":"article","og_title":"Dormir mais no fim de semana resolve o cansa\u00e7o acumulado? - Tua Sa\u00fade","og_description":"Dormir mais no fim de semana pode aliviar o cansa\u00e7o acumulado, mas n\u00e3o elimina a d\u00edvida de sono. Entenda os limites dessa compensa\u00e7\u00e3o e o efeito na rotina.","og_url":"https:\/\/www.tuasaude.com\/news\/2026\/09\/06\/dormir-mais-no-fim-de-semana-resolve-o-cansaco-acumulado\/","og_site_name":"Tua Sa\u00fade","article_published_time":"2026-09-06T11:20:00+00:00","og_image":[{"width":1280,"height":714,"url":"https:\/\/www.tuasaude.com\/news\/wp-content\/uploads\/2026\/09\/Man_waking_up_and_sleeping_202609060023.jpg","type":"image\/jpeg"}],"author":"Gessika Julia Carvalho","twitter_card":"summary_large_image","twitter_misc":{"Escrito por":"Gessika Julia Carvalho","Est. tempo de leitura":"6 minutos"},"schema":{"@context":"https:\/\/schema.org","@graph":[{"@type":"Article","@id":"https:\/\/www.tuasaude.com\/news\/2026\/09\/06\/dormir-mais-no-fim-de-semana-resolve-o-cansaco-acumulado\/#article","isPartOf":{"@id":"https:\/\/www.tuasaude.com\/news\/2026\/09\/06\/dormir-mais-no-fim-de-semana-resolve-o-cansaco-acumulado\/"},"author":{"name":"Gessika Julia Carvalho","@id":"https:\/\/www.tuasaude.com\/news\/#\/schema\/person\/2e9df841be69ec84f5d20ddb8d273ac2"},"headline":"Dormir mais no fim de semana resolve o cansa\u00e7o acumulado?","datePublished":"2026-09-06T11:20:00+00:00","mainEntityOfPage":{"@id":"https:\/\/www.tuasaude.com\/news\/2026\/09\/06\/dormir-mais-no-fim-de-semana-resolve-o-cansaco-acumulado\/"},"wordCount":957,"commentCount":0,"image":{"@id":"https:\/\/www.tuasaude.com\/news\/2026\/09\/06\/dormir-mais-no-fim-de-semana-resolve-o-cansaco-acumulado\/#primaryimage"},"thumbnailUrl":"https:\/\/www.tuasaude.com\/news\/wp-content\/uploads\/2026\/09\/Man_waking_up_and_sleeping_202609060023.jpg","keywords":["bem-estar","sa\u00fade","sa\u00fade do sono","sono"],"articleSection":["Sa\u00fade"],"inLanguage":"pt-BR","potentialAction":[{"@type":"CommentAction","name":"Comment","target":["https:\/\/www.tuasaude.com\/news\/2026\/09\/06\/dormir-mais-no-fim-de-semana-resolve-o-cansaco-acumulado\/#respond"]}]},{"@type":"WebPage","@id":"https:\/\/www.tuasaude.com\/news\/2026\/09\/06\/dormir-mais-no-fim-de-semana-resolve-o-cansaco-acumulado\/","url":"https:\/\/www.tuasaude.com\/news\/2026\/09\/06\/dormir-mais-no-fim-de-semana-resolve-o-cansaco-acumulado\/","name":"Dormir mais no fim de semana resolve o cansa\u00e7o acumulado? - Tua Sa\u00fade","isPartOf":{"@id":"https:\/\/www.tuasaude.com\/news\/#website"},"primaryImageOfPage":{"@id":"https:\/\/www.tuasaude.com\/news\/2026\/09\/06\/dormir-mais-no-fim-de-semana-resolve-o-cansaco-acumulado\/#primaryimage"},"image":{"@id":"https:\/\/www.tuasaude.com\/news\/2026\/09\/06\/dormir-mais-no-fim-de-semana-resolve-o-cansaco-acumulado\/#primaryimage"},"thumbnailUrl":"https:\/\/www.tuasaude.com\/news\/wp-content\/uploads\/2026\/09\/Man_waking_up_and_sleeping_202609060023.jpg","datePublished":"2026-09-06T11:20:00+00:00","author":{"@id":"https:\/\/www.tuasaude.com\/news\/#\/schema\/person\/2e9df841be69ec84f5d20ddb8d273ac2"},"description":"Dormir mais no fim de semana pode aliviar o cansa\u00e7o acumulado, mas n\u00e3o elimina a d\u00edvida de sono. Entenda os limites dessa compensa\u00e7\u00e3o e o efeito na rotina.","breadcrumb":{"@id":"https:\/\/www.tuasaude.com\/news\/2026\/09\/06\/dormir-mais-no-fim-de-semana-resolve-o-cansaco-acumulado\/#breadcrumb"},"inLanguage":"pt-BR","potentialAction":[{"@type":"ReadAction","target":["https:\/\/www.tuasaude.com\/news\/2026\/09\/06\/dormir-mais-no-fim-de-semana-resolve-o-cansaco-acumulado\/"]}]},{"@type":"ImageObject","inLanguage":"pt-BR","@id":"https:\/\/www.tuasaude.com\/news\/2026\/09\/06\/dormir-mais-no-fim-de-semana-resolve-o-cansaco-acumulado\/#primaryimage","url":"https:\/\/www.tuasaude.com\/news\/wp-content\/uploads\/2026\/09\/Man_waking_up_and_sleeping_202609060023.jpg","contentUrl":"https:\/\/www.tuasaude.com\/news\/wp-content\/uploads\/2026\/09\/Man_waking_up_and_sleeping_202609060023.jpg","width":1280,"height":714,"caption":"Dormir mais no fim de semana resolve o cansa\u00e7o acumulado?"},{"@type":"BreadcrumbList","@id":"https:\/\/www.tuasaude.com\/news\/2026\/09\/06\/dormir-mais-no-fim-de-semana-resolve-o-cansaco-acumulado\/#breadcrumb","itemListElement":[{"@type":"ListItem","position":1,"name":"In\u00edcio","item":"https:\/\/www.tuasaude.com\/news\/"},{"@type":"ListItem","position":2,"name":"Dormir mais no fim de semana resolve o cansa\u00e7o acumulado?"}]},{"@type":"WebSite","@id":"https:\/\/www.tuasaude.com\/news\/#website","url":"https:\/\/www.tuasaude.com\/news\/","name":"Tua Sa\u00fade","description":"Seu site de sa\u00fade","potentialAction":[{"@type":"SearchAction","target":{"@type":"EntryPoint","urlTemplate":"https:\/\/www.tuasaude.com\/news\/?s={search_term_string}"},"query-input":{"@type":"PropertyValueSpecification","valueRequired":true,"valueName":"search_term_string"}}],"inLanguage":"pt-BR"},{"@type":"Person","@id":"https:\/\/www.tuasaude.com\/news\/#\/schema\/person\/2e9df841be69ec84f5d20ddb8d273ac2","name":"Gessika Julia Carvalho","image":{"@type":"ImageObject","inLanguage":"pt-BR","@id":"https:\/\/www.tuasaude.com\/news\/#\/schema\/person\/image\/","url":"https:\/\/secure.gravatar.com\/avatar\/0fcc8769024577fd0bc6a8b766055690f76a8e8f29dfb2a2f89cf04db8d0f2d2?s=96&d=mm&r=g","contentUrl":"https:\/\/secure.gravatar.com\/avatar\/0fcc8769024577fd0bc6a8b766055690f76a8e8f29dfb2a2f89cf04db8d0f2d2?s=96&d=mm&r=g","caption":"Gessika Julia Carvalho"},"sameAs":["https:\/\/www.tuasaude.com\/news\/"],"url":"https:\/\/www.tuasaude.com\/news\/author\/gessika-julia\/"}]}},"_links":{"self":[{"href":"https:\/\/www.tuasaude.com\/news\/wp-json\/wp\/v2\/posts\/109305","targetHints":{"allow":["GET"]}}],"collection":[{"href":"https:\/\/www.tuasaude.com\/news\/wp-json\/wp\/v2\/posts"}],"about":[{"href":"https:\/\/www.tuasaude.com\/news\/wp-json\/wp\/v2\/types\/post"}],"author":[{"embeddable":true,"href":"https:\/\/www.tuasaude.com\/news\/wp-json\/wp\/v2\/users\/11"}],"replies":[{"embeddable":true,"href":"https:\/\/www.tuasaude.com\/news\/wp-json\/wp\/v2\/comments?post=109305"}],"version-history":[{"count":1,"href":"https:\/\/www.tuasaude.com\/news\/wp-json\/wp\/v2\/posts\/109305\/revisions"}],"predecessor-version":[{"id":109313,"href":"https:\/\/www.tuasaude.com\/news\/wp-json\/wp\/v2\/posts\/109305\/revisions\/109313"}],"wp:featuredmedia":[{"embeddable":true,"href":"https:\/\/www.tuasaude.com\/news\/wp-json\/wp\/v2\/media\/109310"}],"wp:attachment":[{"href":"https:\/\/www.tuasaude.com\/news\/wp-json\/wp\/v2\/media?parent=109305"}],"wp:term":[{"taxonomy":"category","embeddable":true,"href":"https:\/\/www.tuasaude.com\/news\/wp-json\/wp\/v2\/categories?post=109305"},{"taxonomy":"post_tag","embeddable":true,"href":"https:\/\/www.tuasaude.com\/news\/wp-json\/wp\/v2\/tags?post=109305"}],"curies":[{"name":"wp","href":"https:\/\/api.w.org\/{rel}","templated":true}]}}