{"id":109273,"date":"2026-09-06T01:20:00","date_gmt":"2026-09-06T04:20:00","guid":{"rendered":"https:\/\/www.tuasaude.com\/news\/?p=109273"},"modified":"2026-09-05T23:46:54","modified_gmt":"2026-09-06T02:46:54","slug":"cpap-para-apneia-precisa-ser-usado-mesmo-quando-o-ronco-melhora","status":"publish","type":"post","link":"https:\/\/www.tuasaude.com\/news\/2026\/09\/06\/cpap-para-apneia-precisa-ser-usado-mesmo-quando-o-ronco-melhora\/","title":{"rendered":"CPAP para apneia precisa ser usado mesmo quando o ronco melhora?"},"content":{"rendered":"\n<p class=\"wp-block-paragraph\">Sim, o CPAP precisa continuar sendo usado mesmo quando o ronco desaparece, porque a melhora do sintoma n\u00e3o significa que a apneia foi curada. O aparelho age enquanto est\u00e1 ligado, mantendo as vias a\u00e9reas abertas durante o sono, mas assim que o uso \u00e9 interrompido, os epis\u00f3dios de obstru\u00e7\u00e3o respirat\u00f3ria voltam a acontecer. Entender essa din\u00e2mica \u00e9 essencial para preservar os benef\u00edcios do tratamento e evitar complica\u00e7\u00f5es cardiovasculares graves associadas \u00e0 apneia obstrutiva n\u00e3o controlada.<\/p>\n\n\n\n<h2 class=\"wp-block-heading\">Para que serve o CPAP no tratamento da apneia?<\/h2>\n\n\n\n<p class=\"wp-block-paragraph\">O CPAP \u00e9 um aparelho que fornece um fluxo cont\u00ednuo de ar sob press\u00e3o positiva atrav\u00e9s de uma m\u00e1scara, impedindo o colapso das vias a\u00e9reas superiores durante o sono. Essa press\u00e3o mec\u00e2nica mant\u00e9m a passagem de ar aberta e garante a oxigena\u00e7\u00e3o adequada ao longo da noite.<\/p>\n\n\n\n<p class=\"wp-block-paragraph\">A finalidade principal do tratamento \u00e9 evitar as pausas respirat\u00f3rias e os microdespertares que fragmentam o sono, restabelecendo o descanso reparador. Voc\u00ea pode conhecer mais sobre o funcionamento do <a href=\"https:\/\/www.tuasaude.com\/cpap-nasal\/\" target=\"_blank\" rel=\"noreferrer noopener\">CPAP nasal<\/a> em conte\u00fados especializados sobre dist\u00farbios do sono.<\/p>\n\n\n\n<h2 class=\"wp-block-heading\">Por que a melhora do ronco n\u00e3o significa cura?<\/h2>\n\n\n\n<p class=\"wp-block-paragraph\">O ronco \u00e9 apenas um dos sintomas da apneia obstrutiva, e sua aus\u00eancia durante o uso do CPAP reflete o efeito imediato do aparelho, n\u00e3o uma resolu\u00e7\u00e3o da condi\u00e7\u00e3o. As causas anat\u00f4micas e funcionais que levam ao colapso das vias a\u00e9reas continuam presentes, mesmo quando o paciente se sente melhor.<\/p>\n\n\n\n<p class=\"wp-block-paragraph\">Assim que o CPAP \u00e9 desligado, o relaxamento muscular natural do sono volta a provocar o fechamento das vias a\u00e9reas, retomando as pausas respirat\u00f3rias e a queda de oxigena\u00e7\u00e3o. A apneia \u00e9 uma condi\u00e7\u00e3o cr\u00f4nica que exige manejo cont\u00ednuo, semelhante ao controle da hipertens\u00e3o ou do diabetes.<\/p>\n\n\n<div class=\"wp-block-image\">\n<figure class=\"aligncenter size-large\"><img decoding=\"async\" width=\"1024\" height=\"571\" src=\"https:\/\/www.tuasaude.com\/news\/wp-content\/uploads\/2026\/09\/CPAP_treatment_infographic_for_a\u2026_202609052345-1024x571.jpg\" alt=\"Press\u00e3o cont\u00ednua, via a\u00e9rea aberta e ades\u00e3o regular sustentam o controle da apneia.\" class=\"wp-image-109279\" srcset=\"https:\/\/www.tuasaude.com\/news\/wp-content\/uploads\/2026\/09\/CPAP_treatment_infographic_for_a\u2026_202609052345-1024x571.jpg 1024w, https:\/\/www.tuasaude.com\/news\/wp-content\/uploads\/2026\/09\/CPAP_treatment_infographic_for_a\u2026_202609052345-300x167.jpg 300w, https:\/\/www.tuasaude.com\/news\/wp-content\/uploads\/2026\/09\/CPAP_treatment_infographic_for_a\u2026_202609052345-768x428.jpg 768w, https:\/\/www.tuasaude.com\/news\/wp-content\/uploads\/2026\/09\/CPAP_treatment_infographic_for_a\u2026_202609052345-750x418.jpg 750w, https:\/\/www.tuasaude.com\/news\/wp-content\/uploads\/2026\/09\/CPAP_treatment_infographic_for_a\u2026_202609052345-1140x636.jpg 1140w, https:\/\/www.tuasaude.com\/news\/wp-content\/uploads\/2026\/09\/CPAP_treatment_infographic_for_a\u2026_202609052345.jpg 1280w\" sizes=\"(max-width: 1024px) 100vw, 1024px\" \/><figcaption class=\"wp-element-caption\">Press\u00e3o cont\u00ednua, via a\u00e9rea aberta e ades\u00e3o regular sustentam o controle da apneia.<\/figcaption><\/figure>\n<\/div>\n\n\n<h2 class=\"wp-block-heading\">Como estudo cient\u00edfico confirma a necessidade do uso cont\u00ednuo?<\/h2>\n\n\n\n<p class=\"wp-block-paragraph\">A import\u00e2ncia da ades\u00e3o prolongada ao CPAP vem sendo amplamente investigada na literatura m\u00e9dica, com resultados que orientam a conduta de pneumologistas e especialistas em medicina do sono. Um estudo recente avaliou padr\u00f5es de uso do aparelho em pacientes acompanhados por longos per\u00edodos, oferecendo dados relevantes sobre os desafios da ades\u00e3o terap\u00eautica.<\/p>\n\n\n\n<p class=\"wp-block-paragraph\">Segundo o estudo <a href=\"https:\/\/pubmed.ncbi.nlm.nih.gov\/37658304\/\" target=\"_blank\" rel=\"noreferrer noopener\">Long term adherence to continuous positive Airway pressure in mild obstructive sleep apnea<\/a>, publicado no peri\u00f3dico BMC Pulmonary Medicine, uma parcela significativa dos pacientes com apneia obstrutiva n\u00e3o tolera bem o CPAP no longo prazo, e a ades\u00e3o sustentada pode ser t\u00e3o baixa quanto 30%, o que refor\u00e7a a necessidade de acompanhamento m\u00e9dico regular para garantir a efic\u00e1cia cont\u00ednua do tratamento.<\/p>\n\n\n\n<h2 class=\"wp-block-heading\">Quais s\u00e3o as principais dificuldades de adapta\u00e7\u00e3o?<\/h2>\n\n\n\n<p class=\"wp-block-paragraph\">A adapta\u00e7\u00e3o ao CPAP costuma ser gradual e nem sempre acontece de forma imediata. Muitos pacientes relatam desconforto nas primeiras semanas, o que pode desmotivar a continuidade do uso se n\u00e3o houver acompanhamento adequado com o m\u00e9dico respons\u00e1vel pelo tratamento.<\/p>\n\n\n\n<p class=\"wp-block-paragraph\">As dificuldades mais frequentemente relatadas na fase inicial incluem:<\/p>\n\n\n\n<ul class=\"wp-block-list\">\n<li><strong>Desconforto com a m\u00e1scara<\/strong> sensa\u00e7\u00e3o de press\u00e3o no rosto, marcas na pele e vazamentos de ar durante a noite<\/li>\n\n\n\n<li><strong>Ressecamento nasal e da garganta<\/strong> geralmente aliviado com o uso do umidificador acoplado ao aparelho<\/li>\n\n\n\n<li><strong>Sensa\u00e7\u00e3o claustrof\u00f3bica<\/strong> especialmente em m\u00e1scaras oronasais, que cobrem nariz e boca<\/li>\n\n\n\n<li><strong>Ru\u00eddo do aparelho<\/strong> embora modelos mais recentes sejam bem silenciosos<\/li>\n\n\n\n<li><strong>Dificuldade para adormecer<\/strong> nas primeiras noites, at\u00e9 o corpo se acostumar com o fluxo de ar cont\u00ednuo<\/li>\n\n\n\n<li><strong>Irrita\u00e7\u00e3o nos olhos<\/strong> quando h\u00e1 vazamento pr\u00f3ximo \u00e0 regi\u00e3o ocular<\/li>\n<\/ul>\n\n\n<div class=\"wp-block-image\">\n<figure class=\"aligncenter size-large\"><img decoding=\"async\" width=\"1024\" height=\"571\" src=\"https:\/\/www.tuasaude.com\/news\/wp-content\/uploads\/2026\/09\/Woman_adjusting_CPAP_mask_202609052345-1024x571.jpg\" alt=\"A melhora do ronco reflete o efeito do CPAP, n\u00e3o necessariamente a cura.\" class=\"wp-image-109280\" srcset=\"https:\/\/www.tuasaude.com\/news\/wp-content\/uploads\/2026\/09\/Woman_adjusting_CPAP_mask_202609052345-1024x571.jpg 1024w, https:\/\/www.tuasaude.com\/news\/wp-content\/uploads\/2026\/09\/Woman_adjusting_CPAP_mask_202609052345-300x167.jpg 300w, https:\/\/www.tuasaude.com\/news\/wp-content\/uploads\/2026\/09\/Woman_adjusting_CPAP_mask_202609052345-768x428.jpg 768w, https:\/\/www.tuasaude.com\/news\/wp-content\/uploads\/2026\/09\/Woman_adjusting_CPAP_mask_202609052345-750x418.jpg 750w, https:\/\/www.tuasaude.com\/news\/wp-content\/uploads\/2026\/09\/Woman_adjusting_CPAP_mask_202609052345-1140x636.jpg 1140w, https:\/\/www.tuasaude.com\/news\/wp-content\/uploads\/2026\/09\/Woman_adjusting_CPAP_mask_202609052345.jpg 1280w\" sizes=\"(max-width: 1024px) 100vw, 1024px\" \/><figcaption class=\"wp-element-caption\">A melhora do ronco reflete o efeito do CPAP, n\u00e3o necessariamente a cura.<\/figcaption><\/figure>\n<\/div>\n\n\n<h2 class=\"wp-block-heading\">Como deve ser o acompanhamento do tratamento?<\/h2>\n\n\n\n<p class=\"wp-block-paragraph\">O acompanhamento m\u00e9dico regular \u00e9 fundamental para ajustar par\u00e2metros do aparelho, avaliar a efic\u00e1cia terap\u00eautica e manejar eventuais desconfortos. A press\u00e3o inicial pode precisar de calibra\u00e7\u00e3o ao longo do tempo, especialmente diante de mudan\u00e7as de peso, envelhecimento ou surgimento de outras condi\u00e7\u00f5es cl\u00ednicas.<\/p>\n\n\n\n<p class=\"wp-block-paragraph\">As etapas essenciais do acompanhamento envolvem:<\/p>\n\n\n\n<ol class=\"wp-block-list\">\n<li><strong>Consultas peri\u00f3dicas com especialista<\/strong> geralmente pneumologista ou m\u00e9dico do sono, para reavalia\u00e7\u00e3o cl\u00ednica<\/li>\n\n\n\n<li><strong>An\u00e1lise dos dados do aparelho<\/strong> a maioria dos CPAPs registra horas de uso e eventos respirat\u00f3rios residuais<\/li>\n\n\n\n<li><strong>Repeti\u00e7\u00e3o da <a href=\"https:\/\/www.tuasaude.com\/polissonografia\/\" target=\"_blank\" rel=\"noreferrer noopener\">polissonografia<\/a><\/strong> quando h\u00e1 suspeita de mudan\u00e7a na gravidade do quadro<\/li>\n\n\n\n<li><strong>Ajuste da m\u00e1scara<\/strong> troca de modelo ou tamanho para melhorar conforto e veda\u00e7\u00e3o<\/li>\n\n\n\n<li><strong>Higieniza\u00e7\u00e3o adequada<\/strong> limpeza semanal da m\u00e1scara, mangueira e umidificador para evitar infec\u00e7\u00f5es<\/li>\n\n\n\n<li><strong>Manejo de comorbidades<\/strong> controle de peso, tratamento de refluxo e rinite podem potencializar os resultados<\/li>\n<\/ol>\n\n\n\n<p class=\"wp-block-paragraph\">Medidas complementares, como <a href=\"https:\/\/www.tuasaude.com\/solucao-natural-para-apneia\/\" target=\"_blank\" rel=\"noreferrer noopener\">formas naturais para combater apneia do sono<\/a>, podem ser incorporadas \u00e0 rotina, mas nunca substituem o uso do CPAP prescrito. A decis\u00e3o de interromper ou modificar o tratamento cabe exclusivamente ao m\u00e9dico respons\u00e1vel, com base em exames atualizados e avalia\u00e7\u00e3o cl\u00ednica completa.<\/p>\n\n\n\n<p class=\"wp-block-paragraph\"><em>Este conte\u00fado tem car\u00e1ter apenas informativo e n\u00e3o substitui a avalia\u00e7\u00e3o, o diagn\u00f3stico ou o tratamento realizados por um profissional de sa\u00fade qualificado. Diante de d\u00favidas sobre o uso do CPAP ou dificuldades de adapta\u00e7\u00e3o, procure orienta\u00e7\u00e3o m\u00e9dica antes de tomar qualquer decis\u00e3o sobre o tratamento.<\/em><\/p>\n","protected":false},"excerpt":{"rendered":"<p>Sim, o CPAP precisa continuar sendo usado mesmo quando o ronco desaparece, porque a melhora do sintoma n\u00e3o significa que a apneia foi curada. O aparelho age enquanto est\u00e1 ligado, mantendo as vias a\u00e9reas abertas durante o sono, mas assim que o uso \u00e9 interrompido, os epis\u00f3dios de obstru\u00e7\u00e3o respirat\u00f3ria voltam a acontecer. Entender essa [&hellip;]<\/p>\n","protected":false},"author":11,"featured_media":109278,"comment_status":"open","ping_status":"open","sticky":false,"template":"","format":"standard","meta":{"_yoast_wpseo_focuskw":"ronco","_yoast_wpseo_title":"","_yoast_wpseo_metadesc":"O CPAP para apneia pode acabar com o ronco, mas isso n\u00e3o significa cura. Entenda por que interromper o aparelho pode fazer as pausas respirat\u00f3rias voltarem.","jnews-multi-image_gallery":[],"jnews_single_post":{"format":"standard"},"jnews_primary_category":[],"jnews_social_meta":[],"jnews_override_counter":[],"footnotes":""},"categories":[111],"tags":[4126,2245,136,116],"class_list":["post-109273","post","type-post","status-publish","format-standard","has-post-thumbnail","hentry","category-saude","tag-cpap","tag-ronco","tag-saude","tag-sono"],"yoast_head":"<!-- This site is optimized with the Yoast SEO plugin v26.7 - https:\/\/yoast.com\/wordpress\/plugins\/seo\/ -->\n<title>CPAP para apneia precisa ser usado mesmo quando o ronco melhora? - Tua Sa\u00fade<\/title>\n<meta name=\"description\" content=\"O CPAP para apneia pode acabar com o ronco, mas isso n\u00e3o significa cura. Entenda por que interromper o aparelho pode fazer as pausas respirat\u00f3rias voltarem.\" \/>\n<meta name=\"robots\" content=\"index, follow, max-snippet:-1, max-image-preview:large, max-video-preview:-1\" \/>\n<link rel=\"canonical\" href=\"https:\/\/www.tuasaude.com\/news\/2026\/09\/06\/cpap-para-apneia-precisa-ser-usado-mesmo-quando-o-ronco-melhora\/\" \/>\n<meta property=\"og:locale\" content=\"pt_BR\" \/>\n<meta property=\"og:type\" content=\"article\" \/>\n<meta property=\"og:title\" content=\"CPAP para apneia precisa ser usado mesmo quando o ronco melhora? - Tua Sa\u00fade\" \/>\n<meta property=\"og:description\" content=\"O CPAP para apneia pode acabar com o ronco, mas isso n\u00e3o significa cura. Entenda por que interromper o aparelho pode fazer as pausas respirat\u00f3rias voltarem.\" \/>\n<meta property=\"og:url\" content=\"https:\/\/www.tuasaude.com\/news\/2026\/09\/06\/cpap-para-apneia-precisa-ser-usado-mesmo-quando-o-ronco-melhora\/\" \/>\n<meta property=\"og:site_name\" content=\"Tua Sa\u00fade\" \/>\n<meta property=\"article:published_time\" content=\"2026-09-06T04:20:00+00:00\" \/>\n<meta property=\"og:image\" content=\"https:\/\/www.tuasaude.com\/news\/wp-content\/uploads\/2026\/09\/Man_sleeping_with_CPAP_mask_202609052345.jpg\" \/>\n\t<meta property=\"og:image:width\" content=\"1280\" \/>\n\t<meta property=\"og:image:height\" content=\"714\" \/>\n\t<meta property=\"og:image:type\" content=\"image\/jpeg\" \/>\n<meta name=\"author\" content=\"Gessika Julia Carvalho\" \/>\n<meta name=\"twitter:card\" content=\"summary_large_image\" \/>\n<meta name=\"twitter:label1\" content=\"Escrito por\" \/>\n\t<meta name=\"twitter:data1\" content=\"Gessika Julia Carvalho\" \/>\n\t<meta name=\"twitter:label2\" content=\"Est. tempo de leitura\" \/>\n\t<meta name=\"twitter:data2\" content=\"5 minutos\" \/>\n<!-- \/ Yoast SEO plugin. -->","yoast_head_json":{"title":"CPAP para apneia precisa ser usado mesmo quando o ronco melhora? - Tua Sa\u00fade","description":"O CPAP para apneia pode acabar com o ronco, mas isso n\u00e3o significa cura. Entenda por que interromper o aparelho pode fazer as pausas respirat\u00f3rias voltarem.","robots":{"index":"index","follow":"follow","max-snippet":"max-snippet:-1","max-image-preview":"max-image-preview:large","max-video-preview":"max-video-preview:-1"},"canonical":"https:\/\/www.tuasaude.com\/news\/2026\/09\/06\/cpap-para-apneia-precisa-ser-usado-mesmo-quando-o-ronco-melhora\/","og_locale":"pt_BR","og_type":"article","og_title":"CPAP para apneia precisa ser usado mesmo quando o ronco melhora? - Tua Sa\u00fade","og_description":"O CPAP para apneia pode acabar com o ronco, mas isso n\u00e3o significa cura. Entenda por que interromper o aparelho pode fazer as pausas respirat\u00f3rias voltarem.","og_url":"https:\/\/www.tuasaude.com\/news\/2026\/09\/06\/cpap-para-apneia-precisa-ser-usado-mesmo-quando-o-ronco-melhora\/","og_site_name":"Tua Sa\u00fade","article_published_time":"2026-09-06T04:20:00+00:00","og_image":[{"width":1280,"height":714,"url":"https:\/\/www.tuasaude.com\/news\/wp-content\/uploads\/2026\/09\/Man_sleeping_with_CPAP_mask_202609052345.jpg","type":"image\/jpeg"}],"author":"Gessika Julia Carvalho","twitter_card":"summary_large_image","twitter_misc":{"Escrito por":"Gessika Julia Carvalho","Est. tempo de leitura":"5 minutos"},"schema":{"@context":"https:\/\/schema.org","@graph":[{"@type":"Article","@id":"https:\/\/www.tuasaude.com\/news\/2026\/09\/06\/cpap-para-apneia-precisa-ser-usado-mesmo-quando-o-ronco-melhora\/#article","isPartOf":{"@id":"https:\/\/www.tuasaude.com\/news\/2026\/09\/06\/cpap-para-apneia-precisa-ser-usado-mesmo-quando-o-ronco-melhora\/"},"author":{"name":"Gessika Julia Carvalho","@id":"https:\/\/www.tuasaude.com\/news\/#\/schema\/person\/2e9df841be69ec84f5d20ddb8d273ac2"},"headline":"CPAP para apneia precisa ser usado mesmo quando o ronco melhora?","datePublished":"2026-09-06T04:20:00+00:00","mainEntityOfPage":{"@id":"https:\/\/www.tuasaude.com\/news\/2026\/09\/06\/cpap-para-apneia-precisa-ser-usado-mesmo-quando-o-ronco-melhora\/"},"wordCount":904,"commentCount":0,"image":{"@id":"https:\/\/www.tuasaude.com\/news\/2026\/09\/06\/cpap-para-apneia-precisa-ser-usado-mesmo-quando-o-ronco-melhora\/#primaryimage"},"thumbnailUrl":"https:\/\/www.tuasaude.com\/news\/wp-content\/uploads\/2026\/09\/Man_sleeping_with_CPAP_mask_202609052345.jpg","keywords":["CPAP","ronco","sa\u00fade","sono"],"articleSection":["Sa\u00fade"],"inLanguage":"pt-BR","potentialAction":[{"@type":"CommentAction","name":"Comment","target":["https:\/\/www.tuasaude.com\/news\/2026\/09\/06\/cpap-para-apneia-precisa-ser-usado-mesmo-quando-o-ronco-melhora\/#respond"]}]},{"@type":"WebPage","@id":"https:\/\/www.tuasaude.com\/news\/2026\/09\/06\/cpap-para-apneia-precisa-ser-usado-mesmo-quando-o-ronco-melhora\/","url":"https:\/\/www.tuasaude.com\/news\/2026\/09\/06\/cpap-para-apneia-precisa-ser-usado-mesmo-quando-o-ronco-melhora\/","name":"CPAP para apneia precisa ser usado mesmo quando o ronco melhora? - Tua Sa\u00fade","isPartOf":{"@id":"https:\/\/www.tuasaude.com\/news\/#website"},"primaryImageOfPage":{"@id":"https:\/\/www.tuasaude.com\/news\/2026\/09\/06\/cpap-para-apneia-precisa-ser-usado-mesmo-quando-o-ronco-melhora\/#primaryimage"},"image":{"@id":"https:\/\/www.tuasaude.com\/news\/2026\/09\/06\/cpap-para-apneia-precisa-ser-usado-mesmo-quando-o-ronco-melhora\/#primaryimage"},"thumbnailUrl":"https:\/\/www.tuasaude.com\/news\/wp-content\/uploads\/2026\/09\/Man_sleeping_with_CPAP_mask_202609052345.jpg","datePublished":"2026-09-06T04:20:00+00:00","author":{"@id":"https:\/\/www.tuasaude.com\/news\/#\/schema\/person\/2e9df841be69ec84f5d20ddb8d273ac2"},"description":"O CPAP para apneia pode acabar com o ronco, mas isso n\u00e3o significa cura. Entenda por que interromper o aparelho pode fazer as pausas respirat\u00f3rias voltarem.","breadcrumb":{"@id":"https:\/\/www.tuasaude.com\/news\/2026\/09\/06\/cpap-para-apneia-precisa-ser-usado-mesmo-quando-o-ronco-melhora\/#breadcrumb"},"inLanguage":"pt-BR","potentialAction":[{"@type":"ReadAction","target":["https:\/\/www.tuasaude.com\/news\/2026\/09\/06\/cpap-para-apneia-precisa-ser-usado-mesmo-quando-o-ronco-melhora\/"]}]},{"@type":"ImageObject","inLanguage":"pt-BR","@id":"https:\/\/www.tuasaude.com\/news\/2026\/09\/06\/cpap-para-apneia-precisa-ser-usado-mesmo-quando-o-ronco-melhora\/#primaryimage","url":"https:\/\/www.tuasaude.com\/news\/wp-content\/uploads\/2026\/09\/Man_sleeping_with_CPAP_mask_202609052345.jpg","contentUrl":"https:\/\/www.tuasaude.com\/news\/wp-content\/uploads\/2026\/09\/Man_sleeping_with_CPAP_mask_202609052345.jpg","width":1280,"height":714,"caption":"CPAP para apneia precisa ser usado mesmo quando o ronco melhora?"},{"@type":"BreadcrumbList","@id":"https:\/\/www.tuasaude.com\/news\/2026\/09\/06\/cpap-para-apneia-precisa-ser-usado-mesmo-quando-o-ronco-melhora\/#breadcrumb","itemListElement":[{"@type":"ListItem","position":1,"name":"In\u00edcio","item":"https:\/\/www.tuasaude.com\/news\/"},{"@type":"ListItem","position":2,"name":"CPAP para apneia precisa ser usado mesmo quando o ronco melhora?"}]},{"@type":"WebSite","@id":"https:\/\/www.tuasaude.com\/news\/#website","url":"https:\/\/www.tuasaude.com\/news\/","name":"Tua Sa\u00fade","description":"Seu site de sa\u00fade","potentialAction":[{"@type":"SearchAction","target":{"@type":"EntryPoint","urlTemplate":"https:\/\/www.tuasaude.com\/news\/?s={search_term_string}"},"query-input":{"@type":"PropertyValueSpecification","valueRequired":true,"valueName":"search_term_string"}}],"inLanguage":"pt-BR"},{"@type":"Person","@id":"https:\/\/www.tuasaude.com\/news\/#\/schema\/person\/2e9df841be69ec84f5d20ddb8d273ac2","name":"Gessika Julia Carvalho","image":{"@type":"ImageObject","inLanguage":"pt-BR","@id":"https:\/\/www.tuasaude.com\/news\/#\/schema\/person\/image\/","url":"https:\/\/secure.gravatar.com\/avatar\/0fcc8769024577fd0bc6a8b766055690f76a8e8f29dfb2a2f89cf04db8d0f2d2?s=96&d=mm&r=g","contentUrl":"https:\/\/secure.gravatar.com\/avatar\/0fcc8769024577fd0bc6a8b766055690f76a8e8f29dfb2a2f89cf04db8d0f2d2?s=96&d=mm&r=g","caption":"Gessika Julia Carvalho"},"sameAs":["https:\/\/www.tuasaude.com\/news\/"],"url":"https:\/\/www.tuasaude.com\/news\/author\/gessika-julia\/"}]}},"_links":{"self":[{"href":"https:\/\/www.tuasaude.com\/news\/wp-json\/wp\/v2\/posts\/109273","targetHints":{"allow":["GET"]}}],"collection":[{"href":"https:\/\/www.tuasaude.com\/news\/wp-json\/wp\/v2\/posts"}],"about":[{"href":"https:\/\/www.tuasaude.com\/news\/wp-json\/wp\/v2\/types\/post"}],"author":[{"embeddable":true,"href":"https:\/\/www.tuasaude.com\/news\/wp-json\/wp\/v2\/users\/11"}],"replies":[{"embeddable":true,"href":"https:\/\/www.tuasaude.com\/news\/wp-json\/wp\/v2\/comments?post=109273"}],"version-history":[{"count":1,"href":"https:\/\/www.tuasaude.com\/news\/wp-json\/wp\/v2\/posts\/109273\/revisions"}],"predecessor-version":[{"id":109281,"href":"https:\/\/www.tuasaude.com\/news\/wp-json\/wp\/v2\/posts\/109273\/revisions\/109281"}],"wp:featuredmedia":[{"embeddable":true,"href":"https:\/\/www.tuasaude.com\/news\/wp-json\/wp\/v2\/media\/109278"}],"wp:attachment":[{"href":"https:\/\/www.tuasaude.com\/news\/wp-json\/wp\/v2\/media?parent=109273"}],"wp:term":[{"taxonomy":"category","embeddable":true,"href":"https:\/\/www.tuasaude.com\/news\/wp-json\/wp\/v2\/categories?post=109273"},{"taxonomy":"post_tag","embeddable":true,"href":"https:\/\/www.tuasaude.com\/news\/wp-json\/wp\/v2\/tags?post=109273"}],"curies":[{"name":"wp","href":"https:\/\/api.w.org\/{rel}","templated":true}]}}