{"id":109272,"date":"2026-09-06T09:55:00","date_gmt":"2026-09-06T12:55:00","guid":{"rendered":"https:\/\/www.tuasaude.com\/news\/?p=109272"},"modified":"2026-09-05T23:43:49","modified_gmt":"2026-09-06T02:43:49","slug":"quantas-vezes-por-semana-e-saudavel-evacuar-para-preservar-a-saude-do-intestino-e-da-flora-em-qualquer-idade","status":"publish","type":"post","link":"https:\/\/www.tuasaude.com\/news\/2026\/09\/06\/quantas-vezes-por-semana-e-saudavel-evacuar-para-preservar-a-saude-do-intestino-e-da-flora-em-qualquer-idade\/","title":{"rendered":"Quantas vezes por semana \u00e9 saud\u00e1vel evacuar para preservar a sa\u00fade do intestino e da flora em qualquer idade"},"content":{"rendered":"\n<p class=\"wp-block-paragraph\">Evacuar entre tr\u00eas vezes por semana e tr\u00eas vezes por dia \u00e9 considerado normal e saud\u00e1vel para adultos e crian\u00e7as, segundo os crit\u00e9rios de Roma IV, refer\u00eancia internacional em gastroenterologia. N\u00e3o existe uma \u00fanica frequ\u00eancia &#8220;certa&#8221;: o que importa \u00e9 a regularidade individual, a facilidade para evacuar e a consist\u00eancia das fezes. Sair muito dessa faixa, sentir esfor\u00e7o ou evacuar fezes ressecadas com frequ\u00eancia pode indicar constipa\u00e7\u00e3o e merece aten\u00e7\u00e3o.<\/p>\n\n\n\n<h2 class=\"wp-block-heading\">Qual \u00e9 a faixa de frequ\u00eancia considerada normal?<\/h2>\n\n\n\n<p class=\"wp-block-paragraph\">A faixa de refer\u00eancia aceita pela maioria dos gastroenterologistas vai de tr\u00eas evacua\u00e7\u00f5es por semana a tr\u00eas por dia. Dentro desse intervalo, cada pessoa tem seu pr\u00f3prio ritmo, que costuma ser bastante est\u00e1vel ao longo do tempo.<\/p>\n\n\n\n<p class=\"wp-block-paragraph\">Mais importante do que a quantidade exata \u00e9 a qualidade da evacua\u00e7\u00e3o: fezes com formato de &#8220;salsicha macia&#8221;, sem esfor\u00e7o, sem dor e com sensa\u00e7\u00e3o de esvaziamento completo indicam um intestino funcionando bem, independentemente de a pessoa ir ao banheiro todos os dias ou em dias alternados.<\/p>\n\n\n\n<h2 class=\"wp-block-heading\">O que caracteriza a constipa\u00e7\u00e3o intestinal?<\/h2>\n\n\n\n<p class=\"wp-block-paragraph\">A constipa\u00e7\u00e3o, tamb\u00e9m chamada de <a href=\"https:\/\/www.tuasaude.com\/prisao-de-ventre\/\" target=\"_blank\" rel=\"noreferrer noopener\">pris\u00e3o de ventre<\/a>, n\u00e3o \u00e9 definida apenas pela baixa frequ\u00eancia das evacua\u00e7\u00f5es. Os principais sinais que caracterizam o quadro incluem:<\/p>\n\n\n\n<ul class=\"wp-block-list\">\n<li>Menos de tr\u00eas evacua\u00e7\u00f5es espont\u00e2neas por semana;<\/li>\n\n\n\n<li>Esfor\u00e7o excessivo para evacuar em mais de um quarto das vezes;<\/li>\n\n\n\n<li>Fezes duras, ressecadas ou em pequenos &#8220;c\u00edbalos&#8221; (tipo 1 ou 2 da escala de Bristol);<\/li>\n\n\n\n<li>Sensa\u00e7\u00e3o de evacua\u00e7\u00e3o incompleta;<\/li>\n\n\n\n<li>Sensa\u00e7\u00e3o de obstru\u00e7\u00e3o ou bloqueio na regi\u00e3o anal;<\/li>\n\n\n\n<li>Necessidade de manobras manuais para conseguir evacuar;<\/li>\n\n\n\n<li>Barriga inchada, gases e desconforto abdominal recorrente.<\/li>\n<\/ul>\n\n\n<div class=\"wp-block-image\">\n<figure class=\"aligncenter size-large\"><img decoding=\"async\" width=\"1024\" height=\"571\" src=\"https:\/\/www.tuasaude.com\/news\/wp-content\/uploads\/2026\/09\/Digestive_health_educational_inf\u2026_202609052342-1024x571.jpg\" alt=\"Frequ\u00eancia, consist\u00eancia e conforto ajudam a definir um ritmo intestinal considerado saud\u00e1vel.\" class=\"wp-image-109275\" srcset=\"https:\/\/www.tuasaude.com\/news\/wp-content\/uploads\/2026\/09\/Digestive_health_educational_inf\u2026_202609052342-1024x571.jpg 1024w, https:\/\/www.tuasaude.com\/news\/wp-content\/uploads\/2026\/09\/Digestive_health_educational_inf\u2026_202609052342-300x167.jpg 300w, https:\/\/www.tuasaude.com\/news\/wp-content\/uploads\/2026\/09\/Digestive_health_educational_inf\u2026_202609052342-768x428.jpg 768w, https:\/\/www.tuasaude.com\/news\/wp-content\/uploads\/2026\/09\/Digestive_health_educational_inf\u2026_202609052342-750x418.jpg 750w, https:\/\/www.tuasaude.com\/news\/wp-content\/uploads\/2026\/09\/Digestive_health_educational_inf\u2026_202609052342-1140x636.jpg 1140w, https:\/\/www.tuasaude.com\/news\/wp-content\/uploads\/2026\/09\/Digestive_health_educational_inf\u2026_202609052342.jpg 1280w\" sizes=\"(max-width: 1024px) 100vw, 1024px\" \/><figcaption class=\"wp-element-caption\">Frequ\u00eancia, consist\u00eancia e conforto ajudam a definir um ritmo intestinal considerado saud\u00e1vel.<\/figcaption><\/figure>\n<\/div>\n\n\n<h2 class=\"wp-block-heading\">Como um estudo cient\u00edfico confirma esses crit\u00e9rios?<\/h2>\n\n\n\n<p class=\"wp-block-paragraph\">A defini\u00e7\u00e3o atualmente adotada por sociedades m\u00e9dicas de gastroenterologia, incluindo a Federa\u00e7\u00e3o Brasileira de Gastroenterologia, baseia-se nos crit\u00e9rios de Roma IV. Segundo a revis\u00e3o <a href=\"https:\/\/pubmed.ncbi.nlm.nih.gov\/31893959\/\" target=\"_blank\" rel=\"noreferrer noopener\">An approach to the diagnosis and management of Rome IV functional disorders of chronic constipation<\/a>, publicada no peri\u00f3dico Expert Review of Gastroenterology and Hepatology, a constipa\u00e7\u00e3o cr\u00f4nica afeta entre 10% e 15% da popula\u00e7\u00e3o adulta.<\/p>\n\n\n\n<p class=\"wp-block-paragraph\">Os autores refor\u00e7am que o diagn\u00f3stico exige a presen\u00e7a de pelo menos dois sintomas persistentes, e n\u00e3o apenas a baixa frequ\u00eancia de evacua\u00e7\u00f5es. Essa abordagem evita r\u00f3tulos equivocados e orienta melhor as interven\u00e7\u00f5es em dieta, hidrata\u00e7\u00e3o e estilo de vida.<\/p>\n\n\n\n<h2 class=\"wp-block-heading\">Quais h\u00e1bitos ajudam a manter o intestino saud\u00e1vel em qualquer idade?<\/h2>\n\n\n\n<p class=\"wp-block-paragraph\">A sa\u00fade intestinal depende de uma combina\u00e7\u00e3o de fatores di\u00e1rios que atuam sobre o volume das fezes, o tr\u00e2nsito no c\u00f3lon e o equil\u00edbrio da microbiota. Adotar alguns cuidados simples faz diferen\u00e7a em todas as idades:<\/p>\n\n\n\n<ol class=\"wp-block-list\">\n<li>Consumir entre 25 e 30 gramas de fibras por dia, incluindo <a href=\"https:\/\/www.tuasaude.com\/alimentos-para-prisao-de-ventre\/\" target=\"_blank\" rel=\"noreferrer noopener\">alimentos ricos em fibras<\/a>, como frutas com casca, verduras, leguminosas e cereais integrais;<\/li>\n\n\n\n<li>Beber cerca de 1,5 a 2 litros de \u00e1gua por dia, para que as fibras cumpram sua fun\u00e7\u00e3o de amolecer as fezes;<\/li>\n\n\n\n<li>Praticar atividade f\u00edsica regular, mesmo que seja caminhada leve, para estimular o tr\u00e2nsito intestinal;<\/li>\n\n\n\n<li>Respeitar a vontade de ir ao banheiro, evitando adiar quando o est\u00edmulo aparece;<\/li>\n\n\n\n<li>Reservar um hor\u00e1rio calmo do dia para tentar evacuar, aproveitando o reflexo gastroc\u00f3lico ap\u00f3s as refei\u00e7\u00f5es;<\/li>\n\n\n\n<li>Reduzir o consumo excessivo de alimentos ultraprocessados, pobres em fibras;<\/li>\n\n\n\n<li>Evitar o uso indiscriminado de laxantes, que podem prejudicar o funcionamento natural do intestino.<\/li>\n<\/ol>\n\n\n<div class=\"wp-block-image\">\n<figure class=\"aligncenter size-large\"><img decoding=\"async\" width=\"1024\" height=\"571\" src=\"https:\/\/www.tuasaude.com\/news\/wp-content\/uploads\/2026\/09\/Woman_planning_breakfast_at_table_202609052342-1024x571.jpg\" alt=\"Cada pessoa pode ter um ritmo intestinal saud\u00e1vel diferente ao longo da semana.\" class=\"wp-image-109276\" srcset=\"https:\/\/www.tuasaude.com\/news\/wp-content\/uploads\/2026\/09\/Woman_planning_breakfast_at_table_202609052342-1024x571.jpg 1024w, https:\/\/www.tuasaude.com\/news\/wp-content\/uploads\/2026\/09\/Woman_planning_breakfast_at_table_202609052342-300x167.jpg 300w, https:\/\/www.tuasaude.com\/news\/wp-content\/uploads\/2026\/09\/Woman_planning_breakfast_at_table_202609052342-768x428.jpg 768w, https:\/\/www.tuasaude.com\/news\/wp-content\/uploads\/2026\/09\/Woman_planning_breakfast_at_table_202609052342-750x418.jpg 750w, https:\/\/www.tuasaude.com\/news\/wp-content\/uploads\/2026\/09\/Woman_planning_breakfast_at_table_202609052342-1140x636.jpg 1140w, https:\/\/www.tuasaude.com\/news\/wp-content\/uploads\/2026\/09\/Woman_planning_breakfast_at_table_202609052342.jpg 1280w\" sizes=\"(max-width: 1024px) 100vw, 1024px\" \/><figcaption class=\"wp-element-caption\">Cada pessoa pode ter um ritmo intestinal saud\u00e1vel diferente ao longo da semana.<\/figcaption><\/figure>\n<\/div>\n\n\n<h2 class=\"wp-block-heading\">Quando \u00e9 preciso procurar um gastroenterologista?<\/h2>\n\n\n\n<p class=\"wp-block-paragraph\">Vale procurar avalia\u00e7\u00e3o m\u00e9dica sempre que a altera\u00e7\u00e3o no ritmo intestinal for persistente, ou seja, quando os sintomas de <a href=\"https:\/\/www.tuasaude.com\/constipacao-intestinal\/\" target=\"_blank\" rel=\"noreferrer noopener\">constipa\u00e7\u00e3o intestinal<\/a> se mantiverem por mais de tr\u00eas semanas, mesmo com ajustes na alimenta\u00e7\u00e3o e nos h\u00e1bitos.<\/p>\n\n\n\n<p class=\"wp-block-paragraph\">Tamb\u00e9m merecem aten\u00e7\u00e3o imediata sinais de alerta como sangue nas fezes, fezes muito escuras, perda de peso sem explica\u00e7\u00e3o, dor abdominal intensa, mudan\u00e7a recente no formato das fezes ou hist\u00f3rico familiar de c\u00e2ncer de intestino. Nesses casos, o gastroenterologista poder\u00e1 indicar exames complementares para investigar a causa.<\/p>\n\n\n\n<p class=\"wp-block-paragraph\"><em>Este conte\u00fado tem car\u00e1ter apenas informativo e n\u00e3o substitui a avalia\u00e7\u00e3o, o diagn\u00f3stico ou o tratamento realizados por um profissional de sa\u00fade qualificado. Em caso de d\u00favidas ou sintomas persistentes, consulte sempre um m\u00e9dico.<\/em><\/p>\n","protected":false},"excerpt":{"rendered":"<p>Evacuar entre tr\u00eas vezes por semana e tr\u00eas vezes por dia \u00e9 considerado normal e saud\u00e1vel para adultos e crian\u00e7as, segundo os crit\u00e9rios de Roma IV, refer\u00eancia internacional em gastroenterologia. N\u00e3o existe uma \u00fanica frequ\u00eancia &#8220;certa&#8221;: o que importa \u00e9 a regularidade individual, a facilidade para evacuar e a consist\u00eancia das fezes. Sair muito dessa [&hellip;]<\/p>\n","protected":false},"author":11,"featured_media":109274,"comment_status":"open","ping_status":"open","sticky":false,"template":"","format":"standard","meta":{"_yoast_wpseo_focuskw":"evacuar","_yoast_wpseo_title":"","_yoast_wpseo_metadesc":"Evacuar de tr\u00eas vezes por semana a tr\u00eas vezes por dia pode ser normal. Entenda por que a frequ\u00eancia n\u00e3o \u00e9 o \u00fanico sinal de um intestino funcionando bem.","jnews-multi-image_gallery":[],"jnews_single_post":{"format":"standard"},"jnews_primary_category":[],"jnews_social_meta":[],"jnews_override_counter":[],"footnotes":""},"categories":[111],"tags":[145,2560,136,299],"class_list":["post-109272","post","type-post","status-publish","format-standard","has-post-thumbnail","hentry","category-saude","tag-bem-estar","tag-flora-intestinal","tag-saude","tag-saude-intestinal"],"yoast_head":"<!-- This site is optimized with the Yoast SEO plugin v26.7 - https:\/\/yoast.com\/wordpress\/plugins\/seo\/ -->\n<title>Quantas vezes por semana \u00e9 saud\u00e1vel evacuar para preservar a sa\u00fade do intestino e da flora em qualquer idade - Tua Sa\u00fade<\/title>\n<meta name=\"description\" content=\"Evacuar de tr\u00eas vezes por semana a tr\u00eas vezes por dia pode ser normal. Entenda por que a frequ\u00eancia n\u00e3o \u00e9 o \u00fanico sinal de um intestino funcionando bem.\" \/>\n<meta name=\"robots\" content=\"index, follow, max-snippet:-1, max-image-preview:large, max-video-preview:-1\" \/>\n<link rel=\"canonical\" href=\"https:\/\/www.tuasaude.com\/news\/2026\/09\/06\/quantas-vezes-por-semana-e-saudavel-evacuar-para-preservar-a-saude-do-intestino-e-da-flora-em-qualquer-idade\/\" \/>\n<meta property=\"og:locale\" content=\"pt_BR\" \/>\n<meta property=\"og:type\" content=\"article\" \/>\n<meta property=\"og:title\" content=\"Quantas vezes por semana \u00e9 saud\u00e1vel evacuar para preservar a sa\u00fade do intestino e da flora em qualquer idade - Tua Sa\u00fade\" \/>\n<meta property=\"og:description\" content=\"Evacuar de tr\u00eas vezes por semana a tr\u00eas vezes por dia pode ser normal. Entenda por que a frequ\u00eancia n\u00e3o \u00e9 o \u00fanico sinal de um intestino funcionando bem.\" \/>\n<meta property=\"og:url\" content=\"https:\/\/www.tuasaude.com\/news\/2026\/09\/06\/quantas-vezes-por-semana-e-saudavel-evacuar-para-preservar-a-saude-do-intestino-e-da-flora-em-qualquer-idade\/\" \/>\n<meta property=\"og:site_name\" content=\"Tua Sa\u00fade\" \/>\n<meta property=\"article:published_time\" content=\"2026-09-06T12:55:00+00:00\" \/>\n<meta property=\"og:image\" content=\"https:\/\/www.tuasaude.com\/news\/wp-content\/uploads\/2026\/09\/Man_reviewing_calendar_and_drink\u2026_202609052342.jpg\" \/>\n\t<meta property=\"og:image:width\" content=\"1280\" \/>\n\t<meta property=\"og:image:height\" content=\"714\" \/>\n\t<meta property=\"og:image:type\" content=\"image\/jpeg\" \/>\n<meta name=\"author\" content=\"Gessika Julia Carvalho\" \/>\n<meta name=\"twitter:card\" content=\"summary_large_image\" \/>\n<meta name=\"twitter:label1\" content=\"Escrito por\" \/>\n\t<meta name=\"twitter:data1\" content=\"Gessika Julia Carvalho\" \/>\n\t<meta name=\"twitter:label2\" content=\"Est. tempo de leitura\" \/>\n\t<meta name=\"twitter:data2\" content=\"5 minutos\" \/>\n<!-- \/ Yoast SEO plugin. -->","yoast_head_json":{"title":"Quantas vezes por semana \u00e9 saud\u00e1vel evacuar para preservar a sa\u00fade do intestino e da flora em qualquer idade - Tua Sa\u00fade","description":"Evacuar de tr\u00eas vezes por semana a tr\u00eas vezes por dia pode ser normal. Entenda por que a frequ\u00eancia n\u00e3o \u00e9 o \u00fanico sinal de um intestino funcionando bem.","robots":{"index":"index","follow":"follow","max-snippet":"max-snippet:-1","max-image-preview":"max-image-preview:large","max-video-preview":"max-video-preview:-1"},"canonical":"https:\/\/www.tuasaude.com\/news\/2026\/09\/06\/quantas-vezes-por-semana-e-saudavel-evacuar-para-preservar-a-saude-do-intestino-e-da-flora-em-qualquer-idade\/","og_locale":"pt_BR","og_type":"article","og_title":"Quantas vezes por semana \u00e9 saud\u00e1vel evacuar para preservar a sa\u00fade do intestino e da flora em qualquer idade - Tua Sa\u00fade","og_description":"Evacuar de tr\u00eas vezes por semana a tr\u00eas vezes por dia pode ser normal. Entenda por que a frequ\u00eancia n\u00e3o \u00e9 o \u00fanico sinal de um intestino funcionando bem.","og_url":"https:\/\/www.tuasaude.com\/news\/2026\/09\/06\/quantas-vezes-por-semana-e-saudavel-evacuar-para-preservar-a-saude-do-intestino-e-da-flora-em-qualquer-idade\/","og_site_name":"Tua Sa\u00fade","article_published_time":"2026-09-06T12:55:00+00:00","og_image":[{"width":1280,"height":714,"url":"https:\/\/www.tuasaude.com\/news\/wp-content\/uploads\/2026\/09\/Man_reviewing_calendar_and_drink\u2026_202609052342.jpg","type":"image\/jpeg"}],"author":"Gessika Julia Carvalho","twitter_card":"summary_large_image","twitter_misc":{"Escrito por":"Gessika Julia Carvalho","Est. tempo de leitura":"5 minutos"},"schema":{"@context":"https:\/\/schema.org","@graph":[{"@type":"Article","@id":"https:\/\/www.tuasaude.com\/news\/2026\/09\/06\/quantas-vezes-por-semana-e-saudavel-evacuar-para-preservar-a-saude-do-intestino-e-da-flora-em-qualquer-idade\/#article","isPartOf":{"@id":"https:\/\/www.tuasaude.com\/news\/2026\/09\/06\/quantas-vezes-por-semana-e-saudavel-evacuar-para-preservar-a-saude-do-intestino-e-da-flora-em-qualquer-idade\/"},"author":{"name":"Gessika Julia Carvalho","@id":"https:\/\/www.tuasaude.com\/news\/#\/schema\/person\/2e9df841be69ec84f5d20ddb8d273ac2"},"headline":"Quantas vezes por semana \u00e9 saud\u00e1vel evacuar para preservar a sa\u00fade do intestino e da flora em qualquer idade","datePublished":"2026-09-06T12:55:00+00:00","mainEntityOfPage":{"@id":"https:\/\/www.tuasaude.com\/news\/2026\/09\/06\/quantas-vezes-por-semana-e-saudavel-evacuar-para-preservar-a-saude-do-intestino-e-da-flora-em-qualquer-idade\/"},"wordCount":774,"commentCount":0,"image":{"@id":"https:\/\/www.tuasaude.com\/news\/2026\/09\/06\/quantas-vezes-por-semana-e-saudavel-evacuar-para-preservar-a-saude-do-intestino-e-da-flora-em-qualquer-idade\/#primaryimage"},"thumbnailUrl":"https:\/\/www.tuasaude.com\/news\/wp-content\/uploads\/2026\/09\/Man_reviewing_calendar_and_drink\u2026_202609052342.jpg","keywords":["bem-estar","flora intestinal","sa\u00fade","sa\u00fade intestinal"],"articleSection":["Sa\u00fade"],"inLanguage":"pt-BR","potentialAction":[{"@type":"CommentAction","name":"Comment","target":["https:\/\/www.tuasaude.com\/news\/2026\/09\/06\/quantas-vezes-por-semana-e-saudavel-evacuar-para-preservar-a-saude-do-intestino-e-da-flora-em-qualquer-idade\/#respond"]}]},{"@type":"WebPage","@id":"https:\/\/www.tuasaude.com\/news\/2026\/09\/06\/quantas-vezes-por-semana-e-saudavel-evacuar-para-preservar-a-saude-do-intestino-e-da-flora-em-qualquer-idade\/","url":"https:\/\/www.tuasaude.com\/news\/2026\/09\/06\/quantas-vezes-por-semana-e-saudavel-evacuar-para-preservar-a-saude-do-intestino-e-da-flora-em-qualquer-idade\/","name":"Quantas vezes por semana \u00e9 saud\u00e1vel evacuar para preservar a sa\u00fade do intestino e da flora em qualquer idade - Tua Sa\u00fade","isPartOf":{"@id":"https:\/\/www.tuasaude.com\/news\/#website"},"primaryImageOfPage":{"@id":"https:\/\/www.tuasaude.com\/news\/2026\/09\/06\/quantas-vezes-por-semana-e-saudavel-evacuar-para-preservar-a-saude-do-intestino-e-da-flora-em-qualquer-idade\/#primaryimage"},"image":{"@id":"https:\/\/www.tuasaude.com\/news\/2026\/09\/06\/quantas-vezes-por-semana-e-saudavel-evacuar-para-preservar-a-saude-do-intestino-e-da-flora-em-qualquer-idade\/#primaryimage"},"thumbnailUrl":"https:\/\/www.tuasaude.com\/news\/wp-content\/uploads\/2026\/09\/Man_reviewing_calendar_and_drink\u2026_202609052342.jpg","datePublished":"2026-09-06T12:55:00+00:00","author":{"@id":"https:\/\/www.tuasaude.com\/news\/#\/schema\/person\/2e9df841be69ec84f5d20ddb8d273ac2"},"description":"Evacuar de tr\u00eas vezes por semana a tr\u00eas vezes por dia pode ser normal. Entenda por que a frequ\u00eancia n\u00e3o \u00e9 o \u00fanico sinal de um intestino funcionando bem.","breadcrumb":{"@id":"https:\/\/www.tuasaude.com\/news\/2026\/09\/06\/quantas-vezes-por-semana-e-saudavel-evacuar-para-preservar-a-saude-do-intestino-e-da-flora-em-qualquer-idade\/#breadcrumb"},"inLanguage":"pt-BR","potentialAction":[{"@type":"ReadAction","target":["https:\/\/www.tuasaude.com\/news\/2026\/09\/06\/quantas-vezes-por-semana-e-saudavel-evacuar-para-preservar-a-saude-do-intestino-e-da-flora-em-qualquer-idade\/"]}]},{"@type":"ImageObject","inLanguage":"pt-BR","@id":"https:\/\/www.tuasaude.com\/news\/2026\/09\/06\/quantas-vezes-por-semana-e-saudavel-evacuar-para-preservar-a-saude-do-intestino-e-da-flora-em-qualquer-idade\/#primaryimage","url":"https:\/\/www.tuasaude.com\/news\/wp-content\/uploads\/2026\/09\/Man_reviewing_calendar_and_drink\u2026_202609052342.jpg","contentUrl":"https:\/\/www.tuasaude.com\/news\/wp-content\/uploads\/2026\/09\/Man_reviewing_calendar_and_drink\u2026_202609052342.jpg","width":1280,"height":714,"caption":"Quantas vezes por semana \u00e9 saud\u00e1vel evacuar para preservar a sa\u00fade do intestino e da flora em qualquer idade"},{"@type":"BreadcrumbList","@id":"https:\/\/www.tuasaude.com\/news\/2026\/09\/06\/quantas-vezes-por-semana-e-saudavel-evacuar-para-preservar-a-saude-do-intestino-e-da-flora-em-qualquer-idade\/#breadcrumb","itemListElement":[{"@type":"ListItem","position":1,"name":"In\u00edcio","item":"https:\/\/www.tuasaude.com\/news\/"},{"@type":"ListItem","position":2,"name":"Quantas vezes por semana \u00e9 saud\u00e1vel evacuar para preservar a sa\u00fade do intestino e da flora em qualquer idade"}]},{"@type":"WebSite","@id":"https:\/\/www.tuasaude.com\/news\/#website","url":"https:\/\/www.tuasaude.com\/news\/","name":"Tua Sa\u00fade","description":"Seu site de sa\u00fade","potentialAction":[{"@type":"SearchAction","target":{"@type":"EntryPoint","urlTemplate":"https:\/\/www.tuasaude.com\/news\/?s={search_term_string}"},"query-input":{"@type":"PropertyValueSpecification","valueRequired":true,"valueName":"search_term_string"}}],"inLanguage":"pt-BR"},{"@type":"Person","@id":"https:\/\/www.tuasaude.com\/news\/#\/schema\/person\/2e9df841be69ec84f5d20ddb8d273ac2","name":"Gessika Julia Carvalho","image":{"@type":"ImageObject","inLanguage":"pt-BR","@id":"https:\/\/www.tuasaude.com\/news\/#\/schema\/person\/image\/","url":"https:\/\/secure.gravatar.com\/avatar\/0fcc8769024577fd0bc6a8b766055690f76a8e8f29dfb2a2f89cf04db8d0f2d2?s=96&d=mm&r=g","contentUrl":"https:\/\/secure.gravatar.com\/avatar\/0fcc8769024577fd0bc6a8b766055690f76a8e8f29dfb2a2f89cf04db8d0f2d2?s=96&d=mm&r=g","caption":"Gessika Julia Carvalho"},"sameAs":["https:\/\/www.tuasaude.com\/news\/"],"url":"https:\/\/www.tuasaude.com\/news\/author\/gessika-julia\/"}]}},"_links":{"self":[{"href":"https:\/\/www.tuasaude.com\/news\/wp-json\/wp\/v2\/posts\/109272","targetHints":{"allow":["GET"]}}],"collection":[{"href":"https:\/\/www.tuasaude.com\/news\/wp-json\/wp\/v2\/posts"}],"about":[{"href":"https:\/\/www.tuasaude.com\/news\/wp-json\/wp\/v2\/types\/post"}],"author":[{"embeddable":true,"href":"https:\/\/www.tuasaude.com\/news\/wp-json\/wp\/v2\/users\/11"}],"replies":[{"embeddable":true,"href":"https:\/\/www.tuasaude.com\/news\/wp-json\/wp\/v2\/comments?post=109272"}],"version-history":[{"count":1,"href":"https:\/\/www.tuasaude.com\/news\/wp-json\/wp\/v2\/posts\/109272\/revisions"}],"predecessor-version":[{"id":109277,"href":"https:\/\/www.tuasaude.com\/news\/wp-json\/wp\/v2\/posts\/109272\/revisions\/109277"}],"wp:featuredmedia":[{"embeddable":true,"href":"https:\/\/www.tuasaude.com\/news\/wp-json\/wp\/v2\/media\/109274"}],"wp:attachment":[{"href":"https:\/\/www.tuasaude.com\/news\/wp-json\/wp\/v2\/media?parent=109272"}],"wp:term":[{"taxonomy":"category","embeddable":true,"href":"https:\/\/www.tuasaude.com\/news\/wp-json\/wp\/v2\/categories?post=109272"},{"taxonomy":"post_tag","embeddable":true,"href":"https:\/\/www.tuasaude.com\/news\/wp-json\/wp\/v2\/tags?post=109272"}],"curies":[{"name":"wp","href":"https:\/\/api.w.org\/{rel}","templated":true}]}}